{"id":36503,"date":"2025-02-28T07:20:41","date_gmt":"2025-02-28T06:20:41","guid":{"rendered":"https:\/\/www.markt-kom.com\/?p=231165"},"modified":"2025-02-28T07:11:55","modified_gmt":"2025-02-28T06:11:55","slug":"die-digitalisierung-ist-ein-marathon","status":"publish","type":"post","link":"https:\/\/www.organisator.ch\/it\/marketing\/2025-02-28\/die-digitalisierung-ist-ein-marathon\/","title":{"rendered":"\"La digitalizzazione \u00e8 una maratona"},"content":{"rendered":"<p><a href=\"https:\/\/www.markt-kom.com\/wp-content\/uploads\/2025\/02\/full-Mickeleit-AI-Podcast.jpg\"><img class=\"aligncenter size-full wp-image-231167\" src=\"https:\/\/www.markt-kom.com\/wp-content\/uploads\/2025\/02\/full-Mickeleit-AI-Podcast.jpg\" sizes=\"(max-width: 1200px) 100vw, 1200px\" srcset=\"https:\/\/www.markt-kom.com\/wp-content\/uploads\/2025\/02\/full-Mickeleit-AI-Podcast.jpg 1200w, https:\/\/www.markt-kom.com\/wp-content\/uploads\/2025\/02\/full-Mickeleit-AI-Podcast-600x338.jpg 600w, https:\/\/www.markt-kom.com\/wp-content\/uploads\/2025\/02\/full-Mickeleit-AI-Podcast-1024x576.jpg 1024w, https:\/\/www.markt-kom.com\/wp-content\/uploads\/2025\/02\/full-Mickeleit-AI-Podcast-768x432.jpg 768w, https:\/\/www.markt-kom.com\/wp-content\/uploads\/2025\/02\/full-Mickeleit-AI-Podcast-18x10.jpg 18w, https:\/\/www.markt-kom.com\/wp-content\/uploads\/2025\/02\/full-Mickeleit-AI-Podcast-311x175.jpg 311w, https:\/\/www.markt-kom.com\/wp-content\/uploads\/2025\/02\/full-Mickeleit-AI-Podcast-622x350.jpg 622w, https:\/\/www.markt-kom.com\/wp-content\/uploads\/2025\/02\/full-Mickeleit-AI-Podcast-1000x563.jpg 1000w\" alt=\"\" width=\"1200\" height=\"675\" \/><\/a><\/p>\r\n<p>Il consulente di comunicazione tedesco Thomas Mickeleit, gi\u00e0 direttore della comunicazione di Microsoft, ha presentato la scorsa settimana a Zurigo il \"CommTech Index Report 2025\". Lo studio si basa su un'indagine condotta tra gli operatori della comunicazione aziendale di aziende e agenzie in Germania, Austria e Svizzera.<\/p>\r\n<p>In una discussione in podcast con Christoph Soltmannowski di Text Akademie, Mickeleit spiega perch\u00e9 l'euforia che circonda la digitalizzazione e l'IA non porta automaticamente a una vera innovazione: Le distorsioni negli investimenti, le carenze di competenze e i rischi normativi - parola chiave EU AI Act - rallentano i progressi.<\/p>\r\n<p>La competenza sui dati sta diventando un fattore critico per la difesa del budget e la creativit\u00e0 degli stakeholder. I concetti di newsroom fallite richiedono processi di cambiamento olistici invece di limitarsi all'introduzione della tecnologia.<\/p>\r\n<p>Cosa conta ora? Offensive di riqualificazione, bilanci equilibrati e spazi di sperimentazione per una comunicazione dialogica guidata dai dati. I professionisti della comunicazione devono padroneggiare la maratona della trasformazione digitale per poter utilizzare l'intelligenza artificiale per una comunicazione incentrata sugli stakeholder.<\/p>\r\n<p><iframe title=\"#16 | Digitalizzazione e IA: a che punto \u00e8 il settore delle comunicazioni? | Ospite: Thomas Mickeleit\" src=\"https:\/\/www.youtube.com\/embed\/Pc0Mq2HyK64?feature=oembed\" width=\"768\" height=\"432\" frameborder=\"0\" allowfullscreen=\"allowfullscreen\"><\/iframe><\/p>\r\n<p><iframe style=\"border-radius: 12px;\" title=\"Spotify Embed: #16 | Digitalizzazione e AI: a che punto \u00e8 l&#039;industria delle comunicazioni? | Ospite: Thomas Mickeleit, responsabile AG CommTech \" src=\"https:\/\/open.spotify.com\/embed\/episode\/4ltZgtfQJQV6CuOzI8Ekuk\/video?si=e5b26b3620d440db&amp;utm_source=oembed\" width=\"624\" height=\"351\" frameborder=\"0\" allowfullscreen=\"allowfullscreen\"><\/iframe><\/p>\r\n<hr \/>\r\n<p><em>Il rapporto sull'indice CommTech 2024\/2025 \u00e8 disponibile <a href=\"https:\/\/agcommtech.de\/download-bereich\/\" rel=\"noopener\">qui<\/a> scaricare.<\/em><\/p>","protected":false},"excerpt":{"rendered":"<p>Stagnazione della digitalizzazione nonostante il boom dell'AI? Thomas Mickeleit, responsabile del gruppo di lavoro Commtech, parla del Commtech Index 2024\/2025 nel podcast AI della Text Akademie.<\/p>","protected":false},"author":8,"featured_media":0,"comment_status":"closed","ping_status":"closed","sticky":false,"template":"","format":"standard","meta":{"_acf_changed":false,"_yoast_wpseo_focuskw":"CommTech-Index 2024\/2025","_yoast_wpseo_metadesc":"Thomas Mickeleit \u00fcber den CommTech-Index 2024\/2025: Warum KI-Boom nicht automatisch Innovation bedeutet. Jetzt im KI-Podcast!","articlekey":"","footnotes":""},"categories":[29],"tags":[4861,4351,319,4343,2645,5137],"class_list":["post-36503","post","type-post","status-publish","format-standard","hentry","category-marketing","tag-commtech","tag-dexat","tag-kuenstliche-intelligenz","tag-markom","tag-podcast","tag-textakademie"],"acf":[],"yoast_head":"<!-- This site is optimized with the Yoast SEO plugin v27.5 - https:\/\/yoast.com\/product\/yoast-seo-wordpress\/ -->\n<title>\u00abDie Digitalisierung ist ein Marathon\u00bb - Organisator<\/title>\n<meta name=\"description\" content=\"Thomas Mickeleit \u00fcber den CommTech-Index 2024\/2025: Warum KI-Boom nicht automatisch Innovation bedeutet. Jetzt im KI-Podcast!\" \/>\n<meta name=\"robots\" content=\"index, follow, max-snippet:-1, max-image-preview:large, max-video-preview:-1\" \/>\n<link rel=\"canonical\" href=\"https:\/\/www.organisator.ch\/it\/marketing\/2025-02-28\/die-digitalisierung-ist-ein-marathon\/\" \/>\n<meta property=\"og:locale\" content=\"it_IT\" \/>\n<meta property=\"og:type\" content=\"article\" \/>\n<meta property=\"og:title\" content=\"\u00abDie Digitalisierung ist ein Marathon\u00bb - Organisator\" \/>\n<meta property=\"og:description\" content=\"Thomas Mickeleit \u00fcber den CommTech-Index 2024\/2025: Warum KI-Boom nicht automatisch Innovation bedeutet. Jetzt im KI-Podcast!\" \/>\n<meta property=\"og:url\" content=\"https:\/\/www.organisator.ch\/it\/marketing\/2025-02-28\/die-digitalisierung-ist-ein-marathon\/\" \/>\n<meta property=\"og:site_name\" content=\"Organisator\" \/>\n<meta property=\"article:publisher\" content=\"https:\/\/www.facebook.com\/OrganisatorFachmagazin\" \/>\n<meta property=\"article:published_time\" content=\"2025-02-28T06:20:41+00:00\" \/>\n<meta name=\"author\" content=\"galledia\" \/>\n<meta name=\"twitter:card\" content=\"summary_large_image\" \/>\n<meta name=\"twitter:creator\" content=\"@admin\" \/>\n<script type=\"application\/ld+json\" class=\"yoast-schema-graph\">{\"@context\":\"https:\\\/\\\/schema.org\",\"@graph\":[{\"@type\":\"Article\",\"@id\":\"https:\\\/\\\/www.organisator.ch\\\/marketing\\\/2025-02-28\\\/die-digitalisierung-ist-ein-marathon\\\/#article\",\"isPartOf\":{\"@id\":\"https:\\\/\\\/www.organisator.ch\\\/marketing\\\/2025-02-28\\\/die-digitalisierung-ist-ein-marathon\\\/\"},\"author\":{\"name\":\"galledia\",\"@id\":\"https:\\\/\\\/www.organisator.ch\\\/#\\\/schema\\\/person\\\/4e51799071cd2dd1232ac003643ef5f0\"},\"headline\":\"\u00abDie Digitalisierung ist ein Marathon\u00bb\",\"datePublished\":\"2025-02-28T06:20:41+00:00\",\"mainEntityOfPage\":{\"@id\":\"https:\\\/\\\/www.organisator.ch\\\/marketing\\\/2025-02-28\\\/die-digitalisierung-ist-ein-marathon\\\/\"},\"wordCount\":153,\"publisher\":{\"@id\":\"https:\\\/\\\/www.organisator.ch\\\/#organization\"},\"image\":{\"@id\":\"https:\\\/\\\/www.organisator.ch\\\/marketing\\\/2025-02-28\\\/die-digitalisierung-ist-ein-marathon\\\/#primaryimage\"},\"thumbnailUrl\":\"https:\\\/\\\/www.markt-kom.com\\\/wp-content\\\/uploads\\\/2025\\\/02\\\/full-Mickeleit-AI-Podcast.jpg\",\"keywords\":[\"Commtech\",\"DExAT\",\"K\u00fcnstliche Intelligenz\",\"MarKom\",\"Podcast\",\"Textakademie\"],\"articleSection\":[\"MARKETING\"],\"inLanguage\":\"it-IT\"},{\"@type\":\"WebPage\",\"@id\":\"https:\\\/\\\/www.organisator.ch\\\/marketing\\\/2025-02-28\\\/die-digitalisierung-ist-ein-marathon\\\/\",\"url\":\"https:\\\/\\\/www.organisator.ch\\\/marketing\\\/2025-02-28\\\/die-digitalisierung-ist-ein-marathon\\\/\",\"name\":\"\u00abDie Digitalisierung ist ein Marathon\u00bb - Organisator\",\"isPartOf\":{\"@id\":\"https:\\\/\\\/www.organisator.ch\\\/#website\"},\"primaryImageOfPage\":{\"@id\":\"https:\\\/\\\/www.organisator.ch\\\/marketing\\\/2025-02-28\\\/die-digitalisierung-ist-ein-marathon\\\/#primaryimage\"},\"image\":{\"@id\":\"https:\\\/\\\/www.organisator.ch\\\/marketing\\\/2025-02-28\\\/die-digitalisierung-ist-ein-marathon\\\/#primaryimage\"},\"thumbnailUrl\":\"https:\\\/\\\/www.markt-kom.com\\\/wp-content\\\/uploads\\\/2025\\\/02\\\/full-Mickeleit-AI-Podcast.jpg\",\"datePublished\":\"2025-02-28T06:20:41+00:00\",\"description\":\"Thomas Mickeleit \u00fcber den CommTech-Index 2024\\\/2025: Warum KI-Boom nicht automatisch Innovation bedeutet. Jetzt im KI-Podcast!\",\"breadcrumb\":{\"@id\":\"https:\\\/\\\/www.organisator.ch\\\/marketing\\\/2025-02-28\\\/die-digitalisierung-ist-ein-marathon\\\/#breadcrumb\"},\"inLanguage\":\"it-IT\",\"potentialAction\":[{\"@type\":\"ReadAction\",\"target\":[\"https:\\\/\\\/www.organisator.ch\\\/marketing\\\/2025-02-28\\\/die-digitalisierung-ist-ein-marathon\\\/\"]}]},{\"@type\":\"ImageObject\",\"inLanguage\":\"it-IT\",\"@id\":\"https:\\\/\\\/www.organisator.ch\\\/marketing\\\/2025-02-28\\\/die-digitalisierung-ist-ein-marathon\\\/#primaryimage\",\"url\":\"https:\\\/\\\/www.markt-kom.com\\\/wp-content\\\/uploads\\\/2025\\\/02\\\/full-Mickeleit-AI-Podcast.jpg\",\"contentUrl\":\"https:\\\/\\\/www.markt-kom.com\\\/wp-content\\\/uploads\\\/2025\\\/02\\\/full-Mickeleit-AI-Podcast.jpg\"},{\"@type\":\"BreadcrumbList\",\"@id\":\"https:\\\/\\\/www.organisator.ch\\\/marketing\\\/2025-02-28\\\/die-digitalisierung-ist-ein-marathon\\\/#breadcrumb\",\"itemListElement\":[{\"@type\":\"ListItem\",\"position\":1,\"name\":\"Home\",\"item\":\"https:\\\/\\\/www.organisator.ch\\\/\"},{\"@type\":\"ListItem\",\"position\":2,\"name\":\"\u00abDie Digitalisierung ist ein Marathon\u00bb\"}]},{\"@type\":\"WebSite\",\"@id\":\"https:\\\/\\\/www.organisator.ch\\\/#website\",\"url\":\"https:\\\/\\\/www.organisator.ch\\\/\",\"name\":\"Organisator\",\"description\":\"Kompetent. Praxisnah. Der ORGANISATOR bereitet in 10 Ausgaben pro Jahr die wesentlichen Themen f\u00fcr F\u00fchrungskr\u00e4fte von KMU auf.\",\"publisher\":{\"@id\":\"https:\\\/\\\/www.organisator.ch\\\/#organization\"},\"potentialAction\":[{\"@type\":\"SearchAction\",\"target\":{\"@type\":\"EntryPoint\",\"urlTemplate\":\"https:\\\/\\\/www.organisator.ch\\\/?s={search_term_string}\"},\"query-input\":{\"@type\":\"PropertyValueSpecification\",\"valueRequired\":true,\"valueName\":\"search_term_string\"}}],\"inLanguage\":\"it-IT\"},{\"@type\":\"Organization\",\"@id\":\"https:\\\/\\\/www.organisator.ch\\\/#organization\",\"name\":\"Organisator\",\"url\":\"https:\\\/\\\/www.organisator.ch\\\/\",\"logo\":{\"@type\":\"ImageObject\",\"inLanguage\":\"it-IT\",\"@id\":\"https:\\\/\\\/www.organisator.ch\\\/#\\\/schema\\\/logo\\\/image\\\/\",\"url\":\"https:\\\/\\\/www.organisator.ch\\\/wp-content\\\/uploads\\\/2022\\\/01\\\/Logo_Organisator_Website.png\",\"contentUrl\":\"https:\\\/\\\/www.organisator.ch\\\/wp-content\\\/uploads\\\/2022\\\/01\\\/Logo_Organisator_Website.png\",\"width\":800,\"height\":77,\"caption\":\"Organisator\"},\"image\":{\"@id\":\"https:\\\/\\\/www.organisator.ch\\\/#\\\/schema\\\/logo\\\/image\\\/\"},\"sameAs\":[\"https:\\\/\\\/www.facebook.com\\\/OrganisatorFachmagazin\",\"https:\\\/\\\/www.linkedin.com\\\/showcase\\\/organisator-das-magazin-fr-kmu\",\"https:\\\/\\\/www.xing.com\\\/news\\\/pages\\\/organisator-ch-695\",\"https:\\\/\\\/www.youtube.com\\\/channel\\\/UCGP2Sq0iWaZwT3BdIAQFYpw\"]},{\"@type\":\"Person\",\"@id\":\"https:\\\/\\\/www.organisator.ch\\\/#\\\/schema\\\/person\\\/4e51799071cd2dd1232ac003643ef5f0\",\"name\":\"galledia\",\"image\":{\"@type\":\"ImageObject\",\"inLanguage\":\"it-IT\",\"@id\":\"https:\\\/\\\/secure.gravatar.com\\\/avatar\\\/78a7f90c01fc2bfc875782a0d4922b37cde2cf184ce347b91316d23cd7f69a36?s=96&d=mm&r=g\",\"url\":\"https:\\\/\\\/secure.gravatar.com\\\/avatar\\\/78a7f90c01fc2bfc875782a0d4922b37cde2cf184ce347b91316d23cd7f69a36?s=96&d=mm&r=g\",\"contentUrl\":\"https:\\\/\\\/secure.gravatar.com\\\/avatar\\\/78a7f90c01fc2bfc875782a0d4922b37cde2cf184ce347b91316d23cd7f69a36?s=96&d=mm&r=g\",\"caption\":\"galledia\"},\"sameAs\":[\"https:\\\/\\\/x.com\\\/admin\"],\"url\":\"https:\\\/\\\/www.organisator.ch\\\/it\\\/author\\\/galledia\\\/\"}]}<\/script>\n<!-- \/ Yoast SEO plugin. -->","yoast_head_json":{"title":"\"La digitalizzazione \u00e8 una maratona\" - organizzatore","description":"Thomas Mickeleit sul CommTech Index 2024\/2025: perch\u00e9 il boom dell'AI non significa automaticamente innovazione. Ora nel podcast AI!","robots":{"index":"index","follow":"follow","max-snippet":"max-snippet:-1","max-image-preview":"max-image-preview:large","max-video-preview":"max-video-preview:-1"},"canonical":"https:\/\/www.organisator.ch\/it\/marketing\/2025-02-28\/die-digitalisierung-ist-ein-marathon\/","og_locale":"it_IT","og_type":"article","og_title":"\u00abDie Digitalisierung ist ein Marathon\u00bb - Organisator","og_description":"Thomas Mickeleit \u00fcber den CommTech-Index 2024\/2025: Warum KI-Boom nicht automatisch Innovation bedeutet. Jetzt im KI-Podcast!","og_url":"https:\/\/www.organisator.ch\/it\/marketing\/2025-02-28\/die-digitalisierung-ist-ein-marathon\/","og_site_name":"Organisator","article_publisher":"https:\/\/www.facebook.com\/OrganisatorFachmagazin","article_published_time":"2025-02-28T06:20:41+00:00","author":"galledia","twitter_card":"summary_large_image","twitter_creator":"@admin","schema":{"@context":"https:\/\/schema.org","@graph":[{"@type":"Article","@id":"https:\/\/www.organisator.ch\/marketing\/2025-02-28\/die-digitalisierung-ist-ein-marathon\/#article","isPartOf":{"@id":"https:\/\/www.organisator.ch\/marketing\/2025-02-28\/die-digitalisierung-ist-ein-marathon\/"},"author":{"name":"galledia","@id":"https:\/\/www.organisator.ch\/#\/schema\/person\/4e51799071cd2dd1232ac003643ef5f0"},"headline":"\u00abDie Digitalisierung ist ein Marathon\u00bb","datePublished":"2025-02-28T06:20:41+00:00","mainEntityOfPage":{"@id":"https:\/\/www.organisator.ch\/marketing\/2025-02-28\/die-digitalisierung-ist-ein-marathon\/"},"wordCount":153,"publisher":{"@id":"https:\/\/www.organisator.ch\/#organization"},"image":{"@id":"https:\/\/www.organisator.ch\/marketing\/2025-02-28\/die-digitalisierung-ist-ein-marathon\/#primaryimage"},"thumbnailUrl":"https:\/\/www.markt-kom.com\/wp-content\/uploads\/2025\/02\/full-Mickeleit-AI-Podcast.jpg","keywords":["Commtech","DExAT","K\u00fcnstliche Intelligenz","MarKom","Podcast","Textakademie"],"articleSection":["MARKETING"],"inLanguage":"it-IT"},{"@type":"WebPage","@id":"https:\/\/www.organisator.ch\/marketing\/2025-02-28\/die-digitalisierung-ist-ein-marathon\/","url":"https:\/\/www.organisator.ch\/marketing\/2025-02-28\/die-digitalisierung-ist-ein-marathon\/","name":"\"La digitalizzazione \u00e8 una maratona\" - organizzatore","isPartOf":{"@id":"https:\/\/www.organisator.ch\/#website"},"primaryImageOfPage":{"@id":"https:\/\/www.organisator.ch\/marketing\/2025-02-28\/die-digitalisierung-ist-ein-marathon\/#primaryimage"},"image":{"@id":"https:\/\/www.organisator.ch\/marketing\/2025-02-28\/die-digitalisierung-ist-ein-marathon\/#primaryimage"},"thumbnailUrl":"https:\/\/www.markt-kom.com\/wp-content\/uploads\/2025\/02\/full-Mickeleit-AI-Podcast.jpg","datePublished":"2025-02-28T06:20:41+00:00","description":"Thomas Mickeleit sul CommTech Index 2024\/2025: perch\u00e9 il boom dell'AI non significa automaticamente innovazione. Ora nel podcast AI!","breadcrumb":{"@id":"https:\/\/www.organisator.ch\/marketing\/2025-02-28\/die-digitalisierung-ist-ein-marathon\/#breadcrumb"},"inLanguage":"it-IT","potentialAction":[{"@type":"ReadAction","target":["https:\/\/www.organisator.ch\/marketing\/2025-02-28\/die-digitalisierung-ist-ein-marathon\/"]}]},{"@type":"ImageObject","inLanguage":"it-IT","@id":"https:\/\/www.organisator.ch\/marketing\/2025-02-28\/die-digitalisierung-ist-ein-marathon\/#primaryimage","url":"https:\/\/www.markt-kom.com\/wp-content\/uploads\/2025\/02\/full-Mickeleit-AI-Podcast.jpg","contentUrl":"https:\/\/www.markt-kom.com\/wp-content\/uploads\/2025\/02\/full-Mickeleit-AI-Podcast.jpg"},{"@type":"BreadcrumbList","@id":"https:\/\/www.organisator.ch\/marketing\/2025-02-28\/die-digitalisierung-ist-ein-marathon\/#breadcrumb","itemListElement":[{"@type":"ListItem","position":1,"name":"Home","item":"https:\/\/www.organisator.ch\/"},{"@type":"ListItem","position":2,"name":"\u00abDie Digitalisierung ist ein Marathon\u00bb"}]},{"@type":"WebSite","@id":"https:\/\/www.organisator.ch\/#website","url":"https:\/\/www.organisator.ch\/","name":"Organizzatore","description":"Competente. Pratico. In 10 numeri all'anno, ORGANISATOR presenta i temi essenziali per i manager delle PMI.","publisher":{"@id":"https:\/\/www.organisator.ch\/#organization"},"potentialAction":[{"@type":"SearchAction","target":{"@type":"EntryPoint","urlTemplate":"https:\/\/www.organisator.ch\/?s={search_term_string}"},"query-input":{"@type":"PropertyValueSpecification","valueRequired":true,"valueName":"search_term_string"}}],"inLanguage":"it-IT"},{"@type":"Organization","@id":"https:\/\/www.organisator.ch\/#organization","name":"Organizzatore","url":"https:\/\/www.organisator.ch\/","logo":{"@type":"ImageObject","inLanguage":"it-IT","@id":"https:\/\/www.organisator.ch\/#\/schema\/logo\/image\/","url":"https:\/\/www.organisator.ch\/wp-content\/uploads\/2022\/01\/Logo_Organisator_Website.png","contentUrl":"https:\/\/www.organisator.ch\/wp-content\/uploads\/2022\/01\/Logo_Organisator_Website.png","width":800,"height":77,"caption":"Organisator"},"image":{"@id":"https:\/\/www.organisator.ch\/#\/schema\/logo\/image\/"},"sameAs":["https:\/\/www.facebook.com\/OrganisatorFachmagazin","https:\/\/www.linkedin.com\/showcase\/organisator-das-magazin-fr-kmu","https:\/\/www.xing.com\/news\/pages\/organisator-ch-695","https:\/\/www.youtube.com\/channel\/UCGP2Sq0iWaZwT3BdIAQFYpw"]},{"@type":"Person","@id":"https:\/\/www.organisator.ch\/#\/schema\/person\/4e51799071cd2dd1232ac003643ef5f0","name":"galledia","image":{"@type":"ImageObject","inLanguage":"it-IT","@id":"https:\/\/secure.gravatar.com\/avatar\/78a7f90c01fc2bfc875782a0d4922b37cde2cf184ce347b91316d23cd7f69a36?s=96&d=mm&r=g","url":"https:\/\/secure.gravatar.com\/avatar\/78a7f90c01fc2bfc875782a0d4922b37cde2cf184ce347b91316d23cd7f69a36?s=96&d=mm&r=g","contentUrl":"https:\/\/secure.gravatar.com\/avatar\/78a7f90c01fc2bfc875782a0d4922b37cde2cf184ce347b91316d23cd7f69a36?s=96&d=mm&r=g","caption":"galledia"},"sameAs":["https:\/\/x.com\/admin"],"url":"https:\/\/www.organisator.ch\/it\/author\/galledia\/"}]}},"_links":{"self":[{"href":"https:\/\/www.organisator.ch\/it\/wp-json\/wp\/v2\/posts\/36503","targetHints":{"allow":["GET"]}}],"collection":[{"href":"https:\/\/www.organisator.ch\/it\/wp-json\/wp\/v2\/posts"}],"about":[{"href":"https:\/\/www.organisator.ch\/it\/wp-json\/wp\/v2\/types\/post"}],"author":[{"embeddable":true,"href":"https:\/\/www.organisator.ch\/it\/wp-json\/wp\/v2\/users\/8"}],"replies":[{"embeddable":true,"href":"https:\/\/www.organisator.ch\/it\/wp-json\/wp\/v2\/comments?post=36503"}],"version-history":[{"count":4,"href":"https:\/\/www.organisator.ch\/it\/wp-json\/wp\/v2\/posts\/36503\/revisions"}],"predecessor-version":[{"id":36534,"href":"https:\/\/www.organisator.ch\/it\/wp-json\/wp\/v2\/posts\/36503\/revisions\/36534"}],"wp:attachment":[{"href":"https:\/\/www.organisator.ch\/it\/wp-json\/wp\/v2\/media?parent=36503"}],"wp:term":[{"taxonomy":"category","embeddable":true,"href":"https:\/\/www.organisator.ch\/it\/wp-json\/wp\/v2\/categories?post=36503"},{"taxonomy":"post_tag","embeddable":true,"href":"https:\/\/www.organisator.ch\/it\/wp-json\/wp\/v2\/tags?post=36503"}],"curies":[{"name":"wp","href":"https:\/\/api.w.org\/{rel}","templated":true}]}}