{"id":36537,"date":"2025-03-03T08:11:45","date_gmt":"2025-03-03T07:11:45","guid":{"rendered":"https:\/\/www.markt-kom.com\/?p=231196"},"modified":"2025-03-03T07:40:19","modified_gmt":"2025-03-03T06:40:19","slug":"verstaerkung-fuer-june-im-bereich-storytelling-und-nachhaltigkeitskommunikation","status":"publish","type":"post","link":"https:\/\/www.organisator.ch\/it\/marketing\/2025-03-03\/verstaerkung-fuer-june-im-bereich-storytelling-und-nachhaltigkeitskommunikation\/","title":{"rendered":"Rafforzamento per giugno nell'area dello storytelling e della comunicazione della sostenibilit\u00e0"},"content":{"rendered":"<figure id=\"attachment_231198\" class=\"wp-caption aligncenter\" style=\"width: 1200px;\" aria-describedby=\"caption-attachment-231198\"><a href=\"https:\/\/www.markt-kom.com\/wp-content\/uploads\/2025\/02\/JUNE_Meroni-Gutierrez-Neu.jpg\"><img class=\"size-full wp-image-231198\" src=\"https:\/\/www.markt-kom.com\/wp-content\/uploads\/2025\/02\/JUNE_Meroni-Gutierrez-Neu.jpg\" sizes=\"(max-width: 1200px) 100vw, 1200px\" srcset=\"https:\/\/www.markt-kom.com\/wp-content\/uploads\/2025\/02\/JUNE_Meroni-Gutierrez-Neu.jpg 1200w, https:\/\/www.markt-kom.com\/wp-content\/uploads\/2025\/02\/JUNE_Meroni-Gutierrez-Neu-600x450.jpg 600w, https:\/\/www.markt-kom.com\/wp-content\/uploads\/2025\/02\/JUNE_Meroni-Gutierrez-Neu-1024x768.jpg 1024w, https:\/\/www.markt-kom.com\/wp-content\/uploads\/2025\/02\/JUNE_Meroni-Gutierrez-Neu-768x576.jpg 768w, https:\/\/www.markt-kom.com\/wp-content\/uploads\/2025\/02\/JUNE_Meroni-Gutierrez-Neu-16x12.jpg 16w, https:\/\/www.markt-kom.com\/wp-content\/uploads\/2025\/02\/JUNE_Meroni-Gutierrez-Neu-233x175.jpg 233w, https:\/\/www.markt-kom.com\/wp-content\/uploads\/2025\/02\/JUNE_Meroni-Gutierrez-Neu-467x350.jpg 467w, https:\/\/www.markt-kom.com\/wp-content\/uploads\/2025\/02\/JUNE_Meroni-Gutierrez-Neu-1000x750.jpg 1000w\" alt=\"\" width=\"1200\" height=\"900\" \/><\/a>\r\n<figcaption id=\"caption-attachment-231198\" class=\"wp-caption-text\">(Immagine: zVg.)<\/figcaption>\r\n<\/figure>\r\n<p>Marco Meroni ha esperienza nelle relazioni con i media, nella comunicazione aziendale e nelle pubbliche relazioni. Di recente, \u00e8 stato direttore creativo PR di Jung von Matt Limmat, prima di dirigere il team Amplification di Rod Kommunikation. \"June si \u00e8 affermata come un'agenzia dinamica che combina strategia, creativit\u00e0 e tecnologia, un approccio che mi ispira\", afferma Meroni.<\/p>\r\n<p>Sara Gutierrez-Osmani si unisce al team con la sua esperienza nella comunicazione della sostenibilit\u00e0. In precedenza ha lavorato presso Migros, dove era responsabile di progetti di comunicazione interna ed esterna nell'ambito della sostenibilit\u00e0 e dell'impegno sociale. \"La sostenibilit\u00e0 non \u00e8 solo una tendenza, ma una necessit\u00e0 e una parte integrante della maggior parte dei progetti di comunicazione\", sottolinea. In precedenza ha lavorato presso Too Good To Go e varie agenzie.<\/p>\r\n<p>Con i nuovi membri del team, June intende fornire ai propri clienti un supporto ancora pi\u00f9 mirato nei processi di trasformazione. La cofondatrice Nathalie Eggen afferma: \"Con Sara e Marco, acquisiamo due personalit\u00e0 di spicco che completano in modo ideale la nostra gamma di servizi\". Il precedente co-leader C\u00e9dric Baumgartner lascia l'agenzia.<\/p>","protected":false},"excerpt":{"rendered":"<p>L'agenzia zurighese June amplia le proprie competenze di consulenza in materia di storytelling creativo e comunicazione della sostenibilit\u00e0. Marco Meroni assume la co-direzione con Nathalie Eggen, Sara Gutierrez-Osmani entra come consulente senior.<\/p>","protected":false},"author":8,"featured_media":0,"comment_status":"closed","ping_status":"closed","sticky":false,"template":"","format":"standard","meta":{"_acf_changed":false,"_yoast_wpseo_focuskw":"June Agentur Storytelling","_yoast_wpseo_metadesc":"Die Z\u00fcrcher Agentur June st\u00e4rkt ihre Storytelling- und Nachhaltigkeitsberatung mit Marco Meroni als Co-Leiter und Sara Gutierrez-Osmani als Senior Beraterin.","articlekey":"","footnotes":""},"categories":[29],"tags":[4345,2853,5146],"class_list":["post-36537","post","type-post","status-publish","format-standard","hentry","category-marketing","tag-business","tag-jobchange","tag-jung-von-matt-june"],"acf":[],"yoast_head":"<!-- This site is optimized with the Yoast SEO plugin v27.4 - https:\/\/yoast.com\/product\/yoast-seo-wordpress\/ -->\n<title>Verst\u00e4rkung f\u00fcr June im Bereich Storytelling und Nachhaltigkeitskommunikation - Organisator<\/title>\n<meta name=\"description\" content=\"Die Z\u00fcrcher Agentur June st\u00e4rkt ihre Storytelling- und Nachhaltigkeitsberatung mit Marco Meroni als Co-Leiter und Sara Gutierrez-Osmani als Senior Beraterin.\" \/>\n<meta name=\"robots\" content=\"index, follow, max-snippet:-1, max-image-preview:large, max-video-preview:-1\" \/>\n<link rel=\"canonical\" href=\"https:\/\/www.organisator.ch\/it\/marketing\/2025-03-03\/verstaerkung-fuer-june-im-bereich-storytelling-und-nachhaltigkeitskommunikation\/\" \/>\n<meta property=\"og:locale\" content=\"it_IT\" \/>\n<meta property=\"og:type\" content=\"article\" \/>\n<meta property=\"og:title\" content=\"Verst\u00e4rkung f\u00fcr June im Bereich Storytelling und Nachhaltigkeitskommunikation - Organisator\" \/>\n<meta property=\"og:description\" content=\"Die Z\u00fcrcher Agentur June st\u00e4rkt ihre Storytelling- und Nachhaltigkeitsberatung mit Marco Meroni als Co-Leiter und Sara Gutierrez-Osmani als Senior Beraterin.\" \/>\n<meta property=\"og:url\" content=\"https:\/\/www.organisator.ch\/it\/marketing\/2025-03-03\/verstaerkung-fuer-june-im-bereich-storytelling-und-nachhaltigkeitskommunikation\/\" \/>\n<meta property=\"og:site_name\" content=\"Organisator\" \/>\n<meta property=\"article:publisher\" content=\"https:\/\/www.facebook.com\/OrganisatorFachmagazin\" \/>\n<meta property=\"article:published_time\" content=\"2025-03-03T07:11:45+00:00\" \/>\n<meta name=\"author\" content=\"galledia\" \/>\n<meta name=\"twitter:card\" content=\"summary_large_image\" \/>\n<meta name=\"twitter:creator\" content=\"@admin\" \/>\n<script type=\"application\/ld+json\" class=\"yoast-schema-graph\">{\"@context\":\"https:\\\/\\\/schema.org\",\"@graph\":[{\"@type\":\"Article\",\"@id\":\"https:\\\/\\\/www.organisator.ch\\\/marketing\\\/2025-03-03\\\/verstaerkung-fuer-june-im-bereich-storytelling-und-nachhaltigkeitskommunikation\\\/#article\",\"isPartOf\":{\"@id\":\"https:\\\/\\\/www.organisator.ch\\\/marketing\\\/2025-03-03\\\/verstaerkung-fuer-june-im-bereich-storytelling-und-nachhaltigkeitskommunikation\\\/\"},\"author\":{\"name\":\"galledia\",\"@id\":\"https:\\\/\\\/www.organisator.ch\\\/#\\\/schema\\\/person\\\/4e51799071cd2dd1232ac003643ef5f0\"},\"headline\":\"Verst\u00e4rkung f\u00fcr June im Bereich Storytelling und Nachhaltigkeitskommunikation\",\"datePublished\":\"2025-03-03T07:11:45+00:00\",\"mainEntityOfPage\":{\"@id\":\"https:\\\/\\\/www.organisator.ch\\\/marketing\\\/2025-03-03\\\/verstaerkung-fuer-june-im-bereich-storytelling-und-nachhaltigkeitskommunikation\\\/\"},\"wordCount\":167,\"publisher\":{\"@id\":\"https:\\\/\\\/www.organisator.ch\\\/#organization\"},\"image\":{\"@id\":\"https:\\\/\\\/www.organisator.ch\\\/marketing\\\/2025-03-03\\\/verstaerkung-fuer-june-im-bereich-storytelling-und-nachhaltigkeitskommunikation\\\/#primaryimage\"},\"thumbnailUrl\":\"https:\\\/\\\/www.markt-kom.com\\\/wp-content\\\/uploads\\\/2025\\\/02\\\/JUNE_Meroni-Gutierrez-Neu.jpg\",\"keywords\":[\"Business\",\"Jobchange\",\"Jung von Matt June\"],\"articleSection\":[\"MARKETING\"],\"inLanguage\":\"it-IT\"},{\"@type\":\"WebPage\",\"@id\":\"https:\\\/\\\/www.organisator.ch\\\/marketing\\\/2025-03-03\\\/verstaerkung-fuer-june-im-bereich-storytelling-und-nachhaltigkeitskommunikation\\\/\",\"url\":\"https:\\\/\\\/www.organisator.ch\\\/marketing\\\/2025-03-03\\\/verstaerkung-fuer-june-im-bereich-storytelling-und-nachhaltigkeitskommunikation\\\/\",\"name\":\"Verst\u00e4rkung f\u00fcr June im Bereich Storytelling und Nachhaltigkeitskommunikation - Organisator\",\"isPartOf\":{\"@id\":\"https:\\\/\\\/www.organisator.ch\\\/#website\"},\"primaryImageOfPage\":{\"@id\":\"https:\\\/\\\/www.organisator.ch\\\/marketing\\\/2025-03-03\\\/verstaerkung-fuer-june-im-bereich-storytelling-und-nachhaltigkeitskommunikation\\\/#primaryimage\"},\"image\":{\"@id\":\"https:\\\/\\\/www.organisator.ch\\\/marketing\\\/2025-03-03\\\/verstaerkung-fuer-june-im-bereich-storytelling-und-nachhaltigkeitskommunikation\\\/#primaryimage\"},\"thumbnailUrl\":\"https:\\\/\\\/www.markt-kom.com\\\/wp-content\\\/uploads\\\/2025\\\/02\\\/JUNE_Meroni-Gutierrez-Neu.jpg\",\"datePublished\":\"2025-03-03T07:11:45+00:00\",\"description\":\"Die Z\u00fcrcher Agentur June st\u00e4rkt ihre Storytelling- und Nachhaltigkeitsberatung mit Marco Meroni als Co-Leiter und Sara Gutierrez-Osmani als Senior Beraterin.\",\"breadcrumb\":{\"@id\":\"https:\\\/\\\/www.organisator.ch\\\/marketing\\\/2025-03-03\\\/verstaerkung-fuer-june-im-bereich-storytelling-und-nachhaltigkeitskommunikation\\\/#breadcrumb\"},\"inLanguage\":\"it-IT\",\"potentialAction\":[{\"@type\":\"ReadAction\",\"target\":[\"https:\\\/\\\/www.organisator.ch\\\/marketing\\\/2025-03-03\\\/verstaerkung-fuer-june-im-bereich-storytelling-und-nachhaltigkeitskommunikation\\\/\"]}]},{\"@type\":\"ImageObject\",\"inLanguage\":\"it-IT\",\"@id\":\"https:\\\/\\\/www.organisator.ch\\\/marketing\\\/2025-03-03\\\/verstaerkung-fuer-june-im-bereich-storytelling-und-nachhaltigkeitskommunikation\\\/#primaryimage\",\"url\":\"https:\\\/\\\/www.markt-kom.com\\\/wp-content\\\/uploads\\\/2025\\\/02\\\/JUNE_Meroni-Gutierrez-Neu.jpg\",\"contentUrl\":\"https:\\\/\\\/www.markt-kom.com\\\/wp-content\\\/uploads\\\/2025\\\/02\\\/JUNE_Meroni-Gutierrez-Neu.jpg\"},{\"@type\":\"BreadcrumbList\",\"@id\":\"https:\\\/\\\/www.organisator.ch\\\/marketing\\\/2025-03-03\\\/verstaerkung-fuer-june-im-bereich-storytelling-und-nachhaltigkeitskommunikation\\\/#breadcrumb\",\"itemListElement\":[{\"@type\":\"ListItem\",\"position\":1,\"name\":\"Home\",\"item\":\"https:\\\/\\\/www.organisator.ch\\\/\"},{\"@type\":\"ListItem\",\"position\":2,\"name\":\"Verst\u00e4rkung f\u00fcr June im Bereich Storytelling und Nachhaltigkeitskommunikation\"}]},{\"@type\":\"WebSite\",\"@id\":\"https:\\\/\\\/www.organisator.ch\\\/#website\",\"url\":\"https:\\\/\\\/www.organisator.ch\\\/\",\"name\":\"Organisator\",\"description\":\"Kompetent. Praxisnah. Der ORGANISATOR bereitet in 10 Ausgaben pro Jahr die wesentlichen Themen f\u00fcr F\u00fchrungskr\u00e4fte von KMU auf.\",\"publisher\":{\"@id\":\"https:\\\/\\\/www.organisator.ch\\\/#organization\"},\"potentialAction\":[{\"@type\":\"SearchAction\",\"target\":{\"@type\":\"EntryPoint\",\"urlTemplate\":\"https:\\\/\\\/www.organisator.ch\\\/?s={search_term_string}\"},\"query-input\":{\"@type\":\"PropertyValueSpecification\",\"valueRequired\":true,\"valueName\":\"search_term_string\"}}],\"inLanguage\":\"it-IT\"},{\"@type\":\"Organization\",\"@id\":\"https:\\\/\\\/www.organisator.ch\\\/#organization\",\"name\":\"Organisator\",\"url\":\"https:\\\/\\\/www.organisator.ch\\\/\",\"logo\":{\"@type\":\"ImageObject\",\"inLanguage\":\"it-IT\",\"@id\":\"https:\\\/\\\/www.organisator.ch\\\/#\\\/schema\\\/logo\\\/image\\\/\",\"url\":\"https:\\\/\\\/www.organisator.ch\\\/wp-content\\\/uploads\\\/2022\\\/01\\\/Logo_Organisator_Website.png\",\"contentUrl\":\"https:\\\/\\\/www.organisator.ch\\\/wp-content\\\/uploads\\\/2022\\\/01\\\/Logo_Organisator_Website.png\",\"width\":800,\"height\":77,\"caption\":\"Organisator\"},\"image\":{\"@id\":\"https:\\\/\\\/www.organisator.ch\\\/#\\\/schema\\\/logo\\\/image\\\/\"},\"sameAs\":[\"https:\\\/\\\/www.facebook.com\\\/OrganisatorFachmagazin\",\"https:\\\/\\\/www.linkedin.com\\\/showcase\\\/organisator-das-magazin-fr-kmu\",\"https:\\\/\\\/www.xing.com\\\/news\\\/pages\\\/organisator-ch-695\",\"https:\\\/\\\/www.youtube.com\\\/channel\\\/UCGP2Sq0iWaZwT3BdIAQFYpw\"]},{\"@type\":\"Person\",\"@id\":\"https:\\\/\\\/www.organisator.ch\\\/#\\\/schema\\\/person\\\/4e51799071cd2dd1232ac003643ef5f0\",\"name\":\"galledia\",\"image\":{\"@type\":\"ImageObject\",\"inLanguage\":\"it-IT\",\"@id\":\"https:\\\/\\\/secure.gravatar.com\\\/avatar\\\/78a7f90c01fc2bfc875782a0d4922b37cde2cf184ce347b91316d23cd7f69a36?s=96&d=mm&r=g\",\"url\":\"https:\\\/\\\/secure.gravatar.com\\\/avatar\\\/78a7f90c01fc2bfc875782a0d4922b37cde2cf184ce347b91316d23cd7f69a36?s=96&d=mm&r=g\",\"contentUrl\":\"https:\\\/\\\/secure.gravatar.com\\\/avatar\\\/78a7f90c01fc2bfc875782a0d4922b37cde2cf184ce347b91316d23cd7f69a36?s=96&d=mm&r=g\",\"caption\":\"galledia\"},\"sameAs\":[\"https:\\\/\\\/x.com\\\/admin\"],\"url\":\"https:\\\/\\\/www.organisator.ch\\\/it\\\/author\\\/galledia\\\/\"}]}<\/script>\n<!-- \/ Yoast SEO plugin. -->","yoast_head_json":{"title":"Rinforzo per giugno nell'area dello storytelling e della comunicazione della sostenibilit\u00e0 - Organizzatore","description":"L'agenzia zurighese June rafforza la sua consulenza in materia di storytelling e sostenibilit\u00e0 con Marco Meroni come Co-Head e Sara Gutierrez-Osmani come Senior Consultant.","robots":{"index":"index","follow":"follow","max-snippet":"max-snippet:-1","max-image-preview":"max-image-preview:large","max-video-preview":"max-video-preview:-1"},"canonical":"https:\/\/www.organisator.ch\/it\/marketing\/2025-03-03\/verstaerkung-fuer-june-im-bereich-storytelling-und-nachhaltigkeitskommunikation\/","og_locale":"it_IT","og_type":"article","og_title":"Verst\u00e4rkung f\u00fcr June im Bereich Storytelling und Nachhaltigkeitskommunikation - Organisator","og_description":"Die Z\u00fcrcher Agentur June st\u00e4rkt ihre Storytelling- und Nachhaltigkeitsberatung mit Marco Meroni als Co-Leiter und Sara Gutierrez-Osmani als Senior Beraterin.","og_url":"https:\/\/www.organisator.ch\/it\/marketing\/2025-03-03\/verstaerkung-fuer-june-im-bereich-storytelling-und-nachhaltigkeitskommunikation\/","og_site_name":"Organisator","article_publisher":"https:\/\/www.facebook.com\/OrganisatorFachmagazin","article_published_time":"2025-03-03T07:11:45+00:00","author":"galledia","twitter_card":"summary_large_image","twitter_creator":"@admin","schema":{"@context":"https:\/\/schema.org","@graph":[{"@type":"Article","@id":"https:\/\/www.organisator.ch\/marketing\/2025-03-03\/verstaerkung-fuer-june-im-bereich-storytelling-und-nachhaltigkeitskommunikation\/#article","isPartOf":{"@id":"https:\/\/www.organisator.ch\/marketing\/2025-03-03\/verstaerkung-fuer-june-im-bereich-storytelling-und-nachhaltigkeitskommunikation\/"},"author":{"name":"galledia","@id":"https:\/\/www.organisator.ch\/#\/schema\/person\/4e51799071cd2dd1232ac003643ef5f0"},"headline":"Verst\u00e4rkung f\u00fcr June im Bereich Storytelling und Nachhaltigkeitskommunikation","datePublished":"2025-03-03T07:11:45+00:00","mainEntityOfPage":{"@id":"https:\/\/www.organisator.ch\/marketing\/2025-03-03\/verstaerkung-fuer-june-im-bereich-storytelling-und-nachhaltigkeitskommunikation\/"},"wordCount":167,"publisher":{"@id":"https:\/\/www.organisator.ch\/#organization"},"image":{"@id":"https:\/\/www.organisator.ch\/marketing\/2025-03-03\/verstaerkung-fuer-june-im-bereich-storytelling-und-nachhaltigkeitskommunikation\/#primaryimage"},"thumbnailUrl":"https:\/\/www.markt-kom.com\/wp-content\/uploads\/2025\/02\/JUNE_Meroni-Gutierrez-Neu.jpg","keywords":["Business","Jobchange","Jung von Matt June"],"articleSection":["MARKETING"],"inLanguage":"it-IT"},{"@type":"WebPage","@id":"https:\/\/www.organisator.ch\/marketing\/2025-03-03\/verstaerkung-fuer-june-im-bereich-storytelling-und-nachhaltigkeitskommunikation\/","url":"https:\/\/www.organisator.ch\/marketing\/2025-03-03\/verstaerkung-fuer-june-im-bereich-storytelling-und-nachhaltigkeitskommunikation\/","name":"Rinforzo per giugno nell'area dello storytelling e della comunicazione della sostenibilit\u00e0 - Organizzatore","isPartOf":{"@id":"https:\/\/www.organisator.ch\/#website"},"primaryImageOfPage":{"@id":"https:\/\/www.organisator.ch\/marketing\/2025-03-03\/verstaerkung-fuer-june-im-bereich-storytelling-und-nachhaltigkeitskommunikation\/#primaryimage"},"image":{"@id":"https:\/\/www.organisator.ch\/marketing\/2025-03-03\/verstaerkung-fuer-june-im-bereich-storytelling-und-nachhaltigkeitskommunikation\/#primaryimage"},"thumbnailUrl":"https:\/\/www.markt-kom.com\/wp-content\/uploads\/2025\/02\/JUNE_Meroni-Gutierrez-Neu.jpg","datePublished":"2025-03-03T07:11:45+00:00","description":"L'agenzia zurighese June rafforza la sua consulenza in materia di storytelling e sostenibilit\u00e0 con Marco Meroni come Co-Head e Sara Gutierrez-Osmani come Senior Consultant.","breadcrumb":{"@id":"https:\/\/www.organisator.ch\/marketing\/2025-03-03\/verstaerkung-fuer-june-im-bereich-storytelling-und-nachhaltigkeitskommunikation\/#breadcrumb"},"inLanguage":"it-IT","potentialAction":[{"@type":"ReadAction","target":["https:\/\/www.organisator.ch\/marketing\/2025-03-03\/verstaerkung-fuer-june-im-bereich-storytelling-und-nachhaltigkeitskommunikation\/"]}]},{"@type":"ImageObject","inLanguage":"it-IT","@id":"https:\/\/www.organisator.ch\/marketing\/2025-03-03\/verstaerkung-fuer-june-im-bereich-storytelling-und-nachhaltigkeitskommunikation\/#primaryimage","url":"https:\/\/www.markt-kom.com\/wp-content\/uploads\/2025\/02\/JUNE_Meroni-Gutierrez-Neu.jpg","contentUrl":"https:\/\/www.markt-kom.com\/wp-content\/uploads\/2025\/02\/JUNE_Meroni-Gutierrez-Neu.jpg"},{"@type":"BreadcrumbList","@id":"https:\/\/www.organisator.ch\/marketing\/2025-03-03\/verstaerkung-fuer-june-im-bereich-storytelling-und-nachhaltigkeitskommunikation\/#breadcrumb","itemListElement":[{"@type":"ListItem","position":1,"name":"Home","item":"https:\/\/www.organisator.ch\/"},{"@type":"ListItem","position":2,"name":"Verst\u00e4rkung f\u00fcr June im Bereich Storytelling und Nachhaltigkeitskommunikation"}]},{"@type":"WebSite","@id":"https:\/\/www.organisator.ch\/#website","url":"https:\/\/www.organisator.ch\/","name":"Organizzatore","description":"Competente. Pratico. In 10 numeri all'anno, ORGANISATOR presenta i temi essenziali per i manager delle PMI.","publisher":{"@id":"https:\/\/www.organisator.ch\/#organization"},"potentialAction":[{"@type":"SearchAction","target":{"@type":"EntryPoint","urlTemplate":"https:\/\/www.organisator.ch\/?s={search_term_string}"},"query-input":{"@type":"PropertyValueSpecification","valueRequired":true,"valueName":"search_term_string"}}],"inLanguage":"it-IT"},{"@type":"Organization","@id":"https:\/\/www.organisator.ch\/#organization","name":"Organizzatore","url":"https:\/\/www.organisator.ch\/","logo":{"@type":"ImageObject","inLanguage":"it-IT","@id":"https:\/\/www.organisator.ch\/#\/schema\/logo\/image\/","url":"https:\/\/www.organisator.ch\/wp-content\/uploads\/2022\/01\/Logo_Organisator_Website.png","contentUrl":"https:\/\/www.organisator.ch\/wp-content\/uploads\/2022\/01\/Logo_Organisator_Website.png","width":800,"height":77,"caption":"Organisator"},"image":{"@id":"https:\/\/www.organisator.ch\/#\/schema\/logo\/image\/"},"sameAs":["https:\/\/www.facebook.com\/OrganisatorFachmagazin","https:\/\/www.linkedin.com\/showcase\/organisator-das-magazin-fr-kmu","https:\/\/www.xing.com\/news\/pages\/organisator-ch-695","https:\/\/www.youtube.com\/channel\/UCGP2Sq0iWaZwT3BdIAQFYpw"]},{"@type":"Person","@id":"https:\/\/www.organisator.ch\/#\/schema\/person\/4e51799071cd2dd1232ac003643ef5f0","name":"galledia","image":{"@type":"ImageObject","inLanguage":"it-IT","@id":"https:\/\/secure.gravatar.com\/avatar\/78a7f90c01fc2bfc875782a0d4922b37cde2cf184ce347b91316d23cd7f69a36?s=96&d=mm&r=g","url":"https:\/\/secure.gravatar.com\/avatar\/78a7f90c01fc2bfc875782a0d4922b37cde2cf184ce347b91316d23cd7f69a36?s=96&d=mm&r=g","contentUrl":"https:\/\/secure.gravatar.com\/avatar\/78a7f90c01fc2bfc875782a0d4922b37cde2cf184ce347b91316d23cd7f69a36?s=96&d=mm&r=g","caption":"galledia"},"sameAs":["https:\/\/x.com\/admin"],"url":"https:\/\/www.organisator.ch\/it\/author\/galledia\/"}]}},"_links":{"self":[{"href":"https:\/\/www.organisator.ch\/it\/wp-json\/wp\/v2\/posts\/36537","targetHints":{"allow":["GET"]}}],"collection":[{"href":"https:\/\/www.organisator.ch\/it\/wp-json\/wp\/v2\/posts"}],"about":[{"href":"https:\/\/www.organisator.ch\/it\/wp-json\/wp\/v2\/types\/post"}],"author":[{"embeddable":true,"href":"https:\/\/www.organisator.ch\/it\/wp-json\/wp\/v2\/users\/8"}],"replies":[{"embeddable":true,"href":"https:\/\/www.organisator.ch\/it\/wp-json\/wp\/v2\/comments?post=36537"}],"version-history":[{"count":4,"href":"https:\/\/www.organisator.ch\/it\/wp-json\/wp\/v2\/posts\/36537\/revisions"}],"predecessor-version":[{"id":36550,"href":"https:\/\/www.organisator.ch\/it\/wp-json\/wp\/v2\/posts\/36537\/revisions\/36550"}],"wp:attachment":[{"href":"https:\/\/www.organisator.ch\/it\/wp-json\/wp\/v2\/media?parent=36537"}],"wp:term":[{"taxonomy":"category","embeddable":true,"href":"https:\/\/www.organisator.ch\/it\/wp-json\/wp\/v2\/categories?post=36537"},{"taxonomy":"post_tag","embeddable":true,"href":"https:\/\/www.organisator.ch\/it\/wp-json\/wp\/v2\/tags?post=36537"}],"curies":[{"name":"wp","href":"https:\/\/api.w.org\/{rel}","templated":true}]}}