{"id":36545,"date":"2025-03-03T09:19:19","date_gmt":"2025-03-03T08:19:19","guid":{"rendered":"https:\/\/www.organisator.ch\/?p=36545"},"modified":"2025-03-03T09:19:19","modified_gmt":"2025-03-03T08:19:19","slug":"angelo-accardi-wird-neuer-ceo-von-forvis-mazars-in-der-schweiz","status":"publish","type":"post","link":"https:\/\/www.organisator.ch\/it\/management\/2025-03-03\/angelo-accardi-wird-neuer-ceo-von-forvis-mazars-in-der-schweiz\/","title":{"rendered":"Angelo Accardi diventa il nuovo CEO di Forvis Mazars in Svizzera"},"content":{"rendered":"<figure id=\"attachment_36547\" aria-describedby=\"caption-attachment-36547\" style=\"width: 680px\" class=\"wp-caption alignnone\"><img loading=\"lazy\" decoding=\"async\" class=\"size-full wp-image-36547\" src=\"https:\/\/www.organisator.ch\/wp-content\/uploads\/2025\/03\/Forvis-Mazars_Bild_ps.jpg\" alt=\"\" width=\"680\" height=\"453\" srcset=\"https:\/\/www.organisator.ch\/wp-content\/uploads\/2025\/03\/Forvis-Mazars_Bild_ps.jpg 680w, https:\/\/www.organisator.ch\/wp-content\/uploads\/2025\/03\/Forvis-Mazars_Bild_ps-18x12.jpg 18w, https:\/\/www.organisator.ch\/wp-content\/uploads\/2025\/03\/Forvis-Mazars_Bild_ps-375x250.jpg 375w, https:\/\/www.organisator.ch\/wp-content\/uploads\/2025\/03\/Forvis-Mazars_Bild_ps-525x350.jpg 525w\" sizes=\"auto, (max-width: 680px) 100vw, 680px\" \/><figcaption id=\"caption-attachment-36547\" class=\"wp-caption-text\">Angelo Accardi assumer\u00e0 la carica di CEO di Forvis Mazars Svizzera il 1\u00b0 marzo 2025 e guider\u00e0 l'azienda nel prossimo periodo strategico. (Immagine: Forvis Mazars)<\/figcaption><\/figure>\n<p>La partnership Forvis Mazars in Svizzera ha eletto Angelo Accardi nuovo CEO di Forvis Mazars. Il 42enne economista aziendale e revisore contabile qualificato pu\u00f2 vantare una lunga carriera presso Forvis Mazars in Svizzera. Ha iniziato la sua carriera nel 2008 come junior nel dipartimento di Audit &amp; Assurance per le compagnie assicurative ed \u00e8 stato uno dei primi dipendenti della sede di Zurigo. Nel 2020, Angelo Accardi \u00e8 stato nominato membro del Comitato esecutivo come responsabile dei servizi finanziari.<\/p>\n<p>\"Angelo ha salito con noi tutti i gradini della carriera, incarna i nostri valori e ora assume la direzione dell'azienda che lui stesso ha contribuito a costruire, per condurla nel prossimo periodo strategico\", afferma Jos\u00e9 Caneda, Presidente del Consiglio di Amministrazione di Forvis Mazars in Svizzera.<\/p>\n<h3><strong>Un'era di crescita e trasformazione<\/strong><\/h3>\n<p>Jos\u00e9 Caneda cede il suo incarico dopo nove anni di successi, durante i quali l'azienda ha subito un cambiamento fondamentale in Svizzera. Sotto la sua guida, Forvis Mazars \u00e8 passata da 100 a oltre 450 dipendenti in Svizzera. Con l'apertura di nuove sedi nella Svizzera occidentale e tedesca e il lancio di nuovi servizi nei settori della revisione contabile, della consulenza, della fiscalit\u00e0, dell'outsourcing, della consulenza finanziaria e della sostenibilit\u00e0, la societ\u00e0 di revisione e consulenza si \u00e8 affermata come partner affidabile per le PMI e le grandi aziende in Svizzera.<\/p>\n<p>Jos\u00e9 Caneda continuer\u00e0 a ricoprire la carica di Presidente del Consiglio di Amministrazione di Forvis Mazars in Svizzera dopo il passaggio del ruolo di CEO. Assumer\u00e0 anche compiti di gestione a livello di Gruppo.<\/p>\n<h3><strong>Focus su un'ulteriore crescita<\/strong><\/h3>\n<p>Nel nuovo periodo di strategia, Forvis Mazars continua a puntare a una crescita significativa in Svizzera per soddisfare la crescente domanda con servizi ampliati, ulteriori esperti e nuove sedi.<\/p>\n<p>\"Il fulcro della nostra strategia risiede nella promozione dei talenti e nell'ulteriore sviluppo della cultura aziendale unica che ci caratterizza. Questa cultura si basa su una forte combinazione di spirito imprenditoriale, spirito comunitario ed eccellenza. \u00c8 un elemento di differenziazione fondamentale per i nostri clienti e costituisce la base per la nostra crescita continua. Non vedo l'ora di guidare la nostra azienda nel prossimo periodo strategico insieme ai nostri dipendenti e ai nostri clienti\", afferma Angelo Accardi, CEO di Forvis Mazars in Svizzera.<\/p>\n<p><em>Fonte: <a href=\"http:\/\/www.forvismazars.com\/ch\">www.forvismazars.com\/ch<\/a><\/em><\/p>","protected":false},"excerpt":{"rendered":"<p>Angelo Accardi assumer\u00e0 la carica di nuovo amministratore delegato di Forvis Mazars in Svizzera il 1\u00b0 marzo 2025. Succede a Jos\u00e9 Caneda, che ha guidato e plasmato con successo l'azienda per nove anni.<\/p>","protected":false},"author":80,"featured_media":36547,"comment_status":"closed","ping_status":"closed","sticky":false,"template":"","format":"standard","meta":{"_acf_changed":false,"_yoast_wpseo_focuskw":"Angelo Accardi","_yoast_wpseo_metadesc":"Angelo Accardi \u00fcbernimmt am 1. M\u00e4rz 2025 als CEO von Forvis Mazars Schweiz und f\u00fchrt das Unternehmen in die n\u00e4chste Strategieperiode.","articlekey":"","footnotes":""},"categories":[28],"tags":[904,335,424,492],"class_list":["post-36545","post","type-post","status-publish","format-standard","has-post-thumbnail","hentry","category-management","tag-ceo","tag-management-und-unternehmensfuehrung","tag-schweiz","tag-unternehmen"],"acf":[],"yoast_head":"<!-- This site is optimized with the Yoast SEO plugin v27.5 - https:\/\/yoast.com\/product\/yoast-seo-wordpress\/ -->\n<title>Angelo Accardi wird neuer CEO von Forvis Mazars in der Schweiz - Organisator<\/title>\n<meta name=\"description\" content=\"Angelo Accardi \u00fcbernimmt am 1. M\u00e4rz 2025 als CEO von Forvis Mazars Schweiz und f\u00fchrt das Unternehmen in die n\u00e4chste Strategieperiode.\" \/>\n<meta name=\"robots\" content=\"index, follow, max-snippet:-1, max-image-preview:large, max-video-preview:-1\" \/>\n<link rel=\"canonical\" href=\"https:\/\/www.organisator.ch\/it\/gestione-2\/2025-03-03\/angelo-accardi-wird-neuer-ceo-von-forvis-mazars-in-der-schweiz\/\" \/>\n<meta property=\"og:locale\" content=\"it_IT\" \/>\n<meta property=\"og:type\" content=\"article\" \/>\n<meta property=\"og:title\" content=\"Forvis Mazars mit neuem CEO\" \/>\n<meta property=\"og:description\" content=\"Angelo Accardi \u00fcbernimmt am 1. M\u00e4rz 2025 als CEO von Forvis Mazars Schweiz und f\u00fchrt das Unternehmen in die n\u00e4chste Strategieperiode.\" \/>\n<meta property=\"og:url\" content=\"https:\/\/www.organisator.ch\/it\/gestione-2\/2025-03-03\/angelo-accardi-wird-neuer-ceo-von-forvis-mazars-in-der-schweiz\/\" \/>\n<meta property=\"og:site_name\" content=\"Organisator\" \/>\n<meta property=\"article:publisher\" content=\"https:\/\/www.facebook.com\/OrganisatorFachmagazin\" \/>\n<meta property=\"article:published_time\" content=\"2025-03-03T08:19:19+00:00\" \/>\n<meta property=\"og:image\" content=\"https:\/\/www.organisator.ch\/wp-content\/uploads\/2025\/03\/Forvis-Mazars_Bild_ps.jpg\" \/>\n\t<meta property=\"og:image:width\" content=\"680\" \/>\n\t<meta property=\"og:image:height\" content=\"453\" \/>\n\t<meta property=\"og:image:type\" content=\"image\/jpeg\" \/>\n<meta name=\"author\" content=\"Dzana Muminovic\" \/>\n<meta name=\"twitter:card\" content=\"summary_large_image\" \/>\n<meta name=\"twitter:title\" content=\"Forvis Mazars mit neuem CEO\" \/>\n<meta name=\"twitter:description\" content=\"#Angelo #Accardi \u00fcbernimmt am 1. M\u00e4rz 2025 als #CEO von #Forvis #Mazars #Schweiz und f\u00fchrt das #Unternehmen in die n\u00e4chste #Strategieperiode.\" \/>\n<meta name=\"twitter:image\" content=\"https:\/\/www.organisator.ch\/wp-content\/uploads\/2025\/03\/Forvis-Mazars_Bild_ps.jpg\" \/>\n<script type=\"application\/ld+json\" class=\"yoast-schema-graph\">{\"@context\":\"https:\\\/\\\/schema.org\",\"@graph\":[{\"@type\":\"Article\",\"@id\":\"https:\\\/\\\/www.organisator.ch\\\/management\\\/2025-03-03\\\/angelo-accardi-wird-neuer-ceo-von-forvis-mazars-in-der-schweiz\\\/#article\",\"isPartOf\":{\"@id\":\"https:\\\/\\\/www.organisator.ch\\\/management\\\/2025-03-03\\\/angelo-accardi-wird-neuer-ceo-von-forvis-mazars-in-der-schweiz\\\/\"},\"author\":{\"name\":\"Dzana Muminovic\",\"@id\":\"https:\\\/\\\/www.organisator.ch\\\/#\\\/schema\\\/person\\\/afccda3a71c06d4be2ed9100dd163db7\"},\"headline\":\"Angelo Accardi wird neuer CEO von Forvis Mazars in der Schweiz\",\"datePublished\":\"2025-03-03T08:19:19+00:00\",\"mainEntityOfPage\":{\"@id\":\"https:\\\/\\\/www.organisator.ch\\\/management\\\/2025-03-03\\\/angelo-accardi-wird-neuer-ceo-von-forvis-mazars-in-der-schweiz\\\/\"},\"wordCount\":423,\"publisher\":{\"@id\":\"https:\\\/\\\/www.organisator.ch\\\/#organization\"},\"image\":{\"@id\":\"https:\\\/\\\/www.organisator.ch\\\/management\\\/2025-03-03\\\/angelo-accardi-wird-neuer-ceo-von-forvis-mazars-in-der-schweiz\\\/#primaryimage\"},\"thumbnailUrl\":\"https:\\\/\\\/www.organisator.ch\\\/wp-content\\\/uploads\\\/2025\\\/03\\\/Forvis-Mazars_Bild_ps.jpg\",\"keywords\":[\"CEO\",\"Management und Unternehmensf\u00fchrung\",\"Schweiz\",\"Unternehmen\"],\"articleSection\":[\"MANAGEMENT\"],\"inLanguage\":\"it-IT\"},{\"@type\":\"WebPage\",\"@id\":\"https:\\\/\\\/www.organisator.ch\\\/management\\\/2025-03-03\\\/angelo-accardi-wird-neuer-ceo-von-forvis-mazars-in-der-schweiz\\\/\",\"url\":\"https:\\\/\\\/www.organisator.ch\\\/management\\\/2025-03-03\\\/angelo-accardi-wird-neuer-ceo-von-forvis-mazars-in-der-schweiz\\\/\",\"name\":\"Angelo Accardi wird neuer CEO von Forvis Mazars in der Schweiz - Organisator\",\"isPartOf\":{\"@id\":\"https:\\\/\\\/www.organisator.ch\\\/#website\"},\"primaryImageOfPage\":{\"@id\":\"https:\\\/\\\/www.organisator.ch\\\/management\\\/2025-03-03\\\/angelo-accardi-wird-neuer-ceo-von-forvis-mazars-in-der-schweiz\\\/#primaryimage\"},\"image\":{\"@id\":\"https:\\\/\\\/www.organisator.ch\\\/management\\\/2025-03-03\\\/angelo-accardi-wird-neuer-ceo-von-forvis-mazars-in-der-schweiz\\\/#primaryimage\"},\"thumbnailUrl\":\"https:\\\/\\\/www.organisator.ch\\\/wp-content\\\/uploads\\\/2025\\\/03\\\/Forvis-Mazars_Bild_ps.jpg\",\"datePublished\":\"2025-03-03T08:19:19+00:00\",\"description\":\"Angelo Accardi \u00fcbernimmt am 1. M\u00e4rz 2025 als CEO von Forvis Mazars Schweiz und f\u00fchrt das Unternehmen in die n\u00e4chste Strategieperiode.\",\"breadcrumb\":{\"@id\":\"https:\\\/\\\/www.organisator.ch\\\/management\\\/2025-03-03\\\/angelo-accardi-wird-neuer-ceo-von-forvis-mazars-in-der-schweiz\\\/#breadcrumb\"},\"inLanguage\":\"it-IT\",\"potentialAction\":[{\"@type\":\"ReadAction\",\"target\":[\"https:\\\/\\\/www.organisator.ch\\\/management\\\/2025-03-03\\\/angelo-accardi-wird-neuer-ceo-von-forvis-mazars-in-der-schweiz\\\/\"]}]},{\"@type\":\"ImageObject\",\"inLanguage\":\"it-IT\",\"@id\":\"https:\\\/\\\/www.organisator.ch\\\/management\\\/2025-03-03\\\/angelo-accardi-wird-neuer-ceo-von-forvis-mazars-in-der-schweiz\\\/#primaryimage\",\"url\":\"https:\\\/\\\/www.organisator.ch\\\/wp-content\\\/uploads\\\/2025\\\/03\\\/Forvis-Mazars_Bild_ps.jpg\",\"contentUrl\":\"https:\\\/\\\/www.organisator.ch\\\/wp-content\\\/uploads\\\/2025\\\/03\\\/Forvis-Mazars_Bild_ps.jpg\",\"width\":680,\"height\":453,\"caption\":\"Angelo Accardi \u00fcbernimmt am 1. M\u00e4rz 2025 als CEO von Forvis Mazars Schweiz und f\u00fchrt das Unternehmen in die n\u00e4chste Strategieperiode. (Bild: Forvis Mazars)\"},{\"@type\":\"BreadcrumbList\",\"@id\":\"https:\\\/\\\/www.organisator.ch\\\/management\\\/2025-03-03\\\/angelo-accardi-wird-neuer-ceo-von-forvis-mazars-in-der-schweiz\\\/#breadcrumb\",\"itemListElement\":[{\"@type\":\"ListItem\",\"position\":1,\"name\":\"Home\",\"item\":\"https:\\\/\\\/www.organisator.ch\\\/\"},{\"@type\":\"ListItem\",\"position\":2,\"name\":\"Angelo Accardi wird neuer CEO von Forvis Mazars in der Schweiz\"}]},{\"@type\":\"WebSite\",\"@id\":\"https:\\\/\\\/www.organisator.ch\\\/#website\",\"url\":\"https:\\\/\\\/www.organisator.ch\\\/\",\"name\":\"Organisator\",\"description\":\"Kompetent. Praxisnah. Der ORGANISATOR bereitet in 10 Ausgaben pro Jahr die wesentlichen Themen f\u00fcr F\u00fchrungskr\u00e4fte von KMU auf.\",\"publisher\":{\"@id\":\"https:\\\/\\\/www.organisator.ch\\\/#organization\"},\"potentialAction\":[{\"@type\":\"SearchAction\",\"target\":{\"@type\":\"EntryPoint\",\"urlTemplate\":\"https:\\\/\\\/www.organisator.ch\\\/?s={search_term_string}\"},\"query-input\":{\"@type\":\"PropertyValueSpecification\",\"valueRequired\":true,\"valueName\":\"search_term_string\"}}],\"inLanguage\":\"it-IT\"},{\"@type\":\"Organization\",\"@id\":\"https:\\\/\\\/www.organisator.ch\\\/#organization\",\"name\":\"Organisator\",\"url\":\"https:\\\/\\\/www.organisator.ch\\\/\",\"logo\":{\"@type\":\"ImageObject\",\"inLanguage\":\"it-IT\",\"@id\":\"https:\\\/\\\/www.organisator.ch\\\/#\\\/schema\\\/logo\\\/image\\\/\",\"url\":\"https:\\\/\\\/www.organisator.ch\\\/wp-content\\\/uploads\\\/2022\\\/01\\\/Logo_Organisator_Website.png\",\"contentUrl\":\"https:\\\/\\\/www.organisator.ch\\\/wp-content\\\/uploads\\\/2022\\\/01\\\/Logo_Organisator_Website.png\",\"width\":800,\"height\":77,\"caption\":\"Organisator\"},\"image\":{\"@id\":\"https:\\\/\\\/www.organisator.ch\\\/#\\\/schema\\\/logo\\\/image\\\/\"},\"sameAs\":[\"https:\\\/\\\/www.facebook.com\\\/OrganisatorFachmagazin\",\"https:\\\/\\\/www.linkedin.com\\\/showcase\\\/organisator-das-magazin-fr-kmu\",\"https:\\\/\\\/www.xing.com\\\/news\\\/pages\\\/organisator-ch-695\",\"https:\\\/\\\/www.youtube.com\\\/channel\\\/UCGP2Sq0iWaZwT3BdIAQFYpw\"]},{\"@type\":\"Person\",\"@id\":\"https:\\\/\\\/www.organisator.ch\\\/#\\\/schema\\\/person\\\/afccda3a71c06d4be2ed9100dd163db7\",\"name\":\"Dzana Muminovic\",\"image\":{\"@type\":\"ImageObject\",\"inLanguage\":\"it-IT\",\"@id\":\"https:\\\/\\\/secure.gravatar.com\\\/avatar\\\/909c5c71aff4b38e88686f2ab2f1ba152571f394f41ed8bae431ea56ced93050?s=96&d=mm&r=g\",\"url\":\"https:\\\/\\\/secure.gravatar.com\\\/avatar\\\/909c5c71aff4b38e88686f2ab2f1ba152571f394f41ed8bae431ea56ced93050?s=96&d=mm&r=g\",\"contentUrl\":\"https:\\\/\\\/secure.gravatar.com\\\/avatar\\\/909c5c71aff4b38e88686f2ab2f1ba152571f394f41ed8bae431ea56ced93050?s=96&d=mm&r=g\",\"caption\":\"Dzana Muminovic\"},\"url\":\"https:\\\/\\\/www.organisator.ch\\\/it\\\/author\\\/dzana-muminovic\\\/\"}]}<\/script>\n<!-- \/ Yoast SEO plugin. -->","yoast_head_json":{"title":"Angelo Accardi diventa il nuovo CEO di Forvis Mazars in Svizzera - Organizzatore","description":"Angelo Accardi assumer\u00e0 la carica di CEO di Forvis Mazars Svizzera il 1\u00b0 marzo 2025 e guider\u00e0 l'azienda nel prossimo periodo strategico.","robots":{"index":"index","follow":"follow","max-snippet":"max-snippet:-1","max-image-preview":"max-image-preview:large","max-video-preview":"max-video-preview:-1"},"canonical":"https:\/\/www.organisator.ch\/it\/gestione-2\/2025-03-03\/angelo-accardi-wird-neuer-ceo-von-forvis-mazars-in-der-schweiz\/","og_locale":"it_IT","og_type":"article","og_title":"Forvis Mazars mit neuem CEO","og_description":"Angelo Accardi \u00fcbernimmt am 1. M\u00e4rz 2025 als CEO von Forvis Mazars Schweiz und f\u00fchrt das Unternehmen in die n\u00e4chste Strategieperiode.","og_url":"https:\/\/www.organisator.ch\/it\/gestione-2\/2025-03-03\/angelo-accardi-wird-neuer-ceo-von-forvis-mazars-in-der-schweiz\/","og_site_name":"Organisator","article_publisher":"https:\/\/www.facebook.com\/OrganisatorFachmagazin","article_published_time":"2025-03-03T08:19:19+00:00","og_image":[{"width":680,"height":453,"url":"https:\/\/www.organisator.ch\/wp-content\/uploads\/2025\/03\/Forvis-Mazars_Bild_ps.jpg","type":"image\/jpeg"}],"author":"Dzana Muminovic","twitter_card":"summary_large_image","twitter_title":"Forvis Mazars mit neuem CEO","twitter_description":"#Angelo #Accardi \u00fcbernimmt am 1. M\u00e4rz 2025 als #CEO von #Forvis #Mazars #Schweiz und f\u00fchrt das #Unternehmen in die n\u00e4chste #Strategieperiode.","twitter_image":"https:\/\/www.organisator.ch\/wp-content\/uploads\/2025\/03\/Forvis-Mazars_Bild_ps.jpg","schema":{"@context":"https:\/\/schema.org","@graph":[{"@type":"Article","@id":"https:\/\/www.organisator.ch\/management\/2025-03-03\/angelo-accardi-wird-neuer-ceo-von-forvis-mazars-in-der-schweiz\/#article","isPartOf":{"@id":"https:\/\/www.organisator.ch\/management\/2025-03-03\/angelo-accardi-wird-neuer-ceo-von-forvis-mazars-in-der-schweiz\/"},"author":{"name":"Dzana Muminovic","@id":"https:\/\/www.organisator.ch\/#\/schema\/person\/afccda3a71c06d4be2ed9100dd163db7"},"headline":"Angelo Accardi wird neuer CEO von Forvis Mazars in der Schweiz","datePublished":"2025-03-03T08:19:19+00:00","mainEntityOfPage":{"@id":"https:\/\/www.organisator.ch\/management\/2025-03-03\/angelo-accardi-wird-neuer-ceo-von-forvis-mazars-in-der-schweiz\/"},"wordCount":423,"publisher":{"@id":"https:\/\/www.organisator.ch\/#organization"},"image":{"@id":"https:\/\/www.organisator.ch\/management\/2025-03-03\/angelo-accardi-wird-neuer-ceo-von-forvis-mazars-in-der-schweiz\/#primaryimage"},"thumbnailUrl":"https:\/\/www.organisator.ch\/wp-content\/uploads\/2025\/03\/Forvis-Mazars_Bild_ps.jpg","keywords":["CEO","Management und Unternehmensf\u00fchrung","Schweiz","Unternehmen"],"articleSection":["MANAGEMENT"],"inLanguage":"it-IT"},{"@type":"WebPage","@id":"https:\/\/www.organisator.ch\/management\/2025-03-03\/angelo-accardi-wird-neuer-ceo-von-forvis-mazars-in-der-schweiz\/","url":"https:\/\/www.organisator.ch\/management\/2025-03-03\/angelo-accardi-wird-neuer-ceo-von-forvis-mazars-in-der-schweiz\/","name":"Angelo Accardi diventa il nuovo CEO di Forvis Mazars in Svizzera - Organizzatore","isPartOf":{"@id":"https:\/\/www.organisator.ch\/#website"},"primaryImageOfPage":{"@id":"https:\/\/www.organisator.ch\/management\/2025-03-03\/angelo-accardi-wird-neuer-ceo-von-forvis-mazars-in-der-schweiz\/#primaryimage"},"image":{"@id":"https:\/\/www.organisator.ch\/management\/2025-03-03\/angelo-accardi-wird-neuer-ceo-von-forvis-mazars-in-der-schweiz\/#primaryimage"},"thumbnailUrl":"https:\/\/www.organisator.ch\/wp-content\/uploads\/2025\/03\/Forvis-Mazars_Bild_ps.jpg","datePublished":"2025-03-03T08:19:19+00:00","description":"Angelo Accardi assumer\u00e0 la carica di CEO di Forvis Mazars Svizzera il 1\u00b0 marzo 2025 e guider\u00e0 l'azienda nel prossimo periodo strategico.","breadcrumb":{"@id":"https:\/\/www.organisator.ch\/management\/2025-03-03\/angelo-accardi-wird-neuer-ceo-von-forvis-mazars-in-der-schweiz\/#breadcrumb"},"inLanguage":"it-IT","potentialAction":[{"@type":"ReadAction","target":["https:\/\/www.organisator.ch\/management\/2025-03-03\/angelo-accardi-wird-neuer-ceo-von-forvis-mazars-in-der-schweiz\/"]}]},{"@type":"ImageObject","inLanguage":"it-IT","@id":"https:\/\/www.organisator.ch\/management\/2025-03-03\/angelo-accardi-wird-neuer-ceo-von-forvis-mazars-in-der-schweiz\/#primaryimage","url":"https:\/\/www.organisator.ch\/wp-content\/uploads\/2025\/03\/Forvis-Mazars_Bild_ps.jpg","contentUrl":"https:\/\/www.organisator.ch\/wp-content\/uploads\/2025\/03\/Forvis-Mazars_Bild_ps.jpg","width":680,"height":453,"caption":"Angelo Accardi \u00fcbernimmt am 1. M\u00e4rz 2025 als CEO von Forvis Mazars Schweiz und f\u00fchrt das Unternehmen in die n\u00e4chste Strategieperiode. (Bild: Forvis Mazars)"},{"@type":"BreadcrumbList","@id":"https:\/\/www.organisator.ch\/management\/2025-03-03\/angelo-accardi-wird-neuer-ceo-von-forvis-mazars-in-der-schweiz\/#breadcrumb","itemListElement":[{"@type":"ListItem","position":1,"name":"Home","item":"https:\/\/www.organisator.ch\/"},{"@type":"ListItem","position":2,"name":"Angelo Accardi wird neuer CEO von Forvis Mazars in der Schweiz"}]},{"@type":"WebSite","@id":"https:\/\/www.organisator.ch\/#website","url":"https:\/\/www.organisator.ch\/","name":"Organizzatore","description":"Competente. Pratico. In 10 numeri all'anno, ORGANISATOR presenta i temi essenziali per i manager delle PMI.","publisher":{"@id":"https:\/\/www.organisator.ch\/#organization"},"potentialAction":[{"@type":"SearchAction","target":{"@type":"EntryPoint","urlTemplate":"https:\/\/www.organisator.ch\/?s={search_term_string}"},"query-input":{"@type":"PropertyValueSpecification","valueRequired":true,"valueName":"search_term_string"}}],"inLanguage":"it-IT"},{"@type":"Organization","@id":"https:\/\/www.organisator.ch\/#organization","name":"Organizzatore","url":"https:\/\/www.organisator.ch\/","logo":{"@type":"ImageObject","inLanguage":"it-IT","@id":"https:\/\/www.organisator.ch\/#\/schema\/logo\/image\/","url":"https:\/\/www.organisator.ch\/wp-content\/uploads\/2022\/01\/Logo_Organisator_Website.png","contentUrl":"https:\/\/www.organisator.ch\/wp-content\/uploads\/2022\/01\/Logo_Organisator_Website.png","width":800,"height":77,"caption":"Organisator"},"image":{"@id":"https:\/\/www.organisator.ch\/#\/schema\/logo\/image\/"},"sameAs":["https:\/\/www.facebook.com\/OrganisatorFachmagazin","https:\/\/www.linkedin.com\/showcase\/organisator-das-magazin-fr-kmu","https:\/\/www.xing.com\/news\/pages\/organisator-ch-695","https:\/\/www.youtube.com\/channel\/UCGP2Sq0iWaZwT3BdIAQFYpw"]},{"@type":"Person","@id":"https:\/\/www.organisator.ch\/#\/schema\/person\/afccda3a71c06d4be2ed9100dd163db7","name":"Dzana Muminovic","image":{"@type":"ImageObject","inLanguage":"it-IT","@id":"https:\/\/secure.gravatar.com\/avatar\/909c5c71aff4b38e88686f2ab2f1ba152571f394f41ed8bae431ea56ced93050?s=96&d=mm&r=g","url":"https:\/\/secure.gravatar.com\/avatar\/909c5c71aff4b38e88686f2ab2f1ba152571f394f41ed8bae431ea56ced93050?s=96&d=mm&r=g","contentUrl":"https:\/\/secure.gravatar.com\/avatar\/909c5c71aff4b38e88686f2ab2f1ba152571f394f41ed8bae431ea56ced93050?s=96&d=mm&r=g","caption":"Dzana Muminovic"},"url":"https:\/\/www.organisator.ch\/it\/author\/dzana-muminovic\/"}]}},"_links":{"self":[{"href":"https:\/\/www.organisator.ch\/it\/wp-json\/wp\/v2\/posts\/36545","targetHints":{"allow":["GET"]}}],"collection":[{"href":"https:\/\/www.organisator.ch\/it\/wp-json\/wp\/v2\/posts"}],"about":[{"href":"https:\/\/www.organisator.ch\/it\/wp-json\/wp\/v2\/types\/post"}],"author":[{"embeddable":true,"href":"https:\/\/www.organisator.ch\/it\/wp-json\/wp\/v2\/users\/80"}],"replies":[{"embeddable":true,"href":"https:\/\/www.organisator.ch\/it\/wp-json\/wp\/v2\/comments?post=36545"}],"version-history":[{"count":5,"href":"https:\/\/www.organisator.ch\/it\/wp-json\/wp\/v2\/posts\/36545\/revisions"}],"predecessor-version":[{"id":36602,"href":"https:\/\/www.organisator.ch\/it\/wp-json\/wp\/v2\/posts\/36545\/revisions\/36602"}],"wp:featuredmedia":[{"embeddable":true,"href":"https:\/\/www.organisator.ch\/it\/wp-json\/wp\/v2\/media\/36547"}],"wp:attachment":[{"href":"https:\/\/www.organisator.ch\/it\/wp-json\/wp\/v2\/media?parent=36545"}],"wp:term":[{"taxonomy":"category","embeddable":true,"href":"https:\/\/www.organisator.ch\/it\/wp-json\/wp\/v2\/categories?post=36545"},{"taxonomy":"post_tag","embeddable":true,"href":"https:\/\/www.organisator.ch\/it\/wp-json\/wp\/v2\/tags?post=36545"}],"curies":[{"name":"wp","href":"https:\/\/api.w.org\/{rel}","templated":true}]}}