{"id":36563,"date":"2025-03-05T12:45:36","date_gmt":"2025-03-05T11:45:36","guid":{"rendered":"https:\/\/www.organisator.ch\/?p=36563"},"modified":"2025-03-05T11:47:26","modified_gmt":"2025-03-05T10:47:26","slug":"prix-svc-espace-mittelland-megasol-energie-ag","status":"publish","type":"post","link":"https:\/\/www.organisator.ch\/it\/sustainability\/2025-03-05\/prix-svc-espace-mittelland-megasol-energie-ag\/","title":{"rendered":"Premio SVC Espace Mittelland: Megasol Energie AG"},"content":{"rendered":"<figure id=\"attachment_36623\" aria-describedby=\"caption-attachment-36623\" style=\"width: 680px\" class=\"wp-caption alignnone\"><img loading=\"lazy\" decoding=\"async\" class=\"size-full wp-image-36623\" src=\"https:\/\/www.organisator.ch\/wp-content\/uploads\/2025\/03\/Megasol_Bild_ps-1.jpg\" alt=\"\" width=\"680\" height=\"383\" srcset=\"https:\/\/www.organisator.ch\/wp-content\/uploads\/2025\/03\/Megasol_Bild_ps-1.jpg 680w, https:\/\/www.organisator.ch\/wp-content\/uploads\/2025\/03\/Megasol_Bild_ps-1-18x10.jpg 18w, https:\/\/www.organisator.ch\/wp-content\/uploads\/2025\/03\/Megasol_Bild_ps-1-375x211.jpg 375w, https:\/\/www.organisator.ch\/wp-content\/uploads\/2025\/03\/Megasol_Bild_ps-1-621x350.jpg 621w\" sizes=\"auto, (max-width: 680px) 100vw, 680px\" \/><figcaption id=\"caption-attachment-36623\" class=\"wp-caption-text\">Megasol Energie AG \u00e8 un pioniere dei moduli solari e dei sistemi di montaggio con soluzioni innovative e sostenibili. (Immagine: Megasol Energie AG \/ www.megasol.ch)<\/figcaption><\/figure>\n<p>Megasol Energie AG \u00e8 uno dei principali produttori mondiali di moduli solari e sistemi di montaggio intelligenti. L'azienda, con sede a Deitingen (SO) e con uno stabilimento di produzione a Ningbo (Cina), impiega 220 persone e sviluppa sia moduli standard che soluzioni speciali con design e colori personalizzati. Megasol \u00e8 uno dei fornitori pi\u00f9 importanti in Europa, in particolare nel campo del fotovoltaico integrato negli edifici.<\/p>\n<p>Un dipartimento di ricerca interno collabora con partner rinomati al continuo sviluppo di design, estetica, produzione ed efficienza. In qualit\u00e0 di importante fornitore per l'industria e il commercio in Svizzera e in Europa, Megasol sta attivamente portando avanti il settore fotovoltaico.<\/p>\n<h3><strong>Da azienda di garage a produttore leader di energia solare<\/strong><\/h3>\n<p>La storia di Megasol inizia nel 1993, quando l'allora dodicenne Markus Gisler fonda l'azienda. Quella che era iniziata come una piccola start-up si \u00e8 trasformata in un produttore di moduli solari e sistemi di montaggio attivo a livello internazionale. Oggi Gisler guida l'azienda in qualit\u00e0 di CEO e Presidente del Consiglio di Amministrazione.<\/p>\n<p>L'azienda \u00e8 entrata nel mercato europeo aprendo uno stabilimento di produzione in Cina nel 2004. Altre tappe fondamentali sono state l'introduzione del sistema NICER per tetti (2012) e lo sviluppo di moduli solari colorati (2014), che consentono una perfetta integrazione nell'involucro dell'edificio. Grazie alla continua ricerca, alle strette collaborazioni con le universit\u00e0 e alle innovazioni tecnologiche come la tecnologia delle celle HiR, Megasol Energie AG sta definendo nuovi standard nel settore solare.<\/p>\n<h3><strong>Tecnologia e qualit\u00e0 eccellenti<\/strong><\/h3>\n<p data-start=\"121\" data-end=\"403\">Per garantire la massima qualit\u00e0 e durata, Megasol sottopone i suoi prodotti a rigorose procedure di test. Ogni modulo solare \u00e8 sottoposto a test di elettroluminescenza, esposizione ai raggi UV e flash test, garantendo la completa tracciabilit\u00e0 fino al lotto di materie prime.<\/p>\n<p data-start=\"405\" data-end=\"789\" data-is-last-node=\"\" data-is-only-node=\"\">Gli elevati standard di qualit\u00e0 e le innovazioni tecnologiche di Megasol sono ampiamente riconosciuti. L'azienda \u00e8 stata insignita di numerosi premi svizzeri ed europei nei settori dell'energia solare, dell'architettura e del design. Tra i pi\u00f9 prestigiosi, il Red Dot Design Award, il Premio Solare Svizzero e l'Export Award di Switzerland Global Enterprise.<\/p>\n<h3><strong>Riciclaggio, energie rinnovabili ed educazione<\/strong><\/h3>\n<p>Presso la sede centrale di Deitingen, l'intera produzione di elettricit\u00e0 dell'azienda \u00e8 generata dal proprio impianto solare e il processo di produzione privilegia costantemente materiali ecologici e riciclabili. L'azienda \u00e8 anche partner di PV Cycle e della Fondazione SENS per garantire che i suoi moduli solari siano quasi completamente riciclati. Megasol si assume anche una responsabilit\u00e0 sociale: con progetti come la Solar Learning Initiative e il progetto solare femminile in Nicaragua, l'azienda promuove la formazione nel settore solare e l'accesso all'energia sostenibile.<\/p>\n<p><em>Ulteriori informazioni: <a href=\"https:\/\/megasol.ch\/level\/?utm-content=&amp;utm_source=google&amp;utm_medium=cpc&amp;utm_campaign={20991813020}&amp;utm_term=&amp;hsa_acc=8132788727&amp;hsa_cam=21850051851&amp;hsa_grp=&amp;hsa_ad=&amp;hsa_src=x&amp;hsa_tgt=&amp;hsa_kw=&amp;hsa_mt=&amp;hsa_net=adwords&amp;hsa_ver=3&amp;gad_source=1&amp;gclid=CjwKCAiAw5W-BhAhEiwApv4goK0_tsvDjR9Xu_bRjnGrGpU85Vyn9tDAerTsFY8OV7u5C7r56iMgYBoCVwsQAvD_BwE\">www.megasol.ch<\/a>\u00a0\/\u00a0<a href=\"https:\/\/svc.swiss\/de\/event\/prix-svc-espace-mittelland-2025\">www.svc.swiss<\/a><\/em><\/p>\n<blockquote>\n<h3>Premio SVC Espace Mittelland 2025<\/h3>\n<p>La cerimonia di premiazione si terr\u00e0 mercoled\u00ec 12 marzo 2025 al Kursaal di Berna. Sono attesi circa 1.300 ospiti provenienti dal mondo dell'economia, della scienza, della politica e della cultura. Il Prix SVC Espace Mittelland \u00e8 stato assegnato per la prima volta nel 2003 e il 2025 sar\u00e0 la quindicesima edizione.\u00a0<a href=\"https:\/\/svc.swiss\/sites\/default\/files\/2025-01\/online_svc_leporello_a5_espacemittelland.pdf\">Ulteriori informazioni.<\/a><\/p>\n<\/blockquote>","protected":false},"excerpt":{"rendered":"<p>Il 12 marzo 2025, il Prix SVC Espace Mittelland sar\u00e0 assegnato per la 15a volta. Megasol Energie AG, con sede a Deitingen SO, \u00e8 tra i finalisti. Un breve ritratto di questo produttore di moduli solari e sistemi di montaggio, che sta contribuendo a plasmare il futuro del fotovoltaico con soluzioni innovative.<\/p>","protected":false},"author":80,"featured_media":0,"comment_status":"closed","ping_status":"closed","sticky":false,"template":"","format":"standard","meta":{"_acf_changed":false,"_yoast_wpseo_focuskw":"Megasol Energie AG","_yoast_wpseo_metadesc":"Megasol Energie AG ist Finalist beim Prix SVC Espace Mittelland 2025. Ein Kurzportr\u00e4t des innovativen Solarmodulherstellers.","articlekey":"","footnotes":""},"categories":[28,580],"tags":[66,1787,1908,391,492],"class_list":["post-36563","post","type-post","status-publish","format-standard","hentry","category-management","category-sustainability","tag-awards","tag-nachhaltigkeit","tag-photovoltaik","tag-prix-svc-espace-mittelland","tag-unternehmen"],"acf":[],"yoast_head":"<!-- This site is optimized with the Yoast SEO plugin v27.4 - https:\/\/yoast.com\/product\/yoast-seo-wordpress\/ -->\n<title>Prix SVC Espace Mittelland: Megasol Energie AG - Organisator<\/title>\n<meta name=\"description\" content=\"Megasol Energie AG ist Finalist beim Prix SVC Espace Mittelland 2025. Ein Kurzportr\u00e4t des innovativen Solarmodulherstellers.\" \/>\n<meta name=\"robots\" content=\"index, follow, max-snippet:-1, max-image-preview:large, max-video-preview:-1\" \/>\n<link rel=\"canonical\" href=\"https:\/\/www.organisator.ch\/it\/sostenibilita\/2025-03-05\/prix-svc-espace-mittelland-megasol-energie-ag\/\" \/>\n<meta property=\"og:locale\" content=\"it_IT\" \/>\n<meta property=\"og:type\" content=\"article\" \/>\n<meta property=\"og:title\" content=\"Prix SVC Espace Mittelland: Megasol Energie AG - Organisator\" \/>\n<meta property=\"og:description\" content=\"Megasol Energie AG ist Finalist beim Prix SVC Espace Mittelland 2025. Ein Kurzportr\u00e4t des innovativen Solarmodulherstellers.\" \/>\n<meta property=\"og:url\" content=\"https:\/\/www.organisator.ch\/it\/sostenibilita\/2025-03-05\/prix-svc-espace-mittelland-megasol-energie-ag\/\" \/>\n<meta property=\"og:site_name\" content=\"Organisator\" \/>\n<meta property=\"article:publisher\" content=\"https:\/\/www.facebook.com\/OrganisatorFachmagazin\" \/>\n<meta property=\"article:published_time\" content=\"2025-03-05T11:45:36+00:00\" \/>\n<meta property=\"og:image\" content=\"https:\/\/www.organisator.ch\/wp-content\/uploads\/2025\/03\/Megasol_Bild_ps-1.jpg\" \/>\n\t<meta property=\"og:image:width\" content=\"680\" \/>\n\t<meta property=\"og:image:height\" content=\"383\" \/>\n\t<meta property=\"og:image:type\" content=\"image\/jpeg\" \/>\n<meta name=\"author\" content=\"Dzana Muminovic\" \/>\n<meta name=\"twitter:card\" content=\"summary_large_image\" \/>\n<script type=\"application\/ld+json\" class=\"yoast-schema-graph\">{\"@context\":\"https:\\\/\\\/schema.org\",\"@graph\":[{\"@type\":\"Article\",\"@id\":\"https:\\\/\\\/www.organisator.ch\\\/sustainability\\\/2025-03-05\\\/prix-svc-espace-mittelland-megasol-energie-ag\\\/#article\",\"isPartOf\":{\"@id\":\"https:\\\/\\\/www.organisator.ch\\\/sustainability\\\/2025-03-05\\\/prix-svc-espace-mittelland-megasol-energie-ag\\\/\"},\"author\":{\"name\":\"Dzana Muminovic\",\"@id\":\"https:\\\/\\\/www.organisator.ch\\\/#\\\/schema\\\/person\\\/afccda3a71c06d4be2ed9100dd163db7\"},\"headline\":\"Prix SVC Espace Mittelland: Megasol Energie AG\",\"datePublished\":\"2025-03-05T11:45:36+00:00\",\"mainEntityOfPage\":{\"@id\":\"https:\\\/\\\/www.organisator.ch\\\/sustainability\\\/2025-03-05\\\/prix-svc-espace-mittelland-megasol-energie-ag\\\/\"},\"wordCount\":483,\"publisher\":{\"@id\":\"https:\\\/\\\/www.organisator.ch\\\/#organization\"},\"image\":{\"@id\":\"https:\\\/\\\/www.organisator.ch\\\/sustainability\\\/2025-03-05\\\/prix-svc-espace-mittelland-megasol-energie-ag\\\/#primaryimage\"},\"thumbnailUrl\":\"https:\\\/\\\/www.organisator.ch\\\/wp-content\\\/uploads\\\/2025\\\/03\\\/Megasol_Bild_ps-1.jpg\",\"keywords\":[\"Awards\",\"Nachhaltigkeit\",\"Photovoltaik\",\"Prix SVC Espace Mittelland\",\"Unternehmen\"],\"articleSection\":[\"MANAGEMENT\",\"SUSTAINABILITY\"],\"inLanguage\":\"it-IT\"},{\"@type\":\"WebPage\",\"@id\":\"https:\\\/\\\/www.organisator.ch\\\/sustainability\\\/2025-03-05\\\/prix-svc-espace-mittelland-megasol-energie-ag\\\/\",\"url\":\"https:\\\/\\\/www.organisator.ch\\\/sustainability\\\/2025-03-05\\\/prix-svc-espace-mittelland-megasol-energie-ag\\\/\",\"name\":\"Prix SVC Espace Mittelland: Megasol Energie AG - Organisator\",\"isPartOf\":{\"@id\":\"https:\\\/\\\/www.organisator.ch\\\/#website\"},\"primaryImageOfPage\":{\"@id\":\"https:\\\/\\\/www.organisator.ch\\\/sustainability\\\/2025-03-05\\\/prix-svc-espace-mittelland-megasol-energie-ag\\\/#primaryimage\"},\"image\":{\"@id\":\"https:\\\/\\\/www.organisator.ch\\\/sustainability\\\/2025-03-05\\\/prix-svc-espace-mittelland-megasol-energie-ag\\\/#primaryimage\"},\"thumbnailUrl\":\"https:\\\/\\\/www.organisator.ch\\\/wp-content\\\/uploads\\\/2025\\\/03\\\/Megasol_Bild_ps-1.jpg\",\"datePublished\":\"2025-03-05T11:45:36+00:00\",\"description\":\"Megasol Energie AG ist Finalist beim Prix SVC Espace Mittelland 2025. Ein Kurzportr\u00e4t des innovativen Solarmodulherstellers.\",\"breadcrumb\":{\"@id\":\"https:\\\/\\\/www.organisator.ch\\\/sustainability\\\/2025-03-05\\\/prix-svc-espace-mittelland-megasol-energie-ag\\\/#breadcrumb\"},\"inLanguage\":\"it-IT\",\"potentialAction\":[{\"@type\":\"ReadAction\",\"target\":[\"https:\\\/\\\/www.organisator.ch\\\/sustainability\\\/2025-03-05\\\/prix-svc-espace-mittelland-megasol-energie-ag\\\/\"]}]},{\"@type\":\"ImageObject\",\"inLanguage\":\"it-IT\",\"@id\":\"https:\\\/\\\/www.organisator.ch\\\/sustainability\\\/2025-03-05\\\/prix-svc-espace-mittelland-megasol-energie-ag\\\/#primaryimage\",\"url\":\"https:\\\/\\\/www.organisator.ch\\\/wp-content\\\/uploads\\\/2025\\\/03\\\/Megasol_Bild_ps-1.jpg\",\"contentUrl\":\"https:\\\/\\\/www.organisator.ch\\\/wp-content\\\/uploads\\\/2025\\\/03\\\/Megasol_Bild_ps-1.jpg\"},{\"@type\":\"BreadcrumbList\",\"@id\":\"https:\\\/\\\/www.organisator.ch\\\/sustainability\\\/2025-03-05\\\/prix-svc-espace-mittelland-megasol-energie-ag\\\/#breadcrumb\",\"itemListElement\":[{\"@type\":\"ListItem\",\"position\":1,\"name\":\"Home\",\"item\":\"https:\\\/\\\/www.organisator.ch\\\/\"},{\"@type\":\"ListItem\",\"position\":2,\"name\":\"Prix SVC Espace Mittelland: Megasol Energie AG\"}]},{\"@type\":\"WebSite\",\"@id\":\"https:\\\/\\\/www.organisator.ch\\\/#website\",\"url\":\"https:\\\/\\\/www.organisator.ch\\\/\",\"name\":\"Organisator\",\"description\":\"Kompetent. Praxisnah. Der ORGANISATOR bereitet in 10 Ausgaben pro Jahr die wesentlichen Themen f\u00fcr F\u00fchrungskr\u00e4fte von KMU auf.\",\"publisher\":{\"@id\":\"https:\\\/\\\/www.organisator.ch\\\/#organization\"},\"potentialAction\":[{\"@type\":\"SearchAction\",\"target\":{\"@type\":\"EntryPoint\",\"urlTemplate\":\"https:\\\/\\\/www.organisator.ch\\\/?s={search_term_string}\"},\"query-input\":{\"@type\":\"PropertyValueSpecification\",\"valueRequired\":true,\"valueName\":\"search_term_string\"}}],\"inLanguage\":\"it-IT\"},{\"@type\":\"Organization\",\"@id\":\"https:\\\/\\\/www.organisator.ch\\\/#organization\",\"name\":\"Organisator\",\"url\":\"https:\\\/\\\/www.organisator.ch\\\/\",\"logo\":{\"@type\":\"ImageObject\",\"inLanguage\":\"it-IT\",\"@id\":\"https:\\\/\\\/www.organisator.ch\\\/#\\\/schema\\\/logo\\\/image\\\/\",\"url\":\"https:\\\/\\\/www.organisator.ch\\\/wp-content\\\/uploads\\\/2022\\\/01\\\/Logo_Organisator_Website.png\",\"contentUrl\":\"https:\\\/\\\/www.organisator.ch\\\/wp-content\\\/uploads\\\/2022\\\/01\\\/Logo_Organisator_Website.png\",\"width\":800,\"height\":77,\"caption\":\"Organisator\"},\"image\":{\"@id\":\"https:\\\/\\\/www.organisator.ch\\\/#\\\/schema\\\/logo\\\/image\\\/\"},\"sameAs\":[\"https:\\\/\\\/www.facebook.com\\\/OrganisatorFachmagazin\",\"https:\\\/\\\/www.linkedin.com\\\/showcase\\\/organisator-das-magazin-fr-kmu\",\"https:\\\/\\\/www.xing.com\\\/news\\\/pages\\\/organisator-ch-695\",\"https:\\\/\\\/www.youtube.com\\\/channel\\\/UCGP2Sq0iWaZwT3BdIAQFYpw\"]},{\"@type\":\"Person\",\"@id\":\"https:\\\/\\\/www.organisator.ch\\\/#\\\/schema\\\/person\\\/afccda3a71c06d4be2ed9100dd163db7\",\"name\":\"Dzana Muminovic\",\"image\":{\"@type\":\"ImageObject\",\"inLanguage\":\"it-IT\",\"@id\":\"https:\\\/\\\/secure.gravatar.com\\\/avatar\\\/909c5c71aff4b38e88686f2ab2f1ba152571f394f41ed8bae431ea56ced93050?s=96&d=mm&r=g\",\"url\":\"https:\\\/\\\/secure.gravatar.com\\\/avatar\\\/909c5c71aff4b38e88686f2ab2f1ba152571f394f41ed8bae431ea56ced93050?s=96&d=mm&r=g\",\"contentUrl\":\"https:\\\/\\\/secure.gravatar.com\\\/avatar\\\/909c5c71aff4b38e88686f2ab2f1ba152571f394f41ed8bae431ea56ced93050?s=96&d=mm&r=g\",\"caption\":\"Dzana Muminovic\"},\"url\":\"https:\\\/\\\/www.organisator.ch\\\/it\\\/author\\\/dzana-muminovic\\\/\"}]}<\/script>\n<!-- \/ Yoast SEO plugin. -->","yoast_head_json":{"title":"Premio SVC Espace Mittelland: Megasol Energie AG - Organizzatore","description":"Megasol Energie AG \u00e8 finalista del Prix SVC Espace Mittelland 2025 - un breve ritratto dell'innovativo produttore di moduli solari.","robots":{"index":"index","follow":"follow","max-snippet":"max-snippet:-1","max-image-preview":"max-image-preview:large","max-video-preview":"max-video-preview:-1"},"canonical":"https:\/\/www.organisator.ch\/it\/sostenibilita\/2025-03-05\/prix-svc-espace-mittelland-megasol-energie-ag\/","og_locale":"it_IT","og_type":"article","og_title":"Prix SVC Espace Mittelland: Megasol Energie AG - Organisator","og_description":"Megasol Energie AG ist Finalist beim Prix SVC Espace Mittelland 2025. Ein Kurzportr\u00e4t des innovativen Solarmodulherstellers.","og_url":"https:\/\/www.organisator.ch\/it\/sostenibilita\/2025-03-05\/prix-svc-espace-mittelland-megasol-energie-ag\/","og_site_name":"Organisator","article_publisher":"https:\/\/www.facebook.com\/OrganisatorFachmagazin","article_published_time":"2025-03-05T11:45:36+00:00","og_image":[{"width":680,"height":383,"url":"https:\/\/www.organisator.ch\/wp-content\/uploads\/2025\/03\/Megasol_Bild_ps-1.jpg","type":"image\/jpeg"}],"author":"Dzana Muminovic","twitter_card":"summary_large_image","schema":{"@context":"https:\/\/schema.org","@graph":[{"@type":"Article","@id":"https:\/\/www.organisator.ch\/sustainability\/2025-03-05\/prix-svc-espace-mittelland-megasol-energie-ag\/#article","isPartOf":{"@id":"https:\/\/www.organisator.ch\/sustainability\/2025-03-05\/prix-svc-espace-mittelland-megasol-energie-ag\/"},"author":{"name":"Dzana Muminovic","@id":"https:\/\/www.organisator.ch\/#\/schema\/person\/afccda3a71c06d4be2ed9100dd163db7"},"headline":"Prix SVC Espace Mittelland: Megasol Energie AG","datePublished":"2025-03-05T11:45:36+00:00","mainEntityOfPage":{"@id":"https:\/\/www.organisator.ch\/sustainability\/2025-03-05\/prix-svc-espace-mittelland-megasol-energie-ag\/"},"wordCount":483,"publisher":{"@id":"https:\/\/www.organisator.ch\/#organization"},"image":{"@id":"https:\/\/www.organisator.ch\/sustainability\/2025-03-05\/prix-svc-espace-mittelland-megasol-energie-ag\/#primaryimage"},"thumbnailUrl":"https:\/\/www.organisator.ch\/wp-content\/uploads\/2025\/03\/Megasol_Bild_ps-1.jpg","keywords":["Awards","Nachhaltigkeit","Photovoltaik","Prix SVC Espace Mittelland","Unternehmen"],"articleSection":["MANAGEMENT","SUSTAINABILITY"],"inLanguage":"it-IT"},{"@type":"WebPage","@id":"https:\/\/www.organisator.ch\/sustainability\/2025-03-05\/prix-svc-espace-mittelland-megasol-energie-ag\/","url":"https:\/\/www.organisator.ch\/sustainability\/2025-03-05\/prix-svc-espace-mittelland-megasol-energie-ag\/","name":"Premio SVC Espace Mittelland: Megasol Energie AG - Organizzatore","isPartOf":{"@id":"https:\/\/www.organisator.ch\/#website"},"primaryImageOfPage":{"@id":"https:\/\/www.organisator.ch\/sustainability\/2025-03-05\/prix-svc-espace-mittelland-megasol-energie-ag\/#primaryimage"},"image":{"@id":"https:\/\/www.organisator.ch\/sustainability\/2025-03-05\/prix-svc-espace-mittelland-megasol-energie-ag\/#primaryimage"},"thumbnailUrl":"https:\/\/www.organisator.ch\/wp-content\/uploads\/2025\/03\/Megasol_Bild_ps-1.jpg","datePublished":"2025-03-05T11:45:36+00:00","description":"Megasol Energie AG \u00e8 finalista del Prix SVC Espace Mittelland 2025 - un breve ritratto dell'innovativo produttore di moduli solari.","breadcrumb":{"@id":"https:\/\/www.organisator.ch\/sustainability\/2025-03-05\/prix-svc-espace-mittelland-megasol-energie-ag\/#breadcrumb"},"inLanguage":"it-IT","potentialAction":[{"@type":"ReadAction","target":["https:\/\/www.organisator.ch\/sustainability\/2025-03-05\/prix-svc-espace-mittelland-megasol-energie-ag\/"]}]},{"@type":"ImageObject","inLanguage":"it-IT","@id":"https:\/\/www.organisator.ch\/sustainability\/2025-03-05\/prix-svc-espace-mittelland-megasol-energie-ag\/#primaryimage","url":"https:\/\/www.organisator.ch\/wp-content\/uploads\/2025\/03\/Megasol_Bild_ps-1.jpg","contentUrl":"https:\/\/www.organisator.ch\/wp-content\/uploads\/2025\/03\/Megasol_Bild_ps-1.jpg"},{"@type":"BreadcrumbList","@id":"https:\/\/www.organisator.ch\/sustainability\/2025-03-05\/prix-svc-espace-mittelland-megasol-energie-ag\/#breadcrumb","itemListElement":[{"@type":"ListItem","position":1,"name":"Home","item":"https:\/\/www.organisator.ch\/"},{"@type":"ListItem","position":2,"name":"Prix SVC Espace Mittelland: Megasol Energie AG"}]},{"@type":"WebSite","@id":"https:\/\/www.organisator.ch\/#website","url":"https:\/\/www.organisator.ch\/","name":"Organizzatore","description":"Competente. Pratico. In 10 numeri all'anno, ORGANISATOR presenta i temi essenziali per i manager delle PMI.","publisher":{"@id":"https:\/\/www.organisator.ch\/#organization"},"potentialAction":[{"@type":"SearchAction","target":{"@type":"EntryPoint","urlTemplate":"https:\/\/www.organisator.ch\/?s={search_term_string}"},"query-input":{"@type":"PropertyValueSpecification","valueRequired":true,"valueName":"search_term_string"}}],"inLanguage":"it-IT"},{"@type":"Organization","@id":"https:\/\/www.organisator.ch\/#organization","name":"Organizzatore","url":"https:\/\/www.organisator.ch\/","logo":{"@type":"ImageObject","inLanguage":"it-IT","@id":"https:\/\/www.organisator.ch\/#\/schema\/logo\/image\/","url":"https:\/\/www.organisator.ch\/wp-content\/uploads\/2022\/01\/Logo_Organisator_Website.png","contentUrl":"https:\/\/www.organisator.ch\/wp-content\/uploads\/2022\/01\/Logo_Organisator_Website.png","width":800,"height":77,"caption":"Organisator"},"image":{"@id":"https:\/\/www.organisator.ch\/#\/schema\/logo\/image\/"},"sameAs":["https:\/\/www.facebook.com\/OrganisatorFachmagazin","https:\/\/www.linkedin.com\/showcase\/organisator-das-magazin-fr-kmu","https:\/\/www.xing.com\/news\/pages\/organisator-ch-695","https:\/\/www.youtube.com\/channel\/UCGP2Sq0iWaZwT3BdIAQFYpw"]},{"@type":"Person","@id":"https:\/\/www.organisator.ch\/#\/schema\/person\/afccda3a71c06d4be2ed9100dd163db7","name":"Dzana Muminovic","image":{"@type":"ImageObject","inLanguage":"it-IT","@id":"https:\/\/secure.gravatar.com\/avatar\/909c5c71aff4b38e88686f2ab2f1ba152571f394f41ed8bae431ea56ced93050?s=96&d=mm&r=g","url":"https:\/\/secure.gravatar.com\/avatar\/909c5c71aff4b38e88686f2ab2f1ba152571f394f41ed8bae431ea56ced93050?s=96&d=mm&r=g","contentUrl":"https:\/\/secure.gravatar.com\/avatar\/909c5c71aff4b38e88686f2ab2f1ba152571f394f41ed8bae431ea56ced93050?s=96&d=mm&r=g","caption":"Dzana Muminovic"},"url":"https:\/\/www.organisator.ch\/it\/author\/dzana-muminovic\/"}]}},"_links":{"self":[{"href":"https:\/\/www.organisator.ch\/it\/wp-json\/wp\/v2\/posts\/36563","targetHints":{"allow":["GET"]}}],"collection":[{"href":"https:\/\/www.organisator.ch\/it\/wp-json\/wp\/v2\/posts"}],"about":[{"href":"https:\/\/www.organisator.ch\/it\/wp-json\/wp\/v2\/types\/post"}],"author":[{"embeddable":true,"href":"https:\/\/www.organisator.ch\/it\/wp-json\/wp\/v2\/users\/80"}],"replies":[{"embeddable":true,"href":"https:\/\/www.organisator.ch\/it\/wp-json\/wp\/v2\/comments?post=36563"}],"version-history":[{"count":7,"href":"https:\/\/www.organisator.ch\/it\/wp-json\/wp\/v2\/posts\/36563\/revisions"}],"predecessor-version":[{"id":36674,"href":"https:\/\/www.organisator.ch\/it\/wp-json\/wp\/v2\/posts\/36563\/revisions\/36674"}],"wp:attachment":[{"href":"https:\/\/www.organisator.ch\/it\/wp-json\/wp\/v2\/media?parent=36563"}],"wp:term":[{"taxonomy":"category","embeddable":true,"href":"https:\/\/www.organisator.ch\/it\/wp-json\/wp\/v2\/categories?post=36563"},{"taxonomy":"post_tag","embeddable":true,"href":"https:\/\/www.organisator.ch\/it\/wp-json\/wp\/v2\/tags?post=36563"}],"curies":[{"name":"wp","href":"https:\/\/api.w.org\/{rel}","templated":true}]}}