{"id":3660,"date":"2021-01-11T06:00:24","date_gmt":"2021-01-11T05:00:24","guid":{"rendered":"https:\/\/www.umweltperspektiven.ch\/?p=3660"},"modified":"2021-01-11T06:00:24","modified_gmt":"2021-01-11T05:00:24","slug":"luftverschmutzung-halbierung-der-vorzeitigen-todesfaelle-moeglich","status":"publish","type":"post","link":"https:\/\/www.organisator.ch\/it\/allgemein\/2021-01-11\/luftverschmutzung-halbierung-der-vorzeitigen-todesfaelle-moeglich\/","title":{"rendered":"Inquinamento atmosferico: dimezzare le morti premature \u00e8 possibile"},"content":{"rendered":"<figure id=\"attachment_3661\" aria-describedby=\"caption-attachment-3661\" style=\"width: 680px\" class=\"wp-caption aligncenter\"><img loading=\"lazy\" decoding=\"async\" class=\"size-medium wp-image-3661\" src=\"\/\/www.umweltperspektiven.ch\/wp-content\/uploads\/2021\/01\/Depositphotos_84806778_s-2019.jpg\" alt=\"\" width=\"680\" height=\"454\" srcset=\"https:\/\/www.organisator.ch\/wp-content\/uploads\/2021\/01\/Depositphotos_84806778_s-2019.jpg 1000w, https:\/\/www.organisator.ch\/wp-content\/uploads\/2021\/01\/Depositphotos_84806778_s-2019-680x454.jpg 680w, https:\/\/www.organisator.ch\/wp-content\/uploads\/2021\/01\/Depositphotos_84806778_s-2019-768x512.jpg 768w, https:\/\/www.organisator.ch\/wp-content\/uploads\/2021\/01\/Depositphotos_84806778_s-2019-18x12.jpg 18w, https:\/\/www.organisator.ch\/wp-content\/uploads\/2021\/01\/Depositphotos_84806778_s-2019-262x175.jpg 262w, https:\/\/www.organisator.ch\/wp-content\/uploads\/2021\/01\/Depositphotos_84806778_s-2019-525x350.jpg 525w, https:\/\/www.organisator.ch\/wp-content\/uploads\/2021\/01\/Depositphotos_84806778_s-2019-920x614.jpg 920w, https:\/\/www.organisator.ch\/wp-content\/uploads\/2021\/01\/Depositphotos_84806778_s-2019-300x200.jpg 300w\" sizes=\"auto, (max-width: 680px) 100vw, 680px\" \/><figcaption id=\"caption-attachment-3661\" class=\"wp-caption-text\">L'agricoltura pone un problema con le emissioni di ammoniaca. \u00a9 Depositphotos, zenstock<\/figcaption><\/figure>\n<p>&nbsp;<\/p>\n<p>Il appena pubblicato <a href=\"\/\/eur-lex.europa.eu\/legal-content\/DE\/TXT\/PDF\/?uri=COM:2021:3:FIN&amp;from=EN\">Segnala<\/a> sulle prospettive dell'inquinamento atmosferico nell'Unione europea \u00e8 sorprendente. Il rapporto conclude: \"Se tutta la legislazione adottata entro il 2018 producesse tutti i suoi benefici e se gli Stati membri attuassero le misure annunciate nei loro programmi nazionali per l'aria pulita, l'UE nel suo insieme sarebbe in grado di ridurre le emissioni di inquinanti atmosferici in linea con gli impegni del 2030 previsti dalla direttiva NEC (limiti nazionali di emissione per alcuni inquinanti atmosferici).\"<\/p>\n<p><strong>400 000 morti premature<\/strong><\/p>\n<p>Il rapporto dell'AEA \"Air quality in Europe - 2020 report\", pubblicato nel novembre 2020, mostra che mentre le emissioni della maggior parte degli inquinanti atmosferici nell'UE sono diminuite negli ultimi decenni, l'inquinamento atmosferico rimane un problema significativo, dice il rapporto. Aggiunge: \"Come risultato dell'inquinamento atmosferico, circa 400.000 morti premature sono registrate nell'UE ogni anno e circa due terzi dell'area dell'ecosistema dell'UE sono esposti all'eutrofizzazione. Inoltre, l'inquinamento dell'aria ha costi economici significativi, che si traducono in un aumento delle spese mediche, in una produttivit\u00e0 ridotta, per esempio attraverso l'assenteismo dal lavoro, e in una minore resa agricola.<\/p>\n<p><strong>Problema di ammoniaca <\/strong><\/p>\n<p>Tuttavia, bisogna fare di pi\u00f9 in agricoltura, ha chiesto il commissario europeo per l'ambiente Virginijus Sinkevi\u010dius. Perch\u00e9 il rapporto mostra chiaramente che le misure prese finora non sono sufficienti per ridurre le emissioni di ammoniaca, il 90% delle quali proviene dal settore agricolo, ai livelli massimi consentiti. \"I piani strategici della nuova politica agricola comune devono riflettere questa necessit\u00e0\", ha detto il commissario.<\/p>\n<p>Il rapporto mostra che se tutta la legislazione esistente fosse pienamente attuata, la maggior parte degli Stati membri sarebbe sulla buona strada per soddisfare gli impegni di riduzione del 2030 per quattro dei cinque inquinanti atmosferici coperti dalla direttiva sugli impegni nazionali di riduzione delle emissioni.<\/p>\n<p>Le misure supplementari di controllo dell'inquinamento atmosferico annunciate nei programmi nazionali di aria pulita accelererebbero ulteriormente i miglioramenti previsti, dice la comunicazione dell'UE.<\/p>\n<p><em>Fonte: Commissione europea <\/em><\/p>\n<p>&nbsp;<\/p>\n<p>&nbsp;<\/p>","protected":false},"excerpt":{"rendered":"<p>&nbsp; Der soeben ver\u00f6ffentlichte Bericht zu den Aussichten \u00fcber die Luftverschmutzung in der Europ\u00e4ischen Union l\u00e4sst aufhorchen. Das Fazit des Berichts lautet: \u00abW\u00fcrden alle bis 2018 verabschiedeten Rechtsvorschriften ihren vollen Nutzen entfalten und w\u00fcrden die Mitgliedstaaten die in ihren nationalen Luftreinhalteprogrammen angek\u00fcndigten Massnahmen umsetzen, so w\u00e4re die EU insgesamt in der Lage, die Luftschadstoffemissionen entsprechend [&hellip;]<\/p>\n","protected":false},"author":6,"featured_media":3661,"comment_status":"closed","ping_status":"closed","sticky":false,"template":"","format":"standard","meta":{"_acf_changed":false,"_yoast_wpseo_focuskw":"Luftverschmutzung","_yoast_wpseo_metadesc":"Die Zahl der vorzeitigen Todesf\u00e4lle aufgrund von Luftverschmutzung k\u00f6nnte in der EU bis 2030 im Vergleich zu 2005 um etwa 55 Prozent gesenkt werden.","articlekey":"","footnotes":""},"categories":[1],"tags":[682,1132,1653],"class_list":["post-3660","post","type-post","status-publish","format-standard","has-post-thumbnail","hentry","category-allgemein","tag-agrarsektor","tag-eu","tag-luftverschmutzung"],"acf":[],"yoast_head":"<!-- This site is optimized with the Yoast SEO plugin v27.4 - https:\/\/yoast.com\/product\/yoast-seo-wordpress\/ -->\n<title>Luftverschmutzung: Halbierung der vorzeitigen Todesf\u00e4lle m\u00f6glich - Organisator<\/title>\n<meta name=\"description\" content=\"Die Zahl der vorzeitigen Todesf\u00e4lle aufgrund von Luftverschmutzung k\u00f6nnte in der EU bis 2030 im Vergleich zu 2005 um etwa 55 Prozent gesenkt werden.\" \/>\n<meta name=\"robots\" content=\"index, follow, max-snippet:-1, max-image-preview:large, max-video-preview:-1\" \/>\n<link rel=\"canonical\" href=\"https:\/\/www.organisator.ch\/it\/generale\/2021-01-11\/luftverschmutzung-halbierung-der-vorzeitigen-todesfaelle-moeglich\/\" \/>\n<meta property=\"og:locale\" content=\"it_IT\" \/>\n<meta property=\"og:type\" content=\"article\" \/>\n<meta property=\"og:title\" content=\"Luftverschmutzung: Halbierung der vorzeitigen Todesf\u00e4lle m\u00f6glich - Organisator\" \/>\n<meta property=\"og:description\" content=\"Die Zahl der vorzeitigen Todesf\u00e4lle aufgrund von Luftverschmutzung k\u00f6nnte in der EU bis 2030 im Vergleich zu 2005 um etwa 55 Prozent gesenkt werden.\" \/>\n<meta property=\"og:url\" content=\"https:\/\/www.organisator.ch\/it\/generale\/2021-01-11\/luftverschmutzung-halbierung-der-vorzeitigen-todesfaelle-moeglich\/\" \/>\n<meta property=\"og:site_name\" content=\"Organisator\" \/>\n<meta property=\"article:publisher\" content=\"https:\/\/www.facebook.com\/OrganisatorFachmagazin\" \/>\n<meta property=\"article:published_time\" content=\"2021-01-11T05:00:24+00:00\" \/>\n<meta property=\"og:image\" content=\"https:\/\/www.organisator.ch\/wp-content\/uploads\/2021\/01\/Depositphotos_84806778_s-2019.jpg\" \/>\n\t<meta property=\"og:image:width\" content=\"1000\" \/>\n\t<meta property=\"og:image:height\" content=\"667\" \/>\n\t<meta property=\"og:image:type\" content=\"image\/jpeg\" \/>\n<meta name=\"author\" content=\"roger.straessle\" \/>\n<meta name=\"twitter:card\" content=\"summary_large_image\" \/>\n<script type=\"application\/ld+json\" class=\"yoast-schema-graph\">{\"@context\":\"https:\\\/\\\/schema.org\",\"@graph\":[{\"@type\":\"Article\",\"@id\":\"https:\\\/\\\/www.organisator.ch\\\/it\\\/generale\\\/2021-01-11\\\/luftverschmutzung-halbierung-der-vorzeitigen-todesfaelle-moeglich\\\/#article\",\"isPartOf\":{\"@id\":\"https:\\\/\\\/www.organisator.ch\\\/it\\\/generale\\\/2021-01-11\\\/luftverschmutzung-halbierung-der-vorzeitigen-todesfaelle-moeglich\\\/\"},\"author\":{\"name\":\"roger.straessle\",\"@id\":\"https:\\\/\\\/www.organisator.ch\\\/#\\\/schema\\\/person\\\/a800b8c54e208b160517a7dcc323161d\"},\"headline\":\"Luftverschmutzung: Halbierung der vorzeitigen Todesf\u00e4lle m\u00f6glich\",\"datePublished\":\"2021-01-11T05:00:24+00:00\",\"mainEntityOfPage\":{\"@id\":\"https:\\\/\\\/www.organisator.ch\\\/it\\\/generale\\\/2021-01-11\\\/luftverschmutzung-halbierung-der-vorzeitigen-todesfaelle-moeglich\\\/\"},\"wordCount\":364,\"publisher\":{\"@id\":\"https:\\\/\\\/www.organisator.ch\\\/#organization\"},\"image\":{\"@id\":\"https:\\\/\\\/www.organisator.ch\\\/it\\\/generale\\\/2021-01-11\\\/luftverschmutzung-halbierung-der-vorzeitigen-todesfaelle-moeglich\\\/#primaryimage\"},\"thumbnailUrl\":\"https:\\\/\\\/www.organisator.ch\\\/wp-content\\\/uploads\\\/2021\\\/01\\\/Depositphotos_84806778_s-2019.jpg\",\"keywords\":[\"Agrarsektor\",\"EU\",\"Luftverschmutzung\"],\"articleSection\":[\"Allgemein\"],\"inLanguage\":\"it-IT\"},{\"@type\":\"WebPage\",\"@id\":\"https:\\\/\\\/www.organisator.ch\\\/it\\\/generale\\\/2021-01-11\\\/luftverschmutzung-halbierung-der-vorzeitigen-todesfaelle-moeglich\\\/\",\"url\":\"https:\\\/\\\/www.organisator.ch\\\/it\\\/generale\\\/2021-01-11\\\/luftverschmutzung-halbierung-der-vorzeitigen-todesfaelle-moeglich\\\/\",\"name\":\"Luftverschmutzung: Halbierung der vorzeitigen Todesf\u00e4lle m\u00f6glich - Organisator\",\"isPartOf\":{\"@id\":\"https:\\\/\\\/www.organisator.ch\\\/#website\"},\"primaryImageOfPage\":{\"@id\":\"https:\\\/\\\/www.organisator.ch\\\/it\\\/generale\\\/2021-01-11\\\/luftverschmutzung-halbierung-der-vorzeitigen-todesfaelle-moeglich\\\/#primaryimage\"},\"image\":{\"@id\":\"https:\\\/\\\/www.organisator.ch\\\/it\\\/generale\\\/2021-01-11\\\/luftverschmutzung-halbierung-der-vorzeitigen-todesfaelle-moeglich\\\/#primaryimage\"},\"thumbnailUrl\":\"https:\\\/\\\/www.organisator.ch\\\/wp-content\\\/uploads\\\/2021\\\/01\\\/Depositphotos_84806778_s-2019.jpg\",\"datePublished\":\"2021-01-11T05:00:24+00:00\",\"description\":\"Die Zahl der vorzeitigen Todesf\u00e4lle aufgrund von Luftverschmutzung k\u00f6nnte in der EU bis 2030 im Vergleich zu 2005 um etwa 55 Prozent gesenkt werden.\",\"breadcrumb\":{\"@id\":\"https:\\\/\\\/www.organisator.ch\\\/it\\\/generale\\\/2021-01-11\\\/luftverschmutzung-halbierung-der-vorzeitigen-todesfaelle-moeglich\\\/#breadcrumb\"},\"inLanguage\":\"it-IT\",\"potentialAction\":[{\"@type\":\"ReadAction\",\"target\":[\"https:\\\/\\\/www.organisator.ch\\\/it\\\/generale\\\/2021-01-11\\\/luftverschmutzung-halbierung-der-vorzeitigen-todesfaelle-moeglich\\\/\"]}]},{\"@type\":\"ImageObject\",\"inLanguage\":\"it-IT\",\"@id\":\"https:\\\/\\\/www.organisator.ch\\\/it\\\/generale\\\/2021-01-11\\\/luftverschmutzung-halbierung-der-vorzeitigen-todesfaelle-moeglich\\\/#primaryimage\",\"url\":\"https:\\\/\\\/www.organisator.ch\\\/wp-content\\\/uploads\\\/2021\\\/01\\\/Depositphotos_84806778_s-2019.jpg\",\"contentUrl\":\"https:\\\/\\\/www.organisator.ch\\\/wp-content\\\/uploads\\\/2021\\\/01\\\/Depositphotos_84806778_s-2019.jpg\",\"width\":1000,\"height\":667,\"caption\":\"\u00a9 Depositphotos, zenstock\"},{\"@type\":\"BreadcrumbList\",\"@id\":\"https:\\\/\\\/www.organisator.ch\\\/it\\\/generale\\\/2021-01-11\\\/luftverschmutzung-halbierung-der-vorzeitigen-todesfaelle-moeglich\\\/#breadcrumb\",\"itemListElement\":[{\"@type\":\"ListItem\",\"position\":1,\"name\":\"Home\",\"item\":\"https:\\\/\\\/www.organisator.ch\\\/\"},{\"@type\":\"ListItem\",\"position\":2,\"name\":\"Luftverschmutzung: Halbierung der vorzeitigen Todesf\u00e4lle m\u00f6glich\"}]},{\"@type\":\"WebSite\",\"@id\":\"https:\\\/\\\/www.organisator.ch\\\/#website\",\"url\":\"https:\\\/\\\/www.organisator.ch\\\/\",\"name\":\"Organisator\",\"description\":\"Kompetent. Praxisnah. Der ORGANISATOR bereitet in 10 Ausgaben pro Jahr die wesentlichen Themen f\u00fcr F\u00fchrungskr\u00e4fte von KMU auf.\",\"publisher\":{\"@id\":\"https:\\\/\\\/www.organisator.ch\\\/#organization\"},\"potentialAction\":[{\"@type\":\"SearchAction\",\"target\":{\"@type\":\"EntryPoint\",\"urlTemplate\":\"https:\\\/\\\/www.organisator.ch\\\/?s={search_term_string}\"},\"query-input\":{\"@type\":\"PropertyValueSpecification\",\"valueRequired\":true,\"valueName\":\"search_term_string\"}}],\"inLanguage\":\"it-IT\"},{\"@type\":\"Organization\",\"@id\":\"https:\\\/\\\/www.organisator.ch\\\/#organization\",\"name\":\"Organisator\",\"url\":\"https:\\\/\\\/www.organisator.ch\\\/\",\"logo\":{\"@type\":\"ImageObject\",\"inLanguage\":\"it-IT\",\"@id\":\"https:\\\/\\\/www.organisator.ch\\\/#\\\/schema\\\/logo\\\/image\\\/\",\"url\":\"https:\\\/\\\/www.organisator.ch\\\/wp-content\\\/uploads\\\/2022\\\/01\\\/Logo_Organisator_Website.png\",\"contentUrl\":\"https:\\\/\\\/www.organisator.ch\\\/wp-content\\\/uploads\\\/2022\\\/01\\\/Logo_Organisator_Website.png\",\"width\":800,\"height\":77,\"caption\":\"Organisator\"},\"image\":{\"@id\":\"https:\\\/\\\/www.organisator.ch\\\/#\\\/schema\\\/logo\\\/image\\\/\"},\"sameAs\":[\"https:\\\/\\\/www.facebook.com\\\/OrganisatorFachmagazin\",\"https:\\\/\\\/www.linkedin.com\\\/showcase\\\/organisator-das-magazin-fr-kmu\",\"https:\\\/\\\/www.xing.com\\\/news\\\/pages\\\/organisator-ch-695\",\"https:\\\/\\\/www.youtube.com\\\/channel\\\/UCGP2Sq0iWaZwT3BdIAQFYpw\"]},{\"@type\":\"Person\",\"@id\":\"https:\\\/\\\/www.organisator.ch\\\/#\\\/schema\\\/person\\\/a800b8c54e208b160517a7dcc323161d\",\"name\":\"roger.straessle\",\"image\":{\"@type\":\"ImageObject\",\"inLanguage\":\"it-IT\",\"@id\":\"https:\\\/\\\/secure.gravatar.com\\\/avatar\\\/?s=96&d=mm&r=g\",\"url\":\"https:\\\/\\\/secure.gravatar.com\\\/avatar\\\/?s=96&d=mm&r=g\",\"contentUrl\":\"https:\\\/\\\/secure.gravatar.com\\\/avatar\\\/?s=96&d=mm&r=g\",\"caption\":\"roger.straessle\"},\"url\":\"https:\\\/\\\/www.organisator.ch\\\/it\\\/author\\\/roger-straessle\\\/\"}]}<\/script>\n<!-- \/ Yoast SEO plugin. -->","yoast_head_json":{"title":"Inquinamento atmosferico: dimezzare le morti premature \u00e8 possibile - Organizzatore","description":"Il numero di morti premature dovute all'inquinamento atmosferico potrebbe essere ridotto di circa il 55% nell'UE entro il 2030 rispetto al 2005.","robots":{"index":"index","follow":"follow","max-snippet":"max-snippet:-1","max-image-preview":"max-image-preview:large","max-video-preview":"max-video-preview:-1"},"canonical":"https:\/\/www.organisator.ch\/it\/generale\/2021-01-11\/luftverschmutzung-halbierung-der-vorzeitigen-todesfaelle-moeglich\/","og_locale":"it_IT","og_type":"article","og_title":"Luftverschmutzung: Halbierung der vorzeitigen Todesf\u00e4lle m\u00f6glich - Organisator","og_description":"Die Zahl der vorzeitigen Todesf\u00e4lle aufgrund von Luftverschmutzung k\u00f6nnte in der EU bis 2030 im Vergleich zu 2005 um etwa 55 Prozent gesenkt werden.","og_url":"https:\/\/www.organisator.ch\/it\/generale\/2021-01-11\/luftverschmutzung-halbierung-der-vorzeitigen-todesfaelle-moeglich\/","og_site_name":"Organisator","article_publisher":"https:\/\/www.facebook.com\/OrganisatorFachmagazin","article_published_time":"2021-01-11T05:00:24+00:00","og_image":[{"width":1000,"height":667,"url":"https:\/\/www.organisator.ch\/wp-content\/uploads\/2021\/01\/Depositphotos_84806778_s-2019.jpg","type":"image\/jpeg"}],"author":"roger.straessle","twitter_card":"summary_large_image","schema":{"@context":"https:\/\/schema.org","@graph":[{"@type":"Article","@id":"https:\/\/www.organisator.ch\/it\/generale\/2021-01-11\/luftverschmutzung-halbierung-der-vorzeitigen-todesfaelle-moeglich\/#article","isPartOf":{"@id":"https:\/\/www.organisator.ch\/it\/generale\/2021-01-11\/luftverschmutzung-halbierung-der-vorzeitigen-todesfaelle-moeglich\/"},"author":{"name":"roger.straessle","@id":"https:\/\/www.organisator.ch\/#\/schema\/person\/a800b8c54e208b160517a7dcc323161d"},"headline":"Luftverschmutzung: Halbierung der vorzeitigen Todesf\u00e4lle m\u00f6glich","datePublished":"2021-01-11T05:00:24+00:00","mainEntityOfPage":{"@id":"https:\/\/www.organisator.ch\/it\/generale\/2021-01-11\/luftverschmutzung-halbierung-der-vorzeitigen-todesfaelle-moeglich\/"},"wordCount":364,"publisher":{"@id":"https:\/\/www.organisator.ch\/#organization"},"image":{"@id":"https:\/\/www.organisator.ch\/it\/generale\/2021-01-11\/luftverschmutzung-halbierung-der-vorzeitigen-todesfaelle-moeglich\/#primaryimage"},"thumbnailUrl":"https:\/\/www.organisator.ch\/wp-content\/uploads\/2021\/01\/Depositphotos_84806778_s-2019.jpg","keywords":["Agrarsektor","EU","Luftverschmutzung"],"articleSection":["Allgemein"],"inLanguage":"it-IT"},{"@type":"WebPage","@id":"https:\/\/www.organisator.ch\/it\/generale\/2021-01-11\/luftverschmutzung-halbierung-der-vorzeitigen-todesfaelle-moeglich\/","url":"https:\/\/www.organisator.ch\/it\/generale\/2021-01-11\/luftverschmutzung-halbierung-der-vorzeitigen-todesfaelle-moeglich\/","name":"Inquinamento atmosferico: dimezzare le morti premature \u00e8 possibile - Organizzatore","isPartOf":{"@id":"https:\/\/www.organisator.ch\/#website"},"primaryImageOfPage":{"@id":"https:\/\/www.organisator.ch\/it\/generale\/2021-01-11\/luftverschmutzung-halbierung-der-vorzeitigen-todesfaelle-moeglich\/#primaryimage"},"image":{"@id":"https:\/\/www.organisator.ch\/it\/generale\/2021-01-11\/luftverschmutzung-halbierung-der-vorzeitigen-todesfaelle-moeglich\/#primaryimage"},"thumbnailUrl":"https:\/\/www.organisator.ch\/wp-content\/uploads\/2021\/01\/Depositphotos_84806778_s-2019.jpg","datePublished":"2021-01-11T05:00:24+00:00","description":"Il numero di morti premature dovute all'inquinamento atmosferico potrebbe essere ridotto di circa il 55% nell'UE entro il 2030 rispetto al 2005.","breadcrumb":{"@id":"https:\/\/www.organisator.ch\/it\/generale\/2021-01-11\/luftverschmutzung-halbierung-der-vorzeitigen-todesfaelle-moeglich\/#breadcrumb"},"inLanguage":"it-IT","potentialAction":[{"@type":"ReadAction","target":["https:\/\/www.organisator.ch\/it\/generale\/2021-01-11\/luftverschmutzung-halbierung-der-vorzeitigen-todesfaelle-moeglich\/"]}]},{"@type":"ImageObject","inLanguage":"it-IT","@id":"https:\/\/www.organisator.ch\/it\/generale\/2021-01-11\/luftverschmutzung-halbierung-der-vorzeitigen-todesfaelle-moeglich\/#primaryimage","url":"https:\/\/www.organisator.ch\/wp-content\/uploads\/2021\/01\/Depositphotos_84806778_s-2019.jpg","contentUrl":"https:\/\/www.organisator.ch\/wp-content\/uploads\/2021\/01\/Depositphotos_84806778_s-2019.jpg","width":1000,"height":667,"caption":"\u00a9 Depositphotos, zenstock"},{"@type":"BreadcrumbList","@id":"https:\/\/www.organisator.ch\/it\/generale\/2021-01-11\/luftverschmutzung-halbierung-der-vorzeitigen-todesfaelle-moeglich\/#breadcrumb","itemListElement":[{"@type":"ListItem","position":1,"name":"Home","item":"https:\/\/www.organisator.ch\/"},{"@type":"ListItem","position":2,"name":"Luftverschmutzung: Halbierung der vorzeitigen Todesf\u00e4lle m\u00f6glich"}]},{"@type":"WebSite","@id":"https:\/\/www.organisator.ch\/#website","url":"https:\/\/www.organisator.ch\/","name":"Organizzatore","description":"Competente. Pratico. In 10 numeri all'anno, ORGANISATOR presenta i temi essenziali per i manager delle PMI.","publisher":{"@id":"https:\/\/www.organisator.ch\/#organization"},"potentialAction":[{"@type":"SearchAction","target":{"@type":"EntryPoint","urlTemplate":"https:\/\/www.organisator.ch\/?s={search_term_string}"},"query-input":{"@type":"PropertyValueSpecification","valueRequired":true,"valueName":"search_term_string"}}],"inLanguage":"it-IT"},{"@type":"Organization","@id":"https:\/\/www.organisator.ch\/#organization","name":"Organizzatore","url":"https:\/\/www.organisator.ch\/","logo":{"@type":"ImageObject","inLanguage":"it-IT","@id":"https:\/\/www.organisator.ch\/#\/schema\/logo\/image\/","url":"https:\/\/www.organisator.ch\/wp-content\/uploads\/2022\/01\/Logo_Organisator_Website.png","contentUrl":"https:\/\/www.organisator.ch\/wp-content\/uploads\/2022\/01\/Logo_Organisator_Website.png","width":800,"height":77,"caption":"Organisator"},"image":{"@id":"https:\/\/www.organisator.ch\/#\/schema\/logo\/image\/"},"sameAs":["https:\/\/www.facebook.com\/OrganisatorFachmagazin","https:\/\/www.linkedin.com\/showcase\/organisator-das-magazin-fr-kmu","https:\/\/www.xing.com\/news\/pages\/organisator-ch-695","https:\/\/www.youtube.com\/channel\/UCGP2Sq0iWaZwT3BdIAQFYpw"]},{"@type":"Person","@id":"https:\/\/www.organisator.ch\/#\/schema\/person\/a800b8c54e208b160517a7dcc323161d","name":"roger.straessle","image":{"@type":"ImageObject","inLanguage":"it-IT","@id":"https:\/\/secure.gravatar.com\/avatar\/?s=96&d=mm&r=g","url":"https:\/\/secure.gravatar.com\/avatar\/?s=96&d=mm&r=g","contentUrl":"https:\/\/secure.gravatar.com\/avatar\/?s=96&d=mm&r=g","caption":"roger.straessle"},"url":"https:\/\/www.organisator.ch\/it\/author\/roger-straessle\/"}]}},"_links":{"self":[{"href":"https:\/\/www.organisator.ch\/it\/wp-json\/wp\/v2\/posts\/3660","targetHints":{"allow":["GET"]}}],"collection":[{"href":"https:\/\/www.organisator.ch\/it\/wp-json\/wp\/v2\/posts"}],"about":[{"href":"https:\/\/www.organisator.ch\/it\/wp-json\/wp\/v2\/types\/post"}],"author":[{"embeddable":true,"href":"https:\/\/www.organisator.ch\/it\/wp-json\/wp\/v2\/users\/6"}],"replies":[{"embeddable":true,"href":"https:\/\/www.organisator.ch\/it\/wp-json\/wp\/v2\/comments?post=3660"}],"version-history":[{"count":0,"href":"https:\/\/www.organisator.ch\/it\/wp-json\/wp\/v2\/posts\/3660\/revisions"}],"wp:featuredmedia":[{"embeddable":true,"href":"https:\/\/www.organisator.ch\/it\/wp-json\/wp\/v2\/media\/3661"}],"wp:attachment":[{"href":"https:\/\/www.organisator.ch\/it\/wp-json\/wp\/v2\/media?parent=3660"}],"wp:term":[{"taxonomy":"category","embeddable":true,"href":"https:\/\/www.organisator.ch\/it\/wp-json\/wp\/v2\/categories?post=3660"},{"taxonomy":"post_tag","embeddable":true,"href":"https:\/\/www.organisator.ch\/it\/wp-json\/wp\/v2\/tags?post=3660"}],"curies":[{"name":"wp","href":"https:\/\/api.w.org\/{rel}","templated":true}]}}