{"id":36648,"date":"2025-03-05T13:43:35","date_gmt":"2025-03-05T12:43:35","guid":{"rendered":"https:\/\/www.organisator.ch\/?p=36648"},"modified":"2025-03-05T13:43:35","modified_gmt":"2025-03-05T12:43:35","slug":"erich-sannemann-wird-neuer-direktor-von-swissmechanic","status":"publish","type":"post","link":"https:\/\/www.organisator.ch\/it\/management\/2025-03-05\/erich-sannemann-wird-neuer-direktor-von-swissmechanic\/","title":{"rendered":"Erich Sannemann diventa nuovo direttore di Swissmechanic"},"content":{"rendered":"<figure id=\"attachment_36650\" aria-describedby=\"caption-attachment-36650\" style=\"width: 680px\" class=\"wp-caption alignnone\"><img loading=\"lazy\" decoding=\"async\" class=\"size-full wp-image-36650\" src=\"https:\/\/www.organisator.ch\/wp-content\/uploads\/2025\/03\/Swissmechanic_Bild_ps.jpg\" alt=\"\" width=\"680\" height=\"732\" srcset=\"https:\/\/www.organisator.ch\/wp-content\/uploads\/2025\/03\/Swissmechanic_Bild_ps.jpg 680w, https:\/\/www.organisator.ch\/wp-content\/uploads\/2025\/03\/Swissmechanic_Bild_ps-11x12.jpg 11w, https:\/\/www.organisator.ch\/wp-content\/uploads\/2025\/03\/Swissmechanic_Bild_ps-279x300.jpg 279w, https:\/\/www.organisator.ch\/wp-content\/uploads\/2025\/03\/Swissmechanic_Bild_ps-325x350.jpg 325w\" sizes=\"auto, (max-width: 680px) 100vw, 680px\" \/><figcaption id=\"caption-attachment-36650\" class=\"wp-caption-text\">Erich Sannemann assume la direzione operativa di Swissmechanic e diventa il nuovo direttore dell'Associazione MEM PMI. (Immagine: www.swissmechanic.ch)<\/figcaption><\/figure>\n<p>Erich Sannemann dirige ad interim l'ufficio di Swissmechanic dalla fine di novembre 2024. La direzione dell'associazione ha ora prorogato il suo mandato: Erich Sannemann diventer\u00e0 il nuovo direttore dell'Associazione MEM PMI.<\/p>\n<p>Erich Sannemann ha conseguito un master in ingegneria industriale e della produzione presso il Politecnico di Zurigo e ha un'ampia conoscenza pratica dell'industria MEM.<\/p>\n<p>La sua carriera, caratterizzata da posizioni nelle operazioni e nella catena di fornitura fino al livello C, nonch\u00e9 dalla direzione e dal consiglio di amministrazione di note aziende dell'industria svizzera, comprende un'ampia gamma di progetti di trasformazione. Erich Sannemann ha dato prova di s\u00e9 nello sviluppo di sistemi di gestione ed eccellenza, nonch\u00e9 nella gestione della leadership e del cambiamento. Le sue attivit\u00e0 di insegnamento presso le universit\u00e0 di scienze applicate sottolineano la sua competenza nel combinare innovazione ed eccellenza operativa.<\/p>\n<p>Insieme a Erich Sannemann, Swissmechanic \u00e8 pronta ad affrontare le numerose sfide future dell'industria MEM con vigore e competenza.<\/p>\n<p><em>Fonte: <a href=\"https:\/\/www.swissmechanic.ch\/\">www.swissmechanic.ch<\/a><\/em><\/p>","protected":false},"excerpt":{"rendered":"<p>L'esperto ingegnere di impianti e produzione ETH assume la direzione operativa di Swissmechanic.<\/p>","protected":false},"author":80,"featured_media":36650,"comment_status":"closed","ping_status":"closed","sticky":false,"template":"","format":"standard","meta":{"_acf_changed":false,"_yoast_wpseo_focuskw":"Erich Sannemann Swissmechanic","_yoast_wpseo_metadesc":"Erich Sannemann \u00fcbernimmt die operative F\u00fchrung von Swissmechanic und wird neuer Direktor des KMU-MEM-Verbandes.","articlekey":"","footnotes":""},"categories":[28],"tags":[987,225,301,3414],"class_list":["post-36648","post","type-post","status-publish","format-standard","has-post-thumbnail","hentry","category-management","tag-direktor","tag-fuehrung","tag-kmu","tag-swissmechanic"],"acf":[],"yoast_head":"<!-- This site is optimized with the Yoast SEO plugin v27.4 - https:\/\/yoast.com\/product\/yoast-seo-wordpress\/ -->\n<title>Erich Sannemann wird neuer Direktor von Swissmechanic - Organisator<\/title>\n<meta name=\"description\" content=\"Erich Sannemann \u00fcbernimmt die operative F\u00fchrung von Swissmechanic und wird neuer Direktor des KMU-MEM-Verbandes.\" \/>\n<meta name=\"robots\" content=\"index, follow, max-snippet:-1, max-image-preview:large, max-video-preview:-1\" \/>\n<link rel=\"canonical\" href=\"https:\/\/www.organisator.ch\/it\/gestione-2\/2025-03-05\/erich-sannemann-wird-neuer-direktor-von-swissmechanic\/\" \/>\n<meta property=\"og:locale\" content=\"it_IT\" \/>\n<meta property=\"og:type\" content=\"article\" \/>\n<meta property=\"og:title\" content=\"Erich Sannemann wird neuer Direktor von Swissmechanic\" \/>\n<meta property=\"og:description\" content=\"Erich Sannemann \u00fcbernimmt die operative F\u00fchrung von Swissmechanic und wird neuer Direktor des KMU-MEM-Verbandes.\" \/>\n<meta property=\"og:url\" content=\"https:\/\/www.organisator.ch\/it\/gestione-2\/2025-03-05\/erich-sannemann-wird-neuer-direktor-von-swissmechanic\/\" \/>\n<meta property=\"og:site_name\" content=\"Organisator\" \/>\n<meta property=\"article:publisher\" content=\"https:\/\/www.facebook.com\/OrganisatorFachmagazin\" \/>\n<meta property=\"article:published_time\" content=\"2025-03-05T12:43:35+00:00\" \/>\n<meta property=\"og:image\" content=\"https:\/\/www.organisator.ch\/wp-content\/uploads\/2025\/03\/Swissmechanic_Bild_ps.jpg\" \/>\n\t<meta property=\"og:image:width\" content=\"680\" \/>\n\t<meta property=\"og:image:height\" content=\"732\" \/>\n\t<meta property=\"og:image:type\" content=\"image\/jpeg\" \/>\n<meta name=\"author\" content=\"Dzana Muminovic\" \/>\n<meta name=\"twitter:card\" content=\"summary_large_image\" \/>\n<meta name=\"twitter:title\" content=\"Erich Sannemann wird neuer Direktor von Swissmechanic\" \/>\n<meta name=\"twitter:description\" content=\"#Erich #Sannemann \u00fcbernimmt die #operative #F\u00fchrung von #Swissmechanic und wird neuer #Direktor des #KMU-#MEM-#Verbandes.\" \/>\n<meta name=\"twitter:image\" content=\"https:\/\/www.organisator.ch\/wp-content\/uploads\/2025\/03\/Swissmechanic_Bild_ps.jpg\" \/>\n<script type=\"application\/ld+json\" class=\"yoast-schema-graph\">{\"@context\":\"https:\\\/\\\/schema.org\",\"@graph\":[{\"@type\":\"Article\",\"@id\":\"https:\\\/\\\/www.organisator.ch\\\/management\\\/2025-03-05\\\/erich-sannemann-wird-neuer-direktor-von-swissmechanic\\\/#article\",\"isPartOf\":{\"@id\":\"https:\\\/\\\/www.organisator.ch\\\/management\\\/2025-03-05\\\/erich-sannemann-wird-neuer-direktor-von-swissmechanic\\\/\"},\"author\":{\"name\":\"Dzana Muminovic\",\"@id\":\"https:\\\/\\\/www.organisator.ch\\\/#\\\/schema\\\/person\\\/afccda3a71c06d4be2ed9100dd163db7\"},\"headline\":\"Erich Sannemann wird neuer Direktor von Swissmechanic\",\"datePublished\":\"2025-03-05T12:43:35+00:00\",\"mainEntityOfPage\":{\"@id\":\"https:\\\/\\\/www.organisator.ch\\\/management\\\/2025-03-05\\\/erich-sannemann-wird-neuer-direktor-von-swissmechanic\\\/\"},\"wordCount\":170,\"publisher\":{\"@id\":\"https:\\\/\\\/www.organisator.ch\\\/#organization\"},\"image\":{\"@id\":\"https:\\\/\\\/www.organisator.ch\\\/management\\\/2025-03-05\\\/erich-sannemann-wird-neuer-direktor-von-swissmechanic\\\/#primaryimage\"},\"thumbnailUrl\":\"https:\\\/\\\/www.organisator.ch\\\/wp-content\\\/uploads\\\/2025\\\/03\\\/Swissmechanic_Bild_ps.jpg\",\"keywords\":[\"Direktor\",\"F\u00fchrung\",\"KMU\",\"Swissmechanic\"],\"articleSection\":[\"MANAGEMENT\"],\"inLanguage\":\"it-IT\"},{\"@type\":\"WebPage\",\"@id\":\"https:\\\/\\\/www.organisator.ch\\\/management\\\/2025-03-05\\\/erich-sannemann-wird-neuer-direktor-von-swissmechanic\\\/\",\"url\":\"https:\\\/\\\/www.organisator.ch\\\/management\\\/2025-03-05\\\/erich-sannemann-wird-neuer-direktor-von-swissmechanic\\\/\",\"name\":\"Erich Sannemann wird neuer Direktor von Swissmechanic - Organisator\",\"isPartOf\":{\"@id\":\"https:\\\/\\\/www.organisator.ch\\\/#website\"},\"primaryImageOfPage\":{\"@id\":\"https:\\\/\\\/www.organisator.ch\\\/management\\\/2025-03-05\\\/erich-sannemann-wird-neuer-direktor-von-swissmechanic\\\/#primaryimage\"},\"image\":{\"@id\":\"https:\\\/\\\/www.organisator.ch\\\/management\\\/2025-03-05\\\/erich-sannemann-wird-neuer-direktor-von-swissmechanic\\\/#primaryimage\"},\"thumbnailUrl\":\"https:\\\/\\\/www.organisator.ch\\\/wp-content\\\/uploads\\\/2025\\\/03\\\/Swissmechanic_Bild_ps.jpg\",\"datePublished\":\"2025-03-05T12:43:35+00:00\",\"description\":\"Erich Sannemann \u00fcbernimmt die operative F\u00fchrung von Swissmechanic und wird neuer Direktor des KMU-MEM-Verbandes.\",\"breadcrumb\":{\"@id\":\"https:\\\/\\\/www.organisator.ch\\\/management\\\/2025-03-05\\\/erich-sannemann-wird-neuer-direktor-von-swissmechanic\\\/#breadcrumb\"},\"inLanguage\":\"it-IT\",\"potentialAction\":[{\"@type\":\"ReadAction\",\"target\":[\"https:\\\/\\\/www.organisator.ch\\\/management\\\/2025-03-05\\\/erich-sannemann-wird-neuer-direktor-von-swissmechanic\\\/\"]}]},{\"@type\":\"ImageObject\",\"inLanguage\":\"it-IT\",\"@id\":\"https:\\\/\\\/www.organisator.ch\\\/management\\\/2025-03-05\\\/erich-sannemann-wird-neuer-direktor-von-swissmechanic\\\/#primaryimage\",\"url\":\"https:\\\/\\\/www.organisator.ch\\\/wp-content\\\/uploads\\\/2025\\\/03\\\/Swissmechanic_Bild_ps.jpg\",\"contentUrl\":\"https:\\\/\\\/www.organisator.ch\\\/wp-content\\\/uploads\\\/2025\\\/03\\\/Swissmechanic_Bild_ps.jpg\",\"width\":680,\"height\":732,\"caption\":\"Erich Sannemann \u00fcbernimmt die operative F\u00fchrung von Swissmechanic und wird neuer Direktor des KMU-MEM-Verbandes. (Bild: www.swissmechanic.ch)\"},{\"@type\":\"BreadcrumbList\",\"@id\":\"https:\\\/\\\/www.organisator.ch\\\/management\\\/2025-03-05\\\/erich-sannemann-wird-neuer-direktor-von-swissmechanic\\\/#breadcrumb\",\"itemListElement\":[{\"@type\":\"ListItem\",\"position\":1,\"name\":\"Home\",\"item\":\"https:\\\/\\\/www.organisator.ch\\\/\"},{\"@type\":\"ListItem\",\"position\":2,\"name\":\"Erich Sannemann wird neuer Direktor von Swissmechanic\"}]},{\"@type\":\"WebSite\",\"@id\":\"https:\\\/\\\/www.organisator.ch\\\/#website\",\"url\":\"https:\\\/\\\/www.organisator.ch\\\/\",\"name\":\"Organisator\",\"description\":\"Kompetent. Praxisnah. Der ORGANISATOR bereitet in 10 Ausgaben pro Jahr die wesentlichen Themen f\u00fcr F\u00fchrungskr\u00e4fte von KMU auf.\",\"publisher\":{\"@id\":\"https:\\\/\\\/www.organisator.ch\\\/#organization\"},\"potentialAction\":[{\"@type\":\"SearchAction\",\"target\":{\"@type\":\"EntryPoint\",\"urlTemplate\":\"https:\\\/\\\/www.organisator.ch\\\/?s={search_term_string}\"},\"query-input\":{\"@type\":\"PropertyValueSpecification\",\"valueRequired\":true,\"valueName\":\"search_term_string\"}}],\"inLanguage\":\"it-IT\"},{\"@type\":\"Organization\",\"@id\":\"https:\\\/\\\/www.organisator.ch\\\/#organization\",\"name\":\"Organisator\",\"url\":\"https:\\\/\\\/www.organisator.ch\\\/\",\"logo\":{\"@type\":\"ImageObject\",\"inLanguage\":\"it-IT\",\"@id\":\"https:\\\/\\\/www.organisator.ch\\\/#\\\/schema\\\/logo\\\/image\\\/\",\"url\":\"https:\\\/\\\/www.organisator.ch\\\/wp-content\\\/uploads\\\/2022\\\/01\\\/Logo_Organisator_Website.png\",\"contentUrl\":\"https:\\\/\\\/www.organisator.ch\\\/wp-content\\\/uploads\\\/2022\\\/01\\\/Logo_Organisator_Website.png\",\"width\":800,\"height\":77,\"caption\":\"Organisator\"},\"image\":{\"@id\":\"https:\\\/\\\/www.organisator.ch\\\/#\\\/schema\\\/logo\\\/image\\\/\"},\"sameAs\":[\"https:\\\/\\\/www.facebook.com\\\/OrganisatorFachmagazin\",\"https:\\\/\\\/www.linkedin.com\\\/showcase\\\/organisator-das-magazin-fr-kmu\",\"https:\\\/\\\/www.xing.com\\\/news\\\/pages\\\/organisator-ch-695\",\"https:\\\/\\\/www.youtube.com\\\/channel\\\/UCGP2Sq0iWaZwT3BdIAQFYpw\"]},{\"@type\":\"Person\",\"@id\":\"https:\\\/\\\/www.organisator.ch\\\/#\\\/schema\\\/person\\\/afccda3a71c06d4be2ed9100dd163db7\",\"name\":\"Dzana Muminovic\",\"image\":{\"@type\":\"ImageObject\",\"inLanguage\":\"it-IT\",\"@id\":\"https:\\\/\\\/secure.gravatar.com\\\/avatar\\\/909c5c71aff4b38e88686f2ab2f1ba152571f394f41ed8bae431ea56ced93050?s=96&d=mm&r=g\",\"url\":\"https:\\\/\\\/secure.gravatar.com\\\/avatar\\\/909c5c71aff4b38e88686f2ab2f1ba152571f394f41ed8bae431ea56ced93050?s=96&d=mm&r=g\",\"contentUrl\":\"https:\\\/\\\/secure.gravatar.com\\\/avatar\\\/909c5c71aff4b38e88686f2ab2f1ba152571f394f41ed8bae431ea56ced93050?s=96&d=mm&r=g\",\"caption\":\"Dzana Muminovic\"},\"url\":\"https:\\\/\\\/www.organisator.ch\\\/it\\\/author\\\/dzana-muminovic\\\/\"}]}<\/script>\n<!-- \/ Yoast SEO plugin. -->","yoast_head_json":{"title":"Erich Sannemann diventa nuovo direttore di Swissmechanic - Organizzatore","description":"Erich Sannemann assume la direzione operativa di Swissmechanic e diventa il nuovo direttore dell'Associazione MEM PMI.","robots":{"index":"index","follow":"follow","max-snippet":"max-snippet:-1","max-image-preview":"max-image-preview:large","max-video-preview":"max-video-preview:-1"},"canonical":"https:\/\/www.organisator.ch\/it\/gestione-2\/2025-03-05\/erich-sannemann-wird-neuer-direktor-von-swissmechanic\/","og_locale":"it_IT","og_type":"article","og_title":"Erich Sannemann wird neuer Direktor von Swissmechanic","og_description":"Erich Sannemann \u00fcbernimmt die operative F\u00fchrung von Swissmechanic und wird neuer Direktor des KMU-MEM-Verbandes.","og_url":"https:\/\/www.organisator.ch\/it\/gestione-2\/2025-03-05\/erich-sannemann-wird-neuer-direktor-von-swissmechanic\/","og_site_name":"Organisator","article_publisher":"https:\/\/www.facebook.com\/OrganisatorFachmagazin","article_published_time":"2025-03-05T12:43:35+00:00","og_image":[{"width":680,"height":732,"url":"https:\/\/www.organisator.ch\/wp-content\/uploads\/2025\/03\/Swissmechanic_Bild_ps.jpg","type":"image\/jpeg"}],"author":"Dzana Muminovic","twitter_card":"summary_large_image","twitter_title":"Erich Sannemann wird neuer Direktor von Swissmechanic","twitter_description":"#Erich #Sannemann \u00fcbernimmt die #operative #F\u00fchrung von #Swissmechanic und wird neuer #Direktor des #KMU-#MEM-#Verbandes.","twitter_image":"https:\/\/www.organisator.ch\/wp-content\/uploads\/2025\/03\/Swissmechanic_Bild_ps.jpg","schema":{"@context":"https:\/\/schema.org","@graph":[{"@type":"Article","@id":"https:\/\/www.organisator.ch\/management\/2025-03-05\/erich-sannemann-wird-neuer-direktor-von-swissmechanic\/#article","isPartOf":{"@id":"https:\/\/www.organisator.ch\/management\/2025-03-05\/erich-sannemann-wird-neuer-direktor-von-swissmechanic\/"},"author":{"name":"Dzana Muminovic","@id":"https:\/\/www.organisator.ch\/#\/schema\/person\/afccda3a71c06d4be2ed9100dd163db7"},"headline":"Erich Sannemann wird neuer Direktor von Swissmechanic","datePublished":"2025-03-05T12:43:35+00:00","mainEntityOfPage":{"@id":"https:\/\/www.organisator.ch\/management\/2025-03-05\/erich-sannemann-wird-neuer-direktor-von-swissmechanic\/"},"wordCount":170,"publisher":{"@id":"https:\/\/www.organisator.ch\/#organization"},"image":{"@id":"https:\/\/www.organisator.ch\/management\/2025-03-05\/erich-sannemann-wird-neuer-direktor-von-swissmechanic\/#primaryimage"},"thumbnailUrl":"https:\/\/www.organisator.ch\/wp-content\/uploads\/2025\/03\/Swissmechanic_Bild_ps.jpg","keywords":["Direktor","F\u00fchrung","KMU","Swissmechanic"],"articleSection":["MANAGEMENT"],"inLanguage":"it-IT"},{"@type":"WebPage","@id":"https:\/\/www.organisator.ch\/management\/2025-03-05\/erich-sannemann-wird-neuer-direktor-von-swissmechanic\/","url":"https:\/\/www.organisator.ch\/management\/2025-03-05\/erich-sannemann-wird-neuer-direktor-von-swissmechanic\/","name":"Erich Sannemann diventa nuovo direttore di Swissmechanic - Organizzatore","isPartOf":{"@id":"https:\/\/www.organisator.ch\/#website"},"primaryImageOfPage":{"@id":"https:\/\/www.organisator.ch\/management\/2025-03-05\/erich-sannemann-wird-neuer-direktor-von-swissmechanic\/#primaryimage"},"image":{"@id":"https:\/\/www.organisator.ch\/management\/2025-03-05\/erich-sannemann-wird-neuer-direktor-von-swissmechanic\/#primaryimage"},"thumbnailUrl":"https:\/\/www.organisator.ch\/wp-content\/uploads\/2025\/03\/Swissmechanic_Bild_ps.jpg","datePublished":"2025-03-05T12:43:35+00:00","description":"Erich Sannemann assume la direzione operativa di Swissmechanic e diventa il nuovo direttore dell'Associazione MEM PMI.","breadcrumb":{"@id":"https:\/\/www.organisator.ch\/management\/2025-03-05\/erich-sannemann-wird-neuer-direktor-von-swissmechanic\/#breadcrumb"},"inLanguage":"it-IT","potentialAction":[{"@type":"ReadAction","target":["https:\/\/www.organisator.ch\/management\/2025-03-05\/erich-sannemann-wird-neuer-direktor-von-swissmechanic\/"]}]},{"@type":"ImageObject","inLanguage":"it-IT","@id":"https:\/\/www.organisator.ch\/management\/2025-03-05\/erich-sannemann-wird-neuer-direktor-von-swissmechanic\/#primaryimage","url":"https:\/\/www.organisator.ch\/wp-content\/uploads\/2025\/03\/Swissmechanic_Bild_ps.jpg","contentUrl":"https:\/\/www.organisator.ch\/wp-content\/uploads\/2025\/03\/Swissmechanic_Bild_ps.jpg","width":680,"height":732,"caption":"Erich Sannemann \u00fcbernimmt die operative F\u00fchrung von Swissmechanic und wird neuer Direktor des KMU-MEM-Verbandes. (Bild: www.swissmechanic.ch)"},{"@type":"BreadcrumbList","@id":"https:\/\/www.organisator.ch\/management\/2025-03-05\/erich-sannemann-wird-neuer-direktor-von-swissmechanic\/#breadcrumb","itemListElement":[{"@type":"ListItem","position":1,"name":"Home","item":"https:\/\/www.organisator.ch\/"},{"@type":"ListItem","position":2,"name":"Erich Sannemann wird neuer Direktor von Swissmechanic"}]},{"@type":"WebSite","@id":"https:\/\/www.organisator.ch\/#website","url":"https:\/\/www.organisator.ch\/","name":"Organizzatore","description":"Competente. Pratico. In 10 numeri all'anno, ORGANISATOR presenta i temi essenziali per i manager delle PMI.","publisher":{"@id":"https:\/\/www.organisator.ch\/#organization"},"potentialAction":[{"@type":"SearchAction","target":{"@type":"EntryPoint","urlTemplate":"https:\/\/www.organisator.ch\/?s={search_term_string}"},"query-input":{"@type":"PropertyValueSpecification","valueRequired":true,"valueName":"search_term_string"}}],"inLanguage":"it-IT"},{"@type":"Organization","@id":"https:\/\/www.organisator.ch\/#organization","name":"Organizzatore","url":"https:\/\/www.organisator.ch\/","logo":{"@type":"ImageObject","inLanguage":"it-IT","@id":"https:\/\/www.organisator.ch\/#\/schema\/logo\/image\/","url":"https:\/\/www.organisator.ch\/wp-content\/uploads\/2022\/01\/Logo_Organisator_Website.png","contentUrl":"https:\/\/www.organisator.ch\/wp-content\/uploads\/2022\/01\/Logo_Organisator_Website.png","width":800,"height":77,"caption":"Organisator"},"image":{"@id":"https:\/\/www.organisator.ch\/#\/schema\/logo\/image\/"},"sameAs":["https:\/\/www.facebook.com\/OrganisatorFachmagazin","https:\/\/www.linkedin.com\/showcase\/organisator-das-magazin-fr-kmu","https:\/\/www.xing.com\/news\/pages\/organisator-ch-695","https:\/\/www.youtube.com\/channel\/UCGP2Sq0iWaZwT3BdIAQFYpw"]},{"@type":"Person","@id":"https:\/\/www.organisator.ch\/#\/schema\/person\/afccda3a71c06d4be2ed9100dd163db7","name":"Dzana Muminovic","image":{"@type":"ImageObject","inLanguage":"it-IT","@id":"https:\/\/secure.gravatar.com\/avatar\/909c5c71aff4b38e88686f2ab2f1ba152571f394f41ed8bae431ea56ced93050?s=96&d=mm&r=g","url":"https:\/\/secure.gravatar.com\/avatar\/909c5c71aff4b38e88686f2ab2f1ba152571f394f41ed8bae431ea56ced93050?s=96&d=mm&r=g","contentUrl":"https:\/\/secure.gravatar.com\/avatar\/909c5c71aff4b38e88686f2ab2f1ba152571f394f41ed8bae431ea56ced93050?s=96&d=mm&r=g","caption":"Dzana Muminovic"},"url":"https:\/\/www.organisator.ch\/it\/author\/dzana-muminovic\/"}]}},"_links":{"self":[{"href":"https:\/\/www.organisator.ch\/it\/wp-json\/wp\/v2\/posts\/36648","targetHints":{"allow":["GET"]}}],"collection":[{"href":"https:\/\/www.organisator.ch\/it\/wp-json\/wp\/v2\/posts"}],"about":[{"href":"https:\/\/www.organisator.ch\/it\/wp-json\/wp\/v2\/types\/post"}],"author":[{"embeddable":true,"href":"https:\/\/www.organisator.ch\/it\/wp-json\/wp\/v2\/users\/80"}],"replies":[{"embeddable":true,"href":"https:\/\/www.organisator.ch\/it\/wp-json\/wp\/v2\/comments?post=36648"}],"version-history":[{"count":4,"href":"https:\/\/www.organisator.ch\/it\/wp-json\/wp\/v2\/posts\/36648\/revisions"}],"predecessor-version":[{"id":36695,"href":"https:\/\/www.organisator.ch\/it\/wp-json\/wp\/v2\/posts\/36648\/revisions\/36695"}],"wp:featuredmedia":[{"embeddable":true,"href":"https:\/\/www.organisator.ch\/it\/wp-json\/wp\/v2\/media\/36650"}],"wp:attachment":[{"href":"https:\/\/www.organisator.ch\/it\/wp-json\/wp\/v2\/media?parent=36648"}],"wp:term":[{"taxonomy":"category","embeddable":true,"href":"https:\/\/www.organisator.ch\/it\/wp-json\/wp\/v2\/categories?post=36648"},{"taxonomy":"post_tag","embeddable":true,"href":"https:\/\/www.organisator.ch\/it\/wp-json\/wp\/v2\/tags?post=36648"}],"curies":[{"name":"wp","href":"https:\/\/api.w.org\/{rel}","templated":true}]}}