{"id":36682,"date":"2025-03-06T08:45:58","date_gmt":"2025-03-06T07:45:58","guid":{"rendered":"https:\/\/www.organisator.ch\/?p=36682"},"modified":"2025-03-06T08:35:30","modified_gmt":"2025-03-06T07:35:30","slug":"auf-der-suche-nach-der-schweizer-hacking-nationalmannschaft","status":"publish","type":"post","link":"https:\/\/www.organisator.ch\/it\/weiterbildung\/2025-03-06\/auf-der-suche-nach-der-schweizer-hacking-nationalmannschaft\/","title":{"rendered":"Alla ricerca della squadra nazionale svizzera di hacking"},"content":{"rendered":"<figure id=\"attachment_36683\" aria-describedby=\"caption-attachment-36683\" style=\"width: 680px\" class=\"wp-caption alignnone\"><img loading=\"lazy\" decoding=\"async\" class=\"size-full wp-image-36683\" src=\"https:\/\/www.organisator.ch\/wp-content\/uploads\/2025\/03\/SGC_Bild_ps.jpg\" alt=\"\" width=\"680\" height=\"453\" srcset=\"https:\/\/www.organisator.ch\/wp-content\/uploads\/2025\/03\/SGC_Bild_ps.jpg 680w, https:\/\/www.organisator.ch\/wp-content\/uploads\/2025\/03\/SGC_Bild_ps-18x12.jpg 18w, https:\/\/www.organisator.ch\/wp-content\/uploads\/2025\/03\/SGC_Bild_ps-375x250.jpg 375w, https:\/\/www.organisator.ch\/wp-content\/uploads\/2025\/03\/SGC_Bild_ps-525x350.jpg 525w\" sizes=\"auto, (max-width: 680px) 100vw, 680px\" \/><figcaption id=\"caption-attachment-36683\" class=\"wp-caption-text\">La squadra nazionale ai Campionati europei di Torino dello scorso anno. (Immagine: Science Communications)<\/figcaption><\/figure>\n<p>La fase di qualificazione 2025 durer\u00e0 dal 1\u00b0 marzo al 1\u00b0 maggio e si svolger\u00e0 online. I migliori si sfideranno poi in un incontro in loco il 12 e 13 luglio - il luogo non \u00e8 ancora stato stabilito. La squadra nazionale svizzera di hacking di quest'anno sar\u00e0 quindi reclutata tra i partecipanti di maggior successo alla fase finale. Tra le altre cose, questa squadra rappresenter\u00e0 la Svizzera all'European Cyber Security Challenge (ECSC) 2025. Questo campionato europeo di hacking si svolger\u00e0 dal 6 al 10 ottobre a Varsavia.<\/p>\n<p>Chiunque voglia entrare a far parte della squadra svizzera di hacking deve avere un'et\u00e0 compresa tra i 14 e i 25 anni ed essere cittadino svizzero. Tuttavia, chiunque pu\u00f2 partecipare alle qualifiche.<\/p>\n<p><a href=\"https:\/\/www.swiss-hacking-challenge.ch\/\"><em>Ulteriori informazioni sono disponibili sul sito web dell'SHC.<\/em><\/a><\/p>","protected":false},"excerpt":{"rendered":"<p>Il 1\u00b0 marzo \u00e8 stato lanciato lo Swiss Hacking Challenge (SHC) 2025, il campionato nazionale per i giovani talenti svizzeri della cybersecurity. L'SHC \u00e8 organizzato dall'associazione Swiss Cyber Storm ed \u00e8 il partner ufficiale della formazione professionale ICT Svizzera per le qualifiche di cybersecurity per la partecipazione a SwissSkills e WorldSkills.<\/p>","protected":false},"author":80,"featured_media":36683,"comment_status":"closed","ping_status":"closed","sticky":false,"template":"","format":"standard","meta":{"_acf_changed":false,"_yoast_wpseo_focuskw":"Swiss Hacking Challenge 2025","_yoast_wpseo_metadesc":"Die Swiss Hacking Challenge 2025 sucht junge Cybersecurity-Talente. Die besten qualifizieren sich f\u00fcr die European Cyber Security Challenge.","articlekey":"","footnotes":""},"categories":[30],"tags":[3047,4428,5156,2699,2709],"class_list":["post-36682","post","type-post","status-publish","format-standard","has-post-thumbnail","hentry","category-weiterbildung","tag-cybersecurity","tag-ict-berufsbildung","tag-swiss-hacking-challenge","tag-swissskills","tag-worldskills"],"acf":[],"yoast_head":"<!-- This site is optimized with the Yoast SEO plugin v27.4 - https:\/\/yoast.com\/product\/yoast-seo-wordpress\/ -->\n<title>Auf der Suche nach der Schweizer Hacking Nationalmannschaft - Organisator<\/title>\n<meta name=\"description\" content=\"Die Swiss Hacking Challenge 2025 sucht junge Cybersecurity-Talente. Die besten qualifizieren sich f\u00fcr die European Cyber Security Challenge.\" \/>\n<meta name=\"robots\" content=\"index, follow, max-snippet:-1, max-image-preview:large, max-video-preview:-1\" \/>\n<link rel=\"canonical\" href=\"https:\/\/www.organisator.ch\/it\/formazione-continua\/2025-03-06\/auf-der-suche-nach-der-schweizer-hacking-nationalmannschaft\/\" \/>\n<meta property=\"og:locale\" content=\"it_IT\" \/>\n<meta property=\"og:type\" content=\"article\" \/>\n<meta property=\"og:title\" content=\"Die Swiss Hacking Challenge 2025 ist gestartet\" \/>\n<meta property=\"og:description\" content=\"Die Swiss Hacking Challenge 2025 sucht junge Cybersecurity-Talente. Die besten qualifizieren sich f\u00fcr die European Cyber Security Challenge.\" \/>\n<meta property=\"og:url\" content=\"https:\/\/www.organisator.ch\/it\/formazione-continua\/2025-03-06\/auf-der-suche-nach-der-schweizer-hacking-nationalmannschaft\/\" \/>\n<meta property=\"og:site_name\" content=\"Organisator\" \/>\n<meta property=\"article:publisher\" content=\"https:\/\/www.facebook.com\/OrganisatorFachmagazin\" \/>\n<meta property=\"article:published_time\" content=\"2025-03-06T07:45:58+00:00\" \/>\n<meta property=\"og:image\" content=\"https:\/\/www.organisator.ch\/wp-content\/uploads\/2025\/03\/SGC_Bild_ps.jpg\" \/>\n\t<meta property=\"og:image:width\" content=\"680\" \/>\n\t<meta property=\"og:image:height\" content=\"453\" \/>\n\t<meta property=\"og:image:type\" content=\"image\/jpeg\" \/>\n<meta name=\"author\" content=\"Dzana Muminovic\" \/>\n<meta name=\"twitter:card\" content=\"summary_large_image\" \/>\n<meta name=\"twitter:title\" content=\"Die Swiss Hacking Challenge 2025 ist gestartet\" \/>\n<meta name=\"twitter:description\" content=\"Die #Swiss #Hacking #Challenge 2025 sucht junge #Cybersecurity-#Talente. Die besten qualifizieren sich f\u00fcr die #European #Cyber #Security #Challenge.\" \/>\n<meta name=\"twitter:image\" content=\"https:\/\/www.organisator.ch\/wp-content\/uploads\/2025\/03\/SGC_Bild_ps.jpg\" \/>\n<script type=\"application\/ld+json\" class=\"yoast-schema-graph\">{\"@context\":\"https:\\\/\\\/schema.org\",\"@graph\":[{\"@type\":\"Article\",\"@id\":\"https:\\\/\\\/www.organisator.ch\\\/weiterbildung\\\/2025-03-06\\\/auf-der-suche-nach-der-schweizer-hacking-nationalmannschaft\\\/#article\",\"isPartOf\":{\"@id\":\"https:\\\/\\\/www.organisator.ch\\\/weiterbildung\\\/2025-03-06\\\/auf-der-suche-nach-der-schweizer-hacking-nationalmannschaft\\\/\"},\"author\":{\"name\":\"Dzana Muminovic\",\"@id\":\"https:\\\/\\\/www.organisator.ch\\\/#\\\/schema\\\/person\\\/afccda3a71c06d4be2ed9100dd163db7\"},\"headline\":\"Auf der Suche nach der Schweizer Hacking Nationalmannschaft\",\"datePublished\":\"2025-03-06T07:45:58+00:00\",\"mainEntityOfPage\":{\"@id\":\"https:\\\/\\\/www.organisator.ch\\\/weiterbildung\\\/2025-03-06\\\/auf-der-suche-nach-der-schweizer-hacking-nationalmannschaft\\\/\"},\"wordCount\":139,\"publisher\":{\"@id\":\"https:\\\/\\\/www.organisator.ch\\\/#organization\"},\"image\":{\"@id\":\"https:\\\/\\\/www.organisator.ch\\\/weiterbildung\\\/2025-03-06\\\/auf-der-suche-nach-der-schweizer-hacking-nationalmannschaft\\\/#primaryimage\"},\"thumbnailUrl\":\"https:\\\/\\\/www.organisator.ch\\\/wp-content\\\/uploads\\\/2025\\\/03\\\/SGC_Bild_ps.jpg\",\"keywords\":[\"Cybersecurity\",\"ICT-Berufsbildung\",\"Swiss Hacking Challenge\",\"SwissSkills\",\"WorldSkills\"],\"articleSection\":[\"WEITERBILDUNG\"],\"inLanguage\":\"it-IT\"},{\"@type\":\"WebPage\",\"@id\":\"https:\\\/\\\/www.organisator.ch\\\/weiterbildung\\\/2025-03-06\\\/auf-der-suche-nach-der-schweizer-hacking-nationalmannschaft\\\/\",\"url\":\"https:\\\/\\\/www.organisator.ch\\\/weiterbildung\\\/2025-03-06\\\/auf-der-suche-nach-der-schweizer-hacking-nationalmannschaft\\\/\",\"name\":\"Auf der Suche nach der Schweizer Hacking Nationalmannschaft - Organisator\",\"isPartOf\":{\"@id\":\"https:\\\/\\\/www.organisator.ch\\\/#website\"},\"primaryImageOfPage\":{\"@id\":\"https:\\\/\\\/www.organisator.ch\\\/weiterbildung\\\/2025-03-06\\\/auf-der-suche-nach-der-schweizer-hacking-nationalmannschaft\\\/#primaryimage\"},\"image\":{\"@id\":\"https:\\\/\\\/www.organisator.ch\\\/weiterbildung\\\/2025-03-06\\\/auf-der-suche-nach-der-schweizer-hacking-nationalmannschaft\\\/#primaryimage\"},\"thumbnailUrl\":\"https:\\\/\\\/www.organisator.ch\\\/wp-content\\\/uploads\\\/2025\\\/03\\\/SGC_Bild_ps.jpg\",\"datePublished\":\"2025-03-06T07:45:58+00:00\",\"description\":\"Die Swiss Hacking Challenge 2025 sucht junge Cybersecurity-Talente. Die besten qualifizieren sich f\u00fcr die European Cyber Security Challenge.\",\"breadcrumb\":{\"@id\":\"https:\\\/\\\/www.organisator.ch\\\/weiterbildung\\\/2025-03-06\\\/auf-der-suche-nach-der-schweizer-hacking-nationalmannschaft\\\/#breadcrumb\"},\"inLanguage\":\"it-IT\",\"potentialAction\":[{\"@type\":\"ReadAction\",\"target\":[\"https:\\\/\\\/www.organisator.ch\\\/weiterbildung\\\/2025-03-06\\\/auf-der-suche-nach-der-schweizer-hacking-nationalmannschaft\\\/\"]}]},{\"@type\":\"ImageObject\",\"inLanguage\":\"it-IT\",\"@id\":\"https:\\\/\\\/www.organisator.ch\\\/weiterbildung\\\/2025-03-06\\\/auf-der-suche-nach-der-schweizer-hacking-nationalmannschaft\\\/#primaryimage\",\"url\":\"https:\\\/\\\/www.organisator.ch\\\/wp-content\\\/uploads\\\/2025\\\/03\\\/SGC_Bild_ps.jpg\",\"contentUrl\":\"https:\\\/\\\/www.organisator.ch\\\/wp-content\\\/uploads\\\/2025\\\/03\\\/SGC_Bild_ps.jpg\",\"width\":680,\"height\":453,\"caption\":\"Die Nationalmannschaft bei der Europameisterschaft in Turin im vergangenen Jahr. (Bild: Science Communications)\"},{\"@type\":\"BreadcrumbList\",\"@id\":\"https:\\\/\\\/www.organisator.ch\\\/weiterbildung\\\/2025-03-06\\\/auf-der-suche-nach-der-schweizer-hacking-nationalmannschaft\\\/#breadcrumb\",\"itemListElement\":[{\"@type\":\"ListItem\",\"position\":1,\"name\":\"Home\",\"item\":\"https:\\\/\\\/www.organisator.ch\\\/\"},{\"@type\":\"ListItem\",\"position\":2,\"name\":\"Auf der Suche nach der Schweizer Hacking Nationalmannschaft\"}]},{\"@type\":\"WebSite\",\"@id\":\"https:\\\/\\\/www.organisator.ch\\\/#website\",\"url\":\"https:\\\/\\\/www.organisator.ch\\\/\",\"name\":\"Organisator\",\"description\":\"Kompetent. Praxisnah. Der ORGANISATOR bereitet in 10 Ausgaben pro Jahr die wesentlichen Themen f\u00fcr F\u00fchrungskr\u00e4fte von KMU auf.\",\"publisher\":{\"@id\":\"https:\\\/\\\/www.organisator.ch\\\/#organization\"},\"potentialAction\":[{\"@type\":\"SearchAction\",\"target\":{\"@type\":\"EntryPoint\",\"urlTemplate\":\"https:\\\/\\\/www.organisator.ch\\\/?s={search_term_string}\"},\"query-input\":{\"@type\":\"PropertyValueSpecification\",\"valueRequired\":true,\"valueName\":\"search_term_string\"}}],\"inLanguage\":\"it-IT\"},{\"@type\":\"Organization\",\"@id\":\"https:\\\/\\\/www.organisator.ch\\\/#organization\",\"name\":\"Organisator\",\"url\":\"https:\\\/\\\/www.organisator.ch\\\/\",\"logo\":{\"@type\":\"ImageObject\",\"inLanguage\":\"it-IT\",\"@id\":\"https:\\\/\\\/www.organisator.ch\\\/#\\\/schema\\\/logo\\\/image\\\/\",\"url\":\"https:\\\/\\\/www.organisator.ch\\\/wp-content\\\/uploads\\\/2022\\\/01\\\/Logo_Organisator_Website.png\",\"contentUrl\":\"https:\\\/\\\/www.organisator.ch\\\/wp-content\\\/uploads\\\/2022\\\/01\\\/Logo_Organisator_Website.png\",\"width\":800,\"height\":77,\"caption\":\"Organisator\"},\"image\":{\"@id\":\"https:\\\/\\\/www.organisator.ch\\\/#\\\/schema\\\/logo\\\/image\\\/\"},\"sameAs\":[\"https:\\\/\\\/www.facebook.com\\\/OrganisatorFachmagazin\",\"https:\\\/\\\/www.linkedin.com\\\/showcase\\\/organisator-das-magazin-fr-kmu\",\"https:\\\/\\\/www.xing.com\\\/news\\\/pages\\\/organisator-ch-695\",\"https:\\\/\\\/www.youtube.com\\\/channel\\\/UCGP2Sq0iWaZwT3BdIAQFYpw\"]},{\"@type\":\"Person\",\"@id\":\"https:\\\/\\\/www.organisator.ch\\\/#\\\/schema\\\/person\\\/afccda3a71c06d4be2ed9100dd163db7\",\"name\":\"Dzana Muminovic\",\"image\":{\"@type\":\"ImageObject\",\"inLanguage\":\"it-IT\",\"@id\":\"https:\\\/\\\/secure.gravatar.com\\\/avatar\\\/909c5c71aff4b38e88686f2ab2f1ba152571f394f41ed8bae431ea56ced93050?s=96&d=mm&r=g\",\"url\":\"https:\\\/\\\/secure.gravatar.com\\\/avatar\\\/909c5c71aff4b38e88686f2ab2f1ba152571f394f41ed8bae431ea56ced93050?s=96&d=mm&r=g\",\"contentUrl\":\"https:\\\/\\\/secure.gravatar.com\\\/avatar\\\/909c5c71aff4b38e88686f2ab2f1ba152571f394f41ed8bae431ea56ced93050?s=96&d=mm&r=g\",\"caption\":\"Dzana Muminovic\"},\"url\":\"https:\\\/\\\/www.organisator.ch\\\/it\\\/author\\\/dzana-muminovic\\\/\"}]}<\/script>\n<!-- \/ Yoast SEO plugin. -->","yoast_head_json":{"title":"Alla ricerca della squadra nazionale svizzera di hacking - Organizzatore","description":"La Swiss Hacking Challenge 2025 \u00e8 alla ricerca di giovani talenti della cybersecurity. I migliori si qualificheranno per l'European Cyber Security Challenge.","robots":{"index":"index","follow":"follow","max-snippet":"max-snippet:-1","max-image-preview":"max-image-preview:large","max-video-preview":"max-video-preview:-1"},"canonical":"https:\/\/www.organisator.ch\/it\/formazione-continua\/2025-03-06\/auf-der-suche-nach-der-schweizer-hacking-nationalmannschaft\/","og_locale":"it_IT","og_type":"article","og_title":"Die Swiss Hacking Challenge 2025 ist gestartet","og_description":"Die Swiss Hacking Challenge 2025 sucht junge Cybersecurity-Talente. Die besten qualifizieren sich f\u00fcr die European Cyber Security Challenge.","og_url":"https:\/\/www.organisator.ch\/it\/formazione-continua\/2025-03-06\/auf-der-suche-nach-der-schweizer-hacking-nationalmannschaft\/","og_site_name":"Organisator","article_publisher":"https:\/\/www.facebook.com\/OrganisatorFachmagazin","article_published_time":"2025-03-06T07:45:58+00:00","og_image":[{"width":680,"height":453,"url":"https:\/\/www.organisator.ch\/wp-content\/uploads\/2025\/03\/SGC_Bild_ps.jpg","type":"image\/jpeg"}],"author":"Dzana Muminovic","twitter_card":"summary_large_image","twitter_title":"Die Swiss Hacking Challenge 2025 ist gestartet","twitter_description":"Die #Swiss #Hacking #Challenge 2025 sucht junge #Cybersecurity-#Talente. Die besten qualifizieren sich f\u00fcr die #European #Cyber #Security #Challenge.","twitter_image":"https:\/\/www.organisator.ch\/wp-content\/uploads\/2025\/03\/SGC_Bild_ps.jpg","schema":{"@context":"https:\/\/schema.org","@graph":[{"@type":"Article","@id":"https:\/\/www.organisator.ch\/weiterbildung\/2025-03-06\/auf-der-suche-nach-der-schweizer-hacking-nationalmannschaft\/#article","isPartOf":{"@id":"https:\/\/www.organisator.ch\/weiterbildung\/2025-03-06\/auf-der-suche-nach-der-schweizer-hacking-nationalmannschaft\/"},"author":{"name":"Dzana Muminovic","@id":"https:\/\/www.organisator.ch\/#\/schema\/person\/afccda3a71c06d4be2ed9100dd163db7"},"headline":"Auf der Suche nach der Schweizer Hacking Nationalmannschaft","datePublished":"2025-03-06T07:45:58+00:00","mainEntityOfPage":{"@id":"https:\/\/www.organisator.ch\/weiterbildung\/2025-03-06\/auf-der-suche-nach-der-schweizer-hacking-nationalmannschaft\/"},"wordCount":139,"publisher":{"@id":"https:\/\/www.organisator.ch\/#organization"},"image":{"@id":"https:\/\/www.organisator.ch\/weiterbildung\/2025-03-06\/auf-der-suche-nach-der-schweizer-hacking-nationalmannschaft\/#primaryimage"},"thumbnailUrl":"https:\/\/www.organisator.ch\/wp-content\/uploads\/2025\/03\/SGC_Bild_ps.jpg","keywords":["Cybersecurity","ICT-Berufsbildung","Swiss Hacking Challenge","SwissSkills","WorldSkills"],"articleSection":["WEITERBILDUNG"],"inLanguage":"it-IT"},{"@type":"WebPage","@id":"https:\/\/www.organisator.ch\/weiterbildung\/2025-03-06\/auf-der-suche-nach-der-schweizer-hacking-nationalmannschaft\/","url":"https:\/\/www.organisator.ch\/weiterbildung\/2025-03-06\/auf-der-suche-nach-der-schweizer-hacking-nationalmannschaft\/","name":"Alla ricerca della squadra nazionale svizzera di hacking - Organizzatore","isPartOf":{"@id":"https:\/\/www.organisator.ch\/#website"},"primaryImageOfPage":{"@id":"https:\/\/www.organisator.ch\/weiterbildung\/2025-03-06\/auf-der-suche-nach-der-schweizer-hacking-nationalmannschaft\/#primaryimage"},"image":{"@id":"https:\/\/www.organisator.ch\/weiterbildung\/2025-03-06\/auf-der-suche-nach-der-schweizer-hacking-nationalmannschaft\/#primaryimage"},"thumbnailUrl":"https:\/\/www.organisator.ch\/wp-content\/uploads\/2025\/03\/SGC_Bild_ps.jpg","datePublished":"2025-03-06T07:45:58+00:00","description":"La Swiss Hacking Challenge 2025 \u00e8 alla ricerca di giovani talenti della cybersecurity. I migliori si qualificheranno per l'European Cyber Security Challenge.","breadcrumb":{"@id":"https:\/\/www.organisator.ch\/weiterbildung\/2025-03-06\/auf-der-suche-nach-der-schweizer-hacking-nationalmannschaft\/#breadcrumb"},"inLanguage":"it-IT","potentialAction":[{"@type":"ReadAction","target":["https:\/\/www.organisator.ch\/weiterbildung\/2025-03-06\/auf-der-suche-nach-der-schweizer-hacking-nationalmannschaft\/"]}]},{"@type":"ImageObject","inLanguage":"it-IT","@id":"https:\/\/www.organisator.ch\/weiterbildung\/2025-03-06\/auf-der-suche-nach-der-schweizer-hacking-nationalmannschaft\/#primaryimage","url":"https:\/\/www.organisator.ch\/wp-content\/uploads\/2025\/03\/SGC_Bild_ps.jpg","contentUrl":"https:\/\/www.organisator.ch\/wp-content\/uploads\/2025\/03\/SGC_Bild_ps.jpg","width":680,"height":453,"caption":"Die Nationalmannschaft bei der Europameisterschaft in Turin im vergangenen Jahr. (Bild: Science Communications)"},{"@type":"BreadcrumbList","@id":"https:\/\/www.organisator.ch\/weiterbildung\/2025-03-06\/auf-der-suche-nach-der-schweizer-hacking-nationalmannschaft\/#breadcrumb","itemListElement":[{"@type":"ListItem","position":1,"name":"Home","item":"https:\/\/www.organisator.ch\/"},{"@type":"ListItem","position":2,"name":"Auf der Suche nach der Schweizer Hacking Nationalmannschaft"}]},{"@type":"WebSite","@id":"https:\/\/www.organisator.ch\/#website","url":"https:\/\/www.organisator.ch\/","name":"Organizzatore","description":"Competente. Pratico. In 10 numeri all'anno, ORGANISATOR presenta i temi essenziali per i manager delle PMI.","publisher":{"@id":"https:\/\/www.organisator.ch\/#organization"},"potentialAction":[{"@type":"SearchAction","target":{"@type":"EntryPoint","urlTemplate":"https:\/\/www.organisator.ch\/?s={search_term_string}"},"query-input":{"@type":"PropertyValueSpecification","valueRequired":true,"valueName":"search_term_string"}}],"inLanguage":"it-IT"},{"@type":"Organization","@id":"https:\/\/www.organisator.ch\/#organization","name":"Organizzatore","url":"https:\/\/www.organisator.ch\/","logo":{"@type":"ImageObject","inLanguage":"it-IT","@id":"https:\/\/www.organisator.ch\/#\/schema\/logo\/image\/","url":"https:\/\/www.organisator.ch\/wp-content\/uploads\/2022\/01\/Logo_Organisator_Website.png","contentUrl":"https:\/\/www.organisator.ch\/wp-content\/uploads\/2022\/01\/Logo_Organisator_Website.png","width":800,"height":77,"caption":"Organisator"},"image":{"@id":"https:\/\/www.organisator.ch\/#\/schema\/logo\/image\/"},"sameAs":["https:\/\/www.facebook.com\/OrganisatorFachmagazin","https:\/\/www.linkedin.com\/showcase\/organisator-das-magazin-fr-kmu","https:\/\/www.xing.com\/news\/pages\/organisator-ch-695","https:\/\/www.youtube.com\/channel\/UCGP2Sq0iWaZwT3BdIAQFYpw"]},{"@type":"Person","@id":"https:\/\/www.organisator.ch\/#\/schema\/person\/afccda3a71c06d4be2ed9100dd163db7","name":"Dzana Muminovic","image":{"@type":"ImageObject","inLanguage":"it-IT","@id":"https:\/\/secure.gravatar.com\/avatar\/909c5c71aff4b38e88686f2ab2f1ba152571f394f41ed8bae431ea56ced93050?s=96&d=mm&r=g","url":"https:\/\/secure.gravatar.com\/avatar\/909c5c71aff4b38e88686f2ab2f1ba152571f394f41ed8bae431ea56ced93050?s=96&d=mm&r=g","contentUrl":"https:\/\/secure.gravatar.com\/avatar\/909c5c71aff4b38e88686f2ab2f1ba152571f394f41ed8bae431ea56ced93050?s=96&d=mm&r=g","caption":"Dzana Muminovic"},"url":"https:\/\/www.organisator.ch\/it\/author\/dzana-muminovic\/"}]}},"_links":{"self":[{"href":"https:\/\/www.organisator.ch\/it\/wp-json\/wp\/v2\/posts\/36682","targetHints":{"allow":["GET"]}}],"collection":[{"href":"https:\/\/www.organisator.ch\/it\/wp-json\/wp\/v2\/posts"}],"about":[{"href":"https:\/\/www.organisator.ch\/it\/wp-json\/wp\/v2\/types\/post"}],"author":[{"embeddable":true,"href":"https:\/\/www.organisator.ch\/it\/wp-json\/wp\/v2\/users\/80"}],"replies":[{"embeddable":true,"href":"https:\/\/www.organisator.ch\/it\/wp-json\/wp\/v2\/comments?post=36682"}],"version-history":[{"count":4,"href":"https:\/\/www.organisator.ch\/it\/wp-json\/wp\/v2\/posts\/36682\/revisions"}],"predecessor-version":[{"id":36730,"href":"https:\/\/www.organisator.ch\/it\/wp-json\/wp\/v2\/posts\/36682\/revisions\/36730"}],"wp:featuredmedia":[{"embeddable":true,"href":"https:\/\/www.organisator.ch\/it\/wp-json\/wp\/v2\/media\/36683"}],"wp:attachment":[{"href":"https:\/\/www.organisator.ch\/it\/wp-json\/wp\/v2\/media?parent=36682"}],"wp:term":[{"taxonomy":"category","embeddable":true,"href":"https:\/\/www.organisator.ch\/it\/wp-json\/wp\/v2\/categories?post=36682"},{"taxonomy":"post_tag","embeddable":true,"href":"https:\/\/www.organisator.ch\/it\/wp-json\/wp\/v2\/tags?post=36682"}],"curies":[{"name":"wp","href":"https:\/\/api.w.org\/{rel}","templated":true}]}}