{"id":36736,"date":"2025-03-10T10:52:08","date_gmt":"2025-03-10T09:52:08","guid":{"rendered":"https:\/\/www.organisator.ch\/?p=36736"},"modified":"2025-03-10T08:52:17","modified_gmt":"2025-03-10T07:52:17","slug":"prix-svc-espace-mittelland-schwob-ag","status":"publish","type":"post","link":"https:\/\/www.organisator.ch\/it\/management\/2025-03-10\/prix-svc-espace-mittelland-schwob-ag\/","title":{"rendered":"Premio SVC Espace Mittelland: Schwob AG"},"content":{"rendered":"<figure id=\"attachment_36739\" aria-describedby=\"caption-attachment-36739\" style=\"width: 680px\" class=\"wp-caption alignnone\"><img loading=\"lazy\" decoding=\"async\" class=\"size-full wp-image-36739\" src=\"https:\/\/www.organisator.ch\/wp-content\/uploads\/2025\/03\/Schwob_Bild_ps.jpg\" alt=\"\" width=\"680\" height=\"448\" srcset=\"https:\/\/www.organisator.ch\/wp-content\/uploads\/2025\/03\/Schwob_Bild_ps.jpg 680w, https:\/\/www.organisator.ch\/wp-content\/uploads\/2025\/03\/Schwob_Bild_ps-18x12.jpg 18w, https:\/\/www.organisator.ch\/wp-content\/uploads\/2025\/03\/Schwob_Bild_ps-375x247.jpg 375w, https:\/\/www.organisator.ch\/wp-content\/uploads\/2025\/03\/Schwob_Bild_ps-531x350.jpg 531w\" sizes=\"auto, (max-width: 680px) 100vw, 680px\" \/><figcaption id=\"caption-attachment-36739\" class=\"wp-caption-text\">Dal 1872 Schwob AG combina l'artigianato svizzero con la tecnologia pi\u00f9 avanzata. (Schwob AG \/ www.schwob.swiss)<\/figcaption><\/figure>\n<p>Hightech Leinenweberei Schwob AG, con sede a Burgdorf BE, produce tessuti di alta qualit\u00e0 per alberghi, ristoranti, cliniche e residenze dal 1872. Circa 240 dipendenti producono biancheria da letto e da tavola apprezzata non solo in Svizzera ma anche a livello internazionale. Oltre alla produzione, Schwob offre anche servizi di cura dei tessuti. L'azienda combina l'artigianato tradizionale con la tecnologia pi\u00f9 avanzata e predilige consapevolmente la Svizzera come sede.\u00a0<\/p>\n<h3><strong>Tradizione e innovazione dal 1872<\/strong><\/h3>\n<p>Nata come tessitura di lino, Schwob si \u00e8 affermata nel corso dei decenni come specialista di tessuti resistenti e sofisticati, investendo costantemente in moderni impianti di tessitura e produzione. Negli anni '70, l'azienda ha trasferito la produzione a Burgdorf e da allora ha continuato a svilupparsi. Una tappa importante \u00e8 stata l'ingresso nel settore della cura dei tessuti nel 2008. Integrando le proprie lavanderie, Schwob ha creato un concetto che combina perfettamente produzione e cura.<\/p>\n<p>Grazie ai continui investimenti in tecnologia, garanzia di qualit\u00e0 e metodi di produzione sostenibili, l'azienda si \u00e8 posizionata come punto fermo dell'industria tessile svizzera. Nel 2017, l'azienda ha ricevuto il premio internazionale di settore RWin ed \u00e8 stata riconosciuta come il principale fornitore di servizi tessili in Svizzera. Schwob AG festegger\u00e0 il suo 150\u00b0 anniversario nel 2022.<\/p>\n<h3><strong>Servizio tessile completo da un unico fornitore<\/strong><\/h3>\n<p>Schwob AG va oltre la semplice produzione e offre ai suoi clienti un servizio a tutto tondo con cinque lavanderie di propriet\u00e0. Dalla raccolta e pulizia alla consegna puntuale, l'azienda si occupa della cura professionale dei tessuti. Il servizio completo di noleggio della biancheria consente di utilizzarla in modo flessibile, senza doversi preoccupare di immagazzinarla, curarla o sostituirla. Questa combinazione di design, produzione e cura dei tessuti crea una soluzione economica e sostenibile per il settore alberghiero, della ristorazione e della sanit\u00e0.<\/p>\n<h3><strong>Responsabilit\u00e0 per l'ambiente e la societ\u00e0<\/strong><\/h3>\n<p>La sostenibilit\u00e0 caratterizza l'intera azienda, dalla produzione alla cura dei tessuti. I processi di conservazione delle risorse e i materiali durevoli sono al centro della produzione. Il fabbisogno di energia elettrica \u00e8 interamente coperto da energie rinnovabili, tra cui l'elettricit\u00e0 proveniente da impianti idroelettrici e fotovoltaici da 100 %. Inoltre, le moderne tecnologie di lavanderia riducono costantemente il consumo di acqua e le emissioni di CO\u2082. Tuttavia, Schwob non si assume solo una responsabilit\u00e0 ecologica, ma anche sociale. L'azienda si impegna a garantire condizioni di lavoro eque e investe in modo specifico nella formazione e nello sviluppo dei propri dipendenti.<\/p>\n<p><em>Ulteriori informazioni:\u00a0<a href=\"https:\/\/www.schwob.swiss\/\">www.schwob.swiss<\/a>\u00a0\/\u00a0<a href=\"https:\/\/svc.swiss\/de\/event\/prix-svc-espace-mittelland-2025\">www.svc.swiss<\/a><\/em><\/p>\n<blockquote>\n<h3>Premio SVC Espace Mittelland 2025<\/h3>\n<p>La cerimonia di premiazione si terr\u00e0 mercoled\u00ec 12 marzo 2025 al Kursaal di Berna. Sono attesi circa 1.300 ospiti provenienti dal mondo dell'economia, della scienza, della politica e della cultura. Il Prix SVC Espace Mittelland \u00e8 stato assegnato per la prima volta nel 2003 e il 2025 sar\u00e0 la quindicesima edizione.\u00a0<a href=\"https:\/\/svc.swiss\/sites\/default\/files\/2025-01\/online_svc_leporello_a5_espacemittelland.pdf\">Ulteriori informazioni.<\/a><\/p>\n<\/blockquote>","protected":false},"excerpt":{"rendered":"<p>Il 12 marzo 2025, il Prix SVC Espace Mittelland sar\u00e0 assegnato per la 15a volta. Schwob AG, con sede a Burgdorf BE, \u00e8 uno dei finalisti. Un breve ritratto di questa azienda tradizionale, che produce tessuti di alta qualit\u00e0 per i settori alberghiero, della ristorazione e sanitario.<\/p>","protected":false},"author":80,"featured_media":36739,"comment_status":"closed","ping_status":"closed","sticky":false,"template":"","format":"standard","meta":{"_acf_changed":false,"_yoast_wpseo_focuskw":"Schwob AG","_yoast_wpseo_metadesc":"Die Schwob AG ist Finalistin beim Prix SVC Espace Mittelland 2025. Ein Kurzportr\u00e4t des Traditionsunternehmens f\u00fcr hochwertige Textilien.","articlekey":"","footnotes":""},"categories":[28],"tags":[65,301,391,2297,492],"class_list":["post-36736","post","type-post","status-publish","format-standard","has-post-thumbnail","hentry","category-management","tag-award","tag-kmu","tag-prix-svc-espace-mittelland","tag-textilindustrie","tag-unternehmen"],"acf":[],"yoast_head":"<!-- This site is optimized with the Yoast SEO plugin v27.5 - https:\/\/yoast.com\/product\/yoast-seo-wordpress\/ -->\n<title>Prix SVC Espace Mittelland: Schwob AG - Organisator<\/title>\n<meta name=\"description\" content=\"Die Schwob AG ist Finalistin beim Prix SVC Espace Mittelland 2025. Ein Kurzportr\u00e4t des Traditionsunternehmens f\u00fcr hochwertige Textilien.\" \/>\n<meta name=\"robots\" content=\"index, follow, max-snippet:-1, max-image-preview:large, max-video-preview:-1\" \/>\n<link rel=\"canonical\" href=\"https:\/\/www.organisator.ch\/it\/gestione-2\/2025-03-10\/prix-svc-espace-mittelland-schwob-ag\/\" \/>\n<meta property=\"og:locale\" content=\"it_IT\" \/>\n<meta property=\"og:type\" content=\"article\" \/>\n<meta property=\"og:title\" content=\"Prix SVC Espace Mittelland: Schwob AG\" \/>\n<meta property=\"og:description\" content=\"Die Schwob AG ist Finalistin beim Prix SVC Espace Mittelland 2025. Ein Kurzportr\u00e4t des Traditionsunternehmens f\u00fcr hochwertige Textilien.\" \/>\n<meta property=\"og:url\" content=\"https:\/\/www.organisator.ch\/it\/gestione-2\/2025-03-10\/prix-svc-espace-mittelland-schwob-ag\/\" \/>\n<meta property=\"og:site_name\" content=\"Organisator\" \/>\n<meta property=\"article:publisher\" content=\"https:\/\/www.facebook.com\/OrganisatorFachmagazin\" \/>\n<meta property=\"article:published_time\" content=\"2025-03-10T09:52:08+00:00\" \/>\n<meta property=\"og:image\" content=\"https:\/\/www.organisator.ch\/wp-content\/uploads\/2025\/03\/Schwob_Bild_ps.jpg\" \/>\n\t<meta property=\"og:image:width\" content=\"680\" \/>\n\t<meta property=\"og:image:height\" content=\"448\" \/>\n\t<meta property=\"og:image:type\" content=\"image\/jpeg\" \/>\n<meta name=\"author\" content=\"Dzana Muminovic\" \/>\n<meta name=\"twitter:card\" content=\"summary_large_image\" \/>\n<meta name=\"twitter:title\" content=\"Prix SVC Espace Mittelland: Schwob AG\" \/>\n<meta name=\"twitter:description\" content=\"Die Schwob AG ist Finalistin beim Prix SVC Espace Mittelland 2025. Ein Kurzportr\u00e4t des Traditionsunternehmens f\u00fcr hochwertige Textilien.\" \/>\n<meta name=\"twitter:image\" content=\"https:\/\/www.organisator.ch\/wp-content\/uploads\/2025\/03\/Schwob_Bild_ps.jpg\" \/>\n<script type=\"application\/ld+json\" class=\"yoast-schema-graph\">{\"@context\":\"https:\\\/\\\/schema.org\",\"@graph\":[{\"@type\":\"Article\",\"@id\":\"https:\\\/\\\/www.organisator.ch\\\/management\\\/2025-03-10\\\/prix-svc-espace-mittelland-schwob-ag\\\/#article\",\"isPartOf\":{\"@id\":\"https:\\\/\\\/www.organisator.ch\\\/management\\\/2025-03-10\\\/prix-svc-espace-mittelland-schwob-ag\\\/\"},\"author\":{\"name\":\"Dzana Muminovic\",\"@id\":\"https:\\\/\\\/www.organisator.ch\\\/#\\\/schema\\\/person\\\/afccda3a71c06d4be2ed9100dd163db7\"},\"headline\":\"Prix SVC Espace Mittelland: Schwob AG\",\"datePublished\":\"2025-03-10T09:52:08+00:00\",\"mainEntityOfPage\":{\"@id\":\"https:\\\/\\\/www.organisator.ch\\\/management\\\/2025-03-10\\\/prix-svc-espace-mittelland-schwob-ag\\\/\"},\"wordCount\":450,\"publisher\":{\"@id\":\"https:\\\/\\\/www.organisator.ch\\\/#organization\"},\"image\":{\"@id\":\"https:\\\/\\\/www.organisator.ch\\\/management\\\/2025-03-10\\\/prix-svc-espace-mittelland-schwob-ag\\\/#primaryimage\"},\"thumbnailUrl\":\"https:\\\/\\\/www.organisator.ch\\\/wp-content\\\/uploads\\\/2025\\\/03\\\/Schwob_Bild_ps.jpg\",\"keywords\":[\"Award\",\"KMU\",\"Prix SVC Espace Mittelland\",\"Textilindustrie\",\"Unternehmen\"],\"articleSection\":[\"MANAGEMENT\"],\"inLanguage\":\"it-IT\"},{\"@type\":\"WebPage\",\"@id\":\"https:\\\/\\\/www.organisator.ch\\\/management\\\/2025-03-10\\\/prix-svc-espace-mittelland-schwob-ag\\\/\",\"url\":\"https:\\\/\\\/www.organisator.ch\\\/management\\\/2025-03-10\\\/prix-svc-espace-mittelland-schwob-ag\\\/\",\"name\":\"Prix SVC Espace Mittelland: Schwob AG - Organisator\",\"isPartOf\":{\"@id\":\"https:\\\/\\\/www.organisator.ch\\\/#website\"},\"primaryImageOfPage\":{\"@id\":\"https:\\\/\\\/www.organisator.ch\\\/management\\\/2025-03-10\\\/prix-svc-espace-mittelland-schwob-ag\\\/#primaryimage\"},\"image\":{\"@id\":\"https:\\\/\\\/www.organisator.ch\\\/management\\\/2025-03-10\\\/prix-svc-espace-mittelland-schwob-ag\\\/#primaryimage\"},\"thumbnailUrl\":\"https:\\\/\\\/www.organisator.ch\\\/wp-content\\\/uploads\\\/2025\\\/03\\\/Schwob_Bild_ps.jpg\",\"datePublished\":\"2025-03-10T09:52:08+00:00\",\"description\":\"Die Schwob AG ist Finalistin beim Prix SVC Espace Mittelland 2025. Ein Kurzportr\u00e4t des Traditionsunternehmens f\u00fcr hochwertige Textilien.\",\"breadcrumb\":{\"@id\":\"https:\\\/\\\/www.organisator.ch\\\/management\\\/2025-03-10\\\/prix-svc-espace-mittelland-schwob-ag\\\/#breadcrumb\"},\"inLanguage\":\"it-IT\",\"potentialAction\":[{\"@type\":\"ReadAction\",\"target\":[\"https:\\\/\\\/www.organisator.ch\\\/management\\\/2025-03-10\\\/prix-svc-espace-mittelland-schwob-ag\\\/\"]}]},{\"@type\":\"ImageObject\",\"inLanguage\":\"it-IT\",\"@id\":\"https:\\\/\\\/www.organisator.ch\\\/management\\\/2025-03-10\\\/prix-svc-espace-mittelland-schwob-ag\\\/#primaryimage\",\"url\":\"https:\\\/\\\/www.organisator.ch\\\/wp-content\\\/uploads\\\/2025\\\/03\\\/Schwob_Bild_ps.jpg\",\"contentUrl\":\"https:\\\/\\\/www.organisator.ch\\\/wp-content\\\/uploads\\\/2025\\\/03\\\/Schwob_Bild_ps.jpg\",\"width\":680,\"height\":448,\"caption\":\"Die Schwob AG verbindet seit 1872 Schweizer Handwerkskunst mit modernster Technologie. (Schwob AG \\\/ www.schwob.swiss)\"},{\"@type\":\"BreadcrumbList\",\"@id\":\"https:\\\/\\\/www.organisator.ch\\\/management\\\/2025-03-10\\\/prix-svc-espace-mittelland-schwob-ag\\\/#breadcrumb\",\"itemListElement\":[{\"@type\":\"ListItem\",\"position\":1,\"name\":\"Home\",\"item\":\"https:\\\/\\\/www.organisator.ch\\\/\"},{\"@type\":\"ListItem\",\"position\":2,\"name\":\"Prix SVC Espace Mittelland: Schwob AG\"}]},{\"@type\":\"WebSite\",\"@id\":\"https:\\\/\\\/www.organisator.ch\\\/#website\",\"url\":\"https:\\\/\\\/www.organisator.ch\\\/\",\"name\":\"Organisator\",\"description\":\"Kompetent. Praxisnah. Der ORGANISATOR bereitet in 10 Ausgaben pro Jahr die wesentlichen Themen f\u00fcr F\u00fchrungskr\u00e4fte von KMU auf.\",\"publisher\":{\"@id\":\"https:\\\/\\\/www.organisator.ch\\\/#organization\"},\"potentialAction\":[{\"@type\":\"SearchAction\",\"target\":{\"@type\":\"EntryPoint\",\"urlTemplate\":\"https:\\\/\\\/www.organisator.ch\\\/?s={search_term_string}\"},\"query-input\":{\"@type\":\"PropertyValueSpecification\",\"valueRequired\":true,\"valueName\":\"search_term_string\"}}],\"inLanguage\":\"it-IT\"},{\"@type\":\"Organization\",\"@id\":\"https:\\\/\\\/www.organisator.ch\\\/#organization\",\"name\":\"Organisator\",\"url\":\"https:\\\/\\\/www.organisator.ch\\\/\",\"logo\":{\"@type\":\"ImageObject\",\"inLanguage\":\"it-IT\",\"@id\":\"https:\\\/\\\/www.organisator.ch\\\/#\\\/schema\\\/logo\\\/image\\\/\",\"url\":\"https:\\\/\\\/www.organisator.ch\\\/wp-content\\\/uploads\\\/2022\\\/01\\\/Logo_Organisator_Website.png\",\"contentUrl\":\"https:\\\/\\\/www.organisator.ch\\\/wp-content\\\/uploads\\\/2022\\\/01\\\/Logo_Organisator_Website.png\",\"width\":800,\"height\":77,\"caption\":\"Organisator\"},\"image\":{\"@id\":\"https:\\\/\\\/www.organisator.ch\\\/#\\\/schema\\\/logo\\\/image\\\/\"},\"sameAs\":[\"https:\\\/\\\/www.facebook.com\\\/OrganisatorFachmagazin\",\"https:\\\/\\\/www.linkedin.com\\\/showcase\\\/organisator-das-magazin-fr-kmu\",\"https:\\\/\\\/www.xing.com\\\/news\\\/pages\\\/organisator-ch-695\",\"https:\\\/\\\/www.youtube.com\\\/channel\\\/UCGP2Sq0iWaZwT3BdIAQFYpw\"]},{\"@type\":\"Person\",\"@id\":\"https:\\\/\\\/www.organisator.ch\\\/#\\\/schema\\\/person\\\/afccda3a71c06d4be2ed9100dd163db7\",\"name\":\"Dzana Muminovic\",\"image\":{\"@type\":\"ImageObject\",\"inLanguage\":\"it-IT\",\"@id\":\"https:\\\/\\\/secure.gravatar.com\\\/avatar\\\/909c5c71aff4b38e88686f2ab2f1ba152571f394f41ed8bae431ea56ced93050?s=96&d=mm&r=g\",\"url\":\"https:\\\/\\\/secure.gravatar.com\\\/avatar\\\/909c5c71aff4b38e88686f2ab2f1ba152571f394f41ed8bae431ea56ced93050?s=96&d=mm&r=g\",\"contentUrl\":\"https:\\\/\\\/secure.gravatar.com\\\/avatar\\\/909c5c71aff4b38e88686f2ab2f1ba152571f394f41ed8bae431ea56ced93050?s=96&d=mm&r=g\",\"caption\":\"Dzana Muminovic\"},\"url\":\"https:\\\/\\\/www.organisator.ch\\\/it\\\/author\\\/dzana-muminovic\\\/\"}]}<\/script>\n<!-- \/ Yoast SEO plugin. -->","yoast_head_json":{"title":"Premio SVC Espace Mittelland: Schwob AG - Organizzatore","description":"Schwob AG \u00e8 finalista del Prix SVC Espace Mittelland 2025 - un breve ritratto della storica azienda di tessuti di alta qualit\u00e0.","robots":{"index":"index","follow":"follow","max-snippet":"max-snippet:-1","max-image-preview":"max-image-preview:large","max-video-preview":"max-video-preview:-1"},"canonical":"https:\/\/www.organisator.ch\/it\/gestione-2\/2025-03-10\/prix-svc-espace-mittelland-schwob-ag\/","og_locale":"it_IT","og_type":"article","og_title":"Prix SVC Espace Mittelland: Schwob AG","og_description":"Die Schwob AG ist Finalistin beim Prix SVC Espace Mittelland 2025. Ein Kurzportr\u00e4t des Traditionsunternehmens f\u00fcr hochwertige Textilien.","og_url":"https:\/\/www.organisator.ch\/it\/gestione-2\/2025-03-10\/prix-svc-espace-mittelland-schwob-ag\/","og_site_name":"Organisator","article_publisher":"https:\/\/www.facebook.com\/OrganisatorFachmagazin","article_published_time":"2025-03-10T09:52:08+00:00","og_image":[{"width":680,"height":448,"url":"https:\/\/www.organisator.ch\/wp-content\/uploads\/2025\/03\/Schwob_Bild_ps.jpg","type":"image\/jpeg"}],"author":"Dzana Muminovic","twitter_card":"summary_large_image","twitter_title":"Prix SVC Espace Mittelland: Schwob AG","twitter_description":"Die Schwob AG ist Finalistin beim Prix SVC Espace Mittelland 2025. Ein Kurzportr\u00e4t des Traditionsunternehmens f\u00fcr hochwertige Textilien.","twitter_image":"https:\/\/www.organisator.ch\/wp-content\/uploads\/2025\/03\/Schwob_Bild_ps.jpg","schema":{"@context":"https:\/\/schema.org","@graph":[{"@type":"Article","@id":"https:\/\/www.organisator.ch\/management\/2025-03-10\/prix-svc-espace-mittelland-schwob-ag\/#article","isPartOf":{"@id":"https:\/\/www.organisator.ch\/management\/2025-03-10\/prix-svc-espace-mittelland-schwob-ag\/"},"author":{"name":"Dzana Muminovic","@id":"https:\/\/www.organisator.ch\/#\/schema\/person\/afccda3a71c06d4be2ed9100dd163db7"},"headline":"Prix SVC Espace Mittelland: Schwob AG","datePublished":"2025-03-10T09:52:08+00:00","mainEntityOfPage":{"@id":"https:\/\/www.organisator.ch\/management\/2025-03-10\/prix-svc-espace-mittelland-schwob-ag\/"},"wordCount":450,"publisher":{"@id":"https:\/\/www.organisator.ch\/#organization"},"image":{"@id":"https:\/\/www.organisator.ch\/management\/2025-03-10\/prix-svc-espace-mittelland-schwob-ag\/#primaryimage"},"thumbnailUrl":"https:\/\/www.organisator.ch\/wp-content\/uploads\/2025\/03\/Schwob_Bild_ps.jpg","keywords":["Award","KMU","Prix SVC Espace Mittelland","Textilindustrie","Unternehmen"],"articleSection":["MANAGEMENT"],"inLanguage":"it-IT"},{"@type":"WebPage","@id":"https:\/\/www.organisator.ch\/management\/2025-03-10\/prix-svc-espace-mittelland-schwob-ag\/","url":"https:\/\/www.organisator.ch\/management\/2025-03-10\/prix-svc-espace-mittelland-schwob-ag\/","name":"Premio SVC Espace Mittelland: Schwob AG - Organizzatore","isPartOf":{"@id":"https:\/\/www.organisator.ch\/#website"},"primaryImageOfPage":{"@id":"https:\/\/www.organisator.ch\/management\/2025-03-10\/prix-svc-espace-mittelland-schwob-ag\/#primaryimage"},"image":{"@id":"https:\/\/www.organisator.ch\/management\/2025-03-10\/prix-svc-espace-mittelland-schwob-ag\/#primaryimage"},"thumbnailUrl":"https:\/\/www.organisator.ch\/wp-content\/uploads\/2025\/03\/Schwob_Bild_ps.jpg","datePublished":"2025-03-10T09:52:08+00:00","description":"Schwob AG \u00e8 finalista del Prix SVC Espace Mittelland 2025 - un breve ritratto della storica azienda di tessuti di alta qualit\u00e0.","breadcrumb":{"@id":"https:\/\/www.organisator.ch\/management\/2025-03-10\/prix-svc-espace-mittelland-schwob-ag\/#breadcrumb"},"inLanguage":"it-IT","potentialAction":[{"@type":"ReadAction","target":["https:\/\/www.organisator.ch\/management\/2025-03-10\/prix-svc-espace-mittelland-schwob-ag\/"]}]},{"@type":"ImageObject","inLanguage":"it-IT","@id":"https:\/\/www.organisator.ch\/management\/2025-03-10\/prix-svc-espace-mittelland-schwob-ag\/#primaryimage","url":"https:\/\/www.organisator.ch\/wp-content\/uploads\/2025\/03\/Schwob_Bild_ps.jpg","contentUrl":"https:\/\/www.organisator.ch\/wp-content\/uploads\/2025\/03\/Schwob_Bild_ps.jpg","width":680,"height":448,"caption":"Die Schwob AG verbindet seit 1872 Schweizer Handwerkskunst mit modernster Technologie. (Schwob AG \/ www.schwob.swiss)"},{"@type":"BreadcrumbList","@id":"https:\/\/www.organisator.ch\/management\/2025-03-10\/prix-svc-espace-mittelland-schwob-ag\/#breadcrumb","itemListElement":[{"@type":"ListItem","position":1,"name":"Home","item":"https:\/\/www.organisator.ch\/"},{"@type":"ListItem","position":2,"name":"Prix SVC Espace Mittelland: Schwob AG"}]},{"@type":"WebSite","@id":"https:\/\/www.organisator.ch\/#website","url":"https:\/\/www.organisator.ch\/","name":"Organizzatore","description":"Competente. Pratico. In 10 numeri all'anno, ORGANISATOR presenta i temi essenziali per i manager delle PMI.","publisher":{"@id":"https:\/\/www.organisator.ch\/#organization"},"potentialAction":[{"@type":"SearchAction","target":{"@type":"EntryPoint","urlTemplate":"https:\/\/www.organisator.ch\/?s={search_term_string}"},"query-input":{"@type":"PropertyValueSpecification","valueRequired":true,"valueName":"search_term_string"}}],"inLanguage":"it-IT"},{"@type":"Organization","@id":"https:\/\/www.organisator.ch\/#organization","name":"Organizzatore","url":"https:\/\/www.organisator.ch\/","logo":{"@type":"ImageObject","inLanguage":"it-IT","@id":"https:\/\/www.organisator.ch\/#\/schema\/logo\/image\/","url":"https:\/\/www.organisator.ch\/wp-content\/uploads\/2022\/01\/Logo_Organisator_Website.png","contentUrl":"https:\/\/www.organisator.ch\/wp-content\/uploads\/2022\/01\/Logo_Organisator_Website.png","width":800,"height":77,"caption":"Organisator"},"image":{"@id":"https:\/\/www.organisator.ch\/#\/schema\/logo\/image\/"},"sameAs":["https:\/\/www.facebook.com\/OrganisatorFachmagazin","https:\/\/www.linkedin.com\/showcase\/organisator-das-magazin-fr-kmu","https:\/\/www.xing.com\/news\/pages\/organisator-ch-695","https:\/\/www.youtube.com\/channel\/UCGP2Sq0iWaZwT3BdIAQFYpw"]},{"@type":"Person","@id":"https:\/\/www.organisator.ch\/#\/schema\/person\/afccda3a71c06d4be2ed9100dd163db7","name":"Dzana Muminovic","image":{"@type":"ImageObject","inLanguage":"it-IT","@id":"https:\/\/secure.gravatar.com\/avatar\/909c5c71aff4b38e88686f2ab2f1ba152571f394f41ed8bae431ea56ced93050?s=96&d=mm&r=g","url":"https:\/\/secure.gravatar.com\/avatar\/909c5c71aff4b38e88686f2ab2f1ba152571f394f41ed8bae431ea56ced93050?s=96&d=mm&r=g","contentUrl":"https:\/\/secure.gravatar.com\/avatar\/909c5c71aff4b38e88686f2ab2f1ba152571f394f41ed8bae431ea56ced93050?s=96&d=mm&r=g","caption":"Dzana Muminovic"},"url":"https:\/\/www.organisator.ch\/it\/author\/dzana-muminovic\/"}]}},"_links":{"self":[{"href":"https:\/\/www.organisator.ch\/it\/wp-json\/wp\/v2\/posts\/36736","targetHints":{"allow":["GET"]}}],"collection":[{"href":"https:\/\/www.organisator.ch\/it\/wp-json\/wp\/v2\/posts"}],"about":[{"href":"https:\/\/www.organisator.ch\/it\/wp-json\/wp\/v2\/types\/post"}],"author":[{"embeddable":true,"href":"https:\/\/www.organisator.ch\/it\/wp-json\/wp\/v2\/users\/80"}],"replies":[{"embeddable":true,"href":"https:\/\/www.organisator.ch\/it\/wp-json\/wp\/v2\/comments?post=36736"}],"version-history":[{"count":9,"href":"https:\/\/www.organisator.ch\/it\/wp-json\/wp\/v2\/posts\/36736\/revisions"}],"predecessor-version":[{"id":36776,"href":"https:\/\/www.organisator.ch\/it\/wp-json\/wp\/v2\/posts\/36736\/revisions\/36776"}],"wp:featuredmedia":[{"embeddable":true,"href":"https:\/\/www.organisator.ch\/it\/wp-json\/wp\/v2\/media\/36739"}],"wp:attachment":[{"href":"https:\/\/www.organisator.ch\/it\/wp-json\/wp\/v2\/media?parent=36736"}],"wp:term":[{"taxonomy":"category","embeddable":true,"href":"https:\/\/www.organisator.ch\/it\/wp-json\/wp\/v2\/categories?post=36736"},{"taxonomy":"post_tag","embeddable":true,"href":"https:\/\/www.organisator.ch\/it\/wp-json\/wp\/v2\/tags?post=36736"}],"curies":[{"name":"wp","href":"https:\/\/api.w.org\/{rel}","templated":true}]}}