{"id":36746,"date":"2025-03-10T09:10:29","date_gmt":"2025-03-10T08:10:29","guid":{"rendered":"https:\/\/www.organisator.ch\/?p=36746"},"modified":"2025-03-10T09:10:29","modified_gmt":"2025-03-10T08:10:29","slug":"neue-plattform-zur-foerderung-digitaler-kompetenz-in-der-ostschweiz","status":"publish","type":"post","link":"https:\/\/www.organisator.ch\/it\/weiterbildung\/2025-03-10\/neue-plattform-zur-foerderung-digitaler-kompetenz-in-der-ostschweiz\/","title":{"rendered":"Una nuova piattaforma per promuovere le competenze digitali nella Svizzera orientale"},"content":{"rendered":"<figure id=\"attachment_36747\" aria-describedby=\"caption-attachment-36747\" style=\"width: 680px\" class=\"wp-caption alignnone\"><img loading=\"lazy\" decoding=\"async\" class=\"size-full wp-image-36747\" src=\"https:\/\/www.organisator.ch\/wp-content\/uploads\/2025\/03\/Digitale-Zukunftsthemen_Bild_ps.jpg\" alt=\"\" width=\"680\" height=\"362\" srcset=\"https:\/\/www.organisator.ch\/wp-content\/uploads\/2025\/03\/Digitale-Zukunftsthemen_Bild_ps.jpg 680w, https:\/\/www.organisator.ch\/wp-content\/uploads\/2025\/03\/Digitale-Zukunftsthemen_Bild_ps-18x10.jpg 18w, https:\/\/www.organisator.ch\/wp-content\/uploads\/2025\/03\/Digitale-Zukunftsthemen_Bild_ps-375x200.jpg 375w, https:\/\/www.organisator.ch\/wp-content\/uploads\/2025\/03\/Digitale-Zukunftsthemen_Bild_ps-657x350.jpg 657w\" sizes=\"auto, (max-width: 680px) 100vw, 680px\" \/><figcaption id=\"caption-attachment-36747\" class=\"wp-caption-text\">TechNovice supporta le aziende della Svizzera orientale con informazioni pratiche su IA, sicurezza informatica e trasformazione digitale. (Immagine: www.depositphotos.com)<\/figcaption><\/figure>\n<p>\"Sebbene le aziende riconoscano la necessit\u00e0 di affrontare la digitalizzazione, l'IA e la sicurezza informatica, spesso mancano informazioni accessibili e pratiche\", spiega Dudli. TechNovice mira a colmare questa lacuna mettendo insieme le competenze e rendendole accessibili.<\/p>\n<h3><strong>Argomenti centrali di TechNovice<\/strong><\/h3>\n<p>TechNovice si concentra sulle aree digitali essenziali che influenzano l'economia della Svizzera orientale:<\/p>\n<ul>\n<li><strong>Intelligenza artificiale e automazione:<\/strong> Analisi di come le aziende possono ottimizzare i loro processi e ottenere vantaggi competitivi attraverso l'uso di tecnologie AI.<\/li>\n<li><strong>Cybersecurity:<\/strong> Discussione su strategie e misure efficaci che le PMI possono attuare per proteggersi dalle crescenti minacce informatiche.<\/li>\n<li><strong>Trasformazione del mondo del lavoro:<\/strong> Indagare l'impatto dell'IA sui profili professionali tradizionali e identificare le nuove competenze richieste.<\/li>\n<\/ul>\n<p>A lungo termine, TechNovice intende offrire agli esperti della regione una piattaforma per condividere le loro competenze con un pubblico pi\u00f9 ampio e promuovere cos\u00ec il trasferimento delle conoscenze.<\/p>\n<p><strong>Necessit\u00e0 di intervento per le aziende della Svizzera orientale<\/strong><\/p>\n<p>Recenti studi dell'OCSE, del WEF Future of Jobs Report 2025 e di Avenir Suisse dimostrano che i lavori d'ufficio tradizionali sono sempre pi\u00f9 influenzati dall'automazione. Posizioni come quelle degli impiegati, dei call center e dei contabili stanno affrontando cambiamenti significativi, poich\u00e9 l'intelligenza artificiale \u00e8 in grado di rendere pi\u00f9 efficienti i processi standardizzati. Allo stesso tempo, stanno emergendo nuovi settori occupazionali nell'ambito dell'analisi dei dati, della sicurezza informatica e della strategia dell'IA, che sono di importanza cruciale per le aziende.<\/p>\n<p>\"La domanda chiave non \u00e8 se le aziende debbano integrare le tecnologie digitali, ma come possano implementarle al meglio\", sottolinea Dudli. TechNovice offre informazioni fondate e approcci orientati alla pratica per aiutare le aziende a prendere decisioni strategiche nella trasformazione digitale.<\/p>\n<p><em><a href=\"https:\/\/www.technovice.net\/\">Pi\u00f9 informazioni<\/a><\/em><\/p>","protected":false},"excerpt":{"rendered":"<p>Con il rapido ritmo della trasformazione digitale, le aziende si trovano ad affrontare sfide complesse. L'identificazione delle tecnologie rilevanti, la gestione dei rischi attraverso l'intelligenza artificiale e l'implementazione efficiente delle innovazioni digitali sono questioni fondamentali. Nico Dudli di San Gallo ha lanciato la piattaforma TechNovice per rispondere a queste esigenze.<\/p>","protected":false},"author":80,"featured_media":36747,"comment_status":"closed","ping_status":"closed","sticky":false,"template":"","format":"standard","meta":{"_acf_changed":false,"_yoast_wpseo_focuskw":"digitale Transformation Ostschweiz","_yoast_wpseo_metadesc":"TechNovice unterst\u00fctzt Unternehmen der Ostschweiz mit praxisnahen Infos zu KI, Cybersicherheit und digitaler Transformation.","articlekey":"","footnotes":""},"categories":[30],"tags":[608,5162,319,385,475],"class_list":["post-36746","post","type-post","status-publish","format-standard","has-post-thumbnail","hentry","category-weiterbildung","tag-cybersicherheit","tag-digitale-kompetenz","tag-kuenstliche-intelligenz","tag-plattform","tag-technologie"],"acf":[],"yoast_head":"<!-- This site is optimized with the Yoast SEO plugin v27.4 - https:\/\/yoast.com\/product\/yoast-seo-wordpress\/ -->\n<title>Neue Plattform zur F\u00f6rderung digitaler Kompetenz in der Ostschweiz - Organisator<\/title>\n<meta name=\"description\" content=\"TechNovice unterst\u00fctzt Unternehmen der Ostschweiz mit praxisnahen Infos zu KI, Cybersicherheit und digitaler Transformation.\" \/>\n<meta name=\"robots\" content=\"index, follow, max-snippet:-1, max-image-preview:large, max-video-preview:-1\" \/>\n<link rel=\"canonical\" href=\"https:\/\/www.organisator.ch\/it\/formazione-continua\/2025-03-10\/neue-plattform-zur-foerderung-digitaler-kompetenz-in-der-ostschweiz\/\" \/>\n<meta property=\"og:locale\" content=\"it_IT\" \/>\n<meta property=\"og:type\" content=\"article\" \/>\n<meta property=\"og:title\" content=\"Neue Plattform zur F\u00f6rderung digitaler Kompetenz\" \/>\n<meta property=\"og:description\" content=\"TechNovice unterst\u00fctzt Unternehmen der Ostschweiz mit praxisnahen Infos zu KI, Cybersicherheit und digitaler Transformation.\" \/>\n<meta property=\"og:url\" content=\"https:\/\/www.organisator.ch\/it\/formazione-continua\/2025-03-10\/neue-plattform-zur-foerderung-digitaler-kompetenz-in-der-ostschweiz\/\" \/>\n<meta property=\"og:site_name\" content=\"Organisator\" \/>\n<meta property=\"article:publisher\" content=\"https:\/\/www.facebook.com\/OrganisatorFachmagazin\" \/>\n<meta property=\"article:published_time\" content=\"2025-03-10T08:10:29+00:00\" \/>\n<meta property=\"og:image\" content=\"https:\/\/www.organisator.ch\/wp-content\/uploads\/2025\/03\/Digitale-Zukunftsthemen_Bild_ps.jpg\" \/>\n\t<meta property=\"og:image:width\" content=\"680\" \/>\n\t<meta property=\"og:image:height\" content=\"362\" \/>\n\t<meta property=\"og:image:type\" content=\"image\/jpeg\" \/>\n<meta name=\"author\" content=\"Dzana Muminovic\" \/>\n<meta name=\"twitter:card\" content=\"summary_large_image\" \/>\n<meta name=\"twitter:title\" content=\"Neue Plattform zur F\u00f6rderung digitaler Kompetenz\" \/>\n<meta name=\"twitter:description\" content=\"#TechNovice unterst\u00fctzt #Unternehmen der #Ostschweiz mit praxisnahen Infos zu #KI, #Cybersicherheit und digitaler #Transformation.\" \/>\n<meta name=\"twitter:image\" content=\"https:\/\/www.organisator.ch\/wp-content\/uploads\/2025\/03\/Digitale-Zukunftsthemen_Bild_ps.jpg\" \/>\n<script type=\"application\/ld+json\" class=\"yoast-schema-graph\">{\"@context\":\"https:\\\/\\\/schema.org\",\"@graph\":[{\"@type\":\"Article\",\"@id\":\"https:\\\/\\\/www.organisator.ch\\\/weiterbildung\\\/2025-03-10\\\/neue-plattform-zur-foerderung-digitaler-kompetenz-in-der-ostschweiz\\\/#article\",\"isPartOf\":{\"@id\":\"https:\\\/\\\/www.organisator.ch\\\/weiterbildung\\\/2025-03-10\\\/neue-plattform-zur-foerderung-digitaler-kompetenz-in-der-ostschweiz\\\/\"},\"author\":{\"name\":\"Dzana Muminovic\",\"@id\":\"https:\\\/\\\/www.organisator.ch\\\/#\\\/schema\\\/person\\\/afccda3a71c06d4be2ed9100dd163db7\"},\"headline\":\"Neue Plattform zur F\u00f6rderung digitaler Kompetenz in der Ostschweiz\",\"datePublished\":\"2025-03-10T08:10:29+00:00\",\"mainEntityOfPage\":{\"@id\":\"https:\\\/\\\/www.organisator.ch\\\/weiterbildung\\\/2025-03-10\\\/neue-plattform-zur-foerderung-digitaler-kompetenz-in-der-ostschweiz\\\/\"},\"wordCount\":293,\"publisher\":{\"@id\":\"https:\\\/\\\/www.organisator.ch\\\/#organization\"},\"image\":{\"@id\":\"https:\\\/\\\/www.organisator.ch\\\/weiterbildung\\\/2025-03-10\\\/neue-plattform-zur-foerderung-digitaler-kompetenz-in-der-ostschweiz\\\/#primaryimage\"},\"thumbnailUrl\":\"https:\\\/\\\/www.organisator.ch\\\/wp-content\\\/uploads\\\/2025\\\/03\\\/Digitale-Zukunftsthemen_Bild_ps.jpg\",\"keywords\":[\"Cybersicherheit\",\"Digitale Kompetenz\",\"K\u00fcnstliche Intelligenz\",\"Plattform\",\"Technologie\"],\"articleSection\":[\"WEITERBILDUNG\"],\"inLanguage\":\"it-IT\"},{\"@type\":\"WebPage\",\"@id\":\"https:\\\/\\\/www.organisator.ch\\\/weiterbildung\\\/2025-03-10\\\/neue-plattform-zur-foerderung-digitaler-kompetenz-in-der-ostschweiz\\\/\",\"url\":\"https:\\\/\\\/www.organisator.ch\\\/weiterbildung\\\/2025-03-10\\\/neue-plattform-zur-foerderung-digitaler-kompetenz-in-der-ostschweiz\\\/\",\"name\":\"Neue Plattform zur F\u00f6rderung digitaler Kompetenz in der Ostschweiz - Organisator\",\"isPartOf\":{\"@id\":\"https:\\\/\\\/www.organisator.ch\\\/#website\"},\"primaryImageOfPage\":{\"@id\":\"https:\\\/\\\/www.organisator.ch\\\/weiterbildung\\\/2025-03-10\\\/neue-plattform-zur-foerderung-digitaler-kompetenz-in-der-ostschweiz\\\/#primaryimage\"},\"image\":{\"@id\":\"https:\\\/\\\/www.organisator.ch\\\/weiterbildung\\\/2025-03-10\\\/neue-plattform-zur-foerderung-digitaler-kompetenz-in-der-ostschweiz\\\/#primaryimage\"},\"thumbnailUrl\":\"https:\\\/\\\/www.organisator.ch\\\/wp-content\\\/uploads\\\/2025\\\/03\\\/Digitale-Zukunftsthemen_Bild_ps.jpg\",\"datePublished\":\"2025-03-10T08:10:29+00:00\",\"description\":\"TechNovice unterst\u00fctzt Unternehmen der Ostschweiz mit praxisnahen Infos zu KI, Cybersicherheit und digitaler Transformation.\",\"breadcrumb\":{\"@id\":\"https:\\\/\\\/www.organisator.ch\\\/weiterbildung\\\/2025-03-10\\\/neue-plattform-zur-foerderung-digitaler-kompetenz-in-der-ostschweiz\\\/#breadcrumb\"},\"inLanguage\":\"it-IT\",\"potentialAction\":[{\"@type\":\"ReadAction\",\"target\":[\"https:\\\/\\\/www.organisator.ch\\\/weiterbildung\\\/2025-03-10\\\/neue-plattform-zur-foerderung-digitaler-kompetenz-in-der-ostschweiz\\\/\"]}]},{\"@type\":\"ImageObject\",\"inLanguage\":\"it-IT\",\"@id\":\"https:\\\/\\\/www.organisator.ch\\\/weiterbildung\\\/2025-03-10\\\/neue-plattform-zur-foerderung-digitaler-kompetenz-in-der-ostschweiz\\\/#primaryimage\",\"url\":\"https:\\\/\\\/www.organisator.ch\\\/wp-content\\\/uploads\\\/2025\\\/03\\\/Digitale-Zukunftsthemen_Bild_ps.jpg\",\"contentUrl\":\"https:\\\/\\\/www.organisator.ch\\\/wp-content\\\/uploads\\\/2025\\\/03\\\/Digitale-Zukunftsthemen_Bild_ps.jpg\",\"width\":680,\"height\":362,\"caption\":\"TechNovice unterst\u00fctzt Unternehmen der Ostschweiz mit praxisnahen Infos zu KI, Cybersicherheit und digitaler Transformation. (Bild: www.depositphotos.com)\"},{\"@type\":\"BreadcrumbList\",\"@id\":\"https:\\\/\\\/www.organisator.ch\\\/weiterbildung\\\/2025-03-10\\\/neue-plattform-zur-foerderung-digitaler-kompetenz-in-der-ostschweiz\\\/#breadcrumb\",\"itemListElement\":[{\"@type\":\"ListItem\",\"position\":1,\"name\":\"Home\",\"item\":\"https:\\\/\\\/www.organisator.ch\\\/\"},{\"@type\":\"ListItem\",\"position\":2,\"name\":\"Neue Plattform zur F\u00f6rderung digitaler Kompetenz in der Ostschweiz\"}]},{\"@type\":\"WebSite\",\"@id\":\"https:\\\/\\\/www.organisator.ch\\\/#website\",\"url\":\"https:\\\/\\\/www.organisator.ch\\\/\",\"name\":\"Organisator\",\"description\":\"Kompetent. Praxisnah. Der ORGANISATOR bereitet in 10 Ausgaben pro Jahr die wesentlichen Themen f\u00fcr F\u00fchrungskr\u00e4fte von KMU auf.\",\"publisher\":{\"@id\":\"https:\\\/\\\/www.organisator.ch\\\/#organization\"},\"potentialAction\":[{\"@type\":\"SearchAction\",\"target\":{\"@type\":\"EntryPoint\",\"urlTemplate\":\"https:\\\/\\\/www.organisator.ch\\\/?s={search_term_string}\"},\"query-input\":{\"@type\":\"PropertyValueSpecification\",\"valueRequired\":true,\"valueName\":\"search_term_string\"}}],\"inLanguage\":\"it-IT\"},{\"@type\":\"Organization\",\"@id\":\"https:\\\/\\\/www.organisator.ch\\\/#organization\",\"name\":\"Organisator\",\"url\":\"https:\\\/\\\/www.organisator.ch\\\/\",\"logo\":{\"@type\":\"ImageObject\",\"inLanguage\":\"it-IT\",\"@id\":\"https:\\\/\\\/www.organisator.ch\\\/#\\\/schema\\\/logo\\\/image\\\/\",\"url\":\"https:\\\/\\\/www.organisator.ch\\\/wp-content\\\/uploads\\\/2022\\\/01\\\/Logo_Organisator_Website.png\",\"contentUrl\":\"https:\\\/\\\/www.organisator.ch\\\/wp-content\\\/uploads\\\/2022\\\/01\\\/Logo_Organisator_Website.png\",\"width\":800,\"height\":77,\"caption\":\"Organisator\"},\"image\":{\"@id\":\"https:\\\/\\\/www.organisator.ch\\\/#\\\/schema\\\/logo\\\/image\\\/\"},\"sameAs\":[\"https:\\\/\\\/www.facebook.com\\\/OrganisatorFachmagazin\",\"https:\\\/\\\/www.linkedin.com\\\/showcase\\\/organisator-das-magazin-fr-kmu\",\"https:\\\/\\\/www.xing.com\\\/news\\\/pages\\\/organisator-ch-695\",\"https:\\\/\\\/www.youtube.com\\\/channel\\\/UCGP2Sq0iWaZwT3BdIAQFYpw\"]},{\"@type\":\"Person\",\"@id\":\"https:\\\/\\\/www.organisator.ch\\\/#\\\/schema\\\/person\\\/afccda3a71c06d4be2ed9100dd163db7\",\"name\":\"Dzana Muminovic\",\"image\":{\"@type\":\"ImageObject\",\"inLanguage\":\"it-IT\",\"@id\":\"https:\\\/\\\/secure.gravatar.com\\\/avatar\\\/909c5c71aff4b38e88686f2ab2f1ba152571f394f41ed8bae431ea56ced93050?s=96&d=mm&r=g\",\"url\":\"https:\\\/\\\/secure.gravatar.com\\\/avatar\\\/909c5c71aff4b38e88686f2ab2f1ba152571f394f41ed8bae431ea56ced93050?s=96&d=mm&r=g\",\"contentUrl\":\"https:\\\/\\\/secure.gravatar.com\\\/avatar\\\/909c5c71aff4b38e88686f2ab2f1ba152571f394f41ed8bae431ea56ced93050?s=96&d=mm&r=g\",\"caption\":\"Dzana Muminovic\"},\"url\":\"https:\\\/\\\/www.organisator.ch\\\/it\\\/author\\\/dzana-muminovic\\\/\"}]}<\/script>\n<!-- \/ Yoast SEO plugin. -->","yoast_head_json":{"title":"Nuova piattaforma per promuovere le competenze digitali nella Svizzera orientale - Organizzatore","description":"TechNovice supporta le aziende della Svizzera orientale con informazioni pratiche su IA, sicurezza informatica e trasformazione digitale.","robots":{"index":"index","follow":"follow","max-snippet":"max-snippet:-1","max-image-preview":"max-image-preview:large","max-video-preview":"max-video-preview:-1"},"canonical":"https:\/\/www.organisator.ch\/it\/formazione-continua\/2025-03-10\/neue-plattform-zur-foerderung-digitaler-kompetenz-in-der-ostschweiz\/","og_locale":"it_IT","og_type":"article","og_title":"Neue Plattform zur F\u00f6rderung digitaler Kompetenz","og_description":"TechNovice unterst\u00fctzt Unternehmen der Ostschweiz mit praxisnahen Infos zu KI, Cybersicherheit und digitaler Transformation.","og_url":"https:\/\/www.organisator.ch\/it\/formazione-continua\/2025-03-10\/neue-plattform-zur-foerderung-digitaler-kompetenz-in-der-ostschweiz\/","og_site_name":"Organisator","article_publisher":"https:\/\/www.facebook.com\/OrganisatorFachmagazin","article_published_time":"2025-03-10T08:10:29+00:00","og_image":[{"width":680,"height":362,"url":"https:\/\/www.organisator.ch\/wp-content\/uploads\/2025\/03\/Digitale-Zukunftsthemen_Bild_ps.jpg","type":"image\/jpeg"}],"author":"Dzana Muminovic","twitter_card":"summary_large_image","twitter_title":"Neue Plattform zur F\u00f6rderung digitaler Kompetenz","twitter_description":"#TechNovice unterst\u00fctzt #Unternehmen der #Ostschweiz mit praxisnahen Infos zu #KI, #Cybersicherheit und digitaler #Transformation.","twitter_image":"https:\/\/www.organisator.ch\/wp-content\/uploads\/2025\/03\/Digitale-Zukunftsthemen_Bild_ps.jpg","schema":{"@context":"https:\/\/schema.org","@graph":[{"@type":"Article","@id":"https:\/\/www.organisator.ch\/weiterbildung\/2025-03-10\/neue-plattform-zur-foerderung-digitaler-kompetenz-in-der-ostschweiz\/#article","isPartOf":{"@id":"https:\/\/www.organisator.ch\/weiterbildung\/2025-03-10\/neue-plattform-zur-foerderung-digitaler-kompetenz-in-der-ostschweiz\/"},"author":{"name":"Dzana Muminovic","@id":"https:\/\/www.organisator.ch\/#\/schema\/person\/afccda3a71c06d4be2ed9100dd163db7"},"headline":"Neue Plattform zur F\u00f6rderung digitaler Kompetenz in der Ostschweiz","datePublished":"2025-03-10T08:10:29+00:00","mainEntityOfPage":{"@id":"https:\/\/www.organisator.ch\/weiterbildung\/2025-03-10\/neue-plattform-zur-foerderung-digitaler-kompetenz-in-der-ostschweiz\/"},"wordCount":293,"publisher":{"@id":"https:\/\/www.organisator.ch\/#organization"},"image":{"@id":"https:\/\/www.organisator.ch\/weiterbildung\/2025-03-10\/neue-plattform-zur-foerderung-digitaler-kompetenz-in-der-ostschweiz\/#primaryimage"},"thumbnailUrl":"https:\/\/www.organisator.ch\/wp-content\/uploads\/2025\/03\/Digitale-Zukunftsthemen_Bild_ps.jpg","keywords":["Cybersicherheit","Digitale Kompetenz","K\u00fcnstliche Intelligenz","Plattform","Technologie"],"articleSection":["WEITERBILDUNG"],"inLanguage":"it-IT"},{"@type":"WebPage","@id":"https:\/\/www.organisator.ch\/weiterbildung\/2025-03-10\/neue-plattform-zur-foerderung-digitaler-kompetenz-in-der-ostschweiz\/","url":"https:\/\/www.organisator.ch\/weiterbildung\/2025-03-10\/neue-plattform-zur-foerderung-digitaler-kompetenz-in-der-ostschweiz\/","name":"Nuova piattaforma per promuovere le competenze digitali nella Svizzera orientale - Organizzatore","isPartOf":{"@id":"https:\/\/www.organisator.ch\/#website"},"primaryImageOfPage":{"@id":"https:\/\/www.organisator.ch\/weiterbildung\/2025-03-10\/neue-plattform-zur-foerderung-digitaler-kompetenz-in-der-ostschweiz\/#primaryimage"},"image":{"@id":"https:\/\/www.organisator.ch\/weiterbildung\/2025-03-10\/neue-plattform-zur-foerderung-digitaler-kompetenz-in-der-ostschweiz\/#primaryimage"},"thumbnailUrl":"https:\/\/www.organisator.ch\/wp-content\/uploads\/2025\/03\/Digitale-Zukunftsthemen_Bild_ps.jpg","datePublished":"2025-03-10T08:10:29+00:00","description":"TechNovice supporta le aziende della Svizzera orientale con informazioni pratiche su IA, sicurezza informatica e trasformazione digitale.","breadcrumb":{"@id":"https:\/\/www.organisator.ch\/weiterbildung\/2025-03-10\/neue-plattform-zur-foerderung-digitaler-kompetenz-in-der-ostschweiz\/#breadcrumb"},"inLanguage":"it-IT","potentialAction":[{"@type":"ReadAction","target":["https:\/\/www.organisator.ch\/weiterbildung\/2025-03-10\/neue-plattform-zur-foerderung-digitaler-kompetenz-in-der-ostschweiz\/"]}]},{"@type":"ImageObject","inLanguage":"it-IT","@id":"https:\/\/www.organisator.ch\/weiterbildung\/2025-03-10\/neue-plattform-zur-foerderung-digitaler-kompetenz-in-der-ostschweiz\/#primaryimage","url":"https:\/\/www.organisator.ch\/wp-content\/uploads\/2025\/03\/Digitale-Zukunftsthemen_Bild_ps.jpg","contentUrl":"https:\/\/www.organisator.ch\/wp-content\/uploads\/2025\/03\/Digitale-Zukunftsthemen_Bild_ps.jpg","width":680,"height":362,"caption":"TechNovice unterst\u00fctzt Unternehmen der Ostschweiz mit praxisnahen Infos zu KI, Cybersicherheit und digitaler Transformation. (Bild: www.depositphotos.com)"},{"@type":"BreadcrumbList","@id":"https:\/\/www.organisator.ch\/weiterbildung\/2025-03-10\/neue-plattform-zur-foerderung-digitaler-kompetenz-in-der-ostschweiz\/#breadcrumb","itemListElement":[{"@type":"ListItem","position":1,"name":"Home","item":"https:\/\/www.organisator.ch\/"},{"@type":"ListItem","position":2,"name":"Neue Plattform zur F\u00f6rderung digitaler Kompetenz in der Ostschweiz"}]},{"@type":"WebSite","@id":"https:\/\/www.organisator.ch\/#website","url":"https:\/\/www.organisator.ch\/","name":"Organizzatore","description":"Competente. Pratico. In 10 numeri all'anno, ORGANISATOR presenta i temi essenziali per i manager delle PMI.","publisher":{"@id":"https:\/\/www.organisator.ch\/#organization"},"potentialAction":[{"@type":"SearchAction","target":{"@type":"EntryPoint","urlTemplate":"https:\/\/www.organisator.ch\/?s={search_term_string}"},"query-input":{"@type":"PropertyValueSpecification","valueRequired":true,"valueName":"search_term_string"}}],"inLanguage":"it-IT"},{"@type":"Organization","@id":"https:\/\/www.organisator.ch\/#organization","name":"Organizzatore","url":"https:\/\/www.organisator.ch\/","logo":{"@type":"ImageObject","inLanguage":"it-IT","@id":"https:\/\/www.organisator.ch\/#\/schema\/logo\/image\/","url":"https:\/\/www.organisator.ch\/wp-content\/uploads\/2022\/01\/Logo_Organisator_Website.png","contentUrl":"https:\/\/www.organisator.ch\/wp-content\/uploads\/2022\/01\/Logo_Organisator_Website.png","width":800,"height":77,"caption":"Organisator"},"image":{"@id":"https:\/\/www.organisator.ch\/#\/schema\/logo\/image\/"},"sameAs":["https:\/\/www.facebook.com\/OrganisatorFachmagazin","https:\/\/www.linkedin.com\/showcase\/organisator-das-magazin-fr-kmu","https:\/\/www.xing.com\/news\/pages\/organisator-ch-695","https:\/\/www.youtube.com\/channel\/UCGP2Sq0iWaZwT3BdIAQFYpw"]},{"@type":"Person","@id":"https:\/\/www.organisator.ch\/#\/schema\/person\/afccda3a71c06d4be2ed9100dd163db7","name":"Dzana Muminovic","image":{"@type":"ImageObject","inLanguage":"it-IT","@id":"https:\/\/secure.gravatar.com\/avatar\/909c5c71aff4b38e88686f2ab2f1ba152571f394f41ed8bae431ea56ced93050?s=96&d=mm&r=g","url":"https:\/\/secure.gravatar.com\/avatar\/909c5c71aff4b38e88686f2ab2f1ba152571f394f41ed8bae431ea56ced93050?s=96&d=mm&r=g","contentUrl":"https:\/\/secure.gravatar.com\/avatar\/909c5c71aff4b38e88686f2ab2f1ba152571f394f41ed8bae431ea56ced93050?s=96&d=mm&r=g","caption":"Dzana Muminovic"},"url":"https:\/\/www.organisator.ch\/it\/author\/dzana-muminovic\/"}]}},"_links":{"self":[{"href":"https:\/\/www.organisator.ch\/it\/wp-json\/wp\/v2\/posts\/36746","targetHints":{"allow":["GET"]}}],"collection":[{"href":"https:\/\/www.organisator.ch\/it\/wp-json\/wp\/v2\/posts"}],"about":[{"href":"https:\/\/www.organisator.ch\/it\/wp-json\/wp\/v2\/types\/post"}],"author":[{"embeddable":true,"href":"https:\/\/www.organisator.ch\/it\/wp-json\/wp\/v2\/users\/80"}],"replies":[{"embeddable":true,"href":"https:\/\/www.organisator.ch\/it\/wp-json\/wp\/v2\/comments?post=36746"}],"version-history":[{"count":5,"href":"https:\/\/www.organisator.ch\/it\/wp-json\/wp\/v2\/posts\/36746\/revisions"}],"predecessor-version":[{"id":36770,"href":"https:\/\/www.organisator.ch\/it\/wp-json\/wp\/v2\/posts\/36746\/revisions\/36770"}],"wp:featuredmedia":[{"embeddable":true,"href":"https:\/\/www.organisator.ch\/it\/wp-json\/wp\/v2\/media\/36747"}],"wp:attachment":[{"href":"https:\/\/www.organisator.ch\/it\/wp-json\/wp\/v2\/media?parent=36746"}],"wp:term":[{"taxonomy":"category","embeddable":true,"href":"https:\/\/www.organisator.ch\/it\/wp-json\/wp\/v2\/categories?post=36746"},{"taxonomy":"post_tag","embeddable":true,"href":"https:\/\/www.organisator.ch\/it\/wp-json\/wp\/v2\/tags?post=36746"}],"curies":[{"name":"wp","href":"https:\/\/api.w.org\/{rel}","templated":true}]}}