{"id":36844,"date":"2025-03-13T09:12:45","date_gmt":"2025-03-13T08:12:45","guid":{"rendered":"https:\/\/www.organisator.ch\/?p=36844"},"modified":"2025-03-28T07:16:25","modified_gmt":"2025-03-28T06:16:25","slug":"gasser-ceramic-gewinnt-den-prix-svc-espace-mittelland-2025","status":"publish","type":"post","link":"https:\/\/www.organisator.ch\/it\/management\/2025-03-13\/gasser-ceramic-gewinnt-den-prix-svc-espace-mittelland-2025\/","title":{"rendered":"Gasser Ceramic vince il Prix SVC Espace Mittelland 2025"},"content":{"rendered":"<figure id=\"attachment_36849\" aria-describedby=\"caption-attachment-36849\" style=\"width: 680px\" class=\"wp-caption alignnone\"><img loading=\"lazy\" decoding=\"async\" class=\"wp-image-36849 size-full\" src=\"https:\/\/www.organisator.ch\/wp-content\/uploads\/2025\/03\/Gasser-Ceramic-gewinnt-den-Prix-SVC-Espace-Mittelland-2025-1_Organisator.jpg\" alt=\"\" width=\"680\" height=\"453\" srcset=\"https:\/\/www.organisator.ch\/wp-content\/uploads\/2025\/03\/Gasser-Ceramic-gewinnt-den-Prix-SVC-Espace-Mittelland-2025-1_Organisator.jpg 680w, https:\/\/www.organisator.ch\/wp-content\/uploads\/2025\/03\/Gasser-Ceramic-gewinnt-den-Prix-SVC-Espace-Mittelland-2025-1_Organisator-18x12.jpg 18w, https:\/\/www.organisator.ch\/wp-content\/uploads\/2025\/03\/Gasser-Ceramic-gewinnt-den-Prix-SVC-Espace-Mittelland-2025-1_Organisator-375x250.jpg 375w, https:\/\/www.organisator.ch\/wp-content\/uploads\/2025\/03\/Gasser-Ceramic-gewinnt-den-Prix-SVC-Espace-Mittelland-2025-1_Organisator-525x350.jpg 525w\" sizes=\"auto, (max-width: 680px) 100vw, 680px\" \/><figcaption id=\"caption-attachment-36849\" class=\"wp-caption-text\">Julienne e Rudolf Gasser della Gasser Ceramic - Ziegelei Rapperswil Louis Gasser AG, sono felici di aver vinto il Prix SVC Espace Mittelland. (SVC\/Keystone\/Manuel Lopez)<\/figcaption><\/figure>\n<p>Il 12 marzo 2025 il Parlamento svizzero ha eletto un nuovo Consigliere federale a Palazzo federale e la sera stessa, al Kursaal di Berna, lo Swiss Venture Club (SVC) ha scelto il vincitore del 15\u00b0 Prix SVC Espace Mittelland. Con circa 1.300 ospiti, l'evento ha registrato il \"tutto esaurito\", come ha dichiarato con orgoglio il presidente del comitato organizzatore Reto Portmann. Con le sue cerimonie di premiazione in otto regioni economiche svizzere, l'organizzazione indipendente e no-profit SVC ha creato un efficace veicolo pubblicitario per riconoscere le PMI come forza trainante dell'economia svizzera.<\/p>\n<h3><strong>Dare alle PMI un palcoscenico<\/strong><\/h3>\n<p>Anche cinque PMI sono state protagoniste del Prix SVC Espace Mittelland 2025, in lizza per il trofeo del vincitore: <a href=\"https:\/\/www.organisator.ch\/de\/management\/2025-02-28\/prix-svc-espace-mittelland-gasser-ceramic-ziegelei-rapperswil-louis-gasser-ag\/\">Gasser Ceramic - Mattonificio Rapperswil Louis Gasser AG,<\/a> <a href=\"https:\/\/www.organisator.ch\/de\/sustainability\/2025-03-05\/prix-svc-espace-mittelland-megasol-energie-ag\/\">Megasol Energie AG<\/a>, <a href=\"https:\/\/www.organisator.ch\/de\/management\/2025-03-06\/prix-svc-espace-mittelland-olwo-ag\/\">Olwo AG<\/a>, <a href=\"https:\/\/www.organisator.ch\/de\/management\/2025-03-07\/prix-svc-espace-mittelland-platit-ag\/\">Platit AG<\/a> e <a href=\"https:\/\/www.organisator.ch\/de\/management\/2025-03-10\/prix-svc-espace-mittelland-schwob-ag\/\">Schwob AG<\/a>. Tutte queste aziende sono esemplari di un commercio tradizionale abbinato a un alto grado di forza innovativa, come \u00e8 stato sottolineato pi\u00f9 volte. La tanto citata \"spina dorsale dell'economia svizzera\" \u00e8 stata cos\u00ec nuovamente messa in scena. Anche Sabine Keller-Busse, direttrice di UBS Svizzera, partner presentatore del Prix SVC Espace Mittelland, non si \u00e8 lasciata sfuggire l'occasione di fare riferimento alle proprie radici di PMI: \"Mio nonno produceva i 'rimorchi Schober' ad Aarberg\", ha detto, rammaricandosi di non aver mai imparato il tedesco bernese. Il vicepresidente dell'USC Hans Baumgartner ha sottolineato che la crescente regolamentazione sta mettendo sempre pi\u00f9 sotto pressione questa spina dorsale economica. I regolamenti sono necessari, ha detto, ma dovrebbero essere applicati con un senso di proporzione. \"Ogni regolamentazione significa interferire con la libert\u00e0 di scelta delle aziende e costa molto denaro\", ha affermato Baumgartner.<\/p>\n<figure id=\"attachment_36850\" aria-describedby=\"caption-attachment-36850\" style=\"width: 680px\" class=\"wp-caption alignnone\"><img loading=\"lazy\" decoding=\"async\" class=\"size-full wp-image-36850\" src=\"https:\/\/www.organisator.ch\/wp-content\/uploads\/2025\/03\/Gasser-Ceramic-gewinnt-den-Prix-SVC-Espace-Mittelland-2025-2_Organisator.jpg\" alt=\"\" width=\"680\" height=\"433\" srcset=\"https:\/\/www.organisator.ch\/wp-content\/uploads\/2025\/03\/Gasser-Ceramic-gewinnt-den-Prix-SVC-Espace-Mittelland-2025-2_Organisator.jpg 680w, https:\/\/www.organisator.ch\/wp-content\/uploads\/2025\/03\/Gasser-Ceramic-gewinnt-den-Prix-SVC-Espace-Mittelland-2025-2_Organisator-18x12.jpg 18w, https:\/\/www.organisator.ch\/wp-content\/uploads\/2025\/03\/Gasser-Ceramic-gewinnt-den-Prix-SVC-Espace-Mittelland-2025-2_Organisator-375x239.jpg 375w, https:\/\/www.organisator.ch\/wp-content\/uploads\/2025\/03\/Gasser-Ceramic-gewinnt-den-Prix-SVC-Espace-Mittelland-2025-2_Organisator-550x350.jpg 550w\" sizes=\"auto, (max-width: 680px) 100vw, 680px\" \/><figcaption id=\"caption-attachment-36850\" class=\"wp-caption-text\">I finalisti del Prix SVC Espace Mittelland 2025: da sinistra a destra: Julienne e Rudolf Gasser (Gasser Ceramic), Daniel S\u00e4gesser (Megasol Energie AG), Natalie e Thomas L\u00e4drach (OLWO AG), Dominik Bl\u00f6sch (Platit AG), Stefan Hirt (Schwob AG), affiancati dal Presidente dell'OC Reto Portmann (a sinistra) e dalla presentatrice Monika Erb (a destra). (Foto: Thomas Berner)<\/figcaption><\/figure>\n<h3><strong>Gasser Ceramic: mattoni tradizionali con un interno innovativo<\/strong><\/h3>\n<p>Tuttavia, la politica \u00e8 passata in secondo piano quando sono stati presentati i finalisti e annunciata la classifica. Alla fine, Rudolf Gasser e sua nipote Julienne Gasser sono stati i vincitori e hanno ricevuto il trofeo. La loro azienda combina da generazioni tecnologia all'avanguardia e artigianato. Gasser Ceramic sviluppa e produce prodotti in argilla di alta qualit\u00e0: tegole, mattoni e sistemi fotovoltaici che offrono una piacevole esperienza abitativa e un'efficienza energetica ottimale. Con circa 200 dipendenti, dieci linee di produzione e sei forni in quattro sedi, il vincitore del Prix SVC Espace Mittelland 2025 \u00e8 uno dei principali produttori svizzeri del settore. Il presidente della giuria J\u00fcrg Schwarzenbach ha reso omaggio al vincitore nel suo discorso elogiativo: \"Nessuno pu\u00f2 ignorare Gassers. La fabbrica di mattoni \u00e8 una pura azienda familiare, gestita da Hans e Rudolf Gasser nella terza generazione. La generazione successiva, Julienne Gasser e Lukas Schl\u00e4ppi, si \u00e8 gi\u00e0 unita a loro. Durante la giornata di visita della giuria, abbiamo potuto percepire l'entusiasmo per i prodotti e l'orgoglio dei dipendenti di lavorare per questa azienda tradizionale\". Gasser Ceramic presenta costantemente nuove soluzioni innovative per l'edilizia sostenibile, come i mattoni solari o i nuovi e innovativi mattoni Capo, che sono riempiti di materiale isolante e rendono superfluo un ulteriore isolamento esterno.<\/p>\n<figure id=\"attachment_36851\" aria-describedby=\"caption-attachment-36851\" style=\"width: 680px\" class=\"wp-caption alignnone\"><img loading=\"lazy\" decoding=\"async\" class=\"wp-image-36851 size-full\" src=\"https:\/\/www.organisator.ch\/wp-content\/uploads\/2025\/03\/Gasser-Ceramic-gewinnt-den-Prix-SVC-Espace-Mittelland-2025-3_Organisator.jpg\" alt=\"\" width=\"680\" height=\"468\" srcset=\"https:\/\/www.organisator.ch\/wp-content\/uploads\/2025\/03\/Gasser-Ceramic-gewinnt-den-Prix-SVC-Espace-Mittelland-2025-3_Organisator.jpg 680w, https:\/\/www.organisator.ch\/wp-content\/uploads\/2025\/03\/Gasser-Ceramic-gewinnt-den-Prix-SVC-Espace-Mittelland-2025-3_Organisator-18x12.jpg 18w, https:\/\/www.organisator.ch\/wp-content\/uploads\/2025\/03\/Gasser-Ceramic-gewinnt-den-Prix-SVC-Espace-Mittelland-2025-3_Organisator-375x258.jpg 375w, https:\/\/www.organisator.ch\/wp-content\/uploads\/2025\/03\/Gasser-Ceramic-gewinnt-den-Prix-SVC-Espace-Mittelland-2025-3_Organisator-509x350.jpg 509w\" sizes=\"auto, (max-width: 680px) 100vw, 680px\" \/><figcaption id=\"caption-attachment-36851\" class=\"wp-caption-text\">Chi vincer\u00e0? Il vicepresidente dell'USC Hans Baumgartner fa uscire il \"gatto dalla borsa\". Sullo sfondo i vincitori del premio e gli sponsor del premio (con le buste) Christa Emminger (UBS Svizzera) e Matthias Kiener (Forvis Mazars). Nella foto anche la presentatrice Monika Erb e il presidente della giuria J\u00fcrg Schwarzenbach. (Foto: Thomas Berner)<\/figcaption><\/figure>\n<h3><strong>Sul podio anche Platit AG e Schwob AG <\/strong><\/h3>\n<p>Il secondo posto va al produttore leader di sistemi di rivestimento PVD ad alta tecnologia, Platit AG. L'azienda, anch'essa a conduzione familiare, si dedica alla lavorazione e alla finitura delle superfici da oltre 70 anni. Le sue macchine sono utilizzate per imprimere monete a cinque cifre e medaglie d'oro e per rivestire cerniere e quadranti di orologi di lusso. Chiunque visiti l'azienda high-tech percepisce lo spirito di innovazione e l'unicit\u00e0 dell'azienda e dei suoi prodotti. Con oltre 650 sistemi di rivestimento installati in tutto il mondo e uffici di assistenza e vendita in Europa, America e Asia, l'azienda a conduzione familiare mantiene una stretta collaborazione con i propri clienti.<\/p>\n<p>Al terzo posto c'\u00e8 Schwob AG, che dal 1872 sviluppa e produce nella propria tessitura Jacquard tessuti esclusivi per l'industria alberghiera e della ristorazione e per cliniche e residenze. L'azienda impiega 240 persone. Le cinque lavanderie Schwob e le trenta lavanderie partner locali forniscono ai clienti una gamma unica di servizi come parte integrante di un processo a pi\u00f9 livelli. La grande tradizione unita all'innovazione porta a una qualit\u00e0 che entusiasma i clienti. Schwob esporta biancheria da letto e da tavola - prodotta a Burgdorf - in molti indirizzi rinomati in tutto il mondo.<\/p>\n<h3><strong>Gradi di diploma per Megasol Energie AG e OLWO AG <\/strong><\/h3>\n<p>Megasol Energie AG, fondata nel 1993, \u00e8 stata premiata con un diploma. Il produttore svizzero sviluppa e produce moduli solari e sistemi di montaggio intelligenti. Il dipartimento di ricerca dell'azienda lavora con partner rinomati sulle tecnologie future per portare il design, l'estetica, la produzione e l'efficienza della generazione di energia integrata negli edifici a un livello superiore. Come uno dei principali produttori di prodotti solari, l'azienda \u00e8 un importante fornitore per l'industria e il commercio in Svizzera e in Europa. Mentre altri operatori del settore sono in difficolt\u00e0, Megasol sta crescendo fortemente da sola nel difficile mercato europeo.<\/p>\n<p>Anche OLWO AG, un'azienda a conduzione familiare alla terza e quarta generazione, che dal 1926 \u00e8 diventata un'azienda centrale di produzione, commercio e servizi nell'industria svizzera del legno, \u00e8 stata premiata con un diploma. Gli impianti di produzione di OLWO comprendono due segherie a Worb e Erlenbach e una pialleria a Stalden. Negli ultimi anni, l'azienda ha ampiamente modernizzato le proprie infrastrutture e investito in soluzioni logistiche digitali. Con circa 180 dipendenti, il Gruppo OLWO \u00e8 sinonimo di specialisti comprovati, macchinari all'avanguardia, partner forti e logistica flessibile.<\/p>\n<p><em>Ulteriori informazioni: <a href=\"http:\/\/www.svc.swiss\">SVC<\/a><\/em><\/p>","protected":false},"excerpt":{"rendered":"<p>La sera del 12 marzo 2025, l'azienda familiare Gasser Ceramic di Rapperswil (BE) si \u00e8 imposta su cinque finalisti: Il produttore di materiali da costruzione ha vinto il 15\u00b0 Prix SVC Espace Mittelland e ha relegato ai posti d'onore Platit AG (Selzach SO) e Schwob AG (Burgdorf).<\/p>","protected":false},"author":4,"featured_media":36849,"comment_status":"closed","ping_status":"closed","sticky":false,"template":"","format":"standard","meta":{"_acf_changed":false,"_yoast_wpseo_focuskw":"Gasser Ceramic","_yoast_wpseo_metadesc":"Der Baumaterial-Hersteller Gasser Ceramic - Ziegelei Rapperswil Louis Gasser AG gewinnt den 15. Prix SVC Espace Mittelland.","articlekey":"","footnotes":""},"categories":[28],"tags":[66,390,492,503,531],"class_list":["post-36844","post","type-post","status-publish","format-standard","has-post-thumbnail","hentry","category-management","tag-awards","tag-prix-svc","tag-unternehmen","tag-verbaende","tag-wirtschaftspolitik"],"acf":[],"yoast_head":"<!-- This site is optimized with the Yoast SEO plugin v27.5 - https:\/\/yoast.com\/product\/yoast-seo-wordpress\/ -->\n<title>Gasser Ceramic gewinnt den Prix SVC Espace Mittelland 2025 - Organisator<\/title>\n<meta name=\"description\" content=\"Der Baumaterial-Hersteller Gasser Ceramic - Ziegelei Rapperswil Louis Gasser AG gewinnt den 15. Prix SVC Espace Mittelland.\" \/>\n<meta name=\"robots\" content=\"index, follow, max-snippet:-1, max-image-preview:large, max-video-preview:-1\" \/>\n<link rel=\"canonical\" href=\"https:\/\/www.organisator.ch\/it\/gestione-2\/2025-03-13\/gasser-ceramic-gewinnt-den-prix-svc-espace-mittelland-2025\/\" \/>\n<meta property=\"og:locale\" content=\"it_IT\" \/>\n<meta property=\"og:type\" content=\"article\" \/>\n<meta property=\"og:title\" content=\"Gasser Ceramic gewinnt den Prix SVC Espace Mittelland 2025\" \/>\n<meta property=\"og:description\" content=\"Der Baumaterial-Hersteller Gasser Ceramic - Ziegelei Rapperswil Louis Gasser AG gewinnt den 15. Prix SVC Espace Mittelland.\" \/>\n<meta property=\"og:url\" content=\"https:\/\/www.organisator.ch\/it\/gestione-2\/2025-03-13\/gasser-ceramic-gewinnt-den-prix-svc-espace-mittelland-2025\/\" \/>\n<meta property=\"og:site_name\" content=\"Organisator\" \/>\n<meta property=\"article:publisher\" content=\"https:\/\/www.facebook.com\/OrganisatorFachmagazin\" \/>\n<meta property=\"article:published_time\" content=\"2025-03-13T08:12:45+00:00\" \/>\n<meta property=\"article:modified_time\" content=\"2025-03-28T06:16:25+00:00\" \/>\n<meta property=\"og:image\" content=\"https:\/\/www.organisator.ch\/wp-content\/uploads\/2025\/03\/Gasser-Ceramic-gewinnt-den-Prix-SVC-Espace-Mittelland-2025-1_Organisator.jpg\" \/>\n\t<meta property=\"og:image:width\" content=\"680\" \/>\n\t<meta property=\"og:image:height\" content=\"453\" \/>\n\t<meta property=\"og:image:type\" content=\"image\/jpeg\" \/>\n<meta name=\"author\" content=\"thomas.berner\" \/>\n<meta name=\"twitter:card\" content=\"summary_large_image\" \/>\n<meta name=\"twitter:title\" content=\"Gasser Ceramic gewinnt den Prix #SVC Espace Mittelland 2025\" \/>\n<meta name=\"twitter:description\" content=\"Der Baumaterial-Hersteller Gasser Ceramic - Ziegelei Rapperswil Louis Gasser AG gewinnt den 15. Prix SVC Espace Mittelland. #GasserCeramic #PrixSVC\" \/>\n<meta name=\"twitter:image\" content=\"https:\/\/www.organisator.ch\/wp-content\/uploads\/2025\/03\/Gasser-Ceramic-gewinnt-den-Prix-SVC-Espace-Mittelland-2025-1_Organisator.jpg\" \/>\n<script type=\"application\/ld+json\" class=\"yoast-schema-graph\">{\"@context\":\"https:\\\/\\\/schema.org\",\"@graph\":[{\"@type\":\"Article\",\"@id\":\"https:\\\/\\\/www.organisator.ch\\\/management\\\/2025-03-13\\\/gasser-ceramic-gewinnt-den-prix-svc-espace-mittelland-2025\\\/#article\",\"isPartOf\":{\"@id\":\"https:\\\/\\\/www.organisator.ch\\\/management\\\/2025-03-13\\\/gasser-ceramic-gewinnt-den-prix-svc-espace-mittelland-2025\\\/\"},\"author\":{\"name\":\"thomas.berner\",\"@id\":\"https:\\\/\\\/www.organisator.ch\\\/#\\\/schema\\\/person\\\/6f650f90b2842cd4c0cc334b4e36f67e\"},\"headline\":\"Gasser Ceramic gewinnt den Prix SVC Espace Mittelland 2025\",\"datePublished\":\"2025-03-13T08:12:45+00:00\",\"dateModified\":\"2025-03-28T06:16:25+00:00\",\"mainEntityOfPage\":{\"@id\":\"https:\\\/\\\/www.organisator.ch\\\/management\\\/2025-03-13\\\/gasser-ceramic-gewinnt-den-prix-svc-espace-mittelland-2025\\\/\"},\"wordCount\":1024,\"publisher\":{\"@id\":\"https:\\\/\\\/www.organisator.ch\\\/#organization\"},\"image\":{\"@id\":\"https:\\\/\\\/www.organisator.ch\\\/management\\\/2025-03-13\\\/gasser-ceramic-gewinnt-den-prix-svc-espace-mittelland-2025\\\/#primaryimage\"},\"thumbnailUrl\":\"https:\\\/\\\/www.organisator.ch\\\/wp-content\\\/uploads\\\/2025\\\/03\\\/Gasser-Ceramic-gewinnt-den-Prix-SVC-Espace-Mittelland-2025-1_Organisator.jpg\",\"keywords\":[\"Awards\",\"Prix SVC\",\"Unternehmen\",\"Verb\u00e4nde\",\"Wirtschaftspolitik\"],\"articleSection\":[\"MANAGEMENT\"],\"inLanguage\":\"it-IT\"},{\"@type\":\"WebPage\",\"@id\":\"https:\\\/\\\/www.organisator.ch\\\/management\\\/2025-03-13\\\/gasser-ceramic-gewinnt-den-prix-svc-espace-mittelland-2025\\\/\",\"url\":\"https:\\\/\\\/www.organisator.ch\\\/management\\\/2025-03-13\\\/gasser-ceramic-gewinnt-den-prix-svc-espace-mittelland-2025\\\/\",\"name\":\"Gasser Ceramic gewinnt den Prix SVC Espace Mittelland 2025 - Organisator\",\"isPartOf\":{\"@id\":\"https:\\\/\\\/www.organisator.ch\\\/#website\"},\"primaryImageOfPage\":{\"@id\":\"https:\\\/\\\/www.organisator.ch\\\/management\\\/2025-03-13\\\/gasser-ceramic-gewinnt-den-prix-svc-espace-mittelland-2025\\\/#primaryimage\"},\"image\":{\"@id\":\"https:\\\/\\\/www.organisator.ch\\\/management\\\/2025-03-13\\\/gasser-ceramic-gewinnt-den-prix-svc-espace-mittelland-2025\\\/#primaryimage\"},\"thumbnailUrl\":\"https:\\\/\\\/www.organisator.ch\\\/wp-content\\\/uploads\\\/2025\\\/03\\\/Gasser-Ceramic-gewinnt-den-Prix-SVC-Espace-Mittelland-2025-1_Organisator.jpg\",\"datePublished\":\"2025-03-13T08:12:45+00:00\",\"dateModified\":\"2025-03-28T06:16:25+00:00\",\"description\":\"Der Baumaterial-Hersteller Gasser Ceramic - Ziegelei Rapperswil Louis Gasser AG gewinnt den 15. Prix SVC Espace Mittelland.\",\"breadcrumb\":{\"@id\":\"https:\\\/\\\/www.organisator.ch\\\/management\\\/2025-03-13\\\/gasser-ceramic-gewinnt-den-prix-svc-espace-mittelland-2025\\\/#breadcrumb\"},\"inLanguage\":\"it-IT\",\"potentialAction\":[{\"@type\":\"ReadAction\",\"target\":[\"https:\\\/\\\/www.organisator.ch\\\/management\\\/2025-03-13\\\/gasser-ceramic-gewinnt-den-prix-svc-espace-mittelland-2025\\\/\"]}]},{\"@type\":\"ImageObject\",\"inLanguage\":\"it-IT\",\"@id\":\"https:\\\/\\\/www.organisator.ch\\\/management\\\/2025-03-13\\\/gasser-ceramic-gewinnt-den-prix-svc-espace-mittelland-2025\\\/#primaryimage\",\"url\":\"https:\\\/\\\/www.organisator.ch\\\/wp-content\\\/uploads\\\/2025\\\/03\\\/Gasser-Ceramic-gewinnt-den-Prix-SVC-Espace-Mittelland-2025-1_Organisator.jpg\",\"contentUrl\":\"https:\\\/\\\/www.organisator.ch\\\/wp-content\\\/uploads\\\/2025\\\/03\\\/Gasser-Ceramic-gewinnt-den-Prix-SVC-Espace-Mittelland-2025-1_Organisator.jpg\",\"width\":680,\"height\":453,\"caption\":\"Die Gewinner des Prix SVC Espace Mittelland 2025, Julienne und Rudolf Gasser von Gasser Ceramic - Ziegelei Rapperswil Louis Gasser AG, freuen sich ueber den Preis waehrend der Preisverleihung am Mittwoch, 12. Maerz 2025, im Kursaal Bern. Der Swiss Venture Club zeichnet mit dem Prix SVC innovative Unternehmen aus, die durch herausragende Leistungen einen wesentlichen und nachhaltigen wirtschaftlichen Erfolg verzeichnen. (SVC\\\/Keystone\\\/Manuel Lopez)\"},{\"@type\":\"BreadcrumbList\",\"@id\":\"https:\\\/\\\/www.organisator.ch\\\/management\\\/2025-03-13\\\/gasser-ceramic-gewinnt-den-prix-svc-espace-mittelland-2025\\\/#breadcrumb\",\"itemListElement\":[{\"@type\":\"ListItem\",\"position\":1,\"name\":\"Home\",\"item\":\"https:\\\/\\\/www.organisator.ch\\\/\"},{\"@type\":\"ListItem\",\"position\":2,\"name\":\"Gasser Ceramic gewinnt den Prix SVC Espace Mittelland 2025\"}]},{\"@type\":\"WebSite\",\"@id\":\"https:\\\/\\\/www.organisator.ch\\\/#website\",\"url\":\"https:\\\/\\\/www.organisator.ch\\\/\",\"name\":\"Organisator\",\"description\":\"Kompetent. Praxisnah. Der ORGANISATOR bereitet in 10 Ausgaben pro Jahr die wesentlichen Themen f\u00fcr F\u00fchrungskr\u00e4fte von KMU auf.\",\"publisher\":{\"@id\":\"https:\\\/\\\/www.organisator.ch\\\/#organization\"},\"potentialAction\":[{\"@type\":\"SearchAction\",\"target\":{\"@type\":\"EntryPoint\",\"urlTemplate\":\"https:\\\/\\\/www.organisator.ch\\\/?s={search_term_string}\"},\"query-input\":{\"@type\":\"PropertyValueSpecification\",\"valueRequired\":true,\"valueName\":\"search_term_string\"}}],\"inLanguage\":\"it-IT\"},{\"@type\":\"Organization\",\"@id\":\"https:\\\/\\\/www.organisator.ch\\\/#organization\",\"name\":\"Organisator\",\"url\":\"https:\\\/\\\/www.organisator.ch\\\/\",\"logo\":{\"@type\":\"ImageObject\",\"inLanguage\":\"it-IT\",\"@id\":\"https:\\\/\\\/www.organisator.ch\\\/#\\\/schema\\\/logo\\\/image\\\/\",\"url\":\"https:\\\/\\\/www.organisator.ch\\\/wp-content\\\/uploads\\\/2022\\\/01\\\/Logo_Organisator_Website.png\",\"contentUrl\":\"https:\\\/\\\/www.organisator.ch\\\/wp-content\\\/uploads\\\/2022\\\/01\\\/Logo_Organisator_Website.png\",\"width\":800,\"height\":77,\"caption\":\"Organisator\"},\"image\":{\"@id\":\"https:\\\/\\\/www.organisator.ch\\\/#\\\/schema\\\/logo\\\/image\\\/\"},\"sameAs\":[\"https:\\\/\\\/www.facebook.com\\\/OrganisatorFachmagazin\",\"https:\\\/\\\/www.linkedin.com\\\/showcase\\\/organisator-das-magazin-fr-kmu\",\"https:\\\/\\\/www.xing.com\\\/news\\\/pages\\\/organisator-ch-695\",\"https:\\\/\\\/www.youtube.com\\\/channel\\\/UCGP2Sq0iWaZwT3BdIAQFYpw\"]},{\"@type\":\"Person\",\"@id\":\"https:\\\/\\\/www.organisator.ch\\\/#\\\/schema\\\/person\\\/6f650f90b2842cd4c0cc334b4e36f67e\",\"name\":\"thomas.berner\",\"image\":{\"@type\":\"ImageObject\",\"inLanguage\":\"it-IT\",\"@id\":\"https:\\\/\\\/secure.gravatar.com\\\/avatar\\\/ac5001d2a36cb6c6cd3e50789007ffca834b477b74a2144564522e944eabff61?s=96&d=mm&r=g\",\"url\":\"https:\\\/\\\/secure.gravatar.com\\\/avatar\\\/ac5001d2a36cb6c6cd3e50789007ffca834b477b74a2144564522e944eabff61?s=96&d=mm&r=g\",\"contentUrl\":\"https:\\\/\\\/secure.gravatar.com\\\/avatar\\\/ac5001d2a36cb6c6cd3e50789007ffca834b477b74a2144564522e944eabff61?s=96&d=mm&r=g\",\"caption\":\"thomas.berner\"},\"url\":\"https:\\\/\\\/www.organisator.ch\\\/it\\\/author\\\/thomas-berner\\\/\"}]}<\/script>\n<!-- \/ Yoast SEO plugin. -->","yoast_head_json":{"title":"Gasser Ceramic vince il Prix SVC Espace Mittelland 2025 - Organizzatore","description":"Il produttore di materiali da costruzione Gasser Ceramic - Ziegelei Rapperswil Louis Gasser AG vince il 15\u00b0 Prix SVC Espace Mittelland.","robots":{"index":"index","follow":"follow","max-snippet":"max-snippet:-1","max-image-preview":"max-image-preview:large","max-video-preview":"max-video-preview:-1"},"canonical":"https:\/\/www.organisator.ch\/it\/gestione-2\/2025-03-13\/gasser-ceramic-gewinnt-den-prix-svc-espace-mittelland-2025\/","og_locale":"it_IT","og_type":"article","og_title":"Gasser Ceramic gewinnt den Prix SVC Espace Mittelland 2025","og_description":"Der Baumaterial-Hersteller Gasser Ceramic - Ziegelei Rapperswil Louis Gasser AG gewinnt den 15. Prix SVC Espace Mittelland.","og_url":"https:\/\/www.organisator.ch\/it\/gestione-2\/2025-03-13\/gasser-ceramic-gewinnt-den-prix-svc-espace-mittelland-2025\/","og_site_name":"Organisator","article_publisher":"https:\/\/www.facebook.com\/OrganisatorFachmagazin","article_published_time":"2025-03-13T08:12:45+00:00","article_modified_time":"2025-03-28T06:16:25+00:00","og_image":[{"width":680,"height":453,"url":"https:\/\/www.organisator.ch\/wp-content\/uploads\/2025\/03\/Gasser-Ceramic-gewinnt-den-Prix-SVC-Espace-Mittelland-2025-1_Organisator.jpg","type":"image\/jpeg"}],"author":"thomas.berner","twitter_card":"summary_large_image","twitter_title":"Gasser Ceramic gewinnt den Prix #SVC Espace Mittelland 2025","twitter_description":"Der Baumaterial-Hersteller Gasser Ceramic - Ziegelei Rapperswil Louis Gasser AG gewinnt den 15. Prix SVC Espace Mittelland. #GasserCeramic #PrixSVC","twitter_image":"https:\/\/www.organisator.ch\/wp-content\/uploads\/2025\/03\/Gasser-Ceramic-gewinnt-den-Prix-SVC-Espace-Mittelland-2025-1_Organisator.jpg","schema":{"@context":"https:\/\/schema.org","@graph":[{"@type":"Article","@id":"https:\/\/www.organisator.ch\/management\/2025-03-13\/gasser-ceramic-gewinnt-den-prix-svc-espace-mittelland-2025\/#article","isPartOf":{"@id":"https:\/\/www.organisator.ch\/management\/2025-03-13\/gasser-ceramic-gewinnt-den-prix-svc-espace-mittelland-2025\/"},"author":{"name":"thomas.berner","@id":"https:\/\/www.organisator.ch\/#\/schema\/person\/6f650f90b2842cd4c0cc334b4e36f67e"},"headline":"Gasser Ceramic gewinnt den Prix SVC Espace Mittelland 2025","datePublished":"2025-03-13T08:12:45+00:00","dateModified":"2025-03-28T06:16:25+00:00","mainEntityOfPage":{"@id":"https:\/\/www.organisator.ch\/management\/2025-03-13\/gasser-ceramic-gewinnt-den-prix-svc-espace-mittelland-2025\/"},"wordCount":1024,"publisher":{"@id":"https:\/\/www.organisator.ch\/#organization"},"image":{"@id":"https:\/\/www.organisator.ch\/management\/2025-03-13\/gasser-ceramic-gewinnt-den-prix-svc-espace-mittelland-2025\/#primaryimage"},"thumbnailUrl":"https:\/\/www.organisator.ch\/wp-content\/uploads\/2025\/03\/Gasser-Ceramic-gewinnt-den-Prix-SVC-Espace-Mittelland-2025-1_Organisator.jpg","keywords":["Awards","Prix SVC","Unternehmen","Verb\u00e4nde","Wirtschaftspolitik"],"articleSection":["MANAGEMENT"],"inLanguage":"it-IT"},{"@type":"WebPage","@id":"https:\/\/www.organisator.ch\/management\/2025-03-13\/gasser-ceramic-gewinnt-den-prix-svc-espace-mittelland-2025\/","url":"https:\/\/www.organisator.ch\/management\/2025-03-13\/gasser-ceramic-gewinnt-den-prix-svc-espace-mittelland-2025\/","name":"Gasser Ceramic vince il Prix SVC Espace Mittelland 2025 - Organizzatore","isPartOf":{"@id":"https:\/\/www.organisator.ch\/#website"},"primaryImageOfPage":{"@id":"https:\/\/www.organisator.ch\/management\/2025-03-13\/gasser-ceramic-gewinnt-den-prix-svc-espace-mittelland-2025\/#primaryimage"},"image":{"@id":"https:\/\/www.organisator.ch\/management\/2025-03-13\/gasser-ceramic-gewinnt-den-prix-svc-espace-mittelland-2025\/#primaryimage"},"thumbnailUrl":"https:\/\/www.organisator.ch\/wp-content\/uploads\/2025\/03\/Gasser-Ceramic-gewinnt-den-Prix-SVC-Espace-Mittelland-2025-1_Organisator.jpg","datePublished":"2025-03-13T08:12:45+00:00","dateModified":"2025-03-28T06:16:25+00:00","description":"Il produttore di materiali da costruzione Gasser Ceramic - Ziegelei Rapperswil Louis Gasser AG vince il 15\u00b0 Prix SVC Espace Mittelland.","breadcrumb":{"@id":"https:\/\/www.organisator.ch\/management\/2025-03-13\/gasser-ceramic-gewinnt-den-prix-svc-espace-mittelland-2025\/#breadcrumb"},"inLanguage":"it-IT","potentialAction":[{"@type":"ReadAction","target":["https:\/\/www.organisator.ch\/management\/2025-03-13\/gasser-ceramic-gewinnt-den-prix-svc-espace-mittelland-2025\/"]}]},{"@type":"ImageObject","inLanguage":"it-IT","@id":"https:\/\/www.organisator.ch\/management\/2025-03-13\/gasser-ceramic-gewinnt-den-prix-svc-espace-mittelland-2025\/#primaryimage","url":"https:\/\/www.organisator.ch\/wp-content\/uploads\/2025\/03\/Gasser-Ceramic-gewinnt-den-Prix-SVC-Espace-Mittelland-2025-1_Organisator.jpg","contentUrl":"https:\/\/www.organisator.ch\/wp-content\/uploads\/2025\/03\/Gasser-Ceramic-gewinnt-den-Prix-SVC-Espace-Mittelland-2025-1_Organisator.jpg","width":680,"height":453,"caption":"Die Gewinner des Prix SVC Espace Mittelland 2025, Julienne und Rudolf Gasser von Gasser Ceramic - Ziegelei Rapperswil Louis Gasser AG, freuen sich ueber den Preis waehrend der Preisverleihung am Mittwoch, 12. Maerz 2025, im Kursaal Bern. Der Swiss Venture Club zeichnet mit dem Prix SVC innovative Unternehmen aus, die durch herausragende Leistungen einen wesentlichen und nachhaltigen wirtschaftlichen Erfolg verzeichnen. (SVC\/Keystone\/Manuel Lopez)"},{"@type":"BreadcrumbList","@id":"https:\/\/www.organisator.ch\/management\/2025-03-13\/gasser-ceramic-gewinnt-den-prix-svc-espace-mittelland-2025\/#breadcrumb","itemListElement":[{"@type":"ListItem","position":1,"name":"Home","item":"https:\/\/www.organisator.ch\/"},{"@type":"ListItem","position":2,"name":"Gasser Ceramic gewinnt den Prix SVC Espace Mittelland 2025"}]},{"@type":"WebSite","@id":"https:\/\/www.organisator.ch\/#website","url":"https:\/\/www.organisator.ch\/","name":"Organizzatore","description":"Competente. Pratico. In 10 numeri all'anno, ORGANISATOR presenta i temi essenziali per i manager delle PMI.","publisher":{"@id":"https:\/\/www.organisator.ch\/#organization"},"potentialAction":[{"@type":"SearchAction","target":{"@type":"EntryPoint","urlTemplate":"https:\/\/www.organisator.ch\/?s={search_term_string}"},"query-input":{"@type":"PropertyValueSpecification","valueRequired":true,"valueName":"search_term_string"}}],"inLanguage":"it-IT"},{"@type":"Organization","@id":"https:\/\/www.organisator.ch\/#organization","name":"Organizzatore","url":"https:\/\/www.organisator.ch\/","logo":{"@type":"ImageObject","inLanguage":"it-IT","@id":"https:\/\/www.organisator.ch\/#\/schema\/logo\/image\/","url":"https:\/\/www.organisator.ch\/wp-content\/uploads\/2022\/01\/Logo_Organisator_Website.png","contentUrl":"https:\/\/www.organisator.ch\/wp-content\/uploads\/2022\/01\/Logo_Organisator_Website.png","width":800,"height":77,"caption":"Organisator"},"image":{"@id":"https:\/\/www.organisator.ch\/#\/schema\/logo\/image\/"},"sameAs":["https:\/\/www.facebook.com\/OrganisatorFachmagazin","https:\/\/www.linkedin.com\/showcase\/organisator-das-magazin-fr-kmu","https:\/\/www.xing.com\/news\/pages\/organisator-ch-695","https:\/\/www.youtube.com\/channel\/UCGP2Sq0iWaZwT3BdIAQFYpw"]},{"@type":"Person","@id":"https:\/\/www.organisator.ch\/#\/schema\/person\/6f650f90b2842cd4c0cc334b4e36f67e","name":"Tommaso.berner","image":{"@type":"ImageObject","inLanguage":"it-IT","@id":"https:\/\/secure.gravatar.com\/avatar\/ac5001d2a36cb6c6cd3e50789007ffca834b477b74a2144564522e944eabff61?s=96&d=mm&r=g","url":"https:\/\/secure.gravatar.com\/avatar\/ac5001d2a36cb6c6cd3e50789007ffca834b477b74a2144564522e944eabff61?s=96&d=mm&r=g","contentUrl":"https:\/\/secure.gravatar.com\/avatar\/ac5001d2a36cb6c6cd3e50789007ffca834b477b74a2144564522e944eabff61?s=96&d=mm&r=g","caption":"thomas.berner"},"url":"https:\/\/www.organisator.ch\/it\/author\/thomas-berner\/"}]}},"_links":{"self":[{"href":"https:\/\/www.organisator.ch\/it\/wp-json\/wp\/v2\/posts\/36844","targetHints":{"allow":["GET"]}}],"collection":[{"href":"https:\/\/www.organisator.ch\/it\/wp-json\/wp\/v2\/posts"}],"about":[{"href":"https:\/\/www.organisator.ch\/it\/wp-json\/wp\/v2\/types\/post"}],"author":[{"embeddable":true,"href":"https:\/\/www.organisator.ch\/it\/wp-json\/wp\/v2\/users\/4"}],"replies":[{"embeddable":true,"href":"https:\/\/www.organisator.ch\/it\/wp-json\/wp\/v2\/comments?post=36844"}],"version-history":[{"count":3,"href":"https:\/\/www.organisator.ch\/it\/wp-json\/wp\/v2\/posts\/36844\/revisions"}],"predecessor-version":[{"id":37263,"href":"https:\/\/www.organisator.ch\/it\/wp-json\/wp\/v2\/posts\/36844\/revisions\/37263"}],"wp:featuredmedia":[{"embeddable":true,"href":"https:\/\/www.organisator.ch\/it\/wp-json\/wp\/v2\/media\/36849"}],"wp:attachment":[{"href":"https:\/\/www.organisator.ch\/it\/wp-json\/wp\/v2\/media?parent=36844"}],"wp:term":[{"taxonomy":"category","embeddable":true,"href":"https:\/\/www.organisator.ch\/it\/wp-json\/wp\/v2\/categories?post=36844"},{"taxonomy":"post_tag","embeddable":true,"href":"https:\/\/www.organisator.ch\/it\/wp-json\/wp\/v2\/tags?post=36844"}],"curies":[{"name":"wp","href":"https:\/\/api.w.org\/{rel}","templated":true}]}}