{"id":36845,"date":"2025-03-13T11:12:15","date_gmt":"2025-03-13T10:12:15","guid":{"rendered":"https:\/\/www.m-q.ch\/?p=21181"},"modified":"2025-03-13T11:09:43","modified_gmt":"2025-03-13T10:09:43","slug":"fast-alle-ceos-wollen-ki-aber-nur-1-ist-umfaenglich-vorbereitet","status":"publish","type":"post","link":"https:\/\/www.organisator.ch\/it\/operational-excellence\/2025-03-13\/fast-alle-ceos-wollen-ki-aber-nur-1-ist-umfaenglich-vorbereitet\/","title":{"rendered":"Quasi tutti i CEO vogliono l'IA, ma solo 1 % \u00e8 pienamente preparato"},"content":{"rendered":"<figure id=\"attachment_21182\" class=\"wp-caption alignnone\" style=\"width: 680px;\" aria-describedby=\"caption-attachment-21182\"><img class=\"size-full wp-image-21182\" src=\"https:\/\/www.m-q.ch\/wp-content\/uploads\/2025\/03\/Cisco_Bild_ps.jpg\" sizes=\"(max-width: 680px) 100vw, 680px\" srcset=\"https:\/\/www.m-q.ch\/wp-content\/uploads\/2025\/03\/Cisco_Bild_ps.jpg 680w, https:\/\/www.m-q.ch\/wp-content\/uploads\/2025\/03\/Cisco_Bild_ps-18x10.jpg 18w, https:\/\/www.m-q.ch\/wp-content\/uploads\/2025\/03\/Cisco_Bild_ps-375x210.jpg 375w, https:\/\/www.m-q.ch\/wp-content\/uploads\/2025\/03\/Cisco_Bild_ps-626x350.jpg 626w\" alt=\"\" width=\"680\" height=\"380\" \/>\r\n<figcaption id=\"caption-attachment-21182\" class=\"wp-caption-text\">Studio Cisco: gli amministratori delegati europei vedono nell'IA un'opportunit\u00e0, ma le lacune di conoscenza e le carenze infrastrutturali ne rallentano l'implementazione. (Immagine: Cisco)<\/figcaption>\r\n<\/figure>\r\n<p>I partecipanti europei allo studio Cisco CEO temono anche una perdita di crescita (56 %) e una riduzione della competitivit\u00e0 (51 %) a causa della mancanza di competenze in materia di IA. \"Lo studio dimostra l'urgente necessit\u00e0 di agire nell'era dell'IA. Ora dobbiamo passare all'attuazione concreta\", afferma Christopher Tighe, CEO di Cisco Svizzera. \"Reti a prova di futuro e resilienti, nonch\u00e9 competenze specifiche in materia di IA, diventeranno un fattore di successo decisivo per la Svizzera\".<\/p>\r\n<h3><strong>I CEO temono i costi crescenti dell'inazione<\/strong><\/h3>\r\n<p>Infatti, solo l'1% degli intervistati si sente pienamente preparato all'IA. Secondo lo studio, il 69% dei CEO europei teme di perdere terreno rispetto alla concorrenza e di non cogliere opportunit\u00e0 a causa delle insufficienti conoscenze informatiche e delle lacune infrastrutturali. Questo si riflette gi\u00e0 in perdite reali. Il 48% dei CEO europei (53 % a livello mondiale) teme di perdere opportunit\u00e0 a causa della mancanza di investimenti nelle nuove tecnologie. Il 74% teme di perdere opportunit\u00e0 a causa di infrastrutture di rete obsolete e il 46% teme che le lacune nell'infrastruttura stiano costando loro vantaggi competitivi.<\/p>\r\n<h3><strong>Obiettivi di trasformazione dell'IA raggiungibili solo con i partner<\/strong><\/h3>\r\n<p>Nonostante tutte le sfide e i timori, lo studio mostra anche gli obiettivi con cui gli amministratori delegati in Europa vogliono beneficiare dell'IA: Vogliono aumentare l'efficienza (61 % contro 69 % a livello mondiale), promuovere l'innovazione (60 % contro 68 % a livello mondiale) e superare la concorrenza (55 % contro 54 % a livello mondiale). Gli intervistati vedono ancora i seguenti ostacoli al raggiungimento di questo obiettivo: carenza di competenze (34 %) mancanza di scenari applicativi (33 %), lacune infrastrutturali (32 %) e rischi per la sicurezza informatica (31 %).<\/p>\r\n<p>Anche Oliver Tuszik, Presidente di Cisco EMEA, classifica i risultati: \"Le aziende devono reinventarsi se vogliono sfruttare il potenziale dell'IA. Devono quindi aumentare il ritmo dell'innovazione, semplificare i processi e adattarsi ai cambiamenti digitali. Tuttavia, questo non pu\u00f2 essere realizzato da soli. Ecco perch\u00e9 il 95% dei CEO si affida a partner affidabili\".<\/p>\r\n<p>Gli amministratori delegati si affidano a un aiuto esterno per attuare i loro piani: il 95% si rivolge a partner fidati per rendere la rete aziendale a prova di futuro per l'IA, secondo lo studio di Cisco.<\/p>\r\n<h3><strong>Conoscenza, infrastruttura, sicurezza<\/strong><\/h3>\r\n<p>Alla domanda su quali misure debbano adottare per prepararsi ai loro progetti di IA, il 53% ha menzionato l'espansione delle proprie capacit\u00e0 di dati. Hanno inoltre bisogno di conoscenze specifiche sull'IA (51 %), di una migliore infrastruttura di rete (49 %), di formazione per il personale (46 %), di investimenti in centri dati (44 %) e di maggiori misure di sicurezza (41 %). Nel confronto internazionale, l'attenzione \u00e8 leggermente diversa, con gli investimenti in conoscenza (61 %) al primo posto, seguiti da capacit\u00e0 di dati (55 %), reti (53 %), formazione (51 %) e sicurezza (49 %).<\/p>\r\n<p>L'implementazione richiede decisioni tecnologiche chiare, sia a livello interno che di partnership. I CEO europei fanno sempre pi\u00f9 affidamento sui loro CTO e CIO, con il 75% (80 % a livello globale) che riconosce il loro ruolo importante nelle decisioni di investimento in nuove tecnologie. I responsabili delle decisioni tecnologiche, che vedono le reti e le tecnologie moderne non solo come strumenti ma come motori di crescita, resilienza e innovazione, stanno assumendo sempre pi\u00f9 ruoli di livello esecutivo (80 %).<\/p>\r\n<p><em><a href=\"https:\/\/newsroom.cisco.com\/c\/dam\/r\/newsroom\/en\/us\/assets\/a\/y2025\/m02\/Cisco-2025-AI-Briefing-CEO-Edition.pdf\">Ulteriori informazioni<\/a><\/em><\/p>\n<p class=\"syndicated-attribution\">Questo articolo \u00e8 apparso originariamente su m-q.ch - <a href=\"https:\/\/www.m-q.ch\/de\/fast-alle-ceos-wollen-ki-aber-nur-1-ist-umfaenglich-vorbereitet\/\" target=\"_blank\">https:\/\/www.m-q.ch\/de\/fast-alle-ceos-wollen-ki-aber-nur-1-ist-umfaenglich-vorbereitet\/<\/a><\/p>","protected":false},"excerpt":{"rendered":"<p>Cisco, leader mondiale nella fornitura di soluzioni di rete e di sicurezza informatica, rivela un paradosso tra i CEO europei nel suo ultimo studio: L'87% \u00e8 consapevole dei vantaggi dell'IA per la propria azienda e il 97% prevede di integrare l'IA nei propri processi aziendali. D'altro canto, il 69% teme che le lacune nella conoscenza dell'IA ostacolino il processo decisionale in seno al consiglio di amministrazione.<\/p>","protected":false},"author":80,"featured_media":0,"comment_status":"closed","ping_status":"closed","sticky":false,"template":"","format":"standard","meta":{"_acf_changed":false,"_yoast_wpseo_focuskw":"KI","_yoast_wpseo_metadesc":"Cisco-Studie zeigt: Europas CEOs sehen KI als Chance, doch Wissensl\u00fccken und Infrastrukturschw\u00e4chen bremsen die Umsetzung.","articlekey":"","footnotes":""},"categories":[582],"tags":[103,904,608,1405,2700,492],"class_list":["post-36845","post","type-post","status-publish","format-standard","hentry","category-operational-excellence","tag-business-excellence","tag-ceo","tag-cybersicherheit","tag-infrastruktur","tag-transformation","tag-unternehmen"],"acf":[],"yoast_head":"<!-- This site is optimized with the Yoast SEO plugin v27.5 - https:\/\/yoast.com\/product\/yoast-seo-wordpress\/ -->\n<title>Fast alle CEOs wollen KI, aber nur 1 % ist umf\u00e4nglich vorbereitet - Organisator<\/title>\n<meta name=\"description\" content=\"Cisco-Studie zeigt: Europas CEOs sehen KI als Chance, doch Wissensl\u00fccken und Infrastrukturschw\u00e4chen bremsen die Umsetzung.\" \/>\n<meta name=\"robots\" content=\"index, follow, max-snippet:-1, max-image-preview:large, max-video-preview:-1\" \/>\n<link rel=\"canonical\" href=\"https:\/\/www.organisator.ch\/it\/eccellenza-operativa\/2025-03-13\/fast-alle-ceos-wollen-ki-aber-nur-1-ist-umfaenglich-vorbereitet\/\" \/>\n<meta property=\"og:locale\" content=\"it_IT\" \/>\n<meta property=\"og:type\" content=\"article\" \/>\n<meta property=\"og:title\" content=\"Fast alle CEOs wollen KI, aber nur 1 % ist umf\u00e4nglich vorbereitet - Organisator\" \/>\n<meta property=\"og:description\" content=\"Cisco-Studie zeigt: Europas CEOs sehen KI als Chance, doch Wissensl\u00fccken und Infrastrukturschw\u00e4chen bremsen die Umsetzung.\" \/>\n<meta property=\"og:url\" content=\"https:\/\/www.organisator.ch\/it\/eccellenza-operativa\/2025-03-13\/fast-alle-ceos-wollen-ki-aber-nur-1-ist-umfaenglich-vorbereitet\/\" \/>\n<meta property=\"og:site_name\" content=\"Organisator\" \/>\n<meta property=\"article:publisher\" content=\"https:\/\/www.facebook.com\/OrganisatorFachmagazin\" \/>\n<meta property=\"article:published_time\" content=\"2025-03-13T10:12:15+00:00\" \/>\n<meta name=\"author\" content=\"Dzana Muminovic\" \/>\n<meta name=\"twitter:card\" content=\"summary_large_image\" \/>\n<script type=\"application\/ld+json\" class=\"yoast-schema-graph\">{\"@context\":\"https:\\\/\\\/schema.org\",\"@graph\":[{\"@type\":\"Article\",\"@id\":\"https:\\\/\\\/www.organisator.ch\\\/operational-excellence\\\/2025-03-13\\\/fast-alle-ceos-wollen-ki-aber-nur-1-ist-umfaenglich-vorbereitet\\\/#article\",\"isPartOf\":{\"@id\":\"https:\\\/\\\/www.organisator.ch\\\/operational-excellence\\\/2025-03-13\\\/fast-alle-ceos-wollen-ki-aber-nur-1-ist-umfaenglich-vorbereitet\\\/\"},\"author\":{\"name\":\"Dzana Muminovic\",\"@id\":\"https:\\\/\\\/www.organisator.ch\\\/#\\\/schema\\\/person\\\/afccda3a71c06d4be2ed9100dd163db7\"},\"headline\":\"Fast alle CEOs wollen KI, aber nur 1 % ist umf\u00e4nglich vorbereitet\",\"datePublished\":\"2025-03-13T10:12:15+00:00\",\"mainEntityOfPage\":{\"@id\":\"https:\\\/\\\/www.organisator.ch\\\/operational-excellence\\\/2025-03-13\\\/fast-alle-ceos-wollen-ki-aber-nur-1-ist-umfaenglich-vorbereitet\\\/\"},\"wordCount\":475,\"publisher\":{\"@id\":\"https:\\\/\\\/www.organisator.ch\\\/#organization\"},\"image\":{\"@id\":\"https:\\\/\\\/www.organisator.ch\\\/operational-excellence\\\/2025-03-13\\\/fast-alle-ceos-wollen-ki-aber-nur-1-ist-umfaenglich-vorbereitet\\\/#primaryimage\"},\"thumbnailUrl\":\"https:\\\/\\\/www.m-q.ch\\\/wp-content\\\/uploads\\\/2025\\\/03\\\/Cisco_Bild_ps.jpg\",\"keywords\":[\"Business Excellence\",\"CEO\",\"Cybersicherheit\",\"Infrastruktur\",\"Transformation\",\"Unternehmen\"],\"articleSection\":[\"OPERATIONAL EXCELLENCE\"],\"inLanguage\":\"it-IT\"},{\"@type\":\"WebPage\",\"@id\":\"https:\\\/\\\/www.organisator.ch\\\/operational-excellence\\\/2025-03-13\\\/fast-alle-ceos-wollen-ki-aber-nur-1-ist-umfaenglich-vorbereitet\\\/\",\"url\":\"https:\\\/\\\/www.organisator.ch\\\/operational-excellence\\\/2025-03-13\\\/fast-alle-ceos-wollen-ki-aber-nur-1-ist-umfaenglich-vorbereitet\\\/\",\"name\":\"Fast alle CEOs wollen KI, aber nur 1 % ist umf\u00e4nglich vorbereitet - Organisator\",\"isPartOf\":{\"@id\":\"https:\\\/\\\/www.organisator.ch\\\/#website\"},\"primaryImageOfPage\":{\"@id\":\"https:\\\/\\\/www.organisator.ch\\\/operational-excellence\\\/2025-03-13\\\/fast-alle-ceos-wollen-ki-aber-nur-1-ist-umfaenglich-vorbereitet\\\/#primaryimage\"},\"image\":{\"@id\":\"https:\\\/\\\/www.organisator.ch\\\/operational-excellence\\\/2025-03-13\\\/fast-alle-ceos-wollen-ki-aber-nur-1-ist-umfaenglich-vorbereitet\\\/#primaryimage\"},\"thumbnailUrl\":\"https:\\\/\\\/www.m-q.ch\\\/wp-content\\\/uploads\\\/2025\\\/03\\\/Cisco_Bild_ps.jpg\",\"datePublished\":\"2025-03-13T10:12:15+00:00\",\"description\":\"Cisco-Studie zeigt: Europas CEOs sehen KI als Chance, doch Wissensl\u00fccken und Infrastrukturschw\u00e4chen bremsen die Umsetzung.\",\"breadcrumb\":{\"@id\":\"https:\\\/\\\/www.organisator.ch\\\/operational-excellence\\\/2025-03-13\\\/fast-alle-ceos-wollen-ki-aber-nur-1-ist-umfaenglich-vorbereitet\\\/#breadcrumb\"},\"inLanguage\":\"it-IT\",\"potentialAction\":[{\"@type\":\"ReadAction\",\"target\":[\"https:\\\/\\\/www.organisator.ch\\\/operational-excellence\\\/2025-03-13\\\/fast-alle-ceos-wollen-ki-aber-nur-1-ist-umfaenglich-vorbereitet\\\/\"]}]},{\"@type\":\"ImageObject\",\"inLanguage\":\"it-IT\",\"@id\":\"https:\\\/\\\/www.organisator.ch\\\/operational-excellence\\\/2025-03-13\\\/fast-alle-ceos-wollen-ki-aber-nur-1-ist-umfaenglich-vorbereitet\\\/#primaryimage\",\"url\":\"https:\\\/\\\/www.m-q.ch\\\/wp-content\\\/uploads\\\/2025\\\/03\\\/Cisco_Bild_ps.jpg\",\"contentUrl\":\"https:\\\/\\\/www.m-q.ch\\\/wp-content\\\/uploads\\\/2025\\\/03\\\/Cisco_Bild_ps.jpg\"},{\"@type\":\"BreadcrumbList\",\"@id\":\"https:\\\/\\\/www.organisator.ch\\\/operational-excellence\\\/2025-03-13\\\/fast-alle-ceos-wollen-ki-aber-nur-1-ist-umfaenglich-vorbereitet\\\/#breadcrumb\",\"itemListElement\":[{\"@type\":\"ListItem\",\"position\":1,\"name\":\"Home\",\"item\":\"https:\\\/\\\/www.organisator.ch\\\/\"},{\"@type\":\"ListItem\",\"position\":2,\"name\":\"Fast alle CEOs wollen KI, aber nur 1 % ist umf\u00e4nglich vorbereitet\"}]},{\"@type\":\"WebSite\",\"@id\":\"https:\\\/\\\/www.organisator.ch\\\/#website\",\"url\":\"https:\\\/\\\/www.organisator.ch\\\/\",\"name\":\"Organisator\",\"description\":\"Kompetent. Praxisnah. Der ORGANISATOR bereitet in 10 Ausgaben pro Jahr die wesentlichen Themen f\u00fcr F\u00fchrungskr\u00e4fte von KMU auf.\",\"publisher\":{\"@id\":\"https:\\\/\\\/www.organisator.ch\\\/#organization\"},\"potentialAction\":[{\"@type\":\"SearchAction\",\"target\":{\"@type\":\"EntryPoint\",\"urlTemplate\":\"https:\\\/\\\/www.organisator.ch\\\/?s={search_term_string}\"},\"query-input\":{\"@type\":\"PropertyValueSpecification\",\"valueRequired\":true,\"valueName\":\"search_term_string\"}}],\"inLanguage\":\"it-IT\"},{\"@type\":\"Organization\",\"@id\":\"https:\\\/\\\/www.organisator.ch\\\/#organization\",\"name\":\"Organisator\",\"url\":\"https:\\\/\\\/www.organisator.ch\\\/\",\"logo\":{\"@type\":\"ImageObject\",\"inLanguage\":\"it-IT\",\"@id\":\"https:\\\/\\\/www.organisator.ch\\\/#\\\/schema\\\/logo\\\/image\\\/\",\"url\":\"https:\\\/\\\/www.organisator.ch\\\/wp-content\\\/uploads\\\/2022\\\/01\\\/Logo_Organisator_Website.png\",\"contentUrl\":\"https:\\\/\\\/www.organisator.ch\\\/wp-content\\\/uploads\\\/2022\\\/01\\\/Logo_Organisator_Website.png\",\"width\":800,\"height\":77,\"caption\":\"Organisator\"},\"image\":{\"@id\":\"https:\\\/\\\/www.organisator.ch\\\/#\\\/schema\\\/logo\\\/image\\\/\"},\"sameAs\":[\"https:\\\/\\\/www.facebook.com\\\/OrganisatorFachmagazin\",\"https:\\\/\\\/www.linkedin.com\\\/showcase\\\/organisator-das-magazin-fr-kmu\",\"https:\\\/\\\/www.xing.com\\\/news\\\/pages\\\/organisator-ch-695\",\"https:\\\/\\\/www.youtube.com\\\/channel\\\/UCGP2Sq0iWaZwT3BdIAQFYpw\"]},{\"@type\":\"Person\",\"@id\":\"https:\\\/\\\/www.organisator.ch\\\/#\\\/schema\\\/person\\\/afccda3a71c06d4be2ed9100dd163db7\",\"name\":\"Dzana Muminovic\",\"image\":{\"@type\":\"ImageObject\",\"inLanguage\":\"it-IT\",\"@id\":\"https:\\\/\\\/secure.gravatar.com\\\/avatar\\\/909c5c71aff4b38e88686f2ab2f1ba152571f394f41ed8bae431ea56ced93050?s=96&d=mm&r=g\",\"url\":\"https:\\\/\\\/secure.gravatar.com\\\/avatar\\\/909c5c71aff4b38e88686f2ab2f1ba152571f394f41ed8bae431ea56ced93050?s=96&d=mm&r=g\",\"contentUrl\":\"https:\\\/\\\/secure.gravatar.com\\\/avatar\\\/909c5c71aff4b38e88686f2ab2f1ba152571f394f41ed8bae431ea56ced93050?s=96&d=mm&r=g\",\"caption\":\"Dzana Muminovic\"},\"url\":\"https:\\\/\\\/www.organisator.ch\\\/it\\\/author\\\/dzana-muminovic\\\/\"}]}<\/script>\n<!-- \/ Yoast SEO plugin. -->","yoast_head_json":{"title":"Quasi tutti i CEO vogliono l'intelligenza artificiale, ma solo 1 % \u00e8 pienamente preparato - Organizzatore","description":"Studio Cisco: gli amministratori delegati europei vedono nell'IA un'opportunit\u00e0, ma le lacune di conoscenza e le carenze infrastrutturali ne rallentano l'implementazione.","robots":{"index":"index","follow":"follow","max-snippet":"max-snippet:-1","max-image-preview":"max-image-preview:large","max-video-preview":"max-video-preview:-1"},"canonical":"https:\/\/www.organisator.ch\/it\/eccellenza-operativa\/2025-03-13\/fast-alle-ceos-wollen-ki-aber-nur-1-ist-umfaenglich-vorbereitet\/","og_locale":"it_IT","og_type":"article","og_title":"Fast alle CEOs wollen KI, aber nur 1 % ist umf\u00e4nglich vorbereitet - Organisator","og_description":"Cisco-Studie zeigt: Europas CEOs sehen KI als Chance, doch Wissensl\u00fccken und Infrastrukturschw\u00e4chen bremsen die Umsetzung.","og_url":"https:\/\/www.organisator.ch\/it\/eccellenza-operativa\/2025-03-13\/fast-alle-ceos-wollen-ki-aber-nur-1-ist-umfaenglich-vorbereitet\/","og_site_name":"Organisator","article_publisher":"https:\/\/www.facebook.com\/OrganisatorFachmagazin","article_published_time":"2025-03-13T10:12:15+00:00","author":"Dzana Muminovic","twitter_card":"summary_large_image","schema":{"@context":"https:\/\/schema.org","@graph":[{"@type":"Article","@id":"https:\/\/www.organisator.ch\/operational-excellence\/2025-03-13\/fast-alle-ceos-wollen-ki-aber-nur-1-ist-umfaenglich-vorbereitet\/#article","isPartOf":{"@id":"https:\/\/www.organisator.ch\/operational-excellence\/2025-03-13\/fast-alle-ceos-wollen-ki-aber-nur-1-ist-umfaenglich-vorbereitet\/"},"author":{"name":"Dzana Muminovic","@id":"https:\/\/www.organisator.ch\/#\/schema\/person\/afccda3a71c06d4be2ed9100dd163db7"},"headline":"Fast alle CEOs wollen KI, aber nur 1 % ist umf\u00e4nglich vorbereitet","datePublished":"2025-03-13T10:12:15+00:00","mainEntityOfPage":{"@id":"https:\/\/www.organisator.ch\/operational-excellence\/2025-03-13\/fast-alle-ceos-wollen-ki-aber-nur-1-ist-umfaenglich-vorbereitet\/"},"wordCount":475,"publisher":{"@id":"https:\/\/www.organisator.ch\/#organization"},"image":{"@id":"https:\/\/www.organisator.ch\/operational-excellence\/2025-03-13\/fast-alle-ceos-wollen-ki-aber-nur-1-ist-umfaenglich-vorbereitet\/#primaryimage"},"thumbnailUrl":"https:\/\/www.m-q.ch\/wp-content\/uploads\/2025\/03\/Cisco_Bild_ps.jpg","keywords":["Business Excellence","CEO","Cybersicherheit","Infrastruktur","Transformation","Unternehmen"],"articleSection":["OPERATIONAL EXCELLENCE"],"inLanguage":"it-IT"},{"@type":"WebPage","@id":"https:\/\/www.organisator.ch\/operational-excellence\/2025-03-13\/fast-alle-ceos-wollen-ki-aber-nur-1-ist-umfaenglich-vorbereitet\/","url":"https:\/\/www.organisator.ch\/operational-excellence\/2025-03-13\/fast-alle-ceos-wollen-ki-aber-nur-1-ist-umfaenglich-vorbereitet\/","name":"Quasi tutti i CEO vogliono l'intelligenza artificiale, ma solo 1 % \u00e8 pienamente preparato - Organizzatore","isPartOf":{"@id":"https:\/\/www.organisator.ch\/#website"},"primaryImageOfPage":{"@id":"https:\/\/www.organisator.ch\/operational-excellence\/2025-03-13\/fast-alle-ceos-wollen-ki-aber-nur-1-ist-umfaenglich-vorbereitet\/#primaryimage"},"image":{"@id":"https:\/\/www.organisator.ch\/operational-excellence\/2025-03-13\/fast-alle-ceos-wollen-ki-aber-nur-1-ist-umfaenglich-vorbereitet\/#primaryimage"},"thumbnailUrl":"https:\/\/www.m-q.ch\/wp-content\/uploads\/2025\/03\/Cisco_Bild_ps.jpg","datePublished":"2025-03-13T10:12:15+00:00","description":"Studio Cisco: gli amministratori delegati europei vedono nell'IA un'opportunit\u00e0, ma le lacune di conoscenza e le carenze infrastrutturali ne rallentano l'implementazione.","breadcrumb":{"@id":"https:\/\/www.organisator.ch\/operational-excellence\/2025-03-13\/fast-alle-ceos-wollen-ki-aber-nur-1-ist-umfaenglich-vorbereitet\/#breadcrumb"},"inLanguage":"it-IT","potentialAction":[{"@type":"ReadAction","target":["https:\/\/www.organisator.ch\/operational-excellence\/2025-03-13\/fast-alle-ceos-wollen-ki-aber-nur-1-ist-umfaenglich-vorbereitet\/"]}]},{"@type":"ImageObject","inLanguage":"it-IT","@id":"https:\/\/www.organisator.ch\/operational-excellence\/2025-03-13\/fast-alle-ceos-wollen-ki-aber-nur-1-ist-umfaenglich-vorbereitet\/#primaryimage","url":"https:\/\/www.m-q.ch\/wp-content\/uploads\/2025\/03\/Cisco_Bild_ps.jpg","contentUrl":"https:\/\/www.m-q.ch\/wp-content\/uploads\/2025\/03\/Cisco_Bild_ps.jpg"},{"@type":"BreadcrumbList","@id":"https:\/\/www.organisator.ch\/operational-excellence\/2025-03-13\/fast-alle-ceos-wollen-ki-aber-nur-1-ist-umfaenglich-vorbereitet\/#breadcrumb","itemListElement":[{"@type":"ListItem","position":1,"name":"Home","item":"https:\/\/www.organisator.ch\/"},{"@type":"ListItem","position":2,"name":"Fast alle CEOs wollen KI, aber nur 1 % ist umf\u00e4nglich vorbereitet"}]},{"@type":"WebSite","@id":"https:\/\/www.organisator.ch\/#website","url":"https:\/\/www.organisator.ch\/","name":"Organizzatore","description":"Competente. Pratico. In 10 numeri all'anno, ORGANISATOR presenta i temi essenziali per i manager delle PMI.","publisher":{"@id":"https:\/\/www.organisator.ch\/#organization"},"potentialAction":[{"@type":"SearchAction","target":{"@type":"EntryPoint","urlTemplate":"https:\/\/www.organisator.ch\/?s={search_term_string}"},"query-input":{"@type":"PropertyValueSpecification","valueRequired":true,"valueName":"search_term_string"}}],"inLanguage":"it-IT"},{"@type":"Organization","@id":"https:\/\/www.organisator.ch\/#organization","name":"Organizzatore","url":"https:\/\/www.organisator.ch\/","logo":{"@type":"ImageObject","inLanguage":"it-IT","@id":"https:\/\/www.organisator.ch\/#\/schema\/logo\/image\/","url":"https:\/\/www.organisator.ch\/wp-content\/uploads\/2022\/01\/Logo_Organisator_Website.png","contentUrl":"https:\/\/www.organisator.ch\/wp-content\/uploads\/2022\/01\/Logo_Organisator_Website.png","width":800,"height":77,"caption":"Organisator"},"image":{"@id":"https:\/\/www.organisator.ch\/#\/schema\/logo\/image\/"},"sameAs":["https:\/\/www.facebook.com\/OrganisatorFachmagazin","https:\/\/www.linkedin.com\/showcase\/organisator-das-magazin-fr-kmu","https:\/\/www.xing.com\/news\/pages\/organisator-ch-695","https:\/\/www.youtube.com\/channel\/UCGP2Sq0iWaZwT3BdIAQFYpw"]},{"@type":"Person","@id":"https:\/\/www.organisator.ch\/#\/schema\/person\/afccda3a71c06d4be2ed9100dd163db7","name":"Dzana Muminovic","image":{"@type":"ImageObject","inLanguage":"it-IT","@id":"https:\/\/secure.gravatar.com\/avatar\/909c5c71aff4b38e88686f2ab2f1ba152571f394f41ed8bae431ea56ced93050?s=96&d=mm&r=g","url":"https:\/\/secure.gravatar.com\/avatar\/909c5c71aff4b38e88686f2ab2f1ba152571f394f41ed8bae431ea56ced93050?s=96&d=mm&r=g","contentUrl":"https:\/\/secure.gravatar.com\/avatar\/909c5c71aff4b38e88686f2ab2f1ba152571f394f41ed8bae431ea56ced93050?s=96&d=mm&r=g","caption":"Dzana Muminovic"},"url":"https:\/\/www.organisator.ch\/it\/author\/dzana-muminovic\/"}]}},"_links":{"self":[{"href":"https:\/\/www.organisator.ch\/it\/wp-json\/wp\/v2\/posts\/36845","targetHints":{"allow":["GET"]}}],"collection":[{"href":"https:\/\/www.organisator.ch\/it\/wp-json\/wp\/v2\/posts"}],"about":[{"href":"https:\/\/www.organisator.ch\/it\/wp-json\/wp\/v2\/types\/post"}],"author":[{"embeddable":true,"href":"https:\/\/www.organisator.ch\/it\/wp-json\/wp\/v2\/users\/80"}],"replies":[{"embeddable":true,"href":"https:\/\/www.organisator.ch\/it\/wp-json\/wp\/v2\/comments?post=36845"}],"version-history":[{"count":5,"href":"https:\/\/www.organisator.ch\/it\/wp-json\/wp\/v2\/posts\/36845\/revisions"}],"predecessor-version":[{"id":36876,"href":"https:\/\/www.organisator.ch\/it\/wp-json\/wp\/v2\/posts\/36845\/revisions\/36876"}],"wp:attachment":[{"href":"https:\/\/www.organisator.ch\/it\/wp-json\/wp\/v2\/media?parent=36845"}],"wp:term":[{"taxonomy":"category","embeddable":true,"href":"https:\/\/www.organisator.ch\/it\/wp-json\/wp\/v2\/categories?post=36845"},{"taxonomy":"post_tag","embeddable":true,"href":"https:\/\/www.organisator.ch\/it\/wp-json\/wp\/v2\/tags?post=36845"}],"curies":[{"name":"wp","href":"https:\/\/api.w.org\/{rel}","templated":true}]}}