{"id":3685,"date":"2018-05-29T13:27:37","date_gmt":"2018-05-29T11:27:37","guid":{"rendered":"https:\/\/www.organisator.ch\/?p=3685"},"modified":"2018-05-29T13:27:37","modified_gmt":"2018-05-29T11:27:37","slug":"bildungserfolg-juventus-schulen-feiern-100-jahr-jubilaeum","status":"publish","type":"post","link":"https:\/\/www.organisator.ch\/it\/allgemein\/2018-05-29\/bildungserfolg-juventus-schulen-feiern-100-jahr-jubilaeum\/","title":{"rendered":"Successo educativo: le scuole della Juventus festeggiano i 100 anni"},"content":{"rendered":"<figure id=\"attachment_3687\" aria-describedby=\"caption-attachment-3687\" style=\"width: 640px\" class=\"wp-caption alignnone\"><img loading=\"lazy\" decoding=\"async\" class=\"size-full wp-image-3687\" src=\"https:\/\/www.organisator.ch\/wp-content\/uploads\/2018\/05\/Bildungserfolg-Juventus-Schulen-feiern-100-Jahr-Jubilaeum_Organisator.jpg\" alt=\"\" width=\"640\" height=\"427\" srcset=\"https:\/\/www.organisator.ch\/wp-content\/uploads\/2018\/05\/Bildungserfolg-Juventus-Schulen-feiern-100-Jahr-Jubilaeum_Organisator.jpg 640w, https:\/\/www.organisator.ch\/wp-content\/uploads\/2018\/05\/Bildungserfolg-Juventus-Schulen-feiern-100-Jahr-Jubilaeum_Organisator-16x12.jpg 16w, https:\/\/www.organisator.ch\/wp-content\/uploads\/2018\/05\/Bildungserfolg-Juventus-Schulen-feiern-100-Jahr-Jubilaeum_Organisator-262x175.jpg 262w, https:\/\/www.organisator.ch\/wp-content\/uploads\/2018\/05\/Bildungserfolg-Juventus-Schulen-feiern-100-Jahr-Jubilaeum_Organisator-525x350.jpg 525w, https:\/\/www.organisator.ch\/wp-content\/uploads\/2018\/05\/Bildungserfolg-Juventus-Schulen-feiern-100-Jahr-Jubilaeum_Organisator-300x200.jpg 300w\" sizes=\"auto, (max-width: 640px) 100vw, 640px\" \/><figcaption id=\"caption-attachment-3687\" class=\"wp-caption-text\">La celebrazione dell'anniversario ha visto la partecipazione di numerosi artisti dal vivo e il campus delle Juventus Schools era gremito all'inverosimile. (Immagine: Juventus Schools)<\/figcaption><\/figure>\n<p>Esattamente cento anni fa, un gruppo di insegnanti impegnati si un\u00ec a Zurigo con persone interessate per fondare un ginnasio privato diurno per giovani e adulti, la Cooperativa degli insegnanti della Juventus. A soli due anni dalla sua fondazione, le scuole Juventus sono state le prime in Svizzera a offrire una scuola serale. Per la prima volta, gli adulti hanno potuto ottenere la maturit\u00e0 mentre lavoravano. Le Juventus Schools hanno assunto fin dall'inizio un ruolo pionieristico nel panorama educativo e hanno aperto la strada all'istruzione di seconda opportunit\u00e0 per giovani e adulti. Oggi \u00e8 una parte importante del panorama educativo svizzero.<\/p>\n<h2>La digitalizzazione come opportunit\u00e0<\/h2>\n<p>Anche le scuole Juventus stanno definendo nuovi standard in termini di digitalizzazione nel settore dell'istruzione: da agosto 2017, le lezioni si tengono nel nuovo campus educativo di Europaallee, proprio accanto ai binari della stazione ferroviaria principale di Zurigo. Pertanto, non si festeggia solo il 100\u00b0 compleanno della fondazione, ma anche l'inaugurazione del nuovo edificio scolastico. Lo \"JuveCampus\" dispone di attrezzature all'avanguardia con la massima etichetta Minergie e collega gli studenti 24 ore su 24 da qualsiasi parte del mondo direttamente ai materiali didattici elettronici, ai moduli di esercitazione e alla piattaforma di apprendimento.<\/p>\n<h2>Matin\u00e9e politica - Consapevolezza politica e impegno<\/h2>\n<p>\"Naturalmente chiediamo ai nostri studenti un elevato grado di responsabilit\u00e0 personale\", spiega Matthias R\u00fcegg, direttore di Juventus Schools. Nelle classi di educazione generale, gli studenti hanno studiato intensamente le questioni della democrazia e della partecipazione politica con insegnanti impegnati. Nella seconda matin\u00e9e politica, hanno avuto l'opportunit\u00e0 unica di mettere alla berlina i politici svizzeri con il quesito \"La politica sta deludendo i nostri giovani?\". Per quasi due ore, i politici hanno affrontato domande critiche. Nell'arena erano presenti Paul Rechsteiner (SP), Claudio Zanetti (SVP), Hans-Peter Portmann (FDP), Barbara Schmid-Federer (CVP), Sibel Arslan (GPS), Markus Bischoff (AL) e Heinz Pantli come voce liberale originale della Nuova Societ\u00e0 Elvetica. \"Il dibattito politico \u00e8 importante per noi perch\u00e9 rafforza la coesistenza democratica delle generazioni\", come chiarisce Matthias R\u00fcegg. \"I giovani dovrebbero imparare che sono parte del nostro panorama politico, nel quale dovrebbero diventare attivi loro stessi dopo il periodo di formazione\". Infatti, la scuola di Europaallee accompagna ogni anno circa 2.000 studenti nella loro formazione. Dalla sua fondazione, le scuole Juventus hanno gi\u00e0 formato decine di migliaia di allievi, e questo \u00e8 davvero un buon motivo per festeggiare.<\/p>\n<p><em><a href=\"http:\/\/www.juventus.ch\">Ulteriori informazioni<\/a><\/em><\/p>\n<p>&nbsp;<\/p>","protected":false},"excerpt":{"rendered":"<p>Vor genau hundert Jahren hat sich in Z\u00fcrich eine Gruppe engagierter Lehrpersonen mit interessierten Kreisen zusammengeschlossen, um als Lehrergenossenschaft Juventus ein privates Tagesgymnasium f\u00fcr Jugendliche und Erwachsene zu gr\u00fcnden. Bereits zwei Jahre nach der Gr\u00fcndung boten die Juventus Schulen \u2013 als erste Schule in der Schweiz \u2013 ein Abendgymnasium an. Damit konnte die Matura erstmals [&hellip;]<\/p>\n","protected":false},"author":4,"featured_media":3687,"comment_status":"open","ping_status":"open","sticky":false,"template":"","format":"standard","meta":{"_acf_changed":false,"_yoast_wpseo_focuskw":"Juventus Schulen","_yoast_wpseo_metadesc":"100 Jahre Bildung, 5 Live-Acts und \u00fcber 3'000 Besucher: Am Samstag, 26. Mai, wurde in den Juventus Schulen statt gelernt, ausgelassen gefeiert.","articlekey":"","footnotes":""},"categories":[1],"tags":[62,292,294,492],"class_list":["post-3685","post","type-post","status-publish","format-standard","has-post-thumbnail","hentry","category-allgemein","tag-aus-weiterbildung","tag-jubilaeum","tag-karriere","tag-unternehmen"],"acf":[],"yoast_head":"<!-- This site is optimized with the Yoast SEO plugin v27.4 - https:\/\/yoast.com\/product\/yoast-seo-wordpress\/ -->\n<title>Bildungserfolg: Juventus Schulen feiern 100-Jahr-Jubil\u00e4um - Organisator<\/title>\n<meta name=\"description\" content=\"100 Jahre Bildung, 5 Live-Acts und \u00fcber 3&#039;000 Besucher: Am Samstag, 26. Mai, wurde in den Juventus Schulen statt gelernt, ausgelassen gefeiert.\" \/>\n<meta name=\"robots\" content=\"index, follow, max-snippet:-1, max-image-preview:large, max-video-preview:-1\" \/>\n<link rel=\"canonical\" href=\"https:\/\/www.organisator.ch\/it\/generale\/2018-05-29\/bildungserfolg-juventus-schulen-feiern-100-jahr-jubilaeum\/\" \/>\n<meta property=\"og:locale\" content=\"it_IT\" \/>\n<meta property=\"og:type\" content=\"article\" \/>\n<meta property=\"og:title\" content=\"Bildungserfolg: Juventus Schulen feiern 100-Jahr-Jubil\u00e4um\" \/>\n<meta property=\"og:description\" content=\"100 Jahre Bildung, 5 #Live-Acts und \u00fcber 3&#039;000 Besucher: Am Samstag, 26. Mai, wurde in den #Juventus Schulen statt gelernt, ausgelassen gefeiert.\" \/>\n<meta property=\"og:url\" content=\"https:\/\/www.organisator.ch\/it\/generale\/2018-05-29\/bildungserfolg-juventus-schulen-feiern-100-jahr-jubilaeum\/\" \/>\n<meta property=\"og:site_name\" content=\"Organisator\" \/>\n<meta property=\"article:publisher\" content=\"https:\/\/www.facebook.com\/OrganisatorFachmagazin\" \/>\n<meta property=\"article:published_time\" content=\"2018-05-29T11:27:37+00:00\" \/>\n<meta property=\"og:image\" content=\"https:\/\/www.organisator.ch\/wp-content\/uploads\/2018\/05\/Bildungserfolg-Juventus-Schulen-feiern-100-Jahr-Jubilaeum_Organisator.jpg\" \/>\n\t<meta property=\"og:image:width\" content=\"640\" \/>\n\t<meta property=\"og:image:height\" content=\"427\" \/>\n\t<meta property=\"og:image:type\" content=\"image\/jpeg\" \/>\n<meta name=\"author\" content=\"thomas.berner\" \/>\n<meta name=\"twitter:card\" content=\"summary_large_image\" \/>\n<meta name=\"twitter:title\" content=\"#Bildungserfolg: #Juventus Schulen feiern 100-Jahr-Jubil\u00e4um\" \/>\n<meta name=\"twitter:description\" content=\"100 Jahre Bildung, 5 #Live-Acts und \u00fcber 3&#039;000 Besucher: Am Samstag, 26. Mai, wurde in den #Juventus Schulen statt gelernt, ausgelassen gefeiert.\" \/>\n<meta name=\"twitter:image\" content=\"https:\/\/www.organisator.ch\/wp-content\/uploads\/2018\/05\/Bildungserfolg-Juventus-Schulen-feiern-100-Jahr-Jubil\u00e4um_Organisator.jpg\" \/>\n<script type=\"application\/ld+json\" class=\"yoast-schema-graph\">{\"@context\":\"https:\\\/\\\/schema.org\",\"@graph\":[{\"@type\":\"Article\",\"@id\":\"https:\\\/\\\/www.organisator.ch\\\/en\\\/general\\\/2018-05-29\\\/bildungserfolg-juventus-schulen-feiern-100-jahr-jubilaeum\\\/#article\",\"isPartOf\":{\"@id\":\"https:\\\/\\\/www.organisator.ch\\\/en\\\/general\\\/2018-05-29\\\/bildungserfolg-juventus-schulen-feiern-100-jahr-jubilaeum\\\/\"},\"author\":{\"name\":\"thomas.berner\",\"@id\":\"https:\\\/\\\/www.organisator.ch\\\/#\\\/schema\\\/person\\\/6f650f90b2842cd4c0cc334b4e36f67e\"},\"headline\":\"Bildungserfolg: Juventus Schulen feiern 100-Jahr-Jubil\u00e4um\",\"datePublished\":\"2018-05-29T11:27:37+00:00\",\"mainEntityOfPage\":{\"@id\":\"https:\\\/\\\/www.organisator.ch\\\/en\\\/general\\\/2018-05-29\\\/bildungserfolg-juventus-schulen-feiern-100-jahr-jubilaeum\\\/\"},\"wordCount\":430,\"commentCount\":0,\"publisher\":{\"@id\":\"https:\\\/\\\/www.organisator.ch\\\/#organization\"},\"image\":{\"@id\":\"https:\\\/\\\/www.organisator.ch\\\/en\\\/general\\\/2018-05-29\\\/bildungserfolg-juventus-schulen-feiern-100-jahr-jubilaeum\\\/#primaryimage\"},\"thumbnailUrl\":\"https:\\\/\\\/www.organisator.ch\\\/wp-content\\\/uploads\\\/2018\\\/05\\\/Bildungserfolg-Juventus-Schulen-feiern-100-Jahr-Jubilaeum_Organisator.jpg\",\"keywords\":[\"Aus-\\\/Weiterbildung\",\"Jubil\u00e4um\",\"Karriere\",\"Unternehmen\"],\"articleSection\":[\"Allgemein\"],\"inLanguage\":\"it-IT\"},{\"@type\":\"WebPage\",\"@id\":\"https:\\\/\\\/www.organisator.ch\\\/en\\\/general\\\/2018-05-29\\\/bildungserfolg-juventus-schulen-feiern-100-jahr-jubilaeum\\\/\",\"url\":\"https:\\\/\\\/www.organisator.ch\\\/en\\\/general\\\/2018-05-29\\\/bildungserfolg-juventus-schulen-feiern-100-jahr-jubilaeum\\\/\",\"name\":\"Bildungserfolg: Juventus Schulen feiern 100-Jahr-Jubil\u00e4um - Organisator\",\"isPartOf\":{\"@id\":\"https:\\\/\\\/www.organisator.ch\\\/#website\"},\"primaryImageOfPage\":{\"@id\":\"https:\\\/\\\/www.organisator.ch\\\/en\\\/general\\\/2018-05-29\\\/bildungserfolg-juventus-schulen-feiern-100-jahr-jubilaeum\\\/#primaryimage\"},\"image\":{\"@id\":\"https:\\\/\\\/www.organisator.ch\\\/en\\\/general\\\/2018-05-29\\\/bildungserfolg-juventus-schulen-feiern-100-jahr-jubilaeum\\\/#primaryimage\"},\"thumbnailUrl\":\"https:\\\/\\\/www.organisator.ch\\\/wp-content\\\/uploads\\\/2018\\\/05\\\/Bildungserfolg-Juventus-Schulen-feiern-100-Jahr-Jubilaeum_Organisator.jpg\",\"datePublished\":\"2018-05-29T11:27:37+00:00\",\"description\":\"100 Jahre Bildung, 5 Live-Acts und \u00fcber 3'000 Besucher: Am Samstag, 26. Mai, wurde in den Juventus Schulen statt gelernt, ausgelassen gefeiert.\",\"breadcrumb\":{\"@id\":\"https:\\\/\\\/www.organisator.ch\\\/en\\\/general\\\/2018-05-29\\\/bildungserfolg-juventus-schulen-feiern-100-jahr-jubilaeum\\\/#breadcrumb\"},\"inLanguage\":\"it-IT\",\"potentialAction\":[{\"@type\":\"ReadAction\",\"target\":[\"https:\\\/\\\/www.organisator.ch\\\/en\\\/general\\\/2018-05-29\\\/bildungserfolg-juventus-schulen-feiern-100-jahr-jubilaeum\\\/\"]}]},{\"@type\":\"ImageObject\",\"inLanguage\":\"it-IT\",\"@id\":\"https:\\\/\\\/www.organisator.ch\\\/en\\\/general\\\/2018-05-29\\\/bildungserfolg-juventus-schulen-feiern-100-jahr-jubilaeum\\\/#primaryimage\",\"url\":\"https:\\\/\\\/www.organisator.ch\\\/wp-content\\\/uploads\\\/2018\\\/05\\\/Bildungserfolg-Juventus-Schulen-feiern-100-Jahr-Jubilaeum_Organisator.jpg\",\"contentUrl\":\"https:\\\/\\\/www.organisator.ch\\\/wp-content\\\/uploads\\\/2018\\\/05\\\/Bildungserfolg-Juventus-Schulen-feiern-100-Jahr-Jubilaeum_Organisator.jpg\",\"width\":640,\"height\":427,\"caption\":\"Das Fest zum Jubil\u00e4um wartete mit zahlreichen Live-Acts auf, der Campus der Juventus Schulen war zum Bersten voll. (Bild: Juventus Schulen)\"},{\"@type\":\"BreadcrumbList\",\"@id\":\"https:\\\/\\\/www.organisator.ch\\\/en\\\/general\\\/2018-05-29\\\/bildungserfolg-juventus-schulen-feiern-100-jahr-jubilaeum\\\/#breadcrumb\",\"itemListElement\":[{\"@type\":\"ListItem\",\"position\":1,\"name\":\"Home\",\"item\":\"https:\\\/\\\/www.organisator.ch\\\/\"},{\"@type\":\"ListItem\",\"position\":2,\"name\":\"Bildungserfolg: Juventus Schulen feiern 100-Jahr-Jubil\u00e4um\"}]},{\"@type\":\"WebSite\",\"@id\":\"https:\\\/\\\/www.organisator.ch\\\/#website\",\"url\":\"https:\\\/\\\/www.organisator.ch\\\/\",\"name\":\"Organisator\",\"description\":\"Kompetent. Praxisnah. Der ORGANISATOR bereitet in 10 Ausgaben pro Jahr die wesentlichen Themen f\u00fcr F\u00fchrungskr\u00e4fte von KMU auf.\",\"publisher\":{\"@id\":\"https:\\\/\\\/www.organisator.ch\\\/#organization\"},\"potentialAction\":[{\"@type\":\"SearchAction\",\"target\":{\"@type\":\"EntryPoint\",\"urlTemplate\":\"https:\\\/\\\/www.organisator.ch\\\/?s={search_term_string}\"},\"query-input\":{\"@type\":\"PropertyValueSpecification\",\"valueRequired\":true,\"valueName\":\"search_term_string\"}}],\"inLanguage\":\"it-IT\"},{\"@type\":\"Organization\",\"@id\":\"https:\\\/\\\/www.organisator.ch\\\/#organization\",\"name\":\"Organisator\",\"url\":\"https:\\\/\\\/www.organisator.ch\\\/\",\"logo\":{\"@type\":\"ImageObject\",\"inLanguage\":\"it-IT\",\"@id\":\"https:\\\/\\\/www.organisator.ch\\\/#\\\/schema\\\/logo\\\/image\\\/\",\"url\":\"https:\\\/\\\/www.organisator.ch\\\/wp-content\\\/uploads\\\/2022\\\/01\\\/Logo_Organisator_Website.png\",\"contentUrl\":\"https:\\\/\\\/www.organisator.ch\\\/wp-content\\\/uploads\\\/2022\\\/01\\\/Logo_Organisator_Website.png\",\"width\":800,\"height\":77,\"caption\":\"Organisator\"},\"image\":{\"@id\":\"https:\\\/\\\/www.organisator.ch\\\/#\\\/schema\\\/logo\\\/image\\\/\"},\"sameAs\":[\"https:\\\/\\\/www.facebook.com\\\/OrganisatorFachmagazin\",\"https:\\\/\\\/www.linkedin.com\\\/showcase\\\/organisator-das-magazin-fr-kmu\",\"https:\\\/\\\/www.xing.com\\\/news\\\/pages\\\/organisator-ch-695\",\"https:\\\/\\\/www.youtube.com\\\/channel\\\/UCGP2Sq0iWaZwT3BdIAQFYpw\"]},{\"@type\":\"Person\",\"@id\":\"https:\\\/\\\/www.organisator.ch\\\/#\\\/schema\\\/person\\\/6f650f90b2842cd4c0cc334b4e36f67e\",\"name\":\"thomas.berner\",\"image\":{\"@type\":\"ImageObject\",\"inLanguage\":\"it-IT\",\"@id\":\"https:\\\/\\\/secure.gravatar.com\\\/avatar\\\/ac5001d2a36cb6c6cd3e50789007ffca834b477b74a2144564522e944eabff61?s=96&d=mm&r=g\",\"url\":\"https:\\\/\\\/secure.gravatar.com\\\/avatar\\\/ac5001d2a36cb6c6cd3e50789007ffca834b477b74a2144564522e944eabff61?s=96&d=mm&r=g\",\"contentUrl\":\"https:\\\/\\\/secure.gravatar.com\\\/avatar\\\/ac5001d2a36cb6c6cd3e50789007ffca834b477b74a2144564522e944eabff61?s=96&d=mm&r=g\",\"caption\":\"thomas.berner\"},\"url\":\"https:\\\/\\\/www.organisator.ch\\\/it\\\/author\\\/thomas-berner\\\/\"}]}<\/script>\n<!-- \/ Yoast SEO plugin. -->","yoast_head_json":{"title":"Successo educativo: le scuole della Juventus festeggiano i 100 anni - Organizzatore","description":"100 anni di educazione, 5 spettacoli dal vivo e oltre 3.000 visitatori: sabato 26 maggio, invece di imparare, le scuole della Juventus hanno festeggiato in modo esuberante.","robots":{"index":"index","follow":"follow","max-snippet":"max-snippet:-1","max-image-preview":"max-image-preview:large","max-video-preview":"max-video-preview:-1"},"canonical":"https:\/\/www.organisator.ch\/it\/generale\/2018-05-29\/bildungserfolg-juventus-schulen-feiern-100-jahr-jubilaeum\/","og_locale":"it_IT","og_type":"article","og_title":"Bildungserfolg: Juventus Schulen feiern 100-Jahr-Jubil\u00e4um","og_description":"100 Jahre Bildung, 5 #Live-Acts und \u00fcber 3'000 Besucher: Am Samstag, 26. Mai, wurde in den #Juventus Schulen statt gelernt, ausgelassen gefeiert.","og_url":"https:\/\/www.organisator.ch\/it\/generale\/2018-05-29\/bildungserfolg-juventus-schulen-feiern-100-jahr-jubilaeum\/","og_site_name":"Organisator","article_publisher":"https:\/\/www.facebook.com\/OrganisatorFachmagazin","article_published_time":"2018-05-29T11:27:37+00:00","og_image":[{"width":640,"height":427,"url":"https:\/\/www.organisator.ch\/wp-content\/uploads\/2018\/05\/Bildungserfolg-Juventus-Schulen-feiern-100-Jahr-Jubilaeum_Organisator.jpg","type":"image\/jpeg"}],"author":"thomas.berner","twitter_card":"summary_large_image","twitter_title":"#Bildungserfolg: #Juventus Schulen feiern 100-Jahr-Jubil\u00e4um","twitter_description":"100 Jahre Bildung, 5 #Live-Acts und \u00fcber 3'000 Besucher: Am Samstag, 26. Mai, wurde in den #Juventus Schulen statt gelernt, ausgelassen gefeiert.","twitter_image":"https:\/\/www.organisator.ch\/wp-content\/uploads\/2018\/05\/Bildungserfolg-Juventus-Schulen-feiern-100-Jahr-Jubil\u00e4um_Organisator.jpg","schema":{"@context":"https:\/\/schema.org","@graph":[{"@type":"Article","@id":"https:\/\/www.organisator.ch\/en\/general\/2018-05-29\/bildungserfolg-juventus-schulen-feiern-100-jahr-jubilaeum\/#article","isPartOf":{"@id":"https:\/\/www.organisator.ch\/en\/general\/2018-05-29\/bildungserfolg-juventus-schulen-feiern-100-jahr-jubilaeum\/"},"author":{"name":"thomas.berner","@id":"https:\/\/www.organisator.ch\/#\/schema\/person\/6f650f90b2842cd4c0cc334b4e36f67e"},"headline":"Bildungserfolg: Juventus Schulen feiern 100-Jahr-Jubil\u00e4um","datePublished":"2018-05-29T11:27:37+00:00","mainEntityOfPage":{"@id":"https:\/\/www.organisator.ch\/en\/general\/2018-05-29\/bildungserfolg-juventus-schulen-feiern-100-jahr-jubilaeum\/"},"wordCount":430,"commentCount":0,"publisher":{"@id":"https:\/\/www.organisator.ch\/#organization"},"image":{"@id":"https:\/\/www.organisator.ch\/en\/general\/2018-05-29\/bildungserfolg-juventus-schulen-feiern-100-jahr-jubilaeum\/#primaryimage"},"thumbnailUrl":"https:\/\/www.organisator.ch\/wp-content\/uploads\/2018\/05\/Bildungserfolg-Juventus-Schulen-feiern-100-Jahr-Jubilaeum_Organisator.jpg","keywords":["Aus-\/Weiterbildung","Jubil\u00e4um","Karriere","Unternehmen"],"articleSection":["Allgemein"],"inLanguage":"it-IT"},{"@type":"WebPage","@id":"https:\/\/www.organisator.ch\/en\/general\/2018-05-29\/bildungserfolg-juventus-schulen-feiern-100-jahr-jubilaeum\/","url":"https:\/\/www.organisator.ch\/en\/general\/2018-05-29\/bildungserfolg-juventus-schulen-feiern-100-jahr-jubilaeum\/","name":"Successo educativo: le scuole della Juventus festeggiano i 100 anni - Organizzatore","isPartOf":{"@id":"https:\/\/www.organisator.ch\/#website"},"primaryImageOfPage":{"@id":"https:\/\/www.organisator.ch\/en\/general\/2018-05-29\/bildungserfolg-juventus-schulen-feiern-100-jahr-jubilaeum\/#primaryimage"},"image":{"@id":"https:\/\/www.organisator.ch\/en\/general\/2018-05-29\/bildungserfolg-juventus-schulen-feiern-100-jahr-jubilaeum\/#primaryimage"},"thumbnailUrl":"https:\/\/www.organisator.ch\/wp-content\/uploads\/2018\/05\/Bildungserfolg-Juventus-Schulen-feiern-100-Jahr-Jubilaeum_Organisator.jpg","datePublished":"2018-05-29T11:27:37+00:00","description":"100 anni di educazione, 5 spettacoli dal vivo e oltre 3.000 visitatori: sabato 26 maggio, invece di imparare, le scuole della Juventus hanno festeggiato in modo esuberante.","breadcrumb":{"@id":"https:\/\/www.organisator.ch\/en\/general\/2018-05-29\/bildungserfolg-juventus-schulen-feiern-100-jahr-jubilaeum\/#breadcrumb"},"inLanguage":"it-IT","potentialAction":[{"@type":"ReadAction","target":["https:\/\/www.organisator.ch\/en\/general\/2018-05-29\/bildungserfolg-juventus-schulen-feiern-100-jahr-jubilaeum\/"]}]},{"@type":"ImageObject","inLanguage":"it-IT","@id":"https:\/\/www.organisator.ch\/en\/general\/2018-05-29\/bildungserfolg-juventus-schulen-feiern-100-jahr-jubilaeum\/#primaryimage","url":"https:\/\/www.organisator.ch\/wp-content\/uploads\/2018\/05\/Bildungserfolg-Juventus-Schulen-feiern-100-Jahr-Jubilaeum_Organisator.jpg","contentUrl":"https:\/\/www.organisator.ch\/wp-content\/uploads\/2018\/05\/Bildungserfolg-Juventus-Schulen-feiern-100-Jahr-Jubilaeum_Organisator.jpg","width":640,"height":427,"caption":"Das Fest zum Jubil\u00e4um wartete mit zahlreichen Live-Acts auf, der Campus der Juventus Schulen war zum Bersten voll. (Bild: Juventus Schulen)"},{"@type":"BreadcrumbList","@id":"https:\/\/www.organisator.ch\/en\/general\/2018-05-29\/bildungserfolg-juventus-schulen-feiern-100-jahr-jubilaeum\/#breadcrumb","itemListElement":[{"@type":"ListItem","position":1,"name":"Home","item":"https:\/\/www.organisator.ch\/"},{"@type":"ListItem","position":2,"name":"Bildungserfolg: Juventus Schulen feiern 100-Jahr-Jubil\u00e4um"}]},{"@type":"WebSite","@id":"https:\/\/www.organisator.ch\/#website","url":"https:\/\/www.organisator.ch\/","name":"Organizzatore","description":"Competente. Pratico. In 10 numeri all'anno, ORGANISATOR presenta i temi essenziali per i manager delle PMI.","publisher":{"@id":"https:\/\/www.organisator.ch\/#organization"},"potentialAction":[{"@type":"SearchAction","target":{"@type":"EntryPoint","urlTemplate":"https:\/\/www.organisator.ch\/?s={search_term_string}"},"query-input":{"@type":"PropertyValueSpecification","valueRequired":true,"valueName":"search_term_string"}}],"inLanguage":"it-IT"},{"@type":"Organization","@id":"https:\/\/www.organisator.ch\/#organization","name":"Organizzatore","url":"https:\/\/www.organisator.ch\/","logo":{"@type":"ImageObject","inLanguage":"it-IT","@id":"https:\/\/www.organisator.ch\/#\/schema\/logo\/image\/","url":"https:\/\/www.organisator.ch\/wp-content\/uploads\/2022\/01\/Logo_Organisator_Website.png","contentUrl":"https:\/\/www.organisator.ch\/wp-content\/uploads\/2022\/01\/Logo_Organisator_Website.png","width":800,"height":77,"caption":"Organisator"},"image":{"@id":"https:\/\/www.organisator.ch\/#\/schema\/logo\/image\/"},"sameAs":["https:\/\/www.facebook.com\/OrganisatorFachmagazin","https:\/\/www.linkedin.com\/showcase\/organisator-das-magazin-fr-kmu","https:\/\/www.xing.com\/news\/pages\/organisator-ch-695","https:\/\/www.youtube.com\/channel\/UCGP2Sq0iWaZwT3BdIAQFYpw"]},{"@type":"Person","@id":"https:\/\/www.organisator.ch\/#\/schema\/person\/6f650f90b2842cd4c0cc334b4e36f67e","name":"Tommaso.berner","image":{"@type":"ImageObject","inLanguage":"it-IT","@id":"https:\/\/secure.gravatar.com\/avatar\/ac5001d2a36cb6c6cd3e50789007ffca834b477b74a2144564522e944eabff61?s=96&d=mm&r=g","url":"https:\/\/secure.gravatar.com\/avatar\/ac5001d2a36cb6c6cd3e50789007ffca834b477b74a2144564522e944eabff61?s=96&d=mm&r=g","contentUrl":"https:\/\/secure.gravatar.com\/avatar\/ac5001d2a36cb6c6cd3e50789007ffca834b477b74a2144564522e944eabff61?s=96&d=mm&r=g","caption":"thomas.berner"},"url":"https:\/\/www.organisator.ch\/it\/author\/thomas-berner\/"}]}},"_links":{"self":[{"href":"https:\/\/www.organisator.ch\/it\/wp-json\/wp\/v2\/posts\/3685","targetHints":{"allow":["GET"]}}],"collection":[{"href":"https:\/\/www.organisator.ch\/it\/wp-json\/wp\/v2\/posts"}],"about":[{"href":"https:\/\/www.organisator.ch\/it\/wp-json\/wp\/v2\/types\/post"}],"author":[{"embeddable":true,"href":"https:\/\/www.organisator.ch\/it\/wp-json\/wp\/v2\/users\/4"}],"replies":[{"embeddable":true,"href":"https:\/\/www.organisator.ch\/it\/wp-json\/wp\/v2\/comments?post=3685"}],"version-history":[{"count":0,"href":"https:\/\/www.organisator.ch\/it\/wp-json\/wp\/v2\/posts\/3685\/revisions"}],"wp:featuredmedia":[{"embeddable":true,"href":"https:\/\/www.organisator.ch\/it\/wp-json\/wp\/v2\/media\/3687"}],"wp:attachment":[{"href":"https:\/\/www.organisator.ch\/it\/wp-json\/wp\/v2\/media?parent=3685"}],"wp:term":[{"taxonomy":"category","embeddable":true,"href":"https:\/\/www.organisator.ch\/it\/wp-json\/wp\/v2\/categories?post=3685"},{"taxonomy":"post_tag","embeddable":true,"href":"https:\/\/www.organisator.ch\/it\/wp-json\/wp\/v2\/tags?post=3685"}],"curies":[{"name":"wp","href":"https:\/\/api.w.org\/{rel}","templated":true}]}}