{"id":36951,"date":"2025-03-17T13:45:03","date_gmt":"2025-03-17T12:45:03","guid":{"rendered":"https:\/\/www.markt-kom.com\/?p=231994"},"modified":"2025-03-17T13:46:28","modified_gmt":"2025-03-17T12:46:28","slug":"hwz-valerio-stallone-leitet-neu-das-departement-marketing-digital","status":"publish","type":"post","link":"https:\/\/www.organisator.ch\/it\/marketing\/2025-03-17\/hwz-valerio-stallone-leitet-neu-das-departement-marketing-digital\/","title":{"rendered":"HWZ: Valerio Stallone \u00e8 il nuovo responsabile del Dipartimento Marketing &amp; Digital"},"content":{"rendered":"<figure id=\"attachment_231995\" class=\"wp-caption aligncenter\" style=\"width: 1200px;\" aria-describedby=\"caption-attachment-231995\"><a href=\"https:\/\/www.markt-kom.com\/wp-content\/uploads\/2025\/03\/Valerio-Stallone-HWZ.jpg\"><img class=\"size-full wp-image-231995\" src=\"https:\/\/www.markt-kom.com\/wp-content\/uploads\/2025\/03\/Valerio-Stallone-HWZ.jpg\" sizes=\"(max-width: 1200px) 100vw, 1200px\" srcset=\"https:\/\/www.markt-kom.com\/wp-content\/uploads\/2025\/03\/Valerio-Stallone-HWZ.jpg 1200w, https:\/\/www.markt-kom.com\/wp-content\/uploads\/2025\/03\/Valerio-Stallone-HWZ-600x450.jpg 600w, https:\/\/www.markt-kom.com\/wp-content\/uploads\/2025\/03\/Valerio-Stallone-HWZ-1024x768.jpg 1024w, https:\/\/www.markt-kom.com\/wp-content\/uploads\/2025\/03\/Valerio-Stallone-HWZ-768x576.jpg 768w, https:\/\/www.markt-kom.com\/wp-content\/uploads\/2025\/03\/Valerio-Stallone-HWZ-16x12.jpg 16w, https:\/\/www.markt-kom.com\/wp-content\/uploads\/2025\/03\/Valerio-Stallone-HWZ-233x175.jpg 233w, https:\/\/www.markt-kom.com\/wp-content\/uploads\/2025\/03\/Valerio-Stallone-HWZ-467x350.jpg 467w, https:\/\/www.markt-kom.com\/wp-content\/uploads\/2025\/03\/Valerio-Stallone-HWZ-1000x750.jpg 1000w\" alt=\"\" width=\"1200\" height=\"900\" \/><\/a>\r\n<figcaption id=\"caption-attachment-231995\" class=\"wp-caption-text\">(Immagine: zVg.)<\/figcaption>\r\n<\/figure>\r\n<p>Prima di trasferirsi all'HWZ, Stallone ha lavorato come direttore di corso e docente presso la ZHAW School of Management and Law, dove ha condotto programmi di insegnamento e ricerca sull'interfaccia tra marketing e tecnologia. La sua attenzione \u00e8 sempre stata rivolta al trasferimento della scienza nella pratica. Grazie alla sua esperienza e alla sua forza innovativa, ora guider\u00e0 l'ulteriore sviluppo del dipartimento Marketing &amp; Digital della HWZ.<\/p>\r\n<p>\"Sar\u00e0 un onore per me creare un ambiente presso l'HWZ in cui combinare l'esperienza di mercato con una reale sensibilit\u00e0 per il futuro\", afferma Stallone a proposito del suo nuovo ruolo. \"Pongo l'accento su un approccio esterno e sull'integrazione coerente delle innovazioni digitali, senza perdere di vista il fattore umano\".<\/p>\r\n<p>Il rettore dell'HWZ, Brian R\u00fceger, sottolinea l'importanza di questa nuova nomina: \"Il mio obiettivo \u00e8 quello di abbattere i silos e stabilire un modo di pensare in rete per trovare risposte innovative e sostenibili alle sfide tecnologiche ed economiche come universit\u00e0. Con Valerio Stallone abbiamo un manager impegnato che combina con successo teoria e pratica e che dar\u00e0 un impulso prezioso all'HWZ\".<\/p>\r\n<p>Stallone ha conseguito un Master in Management &amp; Economics presso l'Universit\u00e0 di Zurigo, un dottorato in Marketing presso l'Universit\u00e0 di Maastricht e un CAS in Didattica universitaria presso la ZHAW.<\/p>\r\n<p>Ha iniziato la sua carriera come Account Manager presso Webrepublic. In seguito \u00e8 diventato responsabile del marketing e della comunicazione di Selfnation (RealLook), dove era responsabile della strategia di marketing per la regione DACH. Si \u00e8 poi trasferito ad Ava, dove \u00e8 passato da Digital Marketer a Marketing Director Europe e ha guidato un team internazionale.<\/p>","protected":false},"excerpt":{"rendered":"<p>Il dottor Valerio Stallone assumer\u00e0 la direzione del Dipartimento di Marketing e Digitale dell'HWZ a partire dal 1\u00b0 maggio. Egli porta con s\u00e9 una vasta esperienza nei settori del marketing digitale e del MarTech.<\/p>","protected":false},"author":8,"featured_media":0,"comment_status":"closed","ping_status":"closed","sticky":false,"template":"","format":"standard","meta":{"_acf_changed":false,"_yoast_wpseo_focuskw":"Valerio Stallone HWZ","_yoast_wpseo_metadesc":"Dr. Valerio Stallone \u00fcbernimmt ab Mai die Leitung des Departements Marketing & Digital an der HWZ und bringt viel MarTech-Erfahrung mit.","articlekey":"","footnotes":""},"categories":[29],"tags":[1382,2853,4343,518],"class_list":["post-36951","post","type-post","status-publish","format-standard","hentry","category-marketing","tag-hwz","tag-jobchange","tag-markom","tag-weiterbildung"],"acf":[],"yoast_head":"<!-- This site is optimized with the Yoast SEO plugin v27.5 - https:\/\/yoast.com\/product\/yoast-seo-wordpress\/ -->\n<title>HWZ: Valerio Stallone leitet neu das Departement Marketing &amp; Digital - Organisator<\/title>\n<meta name=\"description\" content=\"Dr. Valerio Stallone \u00fcbernimmt ab Mai die Leitung des Departements Marketing &amp; Digital an der HWZ und bringt viel MarTech-Erfahrung mit.\" \/>\n<meta name=\"robots\" content=\"index, follow, max-snippet:-1, max-image-preview:large, max-video-preview:-1\" \/>\n<link rel=\"canonical\" href=\"https:\/\/www.organisator.ch\/it\/marketing\/2025-03-17\/hwz-valerio-stallone-leitet-neu-das-departement-marketing-digital\/\" \/>\n<meta property=\"og:locale\" content=\"it_IT\" \/>\n<meta property=\"og:type\" content=\"article\" \/>\n<meta property=\"og:title\" content=\"HWZ: Valerio Stallone leitet neu das Departement Marketing &amp; Digital - Organisator\" \/>\n<meta property=\"og:description\" content=\"Dr. Valerio Stallone \u00fcbernimmt ab Mai die Leitung des Departements Marketing &amp; Digital an der HWZ und bringt viel MarTech-Erfahrung mit.\" \/>\n<meta property=\"og:url\" content=\"https:\/\/www.organisator.ch\/it\/marketing\/2025-03-17\/hwz-valerio-stallone-leitet-neu-das-departement-marketing-digital\/\" \/>\n<meta property=\"og:site_name\" content=\"Organisator\" \/>\n<meta property=\"article:publisher\" content=\"https:\/\/www.facebook.com\/OrganisatorFachmagazin\" \/>\n<meta property=\"article:published_time\" content=\"2025-03-17T12:45:03+00:00\" \/>\n<meta property=\"article:modified_time\" content=\"2025-03-17T12:46:28+00:00\" \/>\n<meta name=\"author\" content=\"galledia\" \/>\n<meta name=\"twitter:card\" content=\"summary_large_image\" \/>\n<meta name=\"twitter:creator\" content=\"@admin\" \/>\n<script type=\"application\/ld+json\" class=\"yoast-schema-graph\">{\"@context\":\"https:\\\/\\\/schema.org\",\"@graph\":[{\"@type\":\"Article\",\"@id\":\"https:\\\/\\\/www.organisator.ch\\\/marketing\\\/2025-03-17\\\/hwz-valerio-stallone-leitet-neu-das-departement-marketing-digital\\\/#article\",\"isPartOf\":{\"@id\":\"https:\\\/\\\/www.organisator.ch\\\/marketing\\\/2025-03-17\\\/hwz-valerio-stallone-leitet-neu-das-departement-marketing-digital\\\/\"},\"author\":{\"name\":\"galledia\",\"@id\":\"https:\\\/\\\/www.organisator.ch\\\/#\\\/schema\\\/person\\\/4e51799071cd2dd1232ac003643ef5f0\"},\"headline\":\"HWZ: Valerio Stallone leitet neu das Departement Marketing &amp; Digital\",\"datePublished\":\"2025-03-17T12:45:03+00:00\",\"dateModified\":\"2025-03-17T12:46:28+00:00\",\"mainEntityOfPage\":{\"@id\":\"https:\\\/\\\/www.organisator.ch\\\/marketing\\\/2025-03-17\\\/hwz-valerio-stallone-leitet-neu-das-departement-marketing-digital\\\/\"},\"wordCount\":270,\"publisher\":{\"@id\":\"https:\\\/\\\/www.organisator.ch\\\/#organization\"},\"image\":{\"@id\":\"https:\\\/\\\/www.organisator.ch\\\/marketing\\\/2025-03-17\\\/hwz-valerio-stallone-leitet-neu-das-departement-marketing-digital\\\/#primaryimage\"},\"thumbnailUrl\":\"https:\\\/\\\/www.markt-kom.com\\\/wp-content\\\/uploads\\\/2025\\\/03\\\/Valerio-Stallone-HWZ.jpg\",\"keywords\":[\"HWZ\",\"Jobchange\",\"MarKom\",\"Weiterbildung\"],\"articleSection\":[\"MARKETING\"],\"inLanguage\":\"it-IT\"},{\"@type\":\"WebPage\",\"@id\":\"https:\\\/\\\/www.organisator.ch\\\/marketing\\\/2025-03-17\\\/hwz-valerio-stallone-leitet-neu-das-departement-marketing-digital\\\/\",\"url\":\"https:\\\/\\\/www.organisator.ch\\\/marketing\\\/2025-03-17\\\/hwz-valerio-stallone-leitet-neu-das-departement-marketing-digital\\\/\",\"name\":\"HWZ: Valerio Stallone leitet neu das Departement Marketing &amp; Digital - Organisator\",\"isPartOf\":{\"@id\":\"https:\\\/\\\/www.organisator.ch\\\/#website\"},\"primaryImageOfPage\":{\"@id\":\"https:\\\/\\\/www.organisator.ch\\\/marketing\\\/2025-03-17\\\/hwz-valerio-stallone-leitet-neu-das-departement-marketing-digital\\\/#primaryimage\"},\"image\":{\"@id\":\"https:\\\/\\\/www.organisator.ch\\\/marketing\\\/2025-03-17\\\/hwz-valerio-stallone-leitet-neu-das-departement-marketing-digital\\\/#primaryimage\"},\"thumbnailUrl\":\"https:\\\/\\\/www.markt-kom.com\\\/wp-content\\\/uploads\\\/2025\\\/03\\\/Valerio-Stallone-HWZ.jpg\",\"datePublished\":\"2025-03-17T12:45:03+00:00\",\"dateModified\":\"2025-03-17T12:46:28+00:00\",\"description\":\"Dr. Valerio Stallone \u00fcbernimmt ab Mai die Leitung des Departements Marketing & Digital an der HWZ und bringt viel MarTech-Erfahrung mit.\",\"breadcrumb\":{\"@id\":\"https:\\\/\\\/www.organisator.ch\\\/marketing\\\/2025-03-17\\\/hwz-valerio-stallone-leitet-neu-das-departement-marketing-digital\\\/#breadcrumb\"},\"inLanguage\":\"it-IT\",\"potentialAction\":[{\"@type\":\"ReadAction\",\"target\":[\"https:\\\/\\\/www.organisator.ch\\\/marketing\\\/2025-03-17\\\/hwz-valerio-stallone-leitet-neu-das-departement-marketing-digital\\\/\"]}]},{\"@type\":\"ImageObject\",\"inLanguage\":\"it-IT\",\"@id\":\"https:\\\/\\\/www.organisator.ch\\\/marketing\\\/2025-03-17\\\/hwz-valerio-stallone-leitet-neu-das-departement-marketing-digital\\\/#primaryimage\",\"url\":\"https:\\\/\\\/www.markt-kom.com\\\/wp-content\\\/uploads\\\/2025\\\/03\\\/Valerio-Stallone-HWZ.jpg\",\"contentUrl\":\"https:\\\/\\\/www.markt-kom.com\\\/wp-content\\\/uploads\\\/2025\\\/03\\\/Valerio-Stallone-HWZ.jpg\"},{\"@type\":\"BreadcrumbList\",\"@id\":\"https:\\\/\\\/www.organisator.ch\\\/marketing\\\/2025-03-17\\\/hwz-valerio-stallone-leitet-neu-das-departement-marketing-digital\\\/#breadcrumb\",\"itemListElement\":[{\"@type\":\"ListItem\",\"position\":1,\"name\":\"Home\",\"item\":\"https:\\\/\\\/www.organisator.ch\\\/\"},{\"@type\":\"ListItem\",\"position\":2,\"name\":\"HWZ: Valerio Stallone leitet neu das Departement Marketing &amp; Digital\"}]},{\"@type\":\"WebSite\",\"@id\":\"https:\\\/\\\/www.organisator.ch\\\/#website\",\"url\":\"https:\\\/\\\/www.organisator.ch\\\/\",\"name\":\"Organisator\",\"description\":\"Kompetent. Praxisnah. Der ORGANISATOR bereitet in 10 Ausgaben pro Jahr die wesentlichen Themen f\u00fcr F\u00fchrungskr\u00e4fte von KMU auf.\",\"publisher\":{\"@id\":\"https:\\\/\\\/www.organisator.ch\\\/#organization\"},\"potentialAction\":[{\"@type\":\"SearchAction\",\"target\":{\"@type\":\"EntryPoint\",\"urlTemplate\":\"https:\\\/\\\/www.organisator.ch\\\/?s={search_term_string}\"},\"query-input\":{\"@type\":\"PropertyValueSpecification\",\"valueRequired\":true,\"valueName\":\"search_term_string\"}}],\"inLanguage\":\"it-IT\"},{\"@type\":\"Organization\",\"@id\":\"https:\\\/\\\/www.organisator.ch\\\/#organization\",\"name\":\"Organisator\",\"url\":\"https:\\\/\\\/www.organisator.ch\\\/\",\"logo\":{\"@type\":\"ImageObject\",\"inLanguage\":\"it-IT\",\"@id\":\"https:\\\/\\\/www.organisator.ch\\\/#\\\/schema\\\/logo\\\/image\\\/\",\"url\":\"https:\\\/\\\/www.organisator.ch\\\/wp-content\\\/uploads\\\/2022\\\/01\\\/Logo_Organisator_Website.png\",\"contentUrl\":\"https:\\\/\\\/www.organisator.ch\\\/wp-content\\\/uploads\\\/2022\\\/01\\\/Logo_Organisator_Website.png\",\"width\":800,\"height\":77,\"caption\":\"Organisator\"},\"image\":{\"@id\":\"https:\\\/\\\/www.organisator.ch\\\/#\\\/schema\\\/logo\\\/image\\\/\"},\"sameAs\":[\"https:\\\/\\\/www.facebook.com\\\/OrganisatorFachmagazin\",\"https:\\\/\\\/www.linkedin.com\\\/showcase\\\/organisator-das-magazin-fr-kmu\",\"https:\\\/\\\/www.xing.com\\\/news\\\/pages\\\/organisator-ch-695\",\"https:\\\/\\\/www.youtube.com\\\/channel\\\/UCGP2Sq0iWaZwT3BdIAQFYpw\"]},{\"@type\":\"Person\",\"@id\":\"https:\\\/\\\/www.organisator.ch\\\/#\\\/schema\\\/person\\\/4e51799071cd2dd1232ac003643ef5f0\",\"name\":\"galledia\",\"image\":{\"@type\":\"ImageObject\",\"inLanguage\":\"it-IT\",\"@id\":\"https:\\\/\\\/secure.gravatar.com\\\/avatar\\\/78a7f90c01fc2bfc875782a0d4922b37cde2cf184ce347b91316d23cd7f69a36?s=96&d=mm&r=g\",\"url\":\"https:\\\/\\\/secure.gravatar.com\\\/avatar\\\/78a7f90c01fc2bfc875782a0d4922b37cde2cf184ce347b91316d23cd7f69a36?s=96&d=mm&r=g\",\"contentUrl\":\"https:\\\/\\\/secure.gravatar.com\\\/avatar\\\/78a7f90c01fc2bfc875782a0d4922b37cde2cf184ce347b91316d23cd7f69a36?s=96&d=mm&r=g\",\"caption\":\"galledia\"},\"sameAs\":[\"https:\\\/\\\/x.com\\\/admin\"],\"url\":\"https:\\\/\\\/www.organisator.ch\\\/it\\\/author\\\/galledia\\\/\"}]}<\/script>\n<!-- \/ Yoast SEO plugin. -->","yoast_head_json":{"title":"HWZ: Valerio Stallone \u00e8 il nuovo responsabile del Dipartimento Marketing &amp; Digital - Organizzatore","description":"Il dottor Valerio Stallone assumer\u00e0 la direzione del Dipartimento di Marketing e Digitale dell'HWZ a maggio, portando con s\u00e9 una grande esperienza nel settore MarTech.","robots":{"index":"index","follow":"follow","max-snippet":"max-snippet:-1","max-image-preview":"max-image-preview:large","max-video-preview":"max-video-preview:-1"},"canonical":"https:\/\/www.organisator.ch\/it\/marketing\/2025-03-17\/hwz-valerio-stallone-leitet-neu-das-departement-marketing-digital\/","og_locale":"it_IT","og_type":"article","og_title":"HWZ: Valerio Stallone leitet neu das Departement Marketing &amp; Digital - Organisator","og_description":"Dr. Valerio Stallone \u00fcbernimmt ab Mai die Leitung des Departements Marketing & Digital an der HWZ und bringt viel MarTech-Erfahrung mit.","og_url":"https:\/\/www.organisator.ch\/it\/marketing\/2025-03-17\/hwz-valerio-stallone-leitet-neu-das-departement-marketing-digital\/","og_site_name":"Organisator","article_publisher":"https:\/\/www.facebook.com\/OrganisatorFachmagazin","article_published_time":"2025-03-17T12:45:03+00:00","article_modified_time":"2025-03-17T12:46:28+00:00","author":"galledia","twitter_card":"summary_large_image","twitter_creator":"@admin","schema":{"@context":"https:\/\/schema.org","@graph":[{"@type":"Article","@id":"https:\/\/www.organisator.ch\/marketing\/2025-03-17\/hwz-valerio-stallone-leitet-neu-das-departement-marketing-digital\/#article","isPartOf":{"@id":"https:\/\/www.organisator.ch\/marketing\/2025-03-17\/hwz-valerio-stallone-leitet-neu-das-departement-marketing-digital\/"},"author":{"name":"galledia","@id":"https:\/\/www.organisator.ch\/#\/schema\/person\/4e51799071cd2dd1232ac003643ef5f0"},"headline":"HWZ: Valerio Stallone leitet neu das Departement Marketing &amp; Digital","datePublished":"2025-03-17T12:45:03+00:00","dateModified":"2025-03-17T12:46:28+00:00","mainEntityOfPage":{"@id":"https:\/\/www.organisator.ch\/marketing\/2025-03-17\/hwz-valerio-stallone-leitet-neu-das-departement-marketing-digital\/"},"wordCount":270,"publisher":{"@id":"https:\/\/www.organisator.ch\/#organization"},"image":{"@id":"https:\/\/www.organisator.ch\/marketing\/2025-03-17\/hwz-valerio-stallone-leitet-neu-das-departement-marketing-digital\/#primaryimage"},"thumbnailUrl":"https:\/\/www.markt-kom.com\/wp-content\/uploads\/2025\/03\/Valerio-Stallone-HWZ.jpg","keywords":["HWZ","Jobchange","MarKom","Weiterbildung"],"articleSection":["MARKETING"],"inLanguage":"it-IT"},{"@type":"WebPage","@id":"https:\/\/www.organisator.ch\/marketing\/2025-03-17\/hwz-valerio-stallone-leitet-neu-das-departement-marketing-digital\/","url":"https:\/\/www.organisator.ch\/marketing\/2025-03-17\/hwz-valerio-stallone-leitet-neu-das-departement-marketing-digital\/","name":"HWZ: Valerio Stallone \u00e8 il nuovo responsabile del Dipartimento Marketing &amp; Digital - Organizzatore","isPartOf":{"@id":"https:\/\/www.organisator.ch\/#website"},"primaryImageOfPage":{"@id":"https:\/\/www.organisator.ch\/marketing\/2025-03-17\/hwz-valerio-stallone-leitet-neu-das-departement-marketing-digital\/#primaryimage"},"image":{"@id":"https:\/\/www.organisator.ch\/marketing\/2025-03-17\/hwz-valerio-stallone-leitet-neu-das-departement-marketing-digital\/#primaryimage"},"thumbnailUrl":"https:\/\/www.markt-kom.com\/wp-content\/uploads\/2025\/03\/Valerio-Stallone-HWZ.jpg","datePublished":"2025-03-17T12:45:03+00:00","dateModified":"2025-03-17T12:46:28+00:00","description":"Il dottor Valerio Stallone assumer\u00e0 la direzione del Dipartimento di Marketing e Digitale dell'HWZ a maggio, portando con s\u00e9 una grande esperienza nel settore MarTech.","breadcrumb":{"@id":"https:\/\/www.organisator.ch\/marketing\/2025-03-17\/hwz-valerio-stallone-leitet-neu-das-departement-marketing-digital\/#breadcrumb"},"inLanguage":"it-IT","potentialAction":[{"@type":"ReadAction","target":["https:\/\/www.organisator.ch\/marketing\/2025-03-17\/hwz-valerio-stallone-leitet-neu-das-departement-marketing-digital\/"]}]},{"@type":"ImageObject","inLanguage":"it-IT","@id":"https:\/\/www.organisator.ch\/marketing\/2025-03-17\/hwz-valerio-stallone-leitet-neu-das-departement-marketing-digital\/#primaryimage","url":"https:\/\/www.markt-kom.com\/wp-content\/uploads\/2025\/03\/Valerio-Stallone-HWZ.jpg","contentUrl":"https:\/\/www.markt-kom.com\/wp-content\/uploads\/2025\/03\/Valerio-Stallone-HWZ.jpg"},{"@type":"BreadcrumbList","@id":"https:\/\/www.organisator.ch\/marketing\/2025-03-17\/hwz-valerio-stallone-leitet-neu-das-departement-marketing-digital\/#breadcrumb","itemListElement":[{"@type":"ListItem","position":1,"name":"Home","item":"https:\/\/www.organisator.ch\/"},{"@type":"ListItem","position":2,"name":"HWZ: Valerio Stallone leitet neu das Departement Marketing &amp; Digital"}]},{"@type":"WebSite","@id":"https:\/\/www.organisator.ch\/#website","url":"https:\/\/www.organisator.ch\/","name":"Organizzatore","description":"Competente. Pratico. In 10 numeri all'anno, ORGANISATOR presenta i temi essenziali per i manager delle PMI.","publisher":{"@id":"https:\/\/www.organisator.ch\/#organization"},"potentialAction":[{"@type":"SearchAction","target":{"@type":"EntryPoint","urlTemplate":"https:\/\/www.organisator.ch\/?s={search_term_string}"},"query-input":{"@type":"PropertyValueSpecification","valueRequired":true,"valueName":"search_term_string"}}],"inLanguage":"it-IT"},{"@type":"Organization","@id":"https:\/\/www.organisator.ch\/#organization","name":"Organizzatore","url":"https:\/\/www.organisator.ch\/","logo":{"@type":"ImageObject","inLanguage":"it-IT","@id":"https:\/\/www.organisator.ch\/#\/schema\/logo\/image\/","url":"https:\/\/www.organisator.ch\/wp-content\/uploads\/2022\/01\/Logo_Organisator_Website.png","contentUrl":"https:\/\/www.organisator.ch\/wp-content\/uploads\/2022\/01\/Logo_Organisator_Website.png","width":800,"height":77,"caption":"Organisator"},"image":{"@id":"https:\/\/www.organisator.ch\/#\/schema\/logo\/image\/"},"sameAs":["https:\/\/www.facebook.com\/OrganisatorFachmagazin","https:\/\/www.linkedin.com\/showcase\/organisator-das-magazin-fr-kmu","https:\/\/www.xing.com\/news\/pages\/organisator-ch-695","https:\/\/www.youtube.com\/channel\/UCGP2Sq0iWaZwT3BdIAQFYpw"]},{"@type":"Person","@id":"https:\/\/www.organisator.ch\/#\/schema\/person\/4e51799071cd2dd1232ac003643ef5f0","name":"galledia","image":{"@type":"ImageObject","inLanguage":"it-IT","@id":"https:\/\/secure.gravatar.com\/avatar\/78a7f90c01fc2bfc875782a0d4922b37cde2cf184ce347b91316d23cd7f69a36?s=96&d=mm&r=g","url":"https:\/\/secure.gravatar.com\/avatar\/78a7f90c01fc2bfc875782a0d4922b37cde2cf184ce347b91316d23cd7f69a36?s=96&d=mm&r=g","contentUrl":"https:\/\/secure.gravatar.com\/avatar\/78a7f90c01fc2bfc875782a0d4922b37cde2cf184ce347b91316d23cd7f69a36?s=96&d=mm&r=g","caption":"galledia"},"sameAs":["https:\/\/x.com\/admin"],"url":"https:\/\/www.organisator.ch\/it\/author\/galledia\/"}]}},"_links":{"self":[{"href":"https:\/\/www.organisator.ch\/it\/wp-json\/wp\/v2\/posts\/36951","targetHints":{"allow":["GET"]}}],"collection":[{"href":"https:\/\/www.organisator.ch\/it\/wp-json\/wp\/v2\/posts"}],"about":[{"href":"https:\/\/www.organisator.ch\/it\/wp-json\/wp\/v2\/types\/post"}],"author":[{"embeddable":true,"href":"https:\/\/www.organisator.ch\/it\/wp-json\/wp\/v2\/users\/8"}],"replies":[{"embeddable":true,"href":"https:\/\/www.organisator.ch\/it\/wp-json\/wp\/v2\/comments?post=36951"}],"version-history":[{"count":4,"href":"https:\/\/www.organisator.ch\/it\/wp-json\/wp\/v2\/posts\/36951\/revisions"}],"predecessor-version":[{"id":36956,"href":"https:\/\/www.organisator.ch\/it\/wp-json\/wp\/v2\/posts\/36951\/revisions\/36956"}],"wp:attachment":[{"href":"https:\/\/www.organisator.ch\/it\/wp-json\/wp\/v2\/media?parent=36951"}],"wp:term":[{"taxonomy":"category","embeddable":true,"href":"https:\/\/www.organisator.ch\/it\/wp-json\/wp\/v2\/categories?post=36951"},{"taxonomy":"post_tag","embeddable":true,"href":"https:\/\/www.organisator.ch\/it\/wp-json\/wp\/v2\/tags?post=36951"}],"curies":[{"name":"wp","href":"https:\/\/api.w.org\/{rel}","templated":true}]}}