{"id":36979,"date":"2025-03-18T13:36:49","date_gmt":"2025-03-18T12:36:49","guid":{"rendered":"https:\/\/www.markt-kom.com\/?p=232045"},"modified":"2025-03-18T12:54:31","modified_gmt":"2025-03-18T11:54:31","slug":"ursula-noetzli-wird-partnerin-bei-hirzel-neef-schmid-konsulenten","status":"publish","type":"post","link":"https:\/\/www.organisator.ch\/it\/marketing\/2025-03-18\/ursula-noetzli-wird-partnerin-bei-hirzel-neef-schmid-konsulenten\/","title":{"rendered":"Ursula N\u00f6tzli diventa partner di Hirzel.Neef.Schmid.Konsulenten"},"content":{"rendered":"<p><a href=\"https:\/\/www.markt-kom.com\/wp-content\/uploads\/2021\/02\/2021-01\/Noetzli_Ursula.jpg\"><img class=\"aligncenter size-full wp-image-126881\" src=\"https:\/\/www.markt-kom.com\/wp-content\/uploads\/2021\/02\/2021-01\/Noetzli_Ursula.jpg\" alt=\"Gruppo TX\" \/><\/a><\/p>\r\n<p>Hirzel.Neef.Schmid.Konsulenten ha acquisito un'esperta stratega della comunicazione, Ursula N\u00f6tzli, come nuovo partner. La storica responsabile della comunicazione di TX Group assumer\u00e0 il suo nuovo ruolo il 1\u00b0 settembre 2025 e si concentrer\u00e0 sul posizionamento dei leader e sul supporto alle aziende durante le fasi di trasformazione. Porter\u00e0 inoltre la sua esperienza nella comunicazione finanziaria, nelle transazioni sul mercato dei capitali e nel reporting ESG alla societ\u00e0 di consulenza in materia di comunicazione.<\/p>\r\n<p>La N\u00f6tzli, che ha annunciato la sua partenza dal Gruppo TX alla fine dello scorso anno, era Chief Communications &amp; Sustainability Officer dal 2021 e membro della Direzione del Gruppo dal 2022. Era responsabile della comunicazione aziendale, delle relazioni con gli investitori e della strategia di sostenibilit\u00e0 del gruppo media. Durante il suo mandato ha supervisionato, tra l'altro, la fondazione della joint venture SMG Swiss Marketplace Group e l'acquisizione di Clear Channel Svizzera.<\/p>\r\n<p>La N\u00f6tzli ha iniziato la sua carriera professionale come redattore di economia e borsa presso la rivista <em>NZZ<\/em> e il <em>Finanza ed economia<\/em>. In seguito \u00e8 stata responsabile della comunicazione di ABB Svizzera e direttore della comunicazione e della strategia del Credit Suisse. Dopo aver conseguito un dottorato in economia presso l'Universit\u00e0 di San Gallo, ha completato l'Advanced Management Programme (AMP) presso la MIT Sloan School of Management.<\/p>\r\n<p>Il suo passaggio alla consulenza strategica \u00e8 la logica continuazione della sua precedente carriera. Presso Hirzel.Neef.Schmid.Konsulenten, fornir\u00e0 consulenza alle aziende e ai loro dirigenti su questioni strategiche e comunicative, in particolare nelle fasi di mercato pi\u00f9 difficili e nei processi di trasformazione.<\/p>","protected":false},"excerpt":{"rendered":"<p>Ursula N\u00f6tzli diventer\u00e0 partner della societ\u00e0 di consulenza in comunicazione Hirzel.Neef.Schmid.Konsulenten a partire da settembre 2025. Si concentrer\u00e0 sul posizionamento strategico dei leader e sulla comunicazione dei mercati finanziari, temi che hanno gi\u00e0 caratterizzato la sua carriera fino ad oggi.<\/p>","protected":false},"author":8,"featured_media":0,"comment_status":"closed","ping_status":"closed","sticky":false,"template":"","format":"standard","meta":{"_acf_changed":false,"_yoast_wpseo_focuskw":"Ursula N\u00f6tzli Hirzel.Neef.Schmid.Konsulenten","_yoast_wpseo_metadesc":"Ursula N\u00f6tzli wird ab September 2025 Partnerin bei Hirzel.Neef.Schmid.Konsulenten. Ihr Fokus: Strategie, Finanzkommunikation & ESG.","articlekey":"","footnotes":""},"categories":[29],"tags":[4345,5210,2853],"class_list":["post-36979","post","type-post","status-publish","format-standard","hentry","category-marketing","tag-business","tag-hirzel-neef-schmid-konsulenten","tag-jobchange"],"acf":[],"yoast_head":"<!-- This site is optimized with the Yoast SEO plugin v27.5 - https:\/\/yoast.com\/product\/yoast-seo-wordpress\/ -->\n<title>Ursula N\u00f6tzli wird Partnerin bei Hirzel.Neef.Schmid.Konsulenten - Organisator<\/title>\n<meta name=\"description\" content=\"Ursula N\u00f6tzli wird ab September 2025 Partnerin bei Hirzel.Neef.Schmid.Konsulenten. Ihr Fokus: Strategie, Finanzkommunikation &amp; ESG.\" \/>\n<meta name=\"robots\" content=\"index, follow, max-snippet:-1, max-image-preview:large, max-video-preview:-1\" \/>\n<link rel=\"canonical\" href=\"https:\/\/www.organisator.ch\/it\/marketing\/2025-03-18\/ursula-noetzli-wird-partnerin-bei-hirzel-neef-schmid-konsulenten\/\" \/>\n<meta property=\"og:locale\" content=\"it_IT\" \/>\n<meta property=\"og:type\" content=\"article\" \/>\n<meta property=\"og:title\" content=\"Ursula N\u00f6tzli wird Partnerin bei Hirzel.Neef.Schmid.Konsulenten - Organisator\" \/>\n<meta property=\"og:description\" content=\"Ursula N\u00f6tzli wird ab September 2025 Partnerin bei Hirzel.Neef.Schmid.Konsulenten. Ihr Fokus: Strategie, Finanzkommunikation &amp; ESG.\" \/>\n<meta property=\"og:url\" content=\"https:\/\/www.organisator.ch\/it\/marketing\/2025-03-18\/ursula-noetzli-wird-partnerin-bei-hirzel-neef-schmid-konsulenten\/\" \/>\n<meta property=\"og:site_name\" content=\"Organisator\" \/>\n<meta property=\"article:publisher\" content=\"https:\/\/www.facebook.com\/OrganisatorFachmagazin\" \/>\n<meta property=\"article:published_time\" content=\"2025-03-18T12:36:49+00:00\" \/>\n<meta name=\"author\" content=\"galledia\" \/>\n<meta name=\"twitter:card\" content=\"summary_large_image\" \/>\n<meta name=\"twitter:creator\" content=\"@admin\" \/>\n<script type=\"application\/ld+json\" class=\"yoast-schema-graph\">{\"@context\":\"https:\\\/\\\/schema.org\",\"@graph\":[{\"@type\":\"Article\",\"@id\":\"https:\\\/\\\/www.organisator.ch\\\/marketing\\\/2025-03-18\\\/ursula-noetzli-wird-partnerin-bei-hirzel-neef-schmid-konsulenten\\\/#article\",\"isPartOf\":{\"@id\":\"https:\\\/\\\/www.organisator.ch\\\/marketing\\\/2025-03-18\\\/ursula-noetzli-wird-partnerin-bei-hirzel-neef-schmid-konsulenten\\\/\"},\"author\":{\"name\":\"galledia\",\"@id\":\"https:\\\/\\\/www.organisator.ch\\\/#\\\/schema\\\/person\\\/4e51799071cd2dd1232ac003643ef5f0\"},\"headline\":\"Ursula N\u00f6tzli wird Partnerin bei Hirzel.Neef.Schmid.Konsulenten\",\"datePublished\":\"2025-03-18T12:36:49+00:00\",\"mainEntityOfPage\":{\"@id\":\"https:\\\/\\\/www.organisator.ch\\\/marketing\\\/2025-03-18\\\/ursula-noetzli-wird-partnerin-bei-hirzel-neef-schmid-konsulenten\\\/\"},\"wordCount\":240,\"publisher\":{\"@id\":\"https:\\\/\\\/www.organisator.ch\\\/#organization\"},\"image\":{\"@id\":\"https:\\\/\\\/www.organisator.ch\\\/marketing\\\/2025-03-18\\\/ursula-noetzli-wird-partnerin-bei-hirzel-neef-schmid-konsulenten\\\/#primaryimage\"},\"thumbnailUrl\":\"https:\\\/\\\/www.markt-kom.com\\\/wp-content\\\/uploads\\\/2021\\\/02\\\/2021-01\\\/Noetzli_Ursula.jpg\",\"keywords\":[\"Business\",\"Hirzel.Neef.Schmid.Konsulenten\",\"Jobchange\"],\"articleSection\":[\"MARKETING\"],\"inLanguage\":\"it-IT\"},{\"@type\":\"WebPage\",\"@id\":\"https:\\\/\\\/www.organisator.ch\\\/marketing\\\/2025-03-18\\\/ursula-noetzli-wird-partnerin-bei-hirzel-neef-schmid-konsulenten\\\/\",\"url\":\"https:\\\/\\\/www.organisator.ch\\\/marketing\\\/2025-03-18\\\/ursula-noetzli-wird-partnerin-bei-hirzel-neef-schmid-konsulenten\\\/\",\"name\":\"Ursula N\u00f6tzli wird Partnerin bei Hirzel.Neef.Schmid.Konsulenten - Organisator\",\"isPartOf\":{\"@id\":\"https:\\\/\\\/www.organisator.ch\\\/#website\"},\"primaryImageOfPage\":{\"@id\":\"https:\\\/\\\/www.organisator.ch\\\/marketing\\\/2025-03-18\\\/ursula-noetzli-wird-partnerin-bei-hirzel-neef-schmid-konsulenten\\\/#primaryimage\"},\"image\":{\"@id\":\"https:\\\/\\\/www.organisator.ch\\\/marketing\\\/2025-03-18\\\/ursula-noetzli-wird-partnerin-bei-hirzel-neef-schmid-konsulenten\\\/#primaryimage\"},\"thumbnailUrl\":\"https:\\\/\\\/www.markt-kom.com\\\/wp-content\\\/uploads\\\/2021\\\/02\\\/2021-01\\\/Noetzli_Ursula.jpg\",\"datePublished\":\"2025-03-18T12:36:49+00:00\",\"description\":\"Ursula N\u00f6tzli wird ab September 2025 Partnerin bei Hirzel.Neef.Schmid.Konsulenten. Ihr Fokus: Strategie, Finanzkommunikation & ESG.\",\"breadcrumb\":{\"@id\":\"https:\\\/\\\/www.organisator.ch\\\/marketing\\\/2025-03-18\\\/ursula-noetzli-wird-partnerin-bei-hirzel-neef-schmid-konsulenten\\\/#breadcrumb\"},\"inLanguage\":\"it-IT\",\"potentialAction\":[{\"@type\":\"ReadAction\",\"target\":[\"https:\\\/\\\/www.organisator.ch\\\/marketing\\\/2025-03-18\\\/ursula-noetzli-wird-partnerin-bei-hirzel-neef-schmid-konsulenten\\\/\"]}]},{\"@type\":\"ImageObject\",\"inLanguage\":\"it-IT\",\"@id\":\"https:\\\/\\\/www.organisator.ch\\\/marketing\\\/2025-03-18\\\/ursula-noetzli-wird-partnerin-bei-hirzel-neef-schmid-konsulenten\\\/#primaryimage\",\"url\":\"https:\\\/\\\/www.markt-kom.com\\\/wp-content\\\/uploads\\\/2021\\\/02\\\/2021-01\\\/Noetzli_Ursula.jpg\",\"contentUrl\":\"https:\\\/\\\/www.markt-kom.com\\\/wp-content\\\/uploads\\\/2021\\\/02\\\/2021-01\\\/Noetzli_Ursula.jpg\"},{\"@type\":\"BreadcrumbList\",\"@id\":\"https:\\\/\\\/www.organisator.ch\\\/marketing\\\/2025-03-18\\\/ursula-noetzli-wird-partnerin-bei-hirzel-neef-schmid-konsulenten\\\/#breadcrumb\",\"itemListElement\":[{\"@type\":\"ListItem\",\"position\":1,\"name\":\"Home\",\"item\":\"https:\\\/\\\/www.organisator.ch\\\/\"},{\"@type\":\"ListItem\",\"position\":2,\"name\":\"Ursula N\u00f6tzli wird Partnerin bei Hirzel.Neef.Schmid.Konsulenten\"}]},{\"@type\":\"WebSite\",\"@id\":\"https:\\\/\\\/www.organisator.ch\\\/#website\",\"url\":\"https:\\\/\\\/www.organisator.ch\\\/\",\"name\":\"Organisator\",\"description\":\"Kompetent. Praxisnah. Der ORGANISATOR bereitet in 10 Ausgaben pro Jahr die wesentlichen Themen f\u00fcr F\u00fchrungskr\u00e4fte von KMU auf.\",\"publisher\":{\"@id\":\"https:\\\/\\\/www.organisator.ch\\\/#organization\"},\"potentialAction\":[{\"@type\":\"SearchAction\",\"target\":{\"@type\":\"EntryPoint\",\"urlTemplate\":\"https:\\\/\\\/www.organisator.ch\\\/?s={search_term_string}\"},\"query-input\":{\"@type\":\"PropertyValueSpecification\",\"valueRequired\":true,\"valueName\":\"search_term_string\"}}],\"inLanguage\":\"it-IT\"},{\"@type\":\"Organization\",\"@id\":\"https:\\\/\\\/www.organisator.ch\\\/#organization\",\"name\":\"Organisator\",\"url\":\"https:\\\/\\\/www.organisator.ch\\\/\",\"logo\":{\"@type\":\"ImageObject\",\"inLanguage\":\"it-IT\",\"@id\":\"https:\\\/\\\/www.organisator.ch\\\/#\\\/schema\\\/logo\\\/image\\\/\",\"url\":\"https:\\\/\\\/www.organisator.ch\\\/wp-content\\\/uploads\\\/2022\\\/01\\\/Logo_Organisator_Website.png\",\"contentUrl\":\"https:\\\/\\\/www.organisator.ch\\\/wp-content\\\/uploads\\\/2022\\\/01\\\/Logo_Organisator_Website.png\",\"width\":800,\"height\":77,\"caption\":\"Organisator\"},\"image\":{\"@id\":\"https:\\\/\\\/www.organisator.ch\\\/#\\\/schema\\\/logo\\\/image\\\/\"},\"sameAs\":[\"https:\\\/\\\/www.facebook.com\\\/OrganisatorFachmagazin\",\"https:\\\/\\\/www.linkedin.com\\\/showcase\\\/organisator-das-magazin-fr-kmu\",\"https:\\\/\\\/www.xing.com\\\/news\\\/pages\\\/organisator-ch-695\",\"https:\\\/\\\/www.youtube.com\\\/channel\\\/UCGP2Sq0iWaZwT3BdIAQFYpw\"]},{\"@type\":\"Person\",\"@id\":\"https:\\\/\\\/www.organisator.ch\\\/#\\\/schema\\\/person\\\/4e51799071cd2dd1232ac003643ef5f0\",\"name\":\"galledia\",\"image\":{\"@type\":\"ImageObject\",\"inLanguage\":\"it-IT\",\"@id\":\"https:\\\/\\\/secure.gravatar.com\\\/avatar\\\/78a7f90c01fc2bfc875782a0d4922b37cde2cf184ce347b91316d23cd7f69a36?s=96&d=mm&r=g\",\"url\":\"https:\\\/\\\/secure.gravatar.com\\\/avatar\\\/78a7f90c01fc2bfc875782a0d4922b37cde2cf184ce347b91316d23cd7f69a36?s=96&d=mm&r=g\",\"contentUrl\":\"https:\\\/\\\/secure.gravatar.com\\\/avatar\\\/78a7f90c01fc2bfc875782a0d4922b37cde2cf184ce347b91316d23cd7f69a36?s=96&d=mm&r=g\",\"caption\":\"galledia\"},\"sameAs\":[\"https:\\\/\\\/x.com\\\/admin\"],\"url\":\"https:\\\/\\\/www.organisator.ch\\\/it\\\/author\\\/galledia\\\/\"}]}<\/script>\n<!-- \/ Yoast SEO plugin. -->","yoast_head_json":{"title":"Ursula N\u00f6tzli diventa partner di Hirzel.Neef.Schmid.Konsulenten - Organizzatore","description":"Ursula N\u00f6tzli sar\u00e0 partner di Hirzel.Neef.Schmid.Konsulenten da settembre 2025. Il suo focus: strategia, comunicazione finanziaria ed ESG.","robots":{"index":"index","follow":"follow","max-snippet":"max-snippet:-1","max-image-preview":"max-image-preview:large","max-video-preview":"max-video-preview:-1"},"canonical":"https:\/\/www.organisator.ch\/it\/marketing\/2025-03-18\/ursula-noetzli-wird-partnerin-bei-hirzel-neef-schmid-konsulenten\/","og_locale":"it_IT","og_type":"article","og_title":"Ursula N\u00f6tzli wird Partnerin bei Hirzel.Neef.Schmid.Konsulenten - Organisator","og_description":"Ursula N\u00f6tzli wird ab September 2025 Partnerin bei Hirzel.Neef.Schmid.Konsulenten. Ihr Fokus: Strategie, Finanzkommunikation & ESG.","og_url":"https:\/\/www.organisator.ch\/it\/marketing\/2025-03-18\/ursula-noetzli-wird-partnerin-bei-hirzel-neef-schmid-konsulenten\/","og_site_name":"Organisator","article_publisher":"https:\/\/www.facebook.com\/OrganisatorFachmagazin","article_published_time":"2025-03-18T12:36:49+00:00","author":"galledia","twitter_card":"summary_large_image","twitter_creator":"@admin","schema":{"@context":"https:\/\/schema.org","@graph":[{"@type":"Article","@id":"https:\/\/www.organisator.ch\/marketing\/2025-03-18\/ursula-noetzli-wird-partnerin-bei-hirzel-neef-schmid-konsulenten\/#article","isPartOf":{"@id":"https:\/\/www.organisator.ch\/marketing\/2025-03-18\/ursula-noetzli-wird-partnerin-bei-hirzel-neef-schmid-konsulenten\/"},"author":{"name":"galledia","@id":"https:\/\/www.organisator.ch\/#\/schema\/person\/4e51799071cd2dd1232ac003643ef5f0"},"headline":"Ursula N\u00f6tzli wird Partnerin bei Hirzel.Neef.Schmid.Konsulenten","datePublished":"2025-03-18T12:36:49+00:00","mainEntityOfPage":{"@id":"https:\/\/www.organisator.ch\/marketing\/2025-03-18\/ursula-noetzli-wird-partnerin-bei-hirzel-neef-schmid-konsulenten\/"},"wordCount":240,"publisher":{"@id":"https:\/\/www.organisator.ch\/#organization"},"image":{"@id":"https:\/\/www.organisator.ch\/marketing\/2025-03-18\/ursula-noetzli-wird-partnerin-bei-hirzel-neef-schmid-konsulenten\/#primaryimage"},"thumbnailUrl":"https:\/\/www.markt-kom.com\/wp-content\/uploads\/2021\/02\/2021-01\/Noetzli_Ursula.jpg","keywords":["Business","Hirzel.Neef.Schmid.Konsulenten","Jobchange"],"articleSection":["MARKETING"],"inLanguage":"it-IT"},{"@type":"WebPage","@id":"https:\/\/www.organisator.ch\/marketing\/2025-03-18\/ursula-noetzli-wird-partnerin-bei-hirzel-neef-schmid-konsulenten\/","url":"https:\/\/www.organisator.ch\/marketing\/2025-03-18\/ursula-noetzli-wird-partnerin-bei-hirzel-neef-schmid-konsulenten\/","name":"Ursula N\u00f6tzli diventa partner di Hirzel.Neef.Schmid.Konsulenten - Organizzatore","isPartOf":{"@id":"https:\/\/www.organisator.ch\/#website"},"primaryImageOfPage":{"@id":"https:\/\/www.organisator.ch\/marketing\/2025-03-18\/ursula-noetzli-wird-partnerin-bei-hirzel-neef-schmid-konsulenten\/#primaryimage"},"image":{"@id":"https:\/\/www.organisator.ch\/marketing\/2025-03-18\/ursula-noetzli-wird-partnerin-bei-hirzel-neef-schmid-konsulenten\/#primaryimage"},"thumbnailUrl":"https:\/\/www.markt-kom.com\/wp-content\/uploads\/2021\/02\/2021-01\/Noetzli_Ursula.jpg","datePublished":"2025-03-18T12:36:49+00:00","description":"Ursula N\u00f6tzli sar\u00e0 partner di Hirzel.Neef.Schmid.Konsulenten da settembre 2025. Il suo focus: strategia, comunicazione finanziaria ed ESG.","breadcrumb":{"@id":"https:\/\/www.organisator.ch\/marketing\/2025-03-18\/ursula-noetzli-wird-partnerin-bei-hirzel-neef-schmid-konsulenten\/#breadcrumb"},"inLanguage":"it-IT","potentialAction":[{"@type":"ReadAction","target":["https:\/\/www.organisator.ch\/marketing\/2025-03-18\/ursula-noetzli-wird-partnerin-bei-hirzel-neef-schmid-konsulenten\/"]}]},{"@type":"ImageObject","inLanguage":"it-IT","@id":"https:\/\/www.organisator.ch\/marketing\/2025-03-18\/ursula-noetzli-wird-partnerin-bei-hirzel-neef-schmid-konsulenten\/#primaryimage","url":"https:\/\/www.markt-kom.com\/wp-content\/uploads\/2021\/02\/2021-01\/Noetzli_Ursula.jpg","contentUrl":"https:\/\/www.markt-kom.com\/wp-content\/uploads\/2021\/02\/2021-01\/Noetzli_Ursula.jpg"},{"@type":"BreadcrumbList","@id":"https:\/\/www.organisator.ch\/marketing\/2025-03-18\/ursula-noetzli-wird-partnerin-bei-hirzel-neef-schmid-konsulenten\/#breadcrumb","itemListElement":[{"@type":"ListItem","position":1,"name":"Home","item":"https:\/\/www.organisator.ch\/"},{"@type":"ListItem","position":2,"name":"Ursula N\u00f6tzli wird Partnerin bei Hirzel.Neef.Schmid.Konsulenten"}]},{"@type":"WebSite","@id":"https:\/\/www.organisator.ch\/#website","url":"https:\/\/www.organisator.ch\/","name":"Organizzatore","description":"Competente. Pratico. In 10 numeri all'anno, ORGANISATOR presenta i temi essenziali per i manager delle PMI.","publisher":{"@id":"https:\/\/www.organisator.ch\/#organization"},"potentialAction":[{"@type":"SearchAction","target":{"@type":"EntryPoint","urlTemplate":"https:\/\/www.organisator.ch\/?s={search_term_string}"},"query-input":{"@type":"PropertyValueSpecification","valueRequired":true,"valueName":"search_term_string"}}],"inLanguage":"it-IT"},{"@type":"Organization","@id":"https:\/\/www.organisator.ch\/#organization","name":"Organizzatore","url":"https:\/\/www.organisator.ch\/","logo":{"@type":"ImageObject","inLanguage":"it-IT","@id":"https:\/\/www.organisator.ch\/#\/schema\/logo\/image\/","url":"https:\/\/www.organisator.ch\/wp-content\/uploads\/2022\/01\/Logo_Organisator_Website.png","contentUrl":"https:\/\/www.organisator.ch\/wp-content\/uploads\/2022\/01\/Logo_Organisator_Website.png","width":800,"height":77,"caption":"Organisator"},"image":{"@id":"https:\/\/www.organisator.ch\/#\/schema\/logo\/image\/"},"sameAs":["https:\/\/www.facebook.com\/OrganisatorFachmagazin","https:\/\/www.linkedin.com\/showcase\/organisator-das-magazin-fr-kmu","https:\/\/www.xing.com\/news\/pages\/organisator-ch-695","https:\/\/www.youtube.com\/channel\/UCGP2Sq0iWaZwT3BdIAQFYpw"]},{"@type":"Person","@id":"https:\/\/www.organisator.ch\/#\/schema\/person\/4e51799071cd2dd1232ac003643ef5f0","name":"galledia","image":{"@type":"ImageObject","inLanguage":"it-IT","@id":"https:\/\/secure.gravatar.com\/avatar\/78a7f90c01fc2bfc875782a0d4922b37cde2cf184ce347b91316d23cd7f69a36?s=96&d=mm&r=g","url":"https:\/\/secure.gravatar.com\/avatar\/78a7f90c01fc2bfc875782a0d4922b37cde2cf184ce347b91316d23cd7f69a36?s=96&d=mm&r=g","contentUrl":"https:\/\/secure.gravatar.com\/avatar\/78a7f90c01fc2bfc875782a0d4922b37cde2cf184ce347b91316d23cd7f69a36?s=96&d=mm&r=g","caption":"galledia"},"sameAs":["https:\/\/x.com\/admin"],"url":"https:\/\/www.organisator.ch\/it\/author\/galledia\/"}]}},"_links":{"self":[{"href":"https:\/\/www.organisator.ch\/it\/wp-json\/wp\/v2\/posts\/36979","targetHints":{"allow":["GET"]}}],"collection":[{"href":"https:\/\/www.organisator.ch\/it\/wp-json\/wp\/v2\/posts"}],"about":[{"href":"https:\/\/www.organisator.ch\/it\/wp-json\/wp\/v2\/types\/post"}],"author":[{"embeddable":true,"href":"https:\/\/www.organisator.ch\/it\/wp-json\/wp\/v2\/users\/8"}],"replies":[{"embeddable":true,"href":"https:\/\/www.organisator.ch\/it\/wp-json\/wp\/v2\/comments?post=36979"}],"version-history":[{"count":3,"href":"https:\/\/www.organisator.ch\/it\/wp-json\/wp\/v2\/posts\/36979\/revisions"}],"predecessor-version":[{"id":36982,"href":"https:\/\/www.organisator.ch\/it\/wp-json\/wp\/v2\/posts\/36979\/revisions\/36982"}],"wp:attachment":[{"href":"https:\/\/www.organisator.ch\/it\/wp-json\/wp\/v2\/media?parent=36979"}],"wp:term":[{"taxonomy":"category","embeddable":true,"href":"https:\/\/www.organisator.ch\/it\/wp-json\/wp\/v2\/categories?post=36979"},{"taxonomy":"post_tag","embeddable":true,"href":"https:\/\/www.organisator.ch\/it\/wp-json\/wp\/v2\/tags?post=36979"}],"curies":[{"name":"wp","href":"https:\/\/api.w.org\/{rel}","templated":true}]}}