{"id":36988,"date":"2025-03-19T08:00:36","date_gmt":"2025-03-19T07:00:36","guid":{"rendered":"https:\/\/www.markt-kom.com\/?p=232057"},"modified":"2025-03-19T07:35:10","modified_gmt":"2025-03-19T06:35:10","slug":"schweizer-werbe-auftraggeberverband-swa-waehlt-jan-de-schepper-als-neuen-praesidenten","status":"publish","type":"post","link":"https:\/\/www.organisator.ch\/it\/marketing\/2025-03-19\/schweizer-werbe-auftraggeberverband-swa-waehlt-jan-de-schepper-als-neuen-praesidenten\/","title":{"rendered":"L'Associazione svizzera dei pubblicitari SWA elegge Jan De Schepper come nuovo presidente"},"content":{"rendered":"<figure id=\"attachment_232058\" class=\"wp-caption aligncenter\" style=\"width: 1200px;\" aria-describedby=\"caption-attachment-232058\"><a href=\"https:\/\/www.markt-kom.com\/wp-content\/uploads\/2025\/03\/jan-de-schepper-Praesident-SWA_president-de-lASA-2025.jpg\"><img class=\"size-full wp-image-232058\" src=\"https:\/\/www.markt-kom.com\/wp-content\/uploads\/2025\/03\/jan-de-schepper-Praesident-SWA_president-de-lASA-2025.jpg\" sizes=\"(max-width: 1200px) 100vw, 1200px\" srcset=\"https:\/\/www.markt-kom.com\/wp-content\/uploads\/2025\/03\/jan-de-schepper-Praesident-SWA_president-de-lASA-2025.jpg 1200w, https:\/\/www.markt-kom.com\/wp-content\/uploads\/2025\/03\/jan-de-schepper-Praesident-SWA_president-de-lASA-2025-600x451.jpg 600w, https:\/\/www.markt-kom.com\/wp-content\/uploads\/2025\/03\/jan-de-schepper-Praesident-SWA_president-de-lASA-2025-1024x769.jpg 1024w, https:\/\/www.markt-kom.com\/wp-content\/uploads\/2025\/03\/jan-de-schepper-Praesident-SWA_president-de-lASA-2025-768x577.jpg 768w, https:\/\/www.markt-kom.com\/wp-content\/uploads\/2025\/03\/jan-de-schepper-Praesident-SWA_president-de-lASA-2025-16x12.jpg 16w, https:\/\/www.markt-kom.com\/wp-content\/uploads\/2025\/03\/jan-de-schepper-Praesident-SWA_president-de-lASA-2025-233x175.jpg 233w, https:\/\/www.markt-kom.com\/wp-content\/uploads\/2025\/03\/jan-de-schepper-Praesident-SWA_president-de-lASA-2025-466x350.jpg 466w, https:\/\/www.markt-kom.com\/wp-content\/uploads\/2025\/03\/jan-de-schepper-Praesident-SWA_president-de-lASA-2025-1000x751.jpg 1000w\" alt=\"\" width=\"1200\" height=\"901\" \/><\/a>\r\n<figcaption id=\"caption-attachment-232058\" class=\"wp-caption-text\">(Immagine: zVg.)<\/figcaption>\r\n<\/figure>\r\n<p>L'assemblea annuale della SWA si \u00e8 svolta marted\u00ec a Zurigo-Oerlikon con oltre 400 membri e ospiti del settore pubblicitario. L'associazione ha inoltre celebrato il suo 75\u00b0 anniversario. Sul tema \"Next Gen Marketing\", i due relatori principali Paul Kemp-Robertson, Chief Content Officer di Lions da Londra e Jens Polomski, LinkedIn Top Voice for AI &amp; Co-Founder snipKI da Colonia, hanno illustrato come vedono il futuro del marketing e della comunicazione.<\/p>\r\n<p>L'anno scorso, il presidente di lunga data della SWA Roger Harlacher ha annunciato al Consiglio direttivo che si sarebbe dimesso in occasione della 76\u00aa Assemblea generale di oggi. Harlacher \u00e8 stato eletto nel Consiglio di amministrazione nel 2006 ed \u00e8 diventato Presidente dell'Associazione nel 2009. Durante il suo mandato, la SWA si \u00e8 trasformata in una forte organizzazione di lobby e in un partner prezioso nel mercato pubblicitario, secondo l'associazione. In occasione dell'Assemblea generale, Roger Harlacher \u00e8 stato nominato Presidente onorario in riconoscimento dei suoi servizi.<\/p>\r\n<p>Jan De Schepper, Chief Sales and Marketing Officer di Swissquote Bank, assumer\u00e0 la carica di Presidente. De Schepper \u00e8 membro del Consiglio di amministrazione dal 2018. Ha iniziato la sua carriera nel branding presso Feldschl\u00f6sschen e l'ha proseguita presso Bacardi-Martini, Saatchi &amp; Saatchi e McDonald's. Nel 2015 si \u00e8 trasferito a Swissquote per dirigere il reparto marketing. Nel 2019 \u00e8 stato promosso CSMO ed \u00e8 entrato a far parte del Comitato esecutivo di Swissquote. De Schepper \u00e8 anche membro del Consiglio di amministrazione di Neobank Yuh e ha conseguito un MBA in International Management presso l'Universit\u00e0 di Ginevra.<\/p>","protected":false},"excerpt":{"rendered":"<p>In occasione della 76a Assemblea generale, l'Associazione svizzera dei pubblicitari (SWA) ha annunciato un cambio di presidenza. Jan De Schepper, Chief Sales and Marketing Officer di Swissquote Bank, sostituisce Roger Harlacher dopo 16 anni di presidenza.<\/p>","protected":false},"author":8,"featured_media":0,"comment_status":"closed","ping_status":"closed","sticky":false,"template":"","format":"standard","meta":{"_acf_changed":false,"_yoast_wpseo_focuskw":"SWA Generalversammlung 2024","_yoast_wpseo_metadesc":"Der SWA ernennt Jan De Schepper zum neuen Pr\u00e4sidenten. Roger Harlacher wird Ehrenpr\u00e4sident. Ein R\u00fcckblick auf die 76. GV in Z\u00fcrich.","articlekey":"","footnotes":""},"categories":[29],"tags":[5211,2853,4343,3872],"class_list":["post-36988","post","type-post","status-publish","format-standard","hentry","category-marketing","tag-jan-de-schepper","tag-jobchange","tag-markom","tag-schweizer-werbe-auftraggeberverband-swa"],"acf":[],"yoast_head":"<!-- This site is optimized with the Yoast SEO plugin v27.5 - https:\/\/yoast.com\/product\/yoast-seo-wordpress\/ -->\n<title>Schweizer Werbe-Auftraggeberverband SWA w\u00e4hlt Jan De Schepper als neuen Pr\u00e4sidenten - Organisator<\/title>\n<meta name=\"description\" content=\"Der SWA ernennt Jan De Schepper zum neuen Pr\u00e4sidenten. Roger Harlacher wird Ehrenpr\u00e4sident. Ein R\u00fcckblick auf die 76. GV in Z\u00fcrich.\" \/>\n<meta name=\"robots\" content=\"index, follow, max-snippet:-1, max-image-preview:large, max-video-preview:-1\" \/>\n<link rel=\"canonical\" href=\"https:\/\/www.organisator.ch\/it\/marketing\/2025-03-19\/schweizer-werbe-auftraggeberverband-swa-waehlt-jan-de-schepper-als-neuen-praesidenten\/\" \/>\n<meta property=\"og:locale\" content=\"it_IT\" \/>\n<meta property=\"og:type\" content=\"article\" \/>\n<meta property=\"og:title\" content=\"Schweizer Werbe-Auftraggeberverband SWA w\u00e4hlt Jan De Schepper als neuen Pr\u00e4sidenten - Organisator\" \/>\n<meta property=\"og:description\" content=\"Der SWA ernennt Jan De Schepper zum neuen Pr\u00e4sidenten. Roger Harlacher wird Ehrenpr\u00e4sident. Ein R\u00fcckblick auf die 76. GV in Z\u00fcrich.\" \/>\n<meta property=\"og:url\" content=\"https:\/\/www.organisator.ch\/it\/marketing\/2025-03-19\/schweizer-werbe-auftraggeberverband-swa-waehlt-jan-de-schepper-als-neuen-praesidenten\/\" \/>\n<meta property=\"og:site_name\" content=\"Organisator\" \/>\n<meta property=\"article:publisher\" content=\"https:\/\/www.facebook.com\/OrganisatorFachmagazin\" \/>\n<meta property=\"article:published_time\" content=\"2025-03-19T07:00:36+00:00\" \/>\n<meta name=\"author\" content=\"galledia\" \/>\n<meta name=\"twitter:card\" content=\"summary_large_image\" \/>\n<meta name=\"twitter:creator\" content=\"@admin\" \/>\n<script type=\"application\/ld+json\" class=\"yoast-schema-graph\">{\"@context\":\"https:\\\/\\\/schema.org\",\"@graph\":[{\"@type\":\"Article\",\"@id\":\"https:\\\/\\\/www.organisator.ch\\\/marketing\\\/2025-03-19\\\/schweizer-werbe-auftraggeberverband-swa-waehlt-jan-de-schepper-als-neuen-praesidenten\\\/#article\",\"isPartOf\":{\"@id\":\"https:\\\/\\\/www.organisator.ch\\\/marketing\\\/2025-03-19\\\/schweizer-werbe-auftraggeberverband-swa-waehlt-jan-de-schepper-als-neuen-praesidenten\\\/\"},\"author\":{\"name\":\"galledia\",\"@id\":\"https:\\\/\\\/www.organisator.ch\\\/#\\\/schema\\\/person\\\/4e51799071cd2dd1232ac003643ef5f0\"},\"headline\":\"Schweizer Werbe-Auftraggeberverband SWA w\u00e4hlt Jan De Schepper als neuen Pr\u00e4sidenten\",\"datePublished\":\"2025-03-19T07:00:36+00:00\",\"mainEntityOfPage\":{\"@id\":\"https:\\\/\\\/www.organisator.ch\\\/marketing\\\/2025-03-19\\\/schweizer-werbe-auftraggeberverband-swa-waehlt-jan-de-schepper-als-neuen-praesidenten\\\/\"},\"wordCount\":252,\"publisher\":{\"@id\":\"https:\\\/\\\/www.organisator.ch\\\/#organization\"},\"image\":{\"@id\":\"https:\\\/\\\/www.organisator.ch\\\/marketing\\\/2025-03-19\\\/schweizer-werbe-auftraggeberverband-swa-waehlt-jan-de-schepper-als-neuen-praesidenten\\\/#primaryimage\"},\"thumbnailUrl\":\"https:\\\/\\\/www.markt-kom.com\\\/wp-content\\\/uploads\\\/2025\\\/03\\\/jan-de-schepper-Praesident-SWA_president-de-lASA-2025.jpg\",\"keywords\":[\"Jan de Schepper\",\"Jobchange\",\"MarKom\",\"Schweizer Werbe-Auftraggeberverband SWA\"],\"articleSection\":[\"MARKETING\"],\"inLanguage\":\"it-IT\"},{\"@type\":\"WebPage\",\"@id\":\"https:\\\/\\\/www.organisator.ch\\\/marketing\\\/2025-03-19\\\/schweizer-werbe-auftraggeberverband-swa-waehlt-jan-de-schepper-als-neuen-praesidenten\\\/\",\"url\":\"https:\\\/\\\/www.organisator.ch\\\/marketing\\\/2025-03-19\\\/schweizer-werbe-auftraggeberverband-swa-waehlt-jan-de-schepper-als-neuen-praesidenten\\\/\",\"name\":\"Schweizer Werbe-Auftraggeberverband SWA w\u00e4hlt Jan De Schepper als neuen Pr\u00e4sidenten - Organisator\",\"isPartOf\":{\"@id\":\"https:\\\/\\\/www.organisator.ch\\\/#website\"},\"primaryImageOfPage\":{\"@id\":\"https:\\\/\\\/www.organisator.ch\\\/marketing\\\/2025-03-19\\\/schweizer-werbe-auftraggeberverband-swa-waehlt-jan-de-schepper-als-neuen-praesidenten\\\/#primaryimage\"},\"image\":{\"@id\":\"https:\\\/\\\/www.organisator.ch\\\/marketing\\\/2025-03-19\\\/schweizer-werbe-auftraggeberverband-swa-waehlt-jan-de-schepper-als-neuen-praesidenten\\\/#primaryimage\"},\"thumbnailUrl\":\"https:\\\/\\\/www.markt-kom.com\\\/wp-content\\\/uploads\\\/2025\\\/03\\\/jan-de-schepper-Praesident-SWA_president-de-lASA-2025.jpg\",\"datePublished\":\"2025-03-19T07:00:36+00:00\",\"description\":\"Der SWA ernennt Jan De Schepper zum neuen Pr\u00e4sidenten. Roger Harlacher wird Ehrenpr\u00e4sident. Ein R\u00fcckblick auf die 76. GV in Z\u00fcrich.\",\"breadcrumb\":{\"@id\":\"https:\\\/\\\/www.organisator.ch\\\/marketing\\\/2025-03-19\\\/schweizer-werbe-auftraggeberverband-swa-waehlt-jan-de-schepper-als-neuen-praesidenten\\\/#breadcrumb\"},\"inLanguage\":\"it-IT\",\"potentialAction\":[{\"@type\":\"ReadAction\",\"target\":[\"https:\\\/\\\/www.organisator.ch\\\/marketing\\\/2025-03-19\\\/schweizer-werbe-auftraggeberverband-swa-waehlt-jan-de-schepper-als-neuen-praesidenten\\\/\"]}]},{\"@type\":\"ImageObject\",\"inLanguage\":\"it-IT\",\"@id\":\"https:\\\/\\\/www.organisator.ch\\\/marketing\\\/2025-03-19\\\/schweizer-werbe-auftraggeberverband-swa-waehlt-jan-de-schepper-als-neuen-praesidenten\\\/#primaryimage\",\"url\":\"https:\\\/\\\/www.markt-kom.com\\\/wp-content\\\/uploads\\\/2025\\\/03\\\/jan-de-schepper-Praesident-SWA_president-de-lASA-2025.jpg\",\"contentUrl\":\"https:\\\/\\\/www.markt-kom.com\\\/wp-content\\\/uploads\\\/2025\\\/03\\\/jan-de-schepper-Praesident-SWA_president-de-lASA-2025.jpg\"},{\"@type\":\"BreadcrumbList\",\"@id\":\"https:\\\/\\\/www.organisator.ch\\\/marketing\\\/2025-03-19\\\/schweizer-werbe-auftraggeberverband-swa-waehlt-jan-de-schepper-als-neuen-praesidenten\\\/#breadcrumb\",\"itemListElement\":[{\"@type\":\"ListItem\",\"position\":1,\"name\":\"Home\",\"item\":\"https:\\\/\\\/www.organisator.ch\\\/\"},{\"@type\":\"ListItem\",\"position\":2,\"name\":\"Schweizer Werbe-Auftraggeberverband SWA w\u00e4hlt Jan De Schepper als neuen Pr\u00e4sidenten\"}]},{\"@type\":\"WebSite\",\"@id\":\"https:\\\/\\\/www.organisator.ch\\\/#website\",\"url\":\"https:\\\/\\\/www.organisator.ch\\\/\",\"name\":\"Organisator\",\"description\":\"Kompetent. Praxisnah. Der ORGANISATOR bereitet in 10 Ausgaben pro Jahr die wesentlichen Themen f\u00fcr F\u00fchrungskr\u00e4fte von KMU auf.\",\"publisher\":{\"@id\":\"https:\\\/\\\/www.organisator.ch\\\/#organization\"},\"potentialAction\":[{\"@type\":\"SearchAction\",\"target\":{\"@type\":\"EntryPoint\",\"urlTemplate\":\"https:\\\/\\\/www.organisator.ch\\\/?s={search_term_string}\"},\"query-input\":{\"@type\":\"PropertyValueSpecification\",\"valueRequired\":true,\"valueName\":\"search_term_string\"}}],\"inLanguage\":\"it-IT\"},{\"@type\":\"Organization\",\"@id\":\"https:\\\/\\\/www.organisator.ch\\\/#organization\",\"name\":\"Organisator\",\"url\":\"https:\\\/\\\/www.organisator.ch\\\/\",\"logo\":{\"@type\":\"ImageObject\",\"inLanguage\":\"it-IT\",\"@id\":\"https:\\\/\\\/www.organisator.ch\\\/#\\\/schema\\\/logo\\\/image\\\/\",\"url\":\"https:\\\/\\\/www.organisator.ch\\\/wp-content\\\/uploads\\\/2022\\\/01\\\/Logo_Organisator_Website.png\",\"contentUrl\":\"https:\\\/\\\/www.organisator.ch\\\/wp-content\\\/uploads\\\/2022\\\/01\\\/Logo_Organisator_Website.png\",\"width\":800,\"height\":77,\"caption\":\"Organisator\"},\"image\":{\"@id\":\"https:\\\/\\\/www.organisator.ch\\\/#\\\/schema\\\/logo\\\/image\\\/\"},\"sameAs\":[\"https:\\\/\\\/www.facebook.com\\\/OrganisatorFachmagazin\",\"https:\\\/\\\/www.linkedin.com\\\/showcase\\\/organisator-das-magazin-fr-kmu\",\"https:\\\/\\\/www.xing.com\\\/news\\\/pages\\\/organisator-ch-695\",\"https:\\\/\\\/www.youtube.com\\\/channel\\\/UCGP2Sq0iWaZwT3BdIAQFYpw\"]},{\"@type\":\"Person\",\"@id\":\"https:\\\/\\\/www.organisator.ch\\\/#\\\/schema\\\/person\\\/4e51799071cd2dd1232ac003643ef5f0\",\"name\":\"galledia\",\"image\":{\"@type\":\"ImageObject\",\"inLanguage\":\"it-IT\",\"@id\":\"https:\\\/\\\/secure.gravatar.com\\\/avatar\\\/78a7f90c01fc2bfc875782a0d4922b37cde2cf184ce347b91316d23cd7f69a36?s=96&d=mm&r=g\",\"url\":\"https:\\\/\\\/secure.gravatar.com\\\/avatar\\\/78a7f90c01fc2bfc875782a0d4922b37cde2cf184ce347b91316d23cd7f69a36?s=96&d=mm&r=g\",\"contentUrl\":\"https:\\\/\\\/secure.gravatar.com\\\/avatar\\\/78a7f90c01fc2bfc875782a0d4922b37cde2cf184ce347b91316d23cd7f69a36?s=96&d=mm&r=g\",\"caption\":\"galledia\"},\"sameAs\":[\"https:\\\/\\\/x.com\\\/admin\"],\"url\":\"https:\\\/\\\/www.organisator.ch\\\/it\\\/author\\\/galledia\\\/\"}]}<\/script>\n<!-- \/ Yoast SEO plugin. -->","yoast_head_json":{"title":"L'Associazione svizzera dei pubblicitari SWA elegge Jan De Schepper nuovo presidente - Organizzatore","description":"La SWA nomina Jan De Schepper nuovo Presidente. Roger Harlacher diventa Presidente onorario. Un bilancio della 76a Assemblea generale di Zurigo.","robots":{"index":"index","follow":"follow","max-snippet":"max-snippet:-1","max-image-preview":"max-image-preview:large","max-video-preview":"max-video-preview:-1"},"canonical":"https:\/\/www.organisator.ch\/it\/marketing\/2025-03-19\/schweizer-werbe-auftraggeberverband-swa-waehlt-jan-de-schepper-als-neuen-praesidenten\/","og_locale":"it_IT","og_type":"article","og_title":"Schweizer Werbe-Auftraggeberverband SWA w\u00e4hlt Jan De Schepper als neuen Pr\u00e4sidenten - Organisator","og_description":"Der SWA ernennt Jan De Schepper zum neuen Pr\u00e4sidenten. Roger Harlacher wird Ehrenpr\u00e4sident. Ein R\u00fcckblick auf die 76. GV in Z\u00fcrich.","og_url":"https:\/\/www.organisator.ch\/it\/marketing\/2025-03-19\/schweizer-werbe-auftraggeberverband-swa-waehlt-jan-de-schepper-als-neuen-praesidenten\/","og_site_name":"Organisator","article_publisher":"https:\/\/www.facebook.com\/OrganisatorFachmagazin","article_published_time":"2025-03-19T07:00:36+00:00","author":"galledia","twitter_card":"summary_large_image","twitter_creator":"@admin","schema":{"@context":"https:\/\/schema.org","@graph":[{"@type":"Article","@id":"https:\/\/www.organisator.ch\/marketing\/2025-03-19\/schweizer-werbe-auftraggeberverband-swa-waehlt-jan-de-schepper-als-neuen-praesidenten\/#article","isPartOf":{"@id":"https:\/\/www.organisator.ch\/marketing\/2025-03-19\/schweizer-werbe-auftraggeberverband-swa-waehlt-jan-de-schepper-als-neuen-praesidenten\/"},"author":{"name":"galledia","@id":"https:\/\/www.organisator.ch\/#\/schema\/person\/4e51799071cd2dd1232ac003643ef5f0"},"headline":"Schweizer Werbe-Auftraggeberverband SWA w\u00e4hlt Jan De Schepper als neuen Pr\u00e4sidenten","datePublished":"2025-03-19T07:00:36+00:00","mainEntityOfPage":{"@id":"https:\/\/www.organisator.ch\/marketing\/2025-03-19\/schweizer-werbe-auftraggeberverband-swa-waehlt-jan-de-schepper-als-neuen-praesidenten\/"},"wordCount":252,"publisher":{"@id":"https:\/\/www.organisator.ch\/#organization"},"image":{"@id":"https:\/\/www.organisator.ch\/marketing\/2025-03-19\/schweizer-werbe-auftraggeberverband-swa-waehlt-jan-de-schepper-als-neuen-praesidenten\/#primaryimage"},"thumbnailUrl":"https:\/\/www.markt-kom.com\/wp-content\/uploads\/2025\/03\/jan-de-schepper-Praesident-SWA_president-de-lASA-2025.jpg","keywords":["Jan de Schepper","Jobchange","MarKom","Schweizer Werbe-Auftraggeberverband SWA"],"articleSection":["MARKETING"],"inLanguage":"it-IT"},{"@type":"WebPage","@id":"https:\/\/www.organisator.ch\/marketing\/2025-03-19\/schweizer-werbe-auftraggeberverband-swa-waehlt-jan-de-schepper-als-neuen-praesidenten\/","url":"https:\/\/www.organisator.ch\/marketing\/2025-03-19\/schweizer-werbe-auftraggeberverband-swa-waehlt-jan-de-schepper-als-neuen-praesidenten\/","name":"L'Associazione svizzera dei pubblicitari SWA elegge Jan De Schepper nuovo presidente - Organizzatore","isPartOf":{"@id":"https:\/\/www.organisator.ch\/#website"},"primaryImageOfPage":{"@id":"https:\/\/www.organisator.ch\/marketing\/2025-03-19\/schweizer-werbe-auftraggeberverband-swa-waehlt-jan-de-schepper-als-neuen-praesidenten\/#primaryimage"},"image":{"@id":"https:\/\/www.organisator.ch\/marketing\/2025-03-19\/schweizer-werbe-auftraggeberverband-swa-waehlt-jan-de-schepper-als-neuen-praesidenten\/#primaryimage"},"thumbnailUrl":"https:\/\/www.markt-kom.com\/wp-content\/uploads\/2025\/03\/jan-de-schepper-Praesident-SWA_president-de-lASA-2025.jpg","datePublished":"2025-03-19T07:00:36+00:00","description":"La SWA nomina Jan De Schepper nuovo Presidente. Roger Harlacher diventa Presidente onorario. Un bilancio della 76a Assemblea generale di Zurigo.","breadcrumb":{"@id":"https:\/\/www.organisator.ch\/marketing\/2025-03-19\/schweizer-werbe-auftraggeberverband-swa-waehlt-jan-de-schepper-als-neuen-praesidenten\/#breadcrumb"},"inLanguage":"it-IT","potentialAction":[{"@type":"ReadAction","target":["https:\/\/www.organisator.ch\/marketing\/2025-03-19\/schweizer-werbe-auftraggeberverband-swa-waehlt-jan-de-schepper-als-neuen-praesidenten\/"]}]},{"@type":"ImageObject","inLanguage":"it-IT","@id":"https:\/\/www.organisator.ch\/marketing\/2025-03-19\/schweizer-werbe-auftraggeberverband-swa-waehlt-jan-de-schepper-als-neuen-praesidenten\/#primaryimage","url":"https:\/\/www.markt-kom.com\/wp-content\/uploads\/2025\/03\/jan-de-schepper-Praesident-SWA_president-de-lASA-2025.jpg","contentUrl":"https:\/\/www.markt-kom.com\/wp-content\/uploads\/2025\/03\/jan-de-schepper-Praesident-SWA_president-de-lASA-2025.jpg"},{"@type":"BreadcrumbList","@id":"https:\/\/www.organisator.ch\/marketing\/2025-03-19\/schweizer-werbe-auftraggeberverband-swa-waehlt-jan-de-schepper-als-neuen-praesidenten\/#breadcrumb","itemListElement":[{"@type":"ListItem","position":1,"name":"Home","item":"https:\/\/www.organisator.ch\/"},{"@type":"ListItem","position":2,"name":"Schweizer Werbe-Auftraggeberverband SWA w\u00e4hlt Jan De Schepper als neuen Pr\u00e4sidenten"}]},{"@type":"WebSite","@id":"https:\/\/www.organisator.ch\/#website","url":"https:\/\/www.organisator.ch\/","name":"Organizzatore","description":"Competente. Pratico. In 10 numeri all'anno, ORGANISATOR presenta i temi essenziali per i manager delle PMI.","publisher":{"@id":"https:\/\/www.organisator.ch\/#organization"},"potentialAction":[{"@type":"SearchAction","target":{"@type":"EntryPoint","urlTemplate":"https:\/\/www.organisator.ch\/?s={search_term_string}"},"query-input":{"@type":"PropertyValueSpecification","valueRequired":true,"valueName":"search_term_string"}}],"inLanguage":"it-IT"},{"@type":"Organization","@id":"https:\/\/www.organisator.ch\/#organization","name":"Organizzatore","url":"https:\/\/www.organisator.ch\/","logo":{"@type":"ImageObject","inLanguage":"it-IT","@id":"https:\/\/www.organisator.ch\/#\/schema\/logo\/image\/","url":"https:\/\/www.organisator.ch\/wp-content\/uploads\/2022\/01\/Logo_Organisator_Website.png","contentUrl":"https:\/\/www.organisator.ch\/wp-content\/uploads\/2022\/01\/Logo_Organisator_Website.png","width":800,"height":77,"caption":"Organisator"},"image":{"@id":"https:\/\/www.organisator.ch\/#\/schema\/logo\/image\/"},"sameAs":["https:\/\/www.facebook.com\/OrganisatorFachmagazin","https:\/\/www.linkedin.com\/showcase\/organisator-das-magazin-fr-kmu","https:\/\/www.xing.com\/news\/pages\/organisator-ch-695","https:\/\/www.youtube.com\/channel\/UCGP2Sq0iWaZwT3BdIAQFYpw"]},{"@type":"Person","@id":"https:\/\/www.organisator.ch\/#\/schema\/person\/4e51799071cd2dd1232ac003643ef5f0","name":"galledia","image":{"@type":"ImageObject","inLanguage":"it-IT","@id":"https:\/\/secure.gravatar.com\/avatar\/78a7f90c01fc2bfc875782a0d4922b37cde2cf184ce347b91316d23cd7f69a36?s=96&d=mm&r=g","url":"https:\/\/secure.gravatar.com\/avatar\/78a7f90c01fc2bfc875782a0d4922b37cde2cf184ce347b91316d23cd7f69a36?s=96&d=mm&r=g","contentUrl":"https:\/\/secure.gravatar.com\/avatar\/78a7f90c01fc2bfc875782a0d4922b37cde2cf184ce347b91316d23cd7f69a36?s=96&d=mm&r=g","caption":"galledia"},"sameAs":["https:\/\/x.com\/admin"],"url":"https:\/\/www.organisator.ch\/it\/author\/galledia\/"}]}},"_links":{"self":[{"href":"https:\/\/www.organisator.ch\/it\/wp-json\/wp\/v2\/posts\/36988","targetHints":{"allow":["GET"]}}],"collection":[{"href":"https:\/\/www.organisator.ch\/it\/wp-json\/wp\/v2\/posts"}],"about":[{"href":"https:\/\/www.organisator.ch\/it\/wp-json\/wp\/v2\/types\/post"}],"author":[{"embeddable":true,"href":"https:\/\/www.organisator.ch\/it\/wp-json\/wp\/v2\/users\/8"}],"replies":[{"embeddable":true,"href":"https:\/\/www.organisator.ch\/it\/wp-json\/wp\/v2\/comments?post=36988"}],"version-history":[{"count":4,"href":"https:\/\/www.organisator.ch\/it\/wp-json\/wp\/v2\/posts\/36988\/revisions"}],"predecessor-version":[{"id":36998,"href":"https:\/\/www.organisator.ch\/it\/wp-json\/wp\/v2\/posts\/36988\/revisions\/36998"}],"wp:attachment":[{"href":"https:\/\/www.organisator.ch\/it\/wp-json\/wp\/v2\/media?parent=36988"}],"wp:term":[{"taxonomy":"category","embeddable":true,"href":"https:\/\/www.organisator.ch\/it\/wp-json\/wp\/v2\/categories?post=36988"},{"taxonomy":"post_tag","embeddable":true,"href":"https:\/\/www.organisator.ch\/it\/wp-json\/wp\/v2\/tags?post=36988"}],"curies":[{"name":"wp","href":"https:\/\/api.w.org\/{rel}","templated":true}]}}