{"id":3699,"date":"2018-06-14T08:21:57","date_gmt":"2018-06-14T06:21:57","guid":{"rendered":"https:\/\/www.organisator.ch\/?p=3699"},"modified":"2018-06-14T08:21:57","modified_gmt":"2018-06-14T06:21:57","slug":"burn-bore-oder-brown-out","status":"publish","type":"post","link":"https:\/\/www.organisator.ch\/it\/management\/2018-06-14\/burn-bore-oder-brown-out\/","title":{"rendered":"Burn-out, bore-out o brown-out?"},"content":{"rendered":"<figure id=\"attachment_3701\" aria-describedby=\"caption-attachment-3701\" style=\"width: 680px\" class=\"wp-caption alignnone\"><img loading=\"lazy\" decoding=\"async\" class=\"size-medium wp-image-3701\" src=\"https:\/\/www.organisator.ch\/wp-content\/uploads\/2018\/05\/2018_06_Leadership_Dudas_Bild_1636477.jpg\" alt=\"&lt;p\/&gt;         &lt;p\/&gt;         &lt;p\/&gt;         &lt;p\/&gt;         &lt;p\/&gt; \" width=\"680\" height=\"680\" \/><figcaption id=\"caption-attachment-3701\" class=\"wp-caption-text\">PIENO DI SENSO. Solo ci\u00f2 che ha senso pu\u00f2 realizzarci. Il nuovo libro di Stefan Dudas, pubblicato da BusinessVillage Verlag, ISBN 978-3-8698-039-44. <a href=\"http:\/\/www.voll-sinn.com\">www.voll-sinn.com<\/a>.<\/figcaption><\/figure>\n<p>\"Ha dato tutto per l'azienda. Esemplare. Lo visiteremo sicuramente nella clinica\". Il burnout \u00e8 diventato una moda e, a differenza della depressione, sembra \"adatto al business\".<\/p>\n<h2>Nient'altro che termini \"adatti al business\"?<\/h2>\n<p>In realt\u00e0, il burn-out \u00e8 abbastanza assurdo. Perch\u00e9 le persone con fiducia in se stesse (spesso in posizioni di leadership) lavorano fino a perdere la coscienza. La noia \u00e8 altrettanto pericolosa, ma in realt\u00e0 ancora pi\u00f9 assurda: persone che sono cos\u00ec poco impegnate e annoiate nel loro lavoro che devono fingere di essere occupate perch\u00e9 hanno semplicemente paura di essere licenziate. Relativamente nuovo per questo duo \u00e8 il brown-out. Questo termine \u00e8 preso in prestito dall'industria elettrica e significa una caduta di tensione. In azienda, si riferisce a un dipendente che (insidiosamente) perde interesse o divertimento nel suo lavoro. Di solito iniziati da troppe regole e dalla mancanza di creativit\u00e0 e di significato nel loro lavoro.<\/p>\n<h2>Torna alla responsabilit\u00e0 personale<\/h2>\n<p>Cos\u00ec ora sappiamo come chiamarlo: troppo, troppo poco, o un lavoro insoddisfacente. Ci sono termini per tutte e tre le situazioni. Ma come possiamo essere salvati? Una parola che a molti non piace sentire: Responsabilit\u00e0 personale. Questa parola fornisce anche la soluzione: La parola \"responsabilit\u00e0\" contiene la parola \"posizione\". Analizzate la vostra posizione e se volete stare l\u00ec. Contiene anche la parola \"risposta\". Rispondi onestamente alle domande: perch\u00e9 fai quello che stai facendo? Quali sono le conseguenze? Cosa ne pensa? E nella parola responsabilit\u00e0 c'\u00e8 anche la parola \"fare\".<\/p>\n<h2>Parlarne<\/h2>\n<p>Quindi entrate in azione. Perch\u00e9 non aiuta nessuno se continui a mettere in scena lo \"spettacolo\" e alla fine crolli dietro il sipario. Anche se questo sembra semplice, spesso si ha bisogno di un partner di dialogo. Questo non deve necessariamente essere un allenatore. L'importante \u00e8 che ne parli con qualcuno. Questo \u00e8 l'inizio.<\/p>\n<p>&nbsp;<\/p>\n<p><em>Sull'autore: Stefan Dudas \u00e8 un esperto di business per la creazione di senso. Il keynote speaker, coach e autore pone le basi per nuovi modi di pensare in modo umoristico e profondo. Il suo \"Suxess System for Meaning-Based Management\" trasmette significativit\u00e0 nella leadership, nella comunicazione e nella motivazione. Il suo nuovo libro \"VOLL SINN - Nur was Sinn macht, kann uns erf\u00fcllen\" \u00e8 stato pubblicato nel dicembre 2017. Ulteriori informazioni: <a href=\"http:\/\/www.stefandudas.com\">www.stefandudas.com<\/a><\/em><\/p>","protected":false},"excerpt":{"rendered":"<p>\u00abEr hat alles f\u00fcr das Unternehmen ge\u00adgeben. Vorbildlich. Wir besuchen ihn sicher mal in der Klinik.\u00bb Burnout ist zur Modeerscheinung geworden und wirkt im Unterschied zu einer Depression \u00abbusinesstauglich\u00bb. Nichts als \u00abbusinesstaugliche\u00bb Begriffe? Eigentlich ist Burn-out schon absurd genug. Denn Menschen mit Selbstbewusstsein (oft in F\u00fchrungspositionen) arbeiten bis zur Bewusst\u00adlo\u00adsigkeit. Bore-out ist genauso gef\u00e4hrlich, aber [&hellip;]<\/p>\n","protected":false},"author":7,"featured_media":3700,"comment_status":"open","ping_status":"open","sticky":false,"template":"","format":"standard","meta":{"_acf_changed":false,"_yoast_wpseo_focuskw":"Sinn","_yoast_wpseo_metadesc":"Sind wir noch zu retten? Nur was Sinn macht, kann uns erf\u00fcllen! Ein Kommentar.","articlekey":"","footnotes":""},"categories":[28],"tags":[92,95,208,335],"class_list":["post-3699","post","type-post","status-publish","format-standard","has-post-thumbnail","hentry","category-management","tag-buch","tag-buchtipps","tag-fit-im-job","tag-management-und-unternehmensfuehrung"],"acf":[],"yoast_head":"<!-- This site is optimized with the Yoast SEO plugin v27.4 - https:\/\/yoast.com\/product\/yoast-seo-wordpress\/ -->\n<title>Burn-, Bore- oder Brown-out? - Organisator<\/title>\n<meta name=\"description\" content=\"Sind wir noch zu retten? Nur was Sinn macht, kann uns erf\u00fcllen! Ein Kommentar.\" \/>\n<meta name=\"robots\" content=\"index, follow, max-snippet:-1, max-image-preview:large, max-video-preview:-1\" \/>\n<link rel=\"canonical\" href=\"https:\/\/www.organisator.ch\/it\/gestione-2\/2018-06-14\/burn-bore-oder-brown-out\/\" \/>\n<meta property=\"og:locale\" content=\"it_IT\" \/>\n<meta property=\"og:type\" content=\"article\" \/>\n<meta property=\"og:title\" content=\"Burn-, Bore- oder Brown-out?\" \/>\n<meta property=\"og:description\" content=\"Sind wir noch zu retten? Nur was #Sinn macht, kann uns erf\u00fcllen! Ein Kommentar.\" \/>\n<meta property=\"og:url\" content=\"https:\/\/www.organisator.ch\/it\/gestione-2\/2018-06-14\/burn-bore-oder-brown-out\/\" \/>\n<meta property=\"og:site_name\" content=\"Organisator\" \/>\n<meta property=\"article:publisher\" content=\"https:\/\/www.facebook.com\/OrganisatorFachmagazin\" \/>\n<meta property=\"article:published_time\" content=\"2018-06-14T06:21:57+00:00\" \/>\n<meta name=\"author\" content=\"K4-Import\" \/>\n<meta name=\"twitter:card\" content=\"summary_large_image\" \/>\n<meta name=\"twitter:title\" content=\"#Burn-, #Bore- oder #Brown-out?\" \/>\n<meta name=\"twitter:description\" content=\"Sind wir noch zu retten? Nur was #Sinn macht, kann uns erf\u00fcllen! Ein Kommentar.\" \/>\n<meta name=\"twitter:image\" content=\"https:\/\/www.organisator.ch\/wp-content\/uploads\/2018\/05\/2018_06_Leadership_Dudas_Bild_1636477.jpg\" \/>\n<script type=\"application\/ld+json\" class=\"yoast-schema-graph\">{\"@context\":\"https:\\\/\\\/schema.org\",\"@graph\":[{\"@type\":\"Article\",\"@id\":\"https:\\\/\\\/www.organisator.ch\\\/management\\\/2018-06-14\\\/burn-bore-oder-brown-out\\\/#article\",\"isPartOf\":{\"@id\":\"https:\\\/\\\/www.organisator.ch\\\/management\\\/2018-06-14\\\/burn-bore-oder-brown-out\\\/\"},\"author\":{\"name\":\"K4-Import\",\"@id\":\"https:\\\/\\\/www.organisator.ch\\\/#\\\/schema\\\/person\\\/dd8ffea01043c9c41d7718296a158fac\"},\"headline\":\"Burn-, Bore- oder Brown-out?\",\"datePublished\":\"2018-06-14T06:21:57+00:00\",\"mainEntityOfPage\":{\"@id\":\"https:\\\/\\\/www.organisator.ch\\\/management\\\/2018-06-14\\\/burn-bore-oder-brown-out\\\/\"},\"wordCount\":424,\"commentCount\":0,\"publisher\":{\"@id\":\"https:\\\/\\\/www.organisator.ch\\\/#organization\"},\"image\":{\"@id\":\"https:\\\/\\\/www.organisator.ch\\\/management\\\/2018-06-14\\\/burn-bore-oder-brown-out\\\/#primaryimage\"},\"thumbnailUrl\":\"https:\\\/\\\/www.organisator.ch\\\/wp-content\\\/uploads\\\/2018\\\/05\\\/Dudas_Stefan_324825.jpg\",\"keywords\":[\"Buch\",\"Buchtipps\",\"Fit im Job\",\"Management und Unternehmensf\u00fchrung\"],\"articleSection\":[\"MANAGEMENT\"],\"inLanguage\":\"it-IT\"},{\"@type\":\"WebPage\",\"@id\":\"https:\\\/\\\/www.organisator.ch\\\/management\\\/2018-06-14\\\/burn-bore-oder-brown-out\\\/\",\"url\":\"https:\\\/\\\/www.organisator.ch\\\/management\\\/2018-06-14\\\/burn-bore-oder-brown-out\\\/\",\"name\":\"Burn-, Bore- oder Brown-out? - Organisator\",\"isPartOf\":{\"@id\":\"https:\\\/\\\/www.organisator.ch\\\/#website\"},\"primaryImageOfPage\":{\"@id\":\"https:\\\/\\\/www.organisator.ch\\\/management\\\/2018-06-14\\\/burn-bore-oder-brown-out\\\/#primaryimage\"},\"image\":{\"@id\":\"https:\\\/\\\/www.organisator.ch\\\/management\\\/2018-06-14\\\/burn-bore-oder-brown-out\\\/#primaryimage\"},\"thumbnailUrl\":\"https:\\\/\\\/www.organisator.ch\\\/wp-content\\\/uploads\\\/2018\\\/05\\\/Dudas_Stefan_324825.jpg\",\"datePublished\":\"2018-06-14T06:21:57+00:00\",\"description\":\"Sind wir noch zu retten? Nur was Sinn macht, kann uns erf\u00fcllen! Ein Kommentar.\",\"breadcrumb\":{\"@id\":\"https:\\\/\\\/www.organisator.ch\\\/management\\\/2018-06-14\\\/burn-bore-oder-brown-out\\\/#breadcrumb\"},\"inLanguage\":\"it-IT\",\"potentialAction\":[{\"@type\":\"ReadAction\",\"target\":[\"https:\\\/\\\/www.organisator.ch\\\/management\\\/2018-06-14\\\/burn-bore-oder-brown-out\\\/\"]}]},{\"@type\":\"ImageObject\",\"inLanguage\":\"it-IT\",\"@id\":\"https:\\\/\\\/www.organisator.ch\\\/management\\\/2018-06-14\\\/burn-bore-oder-brown-out\\\/#primaryimage\",\"url\":\"https:\\\/\\\/www.organisator.ch\\\/wp-content\\\/uploads\\\/2018\\\/05\\\/Dudas_Stefan_324825.jpg\",\"contentUrl\":\"https:\\\/\\\/www.organisator.ch\\\/wp-content\\\/uploads\\\/2018\\\/05\\\/Dudas_Stefan_324825.jpg\",\"width\":543,\"height\":622,\"caption\":\"\"},{\"@type\":\"BreadcrumbList\",\"@id\":\"https:\\\/\\\/www.organisator.ch\\\/management\\\/2018-06-14\\\/burn-bore-oder-brown-out\\\/#breadcrumb\",\"itemListElement\":[{\"@type\":\"ListItem\",\"position\":1,\"name\":\"Home\",\"item\":\"https:\\\/\\\/www.organisator.ch\\\/\"},{\"@type\":\"ListItem\",\"position\":2,\"name\":\"Burn-, Bore- oder Brown-out?\"}]},{\"@type\":\"WebSite\",\"@id\":\"https:\\\/\\\/www.organisator.ch\\\/#website\",\"url\":\"https:\\\/\\\/www.organisator.ch\\\/\",\"name\":\"Organisator\",\"description\":\"Kompetent. Praxisnah. Der ORGANISATOR bereitet in 10 Ausgaben pro Jahr die wesentlichen Themen f\u00fcr F\u00fchrungskr\u00e4fte von KMU auf.\",\"publisher\":{\"@id\":\"https:\\\/\\\/www.organisator.ch\\\/#organization\"},\"potentialAction\":[{\"@type\":\"SearchAction\",\"target\":{\"@type\":\"EntryPoint\",\"urlTemplate\":\"https:\\\/\\\/www.organisator.ch\\\/?s={search_term_string}\"},\"query-input\":{\"@type\":\"PropertyValueSpecification\",\"valueRequired\":true,\"valueName\":\"search_term_string\"}}],\"inLanguage\":\"it-IT\"},{\"@type\":\"Organization\",\"@id\":\"https:\\\/\\\/www.organisator.ch\\\/#organization\",\"name\":\"Organisator\",\"url\":\"https:\\\/\\\/www.organisator.ch\\\/\",\"logo\":{\"@type\":\"ImageObject\",\"inLanguage\":\"it-IT\",\"@id\":\"https:\\\/\\\/www.organisator.ch\\\/#\\\/schema\\\/logo\\\/image\\\/\",\"url\":\"https:\\\/\\\/www.organisator.ch\\\/wp-content\\\/uploads\\\/2022\\\/01\\\/Logo_Organisator_Website.png\",\"contentUrl\":\"https:\\\/\\\/www.organisator.ch\\\/wp-content\\\/uploads\\\/2022\\\/01\\\/Logo_Organisator_Website.png\",\"width\":800,\"height\":77,\"caption\":\"Organisator\"},\"image\":{\"@id\":\"https:\\\/\\\/www.organisator.ch\\\/#\\\/schema\\\/logo\\\/image\\\/\"},\"sameAs\":[\"https:\\\/\\\/www.facebook.com\\\/OrganisatorFachmagazin\",\"https:\\\/\\\/www.linkedin.com\\\/showcase\\\/organisator-das-magazin-fr-kmu\",\"https:\\\/\\\/www.xing.com\\\/news\\\/pages\\\/organisator-ch-695\",\"https:\\\/\\\/www.youtube.com\\\/channel\\\/UCGP2Sq0iWaZwT3BdIAQFYpw\"]},{\"@type\":\"Person\",\"@id\":\"https:\\\/\\\/www.organisator.ch\\\/#\\\/schema\\\/person\\\/dd8ffea01043c9c41d7718296a158fac\",\"name\":\"K4-Import\",\"image\":{\"@type\":\"ImageObject\",\"inLanguage\":\"it-IT\",\"@id\":\"https:\\\/\\\/secure.gravatar.com\\\/avatar\\\/73620ab7215a54b074cc226514e02ed65cb79211bbaee1eb49b63b57e58aaad6?s=96&d=mm&r=g\",\"url\":\"https:\\\/\\\/secure.gravatar.com\\\/avatar\\\/73620ab7215a54b074cc226514e02ed65cb79211bbaee1eb49b63b57e58aaad6?s=96&d=mm&r=g\",\"contentUrl\":\"https:\\\/\\\/secure.gravatar.com\\\/avatar\\\/73620ab7215a54b074cc226514e02ed65cb79211bbaee1eb49b63b57e58aaad6?s=96&d=mm&r=g\",\"caption\":\"K4-Import\"},\"url\":\"https:\\\/\\\/www.organisator.ch\\\/it\\\/author\\\/k4-import\\\/\"}]}<\/script>\n<!-- \/ Yoast SEO plugin. -->","yoast_head_json":{"title":"Burn-out, bore-out o brown-out? - Organizzatore","description":"Possiamo ancora essere salvati? Solo ci\u00f2 che ha senso pu\u00f2 realizzarci! Un commento.","robots":{"index":"index","follow":"follow","max-snippet":"max-snippet:-1","max-image-preview":"max-image-preview:large","max-video-preview":"max-video-preview:-1"},"canonical":"https:\/\/www.organisator.ch\/it\/gestione-2\/2018-06-14\/burn-bore-oder-brown-out\/","og_locale":"it_IT","og_type":"article","og_title":"Burn-, Bore- oder Brown-out?","og_description":"Sind wir noch zu retten? Nur was #Sinn macht, kann uns erf\u00fcllen! Ein Kommentar.","og_url":"https:\/\/www.organisator.ch\/it\/gestione-2\/2018-06-14\/burn-bore-oder-brown-out\/","og_site_name":"Organisator","article_publisher":"https:\/\/www.facebook.com\/OrganisatorFachmagazin","article_published_time":"2018-06-14T06:21:57+00:00","author":"K4-Import","twitter_card":"summary_large_image","twitter_title":"#Burn-, #Bore- oder #Brown-out?","twitter_description":"Sind wir noch zu retten? Nur was #Sinn macht, kann uns erf\u00fcllen! Ein Kommentar.","twitter_image":"https:\/\/www.organisator.ch\/wp-content\/uploads\/2018\/05\/2018_06_Leadership_Dudas_Bild_1636477.jpg","schema":{"@context":"https:\/\/schema.org","@graph":[{"@type":"Article","@id":"https:\/\/www.organisator.ch\/management\/2018-06-14\/burn-bore-oder-brown-out\/#article","isPartOf":{"@id":"https:\/\/www.organisator.ch\/management\/2018-06-14\/burn-bore-oder-brown-out\/"},"author":{"name":"K4-Import","@id":"https:\/\/www.organisator.ch\/#\/schema\/person\/dd8ffea01043c9c41d7718296a158fac"},"headline":"Burn-, Bore- oder Brown-out?","datePublished":"2018-06-14T06:21:57+00:00","mainEntityOfPage":{"@id":"https:\/\/www.organisator.ch\/management\/2018-06-14\/burn-bore-oder-brown-out\/"},"wordCount":424,"commentCount":0,"publisher":{"@id":"https:\/\/www.organisator.ch\/#organization"},"image":{"@id":"https:\/\/www.organisator.ch\/management\/2018-06-14\/burn-bore-oder-brown-out\/#primaryimage"},"thumbnailUrl":"https:\/\/www.organisator.ch\/wp-content\/uploads\/2018\/05\/Dudas_Stefan_324825.jpg","keywords":["Buch","Buchtipps","Fit im Job","Management und Unternehmensf\u00fchrung"],"articleSection":["MANAGEMENT"],"inLanguage":"it-IT"},{"@type":"WebPage","@id":"https:\/\/www.organisator.ch\/management\/2018-06-14\/burn-bore-oder-brown-out\/","url":"https:\/\/www.organisator.ch\/management\/2018-06-14\/burn-bore-oder-brown-out\/","name":"Burn-out, bore-out o brown-out? - Organizzatore","isPartOf":{"@id":"https:\/\/www.organisator.ch\/#website"},"primaryImageOfPage":{"@id":"https:\/\/www.organisator.ch\/management\/2018-06-14\/burn-bore-oder-brown-out\/#primaryimage"},"image":{"@id":"https:\/\/www.organisator.ch\/management\/2018-06-14\/burn-bore-oder-brown-out\/#primaryimage"},"thumbnailUrl":"https:\/\/www.organisator.ch\/wp-content\/uploads\/2018\/05\/Dudas_Stefan_324825.jpg","datePublished":"2018-06-14T06:21:57+00:00","description":"Possiamo ancora essere salvati? Solo ci\u00f2 che ha senso pu\u00f2 realizzarci! Un commento.","breadcrumb":{"@id":"https:\/\/www.organisator.ch\/management\/2018-06-14\/burn-bore-oder-brown-out\/#breadcrumb"},"inLanguage":"it-IT","potentialAction":[{"@type":"ReadAction","target":["https:\/\/www.organisator.ch\/management\/2018-06-14\/burn-bore-oder-brown-out\/"]}]},{"@type":"ImageObject","inLanguage":"it-IT","@id":"https:\/\/www.organisator.ch\/management\/2018-06-14\/burn-bore-oder-brown-out\/#primaryimage","url":"https:\/\/www.organisator.ch\/wp-content\/uploads\/2018\/05\/Dudas_Stefan_324825.jpg","contentUrl":"https:\/\/www.organisator.ch\/wp-content\/uploads\/2018\/05\/Dudas_Stefan_324825.jpg","width":543,"height":622,"caption":""},{"@type":"BreadcrumbList","@id":"https:\/\/www.organisator.ch\/management\/2018-06-14\/burn-bore-oder-brown-out\/#breadcrumb","itemListElement":[{"@type":"ListItem","position":1,"name":"Home","item":"https:\/\/www.organisator.ch\/"},{"@type":"ListItem","position":2,"name":"Burn-, Bore- oder Brown-out?"}]},{"@type":"WebSite","@id":"https:\/\/www.organisator.ch\/#website","url":"https:\/\/www.organisator.ch\/","name":"Organizzatore","description":"Competente. Pratico. In 10 numeri all'anno, ORGANISATOR presenta i temi essenziali per i manager delle PMI.","publisher":{"@id":"https:\/\/www.organisator.ch\/#organization"},"potentialAction":[{"@type":"SearchAction","target":{"@type":"EntryPoint","urlTemplate":"https:\/\/www.organisator.ch\/?s={search_term_string}"},"query-input":{"@type":"PropertyValueSpecification","valueRequired":true,"valueName":"search_term_string"}}],"inLanguage":"it-IT"},{"@type":"Organization","@id":"https:\/\/www.organisator.ch\/#organization","name":"Organizzatore","url":"https:\/\/www.organisator.ch\/","logo":{"@type":"ImageObject","inLanguage":"it-IT","@id":"https:\/\/www.organisator.ch\/#\/schema\/logo\/image\/","url":"https:\/\/www.organisator.ch\/wp-content\/uploads\/2022\/01\/Logo_Organisator_Website.png","contentUrl":"https:\/\/www.organisator.ch\/wp-content\/uploads\/2022\/01\/Logo_Organisator_Website.png","width":800,"height":77,"caption":"Organisator"},"image":{"@id":"https:\/\/www.organisator.ch\/#\/schema\/logo\/image\/"},"sameAs":["https:\/\/www.facebook.com\/OrganisatorFachmagazin","https:\/\/www.linkedin.com\/showcase\/organisator-das-magazin-fr-kmu","https:\/\/www.xing.com\/news\/pages\/organisator-ch-695","https:\/\/www.youtube.com\/channel\/UCGP2Sq0iWaZwT3BdIAQFYpw"]},{"@type":"Person","@id":"https:\/\/www.organisator.ch\/#\/schema\/person\/dd8ffea01043c9c41d7718296a158fac","name":"Importazione K4","image":{"@type":"ImageObject","inLanguage":"it-IT","@id":"https:\/\/secure.gravatar.com\/avatar\/73620ab7215a54b074cc226514e02ed65cb79211bbaee1eb49b63b57e58aaad6?s=96&d=mm&r=g","url":"https:\/\/secure.gravatar.com\/avatar\/73620ab7215a54b074cc226514e02ed65cb79211bbaee1eb49b63b57e58aaad6?s=96&d=mm&r=g","contentUrl":"https:\/\/secure.gravatar.com\/avatar\/73620ab7215a54b074cc226514e02ed65cb79211bbaee1eb49b63b57e58aaad6?s=96&d=mm&r=g","caption":"K4-Import"},"url":"https:\/\/www.organisator.ch\/it\/author\/k4-import\/"}]}},"_links":{"self":[{"href":"https:\/\/www.organisator.ch\/it\/wp-json\/wp\/v2\/posts\/3699","targetHints":{"allow":["GET"]}}],"collection":[{"href":"https:\/\/www.organisator.ch\/it\/wp-json\/wp\/v2\/posts"}],"about":[{"href":"https:\/\/www.organisator.ch\/it\/wp-json\/wp\/v2\/types\/post"}],"author":[{"embeddable":true,"href":"https:\/\/www.organisator.ch\/it\/wp-json\/wp\/v2\/users\/7"}],"replies":[{"embeddable":true,"href":"https:\/\/www.organisator.ch\/it\/wp-json\/wp\/v2\/comments?post=3699"}],"version-history":[{"count":0,"href":"https:\/\/www.organisator.ch\/it\/wp-json\/wp\/v2\/posts\/3699\/revisions"}],"wp:featuredmedia":[{"embeddable":true,"href":"https:\/\/www.organisator.ch\/it\/wp-json\/wp\/v2\/media\/3700"}],"wp:attachment":[{"href":"https:\/\/www.organisator.ch\/it\/wp-json\/wp\/v2\/media?parent=3699"}],"wp:term":[{"taxonomy":"category","embeddable":true,"href":"https:\/\/www.organisator.ch\/it\/wp-json\/wp\/v2\/categories?post=3699"},{"taxonomy":"post_tag","embeddable":true,"href":"https:\/\/www.organisator.ch\/it\/wp-json\/wp\/v2\/tags?post=3699"}],"curies":[{"name":"wp","href":"https:\/\/api.w.org\/{rel}","templated":true}]}}