{"id":37001,"date":"2025-03-19T10:30:57","date_gmt":"2025-03-19T09:30:57","guid":{"rendered":"https:\/\/www.m-q.ch\/?p=21213"},"modified":"2025-03-19T10:35:37","modified_gmt":"2025-03-19T09:35:37","slug":"cybersecurity-test-fuer-kmu-ist-gefragt-und-bewaehrt","status":"publish","type":"post","link":"https:\/\/www.organisator.ch\/it\/operational-excellence\/2025-03-19\/cybersecurity-test-fuer-kmu-ist-gefragt-und-bewaehrt\/","title":{"rendered":"Il test di cybersecurity per le PMI \u00e8 richiesto e collaudato"},"content":{"rendered":"<figure id=\"attachment_21215\" class=\"wp-caption alignnone\" style=\"width: 680px;\" aria-describedby=\"caption-attachment-21215\"><img class=\"size-full wp-image-21215\" src=\"https:\/\/www.m-q.ch\/wp-content\/uploads\/2025\/03\/Cybersecurity-Test_Bild_ps.jpg\" sizes=\"(max-width: 680px) 100vw, 680px\" srcset=\"https:\/\/www.m-q.ch\/wp-content\/uploads\/2025\/03\/Cybersecurity-Test_Bild_ps.jpg 680w, https:\/\/www.m-q.ch\/wp-content\/uploads\/2025\/03\/Cybersecurity-Test_Bild_ps-18x10.jpg 18w, https:\/\/www.m-q.ch\/wp-content\/uploads\/2025\/03\/Cybersecurity-Test_Bild_ps-375x210.jpg 375w, https:\/\/www.m-q.ch\/wp-content\/uploads\/2025\/03\/Cybersecurity-Test_Bild_ps-625x350.jpg 625w\" alt=\"\" width=\"680\" height=\"381\" \/>\r\n<figcaption id=\"caption-attachment-21215\" class=\"wp-caption-text\">Suissedigital sensibilizza le PMI ai rischi con un test di cybersecurity. I risultati lo dimostrano: C'\u00e8 ancora molto da fare. (Immagine: www.depositphotos.com)<\/figcaption>\r\n<\/figure>\r\n<p>La sicurezza informatica \u00e8 un tema sempre pi\u00f9 importante per le aziende. Il contesto \u00e8 la digitalizzazione, che offre grandi vantaggi soprattutto alle PMI. Le parole chiave sono processi pi\u00f9 efficienti, marketing basato sui dati e soluzioni cloud. Allo stesso tempo, il rischio che le PMI siano vittime della criminalit\u00e0 informatica \u00e8 in aumento. Tuttavia, spesso sembra mancare la consapevolezza della propria vulnerabilit\u00e0. Lo dimostrano i casi documentati di criminalit\u00e0 informatica. \"Questi sono solo alcuni dei casi\", afferma Reto Zumoberhaus. \u00c8 responsabile della sicurezza informatica presso Suissedigital. \"Molti casi non arrivano al pubblico perch\u00e9 le PMI interessate non vogliono esporsi\".<\/p>\r\n<h3><strong>Base solida, carenze nella gestione del rischio e nella capacit\u00e0 di reazione<\/strong><\/h3>\r\n<p>Per sostenere le aziende nella lotta contro la criminalit\u00e0 informatica, Suissedigital ha lanciato due anni fa un test di sicurezza informatica per le PMI, sviluppato in collaborazione con FortIT AG. L'associazione si \u00e8 orientata al framework di cybersecurity NIST: 1. identificare; 2. proteggere; 3. rilevare; 4. rispondere e 5. recuperare.<\/p>\r\n<p>Sulla base delle analisi degli oltre 330 test completati, si possono fare le seguenti affermazioni:<\/p>\r\n<ul>\r\n\t<li>Le PMI sono autocritiche. Riconoscono di dover porre maggiore attenzione alla sicurezza informatica.<\/li>\r\n\t<li>Le PMI si concentrano principalmente sulle aree di identificazione e protezione. Rolf Wagner, Partner di FortIT, afferma: \"Molte PMI hanno creato una solida base. I requisiti di protezione dei processi aziendali vengono discussi, le strategie di backup e di patch diventano sempre pi\u00f9 professionali, riducendo cos\u00ec la perdita di dati e altri rischi.\"<\/li>\r\n\t<li>Tuttavia, le PMI presentano carenze nelle aree di riconoscimento, reazione e recupero. Rolf Wagner: \"La gestione del rischio nelle PMI \u00e8 ancora spesso non sistematica. Inoltre, molte PMI hanno difficolt\u00e0 a riconoscere attivamente le vulnerabilit\u00e0 e a reagire agli incidenti di sicurezza\".<\/li>\r\n<\/ul>\r\n<h3><strong>\"Riconoscere i pericoli della criminalit\u00e0 informatica\".<\/strong><\/h3>\r\n<p>\"L'autoconsapevolezza \u00e8 il primo passo verso il cambiamento: in questo senso, il nostro test offre un importante contributo per aiutare le PMI a riconoscere i pericoli della criminalit\u00e0 informatica e ad adottare le misure necessarie\". Cos\u00ec Reto Zumoberhaus riassume l'esperienza degli ultimi due anni. Il test \u00e8 ancora disponibile in tedesco, francese e inglese sul sito web dell'associazione: <a href=\"https:\/\/control.forthub.io\/surveys\/df341c07-4399-4070-a346-1cfdaf054f64\">Controllo della sicurezza informatica<\/a><\/p>\r\n<p><em>Fonte: <a href=\"https:\/\/www.suissedigital.ch\/\">www.suissedigital.ch<\/a><\/em><\/p>\n<p class=\"syndicated-attribution\">Questo articolo \u00e8 apparso originariamente su m-q.ch - <a href=\"https:\/\/www.m-q.ch\/de\/cybersecurity-test-fuer-kmu-ist-gefragt-und-bewaehrt\/\" target=\"_blank\">https:\/\/www.m-q.ch\/de\/cybersecurity-test-fuer-kmu-ist-gefragt-und-bewaehrt\/<\/a><\/p>","protected":false},"excerpt":{"rendered":"<p>Due anni fa, l'associazione imprenditoriale Suissedigital ha lanciato un test di cybersecurity che sensibilizza le piccole e medie imprese (PMI) sui pericoli del cyberspazio e, allo stesso tempo, consente loro di determinare la propria posizione. Ad oggi, il test online \u00e8 stato completato pi\u00f9 di 330 volte. I risultati mostrano che la maggior parte delle aziende deve recuperare terreno.<\/p>","protected":false},"author":80,"featured_media":0,"comment_status":"closed","ping_status":"closed","sticky":false,"template":"","format":"standard","meta":{"_acf_changed":false,"_yoast_wpseo_focuskw":"Cybersecurity-Test f\u00fcr KMU","_yoast_wpseo_metadesc":"Suissedigital sensibilisiert KMU mit einem Cybersecurity-Test f\u00fcr Risiken. Die Ergebnisse zeigen: Es gibt noch viel zu tun.","articlekey":"","footnotes":""},"categories":[582],"tags":[3047,5213,301,418,461,480,492],"class_list":["post-37001","post","type-post","status-publish","format-standard","hentry","category-operational-excellence","tag-cybersecurity","tag-gefahren","tag-kmu","tag-risikomanagement","tag-suissedigital","tag-test","tag-unternehmen"],"acf":[],"yoast_head":"<!-- This site is optimized with the Yoast SEO plugin v27.4 - https:\/\/yoast.com\/product\/yoast-seo-wordpress\/ -->\n<title>Cybersecurity-Test f\u00fcr KMU ist gefragt und bew\u00e4hrt - Organisator<\/title>\n<meta name=\"description\" content=\"Suissedigital sensibilisiert KMU mit einem Cybersecurity-Test f\u00fcr Risiken. Die Ergebnisse zeigen: Es gibt noch viel zu tun.\" \/>\n<meta name=\"robots\" content=\"index, follow, max-snippet:-1, max-image-preview:large, max-video-preview:-1\" \/>\n<link rel=\"canonical\" href=\"https:\/\/www.organisator.ch\/it\/eccellenza-operativa\/2025-03-19\/cybersecurity-test-fuer-kmu-ist-gefragt-und-bewaehrt\/\" \/>\n<meta property=\"og:locale\" content=\"it_IT\" \/>\n<meta property=\"og:type\" content=\"article\" \/>\n<meta property=\"og:title\" content=\"Cybersecurity-Test f\u00fcr KMU ist gefragt und bew\u00e4hrt - Organisator\" \/>\n<meta property=\"og:description\" content=\"Suissedigital sensibilisiert KMU mit einem Cybersecurity-Test f\u00fcr Risiken. Die Ergebnisse zeigen: Es gibt noch viel zu tun.\" \/>\n<meta property=\"og:url\" content=\"https:\/\/www.organisator.ch\/it\/eccellenza-operativa\/2025-03-19\/cybersecurity-test-fuer-kmu-ist-gefragt-und-bewaehrt\/\" \/>\n<meta property=\"og:site_name\" content=\"Organisator\" \/>\n<meta property=\"article:publisher\" content=\"https:\/\/www.facebook.com\/OrganisatorFachmagazin\" \/>\n<meta property=\"article:published_time\" content=\"2025-03-19T09:30:57+00:00\" \/>\n<meta property=\"article:modified_time\" content=\"2025-03-19T09:35:37+00:00\" \/>\n<meta property=\"og:image\" content=\"https:\/\/www.organisator.ch\/wp-content\/uploads\/2023\/08\/OpEx_Troxler_Bild1_organisator_56448-scaled.jpg\" \/>\n\t<meta property=\"og:image:width\" content=\"1246\" \/>\n\t<meta property=\"og:image:height\" content=\"1400\" \/>\n\t<meta property=\"og:image:type\" content=\"image\/jpeg\" \/>\n<meta name=\"author\" content=\"Dzana Muminovic\" \/>\n<meta name=\"twitter:card\" content=\"summary_large_image\" \/>\n<script type=\"application\/ld+json\" class=\"yoast-schema-graph\">{\"@context\":\"https:\\\/\\\/schema.org\",\"@graph\":[{\"@type\":\"Article\",\"@id\":\"https:\\\/\\\/www.organisator.ch\\\/operational-excellence\\\/2025-03-19\\\/cybersecurity-test-fuer-kmu-ist-gefragt-und-bewaehrt\\\/#article\",\"isPartOf\":{\"@id\":\"https:\\\/\\\/www.organisator.ch\\\/operational-excellence\\\/2025-03-19\\\/cybersecurity-test-fuer-kmu-ist-gefragt-und-bewaehrt\\\/\"},\"author\":{\"name\":\"Dzana Muminovic\",\"@id\":\"https:\\\/\\\/www.organisator.ch\\\/#\\\/schema\\\/person\\\/afccda3a71c06d4be2ed9100dd163db7\"},\"headline\":\"Cybersecurity-Test f\u00fcr KMU ist gefragt und bew\u00e4hrt\",\"datePublished\":\"2025-03-19T09:30:57+00:00\",\"dateModified\":\"2025-03-19T09:35:37+00:00\",\"mainEntityOfPage\":{\"@id\":\"https:\\\/\\\/www.organisator.ch\\\/operational-excellence\\\/2025-03-19\\\/cybersecurity-test-fuer-kmu-ist-gefragt-und-bewaehrt\\\/\"},\"wordCount\":376,\"publisher\":{\"@id\":\"https:\\\/\\\/www.organisator.ch\\\/#organization\"},\"image\":{\"@id\":\"https:\\\/\\\/www.organisator.ch\\\/operational-excellence\\\/2025-03-19\\\/cybersecurity-test-fuer-kmu-ist-gefragt-und-bewaehrt\\\/#primaryimage\"},\"thumbnailUrl\":\"https:\\\/\\\/www.m-q.ch\\\/wp-content\\\/uploads\\\/2025\\\/03\\\/Cybersecurity-Test_Bild_ps.jpg\",\"keywords\":[\"Cybersecurity\",\"Gefahren\",\"KMU\",\"Risikomanagement\",\"SUISSEDIGITAL\",\"Test\",\"Unternehmen\"],\"articleSection\":[\"OPERATIONAL EXCELLENCE\"],\"inLanguage\":\"it-IT\"},{\"@type\":\"WebPage\",\"@id\":\"https:\\\/\\\/www.organisator.ch\\\/operational-excellence\\\/2025-03-19\\\/cybersecurity-test-fuer-kmu-ist-gefragt-und-bewaehrt\\\/\",\"url\":\"https:\\\/\\\/www.organisator.ch\\\/operational-excellence\\\/2025-03-19\\\/cybersecurity-test-fuer-kmu-ist-gefragt-und-bewaehrt\\\/\",\"name\":\"Cybersecurity-Test f\u00fcr KMU ist gefragt und bew\u00e4hrt - Organisator\",\"isPartOf\":{\"@id\":\"https:\\\/\\\/www.organisator.ch\\\/#website\"},\"primaryImageOfPage\":{\"@id\":\"https:\\\/\\\/www.organisator.ch\\\/operational-excellence\\\/2025-03-19\\\/cybersecurity-test-fuer-kmu-ist-gefragt-und-bewaehrt\\\/#primaryimage\"},\"image\":{\"@id\":\"https:\\\/\\\/www.organisator.ch\\\/operational-excellence\\\/2025-03-19\\\/cybersecurity-test-fuer-kmu-ist-gefragt-und-bewaehrt\\\/#primaryimage\"},\"thumbnailUrl\":\"https:\\\/\\\/www.m-q.ch\\\/wp-content\\\/uploads\\\/2025\\\/03\\\/Cybersecurity-Test_Bild_ps.jpg\",\"datePublished\":\"2025-03-19T09:30:57+00:00\",\"dateModified\":\"2025-03-19T09:35:37+00:00\",\"description\":\"Suissedigital sensibilisiert KMU mit einem Cybersecurity-Test f\u00fcr Risiken. Die Ergebnisse zeigen: Es gibt noch viel zu tun.\",\"breadcrumb\":{\"@id\":\"https:\\\/\\\/www.organisator.ch\\\/operational-excellence\\\/2025-03-19\\\/cybersecurity-test-fuer-kmu-ist-gefragt-und-bewaehrt\\\/#breadcrumb\"},\"inLanguage\":\"it-IT\",\"potentialAction\":[{\"@type\":\"ReadAction\",\"target\":[\"https:\\\/\\\/www.organisator.ch\\\/operational-excellence\\\/2025-03-19\\\/cybersecurity-test-fuer-kmu-ist-gefragt-und-bewaehrt\\\/\"]}]},{\"@type\":\"ImageObject\",\"inLanguage\":\"it-IT\",\"@id\":\"https:\\\/\\\/www.organisator.ch\\\/operational-excellence\\\/2025-03-19\\\/cybersecurity-test-fuer-kmu-ist-gefragt-und-bewaehrt\\\/#primaryimage\",\"url\":\"https:\\\/\\\/www.m-q.ch\\\/wp-content\\\/uploads\\\/2025\\\/03\\\/Cybersecurity-Test_Bild_ps.jpg\",\"contentUrl\":\"https:\\\/\\\/www.m-q.ch\\\/wp-content\\\/uploads\\\/2025\\\/03\\\/Cybersecurity-Test_Bild_ps.jpg\"},{\"@type\":\"BreadcrumbList\",\"@id\":\"https:\\\/\\\/www.organisator.ch\\\/operational-excellence\\\/2025-03-19\\\/cybersecurity-test-fuer-kmu-ist-gefragt-und-bewaehrt\\\/#breadcrumb\",\"itemListElement\":[{\"@type\":\"ListItem\",\"position\":1,\"name\":\"Home\",\"item\":\"https:\\\/\\\/www.organisator.ch\\\/\"},{\"@type\":\"ListItem\",\"position\":2,\"name\":\"Cybersecurity-Test f\u00fcr KMU ist gefragt und bew\u00e4hrt\"}]},{\"@type\":\"WebSite\",\"@id\":\"https:\\\/\\\/www.organisator.ch\\\/#website\",\"url\":\"https:\\\/\\\/www.organisator.ch\\\/\",\"name\":\"Organisator\",\"description\":\"Kompetent. Praxisnah. Der ORGANISATOR bereitet in 10 Ausgaben pro Jahr die wesentlichen Themen f\u00fcr F\u00fchrungskr\u00e4fte von KMU auf.\",\"publisher\":{\"@id\":\"https:\\\/\\\/www.organisator.ch\\\/#organization\"},\"potentialAction\":[{\"@type\":\"SearchAction\",\"target\":{\"@type\":\"EntryPoint\",\"urlTemplate\":\"https:\\\/\\\/www.organisator.ch\\\/?s={search_term_string}\"},\"query-input\":{\"@type\":\"PropertyValueSpecification\",\"valueRequired\":true,\"valueName\":\"search_term_string\"}}],\"inLanguage\":\"it-IT\"},{\"@type\":\"Organization\",\"@id\":\"https:\\\/\\\/www.organisator.ch\\\/#organization\",\"name\":\"Organisator\",\"url\":\"https:\\\/\\\/www.organisator.ch\\\/\",\"logo\":{\"@type\":\"ImageObject\",\"inLanguage\":\"it-IT\",\"@id\":\"https:\\\/\\\/www.organisator.ch\\\/#\\\/schema\\\/logo\\\/image\\\/\",\"url\":\"https:\\\/\\\/www.organisator.ch\\\/wp-content\\\/uploads\\\/2022\\\/01\\\/Logo_Organisator_Website.png\",\"contentUrl\":\"https:\\\/\\\/www.organisator.ch\\\/wp-content\\\/uploads\\\/2022\\\/01\\\/Logo_Organisator_Website.png\",\"width\":800,\"height\":77,\"caption\":\"Organisator\"},\"image\":{\"@id\":\"https:\\\/\\\/www.organisator.ch\\\/#\\\/schema\\\/logo\\\/image\\\/\"},\"sameAs\":[\"https:\\\/\\\/www.facebook.com\\\/OrganisatorFachmagazin\",\"https:\\\/\\\/www.linkedin.com\\\/showcase\\\/organisator-das-magazin-fr-kmu\",\"https:\\\/\\\/www.xing.com\\\/news\\\/pages\\\/organisator-ch-695\",\"https:\\\/\\\/www.youtube.com\\\/channel\\\/UCGP2Sq0iWaZwT3BdIAQFYpw\"]},{\"@type\":\"Person\",\"@id\":\"https:\\\/\\\/www.organisator.ch\\\/#\\\/schema\\\/person\\\/afccda3a71c06d4be2ed9100dd163db7\",\"name\":\"Dzana Muminovic\",\"image\":{\"@type\":\"ImageObject\",\"inLanguage\":\"it-IT\",\"@id\":\"https:\\\/\\\/secure.gravatar.com\\\/avatar\\\/909c5c71aff4b38e88686f2ab2f1ba152571f394f41ed8bae431ea56ced93050?s=96&d=mm&r=g\",\"url\":\"https:\\\/\\\/secure.gravatar.com\\\/avatar\\\/909c5c71aff4b38e88686f2ab2f1ba152571f394f41ed8bae431ea56ced93050?s=96&d=mm&r=g\",\"contentUrl\":\"https:\\\/\\\/secure.gravatar.com\\\/avatar\\\/909c5c71aff4b38e88686f2ab2f1ba152571f394f41ed8bae431ea56ced93050?s=96&d=mm&r=g\",\"caption\":\"Dzana Muminovic\"},\"url\":\"https:\\\/\\\/www.organisator.ch\\\/it\\\/author\\\/dzana-muminovic\\\/\"}]}<\/script>\n<!-- \/ Yoast SEO plugin. -->","yoast_head_json":{"title":"Il test di cybersecurity per le PMI \u00e8 richiesto e comprovato - Organizzatore","description":"Suissedigital sensibilizza le PMI ai rischi con un test di cybersecurity. I risultati lo dimostrano: C'\u00e8 ancora molto da fare.","robots":{"index":"index","follow":"follow","max-snippet":"max-snippet:-1","max-image-preview":"max-image-preview:large","max-video-preview":"max-video-preview:-1"},"canonical":"https:\/\/www.organisator.ch\/it\/eccellenza-operativa\/2025-03-19\/cybersecurity-test-fuer-kmu-ist-gefragt-und-bewaehrt\/","og_locale":"it_IT","og_type":"article","og_title":"Cybersecurity-Test f\u00fcr KMU ist gefragt und bew\u00e4hrt - Organisator","og_description":"Suissedigital sensibilisiert KMU mit einem Cybersecurity-Test f\u00fcr Risiken. Die Ergebnisse zeigen: Es gibt noch viel zu tun.","og_url":"https:\/\/www.organisator.ch\/it\/eccellenza-operativa\/2025-03-19\/cybersecurity-test-fuer-kmu-ist-gefragt-und-bewaehrt\/","og_site_name":"Organisator","article_publisher":"https:\/\/www.facebook.com\/OrganisatorFachmagazin","article_published_time":"2025-03-19T09:30:57+00:00","article_modified_time":"2025-03-19T09:35:37+00:00","og_image":[{"width":1246,"height":1400,"url":"https:\/\/www.organisator.ch\/wp-content\/uploads\/2023\/08\/OpEx_Troxler_Bild1_organisator_56448-scaled.jpg","type":"image\/jpeg"}],"author":"Dzana Muminovic","twitter_card":"summary_large_image","schema":{"@context":"https:\/\/schema.org","@graph":[{"@type":"Article","@id":"https:\/\/www.organisator.ch\/operational-excellence\/2025-03-19\/cybersecurity-test-fuer-kmu-ist-gefragt-und-bewaehrt\/#article","isPartOf":{"@id":"https:\/\/www.organisator.ch\/operational-excellence\/2025-03-19\/cybersecurity-test-fuer-kmu-ist-gefragt-und-bewaehrt\/"},"author":{"name":"Dzana Muminovic","@id":"https:\/\/www.organisator.ch\/#\/schema\/person\/afccda3a71c06d4be2ed9100dd163db7"},"headline":"Cybersecurity-Test f\u00fcr KMU ist gefragt und bew\u00e4hrt","datePublished":"2025-03-19T09:30:57+00:00","dateModified":"2025-03-19T09:35:37+00:00","mainEntityOfPage":{"@id":"https:\/\/www.organisator.ch\/operational-excellence\/2025-03-19\/cybersecurity-test-fuer-kmu-ist-gefragt-und-bewaehrt\/"},"wordCount":376,"publisher":{"@id":"https:\/\/www.organisator.ch\/#organization"},"image":{"@id":"https:\/\/www.organisator.ch\/operational-excellence\/2025-03-19\/cybersecurity-test-fuer-kmu-ist-gefragt-und-bewaehrt\/#primaryimage"},"thumbnailUrl":"https:\/\/www.m-q.ch\/wp-content\/uploads\/2025\/03\/Cybersecurity-Test_Bild_ps.jpg","keywords":["Cybersecurity","Gefahren","KMU","Risikomanagement","SUISSEDIGITAL","Test","Unternehmen"],"articleSection":["OPERATIONAL EXCELLENCE"],"inLanguage":"it-IT"},{"@type":"WebPage","@id":"https:\/\/www.organisator.ch\/operational-excellence\/2025-03-19\/cybersecurity-test-fuer-kmu-ist-gefragt-und-bewaehrt\/","url":"https:\/\/www.organisator.ch\/operational-excellence\/2025-03-19\/cybersecurity-test-fuer-kmu-ist-gefragt-und-bewaehrt\/","name":"Il test di cybersecurity per le PMI \u00e8 richiesto e comprovato - Organizzatore","isPartOf":{"@id":"https:\/\/www.organisator.ch\/#website"},"primaryImageOfPage":{"@id":"https:\/\/www.organisator.ch\/operational-excellence\/2025-03-19\/cybersecurity-test-fuer-kmu-ist-gefragt-und-bewaehrt\/#primaryimage"},"image":{"@id":"https:\/\/www.organisator.ch\/operational-excellence\/2025-03-19\/cybersecurity-test-fuer-kmu-ist-gefragt-und-bewaehrt\/#primaryimage"},"thumbnailUrl":"https:\/\/www.m-q.ch\/wp-content\/uploads\/2025\/03\/Cybersecurity-Test_Bild_ps.jpg","datePublished":"2025-03-19T09:30:57+00:00","dateModified":"2025-03-19T09:35:37+00:00","description":"Suissedigital sensibilizza le PMI ai rischi con un test di cybersecurity. I risultati lo dimostrano: C'\u00e8 ancora molto da fare.","breadcrumb":{"@id":"https:\/\/www.organisator.ch\/operational-excellence\/2025-03-19\/cybersecurity-test-fuer-kmu-ist-gefragt-und-bewaehrt\/#breadcrumb"},"inLanguage":"it-IT","potentialAction":[{"@type":"ReadAction","target":["https:\/\/www.organisator.ch\/operational-excellence\/2025-03-19\/cybersecurity-test-fuer-kmu-ist-gefragt-und-bewaehrt\/"]}]},{"@type":"ImageObject","inLanguage":"it-IT","@id":"https:\/\/www.organisator.ch\/operational-excellence\/2025-03-19\/cybersecurity-test-fuer-kmu-ist-gefragt-und-bewaehrt\/#primaryimage","url":"https:\/\/www.m-q.ch\/wp-content\/uploads\/2025\/03\/Cybersecurity-Test_Bild_ps.jpg","contentUrl":"https:\/\/www.m-q.ch\/wp-content\/uploads\/2025\/03\/Cybersecurity-Test_Bild_ps.jpg"},{"@type":"BreadcrumbList","@id":"https:\/\/www.organisator.ch\/operational-excellence\/2025-03-19\/cybersecurity-test-fuer-kmu-ist-gefragt-und-bewaehrt\/#breadcrumb","itemListElement":[{"@type":"ListItem","position":1,"name":"Home","item":"https:\/\/www.organisator.ch\/"},{"@type":"ListItem","position":2,"name":"Cybersecurity-Test f\u00fcr KMU ist gefragt und bew\u00e4hrt"}]},{"@type":"WebSite","@id":"https:\/\/www.organisator.ch\/#website","url":"https:\/\/www.organisator.ch\/","name":"Organizzatore","description":"Competente. Pratico. In 10 numeri all'anno, ORGANISATOR presenta i temi essenziali per i manager delle PMI.","publisher":{"@id":"https:\/\/www.organisator.ch\/#organization"},"potentialAction":[{"@type":"SearchAction","target":{"@type":"EntryPoint","urlTemplate":"https:\/\/www.organisator.ch\/?s={search_term_string}"},"query-input":{"@type":"PropertyValueSpecification","valueRequired":true,"valueName":"search_term_string"}}],"inLanguage":"it-IT"},{"@type":"Organization","@id":"https:\/\/www.organisator.ch\/#organization","name":"Organizzatore","url":"https:\/\/www.organisator.ch\/","logo":{"@type":"ImageObject","inLanguage":"it-IT","@id":"https:\/\/www.organisator.ch\/#\/schema\/logo\/image\/","url":"https:\/\/www.organisator.ch\/wp-content\/uploads\/2022\/01\/Logo_Organisator_Website.png","contentUrl":"https:\/\/www.organisator.ch\/wp-content\/uploads\/2022\/01\/Logo_Organisator_Website.png","width":800,"height":77,"caption":"Organisator"},"image":{"@id":"https:\/\/www.organisator.ch\/#\/schema\/logo\/image\/"},"sameAs":["https:\/\/www.facebook.com\/OrganisatorFachmagazin","https:\/\/www.linkedin.com\/showcase\/organisator-das-magazin-fr-kmu","https:\/\/www.xing.com\/news\/pages\/organisator-ch-695","https:\/\/www.youtube.com\/channel\/UCGP2Sq0iWaZwT3BdIAQFYpw"]},{"@type":"Person","@id":"https:\/\/www.organisator.ch\/#\/schema\/person\/afccda3a71c06d4be2ed9100dd163db7","name":"Dzana Muminovic","image":{"@type":"ImageObject","inLanguage":"it-IT","@id":"https:\/\/secure.gravatar.com\/avatar\/909c5c71aff4b38e88686f2ab2f1ba152571f394f41ed8bae431ea56ced93050?s=96&d=mm&r=g","url":"https:\/\/secure.gravatar.com\/avatar\/909c5c71aff4b38e88686f2ab2f1ba152571f394f41ed8bae431ea56ced93050?s=96&d=mm&r=g","contentUrl":"https:\/\/secure.gravatar.com\/avatar\/909c5c71aff4b38e88686f2ab2f1ba152571f394f41ed8bae431ea56ced93050?s=96&d=mm&r=g","caption":"Dzana Muminovic"},"url":"https:\/\/www.organisator.ch\/it\/author\/dzana-muminovic\/"}]}},"_links":{"self":[{"href":"https:\/\/www.organisator.ch\/it\/wp-json\/wp\/v2\/posts\/37001","targetHints":{"allow":["GET"]}}],"collection":[{"href":"https:\/\/www.organisator.ch\/it\/wp-json\/wp\/v2\/posts"}],"about":[{"href":"https:\/\/www.organisator.ch\/it\/wp-json\/wp\/v2\/types\/post"}],"author":[{"embeddable":true,"href":"https:\/\/www.organisator.ch\/it\/wp-json\/wp\/v2\/users\/80"}],"replies":[{"embeddable":true,"href":"https:\/\/www.organisator.ch\/it\/wp-json\/wp\/v2\/comments?post=37001"}],"version-history":[{"count":5,"href":"https:\/\/www.organisator.ch\/it\/wp-json\/wp\/v2\/posts\/37001\/revisions"}],"predecessor-version":[{"id":37007,"href":"https:\/\/www.organisator.ch\/it\/wp-json\/wp\/v2\/posts\/37001\/revisions\/37007"}],"wp:attachment":[{"href":"https:\/\/www.organisator.ch\/it\/wp-json\/wp\/v2\/media?parent=37001"}],"wp:term":[{"taxonomy":"category","embeddable":true,"href":"https:\/\/www.organisator.ch\/it\/wp-json\/wp\/v2\/categories?post=37001"},{"taxonomy":"post_tag","embeddable":true,"href":"https:\/\/www.organisator.ch\/it\/wp-json\/wp\/v2\/tags?post=37001"}],"curies":[{"name":"wp","href":"https:\/\/api.w.org\/{rel}","templated":true}]}}