{"id":37029,"date":"2025-03-20T07:16:20","date_gmt":"2025-03-20T06:16:20","guid":{"rendered":"https:\/\/www.markt-kom.com\/?p=232181"},"modified":"2025-03-20T07:28:12","modified_gmt":"2025-03-20T06:28:12","slug":"swisscom-richtet-group-communications-corporate-responsibility-neu-aus","status":"publish","type":"post","link":"https:\/\/www.organisator.ch\/it\/marketing\/2025-03-20\/swisscom-richtet-group-communications-corporate-responsibility-neu-aus\/","title":{"rendered":"Swisscom riorganizza il Gruppo Comunicazione e Responsabilit\u00e0 aziendale"},"content":{"rendered":"<figure id=\"attachment_232182\" class=\"wp-caption aligncenter\" style=\"width: 894px;\" aria-describedby=\"caption-attachment-232182\"><a href=\"https:\/\/www.markt-kom.com\/wp-content\/uploads\/2025\/03\/Meier-Werner-Westhues-Estermann-Swisscom.jpg\"><img class=\"size-full wp-image-232182\" src=\"https:\/\/www.markt-kom.com\/wp-content\/uploads\/2025\/03\/Meier-Werner-Westhues-Estermann-Swisscom.jpg\" sizes=\"(max-width: 894px) 100vw, 894px\" srcset=\"https:\/\/www.markt-kom.com\/wp-content\/uploads\/2025\/03\/Meier-Werner-Westhues-Estermann-Swisscom.jpg 894w, https:\/\/www.markt-kom.com\/wp-content\/uploads\/2025\/03\/Meier-Werner-Westhues-Estermann-Swisscom-600x450.jpg 600w, https:\/\/www.markt-kom.com\/wp-content\/uploads\/2025\/03\/Meier-Werner-Westhues-Estermann-Swisscom-768x576.jpg 768w, https:\/\/www.markt-kom.com\/wp-content\/uploads\/2025\/03\/Meier-Werner-Westhues-Estermann-Swisscom-16x12.jpg 16w, https:\/\/www.markt-kom.com\/wp-content\/uploads\/2025\/03\/Meier-Werner-Westhues-Estermann-Swisscom-233x175.jpg 233w, https:\/\/www.markt-kom.com\/wp-content\/uploads\/2025\/03\/Meier-Werner-Westhues-Estermann-Swisscom-466x350.jpg 466w\" alt=\"\" width=\"894\" height=\"671\" \/><\/a>\r\n<figcaption id=\"caption-attachment-232182\" class=\"wp-caption-text\">Andrea Meier, Julia Werner e Mich\u00e8le Westhues Estermann (da sinistra a destra). (Immagini: zVg.)<\/figcaption>\r\n<\/figure>\r\n<p>Myriam K\u00e4ser \u00e8 a capo del dipartimento Group Communications &amp; Corporate Responsibility (GCR) come membro del Comitato esecutivo del Gruppo dal giugno 2024. Insieme al suo team, ha definito nuove priorit\u00e0 in un processo strategico globale. Questo ha portato a uno \"sviluppo organizzativo del dipartimento\", come si legge in un comunicato stampa. Tra le altre cose, questo include una maggiore integrazione delle comunicazioni aziendali e un'attenzione mirata all'IA e alla trasformazione digitale.<\/p>\r\n<p>Andrea Meier \u00e8 la nuova responsabile delle Comunicazioni aziendali. Questo riunir\u00e0 il team di newsdesk, media service e film con il dipartimento di Corporate Communications. La Meier \u00e8 stata in precedenza responsabile di Partnerships &amp; Live Experience presso Swisscom e vanta una vasta esperienza nel settore della comunicazione. Le succeder\u00e0 la sua precedente vice, Julia Werner.<\/p>\r\n<p>Con il nuovo dipartimento \"Comm Tech &amp; Transformation\", Swisscom si concentra maggiormente sulla comunicazione digitale e sui processi supportati dall'IA. Mich\u00e8le Westhues Estermann, che ha gi\u00e0 lavorato intensamente sull'uso dell'IA nella comunicazione aziendale nel suo precedente ruolo, assumer\u00e0 la direzione del dipartimento.<\/p>\r\n<p>\"Sono convinta che con il nuovo assetto saremo in grado di sfruttare ancora meglio il nostro potenziale digitale, di fare un uso sensato delle opportunit\u00e0 offerte dall'IA e di gestire la comunicazione e la gestione degli stakeholder in modo complessivamente pi\u00f9 strategico e agile\", afferma Myriam K\u00e4ser a proposito del riallineamento.<\/p>","protected":false},"excerpt":{"rendered":"<p>Con la creazione dei due dipartimenti \"Corporate Communications\" e \"Comm Tech &amp; Transformation\", Swisscom sta riorganizzando strategicamente la propria comunicazione. La riorganizzazione rafforza in particolare l'area AI e comporta cambiamenti di personale.<\/p>","protected":false},"author":8,"featured_media":0,"comment_status":"closed","ping_status":"closed","sticky":false,"template":"","format":"standard","meta":{"_acf_changed":false,"_yoast_wpseo_focuskw":"Swisscom","_yoast_wpseo_metadesc":"Swisscom richtet ihre Kommunikation neu aus, st\u00e4rkt KI und digitale Transformation und setzt auf eine strategischere Ausrichtung.","articlekey":"","footnotes":""},"categories":[29],"tags":[4345,2853,2962],"class_list":["post-37029","post","type-post","status-publish","format-standard","hentry","category-marketing","tag-business","tag-jobchange","tag-swisscom"],"acf":[],"yoast_head":"<!-- This site is optimized with the Yoast SEO plugin v27.5 - https:\/\/yoast.com\/product\/yoast-seo-wordpress\/ -->\n<title>Swisscom richtet Group Communications &amp; Corporate Responsibility neu aus - Organisator<\/title>\n<meta name=\"description\" content=\"Swisscom richtet ihre Kommunikation neu aus, st\u00e4rkt KI und digitale Transformation und setzt auf eine strategischere Ausrichtung.\" \/>\n<meta name=\"robots\" content=\"index, follow, max-snippet:-1, max-image-preview:large, max-video-preview:-1\" \/>\n<link rel=\"canonical\" href=\"https:\/\/www.organisator.ch\/it\/marketing\/2025-03-20\/swisscom-richtet-group-communications-corporate-responsibility-neu-aus\/\" \/>\n<meta property=\"og:locale\" content=\"it_IT\" \/>\n<meta property=\"og:type\" content=\"article\" \/>\n<meta property=\"og:title\" content=\"Swisscom richtet Group Communications &amp; Corporate Responsibility neu aus - Organisator\" \/>\n<meta property=\"og:description\" content=\"Swisscom richtet ihre Kommunikation neu aus, st\u00e4rkt KI und digitale Transformation und setzt auf eine strategischere Ausrichtung.\" \/>\n<meta property=\"og:url\" content=\"https:\/\/www.organisator.ch\/it\/marketing\/2025-03-20\/swisscom-richtet-group-communications-corporate-responsibility-neu-aus\/\" \/>\n<meta property=\"og:site_name\" content=\"Organisator\" \/>\n<meta property=\"article:publisher\" content=\"https:\/\/www.facebook.com\/OrganisatorFachmagazin\" \/>\n<meta property=\"article:published_time\" content=\"2025-03-20T06:16:20+00:00\" \/>\n<meta property=\"article:modified_time\" content=\"2025-03-20T06:28:12+00:00\" \/>\n<meta name=\"author\" content=\"galledia\" \/>\n<meta name=\"twitter:card\" content=\"summary_large_image\" \/>\n<meta name=\"twitter:creator\" content=\"@admin\" \/>\n<script type=\"application\/ld+json\" class=\"yoast-schema-graph\">{\"@context\":\"https:\\\/\\\/schema.org\",\"@graph\":[{\"@type\":\"Article\",\"@id\":\"https:\\\/\\\/www.organisator.ch\\\/marketing\\\/2025-03-20\\\/swisscom-richtet-group-communications-corporate-responsibility-neu-aus\\\/#article\",\"isPartOf\":{\"@id\":\"https:\\\/\\\/www.organisator.ch\\\/marketing\\\/2025-03-20\\\/swisscom-richtet-group-communications-corporate-responsibility-neu-aus\\\/\"},\"author\":{\"name\":\"galledia\",\"@id\":\"https:\\\/\\\/www.organisator.ch\\\/#\\\/schema\\\/person\\\/4e51799071cd2dd1232ac003643ef5f0\"},\"headline\":\"Swisscom richtet Group Communications &amp; Corporate Responsibility neu aus\",\"datePublished\":\"2025-03-20T06:16:20+00:00\",\"dateModified\":\"2025-03-20T06:28:12+00:00\",\"mainEntityOfPage\":{\"@id\":\"https:\\\/\\\/www.organisator.ch\\\/marketing\\\/2025-03-20\\\/swisscom-richtet-group-communications-corporate-responsibility-neu-aus\\\/\"},\"wordCount\":226,\"publisher\":{\"@id\":\"https:\\\/\\\/www.organisator.ch\\\/#organization\"},\"image\":{\"@id\":\"https:\\\/\\\/www.organisator.ch\\\/marketing\\\/2025-03-20\\\/swisscom-richtet-group-communications-corporate-responsibility-neu-aus\\\/#primaryimage\"},\"thumbnailUrl\":\"https:\\\/\\\/www.markt-kom.com\\\/wp-content\\\/uploads\\\/2025\\\/03\\\/Meier-Werner-Westhues-Estermann-Swisscom.jpg\",\"keywords\":[\"Business\",\"Jobchange\",\"Swisscom\"],\"articleSection\":[\"MARKETING\"],\"inLanguage\":\"it-IT\"},{\"@type\":\"WebPage\",\"@id\":\"https:\\\/\\\/www.organisator.ch\\\/marketing\\\/2025-03-20\\\/swisscom-richtet-group-communications-corporate-responsibility-neu-aus\\\/\",\"url\":\"https:\\\/\\\/www.organisator.ch\\\/marketing\\\/2025-03-20\\\/swisscom-richtet-group-communications-corporate-responsibility-neu-aus\\\/\",\"name\":\"Swisscom richtet Group Communications &amp; Corporate Responsibility neu aus - Organisator\",\"isPartOf\":{\"@id\":\"https:\\\/\\\/www.organisator.ch\\\/#website\"},\"primaryImageOfPage\":{\"@id\":\"https:\\\/\\\/www.organisator.ch\\\/marketing\\\/2025-03-20\\\/swisscom-richtet-group-communications-corporate-responsibility-neu-aus\\\/#primaryimage\"},\"image\":{\"@id\":\"https:\\\/\\\/www.organisator.ch\\\/marketing\\\/2025-03-20\\\/swisscom-richtet-group-communications-corporate-responsibility-neu-aus\\\/#primaryimage\"},\"thumbnailUrl\":\"https:\\\/\\\/www.markt-kom.com\\\/wp-content\\\/uploads\\\/2025\\\/03\\\/Meier-Werner-Westhues-Estermann-Swisscom.jpg\",\"datePublished\":\"2025-03-20T06:16:20+00:00\",\"dateModified\":\"2025-03-20T06:28:12+00:00\",\"description\":\"Swisscom richtet ihre Kommunikation neu aus, st\u00e4rkt KI und digitale Transformation und setzt auf eine strategischere Ausrichtung.\",\"breadcrumb\":{\"@id\":\"https:\\\/\\\/www.organisator.ch\\\/marketing\\\/2025-03-20\\\/swisscom-richtet-group-communications-corporate-responsibility-neu-aus\\\/#breadcrumb\"},\"inLanguage\":\"it-IT\",\"potentialAction\":[{\"@type\":\"ReadAction\",\"target\":[\"https:\\\/\\\/www.organisator.ch\\\/marketing\\\/2025-03-20\\\/swisscom-richtet-group-communications-corporate-responsibility-neu-aus\\\/\"]}]},{\"@type\":\"ImageObject\",\"inLanguage\":\"it-IT\",\"@id\":\"https:\\\/\\\/www.organisator.ch\\\/marketing\\\/2025-03-20\\\/swisscom-richtet-group-communications-corporate-responsibility-neu-aus\\\/#primaryimage\",\"url\":\"https:\\\/\\\/www.markt-kom.com\\\/wp-content\\\/uploads\\\/2025\\\/03\\\/Meier-Werner-Westhues-Estermann-Swisscom.jpg\",\"contentUrl\":\"https:\\\/\\\/www.markt-kom.com\\\/wp-content\\\/uploads\\\/2025\\\/03\\\/Meier-Werner-Westhues-Estermann-Swisscom.jpg\"},{\"@type\":\"BreadcrumbList\",\"@id\":\"https:\\\/\\\/www.organisator.ch\\\/marketing\\\/2025-03-20\\\/swisscom-richtet-group-communications-corporate-responsibility-neu-aus\\\/#breadcrumb\",\"itemListElement\":[{\"@type\":\"ListItem\",\"position\":1,\"name\":\"Home\",\"item\":\"https:\\\/\\\/www.organisator.ch\\\/\"},{\"@type\":\"ListItem\",\"position\":2,\"name\":\"Swisscom richtet Group Communications &amp; Corporate Responsibility neu aus\"}]},{\"@type\":\"WebSite\",\"@id\":\"https:\\\/\\\/www.organisator.ch\\\/#website\",\"url\":\"https:\\\/\\\/www.organisator.ch\\\/\",\"name\":\"Organisator\",\"description\":\"Kompetent. Praxisnah. Der ORGANISATOR bereitet in 10 Ausgaben pro Jahr die wesentlichen Themen f\u00fcr F\u00fchrungskr\u00e4fte von KMU auf.\",\"publisher\":{\"@id\":\"https:\\\/\\\/www.organisator.ch\\\/#organization\"},\"potentialAction\":[{\"@type\":\"SearchAction\",\"target\":{\"@type\":\"EntryPoint\",\"urlTemplate\":\"https:\\\/\\\/www.organisator.ch\\\/?s={search_term_string}\"},\"query-input\":{\"@type\":\"PropertyValueSpecification\",\"valueRequired\":true,\"valueName\":\"search_term_string\"}}],\"inLanguage\":\"it-IT\"},{\"@type\":\"Organization\",\"@id\":\"https:\\\/\\\/www.organisator.ch\\\/#organization\",\"name\":\"Organisator\",\"url\":\"https:\\\/\\\/www.organisator.ch\\\/\",\"logo\":{\"@type\":\"ImageObject\",\"inLanguage\":\"it-IT\",\"@id\":\"https:\\\/\\\/www.organisator.ch\\\/#\\\/schema\\\/logo\\\/image\\\/\",\"url\":\"https:\\\/\\\/www.organisator.ch\\\/wp-content\\\/uploads\\\/2022\\\/01\\\/Logo_Organisator_Website.png\",\"contentUrl\":\"https:\\\/\\\/www.organisator.ch\\\/wp-content\\\/uploads\\\/2022\\\/01\\\/Logo_Organisator_Website.png\",\"width\":800,\"height\":77,\"caption\":\"Organisator\"},\"image\":{\"@id\":\"https:\\\/\\\/www.organisator.ch\\\/#\\\/schema\\\/logo\\\/image\\\/\"},\"sameAs\":[\"https:\\\/\\\/www.facebook.com\\\/OrganisatorFachmagazin\",\"https:\\\/\\\/www.linkedin.com\\\/showcase\\\/organisator-das-magazin-fr-kmu\",\"https:\\\/\\\/www.xing.com\\\/news\\\/pages\\\/organisator-ch-695\",\"https:\\\/\\\/www.youtube.com\\\/channel\\\/UCGP2Sq0iWaZwT3BdIAQFYpw\"]},{\"@type\":\"Person\",\"@id\":\"https:\\\/\\\/www.organisator.ch\\\/#\\\/schema\\\/person\\\/4e51799071cd2dd1232ac003643ef5f0\",\"name\":\"galledia\",\"image\":{\"@type\":\"ImageObject\",\"inLanguage\":\"it-IT\",\"@id\":\"https:\\\/\\\/secure.gravatar.com\\\/avatar\\\/78a7f90c01fc2bfc875782a0d4922b37cde2cf184ce347b91316d23cd7f69a36?s=96&d=mm&r=g\",\"url\":\"https:\\\/\\\/secure.gravatar.com\\\/avatar\\\/78a7f90c01fc2bfc875782a0d4922b37cde2cf184ce347b91316d23cd7f69a36?s=96&d=mm&r=g\",\"contentUrl\":\"https:\\\/\\\/secure.gravatar.com\\\/avatar\\\/78a7f90c01fc2bfc875782a0d4922b37cde2cf184ce347b91316d23cd7f69a36?s=96&d=mm&r=g\",\"caption\":\"galledia\"},\"sameAs\":[\"https:\\\/\\\/x.com\\\/admin\"],\"url\":\"https:\\\/\\\/www.organisator.ch\\\/it\\\/author\\\/galledia\\\/\"}]}<\/script>\n<!-- \/ Yoast SEO plugin. -->","yoast_head_json":{"title":"Swisscom riallinea la comunicazione di gruppo e la responsabilit\u00e0 aziendale - Organizzatore","description":"Swisscom sta riallineando la sua comunicazione, rafforzando l'IA e la trasformazione digitale e concentrandosi su un approccio pi\u00f9 strategico.","robots":{"index":"index","follow":"follow","max-snippet":"max-snippet:-1","max-image-preview":"max-image-preview:large","max-video-preview":"max-video-preview:-1"},"canonical":"https:\/\/www.organisator.ch\/it\/marketing\/2025-03-20\/swisscom-richtet-group-communications-corporate-responsibility-neu-aus\/","og_locale":"it_IT","og_type":"article","og_title":"Swisscom richtet Group Communications &amp; Corporate Responsibility neu aus - Organisator","og_description":"Swisscom richtet ihre Kommunikation neu aus, st\u00e4rkt KI und digitale Transformation und setzt auf eine strategischere Ausrichtung.","og_url":"https:\/\/www.organisator.ch\/it\/marketing\/2025-03-20\/swisscom-richtet-group-communications-corporate-responsibility-neu-aus\/","og_site_name":"Organisator","article_publisher":"https:\/\/www.facebook.com\/OrganisatorFachmagazin","article_published_time":"2025-03-20T06:16:20+00:00","article_modified_time":"2025-03-20T06:28:12+00:00","author":"galledia","twitter_card":"summary_large_image","twitter_creator":"@admin","schema":{"@context":"https:\/\/schema.org","@graph":[{"@type":"Article","@id":"https:\/\/www.organisator.ch\/marketing\/2025-03-20\/swisscom-richtet-group-communications-corporate-responsibility-neu-aus\/#article","isPartOf":{"@id":"https:\/\/www.organisator.ch\/marketing\/2025-03-20\/swisscom-richtet-group-communications-corporate-responsibility-neu-aus\/"},"author":{"name":"galledia","@id":"https:\/\/www.organisator.ch\/#\/schema\/person\/4e51799071cd2dd1232ac003643ef5f0"},"headline":"Swisscom richtet Group Communications &amp; Corporate Responsibility neu aus","datePublished":"2025-03-20T06:16:20+00:00","dateModified":"2025-03-20T06:28:12+00:00","mainEntityOfPage":{"@id":"https:\/\/www.organisator.ch\/marketing\/2025-03-20\/swisscom-richtet-group-communications-corporate-responsibility-neu-aus\/"},"wordCount":226,"publisher":{"@id":"https:\/\/www.organisator.ch\/#organization"},"image":{"@id":"https:\/\/www.organisator.ch\/marketing\/2025-03-20\/swisscom-richtet-group-communications-corporate-responsibility-neu-aus\/#primaryimage"},"thumbnailUrl":"https:\/\/www.markt-kom.com\/wp-content\/uploads\/2025\/03\/Meier-Werner-Westhues-Estermann-Swisscom.jpg","keywords":["Business","Jobchange","Swisscom"],"articleSection":["MARKETING"],"inLanguage":"it-IT"},{"@type":"WebPage","@id":"https:\/\/www.organisator.ch\/marketing\/2025-03-20\/swisscom-richtet-group-communications-corporate-responsibility-neu-aus\/","url":"https:\/\/www.organisator.ch\/marketing\/2025-03-20\/swisscom-richtet-group-communications-corporate-responsibility-neu-aus\/","name":"Swisscom riallinea la comunicazione di gruppo e la responsabilit\u00e0 aziendale - Organizzatore","isPartOf":{"@id":"https:\/\/www.organisator.ch\/#website"},"primaryImageOfPage":{"@id":"https:\/\/www.organisator.ch\/marketing\/2025-03-20\/swisscom-richtet-group-communications-corporate-responsibility-neu-aus\/#primaryimage"},"image":{"@id":"https:\/\/www.organisator.ch\/marketing\/2025-03-20\/swisscom-richtet-group-communications-corporate-responsibility-neu-aus\/#primaryimage"},"thumbnailUrl":"https:\/\/www.markt-kom.com\/wp-content\/uploads\/2025\/03\/Meier-Werner-Westhues-Estermann-Swisscom.jpg","datePublished":"2025-03-20T06:16:20+00:00","dateModified":"2025-03-20T06:28:12+00:00","description":"Swisscom sta riallineando la sua comunicazione, rafforzando l'IA e la trasformazione digitale e concentrandosi su un approccio pi\u00f9 strategico.","breadcrumb":{"@id":"https:\/\/www.organisator.ch\/marketing\/2025-03-20\/swisscom-richtet-group-communications-corporate-responsibility-neu-aus\/#breadcrumb"},"inLanguage":"it-IT","potentialAction":[{"@type":"ReadAction","target":["https:\/\/www.organisator.ch\/marketing\/2025-03-20\/swisscom-richtet-group-communications-corporate-responsibility-neu-aus\/"]}]},{"@type":"ImageObject","inLanguage":"it-IT","@id":"https:\/\/www.organisator.ch\/marketing\/2025-03-20\/swisscom-richtet-group-communications-corporate-responsibility-neu-aus\/#primaryimage","url":"https:\/\/www.markt-kom.com\/wp-content\/uploads\/2025\/03\/Meier-Werner-Westhues-Estermann-Swisscom.jpg","contentUrl":"https:\/\/www.markt-kom.com\/wp-content\/uploads\/2025\/03\/Meier-Werner-Westhues-Estermann-Swisscom.jpg"},{"@type":"BreadcrumbList","@id":"https:\/\/www.organisator.ch\/marketing\/2025-03-20\/swisscom-richtet-group-communications-corporate-responsibility-neu-aus\/#breadcrumb","itemListElement":[{"@type":"ListItem","position":1,"name":"Home","item":"https:\/\/www.organisator.ch\/"},{"@type":"ListItem","position":2,"name":"Swisscom richtet Group Communications &amp; Corporate Responsibility neu aus"}]},{"@type":"WebSite","@id":"https:\/\/www.organisator.ch\/#website","url":"https:\/\/www.organisator.ch\/","name":"Organizzatore","description":"Competente. Pratico. In 10 numeri all'anno, ORGANISATOR presenta i temi essenziali per i manager delle PMI.","publisher":{"@id":"https:\/\/www.organisator.ch\/#organization"},"potentialAction":[{"@type":"SearchAction","target":{"@type":"EntryPoint","urlTemplate":"https:\/\/www.organisator.ch\/?s={search_term_string}"},"query-input":{"@type":"PropertyValueSpecification","valueRequired":true,"valueName":"search_term_string"}}],"inLanguage":"it-IT"},{"@type":"Organization","@id":"https:\/\/www.organisator.ch\/#organization","name":"Organizzatore","url":"https:\/\/www.organisator.ch\/","logo":{"@type":"ImageObject","inLanguage":"it-IT","@id":"https:\/\/www.organisator.ch\/#\/schema\/logo\/image\/","url":"https:\/\/www.organisator.ch\/wp-content\/uploads\/2022\/01\/Logo_Organisator_Website.png","contentUrl":"https:\/\/www.organisator.ch\/wp-content\/uploads\/2022\/01\/Logo_Organisator_Website.png","width":800,"height":77,"caption":"Organisator"},"image":{"@id":"https:\/\/www.organisator.ch\/#\/schema\/logo\/image\/"},"sameAs":["https:\/\/www.facebook.com\/OrganisatorFachmagazin","https:\/\/www.linkedin.com\/showcase\/organisator-das-magazin-fr-kmu","https:\/\/www.xing.com\/news\/pages\/organisator-ch-695","https:\/\/www.youtube.com\/channel\/UCGP2Sq0iWaZwT3BdIAQFYpw"]},{"@type":"Person","@id":"https:\/\/www.organisator.ch\/#\/schema\/person\/4e51799071cd2dd1232ac003643ef5f0","name":"galledia","image":{"@type":"ImageObject","inLanguage":"it-IT","@id":"https:\/\/secure.gravatar.com\/avatar\/78a7f90c01fc2bfc875782a0d4922b37cde2cf184ce347b91316d23cd7f69a36?s=96&d=mm&r=g","url":"https:\/\/secure.gravatar.com\/avatar\/78a7f90c01fc2bfc875782a0d4922b37cde2cf184ce347b91316d23cd7f69a36?s=96&d=mm&r=g","contentUrl":"https:\/\/secure.gravatar.com\/avatar\/78a7f90c01fc2bfc875782a0d4922b37cde2cf184ce347b91316d23cd7f69a36?s=96&d=mm&r=g","caption":"galledia"},"sameAs":["https:\/\/x.com\/admin"],"url":"https:\/\/www.organisator.ch\/it\/author\/galledia\/"}]}},"_links":{"self":[{"href":"https:\/\/www.organisator.ch\/it\/wp-json\/wp\/v2\/posts\/37029","targetHints":{"allow":["GET"]}}],"collection":[{"href":"https:\/\/www.organisator.ch\/it\/wp-json\/wp\/v2\/posts"}],"about":[{"href":"https:\/\/www.organisator.ch\/it\/wp-json\/wp\/v2\/types\/post"}],"author":[{"embeddable":true,"href":"https:\/\/www.organisator.ch\/it\/wp-json\/wp\/v2\/users\/8"}],"replies":[{"embeddable":true,"href":"https:\/\/www.organisator.ch\/it\/wp-json\/wp\/v2\/comments?post=37029"}],"version-history":[{"count":4,"href":"https:\/\/www.organisator.ch\/it\/wp-json\/wp\/v2\/posts\/37029\/revisions"}],"predecessor-version":[{"id":37042,"href":"https:\/\/www.organisator.ch\/it\/wp-json\/wp\/v2\/posts\/37029\/revisions\/37042"}],"wp:attachment":[{"href":"https:\/\/www.organisator.ch\/it\/wp-json\/wp\/v2\/media?parent=37029"}],"wp:term":[{"taxonomy":"category","embeddable":true,"href":"https:\/\/www.organisator.ch\/it\/wp-json\/wp\/v2\/categories?post=37029"},{"taxonomy":"post_tag","embeddable":true,"href":"https:\/\/www.organisator.ch\/it\/wp-json\/wp\/v2\/tags?post=37029"}],"curies":[{"name":"wp","href":"https:\/\/api.w.org\/{rel}","templated":true}]}}