{"id":37065,"date":"2025-03-21T08:13:30","date_gmt":"2025-03-21T07:13:30","guid":{"rendered":"https:\/\/www.organisator.ch\/?p=37065"},"modified":"2025-03-21T08:13:30","modified_gmt":"2025-03-21T07:13:30","slug":"gkb-publiziert-geschaefts-und-nachhaltigkeitsbericht-2024","status":"publish","type":"post","link":"https:\/\/www.organisator.ch\/it\/sustainability\/2025-03-21\/gkb-publiziert-geschaefts-und-nachhaltigkeitsbericht-2024\/","title":{"rendered":"GKB pubblica il rapporto annuale e di sostenibilit\u00e0 2024"},"content":{"rendered":"<figure id=\"attachment_37066\" aria-describedby=\"caption-attachment-37066\" style=\"width: 680px\" class=\"wp-caption alignnone\"><img loading=\"lazy\" decoding=\"async\" class=\"size-full wp-image-37066\" src=\"https:\/\/www.organisator.ch\/wp-content\/uploads\/2025\/03\/GKB_Bild_ps.jpg\" alt=\"\" width=\"680\" height=\"454\" srcset=\"https:\/\/www.organisator.ch\/wp-content\/uploads\/2025\/03\/GKB_Bild_ps.jpg 680w, https:\/\/www.organisator.ch\/wp-content\/uploads\/2025\/03\/GKB_Bild_ps-18x12.jpg 18w, https:\/\/www.organisator.ch\/wp-content\/uploads\/2025\/03\/GKB_Bild_ps-375x250.jpg 375w, https:\/\/www.organisator.ch\/wp-content\/uploads\/2025\/03\/GKB_Bild_ps-524x350.jpg 524w\" sizes=\"auto, (max-width: 680px) 100vw, 680px\" \/><figcaption id=\"caption-attachment-37066\" class=\"wp-caption-text\">Nel suo rapporto 2024, GKB dimostra la sua forza finanziaria e il suo impegno per la sostenibilit\u00e0 e gli obiettivi climatici fino al 2050. (Immagine: www.depositphotos.com)<\/figcaption><\/figure>\n<p>Nell'esercizio 2024, GKB ha ottenuto il secondo miglior risultato della sua storia in un contesto di tassi d'interesse difficili. Questo dimostra la forza del modello di business della banca, con i suoi pilastri nel settore degli interessi, degli investimenti e delle pensioni. Il presente rapporto annuale fornisce informazioni dettagliate su come \u00e8 stato raggiunto questo risultato. Oltre al bilancio d'esercizio e alla relazione sulla gestione e sui rischi, contiene anche informazioni sulla strategia e sulla corporate governance di GKB.<\/p>\n<p>Anche il rapporto sulla sostenibilit\u00e0 e sul clima fa parte della rendicontazione. Il tema della sostenibilit\u00e0 \u00e8 stato integrato nella strategia di GKB dal 2020 ed \u00e8 quindi radicato in ogni settore della banca. GKB promuove la qualit\u00e0 della vita nei Grigioni con linee guida chiare sui temi chiave dell'economia, dell'ecologia e del sociale, tenendo conto delle preoccupazioni di tutti i suoi gruppi di interesse. Il rapporto si basa sugli attuali standard della Global Reporting Initiative (GRI).<\/p>\n<p>Il rapporto sul clima, pubblicato per la prima volta, mostra in modo trasparente come GKB affronta le questioni climatiche e come intende raggiungere l'obiettivo \"net zero\" entro il 2050 nell'ambito della sua strategia di sostenibilit\u00e0. Il rapporto sul clima \u00e8 ora parte integrante della rendicontazione finanziaria e non finanziaria annuale ed \u00e8 basato sulle raccomandazioni della Task Force on Climate-related Financial Disclosures (TCFD).<\/p>\n<p>Il Rapporto annuale e di sostenibilit\u00e0 2024 della Banca Cantonale Grigione \u00e8 disponibile su <a href=\"https:\/\/report.gkb.ch\/2024\/\">report.gkb.ch<\/a> disponibile in versione online e in PDF.<\/p>\n<p><em>Fonte: <a href=\"http:\/\/www.gkb.ch\">www.gkb.ch<\/a><\/em><\/p>","protected":false},"excerpt":{"rendered":"<p>La Graub\u00fcndner Kantonalbank (GKB) ha pubblicato il suo rapporto 2024. Questo include il rapporto annuale e il rapporto sulla sostenibilit\u00e0 e sul clima, che mostra come la banca affronta tutte le questioni climatiche oltre a quelle di sostenibilit\u00e0.<\/p>","protected":false},"author":80,"featured_media":37066,"comment_status":"closed","ping_status":"closed","sticky":false,"template":"","format":"standard","meta":{"_acf_changed":false,"_yoast_wpseo_focuskw":"GKB 2024","_yoast_wpseo_metadesc":"Die GKB zeigt im Bericht 2024 finanzielle St\u00e4rke und ihr Engagement f\u00fcr Nachhaltigkeit und Klimaziele bis 2050.","articlekey":"","footnotes":""},"categories":[580],"tags":[236,4769,596,1787],"class_list":["post-37065","post","type-post","status-publish","format-standard","has-post-thumbnail","hentry","category-sustainability","tag-geschaeftsbericht","tag-gkb","tag-klima","tag-nachhaltigkeit"],"acf":[],"yoast_head":"<!-- This site is optimized with the Yoast SEO plugin v27.4 - https:\/\/yoast.com\/product\/yoast-seo-wordpress\/ -->\n<title>GKB publiziert Gesch\u00e4fts- und Nachhaltigkeitsbericht 2024 - Organisator<\/title>\n<meta name=\"description\" content=\"Die GKB zeigt im Bericht 2024 finanzielle St\u00e4rke und ihr Engagement f\u00fcr Nachhaltigkeit und Klimaziele bis 2050.\" \/>\n<meta name=\"robots\" content=\"index, follow, max-snippet:-1, max-image-preview:large, max-video-preview:-1\" \/>\n<link rel=\"canonical\" href=\"https:\/\/www.organisator.ch\/it\/sostenibilita\/2025-03-21\/gkb-publiziert-geschaefts-und-nachhaltigkeitsbericht-2024\/\" \/>\n<meta property=\"og:locale\" content=\"it_IT\" \/>\n<meta property=\"og:type\" content=\"article\" \/>\n<meta property=\"og:title\" content=\"GKB publiziert Gesch\u00e4fts- und Nachhaltigkeitsbericht 2024\" \/>\n<meta property=\"og:description\" content=\"Die GKB zeigt im Bericht 2024 finanzielle St\u00e4rke und ihr Engagement f\u00fcr Nachhaltigkeit und Klimaziele bis 2050.\" \/>\n<meta property=\"og:url\" content=\"https:\/\/www.organisator.ch\/it\/sostenibilita\/2025-03-21\/gkb-publiziert-geschaefts-und-nachhaltigkeitsbericht-2024\/\" \/>\n<meta property=\"og:site_name\" content=\"Organisator\" \/>\n<meta property=\"article:publisher\" content=\"https:\/\/www.facebook.com\/OrganisatorFachmagazin\" \/>\n<meta property=\"article:published_time\" content=\"2025-03-21T07:13:30+00:00\" \/>\n<meta property=\"og:image\" content=\"https:\/\/www.organisator.ch\/wp-content\/uploads\/2025\/03\/GKB_Bild_ps.jpg\" \/>\n\t<meta property=\"og:image:width\" content=\"680\" \/>\n\t<meta property=\"og:image:height\" content=\"454\" \/>\n\t<meta property=\"og:image:type\" content=\"image\/jpeg\" \/>\n<meta name=\"author\" content=\"Dzana Muminovic\" \/>\n<meta name=\"twitter:card\" content=\"summary_large_image\" \/>\n<meta name=\"twitter:title\" content=\"GKB publiziert Gesch\u00e4fts- und Nachhaltigkeitsbericht 2024\" \/>\n<meta name=\"twitter:description\" content=\"Die #GKB zeigt im #Bericht 2024 finanzielle #St\u00e4rke und ihr #Engagement f\u00fcr #Nachhaltigkeit und #Klimaziele bis 2050.\" \/>\n<meta name=\"twitter:image\" content=\"https:\/\/www.organisator.ch\/wp-content\/uploads\/2025\/03\/GKB_Bild_ps.jpg\" \/>\n<script type=\"application\/ld+json\" class=\"yoast-schema-graph\">{\"@context\":\"https:\\\/\\\/schema.org\",\"@graph\":[{\"@type\":\"Article\",\"@id\":\"https:\\\/\\\/www.organisator.ch\\\/sustainability\\\/2025-03-21\\\/gkb-publiziert-geschaefts-und-nachhaltigkeitsbericht-2024\\\/#article\",\"isPartOf\":{\"@id\":\"https:\\\/\\\/www.organisator.ch\\\/sustainability\\\/2025-03-21\\\/gkb-publiziert-geschaefts-und-nachhaltigkeitsbericht-2024\\\/\"},\"author\":{\"name\":\"Dzana Muminovic\",\"@id\":\"https:\\\/\\\/www.organisator.ch\\\/#\\\/schema\\\/person\\\/afccda3a71c06d4be2ed9100dd163db7\"},\"headline\":\"GKB publiziert Gesch\u00e4fts- und Nachhaltigkeitsbericht 2024\",\"datePublished\":\"2025-03-21T07:13:30+00:00\",\"mainEntityOfPage\":{\"@id\":\"https:\\\/\\\/www.organisator.ch\\\/sustainability\\\/2025-03-21\\\/gkb-publiziert-geschaefts-und-nachhaltigkeitsbericht-2024\\\/\"},\"wordCount\":251,\"publisher\":{\"@id\":\"https:\\\/\\\/www.organisator.ch\\\/#organization\"},\"image\":{\"@id\":\"https:\\\/\\\/www.organisator.ch\\\/sustainability\\\/2025-03-21\\\/gkb-publiziert-geschaefts-und-nachhaltigkeitsbericht-2024\\\/#primaryimage\"},\"thumbnailUrl\":\"https:\\\/\\\/www.organisator.ch\\\/wp-content\\\/uploads\\\/2025\\\/03\\\/GKB_Bild_ps.jpg\",\"keywords\":[\"Gesch\u00e4ftsbericht\",\"GKB\",\"KLIMA\",\"Nachhaltigkeit\"],\"articleSection\":[\"SUSTAINABILITY\"],\"inLanguage\":\"it-IT\"},{\"@type\":\"WebPage\",\"@id\":\"https:\\\/\\\/www.organisator.ch\\\/sustainability\\\/2025-03-21\\\/gkb-publiziert-geschaefts-und-nachhaltigkeitsbericht-2024\\\/\",\"url\":\"https:\\\/\\\/www.organisator.ch\\\/sustainability\\\/2025-03-21\\\/gkb-publiziert-geschaefts-und-nachhaltigkeitsbericht-2024\\\/\",\"name\":\"GKB publiziert Gesch\u00e4fts- und Nachhaltigkeitsbericht 2024 - Organisator\",\"isPartOf\":{\"@id\":\"https:\\\/\\\/www.organisator.ch\\\/#website\"},\"primaryImageOfPage\":{\"@id\":\"https:\\\/\\\/www.organisator.ch\\\/sustainability\\\/2025-03-21\\\/gkb-publiziert-geschaefts-und-nachhaltigkeitsbericht-2024\\\/#primaryimage\"},\"image\":{\"@id\":\"https:\\\/\\\/www.organisator.ch\\\/sustainability\\\/2025-03-21\\\/gkb-publiziert-geschaefts-und-nachhaltigkeitsbericht-2024\\\/#primaryimage\"},\"thumbnailUrl\":\"https:\\\/\\\/www.organisator.ch\\\/wp-content\\\/uploads\\\/2025\\\/03\\\/GKB_Bild_ps.jpg\",\"datePublished\":\"2025-03-21T07:13:30+00:00\",\"description\":\"Die GKB zeigt im Bericht 2024 finanzielle St\u00e4rke und ihr Engagement f\u00fcr Nachhaltigkeit und Klimaziele bis 2050.\",\"breadcrumb\":{\"@id\":\"https:\\\/\\\/www.organisator.ch\\\/sustainability\\\/2025-03-21\\\/gkb-publiziert-geschaefts-und-nachhaltigkeitsbericht-2024\\\/#breadcrumb\"},\"inLanguage\":\"it-IT\",\"potentialAction\":[{\"@type\":\"ReadAction\",\"target\":[\"https:\\\/\\\/www.organisator.ch\\\/sustainability\\\/2025-03-21\\\/gkb-publiziert-geschaefts-und-nachhaltigkeitsbericht-2024\\\/\"]}]},{\"@type\":\"ImageObject\",\"inLanguage\":\"it-IT\",\"@id\":\"https:\\\/\\\/www.organisator.ch\\\/sustainability\\\/2025-03-21\\\/gkb-publiziert-geschaefts-und-nachhaltigkeitsbericht-2024\\\/#primaryimage\",\"url\":\"https:\\\/\\\/www.organisator.ch\\\/wp-content\\\/uploads\\\/2025\\\/03\\\/GKB_Bild_ps.jpg\",\"contentUrl\":\"https:\\\/\\\/www.organisator.ch\\\/wp-content\\\/uploads\\\/2025\\\/03\\\/GKB_Bild_ps.jpg\",\"width\":680,\"height\":454,\"caption\":\"Die GKB zeigt im Bericht 2024 finanzielle St\u00e4rke und ihr Engagement f\u00fcr Nachhaltigkeit und Klimaziele bis 2050. (Bild: www.depositphotos.com)\"},{\"@type\":\"BreadcrumbList\",\"@id\":\"https:\\\/\\\/www.organisator.ch\\\/sustainability\\\/2025-03-21\\\/gkb-publiziert-geschaefts-und-nachhaltigkeitsbericht-2024\\\/#breadcrumb\",\"itemListElement\":[{\"@type\":\"ListItem\",\"position\":1,\"name\":\"Home\",\"item\":\"https:\\\/\\\/www.organisator.ch\\\/\"},{\"@type\":\"ListItem\",\"position\":2,\"name\":\"GKB publiziert Gesch\u00e4fts- und Nachhaltigkeitsbericht 2024\"}]},{\"@type\":\"WebSite\",\"@id\":\"https:\\\/\\\/www.organisator.ch\\\/#website\",\"url\":\"https:\\\/\\\/www.organisator.ch\\\/\",\"name\":\"Organisator\",\"description\":\"Kompetent. Praxisnah. Der ORGANISATOR bereitet in 10 Ausgaben pro Jahr die wesentlichen Themen f\u00fcr F\u00fchrungskr\u00e4fte von KMU auf.\",\"publisher\":{\"@id\":\"https:\\\/\\\/www.organisator.ch\\\/#organization\"},\"potentialAction\":[{\"@type\":\"SearchAction\",\"target\":{\"@type\":\"EntryPoint\",\"urlTemplate\":\"https:\\\/\\\/www.organisator.ch\\\/?s={search_term_string}\"},\"query-input\":{\"@type\":\"PropertyValueSpecification\",\"valueRequired\":true,\"valueName\":\"search_term_string\"}}],\"inLanguage\":\"it-IT\"},{\"@type\":\"Organization\",\"@id\":\"https:\\\/\\\/www.organisator.ch\\\/#organization\",\"name\":\"Organisator\",\"url\":\"https:\\\/\\\/www.organisator.ch\\\/\",\"logo\":{\"@type\":\"ImageObject\",\"inLanguage\":\"it-IT\",\"@id\":\"https:\\\/\\\/www.organisator.ch\\\/#\\\/schema\\\/logo\\\/image\\\/\",\"url\":\"https:\\\/\\\/www.organisator.ch\\\/wp-content\\\/uploads\\\/2022\\\/01\\\/Logo_Organisator_Website.png\",\"contentUrl\":\"https:\\\/\\\/www.organisator.ch\\\/wp-content\\\/uploads\\\/2022\\\/01\\\/Logo_Organisator_Website.png\",\"width\":800,\"height\":77,\"caption\":\"Organisator\"},\"image\":{\"@id\":\"https:\\\/\\\/www.organisator.ch\\\/#\\\/schema\\\/logo\\\/image\\\/\"},\"sameAs\":[\"https:\\\/\\\/www.facebook.com\\\/OrganisatorFachmagazin\",\"https:\\\/\\\/www.linkedin.com\\\/showcase\\\/organisator-das-magazin-fr-kmu\",\"https:\\\/\\\/www.xing.com\\\/news\\\/pages\\\/organisator-ch-695\",\"https:\\\/\\\/www.youtube.com\\\/channel\\\/UCGP2Sq0iWaZwT3BdIAQFYpw\"]},{\"@type\":\"Person\",\"@id\":\"https:\\\/\\\/www.organisator.ch\\\/#\\\/schema\\\/person\\\/afccda3a71c06d4be2ed9100dd163db7\",\"name\":\"Dzana Muminovic\",\"image\":{\"@type\":\"ImageObject\",\"inLanguage\":\"it-IT\",\"@id\":\"https:\\\/\\\/secure.gravatar.com\\\/avatar\\\/909c5c71aff4b38e88686f2ab2f1ba152571f394f41ed8bae431ea56ced93050?s=96&d=mm&r=g\",\"url\":\"https:\\\/\\\/secure.gravatar.com\\\/avatar\\\/909c5c71aff4b38e88686f2ab2f1ba152571f394f41ed8bae431ea56ced93050?s=96&d=mm&r=g\",\"contentUrl\":\"https:\\\/\\\/secure.gravatar.com\\\/avatar\\\/909c5c71aff4b38e88686f2ab2f1ba152571f394f41ed8bae431ea56ced93050?s=96&d=mm&r=g\",\"caption\":\"Dzana Muminovic\"},\"url\":\"https:\\\/\\\/www.organisator.ch\\\/it\\\/author\\\/dzana-muminovic\\\/\"}]}<\/script>\n<!-- \/ Yoast SEO plugin. -->","yoast_head_json":{"title":"GKB pubblica il rapporto annuale e di sostenibilit\u00e0 2024 - Organizzatore","description":"Nel rapporto 2024, GKB dimostra la sua forza finanziaria e il suo impegno per la sostenibilit\u00e0 e gli obiettivi climatici fino al 2050.","robots":{"index":"index","follow":"follow","max-snippet":"max-snippet:-1","max-image-preview":"max-image-preview:large","max-video-preview":"max-video-preview:-1"},"canonical":"https:\/\/www.organisator.ch\/it\/sostenibilita\/2025-03-21\/gkb-publiziert-geschaefts-und-nachhaltigkeitsbericht-2024\/","og_locale":"it_IT","og_type":"article","og_title":"GKB publiziert Gesch\u00e4fts- und Nachhaltigkeitsbericht 2024","og_description":"Die GKB zeigt im Bericht 2024 finanzielle St\u00e4rke und ihr Engagement f\u00fcr Nachhaltigkeit und Klimaziele bis 2050.","og_url":"https:\/\/www.organisator.ch\/it\/sostenibilita\/2025-03-21\/gkb-publiziert-geschaefts-und-nachhaltigkeitsbericht-2024\/","og_site_name":"Organisator","article_publisher":"https:\/\/www.facebook.com\/OrganisatorFachmagazin","article_published_time":"2025-03-21T07:13:30+00:00","og_image":[{"width":680,"height":454,"url":"https:\/\/www.organisator.ch\/wp-content\/uploads\/2025\/03\/GKB_Bild_ps.jpg","type":"image\/jpeg"}],"author":"Dzana Muminovic","twitter_card":"summary_large_image","twitter_title":"GKB publiziert Gesch\u00e4fts- und Nachhaltigkeitsbericht 2024","twitter_description":"Die #GKB zeigt im #Bericht 2024 finanzielle #St\u00e4rke und ihr #Engagement f\u00fcr #Nachhaltigkeit und #Klimaziele bis 2050.","twitter_image":"https:\/\/www.organisator.ch\/wp-content\/uploads\/2025\/03\/GKB_Bild_ps.jpg","schema":{"@context":"https:\/\/schema.org","@graph":[{"@type":"Article","@id":"https:\/\/www.organisator.ch\/sustainability\/2025-03-21\/gkb-publiziert-geschaefts-und-nachhaltigkeitsbericht-2024\/#article","isPartOf":{"@id":"https:\/\/www.organisator.ch\/sustainability\/2025-03-21\/gkb-publiziert-geschaefts-und-nachhaltigkeitsbericht-2024\/"},"author":{"name":"Dzana Muminovic","@id":"https:\/\/www.organisator.ch\/#\/schema\/person\/afccda3a71c06d4be2ed9100dd163db7"},"headline":"GKB publiziert Gesch\u00e4fts- und Nachhaltigkeitsbericht 2024","datePublished":"2025-03-21T07:13:30+00:00","mainEntityOfPage":{"@id":"https:\/\/www.organisator.ch\/sustainability\/2025-03-21\/gkb-publiziert-geschaefts-und-nachhaltigkeitsbericht-2024\/"},"wordCount":251,"publisher":{"@id":"https:\/\/www.organisator.ch\/#organization"},"image":{"@id":"https:\/\/www.organisator.ch\/sustainability\/2025-03-21\/gkb-publiziert-geschaefts-und-nachhaltigkeitsbericht-2024\/#primaryimage"},"thumbnailUrl":"https:\/\/www.organisator.ch\/wp-content\/uploads\/2025\/03\/GKB_Bild_ps.jpg","keywords":["Gesch\u00e4ftsbericht","GKB","KLIMA","Nachhaltigkeit"],"articleSection":["SUSTAINABILITY"],"inLanguage":"it-IT"},{"@type":"WebPage","@id":"https:\/\/www.organisator.ch\/sustainability\/2025-03-21\/gkb-publiziert-geschaefts-und-nachhaltigkeitsbericht-2024\/","url":"https:\/\/www.organisator.ch\/sustainability\/2025-03-21\/gkb-publiziert-geschaefts-und-nachhaltigkeitsbericht-2024\/","name":"GKB pubblica il rapporto annuale e di sostenibilit\u00e0 2024 - Organizzatore","isPartOf":{"@id":"https:\/\/www.organisator.ch\/#website"},"primaryImageOfPage":{"@id":"https:\/\/www.organisator.ch\/sustainability\/2025-03-21\/gkb-publiziert-geschaefts-und-nachhaltigkeitsbericht-2024\/#primaryimage"},"image":{"@id":"https:\/\/www.organisator.ch\/sustainability\/2025-03-21\/gkb-publiziert-geschaefts-und-nachhaltigkeitsbericht-2024\/#primaryimage"},"thumbnailUrl":"https:\/\/www.organisator.ch\/wp-content\/uploads\/2025\/03\/GKB_Bild_ps.jpg","datePublished":"2025-03-21T07:13:30+00:00","description":"Nel rapporto 2024, GKB dimostra la sua forza finanziaria e il suo impegno per la sostenibilit\u00e0 e gli obiettivi climatici fino al 2050.","breadcrumb":{"@id":"https:\/\/www.organisator.ch\/sustainability\/2025-03-21\/gkb-publiziert-geschaefts-und-nachhaltigkeitsbericht-2024\/#breadcrumb"},"inLanguage":"it-IT","potentialAction":[{"@type":"ReadAction","target":["https:\/\/www.organisator.ch\/sustainability\/2025-03-21\/gkb-publiziert-geschaefts-und-nachhaltigkeitsbericht-2024\/"]}]},{"@type":"ImageObject","inLanguage":"it-IT","@id":"https:\/\/www.organisator.ch\/sustainability\/2025-03-21\/gkb-publiziert-geschaefts-und-nachhaltigkeitsbericht-2024\/#primaryimage","url":"https:\/\/www.organisator.ch\/wp-content\/uploads\/2025\/03\/GKB_Bild_ps.jpg","contentUrl":"https:\/\/www.organisator.ch\/wp-content\/uploads\/2025\/03\/GKB_Bild_ps.jpg","width":680,"height":454,"caption":"Die GKB zeigt im Bericht 2024 finanzielle St\u00e4rke und ihr Engagement f\u00fcr Nachhaltigkeit und Klimaziele bis 2050. (Bild: www.depositphotos.com)"},{"@type":"BreadcrumbList","@id":"https:\/\/www.organisator.ch\/sustainability\/2025-03-21\/gkb-publiziert-geschaefts-und-nachhaltigkeitsbericht-2024\/#breadcrumb","itemListElement":[{"@type":"ListItem","position":1,"name":"Home","item":"https:\/\/www.organisator.ch\/"},{"@type":"ListItem","position":2,"name":"GKB publiziert Gesch\u00e4fts- und Nachhaltigkeitsbericht 2024"}]},{"@type":"WebSite","@id":"https:\/\/www.organisator.ch\/#website","url":"https:\/\/www.organisator.ch\/","name":"Organizzatore","description":"Competente. Pratico. In 10 numeri all'anno, ORGANISATOR presenta i temi essenziali per i manager delle PMI.","publisher":{"@id":"https:\/\/www.organisator.ch\/#organization"},"potentialAction":[{"@type":"SearchAction","target":{"@type":"EntryPoint","urlTemplate":"https:\/\/www.organisator.ch\/?s={search_term_string}"},"query-input":{"@type":"PropertyValueSpecification","valueRequired":true,"valueName":"search_term_string"}}],"inLanguage":"it-IT"},{"@type":"Organization","@id":"https:\/\/www.organisator.ch\/#organization","name":"Organizzatore","url":"https:\/\/www.organisator.ch\/","logo":{"@type":"ImageObject","inLanguage":"it-IT","@id":"https:\/\/www.organisator.ch\/#\/schema\/logo\/image\/","url":"https:\/\/www.organisator.ch\/wp-content\/uploads\/2022\/01\/Logo_Organisator_Website.png","contentUrl":"https:\/\/www.organisator.ch\/wp-content\/uploads\/2022\/01\/Logo_Organisator_Website.png","width":800,"height":77,"caption":"Organisator"},"image":{"@id":"https:\/\/www.organisator.ch\/#\/schema\/logo\/image\/"},"sameAs":["https:\/\/www.facebook.com\/OrganisatorFachmagazin","https:\/\/www.linkedin.com\/showcase\/organisator-das-magazin-fr-kmu","https:\/\/www.xing.com\/news\/pages\/organisator-ch-695","https:\/\/www.youtube.com\/channel\/UCGP2Sq0iWaZwT3BdIAQFYpw"]},{"@type":"Person","@id":"https:\/\/www.organisator.ch\/#\/schema\/person\/afccda3a71c06d4be2ed9100dd163db7","name":"Dzana Muminovic","image":{"@type":"ImageObject","inLanguage":"it-IT","@id":"https:\/\/secure.gravatar.com\/avatar\/909c5c71aff4b38e88686f2ab2f1ba152571f394f41ed8bae431ea56ced93050?s=96&d=mm&r=g","url":"https:\/\/secure.gravatar.com\/avatar\/909c5c71aff4b38e88686f2ab2f1ba152571f394f41ed8bae431ea56ced93050?s=96&d=mm&r=g","contentUrl":"https:\/\/secure.gravatar.com\/avatar\/909c5c71aff4b38e88686f2ab2f1ba152571f394f41ed8bae431ea56ced93050?s=96&d=mm&r=g","caption":"Dzana Muminovic"},"url":"https:\/\/www.organisator.ch\/it\/author\/dzana-muminovic\/"}]}},"_links":{"self":[{"href":"https:\/\/www.organisator.ch\/it\/wp-json\/wp\/v2\/posts\/37065","targetHints":{"allow":["GET"]}}],"collection":[{"href":"https:\/\/www.organisator.ch\/it\/wp-json\/wp\/v2\/posts"}],"about":[{"href":"https:\/\/www.organisator.ch\/it\/wp-json\/wp\/v2\/types\/post"}],"author":[{"embeddable":true,"href":"https:\/\/www.organisator.ch\/it\/wp-json\/wp\/v2\/users\/80"}],"replies":[{"embeddable":true,"href":"https:\/\/www.organisator.ch\/it\/wp-json\/wp\/v2\/comments?post=37065"}],"version-history":[{"count":3,"href":"https:\/\/www.organisator.ch\/it\/wp-json\/wp\/v2\/posts\/37065\/revisions"}],"predecessor-version":[{"id":37106,"href":"https:\/\/www.organisator.ch\/it\/wp-json\/wp\/v2\/posts\/37065\/revisions\/37106"}],"wp:featuredmedia":[{"embeddable":true,"href":"https:\/\/www.organisator.ch\/it\/wp-json\/wp\/v2\/media\/37066"}],"wp:attachment":[{"href":"https:\/\/www.organisator.ch\/it\/wp-json\/wp\/v2\/media?parent=37065"}],"wp:term":[{"taxonomy":"category","embeddable":true,"href":"https:\/\/www.organisator.ch\/it\/wp-json\/wp\/v2\/categories?post=37065"},{"taxonomy":"post_tag","embeddable":true,"href":"https:\/\/www.organisator.ch\/it\/wp-json\/wp\/v2\/tags?post=37065"}],"curies":[{"name":"wp","href":"https:\/\/api.w.org\/{rel}","templated":true}]}}