{"id":37078,"date":"2025-03-21T11:50:21","date_gmt":"2025-03-21T10:50:21","guid":{"rendered":"https:\/\/www.organisator.ch\/?p=37078"},"modified":"2025-03-21T10:56:23","modified_gmt":"2025-03-21T09:56:23","slug":"upgrain-gewinnt-swiss-sustainability-impact-award-2025","status":"publish","type":"post","link":"https:\/\/www.organisator.ch\/it\/sustainability\/2025-03-21\/upgrain-gewinnt-swiss-sustainability-impact-award-2025\/","title":{"rendered":"Upgrain vince il Premio svizzero per l'impatto sulla sostenibilit\u00e0 2025"},"content":{"rendered":"<figure id=\"attachment_37079\" aria-describedby=\"caption-attachment-37079\" style=\"width: 680px\" class=\"wp-caption alignnone\"><img loading=\"lazy\" decoding=\"async\" class=\"size-full wp-image-37079\" src=\"https:\/\/www.organisator.ch\/wp-content\/uploads\/2025\/03\/Upgrain_Bild_ps.jpg\" alt=\"\" width=\"680\" height=\"588\" srcset=\"https:\/\/www.organisator.ch\/wp-content\/uploads\/2025\/03\/Upgrain_Bild_ps.jpg 680w, https:\/\/www.organisator.ch\/wp-content\/uploads\/2025\/03\/Upgrain_Bild_ps-14x12.jpg 14w, https:\/\/www.organisator.ch\/wp-content\/uploads\/2025\/03\/Upgrain_Bild_ps-347x300.jpg 347w, https:\/\/www.organisator.ch\/wp-content\/uploads\/2025\/03\/Upgrain_Bild_ps-405x350.jpg 405w\" sizes=\"auto, (max-width: 680px) 100vw, 680px\" \/><figcaption id=\"caption-attachment-37079\" class=\"wp-caption-text\">Upgrain vince lo Swiss Sustainability Impact Award per l'innovativo utilizzo dei cereali esausti per la riduzione di CO\u2082. (Immagine: Upgrain)<\/figcaption><\/figure>\n<p>\"Questo premio \u00e8 un grande onore per il nostro team e una conferma del nostro lavoro nel campo della produzione alimentare sostenibile. Siamo felici di questo riconoscimento e lo consideriamo un incentivo per sviluppare ulteriormente la nostra tecnologia ed espanderla a livello internazionale\", afferma Vincent Vida, CEO di Upgrain.<\/p>\n<h3><strong>Uso innovativo dei cereali esausti<\/strong><\/h3>\n<p>Upgrain ha sviluppato un processo innovativo per la raffinazione dei grani esausti, un sottoprodotto della produzione di birra. Insieme al birrificio Locher, l'anno scorso l'azienda ha messo in funzione il pi\u00f9 grande impianto di lavorazione dei cereali esausti d'Europa. L'impianto trasforma ogni anno circa 25.000 tonnellate di cereali esausti in proteine, fibre e altri preziosi ingredienti per l'industria alimentare. Questi vengono utilizzati come sostituti della farina, per migliorare la consistenza dei prodotti da forno e dei sostituti della carne e come base per snack e bevande ricchi di proteine.<\/p>\n<p>Questo processo contribuisce a ridurre le emissioni di CO\u2082, a risparmiare acqua e a ridurre la quantit\u00e0 di terra necessaria per la coltivazione di fonti proteiche tradizionali come il grano o la soia. Il solo birrificio Locher risparmia ogni anno oltre 5.500 tonnellate di CO\u2082. Il processo \u00e8 scalabile a livello internazionale e svolger\u00e0 un ruolo importante nell'industria alimentare, come dimostrano le prime linee di produzione.<\/p>\n<h3><strong>Integrazione nel catering dell'esercito svizzero<\/strong><\/h3>\n<p>Anche le Forze Armate svizzere hanno recentemente iniziato a utilizzare alimenti a base di cereali esausti come sostituto sostenibile della carne per l'alimentazione dei soldati. Il birrificio Locher li produce con il marchio \"brewbee\" a partire dai propri cereali esausti, lavorati con il sistema Upgrain. Questi prodotti soddisfano gli elevati requisiti delle razioni militari in termini di contenuto nutrizionale e saziet\u00e0.<\/p>\n<p>Aur\u00e8le Meyer, amministratore delegato del birrificio Locher, sottolinea l'importanza di questo sviluppo: \"La start-up Upgrain ha dimostrato che il suo sviluppo nel settore dell'upcycling alimentare ha creato un'innovazione scalabile che rende versatili i flussi collaterali del nostro birrificio.\"<\/p>\n<p>Upgrain aveva gi\u00e0 vinto lo START Summit nel 2021 - all'epoca come idea start-up. Grazie al sostegno e al premio in denaro ricevuto, Upgrain \u00e8 riuscita ad aggiudicarsi il birrificio Locher come partner e a costruire l'impianto di lavorazione dei grani esausti in Appenzello. Vincent Vida sottolinea: \"Senza il Vertice START, non saremmo dove siamo oggi: In prima linea nella lotta contro lo spreco alimentare e con il pi\u00f9 grande impianto di lavorazione di grani esausti d'Europa in piena attivit\u00e0.\"<\/p>\n<p><em>Fonte: <a href=\"https:\/\/sustainable-ingredients.com\/de\/\">www.upgrain.ch<\/a><\/em><\/p>","protected":false},"excerpt":{"rendered":"<p>La start-up appenzellese Upgrain \u00e8 stata premiata con lo \"Swiss Sustainability Impact Award\" allo START Summit di San Gallo di quest'anno per i risultati ottenuti nel campo dell'upcycling alimentare. La cerimonia di premiazione si \u00e8 svolta presso il centro fieristico Olma di San Gallo. L'evento offre alle start-up una piattaforma per presentare le loro innovazioni e per entrare in contatto con potenziali investitori e rappresentanti del settore.<\/p>","protected":false},"author":80,"featured_media":37079,"comment_status":"closed","ping_status":"closed","sticky":false,"template":"","format":"standard","meta":{"_acf_changed":false,"_yoast_wpseo_focuskw":"Upgrain","_yoast_wpseo_metadesc":"Upgrain gewinnt den Swiss Sustainability Impact Award f\u00fcr innovative Biertreber-Verwertung zur CO\u2082-Reduktion.","articlekey":"","footnotes":""},"categories":[580],"tags":[65,4493,3206,2831,2246],"class_list":["post-37078","post","type-post","status-publish","format-standard","has-post-thumbnail","hentry","category-sustainability","tag-award","tag-food-upcycling","tag-gewinner","tag-startup","tag-sustainability"],"acf":[],"yoast_head":"<!-- This site is optimized with the Yoast SEO plugin v27.5 - https:\/\/yoast.com\/product\/yoast-seo-wordpress\/ -->\n<title>Upgrain gewinnt Swiss Sustainability Impact Award 2025 - Organisator<\/title>\n<meta name=\"description\" content=\"Upgrain gewinnt den Swiss Sustainability Impact Award f\u00fcr innovative Biertreber-Verwertung zur CO\u2082-Reduktion.\" \/>\n<meta name=\"robots\" content=\"index, follow, max-snippet:-1, max-image-preview:large, max-video-preview:-1\" \/>\n<link rel=\"canonical\" href=\"https:\/\/www.organisator.ch\/it\/sostenibilita\/2025-03-21\/upgrain-gewinnt-swiss-sustainability-impact-award-2025\/\" \/>\n<meta property=\"og:locale\" content=\"it_IT\" \/>\n<meta property=\"og:type\" content=\"article\" \/>\n<meta property=\"og:title\" content=\"Upgrain gewinnt Swiss Sustainability Impact Award 2025\" \/>\n<meta property=\"og:description\" content=\"Upgrain gewinnt den Swiss Sustainability Impact Award f\u00fcr innovative Biertreber-Verwertung zur CO\u2082-Reduktion.\" \/>\n<meta property=\"og:url\" content=\"https:\/\/www.organisator.ch\/it\/sostenibilita\/2025-03-21\/upgrain-gewinnt-swiss-sustainability-impact-award-2025\/\" \/>\n<meta property=\"og:site_name\" content=\"Organisator\" \/>\n<meta property=\"article:publisher\" content=\"https:\/\/www.facebook.com\/OrganisatorFachmagazin\" \/>\n<meta property=\"article:published_time\" content=\"2025-03-21T10:50:21+00:00\" \/>\n<meta property=\"og:image\" content=\"https:\/\/www.organisator.ch\/wp-content\/uploads\/2025\/03\/Upgrain_Bild_ps.jpg\" \/>\n\t<meta property=\"og:image:width\" content=\"680\" \/>\n\t<meta property=\"og:image:height\" content=\"588\" \/>\n\t<meta property=\"og:image:type\" content=\"image\/jpeg\" \/>\n<meta name=\"author\" content=\"Dzana Muminovic\" \/>\n<meta name=\"twitter:card\" content=\"summary_large_image\" \/>\n<meta name=\"twitter:title\" content=\"Upgrain gewinnt Swiss Sustainability Impact Award 2025\" \/>\n<meta name=\"twitter:description\" content=\"#Upgrain gewinnt den #Swiss #Sustainability #Impact #Award f\u00fcr innovative ##Biertreber-Verwertung zur CO\u2082-Reduktion.\" \/>\n<meta name=\"twitter:image\" content=\"https:\/\/www.organisator.ch\/wp-content\/uploads\/2025\/03\/Upgrain_Bild_ps.jpg\" \/>\n<script type=\"application\/ld+json\" class=\"yoast-schema-graph\">{\"@context\":\"https:\\\/\\\/schema.org\",\"@graph\":[{\"@type\":\"Article\",\"@id\":\"https:\\\/\\\/www.organisator.ch\\\/sustainability\\\/2025-03-21\\\/upgrain-gewinnt-swiss-sustainability-impact-award-2025\\\/#article\",\"isPartOf\":{\"@id\":\"https:\\\/\\\/www.organisator.ch\\\/sustainability\\\/2025-03-21\\\/upgrain-gewinnt-swiss-sustainability-impact-award-2025\\\/\"},\"author\":{\"name\":\"Dzana Muminovic\",\"@id\":\"https:\\\/\\\/www.organisator.ch\\\/#\\\/schema\\\/person\\\/afccda3a71c06d4be2ed9100dd163db7\"},\"headline\":\"Upgrain gewinnt Swiss Sustainability Impact Award 2025\",\"datePublished\":\"2025-03-21T10:50:21+00:00\",\"mainEntityOfPage\":{\"@id\":\"https:\\\/\\\/www.organisator.ch\\\/sustainability\\\/2025-03-21\\\/upgrain-gewinnt-swiss-sustainability-impact-award-2025\\\/\"},\"wordCount\":385,\"publisher\":{\"@id\":\"https:\\\/\\\/www.organisator.ch\\\/#organization\"},\"image\":{\"@id\":\"https:\\\/\\\/www.organisator.ch\\\/sustainability\\\/2025-03-21\\\/upgrain-gewinnt-swiss-sustainability-impact-award-2025\\\/#primaryimage\"},\"thumbnailUrl\":\"https:\\\/\\\/www.organisator.ch\\\/wp-content\\\/uploads\\\/2025\\\/03\\\/Upgrain_Bild_ps.jpg\",\"keywords\":[\"Award\",\"Food-Upcycling\",\"Gewinner\",\"Startup\",\"Sustainability\"],\"articleSection\":[\"SUSTAINABILITY\"],\"inLanguage\":\"it-IT\"},{\"@type\":\"WebPage\",\"@id\":\"https:\\\/\\\/www.organisator.ch\\\/sustainability\\\/2025-03-21\\\/upgrain-gewinnt-swiss-sustainability-impact-award-2025\\\/\",\"url\":\"https:\\\/\\\/www.organisator.ch\\\/sustainability\\\/2025-03-21\\\/upgrain-gewinnt-swiss-sustainability-impact-award-2025\\\/\",\"name\":\"Upgrain gewinnt Swiss Sustainability Impact Award 2025 - Organisator\",\"isPartOf\":{\"@id\":\"https:\\\/\\\/www.organisator.ch\\\/#website\"},\"primaryImageOfPage\":{\"@id\":\"https:\\\/\\\/www.organisator.ch\\\/sustainability\\\/2025-03-21\\\/upgrain-gewinnt-swiss-sustainability-impact-award-2025\\\/#primaryimage\"},\"image\":{\"@id\":\"https:\\\/\\\/www.organisator.ch\\\/sustainability\\\/2025-03-21\\\/upgrain-gewinnt-swiss-sustainability-impact-award-2025\\\/#primaryimage\"},\"thumbnailUrl\":\"https:\\\/\\\/www.organisator.ch\\\/wp-content\\\/uploads\\\/2025\\\/03\\\/Upgrain_Bild_ps.jpg\",\"datePublished\":\"2025-03-21T10:50:21+00:00\",\"description\":\"Upgrain gewinnt den Swiss Sustainability Impact Award f\u00fcr innovative Biertreber-Verwertung zur CO\u2082-Reduktion.\",\"breadcrumb\":{\"@id\":\"https:\\\/\\\/www.organisator.ch\\\/sustainability\\\/2025-03-21\\\/upgrain-gewinnt-swiss-sustainability-impact-award-2025\\\/#breadcrumb\"},\"inLanguage\":\"it-IT\",\"potentialAction\":[{\"@type\":\"ReadAction\",\"target\":[\"https:\\\/\\\/www.organisator.ch\\\/sustainability\\\/2025-03-21\\\/upgrain-gewinnt-swiss-sustainability-impact-award-2025\\\/\"]}]},{\"@type\":\"ImageObject\",\"inLanguage\":\"it-IT\",\"@id\":\"https:\\\/\\\/www.organisator.ch\\\/sustainability\\\/2025-03-21\\\/upgrain-gewinnt-swiss-sustainability-impact-award-2025\\\/#primaryimage\",\"url\":\"https:\\\/\\\/www.organisator.ch\\\/wp-content\\\/uploads\\\/2025\\\/03\\\/Upgrain_Bild_ps.jpg\",\"contentUrl\":\"https:\\\/\\\/www.organisator.ch\\\/wp-content\\\/uploads\\\/2025\\\/03\\\/Upgrain_Bild_ps.jpg\",\"width\":680,\"height\":588,\"caption\":\"Upgrain gewinnt den Swiss Sustainability Impact Award f\u00fcr innovative Biertreber-Verwertung zur CO\u2082-Reduktion. (Bild: Upgrain)\"},{\"@type\":\"BreadcrumbList\",\"@id\":\"https:\\\/\\\/www.organisator.ch\\\/sustainability\\\/2025-03-21\\\/upgrain-gewinnt-swiss-sustainability-impact-award-2025\\\/#breadcrumb\",\"itemListElement\":[{\"@type\":\"ListItem\",\"position\":1,\"name\":\"Home\",\"item\":\"https:\\\/\\\/www.organisator.ch\\\/\"},{\"@type\":\"ListItem\",\"position\":2,\"name\":\"Upgrain gewinnt Swiss Sustainability Impact Award 2025\"}]},{\"@type\":\"WebSite\",\"@id\":\"https:\\\/\\\/www.organisator.ch\\\/#website\",\"url\":\"https:\\\/\\\/www.organisator.ch\\\/\",\"name\":\"Organisator\",\"description\":\"Kompetent. Praxisnah. Der ORGANISATOR bereitet in 10 Ausgaben pro Jahr die wesentlichen Themen f\u00fcr F\u00fchrungskr\u00e4fte von KMU auf.\",\"publisher\":{\"@id\":\"https:\\\/\\\/www.organisator.ch\\\/#organization\"},\"potentialAction\":[{\"@type\":\"SearchAction\",\"target\":{\"@type\":\"EntryPoint\",\"urlTemplate\":\"https:\\\/\\\/www.organisator.ch\\\/?s={search_term_string}\"},\"query-input\":{\"@type\":\"PropertyValueSpecification\",\"valueRequired\":true,\"valueName\":\"search_term_string\"}}],\"inLanguage\":\"it-IT\"},{\"@type\":\"Organization\",\"@id\":\"https:\\\/\\\/www.organisator.ch\\\/#organization\",\"name\":\"Organisator\",\"url\":\"https:\\\/\\\/www.organisator.ch\\\/\",\"logo\":{\"@type\":\"ImageObject\",\"inLanguage\":\"it-IT\",\"@id\":\"https:\\\/\\\/www.organisator.ch\\\/#\\\/schema\\\/logo\\\/image\\\/\",\"url\":\"https:\\\/\\\/www.organisator.ch\\\/wp-content\\\/uploads\\\/2022\\\/01\\\/Logo_Organisator_Website.png\",\"contentUrl\":\"https:\\\/\\\/www.organisator.ch\\\/wp-content\\\/uploads\\\/2022\\\/01\\\/Logo_Organisator_Website.png\",\"width\":800,\"height\":77,\"caption\":\"Organisator\"},\"image\":{\"@id\":\"https:\\\/\\\/www.organisator.ch\\\/#\\\/schema\\\/logo\\\/image\\\/\"},\"sameAs\":[\"https:\\\/\\\/www.facebook.com\\\/OrganisatorFachmagazin\",\"https:\\\/\\\/www.linkedin.com\\\/showcase\\\/organisator-das-magazin-fr-kmu\",\"https:\\\/\\\/www.xing.com\\\/news\\\/pages\\\/organisator-ch-695\",\"https:\\\/\\\/www.youtube.com\\\/channel\\\/UCGP2Sq0iWaZwT3BdIAQFYpw\"]},{\"@type\":\"Person\",\"@id\":\"https:\\\/\\\/www.organisator.ch\\\/#\\\/schema\\\/person\\\/afccda3a71c06d4be2ed9100dd163db7\",\"name\":\"Dzana Muminovic\",\"image\":{\"@type\":\"ImageObject\",\"inLanguage\":\"it-IT\",\"@id\":\"https:\\\/\\\/secure.gravatar.com\\\/avatar\\\/909c5c71aff4b38e88686f2ab2f1ba152571f394f41ed8bae431ea56ced93050?s=96&d=mm&r=g\",\"url\":\"https:\\\/\\\/secure.gravatar.com\\\/avatar\\\/909c5c71aff4b38e88686f2ab2f1ba152571f394f41ed8bae431ea56ced93050?s=96&d=mm&r=g\",\"contentUrl\":\"https:\\\/\\\/secure.gravatar.com\\\/avatar\\\/909c5c71aff4b38e88686f2ab2f1ba152571f394f41ed8bae431ea56ced93050?s=96&d=mm&r=g\",\"caption\":\"Dzana Muminovic\"},\"url\":\"https:\\\/\\\/www.organisator.ch\\\/it\\\/author\\\/dzana-muminovic\\\/\"}]}<\/script>\n<!-- \/ Yoast SEO plugin. -->","yoast_head_json":{"title":"Upgrain vince lo Swiss Sustainability Impact Award 2025 - Organizzatore","description":"Upgrain vince lo Swiss Sustainability Impact Award per l'innovativo utilizzo dei cereali esausti per la riduzione di CO\u2082.","robots":{"index":"index","follow":"follow","max-snippet":"max-snippet:-1","max-image-preview":"max-image-preview:large","max-video-preview":"max-video-preview:-1"},"canonical":"https:\/\/www.organisator.ch\/it\/sostenibilita\/2025-03-21\/upgrain-gewinnt-swiss-sustainability-impact-award-2025\/","og_locale":"it_IT","og_type":"article","og_title":"Upgrain gewinnt Swiss Sustainability Impact Award 2025","og_description":"Upgrain gewinnt den Swiss Sustainability Impact Award f\u00fcr innovative Biertreber-Verwertung zur CO\u2082-Reduktion.","og_url":"https:\/\/www.organisator.ch\/it\/sostenibilita\/2025-03-21\/upgrain-gewinnt-swiss-sustainability-impact-award-2025\/","og_site_name":"Organisator","article_publisher":"https:\/\/www.facebook.com\/OrganisatorFachmagazin","article_published_time":"2025-03-21T10:50:21+00:00","og_image":[{"width":680,"height":588,"url":"https:\/\/www.organisator.ch\/wp-content\/uploads\/2025\/03\/Upgrain_Bild_ps.jpg","type":"image\/jpeg"}],"author":"Dzana Muminovic","twitter_card":"summary_large_image","twitter_title":"Upgrain gewinnt Swiss Sustainability Impact Award 2025","twitter_description":"#Upgrain gewinnt den #Swiss #Sustainability #Impact #Award f\u00fcr innovative ##Biertreber-Verwertung zur CO\u2082-Reduktion.","twitter_image":"https:\/\/www.organisator.ch\/wp-content\/uploads\/2025\/03\/Upgrain_Bild_ps.jpg","schema":{"@context":"https:\/\/schema.org","@graph":[{"@type":"Article","@id":"https:\/\/www.organisator.ch\/sustainability\/2025-03-21\/upgrain-gewinnt-swiss-sustainability-impact-award-2025\/#article","isPartOf":{"@id":"https:\/\/www.organisator.ch\/sustainability\/2025-03-21\/upgrain-gewinnt-swiss-sustainability-impact-award-2025\/"},"author":{"name":"Dzana Muminovic","@id":"https:\/\/www.organisator.ch\/#\/schema\/person\/afccda3a71c06d4be2ed9100dd163db7"},"headline":"Upgrain gewinnt Swiss Sustainability Impact Award 2025","datePublished":"2025-03-21T10:50:21+00:00","mainEntityOfPage":{"@id":"https:\/\/www.organisator.ch\/sustainability\/2025-03-21\/upgrain-gewinnt-swiss-sustainability-impact-award-2025\/"},"wordCount":385,"publisher":{"@id":"https:\/\/www.organisator.ch\/#organization"},"image":{"@id":"https:\/\/www.organisator.ch\/sustainability\/2025-03-21\/upgrain-gewinnt-swiss-sustainability-impact-award-2025\/#primaryimage"},"thumbnailUrl":"https:\/\/www.organisator.ch\/wp-content\/uploads\/2025\/03\/Upgrain_Bild_ps.jpg","keywords":["Award","Food-Upcycling","Gewinner","Startup","Sustainability"],"articleSection":["SUSTAINABILITY"],"inLanguage":"it-IT"},{"@type":"WebPage","@id":"https:\/\/www.organisator.ch\/sustainability\/2025-03-21\/upgrain-gewinnt-swiss-sustainability-impact-award-2025\/","url":"https:\/\/www.organisator.ch\/sustainability\/2025-03-21\/upgrain-gewinnt-swiss-sustainability-impact-award-2025\/","name":"Upgrain vince lo Swiss Sustainability Impact Award 2025 - Organizzatore","isPartOf":{"@id":"https:\/\/www.organisator.ch\/#website"},"primaryImageOfPage":{"@id":"https:\/\/www.organisator.ch\/sustainability\/2025-03-21\/upgrain-gewinnt-swiss-sustainability-impact-award-2025\/#primaryimage"},"image":{"@id":"https:\/\/www.organisator.ch\/sustainability\/2025-03-21\/upgrain-gewinnt-swiss-sustainability-impact-award-2025\/#primaryimage"},"thumbnailUrl":"https:\/\/www.organisator.ch\/wp-content\/uploads\/2025\/03\/Upgrain_Bild_ps.jpg","datePublished":"2025-03-21T10:50:21+00:00","description":"Upgrain vince lo Swiss Sustainability Impact Award per l'innovativo utilizzo dei cereali esausti per la riduzione di CO\u2082.","breadcrumb":{"@id":"https:\/\/www.organisator.ch\/sustainability\/2025-03-21\/upgrain-gewinnt-swiss-sustainability-impact-award-2025\/#breadcrumb"},"inLanguage":"it-IT","potentialAction":[{"@type":"ReadAction","target":["https:\/\/www.organisator.ch\/sustainability\/2025-03-21\/upgrain-gewinnt-swiss-sustainability-impact-award-2025\/"]}]},{"@type":"ImageObject","inLanguage":"it-IT","@id":"https:\/\/www.organisator.ch\/sustainability\/2025-03-21\/upgrain-gewinnt-swiss-sustainability-impact-award-2025\/#primaryimage","url":"https:\/\/www.organisator.ch\/wp-content\/uploads\/2025\/03\/Upgrain_Bild_ps.jpg","contentUrl":"https:\/\/www.organisator.ch\/wp-content\/uploads\/2025\/03\/Upgrain_Bild_ps.jpg","width":680,"height":588,"caption":"Upgrain gewinnt den Swiss Sustainability Impact Award f\u00fcr innovative Biertreber-Verwertung zur CO\u2082-Reduktion. (Bild: Upgrain)"},{"@type":"BreadcrumbList","@id":"https:\/\/www.organisator.ch\/sustainability\/2025-03-21\/upgrain-gewinnt-swiss-sustainability-impact-award-2025\/#breadcrumb","itemListElement":[{"@type":"ListItem","position":1,"name":"Home","item":"https:\/\/www.organisator.ch\/"},{"@type":"ListItem","position":2,"name":"Upgrain gewinnt Swiss Sustainability Impact Award 2025"}]},{"@type":"WebSite","@id":"https:\/\/www.organisator.ch\/#website","url":"https:\/\/www.organisator.ch\/","name":"Organizzatore","description":"Competente. Pratico. In 10 numeri all'anno, ORGANISATOR presenta i temi essenziali per i manager delle PMI.","publisher":{"@id":"https:\/\/www.organisator.ch\/#organization"},"potentialAction":[{"@type":"SearchAction","target":{"@type":"EntryPoint","urlTemplate":"https:\/\/www.organisator.ch\/?s={search_term_string}"},"query-input":{"@type":"PropertyValueSpecification","valueRequired":true,"valueName":"search_term_string"}}],"inLanguage":"it-IT"},{"@type":"Organization","@id":"https:\/\/www.organisator.ch\/#organization","name":"Organizzatore","url":"https:\/\/www.organisator.ch\/","logo":{"@type":"ImageObject","inLanguage":"it-IT","@id":"https:\/\/www.organisator.ch\/#\/schema\/logo\/image\/","url":"https:\/\/www.organisator.ch\/wp-content\/uploads\/2022\/01\/Logo_Organisator_Website.png","contentUrl":"https:\/\/www.organisator.ch\/wp-content\/uploads\/2022\/01\/Logo_Organisator_Website.png","width":800,"height":77,"caption":"Organisator"},"image":{"@id":"https:\/\/www.organisator.ch\/#\/schema\/logo\/image\/"},"sameAs":["https:\/\/www.facebook.com\/OrganisatorFachmagazin","https:\/\/www.linkedin.com\/showcase\/organisator-das-magazin-fr-kmu","https:\/\/www.xing.com\/news\/pages\/organisator-ch-695","https:\/\/www.youtube.com\/channel\/UCGP2Sq0iWaZwT3BdIAQFYpw"]},{"@type":"Person","@id":"https:\/\/www.organisator.ch\/#\/schema\/person\/afccda3a71c06d4be2ed9100dd163db7","name":"Dzana Muminovic","image":{"@type":"ImageObject","inLanguage":"it-IT","@id":"https:\/\/secure.gravatar.com\/avatar\/909c5c71aff4b38e88686f2ab2f1ba152571f394f41ed8bae431ea56ced93050?s=96&d=mm&r=g","url":"https:\/\/secure.gravatar.com\/avatar\/909c5c71aff4b38e88686f2ab2f1ba152571f394f41ed8bae431ea56ced93050?s=96&d=mm&r=g","contentUrl":"https:\/\/secure.gravatar.com\/avatar\/909c5c71aff4b38e88686f2ab2f1ba152571f394f41ed8bae431ea56ced93050?s=96&d=mm&r=g","caption":"Dzana Muminovic"},"url":"https:\/\/www.organisator.ch\/it\/author\/dzana-muminovic\/"}]}},"_links":{"self":[{"href":"https:\/\/www.organisator.ch\/it\/wp-json\/wp\/v2\/posts\/37078","targetHints":{"allow":["GET"]}}],"collection":[{"href":"https:\/\/www.organisator.ch\/it\/wp-json\/wp\/v2\/posts"}],"about":[{"href":"https:\/\/www.organisator.ch\/it\/wp-json\/wp\/v2\/types\/post"}],"author":[{"embeddable":true,"href":"https:\/\/www.organisator.ch\/it\/wp-json\/wp\/v2\/users\/80"}],"replies":[{"embeddable":true,"href":"https:\/\/www.organisator.ch\/it\/wp-json\/wp\/v2\/comments?post=37078"}],"version-history":[{"count":4,"href":"https:\/\/www.organisator.ch\/it\/wp-json\/wp\/v2\/posts\/37078\/revisions"}],"predecessor-version":[{"id":37136,"href":"https:\/\/www.organisator.ch\/it\/wp-json\/wp\/v2\/posts\/37078\/revisions\/37136"}],"wp:featuredmedia":[{"embeddable":true,"href":"https:\/\/www.organisator.ch\/it\/wp-json\/wp\/v2\/media\/37079"}],"wp:attachment":[{"href":"https:\/\/www.organisator.ch\/it\/wp-json\/wp\/v2\/media?parent=37078"}],"wp:term":[{"taxonomy":"category","embeddable":true,"href":"https:\/\/www.organisator.ch\/it\/wp-json\/wp\/v2\/categories?post=37078"},{"taxonomy":"post_tag","embeddable":true,"href":"https:\/\/www.organisator.ch\/it\/wp-json\/wp\/v2\/tags?post=37078"}],"curies":[{"name":"wp","href":"https:\/\/api.w.org\/{rel}","templated":true}]}}