{"id":37211,"date":"2025-03-26T13:41:26","date_gmt":"2025-03-26T12:41:26","guid":{"rendered":"https:\/\/www.organisator.ch\/?p=37211"},"modified":"2025-03-26T13:41:26","modified_gmt":"2025-03-26T12:41:26","slug":"jaehrlicher-rekordzuwachs-bei-erneuerbaren-energien","status":"publish","type":"post","link":"https:\/\/www.organisator.ch\/it\/sustainability\/2025-03-26\/jaehrlicher-rekordzuwachs-bei-erneuerbaren-energien\/","title":{"rendered":"Crescita annuale record delle energie rinnovabili"},"content":{"rendered":"<figure id=\"attachment_37212\" aria-describedby=\"caption-attachment-37212\" style=\"width: 680px\" class=\"wp-caption alignnone\"><img loading=\"lazy\" decoding=\"async\" class=\"size-full wp-image-37212\" src=\"https:\/\/www.organisator.ch\/wp-content\/uploads\/2025\/03\/Jaehrlicher-Rekordzuwachs-bei-erneuerbaren-Energien_Organisator.jpg\" alt=\"\" width=\"680\" height=\"453\" srcset=\"https:\/\/www.organisator.ch\/wp-content\/uploads\/2025\/03\/Jaehrlicher-Rekordzuwachs-bei-erneuerbaren-Energien_Organisator.jpg 680w, https:\/\/www.organisator.ch\/wp-content\/uploads\/2025\/03\/Jaehrlicher-Rekordzuwachs-bei-erneuerbaren-Energien_Organisator-18x12.jpg 18w, https:\/\/www.organisator.ch\/wp-content\/uploads\/2025\/03\/Jaehrlicher-Rekordzuwachs-bei-erneuerbaren-Energien_Organisator-375x250.jpg 375w, https:\/\/www.organisator.ch\/wp-content\/uploads\/2025\/03\/Jaehrlicher-Rekordzuwachs-bei-erneuerbaren-Energien_Organisator-525x350.jpg 525w\" sizes=\"auto, (max-width: 680px) 100vw, 680px\" \/><figcaption id=\"caption-attachment-37212\" class=\"wp-caption-text\">Anche l'espansione delle energie rinnovabili ha registrato una crescita record nel 2024. (Immagine: serts, iStock \/ Getty Images Plus)<\/figcaption><\/figure>\n<p>Il rapporto Renewable Capacity Statistics 2025, pubblicato dall'Agenzia Internazionale per le Energie Rinnovabili (IRENA) il 26 marzo 2025, mostra un massiccio aumento della produzione di elettricit\u00e0 da energie rinnovabili nel 2024, che raggiunger\u00e0 la ragguardevole cifra di 4.448 gigawatt (GW). L'aggiunta di 585 GW nell'anno precedente corrisponde a 92,5 % di espansione della capacit\u00e0 totale e a un aumento annuale record di 15,1 %.<\/p>\n<h3>La strada da percorrere \u00e8 ancora lunga nonostante la crescita record<\/h3>\n<p>Sebbene il 2024 abbia stabilito un altro punto di riferimento in termini di capacit\u00e0 e crescita delle energie rinnovabili, i progressi sono inferiori agli 11,2 terawatt necessari per raggiungere l'obiettivo globale di triplicare la capacit\u00e0 installata di energia rinnovabile entro il 2030. Per raggiungere questo obiettivo, la crescita annuale della capacit\u00e0 di energia rinnovabile deve aumentare di 16,6 % all'anno entro il 2030. Inoltre, i progressi sono ancora una volta caratterizzati da notevoli disparit\u00e0 geografiche. Come negli anni precedenti, l'Asia ha rappresentato la maggior parte dell'aumento, guidata dalla Cina, che ha contribuito a quasi 64 % della crescita della capacit\u00e0 globale, mentre l'America centrale e i Caraibi hanno dato il contributo minore con solo 3,2 %. I Paesi del G7 e del G20 hanno contribuito rispettivamente per 14,3 % e 90,3 % della nuova capacit\u00e0 aggiunta nel 2024. Francesco La Camera, Direttore Generale dell'IRENA, ha commentato: \"La crescita costante delle energie rinnovabili a cui assistiamo anno dopo anno \u00e8 una testimonianza della redditivit\u00e0 economica e della rapida diffusione delle energie rinnovabili. Anche se ogni anno vengono battuti dei record per quanto riguarda l'espansione delle energie rinnovabili, dobbiamo ancora affrontare le stesse sfide, ovvero le grandi disuguaglianze regionali e il ticchettio dell'orologio in vista dell'imminente scadenza del 2030.\"<\/p>\n<h3>Pi\u00f9 di tre quarti \u00e8 energia solare<\/h3>\n<p>L'energia solare ed eolica continuano a registrare la crescita maggiore e insieme rappresentano 96,6 % dell'aumento netto totale delle energie rinnovabili nel 2024. L'energia solare ha rappresentato pi\u00f9 di tre quarti dell'espansione della capacit\u00e0, aumentando di 32,2 % a 1.865 GW, seguita dall'energia eolica con una crescita di 11,1 %.<\/p>\n<p>L'ampio smantellamento netto della produzione di energia elettrica da fonti non rinnovabili in diverse regioni ha contribuito alla tendenza all'aumento delle energie rinnovabili, riferisce IRENA. Tuttavia, \u00e8 necessario fare di pi\u00f9 per raggiungere l'obiettivo di triplicare la capacit\u00e0 di generazione di energia rinnovabile entro il 2030 e l'Accordo di Parigi. Negli ultimi anni, l'IRENA ha chiesto di stabilire obiettivi chiari e quantificabili per la capacit\u00e0 di generazione di energia rinnovabile nell'NDC 3.0. A tal fine, l'Agenzia fornisce un supporto per la realizzazione dell'obiettivo di triplicare la capacit\u00e0 di produzione di energia rinnovabile entro il 2030. A tal fine, l'Agenzia fornisce supporto per il miglioramento e l'attuazione degli NDC dei suoi membri, con particolare attenzione al settore energetico, attraverso il suo impegno nei singoli Paesi.<\/p>\n<p><em>Fonte: <a href=\"https:\/\/www.irena.org\/\">IRENA<\/a> \/ <a href=\"https:\/\/u7061146.ct.sendgrid.net\/ls\/click?upn=u001.gqh-2BaxUzlo7XKIuSly0rC8fwCDvtdcWHsBQfu3uq8t6GtJIBNcrKtrtO-2FAdsb-2FCBMMG9xOmXZCDNJCac9d2IQbBOlrWCkcZvmZ6V0Mgaa44DUiUBhD-2B-2BTf-2FqAEMPNkHokikP_93BsojE-2BL5C-2BY5bA-2FpB2S5x4ASie2lf0OAH97LZOvRzt5D75qfMMOIGJGzLAWsXlpS4vHcXs09HRhtCLbmr3DcPgBzlJhIy-2BMR44gVmw5DTmYJv0sUGonvLxgv-2BYk2rwSHoSm5HwxyphPMGUTSjeA-2FxgkiJkW6xEBvN8FGv0zsXqeBJL8y-2FUs7FGomzJour7n6FvvdR-2FWFVWU5NuJ5sEVV58R6Dp9ZaxznsFN0ZZE-2FBLUgjUkSpLyegTzioZzH7U3VFC-2FtJgFoa-2F2TPRWubaD-2BkR40DgjrMwKD9CW5UuwQq-2B9opCIgxgZtTGBeBtmHqCgK8g9Mc0V8k5qKVRfsuGjlmItmni-2FztN8F7rjau-2FS8A-3D\">Statistiche sulla capacit\u00e0 rinnovabile 2025<\/a><\/em><\/p>","protected":false},"excerpt":{"rendered":"<p>Con un'espansione di 585 GW, le energie rinnovabili rappresenteranno oltre il 90 % dell'espansione totale dell'elettricit\u00e0 globale nel 2024. \u00c8 quanto emerge dall'indagine recentemente pubblicata dall'Agenzia internazionale per le energie rinnovabili IRENA.<\/p>","protected":false},"author":4,"featured_media":37212,"comment_status":"closed","ping_status":"closed","sticky":false,"template":"","format":"standard","meta":{"_acf_changed":false,"_yoast_wpseo_focuskw":"Rekordzuwachs","_yoast_wpseo_metadesc":"Rekordzuwachs: Mit einem Zubau von 585 GW machten erneuerbare Energien im Jahr 2024 \u00fcber 90 % des gesamten weltweiten Stromausbaus aus.","articlekey":"","footnotes":""},"categories":[580],"tags":[1098,358,452],"class_list":["post-37211","post","type-post","status-publish","format-standard","has-post-thumbnail","hentry","category-sustainability","tag-enerneuerbare-energie","tag-nachhaltige-wirtschaft","tag-statistik"],"acf":[],"yoast_head":"<!-- This site is optimized with the Yoast SEO plugin v27.4 - https:\/\/yoast.com\/product\/yoast-seo-wordpress\/ -->\n<title>J\u00e4hrlicher Rekordzuwachs bei erneuerbaren Energien - Organisator<\/title>\n<meta name=\"description\" content=\"Rekordzuwachs: Mit einem Zubau von 585 GW machten erneuerbare Energien im Jahr 2024 \u00fcber 90 % des gesamten weltweiten Stromausbaus aus.\" \/>\n<meta name=\"robots\" content=\"index, follow, max-snippet:-1, max-image-preview:large, max-video-preview:-1\" \/>\n<link rel=\"canonical\" href=\"https:\/\/www.organisator.ch\/it\/sostenibilita\/2025-03-26\/jaehrlicher-rekordzuwachs-bei-erneuerbaren-energien\/\" \/>\n<meta property=\"og:locale\" content=\"it_IT\" \/>\n<meta property=\"og:type\" content=\"article\" \/>\n<meta property=\"og:title\" content=\"J\u00e4hrlicher Rekordzuwachs bei erneuerbaren Energien\" \/>\n<meta property=\"og:description\" content=\"Rekordzuwachs: Mit einem Zubau von 585 GW machten erneuerbare Energien im Jahr 2024 \u00fcber 90 % des gesamten weltweiten Stromausbaus aus.\" \/>\n<meta property=\"og:url\" content=\"https:\/\/www.organisator.ch\/it\/sostenibilita\/2025-03-26\/jaehrlicher-rekordzuwachs-bei-erneuerbaren-energien\/\" \/>\n<meta property=\"og:site_name\" content=\"Organisator\" \/>\n<meta property=\"article:publisher\" content=\"https:\/\/www.facebook.com\/OrganisatorFachmagazin\" \/>\n<meta property=\"article:published_time\" content=\"2025-03-26T12:41:26+00:00\" \/>\n<meta property=\"og:image\" content=\"https:\/\/www.organisator.ch\/wp-content\/uploads\/2025\/03\/Jaehrlicher-Rekordzuwachs-bei-erneuerbaren-Energien_Organisator.jpg\" \/>\n\t<meta property=\"og:image:width\" content=\"680\" \/>\n\t<meta property=\"og:image:height\" content=\"453\" \/>\n\t<meta property=\"og:image:type\" content=\"image\/jpeg\" \/>\n<meta name=\"author\" content=\"thomas.berner\" \/>\n<meta name=\"twitter:card\" content=\"summary_large_image\" \/>\n<meta name=\"twitter:title\" content=\"J\u00e4hrlicher #Rekordzuwachs bei erneuerbaren Energien\" \/>\n<meta name=\"twitter:description\" content=\"#Rekordzuwachs: Mit einem Zubau von 585 GW machten erneuerbare #Energien im Jahr 2024 \u00fcber 90 % des gesamten weltweiten Stromausbaus aus.\" \/>\n<meta name=\"twitter:image\" content=\"https:\/\/www.organisator.ch\/wp-content\/uploads\/2025\/03\/Jaehrlicher-Rekordzuwachs-bei-erneuerbaren-Energien_Organisator.jpg\" \/>\n<script type=\"application\/ld+json\" class=\"yoast-schema-graph\">{\"@context\":\"https:\\\/\\\/schema.org\",\"@graph\":[{\"@type\":\"Article\",\"@id\":\"https:\\\/\\\/www.organisator.ch\\\/sustainability\\\/2025-03-26\\\/jaehrlicher-rekordzuwachs-bei-erneuerbaren-energien\\\/#article\",\"isPartOf\":{\"@id\":\"https:\\\/\\\/www.organisator.ch\\\/sustainability\\\/2025-03-26\\\/jaehrlicher-rekordzuwachs-bei-erneuerbaren-energien\\\/\"},\"author\":{\"name\":\"thomas.berner\",\"@id\":\"https:\\\/\\\/www.organisator.ch\\\/#\\\/schema\\\/person\\\/6f650f90b2842cd4c0cc334b4e36f67e\"},\"headline\":\"J\u00e4hrlicher Rekordzuwachs bei erneuerbaren Energien\",\"datePublished\":\"2025-03-26T12:41:26+00:00\",\"mainEntityOfPage\":{\"@id\":\"https:\\\/\\\/www.organisator.ch\\\/sustainability\\\/2025-03-26\\\/jaehrlicher-rekordzuwachs-bei-erneuerbaren-energien\\\/\"},\"wordCount\":451,\"publisher\":{\"@id\":\"https:\\\/\\\/www.organisator.ch\\\/#organization\"},\"image\":{\"@id\":\"https:\\\/\\\/www.organisator.ch\\\/sustainability\\\/2025-03-26\\\/jaehrlicher-rekordzuwachs-bei-erneuerbaren-energien\\\/#primaryimage\"},\"thumbnailUrl\":\"https:\\\/\\\/www.organisator.ch\\\/wp-content\\\/uploads\\\/2025\\\/03\\\/Jaehrlicher-Rekordzuwachs-bei-erneuerbaren-Energien_Organisator.jpg\",\"keywords\":[\"Enerneuerbare Energie\",\"Nachhaltige Wirtschaft\",\"Statistik\"],\"articleSection\":[\"SUSTAINABILITY\"],\"inLanguage\":\"it-IT\"},{\"@type\":\"WebPage\",\"@id\":\"https:\\\/\\\/www.organisator.ch\\\/sustainability\\\/2025-03-26\\\/jaehrlicher-rekordzuwachs-bei-erneuerbaren-energien\\\/\",\"url\":\"https:\\\/\\\/www.organisator.ch\\\/sustainability\\\/2025-03-26\\\/jaehrlicher-rekordzuwachs-bei-erneuerbaren-energien\\\/\",\"name\":\"J\u00e4hrlicher Rekordzuwachs bei erneuerbaren Energien - Organisator\",\"isPartOf\":{\"@id\":\"https:\\\/\\\/www.organisator.ch\\\/#website\"},\"primaryImageOfPage\":{\"@id\":\"https:\\\/\\\/www.organisator.ch\\\/sustainability\\\/2025-03-26\\\/jaehrlicher-rekordzuwachs-bei-erneuerbaren-energien\\\/#primaryimage\"},\"image\":{\"@id\":\"https:\\\/\\\/www.organisator.ch\\\/sustainability\\\/2025-03-26\\\/jaehrlicher-rekordzuwachs-bei-erneuerbaren-energien\\\/#primaryimage\"},\"thumbnailUrl\":\"https:\\\/\\\/www.organisator.ch\\\/wp-content\\\/uploads\\\/2025\\\/03\\\/Jaehrlicher-Rekordzuwachs-bei-erneuerbaren-Energien_Organisator.jpg\",\"datePublished\":\"2025-03-26T12:41:26+00:00\",\"description\":\"Rekordzuwachs: Mit einem Zubau von 585 GW machten erneuerbare Energien im Jahr 2024 \u00fcber 90 % des gesamten weltweiten Stromausbaus aus.\",\"breadcrumb\":{\"@id\":\"https:\\\/\\\/www.organisator.ch\\\/sustainability\\\/2025-03-26\\\/jaehrlicher-rekordzuwachs-bei-erneuerbaren-energien\\\/#breadcrumb\"},\"inLanguage\":\"it-IT\",\"potentialAction\":[{\"@type\":\"ReadAction\",\"target\":[\"https:\\\/\\\/www.organisator.ch\\\/sustainability\\\/2025-03-26\\\/jaehrlicher-rekordzuwachs-bei-erneuerbaren-energien\\\/\"]}]},{\"@type\":\"ImageObject\",\"inLanguage\":\"it-IT\",\"@id\":\"https:\\\/\\\/www.organisator.ch\\\/sustainability\\\/2025-03-26\\\/jaehrlicher-rekordzuwachs-bei-erneuerbaren-energien\\\/#primaryimage\",\"url\":\"https:\\\/\\\/www.organisator.ch\\\/wp-content\\\/uploads\\\/2025\\\/03\\\/Jaehrlicher-Rekordzuwachs-bei-erneuerbaren-Energien_Organisator.jpg\",\"contentUrl\":\"https:\\\/\\\/www.organisator.ch\\\/wp-content\\\/uploads\\\/2025\\\/03\\\/Jaehrlicher-Rekordzuwachs-bei-erneuerbaren-Energien_Organisator.jpg\",\"width\":680,\"height\":453,\"caption\":\"Der Zubau mit erneuerbaren Energien verzeichnete auch 2024 einen Rekordzuwachs. (Bild: iStock \\\/ Getty Images Plus)\"},{\"@type\":\"BreadcrumbList\",\"@id\":\"https:\\\/\\\/www.organisator.ch\\\/sustainability\\\/2025-03-26\\\/jaehrlicher-rekordzuwachs-bei-erneuerbaren-energien\\\/#breadcrumb\",\"itemListElement\":[{\"@type\":\"ListItem\",\"position\":1,\"name\":\"Home\",\"item\":\"https:\\\/\\\/www.organisator.ch\\\/\"},{\"@type\":\"ListItem\",\"position\":2,\"name\":\"J\u00e4hrlicher Rekordzuwachs bei erneuerbaren Energien\"}]},{\"@type\":\"WebSite\",\"@id\":\"https:\\\/\\\/www.organisator.ch\\\/#website\",\"url\":\"https:\\\/\\\/www.organisator.ch\\\/\",\"name\":\"Organisator\",\"description\":\"Kompetent. Praxisnah. Der ORGANISATOR bereitet in 10 Ausgaben pro Jahr die wesentlichen Themen f\u00fcr F\u00fchrungskr\u00e4fte von KMU auf.\",\"publisher\":{\"@id\":\"https:\\\/\\\/www.organisator.ch\\\/#organization\"},\"potentialAction\":[{\"@type\":\"SearchAction\",\"target\":{\"@type\":\"EntryPoint\",\"urlTemplate\":\"https:\\\/\\\/www.organisator.ch\\\/?s={search_term_string}\"},\"query-input\":{\"@type\":\"PropertyValueSpecification\",\"valueRequired\":true,\"valueName\":\"search_term_string\"}}],\"inLanguage\":\"it-IT\"},{\"@type\":\"Organization\",\"@id\":\"https:\\\/\\\/www.organisator.ch\\\/#organization\",\"name\":\"Organisator\",\"url\":\"https:\\\/\\\/www.organisator.ch\\\/\",\"logo\":{\"@type\":\"ImageObject\",\"inLanguage\":\"it-IT\",\"@id\":\"https:\\\/\\\/www.organisator.ch\\\/#\\\/schema\\\/logo\\\/image\\\/\",\"url\":\"https:\\\/\\\/www.organisator.ch\\\/wp-content\\\/uploads\\\/2022\\\/01\\\/Logo_Organisator_Website.png\",\"contentUrl\":\"https:\\\/\\\/www.organisator.ch\\\/wp-content\\\/uploads\\\/2022\\\/01\\\/Logo_Organisator_Website.png\",\"width\":800,\"height\":77,\"caption\":\"Organisator\"},\"image\":{\"@id\":\"https:\\\/\\\/www.organisator.ch\\\/#\\\/schema\\\/logo\\\/image\\\/\"},\"sameAs\":[\"https:\\\/\\\/www.facebook.com\\\/OrganisatorFachmagazin\",\"https:\\\/\\\/www.linkedin.com\\\/showcase\\\/organisator-das-magazin-fr-kmu\",\"https:\\\/\\\/www.xing.com\\\/news\\\/pages\\\/organisator-ch-695\",\"https:\\\/\\\/www.youtube.com\\\/channel\\\/UCGP2Sq0iWaZwT3BdIAQFYpw\"]},{\"@type\":\"Person\",\"@id\":\"https:\\\/\\\/www.organisator.ch\\\/#\\\/schema\\\/person\\\/6f650f90b2842cd4c0cc334b4e36f67e\",\"name\":\"thomas.berner\",\"image\":{\"@type\":\"ImageObject\",\"inLanguage\":\"it-IT\",\"@id\":\"https:\\\/\\\/secure.gravatar.com\\\/avatar\\\/ac5001d2a36cb6c6cd3e50789007ffca834b477b74a2144564522e944eabff61?s=96&d=mm&r=g\",\"url\":\"https:\\\/\\\/secure.gravatar.com\\\/avatar\\\/ac5001d2a36cb6c6cd3e50789007ffca834b477b74a2144564522e944eabff61?s=96&d=mm&r=g\",\"contentUrl\":\"https:\\\/\\\/secure.gravatar.com\\\/avatar\\\/ac5001d2a36cb6c6cd3e50789007ffca834b477b74a2144564522e944eabff61?s=96&d=mm&r=g\",\"caption\":\"thomas.berner\"},\"url\":\"https:\\\/\\\/www.organisator.ch\\\/it\\\/author\\\/thomas-berner\\\/\"}]}<\/script>\n<!-- \/ Yoast SEO plugin. -->","yoast_head_json":{"title":"Crescita annuale record delle energie rinnovabili - Organizzatore","description":"Crescita record: con un'espansione di 585 GW, le energie rinnovabili hanno rappresentato oltre il 90 % dell'espansione totale dell'elettricit\u00e0 globale nel 2024.","robots":{"index":"index","follow":"follow","max-snippet":"max-snippet:-1","max-image-preview":"max-image-preview:large","max-video-preview":"max-video-preview:-1"},"canonical":"https:\/\/www.organisator.ch\/it\/sostenibilita\/2025-03-26\/jaehrlicher-rekordzuwachs-bei-erneuerbaren-energien\/","og_locale":"it_IT","og_type":"article","og_title":"J\u00e4hrlicher Rekordzuwachs bei erneuerbaren Energien","og_description":"Rekordzuwachs: Mit einem Zubau von 585 GW machten erneuerbare Energien im Jahr 2024 \u00fcber 90 % des gesamten weltweiten Stromausbaus aus.","og_url":"https:\/\/www.organisator.ch\/it\/sostenibilita\/2025-03-26\/jaehrlicher-rekordzuwachs-bei-erneuerbaren-energien\/","og_site_name":"Organisator","article_publisher":"https:\/\/www.facebook.com\/OrganisatorFachmagazin","article_published_time":"2025-03-26T12:41:26+00:00","og_image":[{"width":680,"height":453,"url":"https:\/\/www.organisator.ch\/wp-content\/uploads\/2025\/03\/Jaehrlicher-Rekordzuwachs-bei-erneuerbaren-Energien_Organisator.jpg","type":"image\/jpeg"}],"author":"thomas.berner","twitter_card":"summary_large_image","twitter_title":"J\u00e4hrlicher #Rekordzuwachs bei erneuerbaren Energien","twitter_description":"#Rekordzuwachs: Mit einem Zubau von 585 GW machten erneuerbare #Energien im Jahr 2024 \u00fcber 90 % des gesamten weltweiten Stromausbaus aus.","twitter_image":"https:\/\/www.organisator.ch\/wp-content\/uploads\/2025\/03\/Jaehrlicher-Rekordzuwachs-bei-erneuerbaren-Energien_Organisator.jpg","schema":{"@context":"https:\/\/schema.org","@graph":[{"@type":"Article","@id":"https:\/\/www.organisator.ch\/sustainability\/2025-03-26\/jaehrlicher-rekordzuwachs-bei-erneuerbaren-energien\/#article","isPartOf":{"@id":"https:\/\/www.organisator.ch\/sustainability\/2025-03-26\/jaehrlicher-rekordzuwachs-bei-erneuerbaren-energien\/"},"author":{"name":"thomas.berner","@id":"https:\/\/www.organisator.ch\/#\/schema\/person\/6f650f90b2842cd4c0cc334b4e36f67e"},"headline":"J\u00e4hrlicher Rekordzuwachs bei erneuerbaren Energien","datePublished":"2025-03-26T12:41:26+00:00","mainEntityOfPage":{"@id":"https:\/\/www.organisator.ch\/sustainability\/2025-03-26\/jaehrlicher-rekordzuwachs-bei-erneuerbaren-energien\/"},"wordCount":451,"publisher":{"@id":"https:\/\/www.organisator.ch\/#organization"},"image":{"@id":"https:\/\/www.organisator.ch\/sustainability\/2025-03-26\/jaehrlicher-rekordzuwachs-bei-erneuerbaren-energien\/#primaryimage"},"thumbnailUrl":"https:\/\/www.organisator.ch\/wp-content\/uploads\/2025\/03\/Jaehrlicher-Rekordzuwachs-bei-erneuerbaren-Energien_Organisator.jpg","keywords":["Enerneuerbare Energie","Nachhaltige Wirtschaft","Statistik"],"articleSection":["SUSTAINABILITY"],"inLanguage":"it-IT"},{"@type":"WebPage","@id":"https:\/\/www.organisator.ch\/sustainability\/2025-03-26\/jaehrlicher-rekordzuwachs-bei-erneuerbaren-energien\/","url":"https:\/\/www.organisator.ch\/sustainability\/2025-03-26\/jaehrlicher-rekordzuwachs-bei-erneuerbaren-energien\/","name":"Crescita annuale record delle energie rinnovabili - Organizzatore","isPartOf":{"@id":"https:\/\/www.organisator.ch\/#website"},"primaryImageOfPage":{"@id":"https:\/\/www.organisator.ch\/sustainability\/2025-03-26\/jaehrlicher-rekordzuwachs-bei-erneuerbaren-energien\/#primaryimage"},"image":{"@id":"https:\/\/www.organisator.ch\/sustainability\/2025-03-26\/jaehrlicher-rekordzuwachs-bei-erneuerbaren-energien\/#primaryimage"},"thumbnailUrl":"https:\/\/www.organisator.ch\/wp-content\/uploads\/2025\/03\/Jaehrlicher-Rekordzuwachs-bei-erneuerbaren-Energien_Organisator.jpg","datePublished":"2025-03-26T12:41:26+00:00","description":"Crescita record: con un'espansione di 585 GW, le energie rinnovabili hanno rappresentato oltre il 90 % dell'espansione totale dell'elettricit\u00e0 globale nel 2024.","breadcrumb":{"@id":"https:\/\/www.organisator.ch\/sustainability\/2025-03-26\/jaehrlicher-rekordzuwachs-bei-erneuerbaren-energien\/#breadcrumb"},"inLanguage":"it-IT","potentialAction":[{"@type":"ReadAction","target":["https:\/\/www.organisator.ch\/sustainability\/2025-03-26\/jaehrlicher-rekordzuwachs-bei-erneuerbaren-energien\/"]}]},{"@type":"ImageObject","inLanguage":"it-IT","@id":"https:\/\/www.organisator.ch\/sustainability\/2025-03-26\/jaehrlicher-rekordzuwachs-bei-erneuerbaren-energien\/#primaryimage","url":"https:\/\/www.organisator.ch\/wp-content\/uploads\/2025\/03\/Jaehrlicher-Rekordzuwachs-bei-erneuerbaren-Energien_Organisator.jpg","contentUrl":"https:\/\/www.organisator.ch\/wp-content\/uploads\/2025\/03\/Jaehrlicher-Rekordzuwachs-bei-erneuerbaren-Energien_Organisator.jpg","width":680,"height":453,"caption":"Der Zubau mit erneuerbaren Energien verzeichnete auch 2024 einen Rekordzuwachs. (Bild: iStock \/ Getty Images Plus)"},{"@type":"BreadcrumbList","@id":"https:\/\/www.organisator.ch\/sustainability\/2025-03-26\/jaehrlicher-rekordzuwachs-bei-erneuerbaren-energien\/#breadcrumb","itemListElement":[{"@type":"ListItem","position":1,"name":"Home","item":"https:\/\/www.organisator.ch\/"},{"@type":"ListItem","position":2,"name":"J\u00e4hrlicher Rekordzuwachs bei erneuerbaren Energien"}]},{"@type":"WebSite","@id":"https:\/\/www.organisator.ch\/#website","url":"https:\/\/www.organisator.ch\/","name":"Organizzatore","description":"Competente. Pratico. In 10 numeri all'anno, ORGANISATOR presenta i temi essenziali per i manager delle PMI.","publisher":{"@id":"https:\/\/www.organisator.ch\/#organization"},"potentialAction":[{"@type":"SearchAction","target":{"@type":"EntryPoint","urlTemplate":"https:\/\/www.organisator.ch\/?s={search_term_string}"},"query-input":{"@type":"PropertyValueSpecification","valueRequired":true,"valueName":"search_term_string"}}],"inLanguage":"it-IT"},{"@type":"Organization","@id":"https:\/\/www.organisator.ch\/#organization","name":"Organizzatore","url":"https:\/\/www.organisator.ch\/","logo":{"@type":"ImageObject","inLanguage":"it-IT","@id":"https:\/\/www.organisator.ch\/#\/schema\/logo\/image\/","url":"https:\/\/www.organisator.ch\/wp-content\/uploads\/2022\/01\/Logo_Organisator_Website.png","contentUrl":"https:\/\/www.organisator.ch\/wp-content\/uploads\/2022\/01\/Logo_Organisator_Website.png","width":800,"height":77,"caption":"Organisator"},"image":{"@id":"https:\/\/www.organisator.ch\/#\/schema\/logo\/image\/"},"sameAs":["https:\/\/www.facebook.com\/OrganisatorFachmagazin","https:\/\/www.linkedin.com\/showcase\/organisator-das-magazin-fr-kmu","https:\/\/www.xing.com\/news\/pages\/organisator-ch-695","https:\/\/www.youtube.com\/channel\/UCGP2Sq0iWaZwT3BdIAQFYpw"]},{"@type":"Person","@id":"https:\/\/www.organisator.ch\/#\/schema\/person\/6f650f90b2842cd4c0cc334b4e36f67e","name":"Tommaso.berner","image":{"@type":"ImageObject","inLanguage":"it-IT","@id":"https:\/\/secure.gravatar.com\/avatar\/ac5001d2a36cb6c6cd3e50789007ffca834b477b74a2144564522e944eabff61?s=96&d=mm&r=g","url":"https:\/\/secure.gravatar.com\/avatar\/ac5001d2a36cb6c6cd3e50789007ffca834b477b74a2144564522e944eabff61?s=96&d=mm&r=g","contentUrl":"https:\/\/secure.gravatar.com\/avatar\/ac5001d2a36cb6c6cd3e50789007ffca834b477b74a2144564522e944eabff61?s=96&d=mm&r=g","caption":"thomas.berner"},"url":"https:\/\/www.organisator.ch\/it\/author\/thomas-berner\/"}]}},"_links":{"self":[{"href":"https:\/\/www.organisator.ch\/it\/wp-json\/wp\/v2\/posts\/37211","targetHints":{"allow":["GET"]}}],"collection":[{"href":"https:\/\/www.organisator.ch\/it\/wp-json\/wp\/v2\/posts"}],"about":[{"href":"https:\/\/www.organisator.ch\/it\/wp-json\/wp\/v2\/types\/post"}],"author":[{"embeddable":true,"href":"https:\/\/www.organisator.ch\/it\/wp-json\/wp\/v2\/users\/4"}],"replies":[{"embeddable":true,"href":"https:\/\/www.organisator.ch\/it\/wp-json\/wp\/v2\/comments?post=37211"}],"version-history":[{"count":3,"href":"https:\/\/www.organisator.ch\/it\/wp-json\/wp\/v2\/posts\/37211\/revisions"}],"predecessor-version":[{"id":37244,"href":"https:\/\/www.organisator.ch\/it\/wp-json\/wp\/v2\/posts\/37211\/revisions\/37244"}],"wp:featuredmedia":[{"embeddable":true,"href":"https:\/\/www.organisator.ch\/it\/wp-json\/wp\/v2\/media\/37212"}],"wp:attachment":[{"href":"https:\/\/www.organisator.ch\/it\/wp-json\/wp\/v2\/media?parent=37211"}],"wp:term":[{"taxonomy":"category","embeddable":true,"href":"https:\/\/www.organisator.ch\/it\/wp-json\/wp\/v2\/categories?post=37211"},{"taxonomy":"post_tag","embeddable":true,"href":"https:\/\/www.organisator.ch\/it\/wp-json\/wp\/v2\/tags?post=37211"}],"curies":[{"name":"wp","href":"https:\/\/api.w.org\/{rel}","templated":true}]}}