{"id":37214,"date":"2025-03-26T14:07:57","date_gmt":"2025-03-26T13:07:57","guid":{"rendered":"https:\/\/www.organisator.ch\/?p=37214"},"modified":"2025-03-26T14:07:57","modified_gmt":"2025-03-26T13:07:57","slug":"bni-schweiz-feiert-20-jahr-jubilaeum","status":"publish","type":"post","link":"https:\/\/www.organisator.ch\/it\/management\/2025-03-26\/bni-schweiz-feiert-20-jahr-jubilaeum\/","title":{"rendered":"BNI Svizzera festeggia il suo 20\u00b0 anniversario"},"content":{"rendered":"<figure id=\"attachment_37215\" aria-describedby=\"caption-attachment-37215\" style=\"width: 680px\" class=\"wp-caption alignnone\"><img loading=\"lazy\" decoding=\"async\" class=\"size-full wp-image-37215\" src=\"https:\/\/www.organisator.ch\/wp-content\/uploads\/2025\/03\/BNI-Schweiz-feiert-20-Jahr-Jubilaeum_Organisator.jpg\" alt=\"\" width=\"680\" height=\"487\" srcset=\"https:\/\/www.organisator.ch\/wp-content\/uploads\/2025\/03\/BNI-Schweiz-feiert-20-Jahr-Jubilaeum_Organisator.jpg 680w, https:\/\/www.organisator.ch\/wp-content\/uploads\/2025\/03\/BNI-Schweiz-feiert-20-Jahr-Jubilaeum_Organisator-18x12.jpg 18w, https:\/\/www.organisator.ch\/wp-content\/uploads\/2025\/03\/BNI-Schweiz-feiert-20-Jahr-Jubilaeum_Organisator-375x269.jpg 375w, https:\/\/www.organisator.ch\/wp-content\/uploads\/2025\/03\/BNI-Schweiz-feiert-20-Jahr-Jubilaeum_Organisator-489x350.jpg 489w\" sizes=\"auto, (max-width: 680px) 100vw, 680px\" \/><figcaption id=\"caption-attachment-37215\" class=\"wp-caption-text\">Hugues Steyner e Danja Hermetschweiler di BNI Svizzera possono guardare con orgoglio al 20\u00b0 anniversario di questo importantissimo business network. (Immagine: zVg \/ BNI Svizzera)<\/figcaption><\/figure>\n<p>BNI \u00e8 l'abbreviazione di \"Business Network International\", il network di maggior successo al mondo. \u00c8 stato dimostrato che coltivare le relazioni \u00e8 il metodo pi\u00f9 efficace per ottenere raccomandazioni, assicurare un'azienda a lungo termine e farla crescere. Anche in Svizzera, 93 team imprenditoriali con quasi 2.800 membri in Svizzera e nel Principato del Liechtenstein si sono raccomandati a vicenda pi\u00f9 di 66.600 volte nel 2024. Questo si \u00e8 tradotto anche in un successo economico: i membri BNI hanno generato un fatturato di 321 milioni di franchi svizzeri.<\/p>\n<h3><strong>BNI in Svizzera<\/strong><\/h3>\n<p>La sede centrale di BNI Svizzera si trova a Lucerna. L'azienda impiega attualmente 26 persone. La direzione \u00e8 affidata a Danja Hermetschweiler - la sua famiglia detiene la licenza esclusiva di BNI per la Svizzera e il Liechtenstein da 20 anni - e a Hugues Steyner, Country Manager. Tre membri della direzione condividono la responsabilit\u00e0 della loro area. Georg Zacher e Hugues Steyner sono responsabili della Svizzera tedesca, con 1.300 membri. A livello regionale ci sono 12 direttori di area. Questa struttura consente di supportare efficacemente i soci affinch\u00e9 comprendano e ottimizzino l'uso degli strumenti forniti da BNI per sviluppare ulteriormente la loro attivit\u00e0 e il loro successo.<\/p>\n<p>Ogni gruppo imprenditoriale BNI si riunisce una volta alla settimana, di solito per colazione, ma anche in altri momenti a seconda delle esigenze individuali. L'obiettivo \u00e8 costruire relazioni commerciali, promuovere la cooperazione e scambiare raccomandazioni qualificate. Gli incontri seguono un sistema collaudato per aumentare il numero e la qualit\u00e0 delle segnalazioni commerciali e, in ultima analisi, generare vendite significative.<\/p>\n<h3><strong>Due nuove iniziative e un grande evento per celebrare il 20\u00b0 anniversario<\/strong><\/h3>\n<p>Fedele alla sua filosofia \"Chi d\u00e0, vince\", BNI sta lanciando due iniziative per rivolgersi a due gruppi target specifici in Svizzera: L'esperienza BNI viene offerta alle start-up innovative per un anno. Le organizzazioni non profit ne beneficiano in modo permanente. Ogni team di imprenditori pu\u00f2 accettare due candidati.<\/p>\n<p>Il 6 giugno \u00e8 in programma un evento straordinario a Lugano. Diverse centinaia di soci e ospiti potranno beneficiare di presentazioni stimolanti, spettacoli e opportunit\u00e0 di networking uniche per ampliare ulteriormente la propria rete professionale in un ambiente elegante e festoso.<\/p>\n<p>Danja Hermetschweiler, responsabile di BNI Svizzera, commenta cos\u00ec l'anniversario di oggi: \"Siamo fiduciosi per i prossimi 20 anni. Presto, oltre 9.000 imprenditori in tutta la Svizzera utilizzeranno la nostra piattaforma, che dar\u00e0 impulso all'economia e creer\u00e0 posti di lavoro.\"<\/p>\n<p><em>Fonte e ulteriori informazioni: <a href=\"https:\/\/bni.swiss\">https:\/\/bni.swiss<\/a>\u00a0<\/em><\/p>","protected":false},"excerpt":{"rendered":"<p>BNI Svizzera - il pi\u00f9 grande business network del Paese - festeggia il suo 20\u00b0 anniversario nell'aprile di quest'anno. Per celebrare l'anniversario, il 6 giugno si terr\u00e0 a Lugano un grande evento con diverse centinaia di membri e ospiti. BNI sta inoltre lanciando due iniziative uniche per le start-up e le organizzazioni no-profit.<\/p>","protected":false},"author":4,"featured_media":37215,"comment_status":"closed","ping_status":"closed","sticky":false,"template":"","format":"standard","meta":{"_acf_changed":false,"_yoast_wpseo_focuskw":"BNI Schweiz","_yoast_wpseo_metadesc":"BNI Schweiz \u2013 das gr\u00f6sste Unternehmernetzwerk des Landes \u2013 feiert im April dieses Jahres sein 20-j\u00e4hriges Bestehen.","articlekey":"","footnotes":""},"categories":[28],"tags":[5237,292,335,3824],"class_list":["post-37214","post","type-post","status-publish","format-standard","has-post-thumbnail","hentry","category-management","tag-business-netzwerk","tag-jubilaeum","tag-management-und-unternehmensfuehrung","tag-networking"],"acf":[],"yoast_head":"<!-- This site is optimized with the Yoast SEO plugin v27.5 - https:\/\/yoast.com\/product\/yoast-seo-wordpress\/ -->\n<title>BNI Schweiz feiert 20-Jahr-Jubil\u00e4um - Organisator<\/title>\n<meta name=\"description\" content=\"BNI Schweiz \u2013 das gr\u00f6sste Unternehmernetzwerk des Landes \u2013 feiert im April dieses Jahres sein 20-j\u00e4hriges Bestehen.\" \/>\n<meta name=\"robots\" content=\"index, follow, max-snippet:-1, max-image-preview:large, max-video-preview:-1\" \/>\n<link rel=\"canonical\" href=\"https:\/\/www.organisator.ch\/it\/gestione-2\/2025-03-26\/bni-schweiz-feiert-20-jahr-jubilaeum\/\" \/>\n<meta property=\"og:locale\" content=\"it_IT\" \/>\n<meta property=\"og:type\" content=\"article\" \/>\n<meta property=\"og:title\" content=\"BNI Schweiz feiert 20-Jahr-Jubil\u00e4um\" \/>\n<meta property=\"og:description\" content=\"BNI Schweiz \u2013 das gr\u00f6sste Unternehmernetzwerk des Landes \u2013 feiert im April dieses Jahres sein 20-j\u00e4hriges Bestehen.\" \/>\n<meta property=\"og:url\" content=\"https:\/\/www.organisator.ch\/it\/gestione-2\/2025-03-26\/bni-schweiz-feiert-20-jahr-jubilaeum\/\" \/>\n<meta property=\"og:site_name\" content=\"Organisator\" \/>\n<meta property=\"article:publisher\" content=\"https:\/\/www.facebook.com\/OrganisatorFachmagazin\" \/>\n<meta property=\"article:published_time\" content=\"2025-03-26T13:07:57+00:00\" \/>\n<meta property=\"og:image\" content=\"https:\/\/www.organisator.ch\/wp-content\/uploads\/2025\/03\/BNI-Schweiz-feiert-20-Jahr-Jubilaeum_Organisator.jpg\" \/>\n\t<meta property=\"og:image:width\" content=\"680\" \/>\n\t<meta property=\"og:image:height\" content=\"487\" \/>\n\t<meta property=\"og:image:type\" content=\"image\/jpeg\" \/>\n<meta name=\"author\" content=\"thomas.berner\" \/>\n<meta name=\"twitter:card\" content=\"summary_large_image\" \/>\n<meta name=\"twitter:title\" content=\"BNI Schweiz feiert #20-Jahr-Jubil\u00e4um\" \/>\n<meta name=\"twitter:description\" content=\"BNI Schweiz \u2013 das gr\u00f6sste #Unternehmernetzwerk des Landes \u2013 feiert im April dieses Jahres sein 20-j\u00e4hriges Bestehen.\" \/>\n<meta name=\"twitter:image\" content=\"https:\/\/www.organisator.ch\/wp-content\/uploads\/2025\/03\/BNI-Schweiz-feiert-20-Jahr-Jubilaeum_Organisator.jpg\" \/>\n<script type=\"application\/ld+json\" class=\"yoast-schema-graph\">{\"@context\":\"https:\\\/\\\/schema.org\",\"@graph\":[{\"@type\":\"Article\",\"@id\":\"https:\\\/\\\/www.organisator.ch\\\/management\\\/2025-03-26\\\/bni-schweiz-feiert-20-jahr-jubilaeum\\\/#article\",\"isPartOf\":{\"@id\":\"https:\\\/\\\/www.organisator.ch\\\/management\\\/2025-03-26\\\/bni-schweiz-feiert-20-jahr-jubilaeum\\\/\"},\"author\":{\"name\":\"thomas.berner\",\"@id\":\"https:\\\/\\\/www.organisator.ch\\\/#\\\/schema\\\/person\\\/6f650f90b2842cd4c0cc334b4e36f67e\"},\"headline\":\"BNI Schweiz feiert 20-Jahr-Jubil\u00e4um\",\"datePublished\":\"2025-03-26T13:07:57+00:00\",\"mainEntityOfPage\":{\"@id\":\"https:\\\/\\\/www.organisator.ch\\\/management\\\/2025-03-26\\\/bni-schweiz-feiert-20-jahr-jubilaeum\\\/\"},\"wordCount\":431,\"publisher\":{\"@id\":\"https:\\\/\\\/www.organisator.ch\\\/#organization\"},\"image\":{\"@id\":\"https:\\\/\\\/www.organisator.ch\\\/management\\\/2025-03-26\\\/bni-schweiz-feiert-20-jahr-jubilaeum\\\/#primaryimage\"},\"thumbnailUrl\":\"https:\\\/\\\/www.organisator.ch\\\/wp-content\\\/uploads\\\/2025\\\/03\\\/BNI-Schweiz-feiert-20-Jahr-Jubilaeum_Organisator.jpg\",\"keywords\":[\"Business Netzwerk\",\"Jubil\u00e4um\",\"Management und Unternehmensf\u00fchrung\",\"Networking\"],\"articleSection\":[\"MANAGEMENT\"],\"inLanguage\":\"it-IT\"},{\"@type\":\"WebPage\",\"@id\":\"https:\\\/\\\/www.organisator.ch\\\/management\\\/2025-03-26\\\/bni-schweiz-feiert-20-jahr-jubilaeum\\\/\",\"url\":\"https:\\\/\\\/www.organisator.ch\\\/management\\\/2025-03-26\\\/bni-schweiz-feiert-20-jahr-jubilaeum\\\/\",\"name\":\"BNI Schweiz feiert 20-Jahr-Jubil\u00e4um - Organisator\",\"isPartOf\":{\"@id\":\"https:\\\/\\\/www.organisator.ch\\\/#website\"},\"primaryImageOfPage\":{\"@id\":\"https:\\\/\\\/www.organisator.ch\\\/management\\\/2025-03-26\\\/bni-schweiz-feiert-20-jahr-jubilaeum\\\/#primaryimage\"},\"image\":{\"@id\":\"https:\\\/\\\/www.organisator.ch\\\/management\\\/2025-03-26\\\/bni-schweiz-feiert-20-jahr-jubilaeum\\\/#primaryimage\"},\"thumbnailUrl\":\"https:\\\/\\\/www.organisator.ch\\\/wp-content\\\/uploads\\\/2025\\\/03\\\/BNI-Schweiz-feiert-20-Jahr-Jubilaeum_Organisator.jpg\",\"datePublished\":\"2025-03-26T13:07:57+00:00\",\"description\":\"BNI Schweiz \u2013 das gr\u00f6sste Unternehmernetzwerk des Landes \u2013 feiert im April dieses Jahres sein 20-j\u00e4hriges Bestehen.\",\"breadcrumb\":{\"@id\":\"https:\\\/\\\/www.organisator.ch\\\/management\\\/2025-03-26\\\/bni-schweiz-feiert-20-jahr-jubilaeum\\\/#breadcrumb\"},\"inLanguage\":\"it-IT\",\"potentialAction\":[{\"@type\":\"ReadAction\",\"target\":[\"https:\\\/\\\/www.organisator.ch\\\/management\\\/2025-03-26\\\/bni-schweiz-feiert-20-jahr-jubilaeum\\\/\"]}]},{\"@type\":\"ImageObject\",\"inLanguage\":\"it-IT\",\"@id\":\"https:\\\/\\\/www.organisator.ch\\\/management\\\/2025-03-26\\\/bni-schweiz-feiert-20-jahr-jubilaeum\\\/#primaryimage\",\"url\":\"https:\\\/\\\/www.organisator.ch\\\/wp-content\\\/uploads\\\/2025\\\/03\\\/BNI-Schweiz-feiert-20-Jahr-Jubilaeum_Organisator.jpg\",\"contentUrl\":\"https:\\\/\\\/www.organisator.ch\\\/wp-content\\\/uploads\\\/2025\\\/03\\\/BNI-Schweiz-feiert-20-Jahr-Jubilaeum_Organisator.jpg\",\"width\":680,\"height\":487,\"caption\":\"Hugues Steyner und Danja Hermetschweiler von BNI Schweiz k\u00f6nnen stolz auf das 20-j\u00e4hrige Bestehen dieses bedeutendsten Unternehmernetzwerks zur\u00fcckblicken. (Bild: zVg \\\/ BNI Schweiz)\"},{\"@type\":\"BreadcrumbList\",\"@id\":\"https:\\\/\\\/www.organisator.ch\\\/management\\\/2025-03-26\\\/bni-schweiz-feiert-20-jahr-jubilaeum\\\/#breadcrumb\",\"itemListElement\":[{\"@type\":\"ListItem\",\"position\":1,\"name\":\"Home\",\"item\":\"https:\\\/\\\/www.organisator.ch\\\/\"},{\"@type\":\"ListItem\",\"position\":2,\"name\":\"BNI Schweiz feiert 20-Jahr-Jubil\u00e4um\"}]},{\"@type\":\"WebSite\",\"@id\":\"https:\\\/\\\/www.organisator.ch\\\/#website\",\"url\":\"https:\\\/\\\/www.organisator.ch\\\/\",\"name\":\"Organisator\",\"description\":\"Kompetent. Praxisnah. Der ORGANISATOR bereitet in 10 Ausgaben pro Jahr die wesentlichen Themen f\u00fcr F\u00fchrungskr\u00e4fte von KMU auf.\",\"publisher\":{\"@id\":\"https:\\\/\\\/www.organisator.ch\\\/#organization\"},\"potentialAction\":[{\"@type\":\"SearchAction\",\"target\":{\"@type\":\"EntryPoint\",\"urlTemplate\":\"https:\\\/\\\/www.organisator.ch\\\/?s={search_term_string}\"},\"query-input\":{\"@type\":\"PropertyValueSpecification\",\"valueRequired\":true,\"valueName\":\"search_term_string\"}}],\"inLanguage\":\"it-IT\"},{\"@type\":\"Organization\",\"@id\":\"https:\\\/\\\/www.organisator.ch\\\/#organization\",\"name\":\"Organisator\",\"url\":\"https:\\\/\\\/www.organisator.ch\\\/\",\"logo\":{\"@type\":\"ImageObject\",\"inLanguage\":\"it-IT\",\"@id\":\"https:\\\/\\\/www.organisator.ch\\\/#\\\/schema\\\/logo\\\/image\\\/\",\"url\":\"https:\\\/\\\/www.organisator.ch\\\/wp-content\\\/uploads\\\/2022\\\/01\\\/Logo_Organisator_Website.png\",\"contentUrl\":\"https:\\\/\\\/www.organisator.ch\\\/wp-content\\\/uploads\\\/2022\\\/01\\\/Logo_Organisator_Website.png\",\"width\":800,\"height\":77,\"caption\":\"Organisator\"},\"image\":{\"@id\":\"https:\\\/\\\/www.organisator.ch\\\/#\\\/schema\\\/logo\\\/image\\\/\"},\"sameAs\":[\"https:\\\/\\\/www.facebook.com\\\/OrganisatorFachmagazin\",\"https:\\\/\\\/www.linkedin.com\\\/showcase\\\/organisator-das-magazin-fr-kmu\",\"https:\\\/\\\/www.xing.com\\\/news\\\/pages\\\/organisator-ch-695\",\"https:\\\/\\\/www.youtube.com\\\/channel\\\/UCGP2Sq0iWaZwT3BdIAQFYpw\"]},{\"@type\":\"Person\",\"@id\":\"https:\\\/\\\/www.organisator.ch\\\/#\\\/schema\\\/person\\\/6f650f90b2842cd4c0cc334b4e36f67e\",\"name\":\"thomas.berner\",\"image\":{\"@type\":\"ImageObject\",\"inLanguage\":\"it-IT\",\"@id\":\"https:\\\/\\\/secure.gravatar.com\\\/avatar\\\/ac5001d2a36cb6c6cd3e50789007ffca834b477b74a2144564522e944eabff61?s=96&d=mm&r=g\",\"url\":\"https:\\\/\\\/secure.gravatar.com\\\/avatar\\\/ac5001d2a36cb6c6cd3e50789007ffca834b477b74a2144564522e944eabff61?s=96&d=mm&r=g\",\"contentUrl\":\"https:\\\/\\\/secure.gravatar.com\\\/avatar\\\/ac5001d2a36cb6c6cd3e50789007ffca834b477b74a2144564522e944eabff61?s=96&d=mm&r=g\",\"caption\":\"thomas.berner\"},\"url\":\"https:\\\/\\\/www.organisator.ch\\\/it\\\/author\\\/thomas-berner\\\/\"}]}<\/script>\n<!-- \/ Yoast SEO plugin. -->","yoast_head_json":{"title":"BNI Svizzera festeggia il suo 20\u00b0 anniversario - Organizzatore","description":"BNI Svizzera - il pi\u00f9 grande business network del Paese - celebra il suo 20\u00b0 anniversario nell'aprile di quest'anno.","robots":{"index":"index","follow":"follow","max-snippet":"max-snippet:-1","max-image-preview":"max-image-preview:large","max-video-preview":"max-video-preview:-1"},"canonical":"https:\/\/www.organisator.ch\/it\/gestione-2\/2025-03-26\/bni-schweiz-feiert-20-jahr-jubilaeum\/","og_locale":"it_IT","og_type":"article","og_title":"BNI Schweiz feiert 20-Jahr-Jubil\u00e4um","og_description":"BNI Schweiz \u2013 das gr\u00f6sste Unternehmernetzwerk des Landes \u2013 feiert im April dieses Jahres sein 20-j\u00e4hriges Bestehen.","og_url":"https:\/\/www.organisator.ch\/it\/gestione-2\/2025-03-26\/bni-schweiz-feiert-20-jahr-jubilaeum\/","og_site_name":"Organisator","article_publisher":"https:\/\/www.facebook.com\/OrganisatorFachmagazin","article_published_time":"2025-03-26T13:07:57+00:00","og_image":[{"width":680,"height":487,"url":"https:\/\/www.organisator.ch\/wp-content\/uploads\/2025\/03\/BNI-Schweiz-feiert-20-Jahr-Jubilaeum_Organisator.jpg","type":"image\/jpeg"}],"author":"thomas.berner","twitter_card":"summary_large_image","twitter_title":"BNI Schweiz feiert #20-Jahr-Jubil\u00e4um","twitter_description":"BNI Schweiz \u2013 das gr\u00f6sste #Unternehmernetzwerk des Landes \u2013 feiert im April dieses Jahres sein 20-j\u00e4hriges Bestehen.","twitter_image":"https:\/\/www.organisator.ch\/wp-content\/uploads\/2025\/03\/BNI-Schweiz-feiert-20-Jahr-Jubilaeum_Organisator.jpg","schema":{"@context":"https:\/\/schema.org","@graph":[{"@type":"Article","@id":"https:\/\/www.organisator.ch\/management\/2025-03-26\/bni-schweiz-feiert-20-jahr-jubilaeum\/#article","isPartOf":{"@id":"https:\/\/www.organisator.ch\/management\/2025-03-26\/bni-schweiz-feiert-20-jahr-jubilaeum\/"},"author":{"name":"thomas.berner","@id":"https:\/\/www.organisator.ch\/#\/schema\/person\/6f650f90b2842cd4c0cc334b4e36f67e"},"headline":"BNI Schweiz feiert 20-Jahr-Jubil\u00e4um","datePublished":"2025-03-26T13:07:57+00:00","mainEntityOfPage":{"@id":"https:\/\/www.organisator.ch\/management\/2025-03-26\/bni-schweiz-feiert-20-jahr-jubilaeum\/"},"wordCount":431,"publisher":{"@id":"https:\/\/www.organisator.ch\/#organization"},"image":{"@id":"https:\/\/www.organisator.ch\/management\/2025-03-26\/bni-schweiz-feiert-20-jahr-jubilaeum\/#primaryimage"},"thumbnailUrl":"https:\/\/www.organisator.ch\/wp-content\/uploads\/2025\/03\/BNI-Schweiz-feiert-20-Jahr-Jubilaeum_Organisator.jpg","keywords":["Business Netzwerk","Jubil\u00e4um","Management und Unternehmensf\u00fchrung","Networking"],"articleSection":["MANAGEMENT"],"inLanguage":"it-IT"},{"@type":"WebPage","@id":"https:\/\/www.organisator.ch\/management\/2025-03-26\/bni-schweiz-feiert-20-jahr-jubilaeum\/","url":"https:\/\/www.organisator.ch\/management\/2025-03-26\/bni-schweiz-feiert-20-jahr-jubilaeum\/","name":"BNI Svizzera festeggia il suo 20\u00b0 anniversario - Organizzatore","isPartOf":{"@id":"https:\/\/www.organisator.ch\/#website"},"primaryImageOfPage":{"@id":"https:\/\/www.organisator.ch\/management\/2025-03-26\/bni-schweiz-feiert-20-jahr-jubilaeum\/#primaryimage"},"image":{"@id":"https:\/\/www.organisator.ch\/management\/2025-03-26\/bni-schweiz-feiert-20-jahr-jubilaeum\/#primaryimage"},"thumbnailUrl":"https:\/\/www.organisator.ch\/wp-content\/uploads\/2025\/03\/BNI-Schweiz-feiert-20-Jahr-Jubilaeum_Organisator.jpg","datePublished":"2025-03-26T13:07:57+00:00","description":"BNI Svizzera - il pi\u00f9 grande business network del Paese - celebra il suo 20\u00b0 anniversario nell'aprile di quest'anno.","breadcrumb":{"@id":"https:\/\/www.organisator.ch\/management\/2025-03-26\/bni-schweiz-feiert-20-jahr-jubilaeum\/#breadcrumb"},"inLanguage":"it-IT","potentialAction":[{"@type":"ReadAction","target":["https:\/\/www.organisator.ch\/management\/2025-03-26\/bni-schweiz-feiert-20-jahr-jubilaeum\/"]}]},{"@type":"ImageObject","inLanguage":"it-IT","@id":"https:\/\/www.organisator.ch\/management\/2025-03-26\/bni-schweiz-feiert-20-jahr-jubilaeum\/#primaryimage","url":"https:\/\/www.organisator.ch\/wp-content\/uploads\/2025\/03\/BNI-Schweiz-feiert-20-Jahr-Jubilaeum_Organisator.jpg","contentUrl":"https:\/\/www.organisator.ch\/wp-content\/uploads\/2025\/03\/BNI-Schweiz-feiert-20-Jahr-Jubilaeum_Organisator.jpg","width":680,"height":487,"caption":"Hugues Steyner und Danja Hermetschweiler von BNI Schweiz k\u00f6nnen stolz auf das 20-j\u00e4hrige Bestehen dieses bedeutendsten Unternehmernetzwerks zur\u00fcckblicken. (Bild: zVg \/ BNI Schweiz)"},{"@type":"BreadcrumbList","@id":"https:\/\/www.organisator.ch\/management\/2025-03-26\/bni-schweiz-feiert-20-jahr-jubilaeum\/#breadcrumb","itemListElement":[{"@type":"ListItem","position":1,"name":"Home","item":"https:\/\/www.organisator.ch\/"},{"@type":"ListItem","position":2,"name":"BNI Schweiz feiert 20-Jahr-Jubil\u00e4um"}]},{"@type":"WebSite","@id":"https:\/\/www.organisator.ch\/#website","url":"https:\/\/www.organisator.ch\/","name":"Organizzatore","description":"Competente. Pratico. In 10 numeri all'anno, ORGANISATOR presenta i temi essenziali per i manager delle PMI.","publisher":{"@id":"https:\/\/www.organisator.ch\/#organization"},"potentialAction":[{"@type":"SearchAction","target":{"@type":"EntryPoint","urlTemplate":"https:\/\/www.organisator.ch\/?s={search_term_string}"},"query-input":{"@type":"PropertyValueSpecification","valueRequired":true,"valueName":"search_term_string"}}],"inLanguage":"it-IT"},{"@type":"Organization","@id":"https:\/\/www.organisator.ch\/#organization","name":"Organizzatore","url":"https:\/\/www.organisator.ch\/","logo":{"@type":"ImageObject","inLanguage":"it-IT","@id":"https:\/\/www.organisator.ch\/#\/schema\/logo\/image\/","url":"https:\/\/www.organisator.ch\/wp-content\/uploads\/2022\/01\/Logo_Organisator_Website.png","contentUrl":"https:\/\/www.organisator.ch\/wp-content\/uploads\/2022\/01\/Logo_Organisator_Website.png","width":800,"height":77,"caption":"Organisator"},"image":{"@id":"https:\/\/www.organisator.ch\/#\/schema\/logo\/image\/"},"sameAs":["https:\/\/www.facebook.com\/OrganisatorFachmagazin","https:\/\/www.linkedin.com\/showcase\/organisator-das-magazin-fr-kmu","https:\/\/www.xing.com\/news\/pages\/organisator-ch-695","https:\/\/www.youtube.com\/channel\/UCGP2Sq0iWaZwT3BdIAQFYpw"]},{"@type":"Person","@id":"https:\/\/www.organisator.ch\/#\/schema\/person\/6f650f90b2842cd4c0cc334b4e36f67e","name":"Tommaso.berner","image":{"@type":"ImageObject","inLanguage":"it-IT","@id":"https:\/\/secure.gravatar.com\/avatar\/ac5001d2a36cb6c6cd3e50789007ffca834b477b74a2144564522e944eabff61?s=96&d=mm&r=g","url":"https:\/\/secure.gravatar.com\/avatar\/ac5001d2a36cb6c6cd3e50789007ffca834b477b74a2144564522e944eabff61?s=96&d=mm&r=g","contentUrl":"https:\/\/secure.gravatar.com\/avatar\/ac5001d2a36cb6c6cd3e50789007ffca834b477b74a2144564522e944eabff61?s=96&d=mm&r=g","caption":"thomas.berner"},"url":"https:\/\/www.organisator.ch\/it\/author\/thomas-berner\/"}]}},"_links":{"self":[{"href":"https:\/\/www.organisator.ch\/it\/wp-json\/wp\/v2\/posts\/37214","targetHints":{"allow":["GET"]}}],"collection":[{"href":"https:\/\/www.organisator.ch\/it\/wp-json\/wp\/v2\/posts"}],"about":[{"href":"https:\/\/www.organisator.ch\/it\/wp-json\/wp\/v2\/types\/post"}],"author":[{"embeddable":true,"href":"https:\/\/www.organisator.ch\/it\/wp-json\/wp\/v2\/users\/4"}],"replies":[{"embeddable":true,"href":"https:\/\/www.organisator.ch\/it\/wp-json\/wp\/v2\/comments?post=37214"}],"version-history":[{"count":3,"href":"https:\/\/www.organisator.ch\/it\/wp-json\/wp\/v2\/posts\/37214\/revisions"}],"predecessor-version":[{"id":37243,"href":"https:\/\/www.organisator.ch\/it\/wp-json\/wp\/v2\/posts\/37214\/revisions\/37243"}],"wp:featuredmedia":[{"embeddable":true,"href":"https:\/\/www.organisator.ch\/it\/wp-json\/wp\/v2\/media\/37215"}],"wp:attachment":[{"href":"https:\/\/www.organisator.ch\/it\/wp-json\/wp\/v2\/media?parent=37214"}],"wp:term":[{"taxonomy":"category","embeddable":true,"href":"https:\/\/www.organisator.ch\/it\/wp-json\/wp\/v2\/categories?post=37214"},{"taxonomy":"post_tag","embeddable":true,"href":"https:\/\/www.organisator.ch\/it\/wp-json\/wp\/v2\/tags?post=37214"}],"curies":[{"name":"wp","href":"https:\/\/api.w.org\/{rel}","templated":true}]}}