{"id":37227,"date":"2025-03-26T15:37:10","date_gmt":"2025-03-26T14:37:10","guid":{"rendered":"https:\/\/www.markt-kom.com\/?p=232534"},"modified":"2025-03-27T07:02:02","modified_gmt":"2025-03-27T06:02:02","slug":"werbemarkt-im-februar-2025-ooh-trotzt-dem-negativtrend","status":"publish","type":"post","link":"https:\/\/www.organisator.ch\/it\/marketing\/2025-03-26\/werbemarkt-im-februar-2025-ooh-trotzt-dem-negativtrend\/","title":{"rendered":"Mercato pubblicitario a febbraio 2025: l'OOH sfida il trend negativo"},"content":{"rendered":"<figure id=\"attachment_232538\" class=\"wp-caption aligncenter\" style=\"width: 1024px;\" aria-describedby=\"caption-attachment-232538\"><a href=\"https:\/\/www.markt-kom.com\/wp-content\/uploads\/2025\/03\/DE-Werbemarkt-Trend-Feb.-2025-Gesamtmarkt-Grafik-digital-1-1024x584-1.png\"><img class=\"size-full wp-image-232538\" src=\"https:\/\/www.markt-kom.com\/wp-content\/uploads\/2025\/03\/DE-Werbemarkt-Trend-Feb.-2025-Gesamtmarkt-Grafik-digital-1-1024x584-1.png\" sizes=\"(max-width: 1024px) 100vw, 1024px\" srcset=\"https:\/\/www.markt-kom.com\/wp-content\/uploads\/2025\/03\/DE-Werbemarkt-Trend-Feb.-2025-Gesamtmarkt-Grafik-digital-1-1024x584-1.png 1024w, https:\/\/www.markt-kom.com\/wp-content\/uploads\/2025\/03\/DE-Werbemarkt-Trend-Feb.-2025-Gesamtmarkt-Grafik-digital-1-1024x584-1-600x342.png 600w, https:\/\/www.markt-kom.com\/wp-content\/uploads\/2025\/03\/DE-Werbemarkt-Trend-Feb.-2025-Gesamtmarkt-Grafik-digital-1-1024x584-1-768x438.png 768w, https:\/\/www.markt-kom.com\/wp-content\/uploads\/2025\/03\/DE-Werbemarkt-Trend-Feb.-2025-Gesamtmarkt-Grafik-digital-1-1024x584-1-18x10.png 18w, https:\/\/www.markt-kom.com\/wp-content\/uploads\/2025\/03\/DE-Werbemarkt-Trend-Feb.-2025-Gesamtmarkt-Grafik-digital-1-1024x584-1-307x175.png 307w, https:\/\/www.markt-kom.com\/wp-content\/uploads\/2025\/03\/DE-Werbemarkt-Trend-Feb.-2025-Gesamtmarkt-Grafik-digital-1-1024x584-1-614x350.png 614w, https:\/\/www.markt-kom.com\/wp-content\/uploads\/2025\/03\/DE-Werbemarkt-Trend-Feb.-2025-Gesamtmarkt-Grafik-digital-1-1024x584-1-1000x570.png 1000w\" alt=\"\" width=\"1024\" height=\"584\" \/><\/a>\r\n<figcaption id=\"caption-attachment-232538\" class=\"wp-caption-text\">(Grafica: Media Focus)<\/figcaption>\r\n<\/figure>\r\n<p>Anche il mercato pubblicitario in Svizzera ha chiuso il mese di febbraio 2025. La pressione pubblicitaria dei media \"tradizionali\" \u00e8 stata di 255,8 milioni di franchi lordi, pari a un calo del 3,6% rispetto allo stesso mese dell'anno precedente. La stampa, la TV, la radio e il cinema sono stati particolarmente colpiti, mentre l'out-of-home \u00e8 stata l'unica categoria di media ad aumentare, con una crescita dell'8,7%. Tuttavia, la classifica del media mix rimane invariata, con la TV in testa alla stampa, seguita da out-of-home, radio e cinema.<\/p>\r\n<p>Dopo i primi due mesi dell'anno, la pressione pubblicitaria tradizionale cumulata si attesta a 517,3 milioni di franchi svizzeri, il che corrisponde a un calo del 4,8% rispetto all'anno precedente.<\/p>\r\n<h3>Pubblicit\u00e0 digitale: la ricerca rimane in testa, YouTube continua a crescere<\/h3>\r\n<p>La ricerca continua a occupare la prima posizione nel mercato della pubblicit\u00e0 digitale con una quota del 45,4%, anche se gli adeguamenti di Google hanno portato a un calo della pressione pubblicitaria. Segue la pubblicit\u00e0 su display con il 35,5%, mentre YouTube \u00e8 l'unica categoria a registrare uno sviluppo positivo con il 19,1%.<\/p>\r\n<p><a href=\"https:\/\/www.markt-kom.com\/wp-content\/uploads\/2025\/03\/DE-Werbemarkt-Trend-Feb.-2025-Monatsentwicklung-Media-Mix-klassisch-1-1024x584-1.png\"><img class=\"aligncenter size-full wp-image-232541\" src=\"https:\/\/www.markt-kom.com\/wp-content\/uploads\/2025\/03\/DE-Werbemarkt-Trend-Feb.-2025-Monatsentwicklung-Media-Mix-klassisch-1-1024x584-1.png\" sizes=\"(max-width: 1024px) 100vw, 1024px\" srcset=\"https:\/\/www.markt-kom.com\/wp-content\/uploads\/2025\/03\/DE-Werbemarkt-Trend-Feb.-2025-Monatsentwicklung-Media-Mix-klassisch-1-1024x584-1.png 1024w, https:\/\/www.markt-kom.com\/wp-content\/uploads\/2025\/03\/DE-Werbemarkt-Trend-Feb.-2025-Monatsentwicklung-Media-Mix-klassisch-1-1024x584-1-600x342.png 600w, https:\/\/www.markt-kom.com\/wp-content\/uploads\/2025\/03\/DE-Werbemarkt-Trend-Feb.-2025-Monatsentwicklung-Media-Mix-klassisch-1-1024x584-1-768x438.png 768w, https:\/\/www.markt-kom.com\/wp-content\/uploads\/2025\/03\/DE-Werbemarkt-Trend-Feb.-2025-Monatsentwicklung-Media-Mix-klassisch-1-1024x584-1-18x10.png 18w, https:\/\/www.markt-kom.com\/wp-content\/uploads\/2025\/03\/DE-Werbemarkt-Trend-Feb.-2025-Monatsentwicklung-Media-Mix-klassisch-1-1024x584-1-307x175.png 307w, https:\/\/www.markt-kom.com\/wp-content\/uploads\/2025\/03\/DE-Werbemarkt-Trend-Feb.-2025-Monatsentwicklung-Media-Mix-klassisch-1-1024x584-1-614x350.png 614w, https:\/\/www.markt-kom.com\/wp-content\/uploads\/2025\/03\/DE-Werbemarkt-Trend-Feb.-2025-Monatsentwicklung-Media-Mix-klassisch-1-1024x584-1-1000x570.png 1000w\" alt=\"\" width=\"1024\" height=\"584\" \/><\/a><\/p>\r\n<h3>Il commercio al dettaglio domina il mercato pubblicitario tradizionale<\/h3>\r\n<p>Dei 21 settori analizzati, solo sette sono riusciti a sfuggire al trend negativo generale. Il commercio al dettaglio ha guidato la classifica con una crescita del 32%, estendendo ulteriormente la sua leadership. Anche il settore delle telecomunicazioni (+15,6 %), i servizi finanziari (+13,6 %) e il settore dell'energia (+38,4 %) hanno registrato un andamento positivo.<\/p>\r\n<p>L'industria del tabacco ha registrato le perdite maggiori (-84,3 %), attribuibili ai nuovi divieti pubblicitari. Anche l'alimentare (-8,5 %), il tempo libero\/catering\/turismo (-24,7 %) e il farmaceutico\/sanitario (-17,2 %) hanno subito cali significativi.<\/p>\r\n<figure id=\"attachment_232540\" class=\"wp-caption aligncenter\" style=\"width: 1024px;\" aria-describedby=\"caption-attachment-232540\"><a href=\"https:\/\/www.markt-kom.com\/wp-content\/uploads\/2025\/03\/DE-Werbemarkt-Trend-Feb.-2025-Branchenranking-klassisch-1-1024x584-1.png\"><img class=\"wp-image-232540 size-full\" src=\"https:\/\/www.markt-kom.com\/wp-content\/uploads\/2025\/03\/DE-Werbemarkt-Trend-Feb.-2025-Branchenranking-klassisch-1-1024x584-1.png\" sizes=\"(max-width: 1024px) 100vw, 1024px\" srcset=\"https:\/\/www.markt-kom.com\/wp-content\/uploads\/2025\/03\/DE-Werbemarkt-Trend-Feb.-2025-Branchenranking-klassisch-1-1024x584-1.png 1024w, https:\/\/www.markt-kom.com\/wp-content\/uploads\/2025\/03\/DE-Werbemarkt-Trend-Feb.-2025-Branchenranking-klassisch-1-1024x584-1-600x342.png 600w, https:\/\/www.markt-kom.com\/wp-content\/uploads\/2025\/03\/DE-Werbemarkt-Trend-Feb.-2025-Branchenranking-klassisch-1-1024x584-1-768x438.png 768w, https:\/\/www.markt-kom.com\/wp-content\/uploads\/2025\/03\/DE-Werbemarkt-Trend-Feb.-2025-Branchenranking-klassisch-1-1024x584-1-18x10.png 18w, https:\/\/www.markt-kom.com\/wp-content\/uploads\/2025\/03\/DE-Werbemarkt-Trend-Feb.-2025-Branchenranking-klassisch-1-1024x584-1-307x175.png 307w, https:\/\/www.markt-kom.com\/wp-content\/uploads\/2025\/03\/DE-Werbemarkt-Trend-Feb.-2025-Branchenranking-klassisch-1-1024x584-1-614x350.png 614w, https:\/\/www.markt-kom.com\/wp-content\/uploads\/2025\/03\/DE-Werbemarkt-Trend-Feb.-2025-Branchenranking-klassisch-1-1024x584-1-1000x570.png 1000w\" alt=\"\" width=\"1024\" height=\"584\" \/><\/a>\r\n<figcaption id=\"caption-attachment-232540\" class=\"wp-caption-text\">Classifica di settore dei media tradizionali.<\/figcaption>\r\n<\/figure>\r\n<p><a href=\"https:\/\/www.markt-kom.com\/wp-content\/uploads\/2025\/03\/DE-Werbemarkt-Trend-Feb.-2025-Top-Advertiser-Produkte-klassisch-1.png\"><img class=\"aligncenter size-full wp-image-232539\" src=\"https:\/\/www.markt-kom.com\/wp-content\/uploads\/2025\/03\/DE-Werbemarkt-Trend-Feb.-2025-Top-Advertiser-Produkte-klassisch-1.png\" sizes=\"(max-width: 1300px) 100vw, 1300px\" srcset=\"https:\/\/www.markt-kom.com\/wp-content\/uploads\/2025\/03\/DE-Werbemarkt-Trend-Feb.-2025-Top-Advertiser-Produkte-klassisch-1.png 1300w, https:\/\/www.markt-kom.com\/wp-content\/uploads\/2025\/03\/DE-Werbemarkt-Trend-Feb.-2025-Top-Advertiser-Produkte-klassisch-1-600x236.png 600w, https:\/\/www.markt-kom.com\/wp-content\/uploads\/2025\/03\/DE-Werbemarkt-Trend-Feb.-2025-Top-Advertiser-Produkte-klassisch-1-1024x403.png 1024w, https:\/\/www.markt-kom.com\/wp-content\/uploads\/2025\/03\/DE-Werbemarkt-Trend-Feb.-2025-Top-Advertiser-Produkte-klassisch-1-768x302.png 768w, https:\/\/www.markt-kom.com\/wp-content\/uploads\/2025\/03\/DE-Werbemarkt-Trend-Feb.-2025-Top-Advertiser-Produkte-klassisch-1-1536x604.png 1536w, https:\/\/www.markt-kom.com\/wp-content\/uploads\/2025\/03\/DE-Werbemarkt-Trend-Feb.-2025-Top-Advertiser-Produkte-klassisch-1-2048x805.png 2048w, https:\/\/www.markt-kom.com\/wp-content\/uploads\/2025\/03\/DE-Werbemarkt-Trend-Feb.-2025-Top-Advertiser-Produkte-klassisch-1-18x7.png 18w, https:\/\/www.markt-kom.com\/wp-content\/uploads\/2025\/03\/DE-Werbemarkt-Trend-Feb.-2025-Top-Advertiser-Produkte-klassisch-1-375x147.png 375w, https:\/\/www.markt-kom.com\/wp-content\/uploads\/2025\/03\/DE-Werbemarkt-Trend-Feb.-2025-Top-Advertiser-Produkte-klassisch-1-760x299.png 760w, https:\/\/www.markt-kom.com\/wp-content\/uploads\/2025\/03\/DE-Werbemarkt-Trend-Feb.-2025-Top-Advertiser-Produkte-klassisch-1-1000x393.png 1000w\" alt=\"\" width=\"1300\" height=\"511\" \/><\/a><a href=\"https:\/\/www.markt-kom.com\/wp-content\/uploads\/2025\/03\/DE-Werbemarkt-Trend-Feb.-2025-Media-Mix-klassisch-1-1024x584-1.png\"><img class=\"aligncenter size-full wp-image-232544\" src=\"https:\/\/www.markt-kom.com\/wp-content\/uploads\/2025\/03\/DE-Werbemarkt-Trend-Feb.-2025-Media-Mix-klassisch-1-1024x584-1.png\" sizes=\"(max-width: 1024px) 100vw, 1024px\" srcset=\"https:\/\/www.markt-kom.com\/wp-content\/uploads\/2025\/03\/DE-Werbemarkt-Trend-Feb.-2025-Media-Mix-klassisch-1-1024x584-1.png 1024w, https:\/\/www.markt-kom.com\/wp-content\/uploads\/2025\/03\/DE-Werbemarkt-Trend-Feb.-2025-Media-Mix-klassisch-1-1024x584-1-600x342.png 600w, https:\/\/www.markt-kom.com\/wp-content\/uploads\/2025\/03\/DE-Werbemarkt-Trend-Feb.-2025-Media-Mix-klassisch-1-1024x584-1-768x438.png 768w, https:\/\/www.markt-kom.com\/wp-content\/uploads\/2025\/03\/DE-Werbemarkt-Trend-Feb.-2025-Media-Mix-klassisch-1-1024x584-1-18x10.png 18w, https:\/\/www.markt-kom.com\/wp-content\/uploads\/2025\/03\/DE-Werbemarkt-Trend-Feb.-2025-Media-Mix-klassisch-1-1024x584-1-307x175.png 307w, https:\/\/www.markt-kom.com\/wp-content\/uploads\/2025\/03\/DE-Werbemarkt-Trend-Feb.-2025-Media-Mix-klassisch-1-1024x584-1-614x350.png 614w, https:\/\/www.markt-kom.com\/wp-content\/uploads\/2025\/03\/DE-Werbemarkt-Trend-Feb.-2025-Media-Mix-klassisch-1-1024x584-1-1000x570.png 1000w\" alt=\"\" width=\"1024\" height=\"584\" \/><\/a><\/p>\r\n<h3>Pubblicit\u00e0 digitale vs. pubblicit\u00e0 tradizionale: un confronto tra settori<\/h3>\r\n<p>Il settore del tempo libero, della ristorazione e del turismo \u00e8 in testa al mercato della pubblicit\u00e0 digitale, seguito dal commercio al dettaglio e dai servizi finanziari. Nel mercato della pubblicit\u00e0 tradizionale, invece, il commercio al dettaglio \u00e8 in testa, mentre il settore dei servizi finanziari \u00e8 solo al quinto posto.<\/p>\r\n<p>I prodotti del tabacco, gli eventi e i prodotti per la pulizia occupano gli ultimi posti nel mercato della pubblicit\u00e0 digitale, anche se alcuni di essi sono stati in grado di registrare guadagni su base annua. Nel mercato tradizionale, l'industria del tabacco rimane all'ultimo posto, seguita direttamente dai settori dell'energia, dei media e dei trasporti.<\/p>\r\n<figure id=\"attachment_232536\" class=\"wp-caption aligncenter\" style=\"width: 1024px;\" aria-describedby=\"caption-attachment-232536\"><a href=\"https:\/\/www.markt-kom.com\/wp-content\/uploads\/2025\/03\/DE-Werbemarkt-Trend-Feb.-2025-Branchenranking-SoA-digital-1-1024x584-1.png\"><img class=\"wp-image-232536 size-full\" src=\"https:\/\/www.markt-kom.com\/wp-content\/uploads\/2025\/03\/DE-Werbemarkt-Trend-Feb.-2025-Branchenranking-SoA-digital-1-1024x584-1.png\" sizes=\"(max-width: 1024px) 100vw, 1024px\" srcset=\"https:\/\/www.markt-kom.com\/wp-content\/uploads\/2025\/03\/DE-Werbemarkt-Trend-Feb.-2025-Branchenranking-SoA-digital-1-1024x584-1.png 1024w, https:\/\/www.markt-kom.com\/wp-content\/uploads\/2025\/03\/DE-Werbemarkt-Trend-Feb.-2025-Branchenranking-SoA-digital-1-1024x584-1-600x342.png 600w, https:\/\/www.markt-kom.com\/wp-content\/uploads\/2025\/03\/DE-Werbemarkt-Trend-Feb.-2025-Branchenranking-SoA-digital-1-1024x584-1-768x438.png 768w, https:\/\/www.markt-kom.com\/wp-content\/uploads\/2025\/03\/DE-Werbemarkt-Trend-Feb.-2025-Branchenranking-SoA-digital-1-1024x584-1-18x10.png 18w, https:\/\/www.markt-kom.com\/wp-content\/uploads\/2025\/03\/DE-Werbemarkt-Trend-Feb.-2025-Branchenranking-SoA-digital-1-1024x584-1-307x175.png 307w, https:\/\/www.markt-kom.com\/wp-content\/uploads\/2025\/03\/DE-Werbemarkt-Trend-Feb.-2025-Branchenranking-SoA-digital-1-1024x584-1-614x350.png 614w, https:\/\/www.markt-kom.com\/wp-content\/uploads\/2025\/03\/DE-Werbemarkt-Trend-Feb.-2025-Branchenranking-SoA-digital-1-1024x584-1-1000x570.png 1000w\" alt=\"\" width=\"1024\" height=\"584\" \/><\/a>\r\n<figcaption id=\"caption-attachment-232536\" class=\"wp-caption-text\">Classifica del settore dei media digitali.<\/figcaption>\r\n<\/figure>\r\n<p>&nbsp;<\/p>\r\n<figure id=\"attachment_232538\" class=\"wp-caption aligncenter\" style=\"width: 1024px;\" aria-describedby=\"caption-attachment-232538\"><a href=\"https:\/\/www.markt-kom.com\/wp-content\/uploads\/2025\/03\/DE-Werbemarkt-Trend-Feb.-2025-Gesamtmarkt-Grafik-digital-1-1024x584-1.png\"><img class=\"size-full wp-image-232538\" src=\"https:\/\/www.markt-kom.com\/wp-content\/uploads\/2025\/03\/DE-Werbemarkt-Trend-Feb.-2025-Gesamtmarkt-Grafik-digital-1-1024x584-1.png\" sizes=\"(max-width: 1024px) 100vw, 1024px\" srcset=\"https:\/\/www.markt-kom.com\/wp-content\/uploads\/2025\/03\/DE-Werbemarkt-Trend-Feb.-2025-Gesamtmarkt-Grafik-digital-1-1024x584-1.png 1024w, https:\/\/www.markt-kom.com\/wp-content\/uploads\/2025\/03\/DE-Werbemarkt-Trend-Feb.-2025-Gesamtmarkt-Grafik-digital-1-1024x584-1-600x342.png 600w, https:\/\/www.markt-kom.com\/wp-content\/uploads\/2025\/03\/DE-Werbemarkt-Trend-Feb.-2025-Gesamtmarkt-Grafik-digital-1-1024x584-1-768x438.png 768w, https:\/\/www.markt-kom.com\/wp-content\/uploads\/2025\/03\/DE-Werbemarkt-Trend-Feb.-2025-Gesamtmarkt-Grafik-digital-1-1024x584-1-18x10.png 18w, https:\/\/www.markt-kom.com\/wp-content\/uploads\/2025\/03\/DE-Werbemarkt-Trend-Feb.-2025-Gesamtmarkt-Grafik-digital-1-1024x584-1-307x175.png 307w, https:\/\/www.markt-kom.com\/wp-content\/uploads\/2025\/03\/DE-Werbemarkt-Trend-Feb.-2025-Gesamtmarkt-Grafik-digital-1-1024x584-1-614x350.png 614w, https:\/\/www.markt-kom.com\/wp-content\/uploads\/2025\/03\/DE-Werbemarkt-Trend-Feb.-2025-Gesamtmarkt-Grafik-digital-1-1024x584-1-1000x570.png 1000w\" alt=\"\" width=\"1024\" height=\"584\" \/><\/a>\r\n<figcaption id=\"caption-attachment-232538\" class=\"wp-caption-text\">(Grafica: Media Focus)<\/figcaption>\r\n<\/figure>\r\n<p><a href=\"https:\/\/www.markt-kom.com\/wp-content\/uploads\/2025\/03\/DE-Werbemarkt-Trend-Feb.-2025-Monatsentwicklung-Media-Mix-digital-1-1024x584-1.png\"><img class=\"aligncenter size-full wp-image-232537\" src=\"https:\/\/www.markt-kom.com\/wp-content\/uploads\/2025\/03\/DE-Werbemarkt-Trend-Feb.-2025-Monatsentwicklung-Media-Mix-digital-1-1024x584-1.png\" sizes=\"(max-width: 1024px) 100vw, 1024px\" srcset=\"https:\/\/www.markt-kom.com\/wp-content\/uploads\/2025\/03\/DE-Werbemarkt-Trend-Feb.-2025-Monatsentwicklung-Media-Mix-digital-1-1024x584-1.png 1024w, https:\/\/www.markt-kom.com\/wp-content\/uploads\/2025\/03\/DE-Werbemarkt-Trend-Feb.-2025-Monatsentwicklung-Media-Mix-digital-1-1024x584-1-600x342.png 600w, https:\/\/www.markt-kom.com\/wp-content\/uploads\/2025\/03\/DE-Werbemarkt-Trend-Feb.-2025-Monatsentwicklung-Media-Mix-digital-1-1024x584-1-768x438.png 768w, https:\/\/www.markt-kom.com\/wp-content\/uploads\/2025\/03\/DE-Werbemarkt-Trend-Feb.-2025-Monatsentwicklung-Media-Mix-digital-1-1024x584-1-18x10.png 18w, https:\/\/www.markt-kom.com\/wp-content\/uploads\/2025\/03\/DE-Werbemarkt-Trend-Feb.-2025-Monatsentwicklung-Media-Mix-digital-1-1024x584-1-307x175.png 307w, https:\/\/www.markt-kom.com\/wp-content\/uploads\/2025\/03\/DE-Werbemarkt-Trend-Feb.-2025-Monatsentwicklung-Media-Mix-digital-1-1024x584-1-614x350.png 614w, https:\/\/www.markt-kom.com\/wp-content\/uploads\/2025\/03\/DE-Werbemarkt-Trend-Feb.-2025-Monatsentwicklung-Media-Mix-digital-1-1024x584-1-1000x570.png 1000w\" alt=\"\" width=\"1024\" height=\"584\" \/><\/a><\/p>\r\n<h3>I prodotti pi\u00f9 richiesti a febbraio<\/h3>\r\n<p>Nell'area display, spusu.ch \u00e8 al primo posto, mentre booking.com ha la pi\u00f9 alta presenza pubblicitaria nella ricerca. Su YouTube, l'Audi A6 E-Tron \u00e8 al primo posto. Anche Tui Reisen e Tui.ch sono entrate nella top 10 delle campagne pubblicitarie digitali.<\/p>\r\n<p><a href=\"https:\/\/www.markt-kom.com\/wp-content\/uploads\/2025\/03\/DE-Werbemarkt-Trend-Feb.-2025-Top-Produkte-digital-1024x370-1.png\"><img class=\"aligncenter size-full wp-image-232535\" src=\"https:\/\/www.markt-kom.com\/wp-content\/uploads\/2025\/03\/DE-Werbemarkt-Trend-Feb.-2025-Top-Produkte-digital-1024x370-1.png\" sizes=\"(max-width: 1024px) 100vw, 1024px\" srcset=\"https:\/\/www.markt-kom.com\/wp-content\/uploads\/2025\/03\/DE-Werbemarkt-Trend-Feb.-2025-Top-Produkte-digital-1024x370-1.png 1024w, https:\/\/www.markt-kom.com\/wp-content\/uploads\/2025\/03\/DE-Werbemarkt-Trend-Feb.-2025-Top-Produkte-digital-1024x370-1-600x217.png 600w, https:\/\/www.markt-kom.com\/wp-content\/uploads\/2025\/03\/DE-Werbemarkt-Trend-Feb.-2025-Top-Produkte-digital-1024x370-1-768x278.png 768w, https:\/\/www.markt-kom.com\/wp-content\/uploads\/2025\/03\/DE-Werbemarkt-Trend-Feb.-2025-Top-Produkte-digital-1024x370-1-18x7.png 18w, https:\/\/www.markt-kom.com\/wp-content\/uploads\/2025\/03\/DE-Werbemarkt-Trend-Feb.-2025-Top-Produkte-digital-1024x370-1-375x135.png 375w, https:\/\/www.markt-kom.com\/wp-content\/uploads\/2025\/03\/DE-Werbemarkt-Trend-Feb.-2025-Top-Produkte-digital-1024x370-1-760x275.png 760w, https:\/\/www.markt-kom.com\/wp-content\/uploads\/2025\/03\/DE-Werbemarkt-Trend-Feb.-2025-Top-Produkte-digital-1024x370-1-1000x361.png 1000w\" alt=\"\" width=\"1024\" height=\"370\" \/><\/a><a href=\"https:\/\/www.markt-kom.com\/wp-content\/uploads\/2025\/03\/DE-Werbemarkt-Trend-Feb.-2025-Media-Mix-digital-1.jpg\"><img class=\"aligncenter size-full wp-image-232543\" src=\"https:\/\/www.markt-kom.com\/wp-content\/uploads\/2025\/03\/DE-Werbemarkt-Trend-Feb.-2025-Media-Mix-digital-1.jpg\" sizes=\"(max-width: 1200px) 100vw, 1200px\" srcset=\"https:\/\/www.markt-kom.com\/wp-content\/uploads\/2025\/03\/DE-Werbemarkt-Trend-Feb.-2025-Media-Mix-digital-1.jpg 1200w, https:\/\/www.markt-kom.com\/wp-content\/uploads\/2025\/03\/DE-Werbemarkt-Trend-Feb.-2025-Media-Mix-digital-1-600x342.jpg 600w, https:\/\/www.markt-kom.com\/wp-content\/uploads\/2025\/03\/DE-Werbemarkt-Trend-Feb.-2025-Media-Mix-digital-1-1024x584.jpg 1024w, https:\/\/www.markt-kom.com\/wp-content\/uploads\/2025\/03\/DE-Werbemarkt-Trend-Feb.-2025-Media-Mix-digital-1-768x438.jpg 768w, https:\/\/www.markt-kom.com\/wp-content\/uploads\/2025\/03\/DE-Werbemarkt-Trend-Feb.-2025-Media-Mix-digital-1-18x10.jpg 18w, https:\/\/www.markt-kom.com\/wp-content\/uploads\/2025\/03\/DE-Werbemarkt-Trend-Feb.-2025-Media-Mix-digital-1-307x175.jpg 307w, https:\/\/www.markt-kom.com\/wp-content\/uploads\/2025\/03\/DE-Werbemarkt-Trend-Feb.-2025-Media-Mix-digital-1-614x350.jpg 614w, https:\/\/www.markt-kom.com\/wp-content\/uploads\/2025\/03\/DE-Werbemarkt-Trend-Feb.-2025-Media-Mix-digital-1-1000x570.jpg 1000w\" alt=\"\" width=\"1200\" height=\"684\" \/><\/a><\/p>","protected":false},"excerpt":{"rendered":"<p>Il mercato pubblicitario tradizionale rimane sotto pressione, mentre l'out-of-home \u00e8 l'unica categoria di media a crescere. Nel settore digitale, la ricerca rimane leader nonostante il calo, mentre YouTube continua a crescere. Questi i dati di Media Focus per il mese di febbraio.<\/p>","protected":false},"author":8,"featured_media":0,"comment_status":"closed","ping_status":"closed","sticky":false,"template":"","format":"standard","meta":{"_acf_changed":false,"_yoast_wpseo_focuskw":"Werbemarkt","_yoast_wpseo_metadesc":"Der klassische Werbemarkt bleibt unter Druck. Als einzige Mediengattung kann Out-of-Home zulegen. Dies zeigen neue Zahlen von Media Focus.","articlekey":"","footnotes":""},"categories":[29],"tags":[4343,3132,3401],"class_list":["post-37227","post","type-post","status-publish","format-standard","hentry","category-marketing","tag-markom","tag-media-focus","tag-werbemarkt"],"acf":[],"yoast_head":"<!-- This site is optimized with the Yoast SEO plugin v27.5 - https:\/\/yoast.com\/product\/yoast-seo-wordpress\/ -->\n<title>Werbemarkt im Februar 2025: OOH trotzt dem Negativtrend - Organisator<\/title>\n<meta name=\"description\" content=\"Der klassische Werbemarkt bleibt unter Druck. Als einzige Mediengattung kann Out-of-Home zulegen. Dies zeigen neue Zahlen von Media Focus.\" \/>\n<meta name=\"robots\" content=\"index, follow, max-snippet:-1, max-image-preview:large, max-video-preview:-1\" \/>\n<link rel=\"canonical\" href=\"https:\/\/www.organisator.ch\/it\/marketing\/2025-03-26\/werbemarkt-im-februar-2025-ooh-trotzt-dem-negativtrend\/\" \/>\n<meta property=\"og:locale\" content=\"it_IT\" \/>\n<meta property=\"og:type\" content=\"article\" \/>\n<meta property=\"og:title\" content=\"Werbemarkt im Februar 2025: OOH trotzt dem Negativtrend - Organisator\" \/>\n<meta property=\"og:description\" content=\"Der klassische Werbemarkt bleibt unter Druck. Als einzige Mediengattung kann Out-of-Home zulegen. Dies zeigen neue Zahlen von Media Focus.\" \/>\n<meta property=\"og:url\" content=\"https:\/\/www.organisator.ch\/it\/marketing\/2025-03-26\/werbemarkt-im-februar-2025-ooh-trotzt-dem-negativtrend\/\" \/>\n<meta property=\"og:site_name\" content=\"Organisator\" \/>\n<meta property=\"article:publisher\" content=\"https:\/\/www.facebook.com\/OrganisatorFachmagazin\" \/>\n<meta property=\"article:published_time\" content=\"2025-03-26T14:37:10+00:00\" \/>\n<meta property=\"article:modified_time\" content=\"2025-03-27T06:02:02+00:00\" \/>\n<meta name=\"author\" content=\"galledia\" \/>\n<meta name=\"twitter:card\" content=\"summary_large_image\" \/>\n<meta name=\"twitter:creator\" content=\"@admin\" \/>\n<script type=\"application\/ld+json\" class=\"yoast-schema-graph\">{\"@context\":\"https:\\\/\\\/schema.org\",\"@graph\":[{\"@type\":\"Article\",\"@id\":\"https:\\\/\\\/www.organisator.ch\\\/marketing\\\/2025-03-26\\\/werbemarkt-im-februar-2025-ooh-trotzt-dem-negativtrend\\\/#article\",\"isPartOf\":{\"@id\":\"https:\\\/\\\/www.organisator.ch\\\/marketing\\\/2025-03-26\\\/werbemarkt-im-februar-2025-ooh-trotzt-dem-negativtrend\\\/\"},\"author\":{\"name\":\"galledia\",\"@id\":\"https:\\\/\\\/www.organisator.ch\\\/#\\\/schema\\\/person\\\/4e51799071cd2dd1232ac003643ef5f0\"},\"headline\":\"Werbemarkt im Februar 2025: OOH trotzt dem Negativtrend\",\"datePublished\":\"2025-03-26T14:37:10+00:00\",\"dateModified\":\"2025-03-27T06:02:02+00:00\",\"mainEntityOfPage\":{\"@id\":\"https:\\\/\\\/www.organisator.ch\\\/marketing\\\/2025-03-26\\\/werbemarkt-im-februar-2025-ooh-trotzt-dem-negativtrend\\\/\"},\"wordCount\":372,\"publisher\":{\"@id\":\"https:\\\/\\\/www.organisator.ch\\\/#organization\"},\"image\":{\"@id\":\"https:\\\/\\\/www.organisator.ch\\\/marketing\\\/2025-03-26\\\/werbemarkt-im-februar-2025-ooh-trotzt-dem-negativtrend\\\/#primaryimage\"},\"thumbnailUrl\":\"https:\\\/\\\/www.markt-kom.com\\\/wp-content\\\/uploads\\\/2025\\\/03\\\/DE-Werbemarkt-Trend-Feb.-2025-Gesamtmarkt-Grafik-digital-1-1024x584-1.png\",\"keywords\":[\"MarKom\",\"Media Focus\",\"Werbemarkt\"],\"articleSection\":[\"MARKETING\"],\"inLanguage\":\"it-IT\"},{\"@type\":\"WebPage\",\"@id\":\"https:\\\/\\\/www.organisator.ch\\\/marketing\\\/2025-03-26\\\/werbemarkt-im-februar-2025-ooh-trotzt-dem-negativtrend\\\/\",\"url\":\"https:\\\/\\\/www.organisator.ch\\\/marketing\\\/2025-03-26\\\/werbemarkt-im-februar-2025-ooh-trotzt-dem-negativtrend\\\/\",\"name\":\"Werbemarkt im Februar 2025: OOH trotzt dem Negativtrend - Organisator\",\"isPartOf\":{\"@id\":\"https:\\\/\\\/www.organisator.ch\\\/#website\"},\"primaryImageOfPage\":{\"@id\":\"https:\\\/\\\/www.organisator.ch\\\/marketing\\\/2025-03-26\\\/werbemarkt-im-februar-2025-ooh-trotzt-dem-negativtrend\\\/#primaryimage\"},\"image\":{\"@id\":\"https:\\\/\\\/www.organisator.ch\\\/marketing\\\/2025-03-26\\\/werbemarkt-im-februar-2025-ooh-trotzt-dem-negativtrend\\\/#primaryimage\"},\"thumbnailUrl\":\"https:\\\/\\\/www.markt-kom.com\\\/wp-content\\\/uploads\\\/2025\\\/03\\\/DE-Werbemarkt-Trend-Feb.-2025-Gesamtmarkt-Grafik-digital-1-1024x584-1.png\",\"datePublished\":\"2025-03-26T14:37:10+00:00\",\"dateModified\":\"2025-03-27T06:02:02+00:00\",\"description\":\"Der klassische Werbemarkt bleibt unter Druck. Als einzige Mediengattung kann Out-of-Home zulegen. Dies zeigen neue Zahlen von Media Focus.\",\"breadcrumb\":{\"@id\":\"https:\\\/\\\/www.organisator.ch\\\/marketing\\\/2025-03-26\\\/werbemarkt-im-februar-2025-ooh-trotzt-dem-negativtrend\\\/#breadcrumb\"},\"inLanguage\":\"it-IT\",\"potentialAction\":[{\"@type\":\"ReadAction\",\"target\":[\"https:\\\/\\\/www.organisator.ch\\\/marketing\\\/2025-03-26\\\/werbemarkt-im-februar-2025-ooh-trotzt-dem-negativtrend\\\/\"]}]},{\"@type\":\"ImageObject\",\"inLanguage\":\"it-IT\",\"@id\":\"https:\\\/\\\/www.organisator.ch\\\/marketing\\\/2025-03-26\\\/werbemarkt-im-februar-2025-ooh-trotzt-dem-negativtrend\\\/#primaryimage\",\"url\":\"https:\\\/\\\/www.markt-kom.com\\\/wp-content\\\/uploads\\\/2025\\\/03\\\/DE-Werbemarkt-Trend-Feb.-2025-Gesamtmarkt-Grafik-digital-1-1024x584-1.png\",\"contentUrl\":\"https:\\\/\\\/www.markt-kom.com\\\/wp-content\\\/uploads\\\/2025\\\/03\\\/DE-Werbemarkt-Trend-Feb.-2025-Gesamtmarkt-Grafik-digital-1-1024x584-1.png\"},{\"@type\":\"BreadcrumbList\",\"@id\":\"https:\\\/\\\/www.organisator.ch\\\/marketing\\\/2025-03-26\\\/werbemarkt-im-februar-2025-ooh-trotzt-dem-negativtrend\\\/#breadcrumb\",\"itemListElement\":[{\"@type\":\"ListItem\",\"position\":1,\"name\":\"Home\",\"item\":\"https:\\\/\\\/www.organisator.ch\\\/\"},{\"@type\":\"ListItem\",\"position\":2,\"name\":\"Werbemarkt im Februar 2025: OOH trotzt dem Negativtrend\"}]},{\"@type\":\"WebSite\",\"@id\":\"https:\\\/\\\/www.organisator.ch\\\/#website\",\"url\":\"https:\\\/\\\/www.organisator.ch\\\/\",\"name\":\"Organisator\",\"description\":\"Kompetent. Praxisnah. Der ORGANISATOR bereitet in 10 Ausgaben pro Jahr die wesentlichen Themen f\u00fcr F\u00fchrungskr\u00e4fte von KMU auf.\",\"publisher\":{\"@id\":\"https:\\\/\\\/www.organisator.ch\\\/#organization\"},\"potentialAction\":[{\"@type\":\"SearchAction\",\"target\":{\"@type\":\"EntryPoint\",\"urlTemplate\":\"https:\\\/\\\/www.organisator.ch\\\/?s={search_term_string}\"},\"query-input\":{\"@type\":\"PropertyValueSpecification\",\"valueRequired\":true,\"valueName\":\"search_term_string\"}}],\"inLanguage\":\"it-IT\"},{\"@type\":\"Organization\",\"@id\":\"https:\\\/\\\/www.organisator.ch\\\/#organization\",\"name\":\"Organisator\",\"url\":\"https:\\\/\\\/www.organisator.ch\\\/\",\"logo\":{\"@type\":\"ImageObject\",\"inLanguage\":\"it-IT\",\"@id\":\"https:\\\/\\\/www.organisator.ch\\\/#\\\/schema\\\/logo\\\/image\\\/\",\"url\":\"https:\\\/\\\/www.organisator.ch\\\/wp-content\\\/uploads\\\/2022\\\/01\\\/Logo_Organisator_Website.png\",\"contentUrl\":\"https:\\\/\\\/www.organisator.ch\\\/wp-content\\\/uploads\\\/2022\\\/01\\\/Logo_Organisator_Website.png\",\"width\":800,\"height\":77,\"caption\":\"Organisator\"},\"image\":{\"@id\":\"https:\\\/\\\/www.organisator.ch\\\/#\\\/schema\\\/logo\\\/image\\\/\"},\"sameAs\":[\"https:\\\/\\\/www.facebook.com\\\/OrganisatorFachmagazin\",\"https:\\\/\\\/www.linkedin.com\\\/showcase\\\/organisator-das-magazin-fr-kmu\",\"https:\\\/\\\/www.xing.com\\\/news\\\/pages\\\/organisator-ch-695\",\"https:\\\/\\\/www.youtube.com\\\/channel\\\/UCGP2Sq0iWaZwT3BdIAQFYpw\"]},{\"@type\":\"Person\",\"@id\":\"https:\\\/\\\/www.organisator.ch\\\/#\\\/schema\\\/person\\\/4e51799071cd2dd1232ac003643ef5f0\",\"name\":\"galledia\",\"image\":{\"@type\":\"ImageObject\",\"inLanguage\":\"it-IT\",\"@id\":\"https:\\\/\\\/secure.gravatar.com\\\/avatar\\\/78a7f90c01fc2bfc875782a0d4922b37cde2cf184ce347b91316d23cd7f69a36?s=96&d=mm&r=g\",\"url\":\"https:\\\/\\\/secure.gravatar.com\\\/avatar\\\/78a7f90c01fc2bfc875782a0d4922b37cde2cf184ce347b91316d23cd7f69a36?s=96&d=mm&r=g\",\"contentUrl\":\"https:\\\/\\\/secure.gravatar.com\\\/avatar\\\/78a7f90c01fc2bfc875782a0d4922b37cde2cf184ce347b91316d23cd7f69a36?s=96&d=mm&r=g\",\"caption\":\"galledia\"},\"sameAs\":[\"https:\\\/\\\/x.com\\\/admin\"],\"url\":\"https:\\\/\\\/www.organisator.ch\\\/it\\\/author\\\/galledia\\\/\"}]}<\/script>\n<!-- \/ Yoast SEO plugin. -->","yoast_head_json":{"title":"Mercato pubblicitario a febbraio 2025: l'OOH sfida il trend negativo - Organizzatore","description":"Il mercato pubblicitario tradizionale rimane sotto pressione. L'Out-of-home \u00e8 l'unica categoria di media a registrare un aumento. Lo dimostrano i nuovi dati di Media Focus.","robots":{"index":"index","follow":"follow","max-snippet":"max-snippet:-1","max-image-preview":"max-image-preview:large","max-video-preview":"max-video-preview:-1"},"canonical":"https:\/\/www.organisator.ch\/it\/marketing\/2025-03-26\/werbemarkt-im-februar-2025-ooh-trotzt-dem-negativtrend\/","og_locale":"it_IT","og_type":"article","og_title":"Werbemarkt im Februar 2025: OOH trotzt dem Negativtrend - Organisator","og_description":"Der klassische Werbemarkt bleibt unter Druck. Als einzige Mediengattung kann Out-of-Home zulegen. Dies zeigen neue Zahlen von Media Focus.","og_url":"https:\/\/www.organisator.ch\/it\/marketing\/2025-03-26\/werbemarkt-im-februar-2025-ooh-trotzt-dem-negativtrend\/","og_site_name":"Organisator","article_publisher":"https:\/\/www.facebook.com\/OrganisatorFachmagazin","article_published_time":"2025-03-26T14:37:10+00:00","article_modified_time":"2025-03-27T06:02:02+00:00","author":"galledia","twitter_card":"summary_large_image","twitter_creator":"@admin","schema":{"@context":"https:\/\/schema.org","@graph":[{"@type":"Article","@id":"https:\/\/www.organisator.ch\/marketing\/2025-03-26\/werbemarkt-im-februar-2025-ooh-trotzt-dem-negativtrend\/#article","isPartOf":{"@id":"https:\/\/www.organisator.ch\/marketing\/2025-03-26\/werbemarkt-im-februar-2025-ooh-trotzt-dem-negativtrend\/"},"author":{"name":"galledia","@id":"https:\/\/www.organisator.ch\/#\/schema\/person\/4e51799071cd2dd1232ac003643ef5f0"},"headline":"Werbemarkt im Februar 2025: OOH trotzt dem Negativtrend","datePublished":"2025-03-26T14:37:10+00:00","dateModified":"2025-03-27T06:02:02+00:00","mainEntityOfPage":{"@id":"https:\/\/www.organisator.ch\/marketing\/2025-03-26\/werbemarkt-im-februar-2025-ooh-trotzt-dem-negativtrend\/"},"wordCount":372,"publisher":{"@id":"https:\/\/www.organisator.ch\/#organization"},"image":{"@id":"https:\/\/www.organisator.ch\/marketing\/2025-03-26\/werbemarkt-im-februar-2025-ooh-trotzt-dem-negativtrend\/#primaryimage"},"thumbnailUrl":"https:\/\/www.markt-kom.com\/wp-content\/uploads\/2025\/03\/DE-Werbemarkt-Trend-Feb.-2025-Gesamtmarkt-Grafik-digital-1-1024x584-1.png","keywords":["MarKom","Media Focus","Werbemarkt"],"articleSection":["MARKETING"],"inLanguage":"it-IT"},{"@type":"WebPage","@id":"https:\/\/www.organisator.ch\/marketing\/2025-03-26\/werbemarkt-im-februar-2025-ooh-trotzt-dem-negativtrend\/","url":"https:\/\/www.organisator.ch\/marketing\/2025-03-26\/werbemarkt-im-februar-2025-ooh-trotzt-dem-negativtrend\/","name":"Mercato pubblicitario a febbraio 2025: l'OOH sfida il trend negativo - Organizzatore","isPartOf":{"@id":"https:\/\/www.organisator.ch\/#website"},"primaryImageOfPage":{"@id":"https:\/\/www.organisator.ch\/marketing\/2025-03-26\/werbemarkt-im-februar-2025-ooh-trotzt-dem-negativtrend\/#primaryimage"},"image":{"@id":"https:\/\/www.organisator.ch\/marketing\/2025-03-26\/werbemarkt-im-februar-2025-ooh-trotzt-dem-negativtrend\/#primaryimage"},"thumbnailUrl":"https:\/\/www.markt-kom.com\/wp-content\/uploads\/2025\/03\/DE-Werbemarkt-Trend-Feb.-2025-Gesamtmarkt-Grafik-digital-1-1024x584-1.png","datePublished":"2025-03-26T14:37:10+00:00","dateModified":"2025-03-27T06:02:02+00:00","description":"Il mercato pubblicitario tradizionale rimane sotto pressione. L'Out-of-home \u00e8 l'unica categoria di media a registrare un aumento. Lo dimostrano i nuovi dati di Media Focus.","breadcrumb":{"@id":"https:\/\/www.organisator.ch\/marketing\/2025-03-26\/werbemarkt-im-februar-2025-ooh-trotzt-dem-negativtrend\/#breadcrumb"},"inLanguage":"it-IT","potentialAction":[{"@type":"ReadAction","target":["https:\/\/www.organisator.ch\/marketing\/2025-03-26\/werbemarkt-im-februar-2025-ooh-trotzt-dem-negativtrend\/"]}]},{"@type":"ImageObject","inLanguage":"it-IT","@id":"https:\/\/www.organisator.ch\/marketing\/2025-03-26\/werbemarkt-im-februar-2025-ooh-trotzt-dem-negativtrend\/#primaryimage","url":"https:\/\/www.markt-kom.com\/wp-content\/uploads\/2025\/03\/DE-Werbemarkt-Trend-Feb.-2025-Gesamtmarkt-Grafik-digital-1-1024x584-1.png","contentUrl":"https:\/\/www.markt-kom.com\/wp-content\/uploads\/2025\/03\/DE-Werbemarkt-Trend-Feb.-2025-Gesamtmarkt-Grafik-digital-1-1024x584-1.png"},{"@type":"BreadcrumbList","@id":"https:\/\/www.organisator.ch\/marketing\/2025-03-26\/werbemarkt-im-februar-2025-ooh-trotzt-dem-negativtrend\/#breadcrumb","itemListElement":[{"@type":"ListItem","position":1,"name":"Home","item":"https:\/\/www.organisator.ch\/"},{"@type":"ListItem","position":2,"name":"Werbemarkt im Februar 2025: OOH trotzt dem Negativtrend"}]},{"@type":"WebSite","@id":"https:\/\/www.organisator.ch\/#website","url":"https:\/\/www.organisator.ch\/","name":"Organizzatore","description":"Competente. Pratico. In 10 numeri all'anno, ORGANISATOR presenta i temi essenziali per i manager delle PMI.","publisher":{"@id":"https:\/\/www.organisator.ch\/#organization"},"potentialAction":[{"@type":"SearchAction","target":{"@type":"EntryPoint","urlTemplate":"https:\/\/www.organisator.ch\/?s={search_term_string}"},"query-input":{"@type":"PropertyValueSpecification","valueRequired":true,"valueName":"search_term_string"}}],"inLanguage":"it-IT"},{"@type":"Organization","@id":"https:\/\/www.organisator.ch\/#organization","name":"Organizzatore","url":"https:\/\/www.organisator.ch\/","logo":{"@type":"ImageObject","inLanguage":"it-IT","@id":"https:\/\/www.organisator.ch\/#\/schema\/logo\/image\/","url":"https:\/\/www.organisator.ch\/wp-content\/uploads\/2022\/01\/Logo_Organisator_Website.png","contentUrl":"https:\/\/www.organisator.ch\/wp-content\/uploads\/2022\/01\/Logo_Organisator_Website.png","width":800,"height":77,"caption":"Organisator"},"image":{"@id":"https:\/\/www.organisator.ch\/#\/schema\/logo\/image\/"},"sameAs":["https:\/\/www.facebook.com\/OrganisatorFachmagazin","https:\/\/www.linkedin.com\/showcase\/organisator-das-magazin-fr-kmu","https:\/\/www.xing.com\/news\/pages\/organisator-ch-695","https:\/\/www.youtube.com\/channel\/UCGP2Sq0iWaZwT3BdIAQFYpw"]},{"@type":"Person","@id":"https:\/\/www.organisator.ch\/#\/schema\/person\/4e51799071cd2dd1232ac003643ef5f0","name":"galledia","image":{"@type":"ImageObject","inLanguage":"it-IT","@id":"https:\/\/secure.gravatar.com\/avatar\/78a7f90c01fc2bfc875782a0d4922b37cde2cf184ce347b91316d23cd7f69a36?s=96&d=mm&r=g","url":"https:\/\/secure.gravatar.com\/avatar\/78a7f90c01fc2bfc875782a0d4922b37cde2cf184ce347b91316d23cd7f69a36?s=96&d=mm&r=g","contentUrl":"https:\/\/secure.gravatar.com\/avatar\/78a7f90c01fc2bfc875782a0d4922b37cde2cf184ce347b91316d23cd7f69a36?s=96&d=mm&r=g","caption":"galledia"},"sameAs":["https:\/\/x.com\/admin"],"url":"https:\/\/www.organisator.ch\/it\/author\/galledia\/"}]}},"_links":{"self":[{"href":"https:\/\/www.organisator.ch\/it\/wp-json\/wp\/v2\/posts\/37227","targetHints":{"allow":["GET"]}}],"collection":[{"href":"https:\/\/www.organisator.ch\/it\/wp-json\/wp\/v2\/posts"}],"about":[{"href":"https:\/\/www.organisator.ch\/it\/wp-json\/wp\/v2\/types\/post"}],"author":[{"embeddable":true,"href":"https:\/\/www.organisator.ch\/it\/wp-json\/wp\/v2\/users\/8"}],"replies":[{"embeddable":true,"href":"https:\/\/www.organisator.ch\/it\/wp-json\/wp\/v2\/comments?post=37227"}],"version-history":[{"count":4,"href":"https:\/\/www.organisator.ch\/it\/wp-json\/wp\/v2\/posts\/37227\/revisions"}],"predecessor-version":[{"id":37236,"href":"https:\/\/www.organisator.ch\/it\/wp-json\/wp\/v2\/posts\/37227\/revisions\/37236"}],"wp:attachment":[{"href":"https:\/\/www.organisator.ch\/it\/wp-json\/wp\/v2\/media?parent=37227"}],"wp:term":[{"taxonomy":"category","embeddable":true,"href":"https:\/\/www.organisator.ch\/it\/wp-json\/wp\/v2\/categories?post=37227"},{"taxonomy":"post_tag","embeddable":true,"href":"https:\/\/www.organisator.ch\/it\/wp-json\/wp\/v2\/tags?post=37227"}],"curies":[{"name":"wp","href":"https:\/\/api.w.org\/{rel}","templated":true}]}}