{"id":37245,"date":"2025-03-27T07:35:31","date_gmt":"2025-03-27T06:35:31","guid":{"rendered":"https:\/\/www.m-q.ch\/?p=21247"},"modified":"2025-03-27T14:34:56","modified_gmt":"2025-03-27T13:34:56","slug":"international-data-center-day-2025-herzstueck-des-digitalen-wandels","status":"publish","type":"post","link":"https:\/\/www.organisator.ch\/it\/operational-excellence\/2025-03-27\/international-data-center-day-2025-herzstueck-des-digitalen-wandels\/","title":{"rendered":"Giornata internazionale dei data center 2025 - al centro della trasformazione digitale"},"content":{"rendered":"<figure id=\"attachment_21248\" class=\"wp-caption alignnone\" style=\"width: 680px;\" aria-describedby=\"caption-attachment-21248\"><img class=\"size-full wp-image-21248\" src=\"https:\/\/www.m-q.ch\/wp-content\/uploads\/2025\/03\/International-Data-Center-Day-2025-%E2%80%93-Herzstueck-des-digitalen-Wandels_MQ.png\" sizes=\"(max-width: 680px) 100vw, 680px\" srcset=\"https:\/\/www.m-q.ch\/wp-content\/uploads\/2025\/03\/International-Data-Center-Day-2025-\u2013-Herzstueck-des-digitalen-Wandels_MQ.png 680w, https:\/\/www.m-q.ch\/wp-content\/uploads\/2025\/03\/International-Data-Center-Day-2025-\u2013-Herzstueck-des-digitalen-Wandels_MQ-18x12.png 18w, https:\/\/www.m-q.ch\/wp-content\/uploads\/2025\/03\/International-Data-Center-Day-2025-\u2013-Herzstueck-des-digitalen-Wandels_MQ-375x248.png 375w, https:\/\/www.m-q.ch\/wp-content\/uploads\/2025\/03\/International-Data-Center-Day-2025-\u2013-Herzstueck-des-digitalen-Wandels_MQ-529x350.png 529w\" alt=\"\" width=\"680\" height=\"450\" \/>\r\n<figcaption id=\"caption-attachment-21248\" class=\"wp-caption-text\">Roger Semprini commenta l'International Data Centre Day 2025 (Immagine: zVg \/ Equinix)<\/figcaption>\r\n<\/figure>\r\n<p>Il 26 marzo 2025 \u00e8 stata la Giornata Internazionale dei Data Center. Ci ricorda il ruolo indispensabile, ma per lo pi\u00f9 invisibile, che i data center svolgono nello sviluppo delle innovazioni che plasmano la nostra vita moderna. I data center sono molto pi\u00f9 di semplici \"magazzini pieni di server\"; sono la spina dorsale di innumerevoli progressi, comprese le soluzioni basate sull'intelligenza artificiale, che incontriamo ogni giorno: dall'accelerazione delle scoperte nella ricerca alla facilitazione di transazioni finanziarie fulminee, dai giochi online e dallo streaming ai social media e all'archiviazione cloud, i data center sono centrali.<\/p>\r\n<p>L'emergere dell'intelligenza artificiale generativa, dell'analisi in tempo reale e dell'iperconnettivit\u00e0 non solo sta trasformando i settori, ma sta anche ridefinendo il modo in cui viviamo, lavoriamo e affrontiamo le sfide globali. I data center sono al centro di questa trasformazione e fungono da motori per l'elaborazione, l'archiviazione e la protezione dei dati che guidano il progresso. Per questo motivo il settore dei data center sta vivendo una crescita senza precedenti, con investimenti annunciati di 734 miliardi di dollari nel 2024 e 2025 da parte di 20 aziende leader nel settore (fonte generation.org).<\/p>\r\n<p>In Svizzera, investiamo continuamente nei nostri cinque centri dati IBX (tre a Zurigo e due a Ginevra). La sesta fase di espansione \u00e8 gi\u00e0 in corso presso il centro dati ZH4, nel cuore di Zurigo, per soddisfare la crescente domanda di connettivit\u00e0. Il completamento dell'espansione \u00e8 previsto per il 2027. A Ginevra, il centro dati GV1 \u00e8 stato sottoposto a un ulteriore sviluppo tecnologico e utilizza l'acqua del lago di Ginevra per il raffreddamento.<\/p>\r\n<p>Il settore dei data center \u00e8 in prima linea nella rivoluzione digitale. Noi di Equinix stiamo facendo crescere i nostri data center in modo sostenibile e ci impegniamo a creare una nuova generazione di lavoratori dei data center che contribuiranno a mantenere il mondo connesso. Insieme, stiamo dando forma a un futuro in cui la tecnologia viene utilizzata per il bene comune, gettando le basi per un progresso condiviso.<\/p>\r\n<p>L'International Data Centre Day ha lo scopo di sensibilizzare l'opinione pubblica sul settore dei data center e di incoraggiare la prossima generazione di talenti a entrare nel settore.<\/p>\r\n<p><em>Ulteriori informazioni: <a href=\"https:\/\/www.equinix.com\/de\/de\/\">https:\/\/www.equinix.com\/de\/de\/<\/a><\/em><\/p>\n<p class=\"syndicated-attribution\">Questo articolo \u00e8 apparso originariamente su m-q.ch - <a href=\"https:\/\/www.m-q.ch\/de\/international-data-center-day-2025-herzstueck-des-digitalen-wandels\/\" target=\"_blank\">https:\/\/www.m-q.ch\/de\/international-data-center-day-2025-herzstueck-des-digitalen-wandels\/<\/a><\/p>","protected":false},"excerpt":{"rendered":"<p>Un commento di Roger Semprini, direttore generale per la Svizzera della societ\u00e0 di data center Equinix.<\/p>","protected":false},"author":8,"featured_media":0,"comment_status":"closed","ping_status":"closed","sticky":false,"template":"","format":"standard","meta":{"_acf_changed":false,"_yoast_wpseo_focuskw":"International Data Center Day","_yoast_wpseo_metadesc":"Roger Semprini, Managing Director Schweiz des Rechenzentrumsunternehmens Equinix, kommentiert den International Data Center Day 2025.","articlekey":"","footnotes":""},"categories":[582],"tags":[103,3480,156,286,319,424],"class_list":["post-37245","post","type-post","status-publish","format-standard","hentry","category-operational-excellence","tag-business-excellence","tag-datacenter","tag-digitalisierung","tag-it","tag-kuenstliche-intelligenz","tag-schweiz"],"acf":[],"yoast_head":"<!-- This site is optimized with the Yoast SEO plugin v27.5 - https:\/\/yoast.com\/product\/yoast-seo-wordpress\/ -->\n<title>International Data Center Day 2025 \u2013 Herzst\u00fcck des digitalen Wandels - Organisator<\/title>\n<meta name=\"description\" content=\"Roger Semprini, Managing Director Schweiz des Rechenzentrumsunternehmens Equinix, kommentiert den International Data Center Day 2025.\" \/>\n<meta name=\"robots\" content=\"index, follow, max-snippet:-1, max-image-preview:large, max-video-preview:-1\" \/>\n<link rel=\"canonical\" href=\"https:\/\/www.organisator.ch\/it\/eccellenza-operativa\/2025-03-27\/international-data-center-day-2025-herzstueck-des-digitalen-wandels\/\" \/>\n<meta property=\"og:locale\" content=\"it_IT\" \/>\n<meta property=\"og:type\" content=\"article\" \/>\n<meta property=\"og:title\" content=\"International Data Center Day 2025 \u2013 Herzst\u00fcck des digitalen Wandels - Organisator\" \/>\n<meta property=\"og:description\" content=\"Roger Semprini, Managing Director Schweiz des Rechenzentrumsunternehmens Equinix, kommentiert den International Data Center Day 2025.\" \/>\n<meta property=\"og:url\" content=\"https:\/\/www.organisator.ch\/it\/eccellenza-operativa\/2025-03-27\/international-data-center-day-2025-herzstueck-des-digitalen-wandels\/\" \/>\n<meta property=\"og:site_name\" content=\"Organisator\" \/>\n<meta property=\"article:publisher\" content=\"https:\/\/www.facebook.com\/OrganisatorFachmagazin\" \/>\n<meta property=\"article:published_time\" content=\"2025-03-27T06:35:31+00:00\" \/>\n<meta property=\"article:modified_time\" content=\"2025-03-27T13:34:56+00:00\" \/>\n<meta property=\"og:image\" content=\"https:\/\/www.organisator.ch\/wp-content\/uploads\/2023\/08\/Sustainability_Winkler_Autorenbild_organisator_56371.jpg\" \/>\n\t<meta property=\"og:image:width\" content=\"235\" \/>\n\t<meta property=\"og:image:height\" content=\"271\" \/>\n\t<meta property=\"og:image:type\" content=\"image\/jpeg\" \/>\n<meta name=\"author\" content=\"galledia\" \/>\n<meta name=\"twitter:card\" content=\"summary_large_image\" \/>\n<meta name=\"twitter:creator\" content=\"@admin\" \/>\n<script type=\"application\/ld+json\" class=\"yoast-schema-graph\">{\"@context\":\"https:\\\/\\\/schema.org\",\"@graph\":[{\"@type\":\"Article\",\"@id\":\"https:\\\/\\\/www.organisator.ch\\\/operational-excellence\\\/2025-03-27\\\/international-data-center-day-2025-herzstueck-des-digitalen-wandels\\\/#article\",\"isPartOf\":{\"@id\":\"https:\\\/\\\/www.organisator.ch\\\/operational-excellence\\\/2025-03-27\\\/international-data-center-day-2025-herzstueck-des-digitalen-wandels\\\/\"},\"author\":{\"name\":\"galledia\",\"@id\":\"https:\\\/\\\/www.organisator.ch\\\/#\\\/schema\\\/person\\\/4e51799071cd2dd1232ac003643ef5f0\"},\"headline\":\"International Data Center Day 2025 \u2013 Herzst\u00fcck des digitalen Wandels\",\"datePublished\":\"2025-03-27T06:35:31+00:00\",\"dateModified\":\"2025-03-27T13:34:56+00:00\",\"mainEntityOfPage\":{\"@id\":\"https:\\\/\\\/www.organisator.ch\\\/operational-excellence\\\/2025-03-27\\\/international-data-center-day-2025-herzstueck-des-digitalen-wandels\\\/\"},\"wordCount\":358,\"publisher\":{\"@id\":\"https:\\\/\\\/www.organisator.ch\\\/#organization\"},\"image\":{\"@id\":\"https:\\\/\\\/www.organisator.ch\\\/operational-excellence\\\/2025-03-27\\\/international-data-center-day-2025-herzstueck-des-digitalen-wandels\\\/#primaryimage\"},\"thumbnailUrl\":\"https:\\\/\\\/www.m-q.ch\\\/wp-content\\\/uploads\\\/2025\\\/03\\\/International-Data-Center-Day-2025-%E2%80%93-Herzstueck-des-digitalen-Wandels_MQ.png\",\"keywords\":[\"Business Excellence\",\"Datacenter\",\"Digitalisierung\",\"IT\",\"K\u00fcnstliche Intelligenz\",\"Schweiz\"],\"articleSection\":[\"OPERATIONAL EXCELLENCE\"],\"inLanguage\":\"it-IT\"},{\"@type\":\"WebPage\",\"@id\":\"https:\\\/\\\/www.organisator.ch\\\/operational-excellence\\\/2025-03-27\\\/international-data-center-day-2025-herzstueck-des-digitalen-wandels\\\/\",\"url\":\"https:\\\/\\\/www.organisator.ch\\\/operational-excellence\\\/2025-03-27\\\/international-data-center-day-2025-herzstueck-des-digitalen-wandels\\\/\",\"name\":\"International Data Center Day 2025 \u2013 Herzst\u00fcck des digitalen Wandels - Organisator\",\"isPartOf\":{\"@id\":\"https:\\\/\\\/www.organisator.ch\\\/#website\"},\"primaryImageOfPage\":{\"@id\":\"https:\\\/\\\/www.organisator.ch\\\/operational-excellence\\\/2025-03-27\\\/international-data-center-day-2025-herzstueck-des-digitalen-wandels\\\/#primaryimage\"},\"image\":{\"@id\":\"https:\\\/\\\/www.organisator.ch\\\/operational-excellence\\\/2025-03-27\\\/international-data-center-day-2025-herzstueck-des-digitalen-wandels\\\/#primaryimage\"},\"thumbnailUrl\":\"https:\\\/\\\/www.m-q.ch\\\/wp-content\\\/uploads\\\/2025\\\/03\\\/International-Data-Center-Day-2025-%E2%80%93-Herzstueck-des-digitalen-Wandels_MQ.png\",\"datePublished\":\"2025-03-27T06:35:31+00:00\",\"dateModified\":\"2025-03-27T13:34:56+00:00\",\"description\":\"Roger Semprini, Managing Director Schweiz des Rechenzentrumsunternehmens Equinix, kommentiert den International Data Center Day 2025.\",\"breadcrumb\":{\"@id\":\"https:\\\/\\\/www.organisator.ch\\\/operational-excellence\\\/2025-03-27\\\/international-data-center-day-2025-herzstueck-des-digitalen-wandels\\\/#breadcrumb\"},\"inLanguage\":\"it-IT\",\"potentialAction\":[{\"@type\":\"ReadAction\",\"target\":[\"https:\\\/\\\/www.organisator.ch\\\/operational-excellence\\\/2025-03-27\\\/international-data-center-day-2025-herzstueck-des-digitalen-wandels\\\/\"]}]},{\"@type\":\"ImageObject\",\"inLanguage\":\"it-IT\",\"@id\":\"https:\\\/\\\/www.organisator.ch\\\/operational-excellence\\\/2025-03-27\\\/international-data-center-day-2025-herzstueck-des-digitalen-wandels\\\/#primaryimage\",\"url\":\"https:\\\/\\\/www.m-q.ch\\\/wp-content\\\/uploads\\\/2025\\\/03\\\/International-Data-Center-Day-2025-%E2%80%93-Herzstueck-des-digitalen-Wandels_MQ.png\",\"contentUrl\":\"https:\\\/\\\/www.m-q.ch\\\/wp-content\\\/uploads\\\/2025\\\/03\\\/International-Data-Center-Day-2025-%E2%80%93-Herzstueck-des-digitalen-Wandels_MQ.png\"},{\"@type\":\"BreadcrumbList\",\"@id\":\"https:\\\/\\\/www.organisator.ch\\\/operational-excellence\\\/2025-03-27\\\/international-data-center-day-2025-herzstueck-des-digitalen-wandels\\\/#breadcrumb\",\"itemListElement\":[{\"@type\":\"ListItem\",\"position\":1,\"name\":\"Home\",\"item\":\"https:\\\/\\\/www.organisator.ch\\\/\"},{\"@type\":\"ListItem\",\"position\":2,\"name\":\"International Data Center Day 2025 \u2013 Herzst\u00fcck des digitalen Wandels\"}]},{\"@type\":\"WebSite\",\"@id\":\"https:\\\/\\\/www.organisator.ch\\\/#website\",\"url\":\"https:\\\/\\\/www.organisator.ch\\\/\",\"name\":\"Organisator\",\"description\":\"Kompetent. Praxisnah. Der ORGANISATOR bereitet in 10 Ausgaben pro Jahr die wesentlichen Themen f\u00fcr F\u00fchrungskr\u00e4fte von KMU auf.\",\"publisher\":{\"@id\":\"https:\\\/\\\/www.organisator.ch\\\/#organization\"},\"potentialAction\":[{\"@type\":\"SearchAction\",\"target\":{\"@type\":\"EntryPoint\",\"urlTemplate\":\"https:\\\/\\\/www.organisator.ch\\\/?s={search_term_string}\"},\"query-input\":{\"@type\":\"PropertyValueSpecification\",\"valueRequired\":true,\"valueName\":\"search_term_string\"}}],\"inLanguage\":\"it-IT\"},{\"@type\":\"Organization\",\"@id\":\"https:\\\/\\\/www.organisator.ch\\\/#organization\",\"name\":\"Organisator\",\"url\":\"https:\\\/\\\/www.organisator.ch\\\/\",\"logo\":{\"@type\":\"ImageObject\",\"inLanguage\":\"it-IT\",\"@id\":\"https:\\\/\\\/www.organisator.ch\\\/#\\\/schema\\\/logo\\\/image\\\/\",\"url\":\"https:\\\/\\\/www.organisator.ch\\\/wp-content\\\/uploads\\\/2022\\\/01\\\/Logo_Organisator_Website.png\",\"contentUrl\":\"https:\\\/\\\/www.organisator.ch\\\/wp-content\\\/uploads\\\/2022\\\/01\\\/Logo_Organisator_Website.png\",\"width\":800,\"height\":77,\"caption\":\"Organisator\"},\"image\":{\"@id\":\"https:\\\/\\\/www.organisator.ch\\\/#\\\/schema\\\/logo\\\/image\\\/\"},\"sameAs\":[\"https:\\\/\\\/www.facebook.com\\\/OrganisatorFachmagazin\",\"https:\\\/\\\/www.linkedin.com\\\/showcase\\\/organisator-das-magazin-fr-kmu\",\"https:\\\/\\\/www.xing.com\\\/news\\\/pages\\\/organisator-ch-695\",\"https:\\\/\\\/www.youtube.com\\\/channel\\\/UCGP2Sq0iWaZwT3BdIAQFYpw\"]},{\"@type\":\"Person\",\"@id\":\"https:\\\/\\\/www.organisator.ch\\\/#\\\/schema\\\/person\\\/4e51799071cd2dd1232ac003643ef5f0\",\"name\":\"galledia\",\"image\":{\"@type\":\"ImageObject\",\"inLanguage\":\"it-IT\",\"@id\":\"https:\\\/\\\/secure.gravatar.com\\\/avatar\\\/78a7f90c01fc2bfc875782a0d4922b37cde2cf184ce347b91316d23cd7f69a36?s=96&d=mm&r=g\",\"url\":\"https:\\\/\\\/secure.gravatar.com\\\/avatar\\\/78a7f90c01fc2bfc875782a0d4922b37cde2cf184ce347b91316d23cd7f69a36?s=96&d=mm&r=g\",\"contentUrl\":\"https:\\\/\\\/secure.gravatar.com\\\/avatar\\\/78a7f90c01fc2bfc875782a0d4922b37cde2cf184ce347b91316d23cd7f69a36?s=96&d=mm&r=g\",\"caption\":\"galledia\"},\"sameAs\":[\"https:\\\/\\\/x.com\\\/admin\"],\"url\":\"https:\\\/\\\/www.organisator.ch\\\/it\\\/author\\\/galledia\\\/\"}]}<\/script>\n<!-- \/ Yoast SEO plugin. -->","yoast_head_json":{"title":"Giornata internazionale dei data center 2025 - Al centro della trasformazione digitale - Organizzatore","description":"Roger Semprini, direttore generale per la Svizzera di Equinix, commenta l'International Data Centre Day 2025.","robots":{"index":"index","follow":"follow","max-snippet":"max-snippet:-1","max-image-preview":"max-image-preview:large","max-video-preview":"max-video-preview:-1"},"canonical":"https:\/\/www.organisator.ch\/it\/eccellenza-operativa\/2025-03-27\/international-data-center-day-2025-herzstueck-des-digitalen-wandels\/","og_locale":"it_IT","og_type":"article","og_title":"International Data Center Day 2025 \u2013 Herzst\u00fcck des digitalen Wandels - Organisator","og_description":"Roger Semprini, Managing Director Schweiz des Rechenzentrumsunternehmens Equinix, kommentiert den International Data Center Day 2025.","og_url":"https:\/\/www.organisator.ch\/it\/eccellenza-operativa\/2025-03-27\/international-data-center-day-2025-herzstueck-des-digitalen-wandels\/","og_site_name":"Organisator","article_publisher":"https:\/\/www.facebook.com\/OrganisatorFachmagazin","article_published_time":"2025-03-27T06:35:31+00:00","article_modified_time":"2025-03-27T13:34:56+00:00","og_image":[{"width":235,"height":271,"url":"https:\/\/www.organisator.ch\/wp-content\/uploads\/2023\/08\/Sustainability_Winkler_Autorenbild_organisator_56371.jpg","type":"image\/jpeg"}],"author":"galledia","twitter_card":"summary_large_image","twitter_creator":"@admin","schema":{"@context":"https:\/\/schema.org","@graph":[{"@type":"Article","@id":"https:\/\/www.organisator.ch\/operational-excellence\/2025-03-27\/international-data-center-day-2025-herzstueck-des-digitalen-wandels\/#article","isPartOf":{"@id":"https:\/\/www.organisator.ch\/operational-excellence\/2025-03-27\/international-data-center-day-2025-herzstueck-des-digitalen-wandels\/"},"author":{"name":"galledia","@id":"https:\/\/www.organisator.ch\/#\/schema\/person\/4e51799071cd2dd1232ac003643ef5f0"},"headline":"International Data Center Day 2025 \u2013 Herzst\u00fcck des digitalen Wandels","datePublished":"2025-03-27T06:35:31+00:00","dateModified":"2025-03-27T13:34:56+00:00","mainEntityOfPage":{"@id":"https:\/\/www.organisator.ch\/operational-excellence\/2025-03-27\/international-data-center-day-2025-herzstueck-des-digitalen-wandels\/"},"wordCount":358,"publisher":{"@id":"https:\/\/www.organisator.ch\/#organization"},"image":{"@id":"https:\/\/www.organisator.ch\/operational-excellence\/2025-03-27\/international-data-center-day-2025-herzstueck-des-digitalen-wandels\/#primaryimage"},"thumbnailUrl":"https:\/\/www.m-q.ch\/wp-content\/uploads\/2025\/03\/International-Data-Center-Day-2025-%E2%80%93-Herzstueck-des-digitalen-Wandels_MQ.png","keywords":["Business Excellence","Datacenter","Digitalisierung","IT","K\u00fcnstliche Intelligenz","Schweiz"],"articleSection":["OPERATIONAL EXCELLENCE"],"inLanguage":"it-IT"},{"@type":"WebPage","@id":"https:\/\/www.organisator.ch\/operational-excellence\/2025-03-27\/international-data-center-day-2025-herzstueck-des-digitalen-wandels\/","url":"https:\/\/www.organisator.ch\/operational-excellence\/2025-03-27\/international-data-center-day-2025-herzstueck-des-digitalen-wandels\/","name":"Giornata internazionale dei data center 2025 - Al centro della trasformazione digitale - Organizzatore","isPartOf":{"@id":"https:\/\/www.organisator.ch\/#website"},"primaryImageOfPage":{"@id":"https:\/\/www.organisator.ch\/operational-excellence\/2025-03-27\/international-data-center-day-2025-herzstueck-des-digitalen-wandels\/#primaryimage"},"image":{"@id":"https:\/\/www.organisator.ch\/operational-excellence\/2025-03-27\/international-data-center-day-2025-herzstueck-des-digitalen-wandels\/#primaryimage"},"thumbnailUrl":"https:\/\/www.m-q.ch\/wp-content\/uploads\/2025\/03\/International-Data-Center-Day-2025-%E2%80%93-Herzstueck-des-digitalen-Wandels_MQ.png","datePublished":"2025-03-27T06:35:31+00:00","dateModified":"2025-03-27T13:34:56+00:00","description":"Roger Semprini, direttore generale per la Svizzera di Equinix, commenta l'International Data Centre Day 2025.","breadcrumb":{"@id":"https:\/\/www.organisator.ch\/operational-excellence\/2025-03-27\/international-data-center-day-2025-herzstueck-des-digitalen-wandels\/#breadcrumb"},"inLanguage":"it-IT","potentialAction":[{"@type":"ReadAction","target":["https:\/\/www.organisator.ch\/operational-excellence\/2025-03-27\/international-data-center-day-2025-herzstueck-des-digitalen-wandels\/"]}]},{"@type":"ImageObject","inLanguage":"it-IT","@id":"https:\/\/www.organisator.ch\/operational-excellence\/2025-03-27\/international-data-center-day-2025-herzstueck-des-digitalen-wandels\/#primaryimage","url":"https:\/\/www.m-q.ch\/wp-content\/uploads\/2025\/03\/International-Data-Center-Day-2025-%E2%80%93-Herzstueck-des-digitalen-Wandels_MQ.png","contentUrl":"https:\/\/www.m-q.ch\/wp-content\/uploads\/2025\/03\/International-Data-Center-Day-2025-%E2%80%93-Herzstueck-des-digitalen-Wandels_MQ.png"},{"@type":"BreadcrumbList","@id":"https:\/\/www.organisator.ch\/operational-excellence\/2025-03-27\/international-data-center-day-2025-herzstueck-des-digitalen-wandels\/#breadcrumb","itemListElement":[{"@type":"ListItem","position":1,"name":"Home","item":"https:\/\/www.organisator.ch\/"},{"@type":"ListItem","position":2,"name":"International Data Center Day 2025 \u2013 Herzst\u00fcck des digitalen Wandels"}]},{"@type":"WebSite","@id":"https:\/\/www.organisator.ch\/#website","url":"https:\/\/www.organisator.ch\/","name":"Organizzatore","description":"Competente. Pratico. In 10 numeri all'anno, ORGANISATOR presenta i temi essenziali per i manager delle PMI.","publisher":{"@id":"https:\/\/www.organisator.ch\/#organization"},"potentialAction":[{"@type":"SearchAction","target":{"@type":"EntryPoint","urlTemplate":"https:\/\/www.organisator.ch\/?s={search_term_string}"},"query-input":{"@type":"PropertyValueSpecification","valueRequired":true,"valueName":"search_term_string"}}],"inLanguage":"it-IT"},{"@type":"Organization","@id":"https:\/\/www.organisator.ch\/#organization","name":"Organizzatore","url":"https:\/\/www.organisator.ch\/","logo":{"@type":"ImageObject","inLanguage":"it-IT","@id":"https:\/\/www.organisator.ch\/#\/schema\/logo\/image\/","url":"https:\/\/www.organisator.ch\/wp-content\/uploads\/2022\/01\/Logo_Organisator_Website.png","contentUrl":"https:\/\/www.organisator.ch\/wp-content\/uploads\/2022\/01\/Logo_Organisator_Website.png","width":800,"height":77,"caption":"Organisator"},"image":{"@id":"https:\/\/www.organisator.ch\/#\/schema\/logo\/image\/"},"sameAs":["https:\/\/www.facebook.com\/OrganisatorFachmagazin","https:\/\/www.linkedin.com\/showcase\/organisator-das-magazin-fr-kmu","https:\/\/www.xing.com\/news\/pages\/organisator-ch-695","https:\/\/www.youtube.com\/channel\/UCGP2Sq0iWaZwT3BdIAQFYpw"]},{"@type":"Person","@id":"https:\/\/www.organisator.ch\/#\/schema\/person\/4e51799071cd2dd1232ac003643ef5f0","name":"galledia","image":{"@type":"ImageObject","inLanguage":"it-IT","@id":"https:\/\/secure.gravatar.com\/avatar\/78a7f90c01fc2bfc875782a0d4922b37cde2cf184ce347b91316d23cd7f69a36?s=96&d=mm&r=g","url":"https:\/\/secure.gravatar.com\/avatar\/78a7f90c01fc2bfc875782a0d4922b37cde2cf184ce347b91316d23cd7f69a36?s=96&d=mm&r=g","contentUrl":"https:\/\/secure.gravatar.com\/avatar\/78a7f90c01fc2bfc875782a0d4922b37cde2cf184ce347b91316d23cd7f69a36?s=96&d=mm&r=g","caption":"galledia"},"sameAs":["https:\/\/x.com\/admin"],"url":"https:\/\/www.organisator.ch\/it\/author\/galledia\/"}]}},"_links":{"self":[{"href":"https:\/\/www.organisator.ch\/it\/wp-json\/wp\/v2\/posts\/37245","targetHints":{"allow":["GET"]}}],"collection":[{"href":"https:\/\/www.organisator.ch\/it\/wp-json\/wp\/v2\/posts"}],"about":[{"href":"https:\/\/www.organisator.ch\/it\/wp-json\/wp\/v2\/types\/post"}],"author":[{"embeddable":true,"href":"https:\/\/www.organisator.ch\/it\/wp-json\/wp\/v2\/users\/8"}],"replies":[{"embeddable":true,"href":"https:\/\/www.organisator.ch\/it\/wp-json\/wp\/v2\/comments?post=37245"}],"version-history":[{"count":5,"href":"https:\/\/www.organisator.ch\/it\/wp-json\/wp\/v2\/posts\/37245\/revisions"}],"predecessor-version":[{"id":37253,"href":"https:\/\/www.organisator.ch\/it\/wp-json\/wp\/v2\/posts\/37245\/revisions\/37253"}],"wp:attachment":[{"href":"https:\/\/www.organisator.ch\/it\/wp-json\/wp\/v2\/media?parent=37245"}],"wp:term":[{"taxonomy":"category","embeddable":true,"href":"https:\/\/www.organisator.ch\/it\/wp-json\/wp\/v2\/categories?post=37245"},{"taxonomy":"post_tag","embeddable":true,"href":"https:\/\/www.organisator.ch\/it\/wp-json\/wp\/v2\/tags?post=37245"}],"curies":[{"name":"wp","href":"https:\/\/api.w.org\/{rel}","templated":true}]}}