{"id":37257,"date":"2025-03-28T12:53:38","date_gmt":"2025-03-28T11:53:38","guid":{"rendered":"https:\/\/www.markt-kom.com\/?p=232603"},"modified":"2025-03-28T07:24:01","modified_gmt":"2025-03-28T06:24:01","slug":"pilot-suisse-wird-mediaagentur-fuer-obi-schweiz","status":"publish","type":"post","link":"https:\/\/www.organisator.ch\/it\/marketing\/2025-03-28\/pilot-suisse-wird-mediaagentur-fuer-obi-schweiz\/","title":{"rendered":"Pilot Suisse diventa agenzia media per Obi Svizzera"},"content":{"rendered":"<figure id=\"attachment_232604\" class=\"wp-caption aligncenter\" style=\"width: 1200px;\" aria-describedby=\"caption-attachment-232604\"><a href=\"https:\/\/www.markt-kom.com\/wp-content\/uploads\/2025\/03\/25-Jahre_Markt-Schaffhausen.jpg\"><img class=\"size-full wp-image-232604\" src=\"https:\/\/www.markt-kom.com\/wp-content\/uploads\/2025\/03\/25-Jahre_Markt-Schaffhausen.jpg\" sizes=\"(max-width: 1200px) 100vw, 1200px\" srcset=\"https:\/\/www.markt-kom.com\/wp-content\/uploads\/2025\/03\/25-Jahre_Markt-Schaffhausen.jpg 1200w, https:\/\/www.markt-kom.com\/wp-content\/uploads\/2025\/03\/25-Jahre_Markt-Schaffhausen-600x450.jpg 600w, https:\/\/www.markt-kom.com\/wp-content\/uploads\/2025\/03\/25-Jahre_Markt-Schaffhausen-1024x768.jpg 1024w, https:\/\/www.markt-kom.com\/wp-content\/uploads\/2025\/03\/25-Jahre_Markt-Schaffhausen-768x576.jpg 768w, https:\/\/www.markt-kom.com\/wp-content\/uploads\/2025\/03\/25-Jahre_Markt-Schaffhausen-16x12.jpg 16w, https:\/\/www.markt-kom.com\/wp-content\/uploads\/2025\/03\/25-Jahre_Markt-Schaffhausen-233x175.jpg 233w, https:\/\/www.markt-kom.com\/wp-content\/uploads\/2025\/03\/25-Jahre_Markt-Schaffhausen-467x350.jpg 467w, https:\/\/www.markt-kom.com\/wp-content\/uploads\/2025\/03\/25-Jahre_Markt-Schaffhausen-1000x750.jpg 1000w\" alt=\"\" width=\"1200\" height=\"900\" \/><\/a>\r\n<figcaption id=\"caption-attachment-232604\" class=\"wp-caption-text\">(Immagine: zVg.)<\/figcaption>\r\n<\/figure>\r\n<p>\"Il team di Pilot Suisse ci ha colpito fin dal primo incontro per la sua pluriennale e dettagliata esperienza nel mercato svizzero e per il suo senso dell'essenziale\", spiega Nicolas Bill, responsabile marketing di Obi Svizzera, motivando la decisione. Abbiamo deliberatamente scelto Pilot Suisse per il mercato svizzero perch\u00e9 non solo abbiamo trovato un'agenzia con un'eccellente conoscenza del mercato, ma anche un partner che pensa oltre i confini nazionali\". Il gruppo di agenzie Pilot supporta gi\u00e0 con successo Obi Germania, il che ci permette di creare preziose sinergie e di sviluppare ulteriormente la nostra strategia di marchio in Svizzera in modo ancora pi\u00f9 mirato.\"<\/p>\r\n<p>Ahmad Hoteit, Managing Partner di Pilot Suisse, \u00e8 entusiasta: \"In qualit\u00e0 di giovane agenzia media, siamo particolarmente soddisfatti di avere un cliente cos\u00ec noto come Obi, soprattutto perch\u00e9 \u00e8 un compito molto stimolante rendere rapidamente visibile un marchio cos\u00ec sfidante nel contesto del mercato locale\".<\/p>\r\n<p>\"\u00c8 fantastico vedere che le USP con cui ci siamo lanciati in Svizzera lo scorso anno vengono accettate e apprezzate dai clienti e funzionano come criterio decisionale per la nostra agenzia\", aggiunge Ben Moser, Managing Partner di Pilot Suisse.<\/p>","protected":false},"excerpt":{"rendered":"<p>L'agenzia zurighese Pilot Suisse \u00e8 ora responsabile della pianificazione media per la filiale svizzera della catena di negozi di bricolage Obi. L'obiettivo della collaborazione \u00e8 quello di aumentare la notoriet\u00e0 del marchio Obi in Svizzera e di promuovere la crescita e l'espansione nel mercato. La prima campagna \u00e8 gi\u00e0 attiva e si concentra su immagini in movimento e OOH.<\/p>","protected":false},"author":8,"featured_media":0,"comment_status":"closed","ping_status":"closed","sticky":false,"template":"","format":"standard","meta":{"_acf_changed":false,"_yoast_wpseo_focuskw":"Pilot Suisse","_yoast_wpseo_metadesc":"Die Z\u00fcrcher Agentur Pilot Suisse betreut ab sofort die Mediaplanung f\u00fcr die Schweizer Dependance der Baumarktkette Obi.","articlekey":"","footnotes":""},"categories":[29],"tags":[2850,2855,5240,5241,492],"class_list":["post-37257","post","type-post","status-publish","format-standard","hentry","category-marketing","tag-agenturen","tag-etats","tag-obi","tag-pilot-suisse","tag-unternehmen"],"acf":[],"yoast_head":"<!-- This site is optimized with the Yoast SEO plugin v27.4 - https:\/\/yoast.com\/product\/yoast-seo-wordpress\/ -->\n<title>Pilot Suisse wird Mediaagentur f\u00fcr Obi Schweiz - Organisator<\/title>\n<meta name=\"description\" content=\"Die Z\u00fcrcher Agentur Pilot Suisse betreut ab sofort die Mediaplanung f\u00fcr die Schweizer Dependance der Baumarktkette Obi.\" \/>\n<meta name=\"robots\" content=\"index, follow, max-snippet:-1, max-image-preview:large, max-video-preview:-1\" \/>\n<link rel=\"canonical\" href=\"https:\/\/www.organisator.ch\/it\/marketing\/2025-03-28\/pilot-suisse-wird-mediaagentur-fuer-obi-schweiz\/\" \/>\n<meta property=\"og:locale\" content=\"it_IT\" \/>\n<meta property=\"og:type\" content=\"article\" \/>\n<meta property=\"og:title\" content=\"Pilot Suisse wird Mediaagentur f\u00fcr Obi Schweiz - Organisator\" \/>\n<meta property=\"og:description\" content=\"Die Z\u00fcrcher Agentur Pilot Suisse betreut ab sofort die Mediaplanung f\u00fcr die Schweizer Dependance der Baumarktkette Obi.\" \/>\n<meta property=\"og:url\" content=\"https:\/\/www.organisator.ch\/it\/marketing\/2025-03-28\/pilot-suisse-wird-mediaagentur-fuer-obi-schweiz\/\" \/>\n<meta property=\"og:site_name\" content=\"Organisator\" \/>\n<meta property=\"article:publisher\" content=\"https:\/\/www.facebook.com\/OrganisatorFachmagazin\" \/>\n<meta property=\"article:published_time\" content=\"2025-03-28T11:53:38+00:00\" \/>\n<meta name=\"author\" content=\"galledia\" \/>\n<meta name=\"twitter:card\" content=\"summary_large_image\" \/>\n<meta name=\"twitter:creator\" content=\"@admin\" \/>\n<script type=\"application\/ld+json\" class=\"yoast-schema-graph\">{\"@context\":\"https:\\\/\\\/schema.org\",\"@graph\":[{\"@type\":\"Article\",\"@id\":\"https:\\\/\\\/www.organisator.ch\\\/marketing\\\/2025-03-28\\\/pilot-suisse-wird-mediaagentur-fuer-obi-schweiz\\\/#article\",\"isPartOf\":{\"@id\":\"https:\\\/\\\/www.organisator.ch\\\/marketing\\\/2025-03-28\\\/pilot-suisse-wird-mediaagentur-fuer-obi-schweiz\\\/\"},\"author\":{\"name\":\"galledia\",\"@id\":\"https:\\\/\\\/www.organisator.ch\\\/#\\\/schema\\\/person\\\/4e51799071cd2dd1232ac003643ef5f0\"},\"headline\":\"Pilot Suisse wird Mediaagentur f\u00fcr Obi Schweiz\",\"datePublished\":\"2025-03-28T11:53:38+00:00\",\"mainEntityOfPage\":{\"@id\":\"https:\\\/\\\/www.organisator.ch\\\/marketing\\\/2025-03-28\\\/pilot-suisse-wird-mediaagentur-fuer-obi-schweiz\\\/\"},\"wordCount\":210,\"publisher\":{\"@id\":\"https:\\\/\\\/www.organisator.ch\\\/#organization\"},\"image\":{\"@id\":\"https:\\\/\\\/www.organisator.ch\\\/marketing\\\/2025-03-28\\\/pilot-suisse-wird-mediaagentur-fuer-obi-schweiz\\\/#primaryimage\"},\"thumbnailUrl\":\"https:\\\/\\\/www.markt-kom.com\\\/wp-content\\\/uploads\\\/2025\\\/03\\\/25-Jahre_Markt-Schaffhausen.jpg\",\"keywords\":[\"Agenturen\",\"Etats\",\"Obi\",\"Pilot Suisse\",\"Unternehmen\"],\"articleSection\":[\"MARKETING\"],\"inLanguage\":\"it-IT\"},{\"@type\":\"WebPage\",\"@id\":\"https:\\\/\\\/www.organisator.ch\\\/marketing\\\/2025-03-28\\\/pilot-suisse-wird-mediaagentur-fuer-obi-schweiz\\\/\",\"url\":\"https:\\\/\\\/www.organisator.ch\\\/marketing\\\/2025-03-28\\\/pilot-suisse-wird-mediaagentur-fuer-obi-schweiz\\\/\",\"name\":\"Pilot Suisse wird Mediaagentur f\u00fcr Obi Schweiz - Organisator\",\"isPartOf\":{\"@id\":\"https:\\\/\\\/www.organisator.ch\\\/#website\"},\"primaryImageOfPage\":{\"@id\":\"https:\\\/\\\/www.organisator.ch\\\/marketing\\\/2025-03-28\\\/pilot-suisse-wird-mediaagentur-fuer-obi-schweiz\\\/#primaryimage\"},\"image\":{\"@id\":\"https:\\\/\\\/www.organisator.ch\\\/marketing\\\/2025-03-28\\\/pilot-suisse-wird-mediaagentur-fuer-obi-schweiz\\\/#primaryimage\"},\"thumbnailUrl\":\"https:\\\/\\\/www.markt-kom.com\\\/wp-content\\\/uploads\\\/2025\\\/03\\\/25-Jahre_Markt-Schaffhausen.jpg\",\"datePublished\":\"2025-03-28T11:53:38+00:00\",\"description\":\"Die Z\u00fcrcher Agentur Pilot Suisse betreut ab sofort die Mediaplanung f\u00fcr die Schweizer Dependance der Baumarktkette Obi.\",\"breadcrumb\":{\"@id\":\"https:\\\/\\\/www.organisator.ch\\\/marketing\\\/2025-03-28\\\/pilot-suisse-wird-mediaagentur-fuer-obi-schweiz\\\/#breadcrumb\"},\"inLanguage\":\"it-IT\",\"potentialAction\":[{\"@type\":\"ReadAction\",\"target\":[\"https:\\\/\\\/www.organisator.ch\\\/marketing\\\/2025-03-28\\\/pilot-suisse-wird-mediaagentur-fuer-obi-schweiz\\\/\"]}]},{\"@type\":\"ImageObject\",\"inLanguage\":\"it-IT\",\"@id\":\"https:\\\/\\\/www.organisator.ch\\\/marketing\\\/2025-03-28\\\/pilot-suisse-wird-mediaagentur-fuer-obi-schweiz\\\/#primaryimage\",\"url\":\"https:\\\/\\\/www.markt-kom.com\\\/wp-content\\\/uploads\\\/2025\\\/03\\\/25-Jahre_Markt-Schaffhausen.jpg\",\"contentUrl\":\"https:\\\/\\\/www.markt-kom.com\\\/wp-content\\\/uploads\\\/2025\\\/03\\\/25-Jahre_Markt-Schaffhausen.jpg\"},{\"@type\":\"BreadcrumbList\",\"@id\":\"https:\\\/\\\/www.organisator.ch\\\/marketing\\\/2025-03-28\\\/pilot-suisse-wird-mediaagentur-fuer-obi-schweiz\\\/#breadcrumb\",\"itemListElement\":[{\"@type\":\"ListItem\",\"position\":1,\"name\":\"Home\",\"item\":\"https:\\\/\\\/www.organisator.ch\\\/\"},{\"@type\":\"ListItem\",\"position\":2,\"name\":\"Pilot Suisse wird Mediaagentur f\u00fcr Obi Schweiz\"}]},{\"@type\":\"WebSite\",\"@id\":\"https:\\\/\\\/www.organisator.ch\\\/#website\",\"url\":\"https:\\\/\\\/www.organisator.ch\\\/\",\"name\":\"Organisator\",\"description\":\"Kompetent. Praxisnah. Der ORGANISATOR bereitet in 10 Ausgaben pro Jahr die wesentlichen Themen f\u00fcr F\u00fchrungskr\u00e4fte von KMU auf.\",\"publisher\":{\"@id\":\"https:\\\/\\\/www.organisator.ch\\\/#organization\"},\"potentialAction\":[{\"@type\":\"SearchAction\",\"target\":{\"@type\":\"EntryPoint\",\"urlTemplate\":\"https:\\\/\\\/www.organisator.ch\\\/?s={search_term_string}\"},\"query-input\":{\"@type\":\"PropertyValueSpecification\",\"valueRequired\":true,\"valueName\":\"search_term_string\"}}],\"inLanguage\":\"it-IT\"},{\"@type\":\"Organization\",\"@id\":\"https:\\\/\\\/www.organisator.ch\\\/#organization\",\"name\":\"Organisator\",\"url\":\"https:\\\/\\\/www.organisator.ch\\\/\",\"logo\":{\"@type\":\"ImageObject\",\"inLanguage\":\"it-IT\",\"@id\":\"https:\\\/\\\/www.organisator.ch\\\/#\\\/schema\\\/logo\\\/image\\\/\",\"url\":\"https:\\\/\\\/www.organisator.ch\\\/wp-content\\\/uploads\\\/2022\\\/01\\\/Logo_Organisator_Website.png\",\"contentUrl\":\"https:\\\/\\\/www.organisator.ch\\\/wp-content\\\/uploads\\\/2022\\\/01\\\/Logo_Organisator_Website.png\",\"width\":800,\"height\":77,\"caption\":\"Organisator\"},\"image\":{\"@id\":\"https:\\\/\\\/www.organisator.ch\\\/#\\\/schema\\\/logo\\\/image\\\/\"},\"sameAs\":[\"https:\\\/\\\/www.facebook.com\\\/OrganisatorFachmagazin\",\"https:\\\/\\\/www.linkedin.com\\\/showcase\\\/organisator-das-magazin-fr-kmu\",\"https:\\\/\\\/www.xing.com\\\/news\\\/pages\\\/organisator-ch-695\",\"https:\\\/\\\/www.youtube.com\\\/channel\\\/UCGP2Sq0iWaZwT3BdIAQFYpw\"]},{\"@type\":\"Person\",\"@id\":\"https:\\\/\\\/www.organisator.ch\\\/#\\\/schema\\\/person\\\/4e51799071cd2dd1232ac003643ef5f0\",\"name\":\"galledia\",\"image\":{\"@type\":\"ImageObject\",\"inLanguage\":\"it-IT\",\"@id\":\"https:\\\/\\\/secure.gravatar.com\\\/avatar\\\/78a7f90c01fc2bfc875782a0d4922b37cde2cf184ce347b91316d23cd7f69a36?s=96&d=mm&r=g\",\"url\":\"https:\\\/\\\/secure.gravatar.com\\\/avatar\\\/78a7f90c01fc2bfc875782a0d4922b37cde2cf184ce347b91316d23cd7f69a36?s=96&d=mm&r=g\",\"contentUrl\":\"https:\\\/\\\/secure.gravatar.com\\\/avatar\\\/78a7f90c01fc2bfc875782a0d4922b37cde2cf184ce347b91316d23cd7f69a36?s=96&d=mm&r=g\",\"caption\":\"galledia\"},\"sameAs\":[\"https:\\\/\\\/x.com\\\/admin\"],\"url\":\"https:\\\/\\\/www.organisator.ch\\\/it\\\/author\\\/galledia\\\/\"}]}<\/script>\n<!-- \/ Yoast SEO plugin. -->","yoast_head_json":{"title":"Pilot Suisse diventa agenzia media per Obi Svizzera - Organizzatore","description":"L'agenzia zurighese Pilot Suisse \u00e8 ora responsabile della pianificazione media per la filiale svizzera della catena di bricolage Obi.","robots":{"index":"index","follow":"follow","max-snippet":"max-snippet:-1","max-image-preview":"max-image-preview:large","max-video-preview":"max-video-preview:-1"},"canonical":"https:\/\/www.organisator.ch\/it\/marketing\/2025-03-28\/pilot-suisse-wird-mediaagentur-fuer-obi-schweiz\/","og_locale":"it_IT","og_type":"article","og_title":"Pilot Suisse wird Mediaagentur f\u00fcr Obi Schweiz - Organisator","og_description":"Die Z\u00fcrcher Agentur Pilot Suisse betreut ab sofort die Mediaplanung f\u00fcr die Schweizer Dependance der Baumarktkette Obi.","og_url":"https:\/\/www.organisator.ch\/it\/marketing\/2025-03-28\/pilot-suisse-wird-mediaagentur-fuer-obi-schweiz\/","og_site_name":"Organisator","article_publisher":"https:\/\/www.facebook.com\/OrganisatorFachmagazin","article_published_time":"2025-03-28T11:53:38+00:00","author":"galledia","twitter_card":"summary_large_image","twitter_creator":"@admin","schema":{"@context":"https:\/\/schema.org","@graph":[{"@type":"Article","@id":"https:\/\/www.organisator.ch\/marketing\/2025-03-28\/pilot-suisse-wird-mediaagentur-fuer-obi-schweiz\/#article","isPartOf":{"@id":"https:\/\/www.organisator.ch\/marketing\/2025-03-28\/pilot-suisse-wird-mediaagentur-fuer-obi-schweiz\/"},"author":{"name":"galledia","@id":"https:\/\/www.organisator.ch\/#\/schema\/person\/4e51799071cd2dd1232ac003643ef5f0"},"headline":"Pilot Suisse wird Mediaagentur f\u00fcr Obi Schweiz","datePublished":"2025-03-28T11:53:38+00:00","mainEntityOfPage":{"@id":"https:\/\/www.organisator.ch\/marketing\/2025-03-28\/pilot-suisse-wird-mediaagentur-fuer-obi-schweiz\/"},"wordCount":210,"publisher":{"@id":"https:\/\/www.organisator.ch\/#organization"},"image":{"@id":"https:\/\/www.organisator.ch\/marketing\/2025-03-28\/pilot-suisse-wird-mediaagentur-fuer-obi-schweiz\/#primaryimage"},"thumbnailUrl":"https:\/\/www.markt-kom.com\/wp-content\/uploads\/2025\/03\/25-Jahre_Markt-Schaffhausen.jpg","keywords":["Agenturen","Etats","Obi","Pilot Suisse","Unternehmen"],"articleSection":["MARKETING"],"inLanguage":"it-IT"},{"@type":"WebPage","@id":"https:\/\/www.organisator.ch\/marketing\/2025-03-28\/pilot-suisse-wird-mediaagentur-fuer-obi-schweiz\/","url":"https:\/\/www.organisator.ch\/marketing\/2025-03-28\/pilot-suisse-wird-mediaagentur-fuer-obi-schweiz\/","name":"Pilot Suisse diventa agenzia media per Obi Svizzera - Organizzatore","isPartOf":{"@id":"https:\/\/www.organisator.ch\/#website"},"primaryImageOfPage":{"@id":"https:\/\/www.organisator.ch\/marketing\/2025-03-28\/pilot-suisse-wird-mediaagentur-fuer-obi-schweiz\/#primaryimage"},"image":{"@id":"https:\/\/www.organisator.ch\/marketing\/2025-03-28\/pilot-suisse-wird-mediaagentur-fuer-obi-schweiz\/#primaryimage"},"thumbnailUrl":"https:\/\/www.markt-kom.com\/wp-content\/uploads\/2025\/03\/25-Jahre_Markt-Schaffhausen.jpg","datePublished":"2025-03-28T11:53:38+00:00","description":"L'agenzia zurighese Pilot Suisse \u00e8 ora responsabile della pianificazione media per la filiale svizzera della catena di bricolage Obi.","breadcrumb":{"@id":"https:\/\/www.organisator.ch\/marketing\/2025-03-28\/pilot-suisse-wird-mediaagentur-fuer-obi-schweiz\/#breadcrumb"},"inLanguage":"it-IT","potentialAction":[{"@type":"ReadAction","target":["https:\/\/www.organisator.ch\/marketing\/2025-03-28\/pilot-suisse-wird-mediaagentur-fuer-obi-schweiz\/"]}]},{"@type":"ImageObject","inLanguage":"it-IT","@id":"https:\/\/www.organisator.ch\/marketing\/2025-03-28\/pilot-suisse-wird-mediaagentur-fuer-obi-schweiz\/#primaryimage","url":"https:\/\/www.markt-kom.com\/wp-content\/uploads\/2025\/03\/25-Jahre_Markt-Schaffhausen.jpg","contentUrl":"https:\/\/www.markt-kom.com\/wp-content\/uploads\/2025\/03\/25-Jahre_Markt-Schaffhausen.jpg"},{"@type":"BreadcrumbList","@id":"https:\/\/www.organisator.ch\/marketing\/2025-03-28\/pilot-suisse-wird-mediaagentur-fuer-obi-schweiz\/#breadcrumb","itemListElement":[{"@type":"ListItem","position":1,"name":"Home","item":"https:\/\/www.organisator.ch\/"},{"@type":"ListItem","position":2,"name":"Pilot Suisse wird Mediaagentur f\u00fcr Obi Schweiz"}]},{"@type":"WebSite","@id":"https:\/\/www.organisator.ch\/#website","url":"https:\/\/www.organisator.ch\/","name":"Organizzatore","description":"Competente. Pratico. In 10 numeri all'anno, ORGANISATOR presenta i temi essenziali per i manager delle PMI.","publisher":{"@id":"https:\/\/www.organisator.ch\/#organization"},"potentialAction":[{"@type":"SearchAction","target":{"@type":"EntryPoint","urlTemplate":"https:\/\/www.organisator.ch\/?s={search_term_string}"},"query-input":{"@type":"PropertyValueSpecification","valueRequired":true,"valueName":"search_term_string"}}],"inLanguage":"it-IT"},{"@type":"Organization","@id":"https:\/\/www.organisator.ch\/#organization","name":"Organizzatore","url":"https:\/\/www.organisator.ch\/","logo":{"@type":"ImageObject","inLanguage":"it-IT","@id":"https:\/\/www.organisator.ch\/#\/schema\/logo\/image\/","url":"https:\/\/www.organisator.ch\/wp-content\/uploads\/2022\/01\/Logo_Organisator_Website.png","contentUrl":"https:\/\/www.organisator.ch\/wp-content\/uploads\/2022\/01\/Logo_Organisator_Website.png","width":800,"height":77,"caption":"Organisator"},"image":{"@id":"https:\/\/www.organisator.ch\/#\/schema\/logo\/image\/"},"sameAs":["https:\/\/www.facebook.com\/OrganisatorFachmagazin","https:\/\/www.linkedin.com\/showcase\/organisator-das-magazin-fr-kmu","https:\/\/www.xing.com\/news\/pages\/organisator-ch-695","https:\/\/www.youtube.com\/channel\/UCGP2Sq0iWaZwT3BdIAQFYpw"]},{"@type":"Person","@id":"https:\/\/www.organisator.ch\/#\/schema\/person\/4e51799071cd2dd1232ac003643ef5f0","name":"galledia","image":{"@type":"ImageObject","inLanguage":"it-IT","@id":"https:\/\/secure.gravatar.com\/avatar\/78a7f90c01fc2bfc875782a0d4922b37cde2cf184ce347b91316d23cd7f69a36?s=96&d=mm&r=g","url":"https:\/\/secure.gravatar.com\/avatar\/78a7f90c01fc2bfc875782a0d4922b37cde2cf184ce347b91316d23cd7f69a36?s=96&d=mm&r=g","contentUrl":"https:\/\/secure.gravatar.com\/avatar\/78a7f90c01fc2bfc875782a0d4922b37cde2cf184ce347b91316d23cd7f69a36?s=96&d=mm&r=g","caption":"galledia"},"sameAs":["https:\/\/x.com\/admin"],"url":"https:\/\/www.organisator.ch\/it\/author\/galledia\/"}]}},"_links":{"self":[{"href":"https:\/\/www.organisator.ch\/it\/wp-json\/wp\/v2\/posts\/37257","targetHints":{"allow":["GET"]}}],"collection":[{"href":"https:\/\/www.organisator.ch\/it\/wp-json\/wp\/v2\/posts"}],"about":[{"href":"https:\/\/www.organisator.ch\/it\/wp-json\/wp\/v2\/types\/post"}],"author":[{"embeddable":true,"href":"https:\/\/www.organisator.ch\/it\/wp-json\/wp\/v2\/users\/8"}],"replies":[{"embeddable":true,"href":"https:\/\/www.organisator.ch\/it\/wp-json\/wp\/v2\/comments?post=37257"}],"version-history":[{"count":5,"href":"https:\/\/www.organisator.ch\/it\/wp-json\/wp\/v2\/posts\/37257\/revisions"}],"predecessor-version":[{"id":37296,"href":"https:\/\/www.organisator.ch\/it\/wp-json\/wp\/v2\/posts\/37257\/revisions\/37296"}],"wp:attachment":[{"href":"https:\/\/www.organisator.ch\/it\/wp-json\/wp\/v2\/media?parent=37257"}],"wp:term":[{"taxonomy":"category","embeddable":true,"href":"https:\/\/www.organisator.ch\/it\/wp-json\/wp\/v2\/categories?post=37257"},{"taxonomy":"post_tag","embeddable":true,"href":"https:\/\/www.organisator.ch\/it\/wp-json\/wp\/v2\/tags?post=37257"}],"curies":[{"name":"wp","href":"https:\/\/api.w.org\/{rel}","templated":true}]}}