{"id":3726,"date":"2018-06-04T09:28:24","date_gmt":"2018-06-04T07:28:24","guid":{"rendered":"https:\/\/www.organisator.ch\/?p=3726"},"modified":"2018-06-04T09:28:24","modified_gmt":"2018-06-04T07:28:24","slug":"thema-firmennachfolge-wird-immer-noch-unterschaetzt","status":"publish","type":"post","link":"https:\/\/www.organisator.ch\/it\/management\/2018-06-04\/thema-firmennachfolge-wird-immer-noch-unterschaetzt\/","title":{"rendered":"Il tema della successione aziendale \u00e8 ancora sottovalutato"},"content":{"rendered":"<figure id=\"attachment_3728\" aria-describedby=\"caption-attachment-3728\" style=\"width: 617px\" class=\"wp-caption alignnone\"><img loading=\"lazy\" decoding=\"async\" class=\"size-full wp-image-3728\" src=\"https:\/\/www.organisator.ch\/wp-content\/uploads\/2018\/06\/Thema-Firmennachfolge-wird-immer-noch-unterschaetzt_Organisator.jpg\" alt=\"\" width=\"617\" height=\"480\" srcset=\"https:\/\/www.organisator.ch\/wp-content\/uploads\/2018\/06\/Thema-Firmennachfolge-wird-immer-noch-unterschaetzt_Organisator.jpg 617w, https:\/\/www.organisator.ch\/wp-content\/uploads\/2018\/06\/Thema-Firmennachfolge-wird-immer-noch-unterschaetzt_Organisator-16x12.jpg 16w, https:\/\/www.organisator.ch\/wp-content\/uploads\/2018\/06\/Thema-Firmennachfolge-wird-immer-noch-unterschaetzt_Organisator-225x175.jpg 225w, https:\/\/www.organisator.ch\/wp-content\/uploads\/2018\/06\/Thema-Firmennachfolge-wird-immer-noch-unterschaetzt_Organisator-450x350.jpg 450w, https:\/\/www.organisator.ch\/wp-content\/uploads\/2018\/06\/Thema-Firmennachfolge-wird-immer-noch-unterschaetzt_Organisator-300x233.jpg 300w\" sizes=\"auto, (max-width: 617px) 100vw, 617px\" \/><figcaption id=\"caption-attachment-3728\" class=\"wp-caption-text\">Natalie Spross D\u00f6beli (a sinistra) in conversazione con Richard Jauch (KMU Diamant AG) e Franziska M\u00fcller Tiberini sul tema \"Successione aziendale nelle famiglie\". (Foto: Thomas Berner)<\/figcaption><\/figure>\n<p>Con il roadshow \"Succession Bus\", il portale di collocamento aziendale richiama l'attenzione sul tema della \"pianificazione della successione\". \"A bordo\" dell'autobus della successione ci sono vari esperti che si rendono disponibili come partner di discussione e consulenti a sei fermate. Il 31 maggio, l'autobus della successione ha visitato Zurigo.<\/p>\n<h2>Meglio avviare un'azienda che rilevarne una?<\/h2>\n<p>La regolamentazione della successione aziendale \u00e8 \"un tema importante\", ha detto Carmen Walker Sp\u00e4h, membro del governo di Zurigo, nel suo discorso di apertura. La pianificazione della successione \u00e8 di enorme importanza economica. Dopo tutto, si tratta sempre di preservare il know-how e i posti di lavoro. La regolamentazione della successione aziendale merita maggiore attenzione. \"\u00c8 pi\u00f9 figo dire di aver fondato una start-up che di aver rilevato un'azienda: Ho rilevato un'azienda\", ha detto Carmen Walker Sp\u00e4h. Ha fatto riferimento a interessanti fatti statistici: Dopo cinque anni, il 50 per cento delle aziende appena fondate non esiste pi\u00f9, mentre il tasso di fallimento delle acquisizioni di aziende \u00e8 solo del 5 per cento...<\/p>\n<h2>Sempre meno successioni di aziende interne alla famiglia<\/h2>\n<p>Natalie Spross D\u00f6beli ha condiviso la sua esperienza di successione in famiglia (vedi il nostro <a href=\"https:\/\/www.organisator.ch\/wp-content\/uploads\/2018\/06\/2017_09_08-10.pdf\">Intervista con lei in ORGANIZZATORE 9\/2017<\/a>). Oggi \u00e8 CEO della Spross Holding AG e si \u00e8 assunta un'eredit\u00e0 non facile, ma sempre volontariamente e per senso del dovere verso la famiglia. Oggi sta gi\u00e0 pensando alla propria successione. Questa \u00e8 la cosa giusta da fare, come conferma Franziska M\u00fcller Tiberini, proprietaria di Familienunternehmen.ch AG. Perch\u00e9 spesso la gente aspetta troppo a lungo prima di pensare alla propria successione. Inoltre, la successione all'interno della famiglia \u00e8 in declino. M\u00fcller Tiberini vede la ragione di ci\u00f2 nella gamma molto pi\u00f9 ampia dell'educazione di oggi, che offre ai bambini molte pi\u00f9 opzioni. L'assunzione dell'attivit\u00e0 di genitore tende a ostacolare i piani di vita flessibili.<\/p>\n<h2>De-industrializzazione dovuta a successioni aziendali irrisolte?<\/h2>\n<p>Il tema della successione aziendale \u00e8 complesso. Si tratta della valutazione di un'azienda quando deve essere venduta, del finanziamento dell'acquisto dell'azienda e anche del cambiamento di ruolo da acquirente a successore o da venditore a \"pensionato\". A volte \u00e8 necessaria molta psicologia, come ha confermato un esperto di vendite aziendali. In ogni caso, il ruolo di un successore aziendale non deve essere sottovalutato in termini macroeconomici. Questo \u00e8 stato sottolineato nelle due presentazioni di Reto R\u00fcttimann (responsabile della successione aziendale delle PMI presso la ZKB) e Hans-Ulrich Bigler, presidente dell'Associazione svizzera del commercio e consigliere nazionale. Hanno messo in guardia contro la deindustrializzazione della Svizzera a causa di successioni irrisolte.<\/p>\n<p><em>Il prossimo evento di follow-up del bus avr\u00e0 luogo il 14 giugno a Basilea. Informazioni: <\/em><a href=\"http:\/\/www.nachfolgebus.ch\"><em>www.nachfolgebus.ch<\/em><\/a><\/p>\n<p>&nbsp;<\/p>","protected":false},"excerpt":{"rendered":"<p>Mit der Roadshow \u201eNachfolgebus\u201c macht das Firmen-Vermittlungsportal companymarket auf das Thema \u201eNachfolgeregelung\u201c aufmerksam. \u201eAn Bord\u201c des Nachfolgebusses sind jeweils verschiedene Experten, die an sechs Stationen sich als Gespr\u00e4chspartner und Berater zur Verf\u00fcgung stellen. Am 31. Mai war der Nachfolgebus in Z\u00fcrich zu Gast. Lieber eine Firma gr\u00fcnden, als eine \u00fcbernehmen? Die Regelung der Firmennachfolge sei [&hellip;]<\/p>\n","protected":false},"author":4,"featured_media":3728,"comment_status":"open","ping_status":"open","sticky":false,"template":"","format":"standard","meta":{"_acf_changed":false,"_yoast_wpseo_focuskw":"Firmennachfolge","_yoast_wpseo_metadesc":"Am 31. Mai machte der \u201eNachfolgebus\u201c, eine Initiative des Firmen-Vermittlungsportals companymarket.ch, in Z\u00fcrich Station. Verschiedene Experten machten auf das untersch\u00e4tzte Thema der Firmennachfolge aufmerksam.","articlekey":"","footnotes":""},"categories":[28],"tags":[207,335,357,492],"class_list":["post-3726","post","type-post","status-publish","format-standard","has-post-thumbnail","hentry","category-management","tag-firmennachfolge","tag-management-und-unternehmensfuehrung","tag-nachfolgeregelung","tag-unternehmen"],"acf":[],"yoast_head":"<!-- This site is optimized with the Yoast SEO plugin v27.5 - https:\/\/yoast.com\/product\/yoast-seo-wordpress\/ -->\n<title>Thema Firmennachfolge wird immer noch untersch\u00e4tzt - Organisator<\/title>\n<meta name=\"description\" content=\"Am 31. Mai machte der \u201eNachfolgebus\u201c, eine Initiative des Firmen-Vermittlungsportals companymarket.ch, in Z\u00fcrich Station. Verschiedene Experten machten auf das untersch\u00e4tzte Thema der Firmennachfolge aufmerksam.\" \/>\n<meta name=\"robots\" content=\"index, follow, max-snippet:-1, max-image-preview:large, max-video-preview:-1\" \/>\n<link rel=\"canonical\" href=\"https:\/\/www.organisator.ch\/it\/gestione-2\/2018-06-04\/thema-firmennachfolge-wird-immer-noch-unterschaetzt\/\" \/>\n<meta property=\"og:locale\" content=\"it_IT\" \/>\n<meta property=\"og:type\" content=\"article\" \/>\n<meta property=\"og:title\" content=\"Thema Firmennachfolge wird immer noch untersch\u00e4tzt\" \/>\n<meta property=\"og:description\" content=\"Am 31. Mai machte der \u201e#Nachfolgebus\u201c, eine Initiative des Firmen-Vermittlungsportals #companymarket.ch, in Z\u00fcrich Station. Verschiedene Experten machten auf das untersch\u00e4tzte Thema der #Firmennachfolge aufmerksam.\" \/>\n<meta property=\"og:url\" content=\"https:\/\/www.organisator.ch\/it\/gestione-2\/2018-06-04\/thema-firmennachfolge-wird-immer-noch-unterschaetzt\/\" \/>\n<meta property=\"og:site_name\" content=\"Organisator\" \/>\n<meta property=\"article:publisher\" content=\"https:\/\/www.facebook.com\/OrganisatorFachmagazin\" \/>\n<meta property=\"article:published_time\" content=\"2018-06-04T07:28:24+00:00\" \/>\n<meta property=\"og:image\" content=\"https:\/\/www.organisator.ch\/wp-content\/uploads\/2018\/06\/Thema-Firmennachfolge-wird-immer-noch-unterschaetzt_Organisator.jpg\" \/>\n\t<meta property=\"og:image:width\" content=\"617\" \/>\n\t<meta property=\"og:image:height\" content=\"480\" \/>\n\t<meta property=\"og:image:type\" content=\"image\/jpeg\" \/>\n<meta name=\"author\" content=\"thomas.berner\" \/>\n<meta name=\"twitter:card\" content=\"summary_large_image\" \/>\n<meta name=\"twitter:title\" content=\"Thema #Firmennachfolge wird immer noch untersch\u00e4tzt\" \/>\n<meta name=\"twitter:description\" content=\"Am 31. Mai machte der \u201e#Nachfolgebus\u201c, eine Initiative des Firmen-Vermittlungsportals #companymarket.ch, in Z\u00fcrich Station. Verschiedene Experten machten auf das untersch\u00e4tzte Thema der #Firmennachfolge aufmerksam.\" \/>\n<meta name=\"twitter:image\" content=\"https:\/\/www.organisator.ch\/wp-content\/uploads\/2018\/06\/Thema-Firmennachfolge-wird-immer-noch-untersch\u00e4tzt_Organisator.jpg\" \/>\n<script type=\"application\/ld+json\" class=\"yoast-schema-graph\">{\"@context\":\"https:\\\/\\\/schema.org\",\"@graph\":[{\"@type\":\"Article\",\"@id\":\"https:\\\/\\\/www.organisator.ch\\\/management\\\/2018-06-04\\\/thema-firmennachfolge-wird-immer-noch-unterschaetzt\\\/#article\",\"isPartOf\":{\"@id\":\"https:\\\/\\\/www.organisator.ch\\\/management\\\/2018-06-04\\\/thema-firmennachfolge-wird-immer-noch-unterschaetzt\\\/\"},\"author\":{\"name\":\"thomas.berner\",\"@id\":\"https:\\\/\\\/www.organisator.ch\\\/#\\\/schema\\\/person\\\/6f650f90b2842cd4c0cc334b4e36f67e\"},\"headline\":\"Thema Firmennachfolge wird immer noch untersch\u00e4tzt\",\"datePublished\":\"2018-06-04T07:28:24+00:00\",\"mainEntityOfPage\":{\"@id\":\"https:\\\/\\\/www.organisator.ch\\\/management\\\/2018-06-04\\\/thema-firmennachfolge-wird-immer-noch-unterschaetzt\\\/\"},\"wordCount\":465,\"commentCount\":0,\"publisher\":{\"@id\":\"https:\\\/\\\/www.organisator.ch\\\/#organization\"},\"image\":{\"@id\":\"https:\\\/\\\/www.organisator.ch\\\/management\\\/2018-06-04\\\/thema-firmennachfolge-wird-immer-noch-unterschaetzt\\\/#primaryimage\"},\"thumbnailUrl\":\"https:\\\/\\\/www.organisator.ch\\\/wp-content\\\/uploads\\\/2018\\\/06\\\/Thema-Firmennachfolge-wird-immer-noch-unterschaetzt_Organisator.jpg\",\"keywords\":[\"Firmennachfolge\",\"Management und Unternehmensf\u00fchrung\",\"Nachfolgeregelung\",\"Unternehmen\"],\"articleSection\":[\"MANAGEMENT\"],\"inLanguage\":\"it-IT\"},{\"@type\":\"WebPage\",\"@id\":\"https:\\\/\\\/www.organisator.ch\\\/management\\\/2018-06-04\\\/thema-firmennachfolge-wird-immer-noch-unterschaetzt\\\/\",\"url\":\"https:\\\/\\\/www.organisator.ch\\\/management\\\/2018-06-04\\\/thema-firmennachfolge-wird-immer-noch-unterschaetzt\\\/\",\"name\":\"Thema Firmennachfolge wird immer noch untersch\u00e4tzt - Organisator\",\"isPartOf\":{\"@id\":\"https:\\\/\\\/www.organisator.ch\\\/#website\"},\"primaryImageOfPage\":{\"@id\":\"https:\\\/\\\/www.organisator.ch\\\/management\\\/2018-06-04\\\/thema-firmennachfolge-wird-immer-noch-unterschaetzt\\\/#primaryimage\"},\"image\":{\"@id\":\"https:\\\/\\\/www.organisator.ch\\\/management\\\/2018-06-04\\\/thema-firmennachfolge-wird-immer-noch-unterschaetzt\\\/#primaryimage\"},\"thumbnailUrl\":\"https:\\\/\\\/www.organisator.ch\\\/wp-content\\\/uploads\\\/2018\\\/06\\\/Thema-Firmennachfolge-wird-immer-noch-unterschaetzt_Organisator.jpg\",\"datePublished\":\"2018-06-04T07:28:24+00:00\",\"description\":\"Am 31. Mai machte der \u201eNachfolgebus\u201c, eine Initiative des Firmen-Vermittlungsportals companymarket.ch, in Z\u00fcrich Station. Verschiedene Experten machten auf das untersch\u00e4tzte Thema der Firmennachfolge aufmerksam.\",\"breadcrumb\":{\"@id\":\"https:\\\/\\\/www.organisator.ch\\\/management\\\/2018-06-04\\\/thema-firmennachfolge-wird-immer-noch-unterschaetzt\\\/#breadcrumb\"},\"inLanguage\":\"it-IT\",\"potentialAction\":[{\"@type\":\"ReadAction\",\"target\":[\"https:\\\/\\\/www.organisator.ch\\\/management\\\/2018-06-04\\\/thema-firmennachfolge-wird-immer-noch-unterschaetzt\\\/\"]}]},{\"@type\":\"ImageObject\",\"inLanguage\":\"it-IT\",\"@id\":\"https:\\\/\\\/www.organisator.ch\\\/management\\\/2018-06-04\\\/thema-firmennachfolge-wird-immer-noch-unterschaetzt\\\/#primaryimage\",\"url\":\"https:\\\/\\\/www.organisator.ch\\\/wp-content\\\/uploads\\\/2018\\\/06\\\/Thema-Firmennachfolge-wird-immer-noch-unterschaetzt_Organisator.jpg\",\"contentUrl\":\"https:\\\/\\\/www.organisator.ch\\\/wp-content\\\/uploads\\\/2018\\\/06\\\/Thema-Firmennachfolge-wird-immer-noch-unterschaetzt_Organisator.jpg\",\"width\":617,\"height\":480,\"caption\":\"Natalie Spross D\u00f6beli (links) im Gespr\u00e4ch mit Richard Jauch (KMU Diamant AG) und Franziska M\u00fcller Tiburini zum Thema \\\"Firmennachfolge in Familien\\\". (Foto: Thomas Berner)\"},{\"@type\":\"BreadcrumbList\",\"@id\":\"https:\\\/\\\/www.organisator.ch\\\/management\\\/2018-06-04\\\/thema-firmennachfolge-wird-immer-noch-unterschaetzt\\\/#breadcrumb\",\"itemListElement\":[{\"@type\":\"ListItem\",\"position\":1,\"name\":\"Home\",\"item\":\"https:\\\/\\\/www.organisator.ch\\\/\"},{\"@type\":\"ListItem\",\"position\":2,\"name\":\"Thema Firmennachfolge wird immer noch untersch\u00e4tzt\"}]},{\"@type\":\"WebSite\",\"@id\":\"https:\\\/\\\/www.organisator.ch\\\/#website\",\"url\":\"https:\\\/\\\/www.organisator.ch\\\/\",\"name\":\"Organisator\",\"description\":\"Kompetent. Praxisnah. Der ORGANISATOR bereitet in 10 Ausgaben pro Jahr die wesentlichen Themen f\u00fcr F\u00fchrungskr\u00e4fte von KMU auf.\",\"publisher\":{\"@id\":\"https:\\\/\\\/www.organisator.ch\\\/#organization\"},\"potentialAction\":[{\"@type\":\"SearchAction\",\"target\":{\"@type\":\"EntryPoint\",\"urlTemplate\":\"https:\\\/\\\/www.organisator.ch\\\/?s={search_term_string}\"},\"query-input\":{\"@type\":\"PropertyValueSpecification\",\"valueRequired\":true,\"valueName\":\"search_term_string\"}}],\"inLanguage\":\"it-IT\"},{\"@type\":\"Organization\",\"@id\":\"https:\\\/\\\/www.organisator.ch\\\/#organization\",\"name\":\"Organisator\",\"url\":\"https:\\\/\\\/www.organisator.ch\\\/\",\"logo\":{\"@type\":\"ImageObject\",\"inLanguage\":\"it-IT\",\"@id\":\"https:\\\/\\\/www.organisator.ch\\\/#\\\/schema\\\/logo\\\/image\\\/\",\"url\":\"https:\\\/\\\/www.organisator.ch\\\/wp-content\\\/uploads\\\/2022\\\/01\\\/Logo_Organisator_Website.png\",\"contentUrl\":\"https:\\\/\\\/www.organisator.ch\\\/wp-content\\\/uploads\\\/2022\\\/01\\\/Logo_Organisator_Website.png\",\"width\":800,\"height\":77,\"caption\":\"Organisator\"},\"image\":{\"@id\":\"https:\\\/\\\/www.organisator.ch\\\/#\\\/schema\\\/logo\\\/image\\\/\"},\"sameAs\":[\"https:\\\/\\\/www.facebook.com\\\/OrganisatorFachmagazin\",\"https:\\\/\\\/www.linkedin.com\\\/showcase\\\/organisator-das-magazin-fr-kmu\",\"https:\\\/\\\/www.xing.com\\\/news\\\/pages\\\/organisator-ch-695\",\"https:\\\/\\\/www.youtube.com\\\/channel\\\/UCGP2Sq0iWaZwT3BdIAQFYpw\"]},{\"@type\":\"Person\",\"@id\":\"https:\\\/\\\/www.organisator.ch\\\/#\\\/schema\\\/person\\\/6f650f90b2842cd4c0cc334b4e36f67e\",\"name\":\"thomas.berner\",\"image\":{\"@type\":\"ImageObject\",\"inLanguage\":\"it-IT\",\"@id\":\"https:\\\/\\\/secure.gravatar.com\\\/avatar\\\/ac5001d2a36cb6c6cd3e50789007ffca834b477b74a2144564522e944eabff61?s=96&d=mm&r=g\",\"url\":\"https:\\\/\\\/secure.gravatar.com\\\/avatar\\\/ac5001d2a36cb6c6cd3e50789007ffca834b477b74a2144564522e944eabff61?s=96&d=mm&r=g\",\"contentUrl\":\"https:\\\/\\\/secure.gravatar.com\\\/avatar\\\/ac5001d2a36cb6c6cd3e50789007ffca834b477b74a2144564522e944eabff61?s=96&d=mm&r=g\",\"caption\":\"thomas.berner\"},\"url\":\"https:\\\/\\\/www.organisator.ch\\\/it\\\/author\\\/thomas-berner\\\/\"}]}<\/script>\n<!-- \/ Yoast SEO plugin. -->","yoast_head_json":{"title":"Il tema della successione aziendale \u00e8 ancora sottovalutato - Organizzatore","description":"Il 31 maggio il \"Succession Bus\", un'iniziativa del portale di collocamento aziendale companymarket.ch, ha fatto tappa a Zurigo. Diversi esperti hanno richiamato l'attenzione sul tema sottovalutato della successione aziendale.","robots":{"index":"index","follow":"follow","max-snippet":"max-snippet:-1","max-image-preview":"max-image-preview:large","max-video-preview":"max-video-preview:-1"},"canonical":"https:\/\/www.organisator.ch\/it\/gestione-2\/2018-06-04\/thema-firmennachfolge-wird-immer-noch-unterschaetzt\/","og_locale":"it_IT","og_type":"article","og_title":"Thema Firmennachfolge wird immer noch untersch\u00e4tzt","og_description":"Am 31. Mai machte der \u201e#Nachfolgebus\u201c, eine Initiative des Firmen-Vermittlungsportals #companymarket.ch, in Z\u00fcrich Station. Verschiedene Experten machten auf das untersch\u00e4tzte Thema der #Firmennachfolge aufmerksam.","og_url":"https:\/\/www.organisator.ch\/it\/gestione-2\/2018-06-04\/thema-firmennachfolge-wird-immer-noch-unterschaetzt\/","og_site_name":"Organisator","article_publisher":"https:\/\/www.facebook.com\/OrganisatorFachmagazin","article_published_time":"2018-06-04T07:28:24+00:00","og_image":[{"width":617,"height":480,"url":"https:\/\/www.organisator.ch\/wp-content\/uploads\/2018\/06\/Thema-Firmennachfolge-wird-immer-noch-unterschaetzt_Organisator.jpg","type":"image\/jpeg"}],"author":"thomas.berner","twitter_card":"summary_large_image","twitter_title":"Thema #Firmennachfolge wird immer noch untersch\u00e4tzt","twitter_description":"Am 31. Mai machte der \u201e#Nachfolgebus\u201c, eine Initiative des Firmen-Vermittlungsportals #companymarket.ch, in Z\u00fcrich Station. Verschiedene Experten machten auf das untersch\u00e4tzte Thema der #Firmennachfolge aufmerksam.","twitter_image":"https:\/\/www.organisator.ch\/wp-content\/uploads\/2018\/06\/Thema-Firmennachfolge-wird-immer-noch-untersch\u00e4tzt_Organisator.jpg","schema":{"@context":"https:\/\/schema.org","@graph":[{"@type":"Article","@id":"https:\/\/www.organisator.ch\/management\/2018-06-04\/thema-firmennachfolge-wird-immer-noch-unterschaetzt\/#article","isPartOf":{"@id":"https:\/\/www.organisator.ch\/management\/2018-06-04\/thema-firmennachfolge-wird-immer-noch-unterschaetzt\/"},"author":{"name":"thomas.berner","@id":"https:\/\/www.organisator.ch\/#\/schema\/person\/6f650f90b2842cd4c0cc334b4e36f67e"},"headline":"Thema Firmennachfolge wird immer noch untersch\u00e4tzt","datePublished":"2018-06-04T07:28:24+00:00","mainEntityOfPage":{"@id":"https:\/\/www.organisator.ch\/management\/2018-06-04\/thema-firmennachfolge-wird-immer-noch-unterschaetzt\/"},"wordCount":465,"commentCount":0,"publisher":{"@id":"https:\/\/www.organisator.ch\/#organization"},"image":{"@id":"https:\/\/www.organisator.ch\/management\/2018-06-04\/thema-firmennachfolge-wird-immer-noch-unterschaetzt\/#primaryimage"},"thumbnailUrl":"https:\/\/www.organisator.ch\/wp-content\/uploads\/2018\/06\/Thema-Firmennachfolge-wird-immer-noch-unterschaetzt_Organisator.jpg","keywords":["Firmennachfolge","Management und Unternehmensf\u00fchrung","Nachfolgeregelung","Unternehmen"],"articleSection":["MANAGEMENT"],"inLanguage":"it-IT"},{"@type":"WebPage","@id":"https:\/\/www.organisator.ch\/management\/2018-06-04\/thema-firmennachfolge-wird-immer-noch-unterschaetzt\/","url":"https:\/\/www.organisator.ch\/management\/2018-06-04\/thema-firmennachfolge-wird-immer-noch-unterschaetzt\/","name":"Il tema della successione aziendale \u00e8 ancora sottovalutato - Organizzatore","isPartOf":{"@id":"https:\/\/www.organisator.ch\/#website"},"primaryImageOfPage":{"@id":"https:\/\/www.organisator.ch\/management\/2018-06-04\/thema-firmennachfolge-wird-immer-noch-unterschaetzt\/#primaryimage"},"image":{"@id":"https:\/\/www.organisator.ch\/management\/2018-06-04\/thema-firmennachfolge-wird-immer-noch-unterschaetzt\/#primaryimage"},"thumbnailUrl":"https:\/\/www.organisator.ch\/wp-content\/uploads\/2018\/06\/Thema-Firmennachfolge-wird-immer-noch-unterschaetzt_Organisator.jpg","datePublished":"2018-06-04T07:28:24+00:00","description":"Il 31 maggio il \"Succession Bus\", un'iniziativa del portale di collocamento aziendale companymarket.ch, ha fatto tappa a Zurigo. Diversi esperti hanno richiamato l'attenzione sul tema sottovalutato della successione aziendale.","breadcrumb":{"@id":"https:\/\/www.organisator.ch\/management\/2018-06-04\/thema-firmennachfolge-wird-immer-noch-unterschaetzt\/#breadcrumb"},"inLanguage":"it-IT","potentialAction":[{"@type":"ReadAction","target":["https:\/\/www.organisator.ch\/management\/2018-06-04\/thema-firmennachfolge-wird-immer-noch-unterschaetzt\/"]}]},{"@type":"ImageObject","inLanguage":"it-IT","@id":"https:\/\/www.organisator.ch\/management\/2018-06-04\/thema-firmennachfolge-wird-immer-noch-unterschaetzt\/#primaryimage","url":"https:\/\/www.organisator.ch\/wp-content\/uploads\/2018\/06\/Thema-Firmennachfolge-wird-immer-noch-unterschaetzt_Organisator.jpg","contentUrl":"https:\/\/www.organisator.ch\/wp-content\/uploads\/2018\/06\/Thema-Firmennachfolge-wird-immer-noch-unterschaetzt_Organisator.jpg","width":617,"height":480,"caption":"Natalie Spross D\u00f6beli (links) im Gespr\u00e4ch mit Richard Jauch (KMU Diamant AG) und Franziska M\u00fcller Tiburini zum Thema \"Firmennachfolge in Familien\". (Foto: Thomas Berner)"},{"@type":"BreadcrumbList","@id":"https:\/\/www.organisator.ch\/management\/2018-06-04\/thema-firmennachfolge-wird-immer-noch-unterschaetzt\/#breadcrumb","itemListElement":[{"@type":"ListItem","position":1,"name":"Home","item":"https:\/\/www.organisator.ch\/"},{"@type":"ListItem","position":2,"name":"Thema Firmennachfolge wird immer noch untersch\u00e4tzt"}]},{"@type":"WebSite","@id":"https:\/\/www.organisator.ch\/#website","url":"https:\/\/www.organisator.ch\/","name":"Organizzatore","description":"Competente. Pratico. In 10 numeri all'anno, ORGANISATOR presenta i temi essenziali per i manager delle PMI.","publisher":{"@id":"https:\/\/www.organisator.ch\/#organization"},"potentialAction":[{"@type":"SearchAction","target":{"@type":"EntryPoint","urlTemplate":"https:\/\/www.organisator.ch\/?s={search_term_string}"},"query-input":{"@type":"PropertyValueSpecification","valueRequired":true,"valueName":"search_term_string"}}],"inLanguage":"it-IT"},{"@type":"Organization","@id":"https:\/\/www.organisator.ch\/#organization","name":"Organizzatore","url":"https:\/\/www.organisator.ch\/","logo":{"@type":"ImageObject","inLanguage":"it-IT","@id":"https:\/\/www.organisator.ch\/#\/schema\/logo\/image\/","url":"https:\/\/www.organisator.ch\/wp-content\/uploads\/2022\/01\/Logo_Organisator_Website.png","contentUrl":"https:\/\/www.organisator.ch\/wp-content\/uploads\/2022\/01\/Logo_Organisator_Website.png","width":800,"height":77,"caption":"Organisator"},"image":{"@id":"https:\/\/www.organisator.ch\/#\/schema\/logo\/image\/"},"sameAs":["https:\/\/www.facebook.com\/OrganisatorFachmagazin","https:\/\/www.linkedin.com\/showcase\/organisator-das-magazin-fr-kmu","https:\/\/www.xing.com\/news\/pages\/organisator-ch-695","https:\/\/www.youtube.com\/channel\/UCGP2Sq0iWaZwT3BdIAQFYpw"]},{"@type":"Person","@id":"https:\/\/www.organisator.ch\/#\/schema\/person\/6f650f90b2842cd4c0cc334b4e36f67e","name":"Tommaso.berner","image":{"@type":"ImageObject","inLanguage":"it-IT","@id":"https:\/\/secure.gravatar.com\/avatar\/ac5001d2a36cb6c6cd3e50789007ffca834b477b74a2144564522e944eabff61?s=96&d=mm&r=g","url":"https:\/\/secure.gravatar.com\/avatar\/ac5001d2a36cb6c6cd3e50789007ffca834b477b74a2144564522e944eabff61?s=96&d=mm&r=g","contentUrl":"https:\/\/secure.gravatar.com\/avatar\/ac5001d2a36cb6c6cd3e50789007ffca834b477b74a2144564522e944eabff61?s=96&d=mm&r=g","caption":"thomas.berner"},"url":"https:\/\/www.organisator.ch\/it\/author\/thomas-berner\/"}]}},"_links":{"self":[{"href":"https:\/\/www.organisator.ch\/it\/wp-json\/wp\/v2\/posts\/3726","targetHints":{"allow":["GET"]}}],"collection":[{"href":"https:\/\/www.organisator.ch\/it\/wp-json\/wp\/v2\/posts"}],"about":[{"href":"https:\/\/www.organisator.ch\/it\/wp-json\/wp\/v2\/types\/post"}],"author":[{"embeddable":true,"href":"https:\/\/www.organisator.ch\/it\/wp-json\/wp\/v2\/users\/4"}],"replies":[{"embeddable":true,"href":"https:\/\/www.organisator.ch\/it\/wp-json\/wp\/v2\/comments?post=3726"}],"version-history":[{"count":0,"href":"https:\/\/www.organisator.ch\/it\/wp-json\/wp\/v2\/posts\/3726\/revisions"}],"wp:featuredmedia":[{"embeddable":true,"href":"https:\/\/www.organisator.ch\/it\/wp-json\/wp\/v2\/media\/3728"}],"wp:attachment":[{"href":"https:\/\/www.organisator.ch\/it\/wp-json\/wp\/v2\/media?parent=3726"}],"wp:term":[{"taxonomy":"category","embeddable":true,"href":"https:\/\/www.organisator.ch\/it\/wp-json\/wp\/v2\/categories?post=3726"},{"taxonomy":"post_tag","embeddable":true,"href":"https:\/\/www.organisator.ch\/it\/wp-json\/wp\/v2\/tags?post=3726"}],"curies":[{"name":"wp","href":"https:\/\/api.w.org\/{rel}","templated":true}]}}