{"id":37349,"date":"2025-04-02T13:45:37","date_gmt":"2025-04-02T11:45:37","guid":{"rendered":"https:\/\/www.m-q.ch\/?p=21260"},"modified":"2025-04-02T13:20:58","modified_gmt":"2025-04-02T11:20:58","slug":"wo-visionaere-die-zukunft-gestalten","status":"publish","type":"post","link":"https:\/\/www.organisator.ch\/it\/management\/2025-04-02\/wo-visionaere-die-zukunft-gestalten\/","title":{"rendered":"Dove i visionari danno forma al futuro"},"content":{"rendered":"<figure id=\"attachment_21261\" class=\"wp-caption alignnone\" style=\"width: 680px;\" aria-describedby=\"caption-attachment-21261\"><img class=\"size-full wp-image-21261\" src=\"https:\/\/www.m-q.ch\/wp-content\/uploads\/2025\/04\/Wo-Visionaere-die-Zukunft-gestalten_MQ.jpg\" sizes=\"(max-width: 680px) 100vw, 680px\" srcset=\"https:\/\/www.m-q.ch\/wp-content\/uploads\/2025\/04\/Wo-Visionaere-die-Zukunft-gestalten_MQ.jpg 680w, https:\/\/www.m-q.ch\/wp-content\/uploads\/2025\/04\/Wo-Visionaere-die-Zukunft-gestalten_MQ-18x8.jpg 18w, https:\/\/www.m-q.ch\/wp-content\/uploads\/2025\/04\/Wo-Visionaere-die-Zukunft-gestalten_MQ-375x164.jpg 375w\" alt=\"\" width=\"680\" height=\"297\" \/>\r\n<figcaption id=\"caption-attachment-21261\" class=\"wp-caption-text\">Il 7 maggio 2025, lo Swiss Excellence Forum ospiter\u00e0 il Future Leadership Forum con la presentazione dello Swiss Ethics Award. (Immagine: zVg \/ Forum svizzero delle eccellenze)<\/figcaption>\r\n<\/figure>\r\n<p>L'innovazione etica sta diventando sempre pi\u00f9 importante. L'innovazione etica descrive la capacit\u00e0 delle aziende di integrare valori e principi nei loro modelli di business e, allo stesso tempo, di sviluppare ulteriormente la loro competitivit\u00e0. Non si tratta solo di rispettare i requisiti legali, ma di dare attivamente un contributo positivo alla societ\u00e0. \u00c8 quanto scrive Werner von Allmen, CEO dello Swiss Excellence Forum, nell'introduzione alla brochure della conferenza. Il comportamento etico non pu\u00f2 essere inteso solo come un dovere morale, ma porta anche benefici tangibili in altri modi, continua von Allmen. Le aziende che sono consapevoli della loro responsabilit\u00e0 e la rispettano attivamente godono anche di un livello pi\u00f9 alto di fiducia e fedelt\u00e0 tra i clienti, i dipendenti e gli investitori, il che porta a un vantaggio competitivo a lungo termine.<\/p>\r\n<h3>Relatori di fama e visionari<\/h3>\r\n<p>In questo senso va inteso anche il programma di quest'anno del Future Leadership Forum del 7 maggio 2025. Thomas Schori, fondatore e CEO di Tide Ocean SA, presenter\u00e0 l'innovativo programma etico a 3 pilastri della sua azienda. La filosofa e pubblicista Isolde Charim parler\u00e0 in collegamento online dei paradossi dell'economia odierna. Philipp von Michaelis, CEO di Global Clearance Solutions AG, e le sue aziende si impegnano per la sicurezza e il ripristino degli habitat in tutto il mondo, anche attraverso la rimozione delle mine antiuomo. Nella sua presentazione introdurr\u00e0 queste attivit\u00e0 e parler\u00e0 poi di bussole morali e leadership sostenibile nella successiva tavola rotonda insieme a Mirjam Brach, amministratore delegato di Schweizer Paraplegiker Forschung AG e al Prof. Dr. Michael Hengarter, presidente del Consiglio dei PF.<\/p>\r\n<h3>Premio svizzero di etica 2025: le candidature<\/h3>\r\n<p>Il Premio svizzero di etica sar\u00e0 presentato anche nell'ambito del Future Leadership Forum. Una giuria ha nominato per il Premio svizzero dell'etica 2025 cinque progetti eccellenti che si distinguono per responsabilit\u00e0 etica e forza innovativa:<\/p>\r\n<ul>\r\n\t<li>1001 Organic - Il sapore onesto. L'azienda \u00e8 sinonimo di spezie di prima qualit\u00e0 provenienti direttamente da Zanzibar e di commercio etico con i coltivatori di spezie locali.<\/li>\r\n\t<li>E. Schellenberg Textildruck AG: Tecnologie innovative per una produzione tessile sostenibile<\/li>\r\n\t<li>Lonza Group AG: Approvvigionamento responsabile<\/li>\r\n\t<li>Max Felchlin AG: la sanit\u00e0 all'origine del cacao<\/li>\r\n\t<li>mymyio GmbH: CircularOffice - La rivoluzione dell'economia circolare<\/li>\r\n<\/ul>\r\n<p>Il Premio svizzero di etica premia i progetti etici nel mondo degli affari. Tutti questi progetti sono esempi di come le aziende si assumono la responsabilit\u00e0 in modo particolare e si impegnano per una gestione aziendale sostenibile e orientata al valore.<\/p>\r\n<p><em>Ulteriori informazioni e iscrizioni all'evento: <a href=\"https:\/\/www.swiss-excellence-forum.ch\/de\/events\/swiss-ethics-award-2025\">https:\/\/www.swiss-excellence-forum.ch\/de\/events\/swiss-ethics-award-2025<\/a><\/em><\/p>\n<p class=\"syndicated-attribution\">Questo articolo \u00e8 apparso originariamente su m-q.ch - <a href=\"https:\/\/www.m-q.ch\/de\/wo-visionaere-die-zukunft-gestalten\/\" target=\"_blank\">https:\/\/www.m-q.ch\/de\/wo-visionaere-die-zukunft-gestalten\/<\/a><\/p>","protected":false},"excerpt":{"rendered":"<p>Il 7 maggio 2025, lo Swiss Excellence Forum terr\u00e0 il \"Future Leadership Forum\" presso il KKL di Lucerna, insieme alla presentazione dello Swiss Ethics Award. Con il motto \"Dove i visionari plasmano il futuro\", la conferenza si concentrer\u00e0 sull'innovazione etica come fattore di cambiamento.<\/p>","protected":false},"author":8,"featured_media":0,"comment_status":"closed","ping_status":"closed","sticky":false,"template":"","format":"standard","meta":{"_acf_changed":false,"_yoast_wpseo_focuskw":"Vision\u00e4re","_yoast_wpseo_metadesc":"Mit dem Motto \"Wo Vision\u00e4re die Zukunft gestalten\" stellt das Future Leadership Forum ethische Innovation als Game Changer in den Fokus.","articlekey":"","footnotes":""},"categories":[28],"tags":[66,103,1125,1129,274,320],"class_list":["post-37349","post","type-post","status-publish","format-standard","hentry","category-management","tag-awards","tag-business-excellence","tag-esg","tag-ethische-leistung","tag-innovation","tag-leadership"],"acf":[],"yoast_head":"<!-- This site is optimized with the Yoast SEO plugin v27.5 - https:\/\/yoast.com\/product\/yoast-seo-wordpress\/ -->\n<title>Wo Vision\u00e4re die Zukunft gestalten - Organisator<\/title>\n<meta name=\"description\" content=\"Mit dem Motto &quot;Wo Vision\u00e4re die Zukunft gestalten&quot; stellt das Future Leadership Forum ethische Innovation als Game Changer in den Fokus.\" \/>\n<meta name=\"robots\" content=\"index, follow, max-snippet:-1, max-image-preview:large, max-video-preview:-1\" \/>\n<link rel=\"canonical\" href=\"https:\/\/www.organisator.ch\/it\/gestione-2\/2025-04-02\/wo-visionaere-die-zukunft-gestalten\/\" \/>\n<meta property=\"og:locale\" content=\"it_IT\" \/>\n<meta property=\"og:type\" content=\"article\" \/>\n<meta property=\"og:title\" content=\"Wo Vision\u00e4re die Zukunft gestalten - Organisator\" \/>\n<meta property=\"og:description\" content=\"Mit dem Motto &quot;Wo Vision\u00e4re die Zukunft gestalten&quot; stellt das Future Leadership Forum ethische Innovation als Game Changer in den Fokus.\" \/>\n<meta property=\"og:url\" content=\"https:\/\/www.organisator.ch\/it\/gestione-2\/2025-04-02\/wo-visionaere-die-zukunft-gestalten\/\" \/>\n<meta property=\"og:site_name\" content=\"Organisator\" \/>\n<meta property=\"article:publisher\" content=\"https:\/\/www.facebook.com\/OrganisatorFachmagazin\" \/>\n<meta property=\"article:published_time\" content=\"2025-04-02T11:45:37+00:00\" \/>\n<meta property=\"og:image\" content=\"https:\/\/www.organisator.ch\/wp-content\/uploads\/2023\/08\/Marketing_Auftakt_Bild2_organisator_54585.jpg\" \/>\n\t<meta property=\"og:image:width\" content=\"377\" \/>\n\t<meta property=\"og:image:height\" content=\"468\" \/>\n\t<meta property=\"og:image:type\" content=\"image\/jpeg\" \/>\n<meta name=\"author\" content=\"galledia\" \/>\n<meta name=\"twitter:card\" content=\"summary_large_image\" \/>\n<meta name=\"twitter:creator\" content=\"@admin\" \/>\n<script type=\"application\/ld+json\" class=\"yoast-schema-graph\">{\"@context\":\"https:\\\/\\\/schema.org\",\"@graph\":[{\"@type\":\"Article\",\"@id\":\"https:\\\/\\\/www.organisator.ch\\\/management\\\/2025-04-02\\\/wo-visionaere-die-zukunft-gestalten\\\/#article\",\"isPartOf\":{\"@id\":\"https:\\\/\\\/www.organisator.ch\\\/management\\\/2025-04-02\\\/wo-visionaere-die-zukunft-gestalten\\\/\"},\"author\":{\"name\":\"galledia\",\"@id\":\"https:\\\/\\\/www.organisator.ch\\\/#\\\/schema\\\/person\\\/4e51799071cd2dd1232ac003643ef5f0\"},\"headline\":\"Wo Vision\u00e4re die Zukunft gestalten\",\"datePublished\":\"2025-04-02T11:45:37+00:00\",\"mainEntityOfPage\":{\"@id\":\"https:\\\/\\\/www.organisator.ch\\\/management\\\/2025-04-02\\\/wo-visionaere-die-zukunft-gestalten\\\/\"},\"wordCount\":423,\"publisher\":{\"@id\":\"https:\\\/\\\/www.organisator.ch\\\/#organization\"},\"image\":{\"@id\":\"https:\\\/\\\/www.organisator.ch\\\/management\\\/2025-04-02\\\/wo-visionaere-die-zukunft-gestalten\\\/#primaryimage\"},\"thumbnailUrl\":\"https:\\\/\\\/www.m-q.ch\\\/wp-content\\\/uploads\\\/2025\\\/04\\\/Wo-Visionaere-die-Zukunft-gestalten_MQ.jpg\",\"keywords\":[\"Awards\",\"Business Excellence\",\"ESG\",\"ethische Leistung\",\"Innovation\",\"Leadership\"],\"articleSection\":[\"MANAGEMENT\"],\"inLanguage\":\"it-IT\"},{\"@type\":\"WebPage\",\"@id\":\"https:\\\/\\\/www.organisator.ch\\\/management\\\/2025-04-02\\\/wo-visionaere-die-zukunft-gestalten\\\/\",\"url\":\"https:\\\/\\\/www.organisator.ch\\\/management\\\/2025-04-02\\\/wo-visionaere-die-zukunft-gestalten\\\/\",\"name\":\"Wo Vision\u00e4re die Zukunft gestalten - Organisator\",\"isPartOf\":{\"@id\":\"https:\\\/\\\/www.organisator.ch\\\/#website\"},\"primaryImageOfPage\":{\"@id\":\"https:\\\/\\\/www.organisator.ch\\\/management\\\/2025-04-02\\\/wo-visionaere-die-zukunft-gestalten\\\/#primaryimage\"},\"image\":{\"@id\":\"https:\\\/\\\/www.organisator.ch\\\/management\\\/2025-04-02\\\/wo-visionaere-die-zukunft-gestalten\\\/#primaryimage\"},\"thumbnailUrl\":\"https:\\\/\\\/www.m-q.ch\\\/wp-content\\\/uploads\\\/2025\\\/04\\\/Wo-Visionaere-die-Zukunft-gestalten_MQ.jpg\",\"datePublished\":\"2025-04-02T11:45:37+00:00\",\"description\":\"Mit dem Motto \\\"Wo Vision\u00e4re die Zukunft gestalten\\\" stellt das Future Leadership Forum ethische Innovation als Game Changer in den Fokus.\",\"breadcrumb\":{\"@id\":\"https:\\\/\\\/www.organisator.ch\\\/management\\\/2025-04-02\\\/wo-visionaere-die-zukunft-gestalten\\\/#breadcrumb\"},\"inLanguage\":\"it-IT\",\"potentialAction\":[{\"@type\":\"ReadAction\",\"target\":[\"https:\\\/\\\/www.organisator.ch\\\/management\\\/2025-04-02\\\/wo-visionaere-die-zukunft-gestalten\\\/\"]}]},{\"@type\":\"ImageObject\",\"inLanguage\":\"it-IT\",\"@id\":\"https:\\\/\\\/www.organisator.ch\\\/management\\\/2025-04-02\\\/wo-visionaere-die-zukunft-gestalten\\\/#primaryimage\",\"url\":\"https:\\\/\\\/www.m-q.ch\\\/wp-content\\\/uploads\\\/2025\\\/04\\\/Wo-Visionaere-die-Zukunft-gestalten_MQ.jpg\",\"contentUrl\":\"https:\\\/\\\/www.m-q.ch\\\/wp-content\\\/uploads\\\/2025\\\/04\\\/Wo-Visionaere-die-Zukunft-gestalten_MQ.jpg\"},{\"@type\":\"BreadcrumbList\",\"@id\":\"https:\\\/\\\/www.organisator.ch\\\/management\\\/2025-04-02\\\/wo-visionaere-die-zukunft-gestalten\\\/#breadcrumb\",\"itemListElement\":[{\"@type\":\"ListItem\",\"position\":1,\"name\":\"Home\",\"item\":\"https:\\\/\\\/www.organisator.ch\\\/\"},{\"@type\":\"ListItem\",\"position\":2,\"name\":\"Wo Vision\u00e4re die Zukunft gestalten\"}]},{\"@type\":\"WebSite\",\"@id\":\"https:\\\/\\\/www.organisator.ch\\\/#website\",\"url\":\"https:\\\/\\\/www.organisator.ch\\\/\",\"name\":\"Organisator\",\"description\":\"Kompetent. Praxisnah. Der ORGANISATOR bereitet in 10 Ausgaben pro Jahr die wesentlichen Themen f\u00fcr F\u00fchrungskr\u00e4fte von KMU auf.\",\"publisher\":{\"@id\":\"https:\\\/\\\/www.organisator.ch\\\/#organization\"},\"potentialAction\":[{\"@type\":\"SearchAction\",\"target\":{\"@type\":\"EntryPoint\",\"urlTemplate\":\"https:\\\/\\\/www.organisator.ch\\\/?s={search_term_string}\"},\"query-input\":{\"@type\":\"PropertyValueSpecification\",\"valueRequired\":true,\"valueName\":\"search_term_string\"}}],\"inLanguage\":\"it-IT\"},{\"@type\":\"Organization\",\"@id\":\"https:\\\/\\\/www.organisator.ch\\\/#organization\",\"name\":\"Organisator\",\"url\":\"https:\\\/\\\/www.organisator.ch\\\/\",\"logo\":{\"@type\":\"ImageObject\",\"inLanguage\":\"it-IT\",\"@id\":\"https:\\\/\\\/www.organisator.ch\\\/#\\\/schema\\\/logo\\\/image\\\/\",\"url\":\"https:\\\/\\\/www.organisator.ch\\\/wp-content\\\/uploads\\\/2022\\\/01\\\/Logo_Organisator_Website.png\",\"contentUrl\":\"https:\\\/\\\/www.organisator.ch\\\/wp-content\\\/uploads\\\/2022\\\/01\\\/Logo_Organisator_Website.png\",\"width\":800,\"height\":77,\"caption\":\"Organisator\"},\"image\":{\"@id\":\"https:\\\/\\\/www.organisator.ch\\\/#\\\/schema\\\/logo\\\/image\\\/\"},\"sameAs\":[\"https:\\\/\\\/www.facebook.com\\\/OrganisatorFachmagazin\",\"https:\\\/\\\/www.linkedin.com\\\/showcase\\\/organisator-das-magazin-fr-kmu\",\"https:\\\/\\\/www.xing.com\\\/news\\\/pages\\\/organisator-ch-695\",\"https:\\\/\\\/www.youtube.com\\\/channel\\\/UCGP2Sq0iWaZwT3BdIAQFYpw\"]},{\"@type\":\"Person\",\"@id\":\"https:\\\/\\\/www.organisator.ch\\\/#\\\/schema\\\/person\\\/4e51799071cd2dd1232ac003643ef5f0\",\"name\":\"galledia\",\"image\":{\"@type\":\"ImageObject\",\"inLanguage\":\"it-IT\",\"@id\":\"https:\\\/\\\/secure.gravatar.com\\\/avatar\\\/78a7f90c01fc2bfc875782a0d4922b37cde2cf184ce347b91316d23cd7f69a36?s=96&d=mm&r=g\",\"url\":\"https:\\\/\\\/secure.gravatar.com\\\/avatar\\\/78a7f90c01fc2bfc875782a0d4922b37cde2cf184ce347b91316d23cd7f69a36?s=96&d=mm&r=g\",\"contentUrl\":\"https:\\\/\\\/secure.gravatar.com\\\/avatar\\\/78a7f90c01fc2bfc875782a0d4922b37cde2cf184ce347b91316d23cd7f69a36?s=96&d=mm&r=g\",\"caption\":\"galledia\"},\"sameAs\":[\"https:\\\/\\\/x.com\\\/admin\"],\"url\":\"https:\\\/\\\/www.organisator.ch\\\/it\\\/author\\\/galledia\\\/\"}]}<\/script>\n<!-- \/ Yoast SEO plugin. -->","yoast_head_json":{"title":"Dove i visionari danno forma al futuro - Organizzatore","description":"Con il motto \"Dove i visionari plasmano il futuro\", il Future Leadership Forum si concentra sull'innovazione etica come fattore di cambiamento.","robots":{"index":"index","follow":"follow","max-snippet":"max-snippet:-1","max-image-preview":"max-image-preview:large","max-video-preview":"max-video-preview:-1"},"canonical":"https:\/\/www.organisator.ch\/it\/gestione-2\/2025-04-02\/wo-visionaere-die-zukunft-gestalten\/","og_locale":"it_IT","og_type":"article","og_title":"Wo Vision\u00e4re die Zukunft gestalten - Organisator","og_description":"Mit dem Motto \"Wo Vision\u00e4re die Zukunft gestalten\" stellt das Future Leadership Forum ethische Innovation als Game Changer in den Fokus.","og_url":"https:\/\/www.organisator.ch\/it\/gestione-2\/2025-04-02\/wo-visionaere-die-zukunft-gestalten\/","og_site_name":"Organisator","article_publisher":"https:\/\/www.facebook.com\/OrganisatorFachmagazin","article_published_time":"2025-04-02T11:45:37+00:00","og_image":[{"width":377,"height":468,"url":"https:\/\/www.organisator.ch\/wp-content\/uploads\/2023\/08\/Marketing_Auftakt_Bild2_organisator_54585.jpg","type":"image\/jpeg"}],"author":"galledia","twitter_card":"summary_large_image","twitter_creator":"@admin","schema":{"@context":"https:\/\/schema.org","@graph":[{"@type":"Article","@id":"https:\/\/www.organisator.ch\/management\/2025-04-02\/wo-visionaere-die-zukunft-gestalten\/#article","isPartOf":{"@id":"https:\/\/www.organisator.ch\/management\/2025-04-02\/wo-visionaere-die-zukunft-gestalten\/"},"author":{"name":"galledia","@id":"https:\/\/www.organisator.ch\/#\/schema\/person\/4e51799071cd2dd1232ac003643ef5f0"},"headline":"Wo Vision\u00e4re die Zukunft gestalten","datePublished":"2025-04-02T11:45:37+00:00","mainEntityOfPage":{"@id":"https:\/\/www.organisator.ch\/management\/2025-04-02\/wo-visionaere-die-zukunft-gestalten\/"},"wordCount":423,"publisher":{"@id":"https:\/\/www.organisator.ch\/#organization"},"image":{"@id":"https:\/\/www.organisator.ch\/management\/2025-04-02\/wo-visionaere-die-zukunft-gestalten\/#primaryimage"},"thumbnailUrl":"https:\/\/www.m-q.ch\/wp-content\/uploads\/2025\/04\/Wo-Visionaere-die-Zukunft-gestalten_MQ.jpg","keywords":["Awards","Business Excellence","ESG","ethische Leistung","Innovation","Leadership"],"articleSection":["MANAGEMENT"],"inLanguage":"it-IT"},{"@type":"WebPage","@id":"https:\/\/www.organisator.ch\/management\/2025-04-02\/wo-visionaere-die-zukunft-gestalten\/","url":"https:\/\/www.organisator.ch\/management\/2025-04-02\/wo-visionaere-die-zukunft-gestalten\/","name":"Dove i visionari danno forma al futuro - Organizzatore","isPartOf":{"@id":"https:\/\/www.organisator.ch\/#website"},"primaryImageOfPage":{"@id":"https:\/\/www.organisator.ch\/management\/2025-04-02\/wo-visionaere-die-zukunft-gestalten\/#primaryimage"},"image":{"@id":"https:\/\/www.organisator.ch\/management\/2025-04-02\/wo-visionaere-die-zukunft-gestalten\/#primaryimage"},"thumbnailUrl":"https:\/\/www.m-q.ch\/wp-content\/uploads\/2025\/04\/Wo-Visionaere-die-Zukunft-gestalten_MQ.jpg","datePublished":"2025-04-02T11:45:37+00:00","description":"Con il motto \"Dove i visionari plasmano il futuro\", il Future Leadership Forum si concentra sull'innovazione etica come fattore di cambiamento.","breadcrumb":{"@id":"https:\/\/www.organisator.ch\/management\/2025-04-02\/wo-visionaere-die-zukunft-gestalten\/#breadcrumb"},"inLanguage":"it-IT","potentialAction":[{"@type":"ReadAction","target":["https:\/\/www.organisator.ch\/management\/2025-04-02\/wo-visionaere-die-zukunft-gestalten\/"]}]},{"@type":"ImageObject","inLanguage":"it-IT","@id":"https:\/\/www.organisator.ch\/management\/2025-04-02\/wo-visionaere-die-zukunft-gestalten\/#primaryimage","url":"https:\/\/www.m-q.ch\/wp-content\/uploads\/2025\/04\/Wo-Visionaere-die-Zukunft-gestalten_MQ.jpg","contentUrl":"https:\/\/www.m-q.ch\/wp-content\/uploads\/2025\/04\/Wo-Visionaere-die-Zukunft-gestalten_MQ.jpg"},{"@type":"BreadcrumbList","@id":"https:\/\/www.organisator.ch\/management\/2025-04-02\/wo-visionaere-die-zukunft-gestalten\/#breadcrumb","itemListElement":[{"@type":"ListItem","position":1,"name":"Home","item":"https:\/\/www.organisator.ch\/"},{"@type":"ListItem","position":2,"name":"Wo Vision\u00e4re die Zukunft gestalten"}]},{"@type":"WebSite","@id":"https:\/\/www.organisator.ch\/#website","url":"https:\/\/www.organisator.ch\/","name":"Organizzatore","description":"Competente. Pratico. In 10 numeri all'anno, ORGANISATOR presenta i temi essenziali per i manager delle PMI.","publisher":{"@id":"https:\/\/www.organisator.ch\/#organization"},"potentialAction":[{"@type":"SearchAction","target":{"@type":"EntryPoint","urlTemplate":"https:\/\/www.organisator.ch\/?s={search_term_string}"},"query-input":{"@type":"PropertyValueSpecification","valueRequired":true,"valueName":"search_term_string"}}],"inLanguage":"it-IT"},{"@type":"Organization","@id":"https:\/\/www.organisator.ch\/#organization","name":"Organizzatore","url":"https:\/\/www.organisator.ch\/","logo":{"@type":"ImageObject","inLanguage":"it-IT","@id":"https:\/\/www.organisator.ch\/#\/schema\/logo\/image\/","url":"https:\/\/www.organisator.ch\/wp-content\/uploads\/2022\/01\/Logo_Organisator_Website.png","contentUrl":"https:\/\/www.organisator.ch\/wp-content\/uploads\/2022\/01\/Logo_Organisator_Website.png","width":800,"height":77,"caption":"Organisator"},"image":{"@id":"https:\/\/www.organisator.ch\/#\/schema\/logo\/image\/"},"sameAs":["https:\/\/www.facebook.com\/OrganisatorFachmagazin","https:\/\/www.linkedin.com\/showcase\/organisator-das-magazin-fr-kmu","https:\/\/www.xing.com\/news\/pages\/organisator-ch-695","https:\/\/www.youtube.com\/channel\/UCGP2Sq0iWaZwT3BdIAQFYpw"]},{"@type":"Person","@id":"https:\/\/www.organisator.ch\/#\/schema\/person\/4e51799071cd2dd1232ac003643ef5f0","name":"galledia","image":{"@type":"ImageObject","inLanguage":"it-IT","@id":"https:\/\/secure.gravatar.com\/avatar\/78a7f90c01fc2bfc875782a0d4922b37cde2cf184ce347b91316d23cd7f69a36?s=96&d=mm&r=g","url":"https:\/\/secure.gravatar.com\/avatar\/78a7f90c01fc2bfc875782a0d4922b37cde2cf184ce347b91316d23cd7f69a36?s=96&d=mm&r=g","contentUrl":"https:\/\/secure.gravatar.com\/avatar\/78a7f90c01fc2bfc875782a0d4922b37cde2cf184ce347b91316d23cd7f69a36?s=96&d=mm&r=g","caption":"galledia"},"sameAs":["https:\/\/x.com\/admin"],"url":"https:\/\/www.organisator.ch\/it\/author\/galledia\/"}]}},"_links":{"self":[{"href":"https:\/\/www.organisator.ch\/it\/wp-json\/wp\/v2\/posts\/37349","targetHints":{"allow":["GET"]}}],"collection":[{"href":"https:\/\/www.organisator.ch\/it\/wp-json\/wp\/v2\/posts"}],"about":[{"href":"https:\/\/www.organisator.ch\/it\/wp-json\/wp\/v2\/types\/post"}],"author":[{"embeddable":true,"href":"https:\/\/www.organisator.ch\/it\/wp-json\/wp\/v2\/users\/8"}],"replies":[{"embeddable":true,"href":"https:\/\/www.organisator.ch\/it\/wp-json\/wp\/v2\/comments?post=37349"}],"version-history":[{"count":6,"href":"https:\/\/www.organisator.ch\/it\/wp-json\/wp\/v2\/posts\/37349\/revisions"}],"predecessor-version":[{"id":37390,"href":"https:\/\/www.organisator.ch\/it\/wp-json\/wp\/v2\/posts\/37349\/revisions\/37390"}],"wp:attachment":[{"href":"https:\/\/www.organisator.ch\/it\/wp-json\/wp\/v2\/media?parent=37349"}],"wp:term":[{"taxonomy":"category","embeddable":true,"href":"https:\/\/www.organisator.ch\/it\/wp-json\/wp\/v2\/categories?post=37349"},{"taxonomy":"post_tag","embeddable":true,"href":"https:\/\/www.organisator.ch\/it\/wp-json\/wp\/v2\/tags?post=37349"}],"curies":[{"name":"wp","href":"https:\/\/api.w.org\/{rel}","templated":true}]}}