{"id":37400,"date":"2025-04-02T14:26:14","date_gmt":"2025-04-02T12:26:14","guid":{"rendered":"https:\/\/www.markt-kom.com\/?p=232827"},"modified":"2025-04-03T08:55:46","modified_gmt":"2025-04-03T06:55:46","slug":"live-lab-eroeffnet-bueros-im-mittleren-osten","status":"publish","type":"post","link":"https:\/\/www.organisator.ch\/it\/marketing\/2025-04-02\/live-lab-eroeffnet-bueros-im-mittleren-osten\/","title":{"rendered":"Live Lab apre uffici in Medio Oriente"},"content":{"rendered":"<figure id=\"attachment_232829\" class=\"wp-caption aligncenter\" style=\"width: 1200px;\" aria-describedby=\"caption-attachment-232829\"><a href=\"https:\/\/www.markt-kom.com\/wp-content\/uploads\/2025\/04\/Live_Lab_Pressemitteilung_Expansion_Dubai.jpg\"><img class=\"size-full wp-image-232829\" src=\"https:\/\/www.markt-kom.com\/wp-content\/uploads\/2025\/04\/Live_Lab_Pressemitteilung_Expansion_Dubai.jpg\" sizes=\"(max-width: 1200px) 100vw, 1200px\" srcset=\"https:\/\/www.markt-kom.com\/wp-content\/uploads\/2025\/04\/Live_Lab_Pressemitteilung_Expansion_Dubai.jpg 1200w, https:\/\/www.markt-kom.com\/wp-content\/uploads\/2025\/04\/Live_Lab_Pressemitteilung_Expansion_Dubai-600x450.jpg 600w, https:\/\/www.markt-kom.com\/wp-content\/uploads\/2025\/04\/Live_Lab_Pressemitteilung_Expansion_Dubai-1024x768.jpg 1024w, https:\/\/www.markt-kom.com\/wp-content\/uploads\/2025\/04\/Live_Lab_Pressemitteilung_Expansion_Dubai-768x576.jpg 768w, https:\/\/www.markt-kom.com\/wp-content\/uploads\/2025\/04\/Live_Lab_Pressemitteilung_Expansion_Dubai-16x12.jpg 16w, https:\/\/www.markt-kom.com\/wp-content\/uploads\/2025\/04\/Live_Lab_Pressemitteilung_Expansion_Dubai-233x175.jpg 233w, https:\/\/www.markt-kom.com\/wp-content\/uploads\/2025\/04\/Live_Lab_Pressemitteilung_Expansion_Dubai-467x350.jpg 467w, https:\/\/www.markt-kom.com\/wp-content\/uploads\/2025\/04\/Live_Lab_Pressemitteilung_Expansion_Dubai-1000x750.jpg 1000w\" alt=\"\" width=\"1200\" height=\"900\" \/><\/a>\r\n<figcaption id=\"caption-attachment-232829\" class=\"wp-caption-text\">Live Lab Zurigo, Dubai e Riyadh. (Immagini: zVg.)<\/figcaption>\r\n<\/figure>\r\n<p>In dieci anni, Live Lab si \u00e8 trasformata da un piccolo team in un'agenzia affermata con quasi 30 dipendenti. Ora il prossimo passo strategico \u00e8 l'espansione in Medio Oriente. \"Dubai, Riyadh, Doha: sono luoghi in cui sta accadendo una quantit\u00e0 incredibile di cose\", spiega il cofondatore Maximilian Souchay. \"Al momento non c'\u00e8 regione pi\u00f9 eccitante per la comunicazione dal vivo e noi vogliamo essere al centro e contribuire a dare forma a questi sviluppi\".<\/p>\r\n<p>La ripresa economica del Medio Oriente \u00e8 visibilmente caratterizzata da turismo, eventi e investimenti nelle relative infrastrutture. La regione si sta posizionando sempre pi\u00f9 come hotspot globale per gli affari, lo sport e la cultura. I grandi eventi internazionali attirano pubblico da tutto il mondo e creano una crescente domanda di comunicazione innovativa dal vivo.<\/p>\r\n<h3><strong>Il momento giusto<\/strong><\/h3>\r\n<p>Un fattore chiave di successo per l'espansione, cercato per anni, era il giusto management locale. Con Ties Hendriks, ex residente a Zurigo ed esperto di eventi che lavora da anni a Dubai, Live Lab ha trovato il manager ideale.<\/p>\r\n<p>\"La regione \u00e8 uno dei mercati pi\u00f9 interessanti per gli eventi e le esperienze di marca\", afferma Hendriks. \"Il Medio Oriente \u00e8 un hub globale per la creativit\u00e0 e l'innovazione - e non vedo l'ora di stabilire Live Lab qui e di fissare nuovi standard insieme a partner locali e internazionali.\"<\/p>\r\n<figure id=\"attachment_232830\" class=\"wp-caption aligncenter\" style=\"width: 767px;\" aria-describedby=\"caption-attachment-232830\"><a href=\"https:\/\/www.markt-kom.com\/wp-content\/uploads\/2025\/04\/Ties_Hendriks.jpg\"><img class=\"size-full wp-image-232830\" src=\"https:\/\/www.markt-kom.com\/wp-content\/uploads\/2025\/04\/Ties_Hendriks.jpg\" sizes=\"(max-width: 767px) 100vw, 767px\" srcset=\"https:\/\/www.markt-kom.com\/wp-content\/uploads\/2025\/04\/Ties_Hendriks.jpg 767w, https:\/\/www.markt-kom.com\/wp-content\/uploads\/2025\/04\/Ties_Hendriks-600x450.jpg 600w, https:\/\/www.markt-kom.com\/wp-content\/uploads\/2025\/04\/Ties_Hendriks-16x12.jpg 16w, https:\/\/www.markt-kom.com\/wp-content\/uploads\/2025\/04\/Ties_Hendriks-233x175.jpg 233w, https:\/\/www.markt-kom.com\/wp-content\/uploads\/2025\/04\/Ties_Hendriks-467x350.jpg 467w\" alt=\"\" width=\"767\" height=\"575\" \/><\/a>\r\n<figcaption id=\"caption-attachment-232830\" class=\"wp-caption-text\">Ties Hendriks \u00e8 responsabile del sito in Medio Oriente. (Immagine: zVg.)<\/figcaption>\r\n<\/figure>\r\n<h3><strong>Orientamento internazionale con un obiettivo chiaro<\/strong><\/h3>\r\n<p>Con l'espansione, l'agenzia ha ora l'opportunit\u00e0 di fornire ai clienti della regione un supporto ancora pi\u00f9 mirato e di espandere ulteriormente la propria posizione sul mercato internazionale. Un esempio \u00e8 l'Expo 2025 di Osaka, dove Live Lab ha un team in loco tutto l'anno per supportare vari progetti.<\/p>","protected":false},"excerpt":{"rendered":"<p>Live Lab si espande in Medio Oriente e apre uffici a Riyadh e Dubai. Con questa mossa strategica, l'agenzia di Zurigo risponde all'enorme potenziale di crescita della regione, come scrive in un comunicato stampa.<\/p>","protected":false},"author":8,"featured_media":0,"comment_status":"closed","ping_status":"closed","sticky":false,"template":"","format":"standard","meta":{"_acf_changed":false,"_yoast_wpseo_focuskw":"Live Lab","_yoast_wpseo_metadesc":"Live Lab expandiert in den Mittleren Osten und er\u00f6ffnet B\u00fcros in Riad und Dubai. Die Region habe enormes Wachstumspotenzial, so die Agentur.","articlekey":"","footnotes":""},"categories":[29],"tags":[2850,4345,5076,492],"class_list":["post-37400","post","type-post","status-publish","format-standard","hentry","category-marketing","tag-agenturen","tag-business","tag-live-lab","tag-unternehmen"],"acf":[],"yoast_head":"<!-- This site is optimized with the Yoast SEO plugin v27.5 - https:\/\/yoast.com\/product\/yoast-seo-wordpress\/ -->\n<title>Live Lab er\u00f6ffnet B\u00fcros im Mittleren Osten - Organisator<\/title>\n<meta name=\"description\" content=\"Live Lab expandiert in den Mittleren Osten und er\u00f6ffnet B\u00fcros in Riad und Dubai. Die Region habe enormes Wachstumspotenzial, so die Agentur.\" \/>\n<meta name=\"robots\" content=\"index, follow, max-snippet:-1, max-image-preview:large, max-video-preview:-1\" \/>\n<link rel=\"canonical\" href=\"https:\/\/www.organisator.ch\/it\/marketing\/2025-04-02\/live-lab-eroeffnet-bueros-im-mittleren-osten\/\" \/>\n<meta property=\"og:locale\" content=\"it_IT\" \/>\n<meta property=\"og:type\" content=\"article\" \/>\n<meta property=\"og:title\" content=\"Live Lab er\u00f6ffnet B\u00fcros im Mittleren Osten - Organisator\" \/>\n<meta property=\"og:description\" content=\"Live Lab expandiert in den Mittleren Osten und er\u00f6ffnet B\u00fcros in Riad und Dubai. Die Region habe enormes Wachstumspotenzial, so die Agentur.\" \/>\n<meta property=\"og:url\" content=\"https:\/\/www.organisator.ch\/it\/marketing\/2025-04-02\/live-lab-eroeffnet-bueros-im-mittleren-osten\/\" \/>\n<meta property=\"og:site_name\" content=\"Organisator\" \/>\n<meta property=\"article:publisher\" content=\"https:\/\/www.facebook.com\/OrganisatorFachmagazin\" \/>\n<meta property=\"article:published_time\" content=\"2025-04-02T12:26:14+00:00\" \/>\n<meta property=\"article:modified_time\" content=\"2025-04-03T06:55:46+00:00\" \/>\n<meta name=\"author\" content=\"galledia\" \/>\n<meta name=\"twitter:card\" content=\"summary_large_image\" \/>\n<meta name=\"twitter:creator\" content=\"@admin\" \/>\n<script type=\"application\/ld+json\" class=\"yoast-schema-graph\">{\"@context\":\"https:\\\/\\\/schema.org\",\"@graph\":[{\"@type\":\"Article\",\"@id\":\"https:\\\/\\\/www.organisator.ch\\\/marketing\\\/2025-04-02\\\/live-lab-eroeffnet-bueros-im-mittleren-osten\\\/#article\",\"isPartOf\":{\"@id\":\"https:\\\/\\\/www.organisator.ch\\\/marketing\\\/2025-04-02\\\/live-lab-eroeffnet-bueros-im-mittleren-osten\\\/\"},\"author\":{\"name\":\"galledia\",\"@id\":\"https:\\\/\\\/www.organisator.ch\\\/#\\\/schema\\\/person\\\/4e51799071cd2dd1232ac003643ef5f0\"},\"headline\":\"Live Lab er\u00f6ffnet B\u00fcros im Mittleren Osten\",\"datePublished\":\"2025-04-02T12:26:14+00:00\",\"dateModified\":\"2025-04-03T06:55:46+00:00\",\"mainEntityOfPage\":{\"@id\":\"https:\\\/\\\/www.organisator.ch\\\/marketing\\\/2025-04-02\\\/live-lab-eroeffnet-bueros-im-mittleren-osten\\\/\"},\"wordCount\":299,\"publisher\":{\"@id\":\"https:\\\/\\\/www.organisator.ch\\\/#organization\"},\"image\":{\"@id\":\"https:\\\/\\\/www.organisator.ch\\\/marketing\\\/2025-04-02\\\/live-lab-eroeffnet-bueros-im-mittleren-osten\\\/#primaryimage\"},\"thumbnailUrl\":\"https:\\\/\\\/www.markt-kom.com\\\/wp-content\\\/uploads\\\/2025\\\/04\\\/Live_Lab_Pressemitteilung_Expansion_Dubai.jpg\",\"keywords\":[\"Agenturen\",\"Business\",\"Live Lab\",\"Unternehmen\"],\"articleSection\":[\"MARKETING\"],\"inLanguage\":\"it-IT\"},{\"@type\":\"WebPage\",\"@id\":\"https:\\\/\\\/www.organisator.ch\\\/marketing\\\/2025-04-02\\\/live-lab-eroeffnet-bueros-im-mittleren-osten\\\/\",\"url\":\"https:\\\/\\\/www.organisator.ch\\\/marketing\\\/2025-04-02\\\/live-lab-eroeffnet-bueros-im-mittleren-osten\\\/\",\"name\":\"Live Lab er\u00f6ffnet B\u00fcros im Mittleren Osten - Organisator\",\"isPartOf\":{\"@id\":\"https:\\\/\\\/www.organisator.ch\\\/#website\"},\"primaryImageOfPage\":{\"@id\":\"https:\\\/\\\/www.organisator.ch\\\/marketing\\\/2025-04-02\\\/live-lab-eroeffnet-bueros-im-mittleren-osten\\\/#primaryimage\"},\"image\":{\"@id\":\"https:\\\/\\\/www.organisator.ch\\\/marketing\\\/2025-04-02\\\/live-lab-eroeffnet-bueros-im-mittleren-osten\\\/#primaryimage\"},\"thumbnailUrl\":\"https:\\\/\\\/www.markt-kom.com\\\/wp-content\\\/uploads\\\/2025\\\/04\\\/Live_Lab_Pressemitteilung_Expansion_Dubai.jpg\",\"datePublished\":\"2025-04-02T12:26:14+00:00\",\"dateModified\":\"2025-04-03T06:55:46+00:00\",\"description\":\"Live Lab expandiert in den Mittleren Osten und er\u00f6ffnet B\u00fcros in Riad und Dubai. Die Region habe enormes Wachstumspotenzial, so die Agentur.\",\"breadcrumb\":{\"@id\":\"https:\\\/\\\/www.organisator.ch\\\/marketing\\\/2025-04-02\\\/live-lab-eroeffnet-bueros-im-mittleren-osten\\\/#breadcrumb\"},\"inLanguage\":\"it-IT\",\"potentialAction\":[{\"@type\":\"ReadAction\",\"target\":[\"https:\\\/\\\/www.organisator.ch\\\/marketing\\\/2025-04-02\\\/live-lab-eroeffnet-bueros-im-mittleren-osten\\\/\"]}]},{\"@type\":\"ImageObject\",\"inLanguage\":\"it-IT\",\"@id\":\"https:\\\/\\\/www.organisator.ch\\\/marketing\\\/2025-04-02\\\/live-lab-eroeffnet-bueros-im-mittleren-osten\\\/#primaryimage\",\"url\":\"https:\\\/\\\/www.markt-kom.com\\\/wp-content\\\/uploads\\\/2025\\\/04\\\/Live_Lab_Pressemitteilung_Expansion_Dubai.jpg\",\"contentUrl\":\"https:\\\/\\\/www.markt-kom.com\\\/wp-content\\\/uploads\\\/2025\\\/04\\\/Live_Lab_Pressemitteilung_Expansion_Dubai.jpg\"},{\"@type\":\"BreadcrumbList\",\"@id\":\"https:\\\/\\\/www.organisator.ch\\\/marketing\\\/2025-04-02\\\/live-lab-eroeffnet-bueros-im-mittleren-osten\\\/#breadcrumb\",\"itemListElement\":[{\"@type\":\"ListItem\",\"position\":1,\"name\":\"Home\",\"item\":\"https:\\\/\\\/www.organisator.ch\\\/\"},{\"@type\":\"ListItem\",\"position\":2,\"name\":\"Live Lab er\u00f6ffnet B\u00fcros im Mittleren Osten\"}]},{\"@type\":\"WebSite\",\"@id\":\"https:\\\/\\\/www.organisator.ch\\\/#website\",\"url\":\"https:\\\/\\\/www.organisator.ch\\\/\",\"name\":\"Organisator\",\"description\":\"Kompetent. Praxisnah. Der ORGANISATOR bereitet in 10 Ausgaben pro Jahr die wesentlichen Themen f\u00fcr F\u00fchrungskr\u00e4fte von KMU auf.\",\"publisher\":{\"@id\":\"https:\\\/\\\/www.organisator.ch\\\/#organization\"},\"potentialAction\":[{\"@type\":\"SearchAction\",\"target\":{\"@type\":\"EntryPoint\",\"urlTemplate\":\"https:\\\/\\\/www.organisator.ch\\\/?s={search_term_string}\"},\"query-input\":{\"@type\":\"PropertyValueSpecification\",\"valueRequired\":true,\"valueName\":\"search_term_string\"}}],\"inLanguage\":\"it-IT\"},{\"@type\":\"Organization\",\"@id\":\"https:\\\/\\\/www.organisator.ch\\\/#organization\",\"name\":\"Organisator\",\"url\":\"https:\\\/\\\/www.organisator.ch\\\/\",\"logo\":{\"@type\":\"ImageObject\",\"inLanguage\":\"it-IT\",\"@id\":\"https:\\\/\\\/www.organisator.ch\\\/#\\\/schema\\\/logo\\\/image\\\/\",\"url\":\"https:\\\/\\\/www.organisator.ch\\\/wp-content\\\/uploads\\\/2022\\\/01\\\/Logo_Organisator_Website.png\",\"contentUrl\":\"https:\\\/\\\/www.organisator.ch\\\/wp-content\\\/uploads\\\/2022\\\/01\\\/Logo_Organisator_Website.png\",\"width\":800,\"height\":77,\"caption\":\"Organisator\"},\"image\":{\"@id\":\"https:\\\/\\\/www.organisator.ch\\\/#\\\/schema\\\/logo\\\/image\\\/\"},\"sameAs\":[\"https:\\\/\\\/www.facebook.com\\\/OrganisatorFachmagazin\",\"https:\\\/\\\/www.linkedin.com\\\/showcase\\\/organisator-das-magazin-fr-kmu\",\"https:\\\/\\\/www.xing.com\\\/news\\\/pages\\\/organisator-ch-695\",\"https:\\\/\\\/www.youtube.com\\\/channel\\\/UCGP2Sq0iWaZwT3BdIAQFYpw\"]},{\"@type\":\"Person\",\"@id\":\"https:\\\/\\\/www.organisator.ch\\\/#\\\/schema\\\/person\\\/4e51799071cd2dd1232ac003643ef5f0\",\"name\":\"galledia\",\"image\":{\"@type\":\"ImageObject\",\"inLanguage\":\"it-IT\",\"@id\":\"https:\\\/\\\/secure.gravatar.com\\\/avatar\\\/78a7f90c01fc2bfc875782a0d4922b37cde2cf184ce347b91316d23cd7f69a36?s=96&d=mm&r=g\",\"url\":\"https:\\\/\\\/secure.gravatar.com\\\/avatar\\\/78a7f90c01fc2bfc875782a0d4922b37cde2cf184ce347b91316d23cd7f69a36?s=96&d=mm&r=g\",\"contentUrl\":\"https:\\\/\\\/secure.gravatar.com\\\/avatar\\\/78a7f90c01fc2bfc875782a0d4922b37cde2cf184ce347b91316d23cd7f69a36?s=96&d=mm&r=g\",\"caption\":\"galledia\"},\"sameAs\":[\"https:\\\/\\\/x.com\\\/admin\"],\"url\":\"https:\\\/\\\/www.organisator.ch\\\/it\\\/author\\\/galledia\\\/\"}]}<\/script>\n<!-- \/ Yoast SEO plugin. -->","yoast_head_json":{"title":"Live Lab apre uffici in Medio Oriente - Organizzatore","description":"Live Lab si sta espandendo in Medio Oriente aprendo uffici a Riyadh e Dubai. Secondo l'agenzia, la regione ha un enorme potenziale di crescita.","robots":{"index":"index","follow":"follow","max-snippet":"max-snippet:-1","max-image-preview":"max-image-preview:large","max-video-preview":"max-video-preview:-1"},"canonical":"https:\/\/www.organisator.ch\/it\/marketing\/2025-04-02\/live-lab-eroeffnet-bueros-im-mittleren-osten\/","og_locale":"it_IT","og_type":"article","og_title":"Live Lab er\u00f6ffnet B\u00fcros im Mittleren Osten - Organisator","og_description":"Live Lab expandiert in den Mittleren Osten und er\u00f6ffnet B\u00fcros in Riad und Dubai. Die Region habe enormes Wachstumspotenzial, so die Agentur.","og_url":"https:\/\/www.organisator.ch\/it\/marketing\/2025-04-02\/live-lab-eroeffnet-bueros-im-mittleren-osten\/","og_site_name":"Organisator","article_publisher":"https:\/\/www.facebook.com\/OrganisatorFachmagazin","article_published_time":"2025-04-02T12:26:14+00:00","article_modified_time":"2025-04-03T06:55:46+00:00","author":"galledia","twitter_card":"summary_large_image","twitter_creator":"@admin","schema":{"@context":"https:\/\/schema.org","@graph":[{"@type":"Article","@id":"https:\/\/www.organisator.ch\/marketing\/2025-04-02\/live-lab-eroeffnet-bueros-im-mittleren-osten\/#article","isPartOf":{"@id":"https:\/\/www.organisator.ch\/marketing\/2025-04-02\/live-lab-eroeffnet-bueros-im-mittleren-osten\/"},"author":{"name":"galledia","@id":"https:\/\/www.organisator.ch\/#\/schema\/person\/4e51799071cd2dd1232ac003643ef5f0"},"headline":"Live Lab er\u00f6ffnet B\u00fcros im Mittleren Osten","datePublished":"2025-04-02T12:26:14+00:00","dateModified":"2025-04-03T06:55:46+00:00","mainEntityOfPage":{"@id":"https:\/\/www.organisator.ch\/marketing\/2025-04-02\/live-lab-eroeffnet-bueros-im-mittleren-osten\/"},"wordCount":299,"publisher":{"@id":"https:\/\/www.organisator.ch\/#organization"},"image":{"@id":"https:\/\/www.organisator.ch\/marketing\/2025-04-02\/live-lab-eroeffnet-bueros-im-mittleren-osten\/#primaryimage"},"thumbnailUrl":"https:\/\/www.markt-kom.com\/wp-content\/uploads\/2025\/04\/Live_Lab_Pressemitteilung_Expansion_Dubai.jpg","keywords":["Agenturen","Business","Live Lab","Unternehmen"],"articleSection":["MARKETING"],"inLanguage":"it-IT"},{"@type":"WebPage","@id":"https:\/\/www.organisator.ch\/marketing\/2025-04-02\/live-lab-eroeffnet-bueros-im-mittleren-osten\/","url":"https:\/\/www.organisator.ch\/marketing\/2025-04-02\/live-lab-eroeffnet-bueros-im-mittleren-osten\/","name":"Live Lab apre uffici in Medio Oriente - Organizzatore","isPartOf":{"@id":"https:\/\/www.organisator.ch\/#website"},"primaryImageOfPage":{"@id":"https:\/\/www.organisator.ch\/marketing\/2025-04-02\/live-lab-eroeffnet-bueros-im-mittleren-osten\/#primaryimage"},"image":{"@id":"https:\/\/www.organisator.ch\/marketing\/2025-04-02\/live-lab-eroeffnet-bueros-im-mittleren-osten\/#primaryimage"},"thumbnailUrl":"https:\/\/www.markt-kom.com\/wp-content\/uploads\/2025\/04\/Live_Lab_Pressemitteilung_Expansion_Dubai.jpg","datePublished":"2025-04-02T12:26:14+00:00","dateModified":"2025-04-03T06:55:46+00:00","description":"Live Lab si sta espandendo in Medio Oriente aprendo uffici a Riyadh e Dubai. Secondo l'agenzia, la regione ha un enorme potenziale di crescita.","breadcrumb":{"@id":"https:\/\/www.organisator.ch\/marketing\/2025-04-02\/live-lab-eroeffnet-bueros-im-mittleren-osten\/#breadcrumb"},"inLanguage":"it-IT","potentialAction":[{"@type":"ReadAction","target":["https:\/\/www.organisator.ch\/marketing\/2025-04-02\/live-lab-eroeffnet-bueros-im-mittleren-osten\/"]}]},{"@type":"ImageObject","inLanguage":"it-IT","@id":"https:\/\/www.organisator.ch\/marketing\/2025-04-02\/live-lab-eroeffnet-bueros-im-mittleren-osten\/#primaryimage","url":"https:\/\/www.markt-kom.com\/wp-content\/uploads\/2025\/04\/Live_Lab_Pressemitteilung_Expansion_Dubai.jpg","contentUrl":"https:\/\/www.markt-kom.com\/wp-content\/uploads\/2025\/04\/Live_Lab_Pressemitteilung_Expansion_Dubai.jpg"},{"@type":"BreadcrumbList","@id":"https:\/\/www.organisator.ch\/marketing\/2025-04-02\/live-lab-eroeffnet-bueros-im-mittleren-osten\/#breadcrumb","itemListElement":[{"@type":"ListItem","position":1,"name":"Home","item":"https:\/\/www.organisator.ch\/"},{"@type":"ListItem","position":2,"name":"Live Lab er\u00f6ffnet B\u00fcros im Mittleren Osten"}]},{"@type":"WebSite","@id":"https:\/\/www.organisator.ch\/#website","url":"https:\/\/www.organisator.ch\/","name":"Organizzatore","description":"Competente. Pratico. In 10 numeri all'anno, ORGANISATOR presenta i temi essenziali per i manager delle PMI.","publisher":{"@id":"https:\/\/www.organisator.ch\/#organization"},"potentialAction":[{"@type":"SearchAction","target":{"@type":"EntryPoint","urlTemplate":"https:\/\/www.organisator.ch\/?s={search_term_string}"},"query-input":{"@type":"PropertyValueSpecification","valueRequired":true,"valueName":"search_term_string"}}],"inLanguage":"it-IT"},{"@type":"Organization","@id":"https:\/\/www.organisator.ch\/#organization","name":"Organizzatore","url":"https:\/\/www.organisator.ch\/","logo":{"@type":"ImageObject","inLanguage":"it-IT","@id":"https:\/\/www.organisator.ch\/#\/schema\/logo\/image\/","url":"https:\/\/www.organisator.ch\/wp-content\/uploads\/2022\/01\/Logo_Organisator_Website.png","contentUrl":"https:\/\/www.organisator.ch\/wp-content\/uploads\/2022\/01\/Logo_Organisator_Website.png","width":800,"height":77,"caption":"Organisator"},"image":{"@id":"https:\/\/www.organisator.ch\/#\/schema\/logo\/image\/"},"sameAs":["https:\/\/www.facebook.com\/OrganisatorFachmagazin","https:\/\/www.linkedin.com\/showcase\/organisator-das-magazin-fr-kmu","https:\/\/www.xing.com\/news\/pages\/organisator-ch-695","https:\/\/www.youtube.com\/channel\/UCGP2Sq0iWaZwT3BdIAQFYpw"]},{"@type":"Person","@id":"https:\/\/www.organisator.ch\/#\/schema\/person\/4e51799071cd2dd1232ac003643ef5f0","name":"galledia","image":{"@type":"ImageObject","inLanguage":"it-IT","@id":"https:\/\/secure.gravatar.com\/avatar\/78a7f90c01fc2bfc875782a0d4922b37cde2cf184ce347b91316d23cd7f69a36?s=96&d=mm&r=g","url":"https:\/\/secure.gravatar.com\/avatar\/78a7f90c01fc2bfc875782a0d4922b37cde2cf184ce347b91316d23cd7f69a36?s=96&d=mm&r=g","contentUrl":"https:\/\/secure.gravatar.com\/avatar\/78a7f90c01fc2bfc875782a0d4922b37cde2cf184ce347b91316d23cd7f69a36?s=96&d=mm&r=g","caption":"galledia"},"sameAs":["https:\/\/x.com\/admin"],"url":"https:\/\/www.organisator.ch\/it\/author\/galledia\/"}]}},"_links":{"self":[{"href":"https:\/\/www.organisator.ch\/it\/wp-json\/wp\/v2\/posts\/37400","targetHints":{"allow":["GET"]}}],"collection":[{"href":"https:\/\/www.organisator.ch\/it\/wp-json\/wp\/v2\/posts"}],"about":[{"href":"https:\/\/www.organisator.ch\/it\/wp-json\/wp\/v2\/types\/post"}],"author":[{"embeddable":true,"href":"https:\/\/www.organisator.ch\/it\/wp-json\/wp\/v2\/users\/8"}],"replies":[{"embeddable":true,"href":"https:\/\/www.organisator.ch\/it\/wp-json\/wp\/v2\/comments?post=37400"}],"version-history":[{"count":3,"href":"https:\/\/www.organisator.ch\/it\/wp-json\/wp\/v2\/posts\/37400\/revisions"}],"predecessor-version":[{"id":37410,"href":"https:\/\/www.organisator.ch\/it\/wp-json\/wp\/v2\/posts\/37400\/revisions\/37410"}],"wp:attachment":[{"href":"https:\/\/www.organisator.ch\/it\/wp-json\/wp\/v2\/media?parent=37400"}],"wp:term":[{"taxonomy":"category","embeddable":true,"href":"https:\/\/www.organisator.ch\/it\/wp-json\/wp\/v2\/categories?post=37400"},{"taxonomy":"post_tag","embeddable":true,"href":"https:\/\/www.organisator.ch\/it\/wp-json\/wp\/v2\/tags?post=37400"}],"curies":[{"name":"wp","href":"https:\/\/api.w.org\/{rel}","templated":true}]}}