{"id":37449,"date":"2025-04-07T07:56:58","date_gmt":"2025-04-07T05:56:58","guid":{"rendered":"https:\/\/www.m-q.ch\/?p=21274"},"modified":"2025-04-04T13:07:11","modified_gmt":"2025-04-04T11:07:11","slug":"fachmesse-control-2025-praxis-und-zukunftsorientiert","status":"publish","type":"post","link":"https:\/\/www.organisator.ch\/it\/operational-excellence\/2025-04-07\/fachmesse-control-2025-praxis-und-zukunftsorientiert\/","title":{"rendered":"Fiera Control 2025: orientata alla pratica e al futuro"},"content":{"rendered":"<div class=\"uncode_text_column\">\r\n<figure id=\"attachment_21275\" class=\"wp-caption alignnone\" style=\"width: 680px;\" aria-describedby=\"caption-attachment-21275\"><img class=\"size-full wp-image-21275\" src=\"https:\/\/www.m-q.ch\/wp-content\/uploads\/2025\/04\/Fachmesse-Control-2025-Praxis-und-zukunftsorientiert_MQ.jpg\" sizes=\"(max-width: 680px) 100vw, 680px\" srcset=\"https:\/\/www.m-q.ch\/wp-content\/uploads\/2025\/04\/Fachmesse-Control-2025-Praxis-und-zukunftsorientiert_MQ.jpg 680w, https:\/\/www.m-q.ch\/wp-content\/uploads\/2025\/04\/Fachmesse-Control-2025-Praxis-und-zukunftsorientiert_MQ-18x10.jpg 18w, https:\/\/www.m-q.ch\/wp-content\/uploads\/2025\/04\/Fachmesse-Control-2025-Praxis-und-zukunftsorientiert_MQ-375x211.jpg 375w, https:\/\/www.m-q.ch\/wp-content\/uploads\/2025\/04\/Fachmesse-Control-2025-Praxis-und-zukunftsorientiert_MQ-621x350.jpg 621w\" alt=\"\" width=\"680\" height=\"383\" \/>\r\n<figcaption id=\"caption-attachment-21275\" class=\"wp-caption-text\">Dal 6 al 9 maggio, Control 2025 invita i professionisti del controllo qualit\u00e0 a visitare la fiera. (Immagine: Control Messe \/ Schall Messen)<\/figcaption>\r\n<\/figure>\r\n<p>Le misure di garanzia della qualit\u00e0 (AQ) sono parte integrante dei flussi di lavoro della produzione industriale e di vari processi in diversi settori non industriali. L'AQ permea molti processi e tecnologicamente ruota attorno allo spettro della visione, dell'elaborazione delle immagini, della tecnologia dei sensori, della tecnologia di misurazione e di test, compresi software e tecnologie di valutazione all'avanguardia. La tradizione di Control, la fiera internazionale per l'assicurazione della qualit\u00e0, comprende una rilevanza tematica mirata, un alto livello professionale e un elevato grado di internazionalit\u00e0. Anche in questo caso saranno presenti decine di aziende espositrici svizzere. \"Siamo lieti che anche quest'anno circa un terzo degli espositori provenga dall'estero\", annuncia Fabian Kr\u00fcger, Control Project Manager dell'organizzatore della fiera P. E. Schall. \"Le aziende stanno ultimando il loro portafoglio espositivo e presenteranno ai visitatori interessanti innovazioni sul tema del controllo qualit\u00e0\", afferma Kr\u00fcger. \"Nei padiglioni 3, 5, 7 e 9 del centro espositivo di Stoccarda, verranno presentati vari tipi di tecnologia di misura, in modo da essere rilevanti per tutti i settori industriali\". Uno dei temi principali sar\u00e0 l'intelligenza artificiale (AI), il cui uso sar\u00e0 dimostrato in molte aree della fiera\", promette Kr\u00fcger.<\/p>\r\n<\/div>\r\n<div class=\"vc_custom_heading_wrap\">\r\n<div class=\"heading-text el-text\">\r\n<h3 class=\"h4\">Control Quality Talk sul tema dell'IA nella pratica<\/h3>\r\n<\/div>\r\n<\/div>\r\n<div class=\"uncode_text_column\">\r\n<p>Proprio perch\u00e9 i sistemi di intelligenza artificiale sono diventati un'importante tendenza tecnologica nel settore dell'assicurazione qualit\u00e0, \u00e8 stato creato un nuovo formato di evento nell'ambito del programma fieristico di Control 2025: Il Control Quality Talk. Con il titolo \"AI in QA - Il futuro sar\u00e0 privo di errori? L'IA come turbo per la redditivit\u00e0 e l'efficienza\", l'obiettivo \u00e8 discutere lo stato attuale dell'uso dell'IA. Tra i relatori figurano il dottor Ira Effenberger, responsabile della ricerca sull'intelligenza artificiale e la visione artificiale presso l'Istituto Fraunhofer per l'ingegneria manifatturiera e l'automazione IPA, il dottor Ralf Christoph, amministratore delegato e proprietario di Werth Messtechnik, Florian Schwarz, CEO di CAQ AG Factory Systems, e il dottor Christian Wojek, responsabile dell'IA di Zeiss IQS. La discussione sar\u00e0 moderata da Peter Ebert, caporedattore della rivista specializzata \"inVISION\". La discussione avr\u00e0 luogo il primo giorno della fiera a partire dalle 14.30 nel padiglione 7-7115. I visitatori potranno scoprire quali sistemi di IA esistono gi\u00e0 e sono utilizzati a livello industriale e quali vantaggi concreti offrono in termini di economicit\u00e0 ed efficienza.<\/p>\r\n<\/div>\r\n<div class=\"vc_custom_heading_wrap\">\r\n<div class=\"heading-text el-text\">\r\n<h3 class=\"h4\">Forum di conferenze e spettacoli speciali<\/h3>\r\n<\/div>\r\n<\/div>\r\n<div class=\"uncode_text_column\">\r\n<p>Oltre alle opportunit\u00e0 di aumentare l'efficienza della produzione, un'AQ intelligente favorisce naturalmente anche la realizzazione di prodotti sicuri. La riduzione dei costi dei potenziali errori, l'evitamento di sprechi di materiale e di manodopera extra, nonch\u00e9 un elevato livello di soddisfazione dei clienti sono direttamente collegati all'AQ. Quanto pi\u00f9 moderni e coerenti sono i processi di AQ, tanto minori sono le interruzioni nella catena del valore. La tendenza \u00e8 verso la completa automazione dei processi di ispezione durante la fabbricazione dei prodotti; essi stanno diventando pi\u00f9 veloci ed efficienti, vengono eseguiti in linea e integrati in un'ampia variet\u00e0 di processi. I visitatori di Control 2025 saranno aggiornati su questi temi nell'ambito del forum di presentazione. I visitatori potranno inoltre approfittare ancora una volta della mostra speciale \"Contactless Measurement Technology\", organizzata dalla business unit Fraunhofer Vision, che quest'anno si terr\u00e0 per la 19a volta. La mostra presenta tecnologie, applicazioni e componenti di sistema all'avanguardia nel campo delle tecnologie di misura e collaudo senza contatto. \"I visitatori hanno tradizionalmente l'opportunit\u00e0 di ottenere informazioni aggiornate e di stabilire nuovi contatti grazie a un programma di supporto di prim'ordine\", spiega il responsabile del progetto. \"Oltre all'esposizione, il programma di supporto \u00e8 indispensabile per acquisire ulteriori conoscenze specialistiche sulla moderna tecnologia di misura e sulla garanzia di qualit\u00e0. Non vediamo l'ora di accogliere molti visitatori anche quest'anno!\".<\/p>\r\n<p><em>Ulteriori informazioni: <a href=\"http:\/\/www.control-messe.de\/\">www.control-messe.de<\/a><\/em><\/p>\r\n<\/div>\n<p class=\"syndicated-attribution\">Questo articolo \u00e8 apparso originariamente su m-q.ch - <a href=\"https:\/\/www.m-q.ch\/de\/fachmesse-control-2025-praxis-und-zukunftsorientiert\/\" target=\"_blank\">https:\/\/www.m-q.ch\/de\/fachmesse-control-2025-praxis-und-zukunftsorientiert\/<\/a><\/p>","protected":false},"excerpt":{"rendered":"<p>Mancano poco meno di quattro settimane all'evento clou del settore per i professionisti del controllo qualit\u00e0: dal 6 al 9 maggio 2025 si incontreranno alla 37a fiera internazionale Control per il controllo qualit\u00e0 a Stoccarda. L'organizzatore della fiera riempir\u00e0 quattro padiglioni e inviter\u00e0 i visitatori a un programma di supporto di prim'ordine. Il momento clou sar\u00e0 il nuovo \"Control Quality Talk\", una tavola rotonda in cui esperti di fama discuteranno il tema dell'IA.<\/p>","protected":false},"author":8,"featured_media":0,"comment_status":"closed","ping_status":"closed","sticky":false,"template":"","format":"standard","meta":{"_acf_changed":false,"_yoast_wpseo_focuskw":"Control 2025","_yoast_wpseo_metadesc":"Vom 6. bis 9. Mai 2025 findet die 37. Control, internationale Fachmesse f\u00fcr Qualit\u00e4tssicherung, in Stuttgart statt.","articlekey":"","footnotes":""},"categories":[582],"tags":[5257,193,3592,319,605],"class_list":["post-37449","post","type-post","status-publish","format-standard","hentry","category-operational-excellence","tag-control-messe","tag-fachkongressfachmesse","tag-industrielle-qualitaetssicherung","tag-kuenstliche-intelligenz","tag-qualitaetsmanagement"],"acf":[],"yoast_head":"<!-- This site is optimized with the Yoast SEO plugin v27.4 - https:\/\/yoast.com\/product\/yoast-seo-wordpress\/ -->\n<title>Fachmesse Control 2025: Praxis- und zukunftsorientiert - Organisator<\/title>\n<meta name=\"description\" content=\"Vom 6. bis 9. Mai 2025 findet die 37. Control, internationale Fachmesse f\u00fcr Qualit\u00e4tssicherung, in Stuttgart statt.\" \/>\n<meta name=\"robots\" content=\"index, follow, max-snippet:-1, max-image-preview:large, max-video-preview:-1\" \/>\n<link rel=\"canonical\" href=\"https:\/\/www.organisator.ch\/it\/?p=37449\" \/>\n<meta property=\"og:locale\" content=\"it_IT\" \/>\n<meta property=\"og:type\" content=\"article\" \/>\n<meta property=\"og:title\" content=\"Fachmesse Control 2025: Praxis- und zukunftsorientiert - Organisator\" \/>\n<meta property=\"og:description\" content=\"Vom 6. bis 9. Mai 2025 findet die 37. Control, internationale Fachmesse f\u00fcr Qualit\u00e4tssicherung, in Stuttgart statt.\" \/>\n<meta property=\"og:url\" content=\"https:\/\/www.organisator.ch\/it\/?p=37449\" \/>\n<meta property=\"og:site_name\" content=\"Organisator\" \/>\n<meta property=\"article:publisher\" content=\"https:\/\/www.facebook.com\/OrganisatorFachmagazin\" \/>\n<meta property=\"article:published_time\" content=\"2025-04-07T05:56:58+00:00\" \/>\n<meta name=\"author\" content=\"galledia\" \/>\n<meta name=\"twitter:card\" content=\"summary_large_image\" \/>\n<meta name=\"twitter:creator\" content=\"@admin\" \/>\n<script type=\"application\/ld+json\" class=\"yoast-schema-graph\">{\"@context\":\"https:\\\/\\\/schema.org\",\"@graph\":[{\"@type\":\"Article\",\"@id\":\"https:\\\/\\\/www.organisator.ch\\\/?p=37449#article\",\"isPartOf\":{\"@id\":\"https:\\\/\\\/www.organisator.ch\\\/?p=37449\"},\"author\":{\"name\":\"galledia\",\"@id\":\"https:\\\/\\\/www.organisator.ch\\\/#\\\/schema\\\/person\\\/4e51799071cd2dd1232ac003643ef5f0\"},\"headline\":\"Fachmesse Control 2025: Praxis- und zukunftsorientiert\",\"datePublished\":\"2025-04-07T05:56:58+00:00\",\"mainEntityOfPage\":{\"@id\":\"https:\\\/\\\/www.organisator.ch\\\/?p=37449\"},\"wordCount\":592,\"publisher\":{\"@id\":\"https:\\\/\\\/www.organisator.ch\\\/#organization\"},\"image\":{\"@id\":\"https:\\\/\\\/www.organisator.ch\\\/?p=37449#primaryimage\"},\"thumbnailUrl\":\"https:\\\/\\\/www.m-q.ch\\\/wp-content\\\/uploads\\\/2025\\\/04\\\/Fachmesse-Control-2025-Praxis-und-zukunftsorientiert_MQ.jpg\",\"keywords\":[\"Control Messe\",\"Fachkongress\\\/Fachmesse\",\"Industrielle Qualit\u00e4tssicherung\",\"K\u00fcnstliche Intelligenz\",\"Qualit\u00e4tsmanagement\"],\"articleSection\":[\"OPERATIONAL EXCELLENCE\"],\"inLanguage\":\"it-IT\"},{\"@type\":\"WebPage\",\"@id\":\"https:\\\/\\\/www.organisator.ch\\\/?p=37449\",\"url\":\"https:\\\/\\\/www.organisator.ch\\\/?p=37449\",\"name\":\"Fachmesse Control 2025: Praxis- und zukunftsorientiert - Organisator\",\"isPartOf\":{\"@id\":\"https:\\\/\\\/www.organisator.ch\\\/#website\"},\"primaryImageOfPage\":{\"@id\":\"https:\\\/\\\/www.organisator.ch\\\/?p=37449#primaryimage\"},\"image\":{\"@id\":\"https:\\\/\\\/www.organisator.ch\\\/?p=37449#primaryimage\"},\"thumbnailUrl\":\"https:\\\/\\\/www.m-q.ch\\\/wp-content\\\/uploads\\\/2025\\\/04\\\/Fachmesse-Control-2025-Praxis-und-zukunftsorientiert_MQ.jpg\",\"datePublished\":\"2025-04-07T05:56:58+00:00\",\"description\":\"Vom 6. bis 9. Mai 2025 findet die 37. Control, internationale Fachmesse f\u00fcr Qualit\u00e4tssicherung, in Stuttgart statt.\",\"breadcrumb\":{\"@id\":\"https:\\\/\\\/www.organisator.ch\\\/?p=37449#breadcrumb\"},\"inLanguage\":\"it-IT\",\"potentialAction\":[{\"@type\":\"ReadAction\",\"target\":[\"https:\\\/\\\/www.organisator.ch\\\/?p=37449\"]}]},{\"@type\":\"ImageObject\",\"inLanguage\":\"it-IT\",\"@id\":\"https:\\\/\\\/www.organisator.ch\\\/?p=37449#primaryimage\",\"url\":\"https:\\\/\\\/www.m-q.ch\\\/wp-content\\\/uploads\\\/2025\\\/04\\\/Fachmesse-Control-2025-Praxis-und-zukunftsorientiert_MQ.jpg\",\"contentUrl\":\"https:\\\/\\\/www.m-q.ch\\\/wp-content\\\/uploads\\\/2025\\\/04\\\/Fachmesse-Control-2025-Praxis-und-zukunftsorientiert_MQ.jpg\"},{\"@type\":\"BreadcrumbList\",\"@id\":\"https:\\\/\\\/www.organisator.ch\\\/?p=37449#breadcrumb\",\"itemListElement\":[{\"@type\":\"ListItem\",\"position\":1,\"name\":\"Home\",\"item\":\"https:\\\/\\\/www.organisator.ch\\\/\"},{\"@type\":\"ListItem\",\"position\":2,\"name\":\"Fachmesse Control 2025: Praxis- und zukunftsorientiert\"}]},{\"@type\":\"WebSite\",\"@id\":\"https:\\\/\\\/www.organisator.ch\\\/#website\",\"url\":\"https:\\\/\\\/www.organisator.ch\\\/\",\"name\":\"Organisator\",\"description\":\"Kompetent. Praxisnah. Der ORGANISATOR bereitet in 10 Ausgaben pro Jahr die wesentlichen Themen f\u00fcr F\u00fchrungskr\u00e4fte von KMU auf.\",\"publisher\":{\"@id\":\"https:\\\/\\\/www.organisator.ch\\\/#organization\"},\"potentialAction\":[{\"@type\":\"SearchAction\",\"target\":{\"@type\":\"EntryPoint\",\"urlTemplate\":\"https:\\\/\\\/www.organisator.ch\\\/?s={search_term_string}\"},\"query-input\":{\"@type\":\"PropertyValueSpecification\",\"valueRequired\":true,\"valueName\":\"search_term_string\"}}],\"inLanguage\":\"it-IT\"},{\"@type\":\"Organization\",\"@id\":\"https:\\\/\\\/www.organisator.ch\\\/#organization\",\"name\":\"Organisator\",\"url\":\"https:\\\/\\\/www.organisator.ch\\\/\",\"logo\":{\"@type\":\"ImageObject\",\"inLanguage\":\"it-IT\",\"@id\":\"https:\\\/\\\/www.organisator.ch\\\/#\\\/schema\\\/logo\\\/image\\\/\",\"url\":\"https:\\\/\\\/www.organisator.ch\\\/wp-content\\\/uploads\\\/2022\\\/01\\\/Logo_Organisator_Website.png\",\"contentUrl\":\"https:\\\/\\\/www.organisator.ch\\\/wp-content\\\/uploads\\\/2022\\\/01\\\/Logo_Organisator_Website.png\",\"width\":800,\"height\":77,\"caption\":\"Organisator\"},\"image\":{\"@id\":\"https:\\\/\\\/www.organisator.ch\\\/#\\\/schema\\\/logo\\\/image\\\/\"},\"sameAs\":[\"https:\\\/\\\/www.facebook.com\\\/OrganisatorFachmagazin\",\"https:\\\/\\\/www.linkedin.com\\\/showcase\\\/organisator-das-magazin-fr-kmu\",\"https:\\\/\\\/www.xing.com\\\/news\\\/pages\\\/organisator-ch-695\",\"https:\\\/\\\/www.youtube.com\\\/channel\\\/UCGP2Sq0iWaZwT3BdIAQFYpw\"]},{\"@type\":\"Person\",\"@id\":\"https:\\\/\\\/www.organisator.ch\\\/#\\\/schema\\\/person\\\/4e51799071cd2dd1232ac003643ef5f0\",\"name\":\"galledia\",\"image\":{\"@type\":\"ImageObject\",\"inLanguage\":\"it-IT\",\"@id\":\"https:\\\/\\\/secure.gravatar.com\\\/avatar\\\/78a7f90c01fc2bfc875782a0d4922b37cde2cf184ce347b91316d23cd7f69a36?s=96&d=mm&r=g\",\"url\":\"https:\\\/\\\/secure.gravatar.com\\\/avatar\\\/78a7f90c01fc2bfc875782a0d4922b37cde2cf184ce347b91316d23cd7f69a36?s=96&d=mm&r=g\",\"contentUrl\":\"https:\\\/\\\/secure.gravatar.com\\\/avatar\\\/78a7f90c01fc2bfc875782a0d4922b37cde2cf184ce347b91316d23cd7f69a36?s=96&d=mm&r=g\",\"caption\":\"galledia\"},\"sameAs\":[\"https:\\\/\\\/x.com\\\/admin\"],\"url\":\"https:\\\/\\\/www.organisator.ch\\\/it\\\/author\\\/galledia\\\/\"}]}<\/script>\n<!-- \/ Yoast SEO plugin. -->","yoast_head_json":{"title":"Fiera Control 2025: orientata alla pratica e al futuro - Organizzatore","description":"La 37a edizione di Control, la fiera internazionale per l'assicurazione della qualit\u00e0, si terr\u00e0 a Stoccarda dal 6 al 9 maggio 2025.","robots":{"index":"index","follow":"follow","max-snippet":"max-snippet:-1","max-image-preview":"max-image-preview:large","max-video-preview":"max-video-preview:-1"},"canonical":"https:\/\/www.organisator.ch\/it\/?p=37449","og_locale":"it_IT","og_type":"article","og_title":"Fachmesse Control 2025: Praxis- und zukunftsorientiert - Organisator","og_description":"Vom 6. bis 9. Mai 2025 findet die 37. Control, internationale Fachmesse f\u00fcr Qualit\u00e4tssicherung, in Stuttgart statt.","og_url":"https:\/\/www.organisator.ch\/it\/?p=37449","og_site_name":"Organisator","article_publisher":"https:\/\/www.facebook.com\/OrganisatorFachmagazin","article_published_time":"2025-04-07T05:56:58+00:00","author":"galledia","twitter_card":"summary_large_image","twitter_creator":"@admin","schema":{"@context":"https:\/\/schema.org","@graph":[{"@type":"Article","@id":"https:\/\/www.organisator.ch\/?p=37449#article","isPartOf":{"@id":"https:\/\/www.organisator.ch\/?p=37449"},"author":{"name":"galledia","@id":"https:\/\/www.organisator.ch\/#\/schema\/person\/4e51799071cd2dd1232ac003643ef5f0"},"headline":"Fachmesse Control 2025: Praxis- und zukunftsorientiert","datePublished":"2025-04-07T05:56:58+00:00","mainEntityOfPage":{"@id":"https:\/\/www.organisator.ch\/?p=37449"},"wordCount":592,"publisher":{"@id":"https:\/\/www.organisator.ch\/#organization"},"image":{"@id":"https:\/\/www.organisator.ch\/?p=37449#primaryimage"},"thumbnailUrl":"https:\/\/www.m-q.ch\/wp-content\/uploads\/2025\/04\/Fachmesse-Control-2025-Praxis-und-zukunftsorientiert_MQ.jpg","keywords":["Control Messe","Fachkongress\/Fachmesse","Industrielle Qualit\u00e4tssicherung","K\u00fcnstliche Intelligenz","Qualit\u00e4tsmanagement"],"articleSection":["OPERATIONAL EXCELLENCE"],"inLanguage":"it-IT"},{"@type":"WebPage","@id":"https:\/\/www.organisator.ch\/?p=37449","url":"https:\/\/www.organisator.ch\/?p=37449","name":"Fiera Control 2025: orientata alla pratica e al futuro - Organizzatore","isPartOf":{"@id":"https:\/\/www.organisator.ch\/#website"},"primaryImageOfPage":{"@id":"https:\/\/www.organisator.ch\/?p=37449#primaryimage"},"image":{"@id":"https:\/\/www.organisator.ch\/?p=37449#primaryimage"},"thumbnailUrl":"https:\/\/www.m-q.ch\/wp-content\/uploads\/2025\/04\/Fachmesse-Control-2025-Praxis-und-zukunftsorientiert_MQ.jpg","datePublished":"2025-04-07T05:56:58+00:00","description":"La 37a edizione di Control, la fiera internazionale per l'assicurazione della qualit\u00e0, si terr\u00e0 a Stoccarda dal 6 al 9 maggio 2025.","breadcrumb":{"@id":"https:\/\/www.organisator.ch\/?p=37449#breadcrumb"},"inLanguage":"it-IT","potentialAction":[{"@type":"ReadAction","target":["https:\/\/www.organisator.ch\/?p=37449"]}]},{"@type":"ImageObject","inLanguage":"it-IT","@id":"https:\/\/www.organisator.ch\/?p=37449#primaryimage","url":"https:\/\/www.m-q.ch\/wp-content\/uploads\/2025\/04\/Fachmesse-Control-2025-Praxis-und-zukunftsorientiert_MQ.jpg","contentUrl":"https:\/\/www.m-q.ch\/wp-content\/uploads\/2025\/04\/Fachmesse-Control-2025-Praxis-und-zukunftsorientiert_MQ.jpg"},{"@type":"BreadcrumbList","@id":"https:\/\/www.organisator.ch\/?p=37449#breadcrumb","itemListElement":[{"@type":"ListItem","position":1,"name":"Home","item":"https:\/\/www.organisator.ch\/"},{"@type":"ListItem","position":2,"name":"Fachmesse Control 2025: Praxis- und zukunftsorientiert"}]},{"@type":"WebSite","@id":"https:\/\/www.organisator.ch\/#website","url":"https:\/\/www.organisator.ch\/","name":"Organizzatore","description":"Competente. Pratico. In 10 numeri all'anno, ORGANISATOR presenta i temi essenziali per i manager delle PMI.","publisher":{"@id":"https:\/\/www.organisator.ch\/#organization"},"potentialAction":[{"@type":"SearchAction","target":{"@type":"EntryPoint","urlTemplate":"https:\/\/www.organisator.ch\/?s={search_term_string}"},"query-input":{"@type":"PropertyValueSpecification","valueRequired":true,"valueName":"search_term_string"}}],"inLanguage":"it-IT"},{"@type":"Organization","@id":"https:\/\/www.organisator.ch\/#organization","name":"Organizzatore","url":"https:\/\/www.organisator.ch\/","logo":{"@type":"ImageObject","inLanguage":"it-IT","@id":"https:\/\/www.organisator.ch\/#\/schema\/logo\/image\/","url":"https:\/\/www.organisator.ch\/wp-content\/uploads\/2022\/01\/Logo_Organisator_Website.png","contentUrl":"https:\/\/www.organisator.ch\/wp-content\/uploads\/2022\/01\/Logo_Organisator_Website.png","width":800,"height":77,"caption":"Organisator"},"image":{"@id":"https:\/\/www.organisator.ch\/#\/schema\/logo\/image\/"},"sameAs":["https:\/\/www.facebook.com\/OrganisatorFachmagazin","https:\/\/www.linkedin.com\/showcase\/organisator-das-magazin-fr-kmu","https:\/\/www.xing.com\/news\/pages\/organisator-ch-695","https:\/\/www.youtube.com\/channel\/UCGP2Sq0iWaZwT3BdIAQFYpw"]},{"@type":"Person","@id":"https:\/\/www.organisator.ch\/#\/schema\/person\/4e51799071cd2dd1232ac003643ef5f0","name":"galledia","image":{"@type":"ImageObject","inLanguage":"it-IT","@id":"https:\/\/secure.gravatar.com\/avatar\/78a7f90c01fc2bfc875782a0d4922b37cde2cf184ce347b91316d23cd7f69a36?s=96&d=mm&r=g","url":"https:\/\/secure.gravatar.com\/avatar\/78a7f90c01fc2bfc875782a0d4922b37cde2cf184ce347b91316d23cd7f69a36?s=96&d=mm&r=g","contentUrl":"https:\/\/secure.gravatar.com\/avatar\/78a7f90c01fc2bfc875782a0d4922b37cde2cf184ce347b91316d23cd7f69a36?s=96&d=mm&r=g","caption":"galledia"},"sameAs":["https:\/\/x.com\/admin"],"url":"https:\/\/www.organisator.ch\/it\/author\/galledia\/"}]}},"_links":{"self":[{"href":"https:\/\/www.organisator.ch\/it\/wp-json\/wp\/v2\/posts\/37449","targetHints":{"allow":["GET"]}}],"collection":[{"href":"https:\/\/www.organisator.ch\/it\/wp-json\/wp\/v2\/posts"}],"about":[{"href":"https:\/\/www.organisator.ch\/it\/wp-json\/wp\/v2\/types\/post"}],"author":[{"embeddable":true,"href":"https:\/\/www.organisator.ch\/it\/wp-json\/wp\/v2\/users\/8"}],"replies":[{"embeddable":true,"href":"https:\/\/www.organisator.ch\/it\/wp-json\/wp\/v2\/comments?post=37449"}],"version-history":[{"count":6,"href":"https:\/\/www.organisator.ch\/it\/wp-json\/wp\/v2\/posts\/37449\/revisions"}],"predecessor-version":[{"id":37481,"href":"https:\/\/www.organisator.ch\/it\/wp-json\/wp\/v2\/posts\/37449\/revisions\/37481"}],"wp:attachment":[{"href":"https:\/\/www.organisator.ch\/it\/wp-json\/wp\/v2\/media?parent=37449"}],"wp:term":[{"taxonomy":"category","embeddable":true,"href":"https:\/\/www.organisator.ch\/it\/wp-json\/wp\/v2\/categories?post=37449"},{"taxonomy":"post_tag","embeddable":true,"href":"https:\/\/www.organisator.ch\/it\/wp-json\/wp\/v2\/tags?post=37449"}],"curies":[{"name":"wp","href":"https:\/\/api.w.org\/{rel}","templated":true}]}}