{"id":37483,"date":"2025-04-07T14:15:00","date_gmt":"2025-04-07T12:15:00","guid":{"rendered":"https:\/\/www.organisator.ch\/?p=37483"},"modified":"2025-04-07T11:45:48","modified_gmt":"2025-04-07T09:45:48","slug":"neotares-eroeffnet-standort-in-zuerich-und-baut-marktpraesenz-in-der-schweiz-aus","status":"publish","type":"post","link":"https:\/\/www.organisator.ch\/it\/management\/2025-04-07\/neotares-eroeffnet-standort-in-zuerich-und-baut-marktpraesenz-in-der-schweiz-aus\/","title":{"rendered":"neotares apre una sede a Zurigo ed espande la presenza sul mercato svizzero"},"content":{"rendered":"<figure id=\"attachment_37484\" aria-describedby=\"caption-attachment-37484\" style=\"width: 680px\" class=\"wp-caption alignnone\"><img loading=\"lazy\" decoding=\"async\" class=\"size-full wp-image-37484\" src=\"https:\/\/www.organisator.ch\/wp-content\/uploads\/2025\/04\/neotares-eroeffnet-Standort-in-Zuerich-und-baut-Marktpraesenz-in-der-Schweiz-aus_Organisator.jpg\" alt=\"\" width=\"680\" height=\"554\" srcset=\"https:\/\/www.organisator.ch\/wp-content\/uploads\/2025\/04\/neotares-eroeffnet-Standort-in-Zuerich-und-baut-Marktpraesenz-in-der-Schweiz-aus_Organisator.jpg 680w, https:\/\/www.organisator.ch\/wp-content\/uploads\/2025\/04\/neotares-eroeffnet-Standort-in-Zuerich-und-baut-Marktpraesenz-in-der-Schweiz-aus_Organisator-15x12.jpg 15w, https:\/\/www.organisator.ch\/wp-content\/uploads\/2025\/04\/neotares-eroeffnet-Standort-in-Zuerich-und-baut-Marktpraesenz-in-der-Schweiz-aus_Organisator-368x300.jpg 368w, https:\/\/www.organisator.ch\/wp-content\/uploads\/2025\/04\/neotares-eroeffnet-Standort-in-Zuerich-und-baut-Marktpraesenz-in-der-Schweiz-aus_Organisator-430x350.jpg 430w\" sizes=\"auto, (max-width: 680px) 100vw, 680px\" \/><figcaption id=\"caption-attachment-37484\" class=\"wp-caption-text\">Katharina Sidler, amministratore delegato della neonata filiale svizzera di neotares. (Immagine: zVg)<\/figcaption><\/figure>\n<p>L'azienda neotares \u00e8 stata fondata in Germania nel 2015. Offre soluzioni olistiche per ambienti di lavoro moderni e orientati al futuro. La gamma di servizi spazia dalla gestione dei cambiamenti e dei progetti, alla consulenza in materia di comunicazione fino ai concetti architettonici, sempre con l'obiettivo di creare un ambiente di lavoro che armonizzi cultura, tecnologia, flessibilit\u00e0 ed esigenze dei dipendenti.<\/p>\n<p>Katharina Sidler (36 anni) assumer\u00e0 la direzione della nuova filiale svizzera in qualit\u00e0 di amministratore delegato. L'economista immobiliare vanta oltre 15 anni di esperienza internazionale nella gestione immobiliare, nello sviluppo di progetti e nel marketing immobiliare. I suoi incarichi precedenti includono aziende famose come Zalando SE, Drees &amp; Sommer Switzerland e, pi\u00f9 recentemente, CBRE Switzerland. Nel suo nuovo ruolo, sar\u00e0 responsabile della creazione e dello sviluppo del marchio neotares in Svizzera. Il Consiglio di Amministrazione di neotares Consult Swiss AG sar\u00e0 completato da Norman Kustos, fondatore e Presidente del Consiglio di Amministrazione di neotares, e da Daniel Dickel, membro del Consiglio di Amministrazione.<\/p>\n<p>Il trasferimento a Zurigo non solo amplia la portata geografica dell'azienda, ma rafforza anche la sua posizione di leader di pensiero e di forza trainante per la progettazione di ambienti di lavoro innovativi in tutto il mondo di lingua tedesca.<\/p>\n<p><em>Fonte e ulteriori informazioni: <a href=\"http:\/\/www.neotares.com\">neotares Consultare<\/a><\/em><\/p>\n<p>&nbsp;<\/p>\n<blockquote>\n<h3>5 domande a Katharina Sidler sul futuro del mondo del lavoro<\/h3>\n<p><em>Perch\u00e9 il design dell'ambiente di lavoro \u00e8 un fattore chiave per il successo aziendale?<\/em><\/p>\n<p>Katharina Sidler: Un ambiente di lavoro \u00e8 molto pi\u00f9 di una semplice struttura fisica: \u00e8 uno strumento strategico. Il design degli uffici ha un impatto diretto sul benessere, sulla motivazione e sull'efficienza dei dipendenti. Ricordo ancora le mie esperienze in stanze buie, poco ventilate e non strutturate: erano opprimenti, rendevano difficile la collaborazione e avevano un impatto negativo sulle prestazioni. Al contrario, vedo sempre pi\u00f9 spesso l'impatto positivo di ambienti di lavoro luminosi, ben studiati ed ergonomici: promuovono l'innovazione, la comunicazione e lo spirito di squadra.<\/p>\n<p><em>Come vede il futuro del lavoro d'ufficio?<\/em><\/p>\n<p>L'ufficio del futuro cambier\u00e0 radicalmente. Diventer\u00e0 sempre pi\u00f9 un luogo di identificazione, interazione sociale e innovazione. I modelli di lavoro ibridi richiedono strutture spaziali flessibili che consentano sia il lavoro individuale concentrato che lo scambio creativo. Allo stesso tempo, gli strumenti digitali stanno diventando sempre pi\u00f9 importanti: edifici intelligenti, postazioni di lavoro in rete e ottimizzazione del posto di lavoro supportata dall'intelligenza artificiale sono fattori decisivi per un ambiente efficiente e favorevole ai dipendenti. Gli uffici continueranno a evolversi e a funzionare sempre pi\u00f9 come luoghi di incontro centrali che promuovono attivamente la cultura aziendale.<\/p>\n<p><em>Quali sfide vede attualmente per le aziende e i proprietari di immobili?<\/em><\/p>\n<p>Le aziende si trovano a dover utilizzare lo spazio in modo strategico per massimizzare l'efficienza economica e la soddisfazione dei dipendenti. Allo stesso tempo, i proprietari devono affrontare la sfida di adattare le loro propriet\u00e0 ai requisiti in rapida evoluzione del mondo del lavoro. La digitalizzazione apre immense opportunit\u00e0 in questo senso: sistemi di prenotazione intelligenti, soluzioni di smart workplace e utilizzo dello spazio supportato dai dati possono contribuire a rendere gli uffici efficienti e a prova di futuro. Chi ignora questi sviluppi perder\u00e0 competitivit\u00e0 nel lungo periodo.<\/p>\n<p><em>In che misura la sostenibilit\u00e0 gioca un ruolo nello sviluppo di spazi per uffici sostenibili?<\/em><\/p>\n<p>La sostenibilit\u00e0 \u00e8 una componente essenziale della progettazione di un luogo di lavoro moderno e va ben oltre la pura efficienza energetica. Si tratta di materiali da costruzione che consentono di risparmiare risorse, di tecnologie edilizie intelligenti e, soprattutto, di un utilizzo flessibile a lungo termine. Le aziende hanno bisogno di ambienti di lavoro che possano essere adattati alle mutevoli esigenze attraverso concetti di ambienti modulari e strutture adattabili. Allo stesso tempo, abbiamo la responsabilit\u00e0 di creare ambienti di lavoro sani e produttivi che mettano le persone al centro. Gli immobili sostenibili non sono quindi solo ecologici, ma anche economicamente efficienti e a prova di futuro.<\/p>\n<p><em>Nella sua carriera ha conosciuto molti ambienti di lavoro diversi. Quali spunti ha tratto da questa esperienza?<\/em><\/p>\n<p>Il dialogo diretto con aziende di diversi settori mi ha dimostrato che non esiste una soluzione perfetta. Si tratta piuttosto di sviluppare concetti di ufficio che si adattino alle esigenze specifiche e ai metodi di lavoro delle aziende. Gli ambienti di lavoro di successo creano un equilibrio tra funzionalit\u00e0, benessere e identit\u00e0 aziendale. In pratica, ci\u00f2 significa che le aziende hanno bisogno di spazi di lavoro che promuovano la collaborazione ma che offrano anche luoghi di ritiro per il lavoro concentrato. Quando questi elementi vengono integrati in modo mirato, si creano ambienti di lavoro che non solo generano valore aggiunto economico, ma hanno anche un impatto duraturo sulla cultura aziendale.<\/p>\n<p>&nbsp;<\/p>\n<\/blockquote>","protected":false},"excerpt":{"rendered":"<p>La societ\u00e0 di consulenza neotares, specializzata nella progettazione di nuovi ambienti di lavoro, sta espandendo la sua presenza internazionale ed \u00e8 ora rappresentata anche in Svizzera. Con la fondazione di neotares Consult Swiss AG e la nuova sede di Zurigo, l'azienda prosegue la sua strategia di espansione, parallelamente allo sviluppo del mercato austriaco.<\/p>","protected":false},"author":4,"featured_media":37484,"comment_status":"closed","ping_status":"closed","sticky":false,"template":"","format":"standard","meta":{"_acf_changed":false,"_yoast_wpseo_focuskw":"neotares","_yoast_wpseo_metadesc":"Das Beratungsunternehmen neotares, spezialisiert auf die Konzeption neuer Arbeitswelten, ist neu auch in der Schweiz vertreten.","articlekey":"","footnotes":""},"categories":[28],"tags":[128,334,363,492],"class_list":["post-37483","post","type-post","status-publish","format-standard","has-post-thumbnail","hentry","category-management","tag-consulting","tag-management","tag-new-work","tag-unternehmen"],"acf":[],"yoast_head":"<!-- This site is optimized with the Yoast SEO plugin v27.5 - https:\/\/yoast.com\/product\/yoast-seo-wordpress\/ -->\n<title>neotares er\u00f6ffnet Standort in Z\u00fcrich und baut Marktpr\u00e4senz in der Schweiz aus - Organisator<\/title>\n<meta name=\"description\" content=\"Das Beratungsunternehmen neotares, spezialisiert auf die Konzeption neuer Arbeitswelten, ist neu auch in der Schweiz vertreten.\" \/>\n<meta name=\"robots\" content=\"index, follow, max-snippet:-1, max-image-preview:large, max-video-preview:-1\" \/>\n<link rel=\"canonical\" href=\"https:\/\/www.organisator.ch\/it\/gestione-2\/2025-04-07\/neotares-eroeffnet-standort-in-zuerich-und-baut-marktpraesenz-in-der-schweiz-aus\/\" \/>\n<meta property=\"og:locale\" content=\"it_IT\" \/>\n<meta property=\"og:type\" content=\"article\" \/>\n<meta property=\"og:title\" content=\"neotares er\u00f6ffnet Standort in Z\u00fcrich und baut Marktpr\u00e4senz in der Schweiz aus\" \/>\n<meta property=\"og:description\" content=\"Das Beratungsunternehmen neotares, spezialisiert auf die Konzeption neuer Arbeitswelten, ist neu auch in der Schweiz vertreten.\" \/>\n<meta property=\"og:url\" content=\"https:\/\/www.organisator.ch\/it\/gestione-2\/2025-04-07\/neotares-eroeffnet-standort-in-zuerich-und-baut-marktpraesenz-in-der-schweiz-aus\/\" \/>\n<meta property=\"og:site_name\" content=\"Organisator\" \/>\n<meta property=\"article:publisher\" content=\"https:\/\/www.facebook.com\/OrganisatorFachmagazin\" \/>\n<meta property=\"article:published_time\" content=\"2025-04-07T12:15:00+00:00\" \/>\n<meta property=\"og:image\" content=\"https:\/\/www.organisator.ch\/wp-content\/uploads\/2025\/04\/neotares-eroeffnet-Standort-in-Zuerich-und-baut-Marktpraesenz-in-der-Schweiz-aus_Organisator.jpg\" \/>\n\t<meta property=\"og:image:width\" content=\"680\" \/>\n\t<meta property=\"og:image:height\" content=\"554\" \/>\n\t<meta property=\"og:image:type\" content=\"image\/jpeg\" \/>\n<meta name=\"author\" content=\"thomas.berner\" \/>\n<meta name=\"twitter:card\" content=\"summary_large_image\" \/>\n<meta name=\"twitter:title\" content=\"#neotares er\u00f6ffnet Standort in Z\u00fcrich und baut #Marktpr\u00e4senz in der Schweiz aus\" \/>\n<meta name=\"twitter:description\" content=\"Das #Beratungsunternehmen #neotares, spezialisiert auf die Konzeption neuer #Arbeitswelten, ist neu auch in der Schweiz vertreten.\" \/>\n<meta name=\"twitter:image\" content=\"https:\/\/www.organisator.ch\/wp-content\/uploads\/2025\/04\/neotares-eroeffnet-Standort-in-Zuerich-und-baut-Marktpraesenz-in-der-Schweiz-aus_Organisator.jpg\" \/>\n<script type=\"application\/ld+json\" class=\"yoast-schema-graph\">{\"@context\":\"https:\\\/\\\/schema.org\",\"@graph\":[{\"@type\":\"Article\",\"@id\":\"https:\\\/\\\/www.organisator.ch\\\/management\\\/2025-04-07\\\/neotares-eroeffnet-standort-in-zuerich-und-baut-marktpraesenz-in-der-schweiz-aus\\\/#article\",\"isPartOf\":{\"@id\":\"https:\\\/\\\/www.organisator.ch\\\/management\\\/2025-04-07\\\/neotares-eroeffnet-standort-in-zuerich-und-baut-marktpraesenz-in-der-schweiz-aus\\\/\"},\"author\":{\"name\":\"thomas.berner\",\"@id\":\"https:\\\/\\\/www.organisator.ch\\\/#\\\/schema\\\/person\\\/6f650f90b2842cd4c0cc334b4e36f67e\"},\"headline\":\"neotares er\u00f6ffnet Standort in Z\u00fcrich und baut Marktpr\u00e4senz in der Schweiz aus\",\"datePublished\":\"2025-04-07T12:15:00+00:00\",\"mainEntityOfPage\":{\"@id\":\"https:\\\/\\\/www.organisator.ch\\\/management\\\/2025-04-07\\\/neotares-eroeffnet-standort-in-zuerich-und-baut-marktpraesenz-in-der-schweiz-aus\\\/\"},\"wordCount\":738,\"publisher\":{\"@id\":\"https:\\\/\\\/www.organisator.ch\\\/#organization\"},\"image\":{\"@id\":\"https:\\\/\\\/www.organisator.ch\\\/management\\\/2025-04-07\\\/neotares-eroeffnet-standort-in-zuerich-und-baut-marktpraesenz-in-der-schweiz-aus\\\/#primaryimage\"},\"thumbnailUrl\":\"https:\\\/\\\/www.organisator.ch\\\/wp-content\\\/uploads\\\/2025\\\/04\\\/neotares-eroeffnet-Standort-in-Zuerich-und-baut-Marktpraesenz-in-der-Schweiz-aus_Organisator.jpg\",\"keywords\":[\"Consulting\",\"Management\",\"New Work\",\"Unternehmen\"],\"articleSection\":[\"MANAGEMENT\"],\"inLanguage\":\"it-IT\"},{\"@type\":\"WebPage\",\"@id\":\"https:\\\/\\\/www.organisator.ch\\\/management\\\/2025-04-07\\\/neotares-eroeffnet-standort-in-zuerich-und-baut-marktpraesenz-in-der-schweiz-aus\\\/\",\"url\":\"https:\\\/\\\/www.organisator.ch\\\/management\\\/2025-04-07\\\/neotares-eroeffnet-standort-in-zuerich-und-baut-marktpraesenz-in-der-schweiz-aus\\\/\",\"name\":\"neotares er\u00f6ffnet Standort in Z\u00fcrich und baut Marktpr\u00e4senz in der Schweiz aus - Organisator\",\"isPartOf\":{\"@id\":\"https:\\\/\\\/www.organisator.ch\\\/#website\"},\"primaryImageOfPage\":{\"@id\":\"https:\\\/\\\/www.organisator.ch\\\/management\\\/2025-04-07\\\/neotares-eroeffnet-standort-in-zuerich-und-baut-marktpraesenz-in-der-schweiz-aus\\\/#primaryimage\"},\"image\":{\"@id\":\"https:\\\/\\\/www.organisator.ch\\\/management\\\/2025-04-07\\\/neotares-eroeffnet-standort-in-zuerich-und-baut-marktpraesenz-in-der-schweiz-aus\\\/#primaryimage\"},\"thumbnailUrl\":\"https:\\\/\\\/www.organisator.ch\\\/wp-content\\\/uploads\\\/2025\\\/04\\\/neotares-eroeffnet-Standort-in-Zuerich-und-baut-Marktpraesenz-in-der-Schweiz-aus_Organisator.jpg\",\"datePublished\":\"2025-04-07T12:15:00+00:00\",\"description\":\"Das Beratungsunternehmen neotares, spezialisiert auf die Konzeption neuer Arbeitswelten, ist neu auch in der Schweiz vertreten.\",\"breadcrumb\":{\"@id\":\"https:\\\/\\\/www.organisator.ch\\\/management\\\/2025-04-07\\\/neotares-eroeffnet-standort-in-zuerich-und-baut-marktpraesenz-in-der-schweiz-aus\\\/#breadcrumb\"},\"inLanguage\":\"it-IT\",\"potentialAction\":[{\"@type\":\"ReadAction\",\"target\":[\"https:\\\/\\\/www.organisator.ch\\\/management\\\/2025-04-07\\\/neotares-eroeffnet-standort-in-zuerich-und-baut-marktpraesenz-in-der-schweiz-aus\\\/\"]}]},{\"@type\":\"ImageObject\",\"inLanguage\":\"it-IT\",\"@id\":\"https:\\\/\\\/www.organisator.ch\\\/management\\\/2025-04-07\\\/neotares-eroeffnet-standort-in-zuerich-und-baut-marktpraesenz-in-der-schweiz-aus\\\/#primaryimage\",\"url\":\"https:\\\/\\\/www.organisator.ch\\\/wp-content\\\/uploads\\\/2025\\\/04\\\/neotares-eroeffnet-Standort-in-Zuerich-und-baut-Marktpraesenz-in-der-Schweiz-aus_Organisator.jpg\",\"contentUrl\":\"https:\\\/\\\/www.organisator.ch\\\/wp-content\\\/uploads\\\/2025\\\/04\\\/neotares-eroeffnet-Standort-in-Zuerich-und-baut-Marktpraesenz-in-der-Schweiz-aus_Organisator.jpg\",\"width\":680,\"height\":554,\"caption\":\"Katharina Sidler, Gesch\u00e4ftsf\u00fchrerin der neu gegr\u00fcndeten Schweizer Niederlassung von neotares. (Bild: zVg \\\/ neotares Consult)\"},{\"@type\":\"BreadcrumbList\",\"@id\":\"https:\\\/\\\/www.organisator.ch\\\/management\\\/2025-04-07\\\/neotares-eroeffnet-standort-in-zuerich-und-baut-marktpraesenz-in-der-schweiz-aus\\\/#breadcrumb\",\"itemListElement\":[{\"@type\":\"ListItem\",\"position\":1,\"name\":\"Home\",\"item\":\"https:\\\/\\\/www.organisator.ch\\\/\"},{\"@type\":\"ListItem\",\"position\":2,\"name\":\"neotares er\u00f6ffnet Standort in Z\u00fcrich und baut Marktpr\u00e4senz in der Schweiz aus\"}]},{\"@type\":\"WebSite\",\"@id\":\"https:\\\/\\\/www.organisator.ch\\\/#website\",\"url\":\"https:\\\/\\\/www.organisator.ch\\\/\",\"name\":\"Organisator\",\"description\":\"Kompetent. Praxisnah. Der ORGANISATOR bereitet in 10 Ausgaben pro Jahr die wesentlichen Themen f\u00fcr F\u00fchrungskr\u00e4fte von KMU auf.\",\"publisher\":{\"@id\":\"https:\\\/\\\/www.organisator.ch\\\/#organization\"},\"potentialAction\":[{\"@type\":\"SearchAction\",\"target\":{\"@type\":\"EntryPoint\",\"urlTemplate\":\"https:\\\/\\\/www.organisator.ch\\\/?s={search_term_string}\"},\"query-input\":{\"@type\":\"PropertyValueSpecification\",\"valueRequired\":true,\"valueName\":\"search_term_string\"}}],\"inLanguage\":\"it-IT\"},{\"@type\":\"Organization\",\"@id\":\"https:\\\/\\\/www.organisator.ch\\\/#organization\",\"name\":\"Organisator\",\"url\":\"https:\\\/\\\/www.organisator.ch\\\/\",\"logo\":{\"@type\":\"ImageObject\",\"inLanguage\":\"it-IT\",\"@id\":\"https:\\\/\\\/www.organisator.ch\\\/#\\\/schema\\\/logo\\\/image\\\/\",\"url\":\"https:\\\/\\\/www.organisator.ch\\\/wp-content\\\/uploads\\\/2022\\\/01\\\/Logo_Organisator_Website.png\",\"contentUrl\":\"https:\\\/\\\/www.organisator.ch\\\/wp-content\\\/uploads\\\/2022\\\/01\\\/Logo_Organisator_Website.png\",\"width\":800,\"height\":77,\"caption\":\"Organisator\"},\"image\":{\"@id\":\"https:\\\/\\\/www.organisator.ch\\\/#\\\/schema\\\/logo\\\/image\\\/\"},\"sameAs\":[\"https:\\\/\\\/www.facebook.com\\\/OrganisatorFachmagazin\",\"https:\\\/\\\/www.linkedin.com\\\/showcase\\\/organisator-das-magazin-fr-kmu\",\"https:\\\/\\\/www.xing.com\\\/news\\\/pages\\\/organisator-ch-695\",\"https:\\\/\\\/www.youtube.com\\\/channel\\\/UCGP2Sq0iWaZwT3BdIAQFYpw\"]},{\"@type\":\"Person\",\"@id\":\"https:\\\/\\\/www.organisator.ch\\\/#\\\/schema\\\/person\\\/6f650f90b2842cd4c0cc334b4e36f67e\",\"name\":\"thomas.berner\",\"image\":{\"@type\":\"ImageObject\",\"inLanguage\":\"it-IT\",\"@id\":\"https:\\\/\\\/secure.gravatar.com\\\/avatar\\\/ac5001d2a36cb6c6cd3e50789007ffca834b477b74a2144564522e944eabff61?s=96&d=mm&r=g\",\"url\":\"https:\\\/\\\/secure.gravatar.com\\\/avatar\\\/ac5001d2a36cb6c6cd3e50789007ffca834b477b74a2144564522e944eabff61?s=96&d=mm&r=g\",\"contentUrl\":\"https:\\\/\\\/secure.gravatar.com\\\/avatar\\\/ac5001d2a36cb6c6cd3e50789007ffca834b477b74a2144564522e944eabff61?s=96&d=mm&r=g\",\"caption\":\"thomas.berner\"},\"url\":\"https:\\\/\\\/www.organisator.ch\\\/it\\\/author\\\/thomas-berner\\\/\"}]}<\/script>\n<!-- \/ Yoast SEO plugin. -->","yoast_head_json":{"title":"neotares apre una sede a Zurigo ed espande la presenza sul mercato svizzero - Organizzatore","description":"La societ\u00e0 di consulenza neotares, specializzata nella progettazione di nuovi ambienti di lavoro, \u00e8 ora rappresentata anche in Svizzera.","robots":{"index":"index","follow":"follow","max-snippet":"max-snippet:-1","max-image-preview":"max-image-preview:large","max-video-preview":"max-video-preview:-1"},"canonical":"https:\/\/www.organisator.ch\/it\/gestione-2\/2025-04-07\/neotares-eroeffnet-standort-in-zuerich-und-baut-marktpraesenz-in-der-schweiz-aus\/","og_locale":"it_IT","og_type":"article","og_title":"neotares er\u00f6ffnet Standort in Z\u00fcrich und baut Marktpr\u00e4senz in der Schweiz aus","og_description":"Das Beratungsunternehmen neotares, spezialisiert auf die Konzeption neuer Arbeitswelten, ist neu auch in der Schweiz vertreten.","og_url":"https:\/\/www.organisator.ch\/it\/gestione-2\/2025-04-07\/neotares-eroeffnet-standort-in-zuerich-und-baut-marktpraesenz-in-der-schweiz-aus\/","og_site_name":"Organisator","article_publisher":"https:\/\/www.facebook.com\/OrganisatorFachmagazin","article_published_time":"2025-04-07T12:15:00+00:00","og_image":[{"width":680,"height":554,"url":"https:\/\/www.organisator.ch\/wp-content\/uploads\/2025\/04\/neotares-eroeffnet-Standort-in-Zuerich-und-baut-Marktpraesenz-in-der-Schweiz-aus_Organisator.jpg","type":"image\/jpeg"}],"author":"thomas.berner","twitter_card":"summary_large_image","twitter_title":"#neotares er\u00f6ffnet Standort in Z\u00fcrich und baut #Marktpr\u00e4senz in der Schweiz aus","twitter_description":"Das #Beratungsunternehmen #neotares, spezialisiert auf die Konzeption neuer #Arbeitswelten, ist neu auch in der Schweiz vertreten.","twitter_image":"https:\/\/www.organisator.ch\/wp-content\/uploads\/2025\/04\/neotares-eroeffnet-Standort-in-Zuerich-und-baut-Marktpraesenz-in-der-Schweiz-aus_Organisator.jpg","schema":{"@context":"https:\/\/schema.org","@graph":[{"@type":"Article","@id":"https:\/\/www.organisator.ch\/management\/2025-04-07\/neotares-eroeffnet-standort-in-zuerich-und-baut-marktpraesenz-in-der-schweiz-aus\/#article","isPartOf":{"@id":"https:\/\/www.organisator.ch\/management\/2025-04-07\/neotares-eroeffnet-standort-in-zuerich-und-baut-marktpraesenz-in-der-schweiz-aus\/"},"author":{"name":"thomas.berner","@id":"https:\/\/www.organisator.ch\/#\/schema\/person\/6f650f90b2842cd4c0cc334b4e36f67e"},"headline":"neotares er\u00f6ffnet Standort in Z\u00fcrich und baut Marktpr\u00e4senz in der Schweiz aus","datePublished":"2025-04-07T12:15:00+00:00","mainEntityOfPage":{"@id":"https:\/\/www.organisator.ch\/management\/2025-04-07\/neotares-eroeffnet-standort-in-zuerich-und-baut-marktpraesenz-in-der-schweiz-aus\/"},"wordCount":738,"publisher":{"@id":"https:\/\/www.organisator.ch\/#organization"},"image":{"@id":"https:\/\/www.organisator.ch\/management\/2025-04-07\/neotares-eroeffnet-standort-in-zuerich-und-baut-marktpraesenz-in-der-schweiz-aus\/#primaryimage"},"thumbnailUrl":"https:\/\/www.organisator.ch\/wp-content\/uploads\/2025\/04\/neotares-eroeffnet-Standort-in-Zuerich-und-baut-Marktpraesenz-in-der-Schweiz-aus_Organisator.jpg","keywords":["Consulting","Management","New Work","Unternehmen"],"articleSection":["MANAGEMENT"],"inLanguage":"it-IT"},{"@type":"WebPage","@id":"https:\/\/www.organisator.ch\/management\/2025-04-07\/neotares-eroeffnet-standort-in-zuerich-und-baut-marktpraesenz-in-der-schweiz-aus\/","url":"https:\/\/www.organisator.ch\/management\/2025-04-07\/neotares-eroeffnet-standort-in-zuerich-und-baut-marktpraesenz-in-der-schweiz-aus\/","name":"neotares apre una sede a Zurigo ed espande la presenza sul mercato svizzero - Organizzatore","isPartOf":{"@id":"https:\/\/www.organisator.ch\/#website"},"primaryImageOfPage":{"@id":"https:\/\/www.organisator.ch\/management\/2025-04-07\/neotares-eroeffnet-standort-in-zuerich-und-baut-marktpraesenz-in-der-schweiz-aus\/#primaryimage"},"image":{"@id":"https:\/\/www.organisator.ch\/management\/2025-04-07\/neotares-eroeffnet-standort-in-zuerich-und-baut-marktpraesenz-in-der-schweiz-aus\/#primaryimage"},"thumbnailUrl":"https:\/\/www.organisator.ch\/wp-content\/uploads\/2025\/04\/neotares-eroeffnet-Standort-in-Zuerich-und-baut-Marktpraesenz-in-der-Schweiz-aus_Organisator.jpg","datePublished":"2025-04-07T12:15:00+00:00","description":"La societ\u00e0 di consulenza neotares, specializzata nella progettazione di nuovi ambienti di lavoro, \u00e8 ora rappresentata anche in Svizzera.","breadcrumb":{"@id":"https:\/\/www.organisator.ch\/management\/2025-04-07\/neotares-eroeffnet-standort-in-zuerich-und-baut-marktpraesenz-in-der-schweiz-aus\/#breadcrumb"},"inLanguage":"it-IT","potentialAction":[{"@type":"ReadAction","target":["https:\/\/www.organisator.ch\/management\/2025-04-07\/neotares-eroeffnet-standort-in-zuerich-und-baut-marktpraesenz-in-der-schweiz-aus\/"]}]},{"@type":"ImageObject","inLanguage":"it-IT","@id":"https:\/\/www.organisator.ch\/management\/2025-04-07\/neotares-eroeffnet-standort-in-zuerich-und-baut-marktpraesenz-in-der-schweiz-aus\/#primaryimage","url":"https:\/\/www.organisator.ch\/wp-content\/uploads\/2025\/04\/neotares-eroeffnet-Standort-in-Zuerich-und-baut-Marktpraesenz-in-der-Schweiz-aus_Organisator.jpg","contentUrl":"https:\/\/www.organisator.ch\/wp-content\/uploads\/2025\/04\/neotares-eroeffnet-Standort-in-Zuerich-und-baut-Marktpraesenz-in-der-Schweiz-aus_Organisator.jpg","width":680,"height":554,"caption":"Katharina Sidler, Gesch\u00e4ftsf\u00fchrerin der neu gegr\u00fcndeten Schweizer Niederlassung von neotares. (Bild: zVg \/ neotares Consult)"},{"@type":"BreadcrumbList","@id":"https:\/\/www.organisator.ch\/management\/2025-04-07\/neotares-eroeffnet-standort-in-zuerich-und-baut-marktpraesenz-in-der-schweiz-aus\/#breadcrumb","itemListElement":[{"@type":"ListItem","position":1,"name":"Home","item":"https:\/\/www.organisator.ch\/"},{"@type":"ListItem","position":2,"name":"neotares er\u00f6ffnet Standort in Z\u00fcrich und baut Marktpr\u00e4senz in der Schweiz aus"}]},{"@type":"WebSite","@id":"https:\/\/www.organisator.ch\/#website","url":"https:\/\/www.organisator.ch\/","name":"Organizzatore","description":"Competente. Pratico. In 10 numeri all'anno, ORGANISATOR presenta i temi essenziali per i manager delle PMI.","publisher":{"@id":"https:\/\/www.organisator.ch\/#organization"},"potentialAction":[{"@type":"SearchAction","target":{"@type":"EntryPoint","urlTemplate":"https:\/\/www.organisator.ch\/?s={search_term_string}"},"query-input":{"@type":"PropertyValueSpecification","valueRequired":true,"valueName":"search_term_string"}}],"inLanguage":"it-IT"},{"@type":"Organization","@id":"https:\/\/www.organisator.ch\/#organization","name":"Organizzatore","url":"https:\/\/www.organisator.ch\/","logo":{"@type":"ImageObject","inLanguage":"it-IT","@id":"https:\/\/www.organisator.ch\/#\/schema\/logo\/image\/","url":"https:\/\/www.organisator.ch\/wp-content\/uploads\/2022\/01\/Logo_Organisator_Website.png","contentUrl":"https:\/\/www.organisator.ch\/wp-content\/uploads\/2022\/01\/Logo_Organisator_Website.png","width":800,"height":77,"caption":"Organisator"},"image":{"@id":"https:\/\/www.organisator.ch\/#\/schema\/logo\/image\/"},"sameAs":["https:\/\/www.facebook.com\/OrganisatorFachmagazin","https:\/\/www.linkedin.com\/showcase\/organisator-das-magazin-fr-kmu","https:\/\/www.xing.com\/news\/pages\/organisator-ch-695","https:\/\/www.youtube.com\/channel\/UCGP2Sq0iWaZwT3BdIAQFYpw"]},{"@type":"Person","@id":"https:\/\/www.organisator.ch\/#\/schema\/person\/6f650f90b2842cd4c0cc334b4e36f67e","name":"Tommaso.berner","image":{"@type":"ImageObject","inLanguage":"it-IT","@id":"https:\/\/secure.gravatar.com\/avatar\/ac5001d2a36cb6c6cd3e50789007ffca834b477b74a2144564522e944eabff61?s=96&d=mm&r=g","url":"https:\/\/secure.gravatar.com\/avatar\/ac5001d2a36cb6c6cd3e50789007ffca834b477b74a2144564522e944eabff61?s=96&d=mm&r=g","contentUrl":"https:\/\/secure.gravatar.com\/avatar\/ac5001d2a36cb6c6cd3e50789007ffca834b477b74a2144564522e944eabff61?s=96&d=mm&r=g","caption":"thomas.berner"},"url":"https:\/\/www.organisator.ch\/it\/author\/thomas-berner\/"}]}},"_links":{"self":[{"href":"https:\/\/www.organisator.ch\/it\/wp-json\/wp\/v2\/posts\/37483","targetHints":{"allow":["GET"]}}],"collection":[{"href":"https:\/\/www.organisator.ch\/it\/wp-json\/wp\/v2\/posts"}],"about":[{"href":"https:\/\/www.organisator.ch\/it\/wp-json\/wp\/v2\/types\/post"}],"author":[{"embeddable":true,"href":"https:\/\/www.organisator.ch\/it\/wp-json\/wp\/v2\/users\/4"}],"replies":[{"embeddable":true,"href":"https:\/\/www.organisator.ch\/it\/wp-json\/wp\/v2\/comments?post=37483"}],"version-history":[{"count":4,"href":"https:\/\/www.organisator.ch\/it\/wp-json\/wp\/v2\/posts\/37483\/revisions"}],"predecessor-version":[{"id":37534,"href":"https:\/\/www.organisator.ch\/it\/wp-json\/wp\/v2\/posts\/37483\/revisions\/37534"}],"wp:featuredmedia":[{"embeddable":true,"href":"https:\/\/www.organisator.ch\/it\/wp-json\/wp\/v2\/media\/37484"}],"wp:attachment":[{"href":"https:\/\/www.organisator.ch\/it\/wp-json\/wp\/v2\/media?parent=37483"}],"wp:term":[{"taxonomy":"category","embeddable":true,"href":"https:\/\/www.organisator.ch\/it\/wp-json\/wp\/v2\/categories?post=37483"},{"taxonomy":"post_tag","embeddable":true,"href":"https:\/\/www.organisator.ch\/it\/wp-json\/wp\/v2\/tags?post=37483"}],"curies":[{"name":"wp","href":"https:\/\/api.w.org\/{rel}","templated":true}]}}