{"id":37491,"date":"2025-04-08T04:39:04","date_gmt":"2025-04-08T02:39:04","guid":{"rendered":"https:\/\/www.organisator.ch\/?p=37491"},"modified":"2025-04-07T14:52:39","modified_gmt":"2025-04-07T12:52:39","slug":"internationales-kickstart-innovation-programm-startet-zum-10-mal","status":"publish","type":"post","link":"https:\/\/www.organisator.ch\/it\/management\/2025-04-08\/internationales-kickstart-innovation-programm-startet-zum-10-mal\/","title":{"rendered":"Il programma internazionale per l'innovazione Kickstart inizia per la decima volta"},"content":{"rendered":"<figure id=\"attachment_37492\" aria-describedby=\"caption-attachment-37492\" style=\"width: 680px\" class=\"wp-caption alignnone\"><img loading=\"lazy\" decoding=\"async\" class=\"size-full wp-image-37492\" src=\"https:\/\/www.organisator.ch\/wp-content\/uploads\/2025\/04\/Internationales-Kickstart-Innovation-Programm-startet-zum-10-Mal_Organisator.jpg\" alt=\"\" width=\"680\" height=\"454\" srcset=\"https:\/\/www.organisator.ch\/wp-content\/uploads\/2025\/04\/Internationales-Kickstart-Innovation-Programm-startet-zum-10-Mal_Organisator.jpg 680w, https:\/\/www.organisator.ch\/wp-content\/uploads\/2025\/04\/Internationales-Kickstart-Innovation-Programm-startet-zum-10-Mal_Organisator-18x12.jpg 18w, https:\/\/www.organisator.ch\/wp-content\/uploads\/2025\/04\/Internationales-Kickstart-Innovation-Programm-startet-zum-10-Mal_Organisator-375x250.jpg 375w, https:\/\/www.organisator.ch\/wp-content\/uploads\/2025\/04\/Internationales-Kickstart-Innovation-Programm-startet-zum-10-Mal_Organisator-524x350.jpg 524w\" sizes=\"auto, (max-width: 680px) 100vw, 680px\" \/><figcaption id=\"caption-attachment-37492\" class=\"wp-caption-text\">Il programma Kickstart Innovation ha aperto la fase di candidatura per la decima volta. (Immagine: Pixabay.com)<\/figcaption><\/figure>\n<p>Secondo la piattaforma internazionale di innovazione aperta a capitale zero Kickstart, le aziende svizzere stanno facendo progressi lenti nell'introduzione dell'IA rispetto ad altri Paesi. \"I servizi di IA come ChatGPT stanno facendo progressi, ma spesso mancano soluzioni specifiche per l'azienda basate su modelli auto-addestrati e dati proprietari\", spiega la co-fondatrice e CEO Katka Letzing. Secondo un <a href=\"https:\/\/ethz.ch\/en\/news-and-events\/eth-news\/news\/2024\/06\/ai-reality-lags-the-hype-in-swiss-tech-industries.html\">Sondaggio ETH<\/a> Tra 200 aziende tecnologiche svizzere, solo una su dieci utilizza o pilota l'IA. Lo studio ha rivelato che la mancanza di accesso alle competenze in materia di IA \u00e8 attualmente il principale ostacolo per il settore tecnologico svizzero. Sia le aziende che le start-up possono beneficiare del nuovo programma Kickstart, la cui fase di candidatura \u00e8 appena iniziata. Durante le nove settimane del programma di quest'anno a Zurigo, le start-up selezionate di cinque settori incontreranno aziende, organizzazioni e istituzioni leader del settore e lavoreranno insieme su nuove idee e tecnologie e su approcci commerciali creativi per rafforzare la loro forza innovativa e aprire nuove opportunit\u00e0 di crescita. L'anno scorso, il 95% delle start-up aveva gi\u00e0 integrato l'intelligenza artificiale nelle proprie soluzioni. Tra le aziende partner del programma figurano AXA, Coop, Swisscom, la Mobili\u00e8re, MSD, PostFinance, Romande Energie, Sanitas, Die Stadt Z\u00fcrich, Innovaud e altre.<\/p>\n<h3>Idee imprenditoriali realizzate con successo<\/h3>\n<p>Dal 2015 Kickstart ha sostenuto pi\u00f9 di 490 start-up e team di intrapreneurship e ha facilitato pi\u00f9 di 340 accordi e proof-of-concept e altri accordi commerciali. Ex partecipanti come <a href=\"https:\/\/ch.eatplanted.com\/?srsltid=AfmBOorE8kPkl6TkzCGrDPZNjOT_jXOSlRNSrdNtmQKJyjmLCmT0ydzy\">Piantato<\/a>, <a href=\"https:\/\/www.neustark.com\/de\">Neustark<\/a> e <a href=\"https:\/\/www.kern-tec.com\/en\/\">KernTec<\/a> hanno trasformato le loro idee in aziende di successo che ora occupano posizioni di primo piano nei loro mercati. Planted sta rivoluzionando il mercato delle alternative di carne a base vegetale, mentre Neustark sta dando un contributo significativo con il suo prodotto a base di CO<sub>2<\/sub>-L'azienda sta contribuendo attivamente alla protezione del clima con la sua soluzione di legatura del calcestruzzo e KernTec sta trasformando i noccioli della frutta da prodotti di scarto in materie prime sostenibili. In totale, tutti gli alumni di Kickstart hanno finora generato un capitale di oltre 2,8 miliardi di franchi svizzeri e hanno scalato con successo i loro prodotti.<\/p>\n<h3><strong>I partner del programma Kickstart stanno attualmente testando soluzioni di intelligenza artificiale.<\/strong><\/h3>\n<p>Secondo una recente valutazione del programma Kickstart dello scorso anno, le applicazioni di IA sono state al centro delle soluzioni del 95 % delle 41 start-up partecipanti e sono state sempre pi\u00f9 richieste dalle aziende partecipanti. Un esempio sono le start-up <a href=\"https:\/\/join-hypt.com\/en\/home\/\">\"hypt\"<\/a> e <a href=\"https:\/\/www.multimodal.dev\/\">\"Multimodale\"<\/a>che ha concluso diversi accordi con aziende leader in Svizzera per le sue soluzioni basate sui dati, tra cui la Mobili\u00e8re, Swisscom, PostFinance e Sanitas.<\/p>\n<p>Il programma Kickstart copre cinque aree tematiche: Salute e benessere, Finanza e assicurazioni (compresa la Cybersecurity), Food &amp; Retail, New Work &amp; Learning e Smart Cities. Oltre al programma Open Innovation, Kickstart gestisce anche il progetto Mission 2030, che si occupa di iniziative specifiche a sostegno degli obiettivi di sostenibilit\u00e0 a lungo termine, come l'implementazione dell'IA per l'impatto, l'economia circolare, l'inclusione e altri temi.<\/p>\n<p>La fase di candidatura \u00e8 iniziata il 3 aprile 2025 e invita le start-up e le aziende ambiziose impegnate nell'innovazione a candidarsi e a entrare nell'ecosistema dell'innovazione Kickstart.<\/p>\n<p><em>Qui va al <a href=\"https:\/\/startups.kickstart-innovation.com\/apply\">Link per l'applicazione<\/a> e ulteriori informazioni sul <a href=\"https:\/\/www.kickstart-innovation.com\/join\">Partnership Kickstart<\/a><\/em><\/p>","protected":false},"excerpt":{"rendered":"<p>Il programma di innovazione Kickstart apre la fase di candidatura per la decima volta. L'anno scorso, le applicazioni di intelligenza artificiale hanno costituito il fulcro della candidatura nel 95% dei casi, mentre il 60% ha integrato la sostenibilit\u00e0 e l'economia circolare come elementi centrali delle soluzioni presentate.<\/p>","protected":false},"author":4,"featured_media":37492,"comment_status":"closed","ping_status":"closed","sticky":false,"template":"","format":"standard","meta":{"_acf_changed":false,"_yoast_wpseo_focuskw":"Kickstart Innovation Programm","_yoast_wpseo_metadesc":"Das Kickstart Innovation Programm \u00f6ffnet zum zehnten Mal die Bewerbungsphase. Seit dem 3. April 2025 kann man sich bewerben.","articlekey":"","footnotes":""},"categories":[28],"tags":[274,335,451],"class_list":["post-37491","post","type-post","status-publish","format-standard","has-post-thumbnail","hentry","category-management","tag-innovation","tag-management-und-unternehmensfuehrung","tag-startups"],"acf":[],"yoast_head":"<!-- This site is optimized with the Yoast SEO plugin v27.4 - https:\/\/yoast.com\/product\/yoast-seo-wordpress\/ -->\n<title>Internationales Kickstart Innovation Programm startet zum 10. Mal - Organisator<\/title>\n<meta name=\"description\" content=\"Das Kickstart Innovation Programm \u00f6ffnet zum zehnten Mal die Bewerbungsphase. Seit dem 3. April 2025 kann man sich bewerben.\" \/>\n<meta name=\"robots\" content=\"index, follow, max-snippet:-1, max-image-preview:large, max-video-preview:-1\" \/>\n<link rel=\"canonical\" href=\"https:\/\/www.organisator.ch\/it\/gestione-2\/2025-04-08\/internationales-kickstart-innovation-programm-startet-zum-10-mal\/\" \/>\n<meta property=\"og:locale\" content=\"it_IT\" \/>\n<meta property=\"og:type\" content=\"article\" \/>\n<meta property=\"og:title\" content=\"Internationales Kickstart Innovation Programm startet zum 10. Mal\" \/>\n<meta property=\"og:description\" content=\"Das Kickstart Innovation Programm \u00f6ffnet zum zehnten Mal die Bewerbungsphase. Seit dem 3. April 2025 kann man sich bewerben.\" \/>\n<meta property=\"og:url\" content=\"https:\/\/www.organisator.ch\/it\/gestione-2\/2025-04-08\/internationales-kickstart-innovation-programm-startet-zum-10-mal\/\" \/>\n<meta property=\"og:site_name\" content=\"Organisator\" \/>\n<meta property=\"article:publisher\" content=\"https:\/\/www.facebook.com\/OrganisatorFachmagazin\" \/>\n<meta property=\"article:published_time\" content=\"2025-04-08T02:39:04+00:00\" \/>\n<meta property=\"og:image\" content=\"https:\/\/www.organisator.ch\/wp-content\/uploads\/2025\/04\/Internationales-Kickstart-Innovation-Programm-startet-zum-10-Mal_Organisator.jpg\" \/>\n\t<meta property=\"og:image:width\" content=\"680\" \/>\n\t<meta property=\"og:image:height\" content=\"454\" \/>\n\t<meta property=\"og:image:type\" content=\"image\/jpeg\" \/>\n<meta name=\"author\" content=\"thomas.berner\" \/>\n<meta name=\"twitter:card\" content=\"summary_large_image\" \/>\n<meta name=\"twitter:title\" content=\"Internationales #Kickstart #Innovation Programm startet zum 10. Mal\" \/>\n<meta name=\"twitter:description\" content=\"Das #Kickstart #Innovation Programm \u00f6ffnet zum zehnten Mal die Bewerbungsphase. Seit dem 3. April 2025 kann man sich bewerben.\" \/>\n<meta name=\"twitter:image\" content=\"https:\/\/www.organisator.ch\/wp-content\/uploads\/2025\/04\/Internationales-Kickstart-Innovation-Programm-startet-zum-10-Mal_Organisator.jpg\" \/>\n<script type=\"application\/ld+json\" class=\"yoast-schema-graph\">{\"@context\":\"https:\\\/\\\/schema.org\",\"@graph\":[{\"@type\":\"Article\",\"@id\":\"https:\\\/\\\/www.organisator.ch\\\/management\\\/2025-04-08\\\/internationales-kickstart-innovation-programm-startet-zum-10-mal\\\/#article\",\"isPartOf\":{\"@id\":\"https:\\\/\\\/www.organisator.ch\\\/management\\\/2025-04-08\\\/internationales-kickstart-innovation-programm-startet-zum-10-mal\\\/\"},\"author\":{\"name\":\"thomas.berner\",\"@id\":\"https:\\\/\\\/www.organisator.ch\\\/#\\\/schema\\\/person\\\/6f650f90b2842cd4c0cc334b4e36f67e\"},\"headline\":\"Internationales Kickstart Innovation Programm startet zum 10. Mal\",\"datePublished\":\"2025-04-08T02:39:04+00:00\",\"mainEntityOfPage\":{\"@id\":\"https:\\\/\\\/www.organisator.ch\\\/management\\\/2025-04-08\\\/internationales-kickstart-innovation-programm-startet-zum-10-mal\\\/\"},\"wordCount\":490,\"publisher\":{\"@id\":\"https:\\\/\\\/www.organisator.ch\\\/#organization\"},\"image\":{\"@id\":\"https:\\\/\\\/www.organisator.ch\\\/management\\\/2025-04-08\\\/internationales-kickstart-innovation-programm-startet-zum-10-mal\\\/#primaryimage\"},\"thumbnailUrl\":\"https:\\\/\\\/www.organisator.ch\\\/wp-content\\\/uploads\\\/2025\\\/04\\\/Internationales-Kickstart-Innovation-Programm-startet-zum-10-Mal_Organisator.jpg\",\"keywords\":[\"Innovation\",\"Management und Unternehmensf\u00fchrung\",\"Startups\"],\"articleSection\":[\"MANAGEMENT\"],\"inLanguage\":\"it-IT\"},{\"@type\":\"WebPage\",\"@id\":\"https:\\\/\\\/www.organisator.ch\\\/management\\\/2025-04-08\\\/internationales-kickstart-innovation-programm-startet-zum-10-mal\\\/\",\"url\":\"https:\\\/\\\/www.organisator.ch\\\/management\\\/2025-04-08\\\/internationales-kickstart-innovation-programm-startet-zum-10-mal\\\/\",\"name\":\"Internationales Kickstart Innovation Programm startet zum 10. Mal - Organisator\",\"isPartOf\":{\"@id\":\"https:\\\/\\\/www.organisator.ch\\\/#website\"},\"primaryImageOfPage\":{\"@id\":\"https:\\\/\\\/www.organisator.ch\\\/management\\\/2025-04-08\\\/internationales-kickstart-innovation-programm-startet-zum-10-mal\\\/#primaryimage\"},\"image\":{\"@id\":\"https:\\\/\\\/www.organisator.ch\\\/management\\\/2025-04-08\\\/internationales-kickstart-innovation-programm-startet-zum-10-mal\\\/#primaryimage\"},\"thumbnailUrl\":\"https:\\\/\\\/www.organisator.ch\\\/wp-content\\\/uploads\\\/2025\\\/04\\\/Internationales-Kickstart-Innovation-Programm-startet-zum-10-Mal_Organisator.jpg\",\"datePublished\":\"2025-04-08T02:39:04+00:00\",\"description\":\"Das Kickstart Innovation Programm \u00f6ffnet zum zehnten Mal die Bewerbungsphase. Seit dem 3. April 2025 kann man sich bewerben.\",\"breadcrumb\":{\"@id\":\"https:\\\/\\\/www.organisator.ch\\\/management\\\/2025-04-08\\\/internationales-kickstart-innovation-programm-startet-zum-10-mal\\\/#breadcrumb\"},\"inLanguage\":\"it-IT\",\"potentialAction\":[{\"@type\":\"ReadAction\",\"target\":[\"https:\\\/\\\/www.organisator.ch\\\/management\\\/2025-04-08\\\/internationales-kickstart-innovation-programm-startet-zum-10-mal\\\/\"]}]},{\"@type\":\"ImageObject\",\"inLanguage\":\"it-IT\",\"@id\":\"https:\\\/\\\/www.organisator.ch\\\/management\\\/2025-04-08\\\/internationales-kickstart-innovation-programm-startet-zum-10-mal\\\/#primaryimage\",\"url\":\"https:\\\/\\\/www.organisator.ch\\\/wp-content\\\/uploads\\\/2025\\\/04\\\/Internationales-Kickstart-Innovation-Programm-startet-zum-10-Mal_Organisator.jpg\",\"contentUrl\":\"https:\\\/\\\/www.organisator.ch\\\/wp-content\\\/uploads\\\/2025\\\/04\\\/Internationales-Kickstart-Innovation-Programm-startet-zum-10-Mal_Organisator.jpg\",\"width\":680,\"height\":454,\"caption\":\"Das Kickstart Innovation Programm hat zum 10. Mal die Bewerbungsphase er\u00f6ffnet. (Bild: Pixabay.com)\"},{\"@type\":\"BreadcrumbList\",\"@id\":\"https:\\\/\\\/www.organisator.ch\\\/management\\\/2025-04-08\\\/internationales-kickstart-innovation-programm-startet-zum-10-mal\\\/#breadcrumb\",\"itemListElement\":[{\"@type\":\"ListItem\",\"position\":1,\"name\":\"Home\",\"item\":\"https:\\\/\\\/www.organisator.ch\\\/\"},{\"@type\":\"ListItem\",\"position\":2,\"name\":\"Internationales Kickstart Innovation Programm startet zum 10. Mal\"}]},{\"@type\":\"WebSite\",\"@id\":\"https:\\\/\\\/www.organisator.ch\\\/#website\",\"url\":\"https:\\\/\\\/www.organisator.ch\\\/\",\"name\":\"Organisator\",\"description\":\"Kompetent. Praxisnah. Der ORGANISATOR bereitet in 10 Ausgaben pro Jahr die wesentlichen Themen f\u00fcr F\u00fchrungskr\u00e4fte von KMU auf.\",\"publisher\":{\"@id\":\"https:\\\/\\\/www.organisator.ch\\\/#organization\"},\"potentialAction\":[{\"@type\":\"SearchAction\",\"target\":{\"@type\":\"EntryPoint\",\"urlTemplate\":\"https:\\\/\\\/www.organisator.ch\\\/?s={search_term_string}\"},\"query-input\":{\"@type\":\"PropertyValueSpecification\",\"valueRequired\":true,\"valueName\":\"search_term_string\"}}],\"inLanguage\":\"it-IT\"},{\"@type\":\"Organization\",\"@id\":\"https:\\\/\\\/www.organisator.ch\\\/#organization\",\"name\":\"Organisator\",\"url\":\"https:\\\/\\\/www.organisator.ch\\\/\",\"logo\":{\"@type\":\"ImageObject\",\"inLanguage\":\"it-IT\",\"@id\":\"https:\\\/\\\/www.organisator.ch\\\/#\\\/schema\\\/logo\\\/image\\\/\",\"url\":\"https:\\\/\\\/www.organisator.ch\\\/wp-content\\\/uploads\\\/2022\\\/01\\\/Logo_Organisator_Website.png\",\"contentUrl\":\"https:\\\/\\\/www.organisator.ch\\\/wp-content\\\/uploads\\\/2022\\\/01\\\/Logo_Organisator_Website.png\",\"width\":800,\"height\":77,\"caption\":\"Organisator\"},\"image\":{\"@id\":\"https:\\\/\\\/www.organisator.ch\\\/#\\\/schema\\\/logo\\\/image\\\/\"},\"sameAs\":[\"https:\\\/\\\/www.facebook.com\\\/OrganisatorFachmagazin\",\"https:\\\/\\\/www.linkedin.com\\\/showcase\\\/organisator-das-magazin-fr-kmu\",\"https:\\\/\\\/www.xing.com\\\/news\\\/pages\\\/organisator-ch-695\",\"https:\\\/\\\/www.youtube.com\\\/channel\\\/UCGP2Sq0iWaZwT3BdIAQFYpw\"]},{\"@type\":\"Person\",\"@id\":\"https:\\\/\\\/www.organisator.ch\\\/#\\\/schema\\\/person\\\/6f650f90b2842cd4c0cc334b4e36f67e\",\"name\":\"thomas.berner\",\"image\":{\"@type\":\"ImageObject\",\"inLanguage\":\"it-IT\",\"@id\":\"https:\\\/\\\/secure.gravatar.com\\\/avatar\\\/ac5001d2a36cb6c6cd3e50789007ffca834b477b74a2144564522e944eabff61?s=96&d=mm&r=g\",\"url\":\"https:\\\/\\\/secure.gravatar.com\\\/avatar\\\/ac5001d2a36cb6c6cd3e50789007ffca834b477b74a2144564522e944eabff61?s=96&d=mm&r=g\",\"contentUrl\":\"https:\\\/\\\/secure.gravatar.com\\\/avatar\\\/ac5001d2a36cb6c6cd3e50789007ffca834b477b74a2144564522e944eabff61?s=96&d=mm&r=g\",\"caption\":\"thomas.berner\"},\"url\":\"https:\\\/\\\/www.organisator.ch\\\/it\\\/author\\\/thomas-berner\\\/\"}]}<\/script>\n<!-- \/ Yoast SEO plugin. -->","yoast_head_json":{"title":"Il programma internazionale per l'innovazione Kickstart parte per la decima volta - Organizzatore","description":"Il programma Kickstart Innovation apre la fase di candidatura per la decima volta. Le domande possono essere presentate a partire dal 3 aprile 2025.","robots":{"index":"index","follow":"follow","max-snippet":"max-snippet:-1","max-image-preview":"max-image-preview:large","max-video-preview":"max-video-preview:-1"},"canonical":"https:\/\/www.organisator.ch\/it\/gestione-2\/2025-04-08\/internationales-kickstart-innovation-programm-startet-zum-10-mal\/","og_locale":"it_IT","og_type":"article","og_title":"Internationales Kickstart Innovation Programm startet zum 10. Mal","og_description":"Das Kickstart Innovation Programm \u00f6ffnet zum zehnten Mal die Bewerbungsphase. Seit dem 3. April 2025 kann man sich bewerben.","og_url":"https:\/\/www.organisator.ch\/it\/gestione-2\/2025-04-08\/internationales-kickstart-innovation-programm-startet-zum-10-mal\/","og_site_name":"Organisator","article_publisher":"https:\/\/www.facebook.com\/OrganisatorFachmagazin","article_published_time":"2025-04-08T02:39:04+00:00","og_image":[{"width":680,"height":454,"url":"https:\/\/www.organisator.ch\/wp-content\/uploads\/2025\/04\/Internationales-Kickstart-Innovation-Programm-startet-zum-10-Mal_Organisator.jpg","type":"image\/jpeg"}],"author":"thomas.berner","twitter_card":"summary_large_image","twitter_title":"Internationales #Kickstart #Innovation Programm startet zum 10. Mal","twitter_description":"Das #Kickstart #Innovation Programm \u00f6ffnet zum zehnten Mal die Bewerbungsphase. Seit dem 3. April 2025 kann man sich bewerben.","twitter_image":"https:\/\/www.organisator.ch\/wp-content\/uploads\/2025\/04\/Internationales-Kickstart-Innovation-Programm-startet-zum-10-Mal_Organisator.jpg","schema":{"@context":"https:\/\/schema.org","@graph":[{"@type":"Article","@id":"https:\/\/www.organisator.ch\/management\/2025-04-08\/internationales-kickstart-innovation-programm-startet-zum-10-mal\/#article","isPartOf":{"@id":"https:\/\/www.organisator.ch\/management\/2025-04-08\/internationales-kickstart-innovation-programm-startet-zum-10-mal\/"},"author":{"name":"thomas.berner","@id":"https:\/\/www.organisator.ch\/#\/schema\/person\/6f650f90b2842cd4c0cc334b4e36f67e"},"headline":"Internationales Kickstart Innovation Programm startet zum 10. Mal","datePublished":"2025-04-08T02:39:04+00:00","mainEntityOfPage":{"@id":"https:\/\/www.organisator.ch\/management\/2025-04-08\/internationales-kickstart-innovation-programm-startet-zum-10-mal\/"},"wordCount":490,"publisher":{"@id":"https:\/\/www.organisator.ch\/#organization"},"image":{"@id":"https:\/\/www.organisator.ch\/management\/2025-04-08\/internationales-kickstart-innovation-programm-startet-zum-10-mal\/#primaryimage"},"thumbnailUrl":"https:\/\/www.organisator.ch\/wp-content\/uploads\/2025\/04\/Internationales-Kickstart-Innovation-Programm-startet-zum-10-Mal_Organisator.jpg","keywords":["Innovation","Management und Unternehmensf\u00fchrung","Startups"],"articleSection":["MANAGEMENT"],"inLanguage":"it-IT"},{"@type":"WebPage","@id":"https:\/\/www.organisator.ch\/management\/2025-04-08\/internationales-kickstart-innovation-programm-startet-zum-10-mal\/","url":"https:\/\/www.organisator.ch\/management\/2025-04-08\/internationales-kickstart-innovation-programm-startet-zum-10-mal\/","name":"Il programma internazionale per l'innovazione Kickstart parte per la decima volta - Organizzatore","isPartOf":{"@id":"https:\/\/www.organisator.ch\/#website"},"primaryImageOfPage":{"@id":"https:\/\/www.organisator.ch\/management\/2025-04-08\/internationales-kickstart-innovation-programm-startet-zum-10-mal\/#primaryimage"},"image":{"@id":"https:\/\/www.organisator.ch\/management\/2025-04-08\/internationales-kickstart-innovation-programm-startet-zum-10-mal\/#primaryimage"},"thumbnailUrl":"https:\/\/www.organisator.ch\/wp-content\/uploads\/2025\/04\/Internationales-Kickstart-Innovation-Programm-startet-zum-10-Mal_Organisator.jpg","datePublished":"2025-04-08T02:39:04+00:00","description":"Il programma Kickstart Innovation apre la fase di candidatura per la decima volta. Le domande possono essere presentate a partire dal 3 aprile 2025.","breadcrumb":{"@id":"https:\/\/www.organisator.ch\/management\/2025-04-08\/internationales-kickstart-innovation-programm-startet-zum-10-mal\/#breadcrumb"},"inLanguage":"it-IT","potentialAction":[{"@type":"ReadAction","target":["https:\/\/www.organisator.ch\/management\/2025-04-08\/internationales-kickstart-innovation-programm-startet-zum-10-mal\/"]}]},{"@type":"ImageObject","inLanguage":"it-IT","@id":"https:\/\/www.organisator.ch\/management\/2025-04-08\/internationales-kickstart-innovation-programm-startet-zum-10-mal\/#primaryimage","url":"https:\/\/www.organisator.ch\/wp-content\/uploads\/2025\/04\/Internationales-Kickstart-Innovation-Programm-startet-zum-10-Mal_Organisator.jpg","contentUrl":"https:\/\/www.organisator.ch\/wp-content\/uploads\/2025\/04\/Internationales-Kickstart-Innovation-Programm-startet-zum-10-Mal_Organisator.jpg","width":680,"height":454,"caption":"Das Kickstart Innovation Programm hat zum 10. Mal die Bewerbungsphase er\u00f6ffnet. (Bild: Pixabay.com)"},{"@type":"BreadcrumbList","@id":"https:\/\/www.organisator.ch\/management\/2025-04-08\/internationales-kickstart-innovation-programm-startet-zum-10-mal\/#breadcrumb","itemListElement":[{"@type":"ListItem","position":1,"name":"Home","item":"https:\/\/www.organisator.ch\/"},{"@type":"ListItem","position":2,"name":"Internationales Kickstart Innovation Programm startet zum 10. Mal"}]},{"@type":"WebSite","@id":"https:\/\/www.organisator.ch\/#website","url":"https:\/\/www.organisator.ch\/","name":"Organizzatore","description":"Competente. Pratico. In 10 numeri all'anno, ORGANISATOR presenta i temi essenziali per i manager delle PMI.","publisher":{"@id":"https:\/\/www.organisator.ch\/#organization"},"potentialAction":[{"@type":"SearchAction","target":{"@type":"EntryPoint","urlTemplate":"https:\/\/www.organisator.ch\/?s={search_term_string}"},"query-input":{"@type":"PropertyValueSpecification","valueRequired":true,"valueName":"search_term_string"}}],"inLanguage":"it-IT"},{"@type":"Organization","@id":"https:\/\/www.organisator.ch\/#organization","name":"Organizzatore","url":"https:\/\/www.organisator.ch\/","logo":{"@type":"ImageObject","inLanguage":"it-IT","@id":"https:\/\/www.organisator.ch\/#\/schema\/logo\/image\/","url":"https:\/\/www.organisator.ch\/wp-content\/uploads\/2022\/01\/Logo_Organisator_Website.png","contentUrl":"https:\/\/www.organisator.ch\/wp-content\/uploads\/2022\/01\/Logo_Organisator_Website.png","width":800,"height":77,"caption":"Organisator"},"image":{"@id":"https:\/\/www.organisator.ch\/#\/schema\/logo\/image\/"},"sameAs":["https:\/\/www.facebook.com\/OrganisatorFachmagazin","https:\/\/www.linkedin.com\/showcase\/organisator-das-magazin-fr-kmu","https:\/\/www.xing.com\/news\/pages\/organisator-ch-695","https:\/\/www.youtube.com\/channel\/UCGP2Sq0iWaZwT3BdIAQFYpw"]},{"@type":"Person","@id":"https:\/\/www.organisator.ch\/#\/schema\/person\/6f650f90b2842cd4c0cc334b4e36f67e","name":"Tommaso.berner","image":{"@type":"ImageObject","inLanguage":"it-IT","@id":"https:\/\/secure.gravatar.com\/avatar\/ac5001d2a36cb6c6cd3e50789007ffca834b477b74a2144564522e944eabff61?s=96&d=mm&r=g","url":"https:\/\/secure.gravatar.com\/avatar\/ac5001d2a36cb6c6cd3e50789007ffca834b477b74a2144564522e944eabff61?s=96&d=mm&r=g","contentUrl":"https:\/\/secure.gravatar.com\/avatar\/ac5001d2a36cb6c6cd3e50789007ffca834b477b74a2144564522e944eabff61?s=96&d=mm&r=g","caption":"thomas.berner"},"url":"https:\/\/www.organisator.ch\/it\/author\/thomas-berner\/"}]}},"_links":{"self":[{"href":"https:\/\/www.organisator.ch\/it\/wp-json\/wp\/v2\/posts\/37491","targetHints":{"allow":["GET"]}}],"collection":[{"href":"https:\/\/www.organisator.ch\/it\/wp-json\/wp\/v2\/posts"}],"about":[{"href":"https:\/\/www.organisator.ch\/it\/wp-json\/wp\/v2\/types\/post"}],"author":[{"embeddable":true,"href":"https:\/\/www.organisator.ch\/it\/wp-json\/wp\/v2\/users\/4"}],"replies":[{"embeddable":true,"href":"https:\/\/www.organisator.ch\/it\/wp-json\/wp\/v2\/comments?post=37491"}],"version-history":[{"count":4,"href":"https:\/\/www.organisator.ch\/it\/wp-json\/wp\/v2\/posts\/37491\/revisions"}],"predecessor-version":[{"id":37560,"href":"https:\/\/www.organisator.ch\/it\/wp-json\/wp\/v2\/posts\/37491\/revisions\/37560"}],"wp:featuredmedia":[{"embeddable":true,"href":"https:\/\/www.organisator.ch\/it\/wp-json\/wp\/v2\/media\/37492"}],"wp:attachment":[{"href":"https:\/\/www.organisator.ch\/it\/wp-json\/wp\/v2\/media?parent=37491"}],"wp:term":[{"taxonomy":"category","embeddable":true,"href":"https:\/\/www.organisator.ch\/it\/wp-json\/wp\/v2\/categories?post=37491"},{"taxonomy":"post_tag","embeddable":true,"href":"https:\/\/www.organisator.ch\/it\/wp-json\/wp\/v2\/tags?post=37491"}],"curies":[{"name":"wp","href":"https:\/\/api.w.org\/{rel}","templated":true}]}}