{"id":37526,"date":"2025-04-08T11:21:48","date_gmt":"2025-04-08T09:21:48","guid":{"rendered":"https:\/\/www.organisator.ch\/?p=37526"},"modified":"2025-04-08T11:21:48","modified_gmt":"2025-04-08T09:21:48","slug":"kathrin-wehrli-wird-neue-leiterin-firmen-und-institutionelle-kunden","status":"publish","type":"post","link":"https:\/\/www.organisator.ch\/it\/management\/2025-04-08\/kathrin-wehrli-wird-neue-leiterin-firmen-und-institutionelle-kunden\/","title":{"rendered":"Kathrin Wehrli \u00e8 la nuova responsabile dei clienti aziendali e istituzionali"},"content":{"rendered":"<figure id=\"attachment_37538\" aria-describedby=\"caption-attachment-37538\" style=\"width: 680px\" class=\"wp-caption alignnone\"><img loading=\"lazy\" decoding=\"async\" class=\"size-full wp-image-37538\" src=\"https:\/\/www.organisator.ch\/wp-content\/uploads\/2025\/04\/Kathrin-Wehrli-wird-neue-Leiterin-Firmen-und-Institutionelle-Kunden_Organisator.jpg\" alt=\"\" width=\"680\" height=\"453\" srcset=\"https:\/\/www.organisator.ch\/wp-content\/uploads\/2025\/04\/Kathrin-Wehrli-wird-neue-Leiterin-Firmen-und-Institutionelle-Kunden_Organisator.jpg 680w, https:\/\/www.organisator.ch\/wp-content\/uploads\/2025\/04\/Kathrin-Wehrli-wird-neue-Leiterin-Firmen-und-Institutionelle-Kunden_Organisator-18x12.jpg 18w, https:\/\/www.organisator.ch\/wp-content\/uploads\/2025\/04\/Kathrin-Wehrli-wird-neue-Leiterin-Firmen-und-Institutionelle-Kunden_Organisator-375x250.jpg 375w, https:\/\/www.organisator.ch\/wp-content\/uploads\/2025\/04\/Kathrin-Wehrli-wird-neue-Leiterin-Firmen-und-Institutionelle-Kunden_Organisator-525x350.jpg 525w\" sizes=\"auto, (max-width: 680px) 100vw, 680px\" \/><figcaption id=\"caption-attachment-37538\" class=\"wp-caption-text\">Kathrin Wehrli, designata Head of Corporate Client Business di Valiant. (Immagine: zVg \/ Valiant)<\/figcaption><\/figure>\n<p>Il Consiglio di amministrazione di Valiant ha nominato Kathrin Wehrli responsabile dei clienti aziendali e istituzionali e membro del Comitato esecutivo. Dopo aver conseguito un master in economia e gestione aziendale presso l'Universit\u00e0 di Losanna, Kathrin Wehrli ha iniziato la sua carriera professionale nella consulenza gestionale. Ha gestito diversi progetti per fornitori di servizi finanziari in Svizzera e all'estero. A partire dal 2010, l'esperta banchiera ha ricoperto diverse posizioni dirigenziali presso alcune grandi banche ed \u00e8 stata membro del Comitato esecutivo di una di esse. Ha una vasta esperienza nel settore della clientela privata e aziendale e nella gestione patrimoniale. Si \u00e8 occupata, tra l'altro, dello sviluppo strategico del segmento della clientela aziendale, della digitalizzazione dei prodotti bancari e della consulenza sugli investimenti. Attualmente Kathrin Wehrli ricopre una posizione dirigenziale presso UBS per l'integrazione del Global Wealth Management. Kathrin Wehrli ha 44 anni e vive a Zurigo. Ha tre figli ed \u00e8 un'appassionata di sport.<\/p>\n<h3>Marc Praxmarer assume la direzione di B2B<\/h3>\n<p>Marc Praxmarer lascia l'incarico dopo quasi dieci anni di successo come responsabile della divisione e membro del Comitato esecutivo. Sotto la sua guida, la divisione Corporate and Institutional Clients ha continuato a svilupparsi in modo lungimirante. Marc Praxmarer continuer\u00e0 a lavorare per Valiant e assumer\u00e0 un nuovo ruolo. A partire dal 1\u00b0 settembre 2025, contribuir\u00e0 con la sua pluriennale esperienza di vendita in qualit\u00e0 di responsabile B2B all'attuazione della strategia \"Valiant 2029\". Fino ad allora, Marc Praxmarer rimarr\u00e0 membro del Comitato esecutivo e sar\u00e0 pienamente responsabile della gestione della divisione Corporate and Institutional Clients.<\/p>\n<p><em>Fonte: <a href=\"http:\/\/www.valiant.ch\">Valiant<\/a><\/em><\/p>","protected":false},"excerpt":{"rendered":"<p>Kathrin Wehrli subentrer\u00e0 a Marc Praxmarer il 1\u00b0 settembre 2025 e diventer\u00e0 membro del Comitato esecutivo di Valiant.<\/p>","protected":false},"author":4,"featured_media":37538,"comment_status":"closed","ping_status":"closed","sticky":false,"template":"","format":"standard","meta":{"_acf_changed":false,"_yoast_wpseo_focuskw":"Kathrin Wehrli","_yoast_wpseo_metadesc":"Per 1. September 2025 wird Kathrin Wehrli die Nachfolge von Marc Praxmarer antreten und Mitglied der Gesch\u00e4ftsleitung von Valiant.","articlekey":"","footnotes":""},"categories":[28],"tags":[69,334,381,492],"class_list":["post-37526","post","type-post","status-publish","format-standard","has-post-thumbnail","hentry","category-management","tag-banken","tag-management","tag-personalia","tag-unternehmen"],"acf":[],"yoast_head":"<!-- This site is optimized with the Yoast SEO plugin v27.5 - https:\/\/yoast.com\/product\/yoast-seo-wordpress\/ -->\n<title>Kathrin Wehrli wird neue Leiterin Firmen und Institutionelle Kunden - Organisator<\/title>\n<meta name=\"description\" content=\"Per 1. September 2025 wird Kathrin Wehrli die Nachfolge von Marc Praxmarer antreten und Mitglied der Gesch\u00e4ftsleitung von Valiant.\" \/>\n<meta name=\"robots\" content=\"index, follow, max-snippet:-1, max-image-preview:large, max-video-preview:-1\" \/>\n<link rel=\"canonical\" href=\"https:\/\/www.organisator.ch\/it\/gestione-2\/2025-04-08\/kathrin-wehrli-wird-neue-leiterin-firmen-und-institutionelle-kunden\/\" \/>\n<meta property=\"og:locale\" content=\"it_IT\" \/>\n<meta property=\"og:type\" content=\"article\" \/>\n<meta property=\"og:title\" content=\"Kathrin Wehrli wird neue Leiterin Firmen und Institutionelle Kunden\" \/>\n<meta property=\"og:description\" content=\"Per 1. September 2025 wird Kathrin Wehrli die Nachfolge von Marc Praxmarer antreten und Mitglied der Gesch\u00e4ftsleitung von Valiant.\" \/>\n<meta property=\"og:url\" content=\"https:\/\/www.organisator.ch\/it\/gestione-2\/2025-04-08\/kathrin-wehrli-wird-neue-leiterin-firmen-und-institutionelle-kunden\/\" \/>\n<meta property=\"og:site_name\" content=\"Organisator\" \/>\n<meta property=\"article:publisher\" content=\"https:\/\/www.facebook.com\/OrganisatorFachmagazin\" \/>\n<meta property=\"article:published_time\" content=\"2025-04-08T09:21:48+00:00\" \/>\n<meta property=\"og:image\" content=\"https:\/\/www.organisator.ch\/wp-content\/uploads\/2025\/04\/Kathrin-Wehrli-wird-neue-Leiterin-Firmen-und-Institutionelle-Kunden_Organisator.jpg\" \/>\n\t<meta property=\"og:image:width\" content=\"680\" \/>\n\t<meta property=\"og:image:height\" content=\"453\" \/>\n\t<meta property=\"og:image:type\" content=\"image\/jpeg\" \/>\n<meta name=\"author\" content=\"thomas.berner\" \/>\n<meta name=\"twitter:card\" content=\"summary_large_image\" \/>\n<meta name=\"twitter:title\" content=\"Kathrin Wehrli wird neue Leiterin Firmen und Institutionelle Kunden\" \/>\n<meta name=\"twitter:description\" content=\"Per 1. September 2025 wird Kathrin Wehrli die Nachfolge von Marc Praxmarer antreten und Mitglied der Gesch\u00e4ftsleitung von Valiant.\" \/>\n<meta name=\"twitter:image\" content=\"https:\/\/www.organisator.ch\/wp-content\/uploads\/2025\/04\/Kathrin-Wehrli-wird-neue-Leiterin-Firmen-und-Institutionelle-Kunden_Organisator.jpg\" \/>\n<script type=\"application\/ld+json\" class=\"yoast-schema-graph\">{\"@context\":\"https:\\\/\\\/schema.org\",\"@graph\":[{\"@type\":\"Article\",\"@id\":\"https:\\\/\\\/www.organisator.ch\\\/management\\\/2025-04-08\\\/kathrin-wehrli-wird-neue-leiterin-firmen-und-institutionelle-kunden\\\/#article\",\"isPartOf\":{\"@id\":\"https:\\\/\\\/www.organisator.ch\\\/management\\\/2025-04-08\\\/kathrin-wehrli-wird-neue-leiterin-firmen-und-institutionelle-kunden\\\/\"},\"author\":{\"name\":\"thomas.berner\",\"@id\":\"https:\\\/\\\/www.organisator.ch\\\/#\\\/schema\\\/person\\\/6f650f90b2842cd4c0cc334b4e36f67e\"},\"headline\":\"Kathrin Wehrli wird neue Leiterin Firmen und Institutionelle Kunden\",\"datePublished\":\"2025-04-08T09:21:48+00:00\",\"mainEntityOfPage\":{\"@id\":\"https:\\\/\\\/www.organisator.ch\\\/management\\\/2025-04-08\\\/kathrin-wehrli-wird-neue-leiterin-firmen-und-institutionelle-kunden\\\/\"},\"wordCount\":277,\"publisher\":{\"@id\":\"https:\\\/\\\/www.organisator.ch\\\/#organization\"},\"image\":{\"@id\":\"https:\\\/\\\/www.organisator.ch\\\/management\\\/2025-04-08\\\/kathrin-wehrli-wird-neue-leiterin-firmen-und-institutionelle-kunden\\\/#primaryimage\"},\"thumbnailUrl\":\"https:\\\/\\\/www.organisator.ch\\\/wp-content\\\/uploads\\\/2025\\\/04\\\/Kathrin-Wehrli-wird-neue-Leiterin-Firmen-und-Institutionelle-Kunden_Organisator.jpg\",\"keywords\":[\"Banken\",\"Management\",\"Personalia\",\"Unternehmen\"],\"articleSection\":[\"MANAGEMENT\"],\"inLanguage\":\"it-IT\"},{\"@type\":\"WebPage\",\"@id\":\"https:\\\/\\\/www.organisator.ch\\\/management\\\/2025-04-08\\\/kathrin-wehrli-wird-neue-leiterin-firmen-und-institutionelle-kunden\\\/\",\"url\":\"https:\\\/\\\/www.organisator.ch\\\/management\\\/2025-04-08\\\/kathrin-wehrli-wird-neue-leiterin-firmen-und-institutionelle-kunden\\\/\",\"name\":\"Kathrin Wehrli wird neue Leiterin Firmen und Institutionelle Kunden - Organisator\",\"isPartOf\":{\"@id\":\"https:\\\/\\\/www.organisator.ch\\\/#website\"},\"primaryImageOfPage\":{\"@id\":\"https:\\\/\\\/www.organisator.ch\\\/management\\\/2025-04-08\\\/kathrin-wehrli-wird-neue-leiterin-firmen-und-institutionelle-kunden\\\/#primaryimage\"},\"image\":{\"@id\":\"https:\\\/\\\/www.organisator.ch\\\/management\\\/2025-04-08\\\/kathrin-wehrli-wird-neue-leiterin-firmen-und-institutionelle-kunden\\\/#primaryimage\"},\"thumbnailUrl\":\"https:\\\/\\\/www.organisator.ch\\\/wp-content\\\/uploads\\\/2025\\\/04\\\/Kathrin-Wehrli-wird-neue-Leiterin-Firmen-und-Institutionelle-Kunden_Organisator.jpg\",\"datePublished\":\"2025-04-08T09:21:48+00:00\",\"description\":\"Per 1. September 2025 wird Kathrin Wehrli die Nachfolge von Marc Praxmarer antreten und Mitglied der Gesch\u00e4ftsleitung von Valiant.\",\"breadcrumb\":{\"@id\":\"https:\\\/\\\/www.organisator.ch\\\/management\\\/2025-04-08\\\/kathrin-wehrli-wird-neue-leiterin-firmen-und-institutionelle-kunden\\\/#breadcrumb\"},\"inLanguage\":\"it-IT\",\"potentialAction\":[{\"@type\":\"ReadAction\",\"target\":[\"https:\\\/\\\/www.organisator.ch\\\/management\\\/2025-04-08\\\/kathrin-wehrli-wird-neue-leiterin-firmen-und-institutionelle-kunden\\\/\"]}]},{\"@type\":\"ImageObject\",\"inLanguage\":\"it-IT\",\"@id\":\"https:\\\/\\\/www.organisator.ch\\\/management\\\/2025-04-08\\\/kathrin-wehrli-wird-neue-leiterin-firmen-und-institutionelle-kunden\\\/#primaryimage\",\"url\":\"https:\\\/\\\/www.organisator.ch\\\/wp-content\\\/uploads\\\/2025\\\/04\\\/Kathrin-Wehrli-wird-neue-Leiterin-Firmen-und-Institutionelle-Kunden_Organisator.jpg\",\"contentUrl\":\"https:\\\/\\\/www.organisator.ch\\\/wp-content\\\/uploads\\\/2025\\\/04\\\/Kathrin-Wehrli-wird-neue-Leiterin-Firmen-und-Institutionelle-Kunden_Organisator.jpg\",\"width\":680,\"height\":453,\"caption\":\"Kathrin Wehrli, designierte Leiterin des Firmenkundengesch\u00e4fts bei Valiant. (Bild: zVg \\\/ Valiant)\"},{\"@type\":\"BreadcrumbList\",\"@id\":\"https:\\\/\\\/www.organisator.ch\\\/management\\\/2025-04-08\\\/kathrin-wehrli-wird-neue-leiterin-firmen-und-institutionelle-kunden\\\/#breadcrumb\",\"itemListElement\":[{\"@type\":\"ListItem\",\"position\":1,\"name\":\"Home\",\"item\":\"https:\\\/\\\/www.organisator.ch\\\/\"},{\"@type\":\"ListItem\",\"position\":2,\"name\":\"Kathrin Wehrli wird neue Leiterin Firmen und Institutionelle Kunden\"}]},{\"@type\":\"WebSite\",\"@id\":\"https:\\\/\\\/www.organisator.ch\\\/#website\",\"url\":\"https:\\\/\\\/www.organisator.ch\\\/\",\"name\":\"Organisator\",\"description\":\"Kompetent. Praxisnah. Der ORGANISATOR bereitet in 10 Ausgaben pro Jahr die wesentlichen Themen f\u00fcr F\u00fchrungskr\u00e4fte von KMU auf.\",\"publisher\":{\"@id\":\"https:\\\/\\\/www.organisator.ch\\\/#organization\"},\"potentialAction\":[{\"@type\":\"SearchAction\",\"target\":{\"@type\":\"EntryPoint\",\"urlTemplate\":\"https:\\\/\\\/www.organisator.ch\\\/?s={search_term_string}\"},\"query-input\":{\"@type\":\"PropertyValueSpecification\",\"valueRequired\":true,\"valueName\":\"search_term_string\"}}],\"inLanguage\":\"it-IT\"},{\"@type\":\"Organization\",\"@id\":\"https:\\\/\\\/www.organisator.ch\\\/#organization\",\"name\":\"Organisator\",\"url\":\"https:\\\/\\\/www.organisator.ch\\\/\",\"logo\":{\"@type\":\"ImageObject\",\"inLanguage\":\"it-IT\",\"@id\":\"https:\\\/\\\/www.organisator.ch\\\/#\\\/schema\\\/logo\\\/image\\\/\",\"url\":\"https:\\\/\\\/www.organisator.ch\\\/wp-content\\\/uploads\\\/2022\\\/01\\\/Logo_Organisator_Website.png\",\"contentUrl\":\"https:\\\/\\\/www.organisator.ch\\\/wp-content\\\/uploads\\\/2022\\\/01\\\/Logo_Organisator_Website.png\",\"width\":800,\"height\":77,\"caption\":\"Organisator\"},\"image\":{\"@id\":\"https:\\\/\\\/www.organisator.ch\\\/#\\\/schema\\\/logo\\\/image\\\/\"},\"sameAs\":[\"https:\\\/\\\/www.facebook.com\\\/OrganisatorFachmagazin\",\"https:\\\/\\\/www.linkedin.com\\\/showcase\\\/organisator-das-magazin-fr-kmu\",\"https:\\\/\\\/www.xing.com\\\/news\\\/pages\\\/organisator-ch-695\",\"https:\\\/\\\/www.youtube.com\\\/channel\\\/UCGP2Sq0iWaZwT3BdIAQFYpw\"]},{\"@type\":\"Person\",\"@id\":\"https:\\\/\\\/www.organisator.ch\\\/#\\\/schema\\\/person\\\/6f650f90b2842cd4c0cc334b4e36f67e\",\"name\":\"thomas.berner\",\"image\":{\"@type\":\"ImageObject\",\"inLanguage\":\"it-IT\",\"@id\":\"https:\\\/\\\/secure.gravatar.com\\\/avatar\\\/ac5001d2a36cb6c6cd3e50789007ffca834b477b74a2144564522e944eabff61?s=96&d=mm&r=g\",\"url\":\"https:\\\/\\\/secure.gravatar.com\\\/avatar\\\/ac5001d2a36cb6c6cd3e50789007ffca834b477b74a2144564522e944eabff61?s=96&d=mm&r=g\",\"contentUrl\":\"https:\\\/\\\/secure.gravatar.com\\\/avatar\\\/ac5001d2a36cb6c6cd3e50789007ffca834b477b74a2144564522e944eabff61?s=96&d=mm&r=g\",\"caption\":\"thomas.berner\"},\"url\":\"https:\\\/\\\/www.organisator.ch\\\/it\\\/author\\\/thomas-berner\\\/\"}]}<\/script>\n<!-- \/ Yoast SEO plugin. -->","yoast_head_json":{"title":"Kathrin Wehrli \u00e8 la nuova responsabile dei clienti aziendali e istituzionali - Organiser","description":"Kathrin Wehrli subentrer\u00e0 a Marc Praxmarer il 1\u00b0 settembre 2025 e diventer\u00e0 membro del Comitato esecutivo di Valiant.","robots":{"index":"index","follow":"follow","max-snippet":"max-snippet:-1","max-image-preview":"max-image-preview:large","max-video-preview":"max-video-preview:-1"},"canonical":"https:\/\/www.organisator.ch\/it\/gestione-2\/2025-04-08\/kathrin-wehrli-wird-neue-leiterin-firmen-und-institutionelle-kunden\/","og_locale":"it_IT","og_type":"article","og_title":"Kathrin Wehrli wird neue Leiterin Firmen und Institutionelle Kunden","og_description":"Per 1. September 2025 wird Kathrin Wehrli die Nachfolge von Marc Praxmarer antreten und Mitglied der Gesch\u00e4ftsleitung von Valiant.","og_url":"https:\/\/www.organisator.ch\/it\/gestione-2\/2025-04-08\/kathrin-wehrli-wird-neue-leiterin-firmen-und-institutionelle-kunden\/","og_site_name":"Organisator","article_publisher":"https:\/\/www.facebook.com\/OrganisatorFachmagazin","article_published_time":"2025-04-08T09:21:48+00:00","og_image":[{"width":680,"height":453,"url":"https:\/\/www.organisator.ch\/wp-content\/uploads\/2025\/04\/Kathrin-Wehrli-wird-neue-Leiterin-Firmen-und-Institutionelle-Kunden_Organisator.jpg","type":"image\/jpeg"}],"author":"thomas.berner","twitter_card":"summary_large_image","twitter_title":"Kathrin Wehrli wird neue Leiterin Firmen und Institutionelle Kunden","twitter_description":"Per 1. September 2025 wird Kathrin Wehrli die Nachfolge von Marc Praxmarer antreten und Mitglied der Gesch\u00e4ftsleitung von Valiant.","twitter_image":"https:\/\/www.organisator.ch\/wp-content\/uploads\/2025\/04\/Kathrin-Wehrli-wird-neue-Leiterin-Firmen-und-Institutionelle-Kunden_Organisator.jpg","schema":{"@context":"https:\/\/schema.org","@graph":[{"@type":"Article","@id":"https:\/\/www.organisator.ch\/management\/2025-04-08\/kathrin-wehrli-wird-neue-leiterin-firmen-und-institutionelle-kunden\/#article","isPartOf":{"@id":"https:\/\/www.organisator.ch\/management\/2025-04-08\/kathrin-wehrli-wird-neue-leiterin-firmen-und-institutionelle-kunden\/"},"author":{"name":"thomas.berner","@id":"https:\/\/www.organisator.ch\/#\/schema\/person\/6f650f90b2842cd4c0cc334b4e36f67e"},"headline":"Kathrin Wehrli wird neue Leiterin Firmen und Institutionelle Kunden","datePublished":"2025-04-08T09:21:48+00:00","mainEntityOfPage":{"@id":"https:\/\/www.organisator.ch\/management\/2025-04-08\/kathrin-wehrli-wird-neue-leiterin-firmen-und-institutionelle-kunden\/"},"wordCount":277,"publisher":{"@id":"https:\/\/www.organisator.ch\/#organization"},"image":{"@id":"https:\/\/www.organisator.ch\/management\/2025-04-08\/kathrin-wehrli-wird-neue-leiterin-firmen-und-institutionelle-kunden\/#primaryimage"},"thumbnailUrl":"https:\/\/www.organisator.ch\/wp-content\/uploads\/2025\/04\/Kathrin-Wehrli-wird-neue-Leiterin-Firmen-und-Institutionelle-Kunden_Organisator.jpg","keywords":["Banken","Management","Personalia","Unternehmen"],"articleSection":["MANAGEMENT"],"inLanguage":"it-IT"},{"@type":"WebPage","@id":"https:\/\/www.organisator.ch\/management\/2025-04-08\/kathrin-wehrli-wird-neue-leiterin-firmen-und-institutionelle-kunden\/","url":"https:\/\/www.organisator.ch\/management\/2025-04-08\/kathrin-wehrli-wird-neue-leiterin-firmen-und-institutionelle-kunden\/","name":"Kathrin Wehrli \u00e8 la nuova responsabile dei clienti aziendali e istituzionali - Organiser","isPartOf":{"@id":"https:\/\/www.organisator.ch\/#website"},"primaryImageOfPage":{"@id":"https:\/\/www.organisator.ch\/management\/2025-04-08\/kathrin-wehrli-wird-neue-leiterin-firmen-und-institutionelle-kunden\/#primaryimage"},"image":{"@id":"https:\/\/www.organisator.ch\/management\/2025-04-08\/kathrin-wehrli-wird-neue-leiterin-firmen-und-institutionelle-kunden\/#primaryimage"},"thumbnailUrl":"https:\/\/www.organisator.ch\/wp-content\/uploads\/2025\/04\/Kathrin-Wehrli-wird-neue-Leiterin-Firmen-und-Institutionelle-Kunden_Organisator.jpg","datePublished":"2025-04-08T09:21:48+00:00","description":"Kathrin Wehrli subentrer\u00e0 a Marc Praxmarer il 1\u00b0 settembre 2025 e diventer\u00e0 membro del Comitato esecutivo di Valiant.","breadcrumb":{"@id":"https:\/\/www.organisator.ch\/management\/2025-04-08\/kathrin-wehrli-wird-neue-leiterin-firmen-und-institutionelle-kunden\/#breadcrumb"},"inLanguage":"it-IT","potentialAction":[{"@type":"ReadAction","target":["https:\/\/www.organisator.ch\/management\/2025-04-08\/kathrin-wehrli-wird-neue-leiterin-firmen-und-institutionelle-kunden\/"]}]},{"@type":"ImageObject","inLanguage":"it-IT","@id":"https:\/\/www.organisator.ch\/management\/2025-04-08\/kathrin-wehrli-wird-neue-leiterin-firmen-und-institutionelle-kunden\/#primaryimage","url":"https:\/\/www.organisator.ch\/wp-content\/uploads\/2025\/04\/Kathrin-Wehrli-wird-neue-Leiterin-Firmen-und-Institutionelle-Kunden_Organisator.jpg","contentUrl":"https:\/\/www.organisator.ch\/wp-content\/uploads\/2025\/04\/Kathrin-Wehrli-wird-neue-Leiterin-Firmen-und-Institutionelle-Kunden_Organisator.jpg","width":680,"height":453,"caption":"Kathrin Wehrli, designierte Leiterin des Firmenkundengesch\u00e4fts bei Valiant. (Bild: zVg \/ Valiant)"},{"@type":"BreadcrumbList","@id":"https:\/\/www.organisator.ch\/management\/2025-04-08\/kathrin-wehrli-wird-neue-leiterin-firmen-und-institutionelle-kunden\/#breadcrumb","itemListElement":[{"@type":"ListItem","position":1,"name":"Home","item":"https:\/\/www.organisator.ch\/"},{"@type":"ListItem","position":2,"name":"Kathrin Wehrli wird neue Leiterin Firmen und Institutionelle Kunden"}]},{"@type":"WebSite","@id":"https:\/\/www.organisator.ch\/#website","url":"https:\/\/www.organisator.ch\/","name":"Organizzatore","description":"Competente. Pratico. In 10 numeri all'anno, ORGANISATOR presenta i temi essenziali per i manager delle PMI.","publisher":{"@id":"https:\/\/www.organisator.ch\/#organization"},"potentialAction":[{"@type":"SearchAction","target":{"@type":"EntryPoint","urlTemplate":"https:\/\/www.organisator.ch\/?s={search_term_string}"},"query-input":{"@type":"PropertyValueSpecification","valueRequired":true,"valueName":"search_term_string"}}],"inLanguage":"it-IT"},{"@type":"Organization","@id":"https:\/\/www.organisator.ch\/#organization","name":"Organizzatore","url":"https:\/\/www.organisator.ch\/","logo":{"@type":"ImageObject","inLanguage":"it-IT","@id":"https:\/\/www.organisator.ch\/#\/schema\/logo\/image\/","url":"https:\/\/www.organisator.ch\/wp-content\/uploads\/2022\/01\/Logo_Organisator_Website.png","contentUrl":"https:\/\/www.organisator.ch\/wp-content\/uploads\/2022\/01\/Logo_Organisator_Website.png","width":800,"height":77,"caption":"Organisator"},"image":{"@id":"https:\/\/www.organisator.ch\/#\/schema\/logo\/image\/"},"sameAs":["https:\/\/www.facebook.com\/OrganisatorFachmagazin","https:\/\/www.linkedin.com\/showcase\/organisator-das-magazin-fr-kmu","https:\/\/www.xing.com\/news\/pages\/organisator-ch-695","https:\/\/www.youtube.com\/channel\/UCGP2Sq0iWaZwT3BdIAQFYpw"]},{"@type":"Person","@id":"https:\/\/www.organisator.ch\/#\/schema\/person\/6f650f90b2842cd4c0cc334b4e36f67e","name":"Tommaso.berner","image":{"@type":"ImageObject","inLanguage":"it-IT","@id":"https:\/\/secure.gravatar.com\/avatar\/ac5001d2a36cb6c6cd3e50789007ffca834b477b74a2144564522e944eabff61?s=96&d=mm&r=g","url":"https:\/\/secure.gravatar.com\/avatar\/ac5001d2a36cb6c6cd3e50789007ffca834b477b74a2144564522e944eabff61?s=96&d=mm&r=g","contentUrl":"https:\/\/secure.gravatar.com\/avatar\/ac5001d2a36cb6c6cd3e50789007ffca834b477b74a2144564522e944eabff61?s=96&d=mm&r=g","caption":"thomas.berner"},"url":"https:\/\/www.organisator.ch\/it\/author\/thomas-berner\/"}]}},"_links":{"self":[{"href":"https:\/\/www.organisator.ch\/it\/wp-json\/wp\/v2\/posts\/37526","targetHints":{"allow":["GET"]}}],"collection":[{"href":"https:\/\/www.organisator.ch\/it\/wp-json\/wp\/v2\/posts"}],"about":[{"href":"https:\/\/www.organisator.ch\/it\/wp-json\/wp\/v2\/types\/post"}],"author":[{"embeddable":true,"href":"https:\/\/www.organisator.ch\/it\/wp-json\/wp\/v2\/users\/4"}],"replies":[{"embeddable":true,"href":"https:\/\/www.organisator.ch\/it\/wp-json\/wp\/v2\/comments?post=37526"}],"version-history":[{"count":3,"href":"https:\/\/www.organisator.ch\/it\/wp-json\/wp\/v2\/posts\/37526\/revisions"}],"predecessor-version":[{"id":37559,"href":"https:\/\/www.organisator.ch\/it\/wp-json\/wp\/v2\/posts\/37526\/revisions\/37559"}],"wp:featuredmedia":[{"embeddable":true,"href":"https:\/\/www.organisator.ch\/it\/wp-json\/wp\/v2\/media\/37538"}],"wp:attachment":[{"href":"https:\/\/www.organisator.ch\/it\/wp-json\/wp\/v2\/media?parent=37526"}],"wp:term":[{"taxonomy":"category","embeddable":true,"href":"https:\/\/www.organisator.ch\/it\/wp-json\/wp\/v2\/categories?post=37526"},{"taxonomy":"post_tag","embeddable":true,"href":"https:\/\/www.organisator.ch\/it\/wp-json\/wp\/v2\/tags?post=37526"}],"curies":[{"name":"wp","href":"https:\/\/api.w.org\/{rel}","templated":true}]}}