{"id":37540,"date":"2025-04-08T11:38:19","date_gmt":"2025-04-08T09:38:19","guid":{"rendered":"https:\/\/www.organisator.ch\/?p=37540"},"modified":"2025-05-02T07:16:56","modified_gmt":"2025-05-02T05:16:56","slug":"adaequat-nicht-nur-auf-trumps-zollbeschluesse-reagieren","status":"publish","type":"post","link":"https:\/\/www.organisator.ch\/it\/management\/2025-04-08\/adaequat-nicht-nur-auf-trumps-zollbeschluesse-reagieren\/","title":{"rendered":"Rispondere in modo appropriato non solo alle decisioni tariffarie di Trump"},"content":{"rendered":"<figure id=\"attachment_37542\" aria-describedby=\"caption-attachment-37542\" style=\"width: 680px\" class=\"wp-caption alignnone\"><img loading=\"lazy\" decoding=\"async\" class=\"size-full wp-image-37542\" src=\"https:\/\/www.organisator.ch\/wp-content\/uploads\/2025\/04\/Adaequat-nicht-nur-auf-Trumps-Zollbeschluesse-reagieren-1_Organisator.jpg\" alt=\"\" width=\"680\" height=\"454\" srcset=\"https:\/\/www.organisator.ch\/wp-content\/uploads\/2025\/04\/Adaequat-nicht-nur-auf-Trumps-Zollbeschluesse-reagieren-1_Organisator.jpg 680w, https:\/\/www.organisator.ch\/wp-content\/uploads\/2025\/04\/Adaequat-nicht-nur-auf-Trumps-Zollbeschluesse-reagieren-1_Organisator-18x12.jpg 18w, https:\/\/www.organisator.ch\/wp-content\/uploads\/2025\/04\/Adaequat-nicht-nur-auf-Trumps-Zollbeschluesse-reagieren-1_Organisator-375x250.jpg 375w, https:\/\/www.organisator.ch\/wp-content\/uploads\/2025\/04\/Adaequat-nicht-nur-auf-Trumps-Zollbeschluesse-reagieren-1_Organisator-524x350.jpg 524w\" sizes=\"auto, (max-width: 680px) 100vw, 680px\" \/><figcaption id=\"caption-attachment-37542\" class=\"wp-caption-text\">Le decisioni di Donald Trump in materia di tariffe doganali stanno causando disordini nel mondo degli affari. Potete reagire con l'aiuto di un coach esperto. (Immagine: pressmaster \/ Depositphotos.com)<\/figcaption><\/figure>\n<p>Non solo gli addetti alle vendite, ma anche i manager sviluppano routine di pensiero e di comportamento nel corso della loro biografia professionale. Queste sono molto utili nella vita lavorativa di tutti i giorni, in quanto consentono di prendere decisioni e agire rapidamente.<\/p>\n<h3><strong>Mettere in discussione i modelli abituali di pensiero e comportamento<\/strong><\/h3>\n<p>Tuttavia, la situazione \u00e8 diversa se le condizioni generali del mercato o dell'azienda cambiano radicalmente, per esempio a causa di<\/p>\n<ul>\n<li>l'avanzare della digitalizzazione o<\/li>\n<li>delle numerose nuove opportunit\u00e0 che l'IA offre alla coltivazione del mercato.<\/li>\n<\/ul>\n<p>Oppure se, come accade attualmente, la politica (economica) del governo Trump e gli aumenti tariffari da esso annunciati cambiano radicalmente il quadro politico (economico) da un giorno all'altro - almeno cos\u00ec sembra.<\/p>\n<p>Allora le abitudini di pensiero e di azione che spesso hanno garantito il successo in passato diventano un ostacolo che impedisce ai decisori di farlo,<\/p>\n<ul>\n<li>analizzare la mutata situazione reale con la profondit\u00e0 richiesta e<\/li>\n<li>sviluppare nuove strategie d'azione su questa base.<\/li>\n<\/ul>\n<h3><strong>Riflettere sulla situazione attuale e sulle routine esistenti.<\/strong><\/h3>\n<p>In qualit\u00e0 di top decision maker nelle vendite, \u00e8 spesso consigliabile riflettere sulle proprie routine di pensiero e di comportamento con una persona neutrale, oltre che sulla situazione reale modificata, al fine di<\/p>\n<ul>\n<li>per rompere gli schemi abituali di stimolo-risposta e azione e<\/li>\n<li>trovare nuove soluzioni ai problemi che siano adeguate alla mutata situazione di mercato.<\/li>\n<\/ul>\n<p>Di norma, questa \"persona neutrale\" non dovrebbe appartenere alla stessa organizzazione del responsabile delle vendite, ad esempio, perch\u00e9: Non solo gli individui, ma anche le organizzazioni sviluppano routine di pensiero che portano a un certo modo di analizzare, valutare e risolvere i problemi e di reagire alle sfide. Inoltre, soprattutto in tempi di crisi e di sconvolgimenti del mercato, i manager non hanno solo un ruolo decisionale, ma anche di leadership. Ci\u00f2 significa che devono fornire ai loro dipendenti insicuri supporto e orientamento. Per farlo, hanno bisogno di una tabella di marcia ben congegnata con nuovi impulsi su come l'azienda pu\u00f2 reagire alla mutata situazione attuale e continuare a raggiungere le vendite e i guadagni richiesti o mirati in futuro - anche per irradiare la fiducia e la compostezza che ci si aspetta da loro quando trattano con i dipendenti.<\/p>\n<h3><strong>Identificare e valutare le opzioni di intervento<\/strong><\/h3>\n<p>Per questo motivo, soprattutto in tempi di crisi e di sconvolgimenti del mercato, i responsabili delle vendite si confrontano spesso con un business coach con esperienza di vendita e di gestione, al fine di<\/p>\n<ul>\n<li>di redigere al pi\u00f9 presto una tabella di marcia (provvisoria) per il dialogo con i dipendenti,<\/li>\n<li>rivedere e convalidare le idee esistenti su come procedere e\/o<\/li>\n<li>per scoprire alternative e nuovi percorsi,<\/li>\n<\/ul>\n<p>perch\u00e9: I sales manager esperti sanno che l'esperienza \u00e8 una moneta a due facce e riconoscono il pericolo della cecit\u00e0 operativa e delle reazioni di panico a eventi imprevisti o le cui conseguenze sono (inizialmente) sottovalutate.<\/p>\n<h3><strong>Raggiungere la conoscenza di s\u00e9 e la sovranit\u00e0 attraverso le domande<\/strong><\/h3>\n<p>Socrate sapeva gi\u00e0 che le domande portano alla conoscenza di s\u00e9 e che questa \u00e8 la base di una sana autoconsapevolezza. Questa autoconsapevolezza, a sua volta, sostiene la fiducia in se stessi, che porta alla sovranit\u00e0. Di conseguenza, un (sales business) coach non fa formazione. Piuttosto, pone molte domande e diventa cos\u00ec un acceleratore di intuizioni e decisioni che portano a soluzioni di problemi e strategie d'azione personalizzate per la situazione attuale.<\/p>\n<p>Il punto di partenza \u00e8 sempre costituito dai compiti e dalle sfide attuali che il coachee, cio\u00e8 la persona oggetto del coaching, deve affrontare nella sua azienda. Le opzioni di azione e le possibili soluzioni ai problemi sono determinate in modo pragmatico attraverso il dialogo, con il coach che utilizza la sua esperienza sul campo e nelle vendite per guidare il discorso in una direzione orientata all'obiettivo, ponendo domande. Tuttavia, vale quanto segue: il business coach non decide nulla, ma fornisce solo spunti e decisioni.<\/p>\n<p>Per questo motivo, oltre all'esperienza sul campo e alla pratica, un sales business coach deve possedere un'elevata competenza nei metodi di consulenza e coaching. Deve anche essere in grado di cambiare prospettiva e ruolo; in altre parole, deve essere in grado di scivolare nel ruolo di capo, dipendente, cliente e, naturalmente, consulente se necessario, in modo che le soluzioni proposte ai problemi siano analizzate da diverse prospettive e siano alla fine ben pensate e praticabili.<\/p>\n<p>Come regola generale, il coachee e le sue preoccupazioni sono al centro del processo di coaching. Ci\u00f2 significa anche che il coach pu\u00f2 e deve talvolta discutere con il coachee di questioni controverse o polarizzanti, al fine di ottenere maggiore chiarezza. Tuttavia, il coach non deve essere irritato se il coachee<\/p>\n<ul>\n<li>si attiene alla sua opinione e<\/li>\n<li>non accetta n\u00e9 mette in pratica quelli che considera \"preziosi suggerimenti e consigli\",<\/li>\n<\/ul>\n<p>perch\u00e9: Il coachee \u00e8 e rimane il decisore che si assume la responsabilit\u00e0; il coach \u00e8 soprattutto un catalizzatore.<\/p>\n<h3><strong>Far uscire il coachee dalla trance del problema, se necessario.<\/strong><\/h3>\n<p>Nel processo di coaching, quindi, non \u00e8 importante tanto ci\u00f2 che un coach dice, ma \u00e8 decisivo ci\u00f2 che ottiene con il coachee. Per questo motivo i sales business coach esperti ricorrono talvolta ai cosiddetti interventi paradossali in casi individuali giustificati,<\/p>\n<ul>\n<li>per provocare contraddizioni e<\/li>\n<li>superare gli schemi abituali di stimolo-risposta o i modelli di pensiero e azione.<\/li>\n<\/ul>\n<p>Ad esempio, se il coachee \u00e8 riconoscibilmente in trance da problema e vede solo tutto nero, rifiutandosi di pensare seriamente a nuove opzioni alternative di azione che potrebbero portare a una soluzione del problema.<\/p>\n<p>Tuttavia, l'obiettivo principale del sales business coach \u00e8 quello di superare le barriere emotive esistenti nel coachee e di spianare cos\u00ec la strada a un lavoro successivo efficace e orientato agli obiettivi. \u00a0<\/p>\n<h3><strong>Coaching commerciale: individualmente o in team?<\/strong><\/h3>\n<p>Queste sessioni di business coaching si svolgono di solito come coaching individuale. Tuttavia, possono essere svolte anche come coaching di gruppo (fino a circa quattro persone) - o<\/p>\n<ul>\n<li>\"puro\", cio\u00e8 solo con i manager delle vendite, oppure<\/li>\n<li>interdisciplinare, in modo che il team comprenda anche, ad esempio, manager di altri settori coinvolti nella fornitura di servizi e nell'elaborazione del mercato.<\/li>\n<\/ul>\n<p>Tuttavia, pu\u00f2 anche essere interessante e utile, soprattutto nel caso di tali \"cigni neri\" - cio\u00e8 eventi che non possono essere previsti o che possono essere previsti solo in misura molto limitata - come le decisioni dell'amministrazione Trump in materia di dazi (o, pi\u00f9 recentemente, la pandemia di coronavirus o la guerra in Ucraina), riunire in modo controllato piccoli gruppi di rappresentanti di aziende diverse e non concorrenti, in modo da poter incorporare pi\u00f9 prospettive nell'analisi del problema e nello sviluppo di soluzioni praticabili.<\/p>\n<p>&nbsp;<\/p>\n<p><img loading=\"lazy\" decoding=\"async\" class=\"alignnone size-full wp-image-37541\" src=\"https:\/\/www.organisator.ch\/wp-content\/uploads\/2025\/04\/Adaequat-nicht-nur-auf-Trumps-Zollbeschluesse-reagieren-2_Organisator.jpg\" alt=\"\" width=\"340\" height=\"379\" srcset=\"https:\/\/www.organisator.ch\/wp-content\/uploads\/2025\/04\/Adaequat-nicht-nur-auf-Trumps-Zollbeschluesse-reagieren-2_Organisator.jpg 340w, https:\/\/www.organisator.ch\/wp-content\/uploads\/2025\/04\/Adaequat-nicht-nur-auf-Trumps-Zollbeschluesse-reagieren-2_Organisator-11x12.jpg 11w, https:\/\/www.organisator.ch\/wp-content\/uploads\/2025\/04\/Adaequat-nicht-nur-auf-Trumps-Zollbeschluesse-reagieren-2_Organisator-269x300.jpg 269w, https:\/\/www.organisator.ch\/wp-content\/uploads\/2025\/04\/Adaequat-nicht-nur-auf-Trumps-Zollbeschluesse-reagieren-2_Organisator-314x350.jpg 314w\" sizes=\"auto, (max-width: 340px) 100vw, 340px\" \/><\/p>\n<p><em><strong>All'autore:<\/strong> <\/em><br \/>\n<em>Peter Schreiber \u00e8 il titolare della societ\u00e0 di consulenza commerciale B2B PETER SCHREIBER &amp; PARTNER di Ilsfeld. Con il suo team di esperti responsabili delle vendite ed ex responsabili degli acquisti, il consulente di gestione e business coach supporta le aziende nello sviluppo (ulteriore) della loro strategia di vendita e nella sua attuazione. Ulteriori informazioni: <a href=\"http:\/\/www.schreiber-training.de\">www.schreiber-training.de<\/a>.<\/em><\/p>\n<p>&nbsp;<\/p>\n<blockquote>\n<h3><strong>Siate riflessivi e non fatevi prendere dal panico!<\/strong><\/h3>\n<p>L'attuale situazione economica, radicalmente cambiata a seguito delle decisioni dell'amministrazione Trump in materia di dazi (ancora una volta, come spesso negli ultimi anni), richiede pi\u00f9 che mai decisioni intelligenti e strategie lungimiranti da parte dei massimi responsabili delle aziende. Ma quando si prendono consapevolmente il tempo di dare uno sguardo nuovo alla propria azienda e alla propria organizzazione di vendita, staccandosi dall'attivit\u00e0 quotidiana? Soprattutto in situazioni cos\u00ec tese, che (almeno a prima vista) richiedono spesso contromisure molto rapide, piuttosto raramente!<\/p>\n<p>Questo \"time-out\" sarebbe importante per gli imprenditori, gli amministratori delegati, i dirigenti e i responsabili delle vendite per uscire dalla routine familiare, sviluppare nuove prospettive ed elaborare strategie con lungimiranza: Il vero cambiamento non avviene tra riunioni ed e-mail, ma attraverso una riflessione mirata in un ambiente stimolante.<\/p>\n<p>Una sessione di business coaching - preferibilmente lontano dalla routine quotidiana dell'ufficio e in un'atmosfera rilassata - con un business coach (di vendita) esperto pu\u00f2 essere l'ambiente ideale per ...<\/p>\n<ul>\n<li><strong>... per ottenere chiarezza:<\/strong> Analizzare la vostra attuale strategia (di vendita) senza distrazioni. Riconoscere i punti di forza, identificare le strozzature e creare una solida base per un successo sostenibile.<\/li>\n<li><strong>... per ricevere nuovi impulsi:<\/strong> Scoprite approcci innovativi, opportunit\u00e0 e potenzialit\u00e0 non sfruttate che renderanno la vostra organizzazione di vendita pi\u00f9 efficiente, orientata al cliente e a prova di futuro, ad esempio. Sviluppare idee pratiche che possono essere implementate immediatamente.<\/li>\n<li><strong>... per sviluppare soluzioni personalizzate: <\/strong>Sviluppate strategie personalizzate con un business coach (di vendita) esperto, su misura per la vostra azienda, il vostro settore e le vostre sfide.<\/li>\n<li><strong>... di sviluppare la lungimiranza invece dell'azionismo: <\/strong>Puntate su misure sostenibili che superano le costellazioni e le tendenze a breve termine per posizionare con successo la vostra azienda nel mercato (in continua evoluzione) a lungo termine, invece di ricadere nei soliti schemi stimolo-risposta.<\/li>\n<\/ul>\n<p>Concedetevi questo tipo di time-out dalla quotidianit\u00e0 aziendale, che crea il contesto necessario per una riflessione approfondita e una nuova direzione strategica, in modo da poter poi<\/p>\n<ul>\n<li>tornare alla vostra attivit\u00e0 quotidiana con una tabella di marcia valida per un'adeguata (ri)azione nella mutata situazione di mercato e<\/li>\n<li>Nel dialogo con i vostri collaboratori, ostentate sicurezza, calma (interiore) e compostezza, mostrando allo stesso tempo la determinazione che si aspettano da voi come manager o leader.<\/li>\n<\/ul>\n<p>Solo cos\u00ec la vostra organizzazione e il vostro team svilupperanno l'energia necessaria per il cambiamento, di cui avete bisogno per gestire la situazione attuale e le sfide future.<\/p>\n<\/blockquote>","protected":false},"excerpt":{"rendered":"<p>Quando l'ambiente di mercato cambia radicalmente - come accade attualmente a causa delle decisioni tariffarie dell'amministrazione Trump - i responsabili delle vendite devono spesso sviluppare strategie di vendita completamente nuove o almeno riadattarle. Questo di solito richiede anche di buttare a mare le precedenti routine di pensiero e di azione. Un sales business coach pu\u00f2 essere d'aiuto in questo senso, come dimostra il seguente articolo. <\/p>","protected":false},"author":4,"featured_media":0,"comment_status":"closed","ping_status":"closed","sticky":false,"template":"","format":"standard","meta":{"_acf_changed":false,"_yoast_wpseo_focuskw":"Zollbeschl\u00fcsse","_yoast_wpseo_metadesc":"Vertriebsleiter m\u00fcssen, wenn sich das Marktumfeld \u2013 wie durch die Zollbeschl\u00fcsse der Trump-Regierung \u2013 radikal wandelt, sich neu justieren.","articlekey":"","footnotes":""},"categories":[28],"tags":[126,335,5267,512],"class_list":["post-37540","post","type-post","status-publish","format-standard","hentry","category-management","tag-coaching","tag-management-und-unternehmensfuehrung","tag-marktumfeld","tag-vertrieb"],"acf":[],"yoast_head":"<!-- This site is optimized with the Yoast SEO plugin v27.4 - https:\/\/yoast.com\/product\/yoast-seo-wordpress\/ -->\n<title>Ad\u00e4quat nicht nur auf Trumps Zollbeschl\u00fcsse reagieren - Organisator<\/title>\n<meta name=\"description\" content=\"Vertriebsleiter m\u00fcssen, wenn sich das Marktumfeld \u2013 wie durch die Zollbeschl\u00fcsse der Trump-Regierung \u2013 radikal wandelt, sich neu justieren.\" \/>\n<meta name=\"robots\" content=\"index, follow, max-snippet:-1, max-image-preview:large, max-video-preview:-1\" \/>\n<link rel=\"canonical\" href=\"https:\/\/www.organisator.ch\/it\/gestione-2\/2025-04-08\/adaequat-nicht-nur-auf-trumps-zollbeschluesse-reagieren\/\" \/>\n<meta property=\"og:locale\" content=\"it_IT\" \/>\n<meta property=\"og:type\" content=\"article\" \/>\n<meta property=\"og:title\" content=\"Ad\u00e4quat nicht nur auf Trumps Zollbeschl\u00fcsse reagieren\" \/>\n<meta property=\"og:description\" content=\"Vertriebsleiter m\u00fcssen, wenn sich das Marktumfeld \u2013 wie durch die Zollbeschl\u00fcsse der Trump-Regierung \u2013 radikal wandelt, sich neu justieren.\" \/>\n<meta property=\"og:url\" content=\"https:\/\/www.organisator.ch\/it\/gestione-2\/2025-04-08\/adaequat-nicht-nur-auf-trumps-zollbeschluesse-reagieren\/\" \/>\n<meta property=\"og:site_name\" content=\"Organisator\" \/>\n<meta property=\"article:publisher\" content=\"https:\/\/www.facebook.com\/OrganisatorFachmagazin\" \/>\n<meta property=\"article:published_time\" content=\"2025-04-08T09:38:19+00:00\" \/>\n<meta property=\"article:modified_time\" content=\"2025-05-02T05:16:56+00:00\" \/>\n<meta property=\"og:image\" content=\"https:\/\/www.organisator.ch\/wp-content\/uploads\/2025\/04\/Adaequat-nicht-nur-auf-Trumps-Zollbeschluesse-reagieren-1_Organisator.jpg\" \/>\n\t<meta property=\"og:image:width\" content=\"680\" \/>\n\t<meta property=\"og:image:height\" content=\"454\" \/>\n\t<meta property=\"og:image:type\" content=\"image\/jpeg\" \/>\n<meta name=\"author\" content=\"thomas.berner\" \/>\n<meta name=\"twitter:card\" content=\"summary_large_image\" \/>\n<meta name=\"twitter:title\" content=\"Ad\u00e4quat nicht nur auf Trumps #Zollbeschl\u00fcsse reagieren\" \/>\n<meta name=\"twitter:description\" content=\"#Vertriebsleiter m\u00fcssen, wenn sich das #Marktumfeld \u2013 wie durch die #Zollbeschl\u00fcsse der Trump-Regierung \u2013 radikal wandelt, sich neu justieren.\" \/>\n<meta name=\"twitter:image\" content=\"https:\/\/www.organisator.ch\/wp-content\/uploads\/2025\/04\/Adaequat-nicht-nur-auf-Trumps-Zollbeschluesse-reagieren-1_Organisator.jpg\" \/>\n<script type=\"application\/ld+json\" class=\"yoast-schema-graph\">{\"@context\":\"https:\\\/\\\/schema.org\",\"@graph\":[{\"@type\":\"Article\",\"@id\":\"https:\\\/\\\/www.organisator.ch\\\/management\\\/2025-04-08\\\/adaequat-nicht-nur-auf-trumps-zollbeschluesse-reagieren\\\/#article\",\"isPartOf\":{\"@id\":\"https:\\\/\\\/www.organisator.ch\\\/management\\\/2025-04-08\\\/adaequat-nicht-nur-auf-trumps-zollbeschluesse-reagieren\\\/\"},\"author\":{\"name\":\"thomas.berner\",\"@id\":\"https:\\\/\\\/www.organisator.ch\\\/#\\\/schema\\\/person\\\/6f650f90b2842cd4c0cc334b4e36f67e\"},\"headline\":\"Ad\u00e4quat nicht nur auf Trumps Zollbeschl\u00fcsse reagieren\",\"datePublished\":\"2025-04-08T09:38:19+00:00\",\"dateModified\":\"2025-05-02T05:16:56+00:00\",\"mainEntityOfPage\":{\"@id\":\"https:\\\/\\\/www.organisator.ch\\\/management\\\/2025-04-08\\\/adaequat-nicht-nur-auf-trumps-zollbeschluesse-reagieren\\\/\"},\"wordCount\":1433,\"publisher\":{\"@id\":\"https:\\\/\\\/www.organisator.ch\\\/#organization\"},\"image\":{\"@id\":\"https:\\\/\\\/www.organisator.ch\\\/management\\\/2025-04-08\\\/adaequat-nicht-nur-auf-trumps-zollbeschluesse-reagieren\\\/#primaryimage\"},\"thumbnailUrl\":\"https:\\\/\\\/www.organisator.ch\\\/wp-content\\\/uploads\\\/2025\\\/04\\\/Adaequat-nicht-nur-auf-Trumps-Zollbeschluesse-reagieren-1_Organisator.jpg\",\"keywords\":[\"Coaching\",\"Management und Unternehmensf\u00fchrung\",\"Marktumfeld\",\"Vertrieb\"],\"articleSection\":[\"MANAGEMENT\"],\"inLanguage\":\"it-IT\"},{\"@type\":\"WebPage\",\"@id\":\"https:\\\/\\\/www.organisator.ch\\\/management\\\/2025-04-08\\\/adaequat-nicht-nur-auf-trumps-zollbeschluesse-reagieren\\\/\",\"url\":\"https:\\\/\\\/www.organisator.ch\\\/management\\\/2025-04-08\\\/adaequat-nicht-nur-auf-trumps-zollbeschluesse-reagieren\\\/\",\"name\":\"Ad\u00e4quat nicht nur auf Trumps Zollbeschl\u00fcsse reagieren - Organisator\",\"isPartOf\":{\"@id\":\"https:\\\/\\\/www.organisator.ch\\\/#website\"},\"primaryImageOfPage\":{\"@id\":\"https:\\\/\\\/www.organisator.ch\\\/management\\\/2025-04-08\\\/adaequat-nicht-nur-auf-trumps-zollbeschluesse-reagieren\\\/#primaryimage\"},\"image\":{\"@id\":\"https:\\\/\\\/www.organisator.ch\\\/management\\\/2025-04-08\\\/adaequat-nicht-nur-auf-trumps-zollbeschluesse-reagieren\\\/#primaryimage\"},\"thumbnailUrl\":\"https:\\\/\\\/www.organisator.ch\\\/wp-content\\\/uploads\\\/2025\\\/04\\\/Adaequat-nicht-nur-auf-Trumps-Zollbeschluesse-reagieren-1_Organisator.jpg\",\"datePublished\":\"2025-04-08T09:38:19+00:00\",\"dateModified\":\"2025-05-02T05:16:56+00:00\",\"description\":\"Vertriebsleiter m\u00fcssen, wenn sich das Marktumfeld \u2013 wie durch die Zollbeschl\u00fcsse der Trump-Regierung \u2013 radikal wandelt, sich neu justieren.\",\"breadcrumb\":{\"@id\":\"https:\\\/\\\/www.organisator.ch\\\/management\\\/2025-04-08\\\/adaequat-nicht-nur-auf-trumps-zollbeschluesse-reagieren\\\/#breadcrumb\"},\"inLanguage\":\"it-IT\",\"potentialAction\":[{\"@type\":\"ReadAction\",\"target\":[\"https:\\\/\\\/www.organisator.ch\\\/management\\\/2025-04-08\\\/adaequat-nicht-nur-auf-trumps-zollbeschluesse-reagieren\\\/\"]}]},{\"@type\":\"ImageObject\",\"inLanguage\":\"it-IT\",\"@id\":\"https:\\\/\\\/www.organisator.ch\\\/management\\\/2025-04-08\\\/adaequat-nicht-nur-auf-trumps-zollbeschluesse-reagieren\\\/#primaryimage\",\"url\":\"https:\\\/\\\/www.organisator.ch\\\/wp-content\\\/uploads\\\/2025\\\/04\\\/Adaequat-nicht-nur-auf-Trumps-Zollbeschluesse-reagieren-1_Organisator.jpg\",\"contentUrl\":\"https:\\\/\\\/www.organisator.ch\\\/wp-content\\\/uploads\\\/2025\\\/04\\\/Adaequat-nicht-nur-auf-Trumps-Zollbeschluesse-reagieren-1_Organisator.jpg\"},{\"@type\":\"BreadcrumbList\",\"@id\":\"https:\\\/\\\/www.organisator.ch\\\/management\\\/2025-04-08\\\/adaequat-nicht-nur-auf-trumps-zollbeschluesse-reagieren\\\/#breadcrumb\",\"itemListElement\":[{\"@type\":\"ListItem\",\"position\":1,\"name\":\"Home\",\"item\":\"https:\\\/\\\/www.organisator.ch\\\/\"},{\"@type\":\"ListItem\",\"position\":2,\"name\":\"Ad\u00e4quat nicht nur auf Trumps Zollbeschl\u00fcsse reagieren\"}]},{\"@type\":\"WebSite\",\"@id\":\"https:\\\/\\\/www.organisator.ch\\\/#website\",\"url\":\"https:\\\/\\\/www.organisator.ch\\\/\",\"name\":\"Organisator\",\"description\":\"Kompetent. Praxisnah. Der ORGANISATOR bereitet in 10 Ausgaben pro Jahr die wesentlichen Themen f\u00fcr F\u00fchrungskr\u00e4fte von KMU auf.\",\"publisher\":{\"@id\":\"https:\\\/\\\/www.organisator.ch\\\/#organization\"},\"potentialAction\":[{\"@type\":\"SearchAction\",\"target\":{\"@type\":\"EntryPoint\",\"urlTemplate\":\"https:\\\/\\\/www.organisator.ch\\\/?s={search_term_string}\"},\"query-input\":{\"@type\":\"PropertyValueSpecification\",\"valueRequired\":true,\"valueName\":\"search_term_string\"}}],\"inLanguage\":\"it-IT\"},{\"@type\":\"Organization\",\"@id\":\"https:\\\/\\\/www.organisator.ch\\\/#organization\",\"name\":\"Organisator\",\"url\":\"https:\\\/\\\/www.organisator.ch\\\/\",\"logo\":{\"@type\":\"ImageObject\",\"inLanguage\":\"it-IT\",\"@id\":\"https:\\\/\\\/www.organisator.ch\\\/#\\\/schema\\\/logo\\\/image\\\/\",\"url\":\"https:\\\/\\\/www.organisator.ch\\\/wp-content\\\/uploads\\\/2022\\\/01\\\/Logo_Organisator_Website.png\",\"contentUrl\":\"https:\\\/\\\/www.organisator.ch\\\/wp-content\\\/uploads\\\/2022\\\/01\\\/Logo_Organisator_Website.png\",\"width\":800,\"height\":77,\"caption\":\"Organisator\"},\"image\":{\"@id\":\"https:\\\/\\\/www.organisator.ch\\\/#\\\/schema\\\/logo\\\/image\\\/\"},\"sameAs\":[\"https:\\\/\\\/www.facebook.com\\\/OrganisatorFachmagazin\",\"https:\\\/\\\/www.linkedin.com\\\/showcase\\\/organisator-das-magazin-fr-kmu\",\"https:\\\/\\\/www.xing.com\\\/news\\\/pages\\\/organisator-ch-695\",\"https:\\\/\\\/www.youtube.com\\\/channel\\\/UCGP2Sq0iWaZwT3BdIAQFYpw\"]},{\"@type\":\"Person\",\"@id\":\"https:\\\/\\\/www.organisator.ch\\\/#\\\/schema\\\/person\\\/6f650f90b2842cd4c0cc334b4e36f67e\",\"name\":\"thomas.berner\",\"image\":{\"@type\":\"ImageObject\",\"inLanguage\":\"it-IT\",\"@id\":\"https:\\\/\\\/secure.gravatar.com\\\/avatar\\\/ac5001d2a36cb6c6cd3e50789007ffca834b477b74a2144564522e944eabff61?s=96&d=mm&r=g\",\"url\":\"https:\\\/\\\/secure.gravatar.com\\\/avatar\\\/ac5001d2a36cb6c6cd3e50789007ffca834b477b74a2144564522e944eabff61?s=96&d=mm&r=g\",\"contentUrl\":\"https:\\\/\\\/secure.gravatar.com\\\/avatar\\\/ac5001d2a36cb6c6cd3e50789007ffca834b477b74a2144564522e944eabff61?s=96&d=mm&r=g\",\"caption\":\"thomas.berner\"},\"url\":\"https:\\\/\\\/www.organisator.ch\\\/it\\\/author\\\/thomas-berner\\\/\"}]}<\/script>\n<!-- \/ Yoast SEO plugin. -->","yoast_head_json":{"title":"Rispondere in modo adeguato non solo alle decisioni doganali di Trump - Organizzatore","description":"Quando l'ambiente di mercato cambia radicalmente - come conseguenza delle decisioni dell'amministrazione Trump in materia di tariffe - i responsabili delle vendite devono riadattarsi.","robots":{"index":"index","follow":"follow","max-snippet":"max-snippet:-1","max-image-preview":"max-image-preview:large","max-video-preview":"max-video-preview:-1"},"canonical":"https:\/\/www.organisator.ch\/it\/gestione-2\/2025-04-08\/adaequat-nicht-nur-auf-trumps-zollbeschluesse-reagieren\/","og_locale":"it_IT","og_type":"article","og_title":"Ad\u00e4quat nicht nur auf Trumps Zollbeschl\u00fcsse reagieren","og_description":"Vertriebsleiter m\u00fcssen, wenn sich das Marktumfeld \u2013 wie durch die Zollbeschl\u00fcsse der Trump-Regierung \u2013 radikal wandelt, sich neu justieren.","og_url":"https:\/\/www.organisator.ch\/it\/gestione-2\/2025-04-08\/adaequat-nicht-nur-auf-trumps-zollbeschluesse-reagieren\/","og_site_name":"Organisator","article_publisher":"https:\/\/www.facebook.com\/OrganisatorFachmagazin","article_published_time":"2025-04-08T09:38:19+00:00","article_modified_time":"2025-05-02T05:16:56+00:00","og_image":[{"width":680,"height":454,"url":"https:\/\/www.organisator.ch\/wp-content\/uploads\/2025\/04\/Adaequat-nicht-nur-auf-Trumps-Zollbeschluesse-reagieren-1_Organisator.jpg","type":"image\/jpeg"}],"author":"thomas.berner","twitter_card":"summary_large_image","twitter_title":"Ad\u00e4quat nicht nur auf Trumps #Zollbeschl\u00fcsse reagieren","twitter_description":"#Vertriebsleiter m\u00fcssen, wenn sich das #Marktumfeld \u2013 wie durch die #Zollbeschl\u00fcsse der Trump-Regierung \u2013 radikal wandelt, sich neu justieren.","twitter_image":"https:\/\/www.organisator.ch\/wp-content\/uploads\/2025\/04\/Adaequat-nicht-nur-auf-Trumps-Zollbeschluesse-reagieren-1_Organisator.jpg","schema":{"@context":"https:\/\/schema.org","@graph":[{"@type":"Article","@id":"https:\/\/www.organisator.ch\/management\/2025-04-08\/adaequat-nicht-nur-auf-trumps-zollbeschluesse-reagieren\/#article","isPartOf":{"@id":"https:\/\/www.organisator.ch\/management\/2025-04-08\/adaequat-nicht-nur-auf-trumps-zollbeschluesse-reagieren\/"},"author":{"name":"thomas.berner","@id":"https:\/\/www.organisator.ch\/#\/schema\/person\/6f650f90b2842cd4c0cc334b4e36f67e"},"headline":"Ad\u00e4quat nicht nur auf Trumps Zollbeschl\u00fcsse reagieren","datePublished":"2025-04-08T09:38:19+00:00","dateModified":"2025-05-02T05:16:56+00:00","mainEntityOfPage":{"@id":"https:\/\/www.organisator.ch\/management\/2025-04-08\/adaequat-nicht-nur-auf-trumps-zollbeschluesse-reagieren\/"},"wordCount":1433,"publisher":{"@id":"https:\/\/www.organisator.ch\/#organization"},"image":{"@id":"https:\/\/www.organisator.ch\/management\/2025-04-08\/adaequat-nicht-nur-auf-trumps-zollbeschluesse-reagieren\/#primaryimage"},"thumbnailUrl":"https:\/\/www.organisator.ch\/wp-content\/uploads\/2025\/04\/Adaequat-nicht-nur-auf-Trumps-Zollbeschluesse-reagieren-1_Organisator.jpg","keywords":["Coaching","Management und Unternehmensf\u00fchrung","Marktumfeld","Vertrieb"],"articleSection":["MANAGEMENT"],"inLanguage":"it-IT"},{"@type":"WebPage","@id":"https:\/\/www.organisator.ch\/management\/2025-04-08\/adaequat-nicht-nur-auf-trumps-zollbeschluesse-reagieren\/","url":"https:\/\/www.organisator.ch\/management\/2025-04-08\/adaequat-nicht-nur-auf-trumps-zollbeschluesse-reagieren\/","name":"Rispondere in modo adeguato non solo alle decisioni doganali di Trump - Organizzatore","isPartOf":{"@id":"https:\/\/www.organisator.ch\/#website"},"primaryImageOfPage":{"@id":"https:\/\/www.organisator.ch\/management\/2025-04-08\/adaequat-nicht-nur-auf-trumps-zollbeschluesse-reagieren\/#primaryimage"},"image":{"@id":"https:\/\/www.organisator.ch\/management\/2025-04-08\/adaequat-nicht-nur-auf-trumps-zollbeschluesse-reagieren\/#primaryimage"},"thumbnailUrl":"https:\/\/www.organisator.ch\/wp-content\/uploads\/2025\/04\/Adaequat-nicht-nur-auf-Trumps-Zollbeschluesse-reagieren-1_Organisator.jpg","datePublished":"2025-04-08T09:38:19+00:00","dateModified":"2025-05-02T05:16:56+00:00","description":"Quando l'ambiente di mercato cambia radicalmente - come conseguenza delle decisioni dell'amministrazione Trump in materia di tariffe - i responsabili delle vendite devono riadattarsi.","breadcrumb":{"@id":"https:\/\/www.organisator.ch\/management\/2025-04-08\/adaequat-nicht-nur-auf-trumps-zollbeschluesse-reagieren\/#breadcrumb"},"inLanguage":"it-IT","potentialAction":[{"@type":"ReadAction","target":["https:\/\/www.organisator.ch\/management\/2025-04-08\/adaequat-nicht-nur-auf-trumps-zollbeschluesse-reagieren\/"]}]},{"@type":"ImageObject","inLanguage":"it-IT","@id":"https:\/\/www.organisator.ch\/management\/2025-04-08\/adaequat-nicht-nur-auf-trumps-zollbeschluesse-reagieren\/#primaryimage","url":"https:\/\/www.organisator.ch\/wp-content\/uploads\/2025\/04\/Adaequat-nicht-nur-auf-Trumps-Zollbeschluesse-reagieren-1_Organisator.jpg","contentUrl":"https:\/\/www.organisator.ch\/wp-content\/uploads\/2025\/04\/Adaequat-nicht-nur-auf-Trumps-Zollbeschluesse-reagieren-1_Organisator.jpg"},{"@type":"BreadcrumbList","@id":"https:\/\/www.organisator.ch\/management\/2025-04-08\/adaequat-nicht-nur-auf-trumps-zollbeschluesse-reagieren\/#breadcrumb","itemListElement":[{"@type":"ListItem","position":1,"name":"Home","item":"https:\/\/www.organisator.ch\/"},{"@type":"ListItem","position":2,"name":"Ad\u00e4quat nicht nur auf Trumps Zollbeschl\u00fcsse reagieren"}]},{"@type":"WebSite","@id":"https:\/\/www.organisator.ch\/#website","url":"https:\/\/www.organisator.ch\/","name":"Organizzatore","description":"Competente. Pratico. In 10 numeri all'anno, ORGANISATOR presenta i temi essenziali per i manager delle PMI.","publisher":{"@id":"https:\/\/www.organisator.ch\/#organization"},"potentialAction":[{"@type":"SearchAction","target":{"@type":"EntryPoint","urlTemplate":"https:\/\/www.organisator.ch\/?s={search_term_string}"},"query-input":{"@type":"PropertyValueSpecification","valueRequired":true,"valueName":"search_term_string"}}],"inLanguage":"it-IT"},{"@type":"Organization","@id":"https:\/\/www.organisator.ch\/#organization","name":"Organizzatore","url":"https:\/\/www.organisator.ch\/","logo":{"@type":"ImageObject","inLanguage":"it-IT","@id":"https:\/\/www.organisator.ch\/#\/schema\/logo\/image\/","url":"https:\/\/www.organisator.ch\/wp-content\/uploads\/2022\/01\/Logo_Organisator_Website.png","contentUrl":"https:\/\/www.organisator.ch\/wp-content\/uploads\/2022\/01\/Logo_Organisator_Website.png","width":800,"height":77,"caption":"Organisator"},"image":{"@id":"https:\/\/www.organisator.ch\/#\/schema\/logo\/image\/"},"sameAs":["https:\/\/www.facebook.com\/OrganisatorFachmagazin","https:\/\/www.linkedin.com\/showcase\/organisator-das-magazin-fr-kmu","https:\/\/www.xing.com\/news\/pages\/organisator-ch-695","https:\/\/www.youtube.com\/channel\/UCGP2Sq0iWaZwT3BdIAQFYpw"]},{"@type":"Person","@id":"https:\/\/www.organisator.ch\/#\/schema\/person\/6f650f90b2842cd4c0cc334b4e36f67e","name":"Tommaso.berner","image":{"@type":"ImageObject","inLanguage":"it-IT","@id":"https:\/\/secure.gravatar.com\/avatar\/ac5001d2a36cb6c6cd3e50789007ffca834b477b74a2144564522e944eabff61?s=96&d=mm&r=g","url":"https:\/\/secure.gravatar.com\/avatar\/ac5001d2a36cb6c6cd3e50789007ffca834b477b74a2144564522e944eabff61?s=96&d=mm&r=g","contentUrl":"https:\/\/secure.gravatar.com\/avatar\/ac5001d2a36cb6c6cd3e50789007ffca834b477b74a2144564522e944eabff61?s=96&d=mm&r=g","caption":"thomas.berner"},"url":"https:\/\/www.organisator.ch\/it\/author\/thomas-berner\/"}]}},"_links":{"self":[{"href":"https:\/\/www.organisator.ch\/it\/wp-json\/wp\/v2\/posts\/37540","targetHints":{"allow":["GET"]}}],"collection":[{"href":"https:\/\/www.organisator.ch\/it\/wp-json\/wp\/v2\/posts"}],"about":[{"href":"https:\/\/www.organisator.ch\/it\/wp-json\/wp\/v2\/types\/post"}],"author":[{"embeddable":true,"href":"https:\/\/www.organisator.ch\/it\/wp-json\/wp\/v2\/users\/4"}],"replies":[{"embeddable":true,"href":"https:\/\/www.organisator.ch\/it\/wp-json\/wp\/v2\/comments?post=37540"}],"version-history":[{"count":4,"href":"https:\/\/www.organisator.ch\/it\/wp-json\/wp\/v2\/posts\/37540\/revisions"}],"predecessor-version":[{"id":38131,"href":"https:\/\/www.organisator.ch\/it\/wp-json\/wp\/v2\/posts\/37540\/revisions\/38131"}],"wp:attachment":[{"href":"https:\/\/www.organisator.ch\/it\/wp-json\/wp\/v2\/media?parent=37540"}],"wp:term":[{"taxonomy":"category","embeddable":true,"href":"https:\/\/www.organisator.ch\/it\/wp-json\/wp\/v2\/categories?post=37540"},{"taxonomy":"post_tag","embeddable":true,"href":"https:\/\/www.organisator.ch\/it\/wp-json\/wp\/v2\/tags?post=37540"}],"curies":[{"name":"wp","href":"https:\/\/api.w.org\/{rel}","templated":true}]}}