{"id":3761,"date":"2018-06-08T09:35:43","date_gmt":"2018-06-08T07:35:43","guid":{"rendered":"https:\/\/www.organisator.ch\/?p=3761"},"modified":"2018-06-08T09:35:43","modified_gmt":"2018-06-08T07:35:43","slug":"ostschweizer-personaltag-2018-human-first-als-bewaehrtes-fuehrungs-credo","status":"publish","type":"post","link":"https:\/\/www.organisator.ch\/it\/human-resources\/hrm\/2018-06-08\/ostschweizer-personaltag-2018-human-first-als-bewaehrtes-fuehrungs-credo\/","title":{"rendered":"Giornata delle risorse umane della Svizzera orientale 2018: \"Human First\" come credo di leadership collaudato"},"content":{"rendered":"<figure id=\"attachment_3764\" aria-describedby=\"caption-attachment-3764\" style=\"width: 640px\" class=\"wp-caption alignnone\"><img loading=\"lazy\" decoding=\"async\" class=\"size-full wp-image-3764\" src=\"https:\/\/www.organisator.ch\/wp-content\/uploads\/2018\/06\/Ostschweizer-Personaltag-2018-\u201eHuman-First-als-bewaehrtes-Fuehrungs-Credo-1_Organisator.jpg\" alt=\"\" width=\"640\" height=\"425\" srcset=\"https:\/\/www.organisator.ch\/wp-content\/uploads\/2018\/06\/Ostschweizer-Personaltag-2018-\u201eHuman-First-als-bewaehrtes-Fuehrungs-Credo-1_Organisator.jpg 640w, https:\/\/www.organisator.ch\/wp-content\/uploads\/2018\/06\/Ostschweizer-Personaltag-2018-\u201eHuman-First-als-bewaehrtes-Fuehrungs-Credo-1_Organisator-16x12.jpg 16w, https:\/\/www.organisator.ch\/wp-content\/uploads\/2018\/06\/Ostschweizer-Personaltag-2018-\u201eHuman-First-als-bewaehrtes-Fuehrungs-Credo-1_Organisator-264x175.jpg 264w, https:\/\/www.organisator.ch\/wp-content\/uploads\/2018\/06\/Ostschweizer-Personaltag-2018-\u201eHuman-First-als-bewaehrtes-Fuehrungs-Credo-1_Organisator-527x350.jpg 527w, https:\/\/www.organisator.ch\/wp-content\/uploads\/2018\/06\/Ostschweizer-Personaltag-2018-\u201eHuman-First-als-bewaehrtes-Fuehrungs-Credo-1_Organisator-300x199.jpg 300w\" sizes=\"auto, (max-width: 640px) 100vw, 640px\" \/><figcaption id=\"caption-attachment-3764\" class=\"wp-caption-text\">Il credo della leadership \"Human First\" \u00e8 stato il filo conduttore della Giornata delle risorse umane della Svizzera orientale. Nella foto: Barbara Josef in conversazione con il moderatore Matthias Wipf. (Foto: Thomas Berner)<\/figcaption><\/figure>\n<p>Abdullah Redzepi, membro del comitato di patronato della Giornata delle Risorse Umane della Svizzera Orientale e docente presso l'Universit\u00e0 di Scienze Applicate di San Gallo, ha chiarito fin dall'inizio quello che probabilmente molti dei presenti stavano pensando: \"flessibile\" in relazione al lavoro \u00e8 diventato oggi un \"termine killer\". Molte delle cose che devono diventare pi\u00f9 \"flessibili\" sono gi\u00e0 una realt\u00e0 oggi: le persone lavorano in movimento, possono presentarsi al lavoro un'ora pi\u00f9 tardi e continuare a lavorare dopo la chiusura dell'ufficio. Tuttavia, sono necessarie nuove forme di cooperazione. Si tratta di una sfida per la leadership, e molte delle nuove sfide - intelligenza artificiale, automazione, ecc.<\/p>\n<h2>Prima gli umani<\/h2>\n<p>Quindi \u00e8 necessario soprattutto un cambiamento di comportamento. L'economista comportamentale Andreas Staub li ha esplorati nella sua presentazione. Sulla base di brevi sondaggi tra il pubblico, ha mostrato i modi \"classici\" di comportarsi nelle situazioni quotidiane. Molte persone si comportano in modo impulsivo e le decisioni impulsive non sono sempre quelle giuste. Questa consapevolezza gioca un ruolo nei processi di cambiamento e deve essere presa in considerazione di conseguenza. Un carattere importante del comportamento umano \u00e8 anche la disponibilit\u00e0 a dare qualcosa. \u00c8 importante utilizzarlo anche nei processi di cambiamento. Secondo Andreas Staub, questo porta al principio \"prima l'uomo\" come base per il funzionamento delle culture aziendali. Se la cultura \u00e8 corretta, \u00e8 pi\u00f9 facile implementare qualsiasi strategia, afferma Staub.<\/p>\n<figure id=\"attachment_3765\" aria-describedby=\"caption-attachment-3765\" style=\"width: 640px\" class=\"wp-caption alignnone\"><img loading=\"lazy\" decoding=\"async\" class=\"size-full wp-image-3765\" src=\"https:\/\/www.organisator.ch\/wp-content\/uploads\/2018\/06\/Ostschweizer-Personaltag-2018-\u201eHuman-First-als-bewaehrtes-Fuehrungs-Credo-2_Organisator.jpg\" alt=\"\" width=\"640\" height=\"425\" srcset=\"https:\/\/www.organisator.ch\/wp-content\/uploads\/2018\/06\/Ostschweizer-Personaltag-2018-\u201eHuman-First-als-bewaehrtes-Fuehrungs-Credo-2_Organisator.jpg 640w, https:\/\/www.organisator.ch\/wp-content\/uploads\/2018\/06\/Ostschweizer-Personaltag-2018-\u201eHuman-First-als-bewaehrtes-Fuehrungs-Credo-2_Organisator-16x12.jpg 16w, https:\/\/www.organisator.ch\/wp-content\/uploads\/2018\/06\/Ostschweizer-Personaltag-2018-\u201eHuman-First-als-bewaehrtes-Fuehrungs-Credo-2_Organisator-264x175.jpg 264w, https:\/\/www.organisator.ch\/wp-content\/uploads\/2018\/06\/Ostschweizer-Personaltag-2018-\u201eHuman-First-als-bewaehrtes-Fuehrungs-Credo-2_Organisator-527x350.jpg 527w, https:\/\/www.organisator.ch\/wp-content\/uploads\/2018\/06\/Ostschweizer-Personaltag-2018-\u201eHuman-First-als-bewaehrtes-Fuehrungs-Credo-2_Organisator-300x199.jpg 300w\" sizes=\"auto, (max-width: 640px) 100vw, 640px\" \/><figcaption id=\"caption-attachment-3765\" class=\"wp-caption-text\">Barbara Schaerer, direttrice dell'Ufficio federale del personale, mostra le sfide dell'Amministrazione 4.0. (Foto: Thomas Berner)<\/figcaption><\/figure>\n<h2>Gestione 4.0<\/h2>\n<p>Barbara Schaerer, responsabile delle risorse umane della Confederazione, ha molto da dire su quanto possa essere difficile a volte implementare le strategie. Nella sua presentazione ha spiegato come potrebbe essere l'\"Amministrazione 4.0\" e quali sono gli ostacoli da superare. In particolare, la natura tripartita della nostra amministrazione - Confederazione, Cantoni, Comuni - si rivela sempre una sfida. Il fatto che i dipartimenti siano gestiti politicamente significa anche che la flessibilit\u00e0 talvolta desiderata - ad esempio nelle decisioni sul personale - non pu\u00f2 essere sfruttata appieno ovunque. Ciononostante, Barbara Schaerer \u00e8 stata in grado di dimostrare perch\u00e9 l'Amministrazione federale \u00e8 un datore di lavoro attraente sotto molti punti di vista, dal momento che molte richieste delle moderne forme di lavoro possono gi\u00e0 essere soddisfatte.<\/p>\n<h2>Il lavoro \u00e8 un'attivit\u00e0, non un luogo<\/h2>\n<p>Barbara Josef, ex manager di Microsoft e ora blogger e consulente indipendente, ha riportato con i piedi per terra l'euforia che circonda il co-working e altre cosiddette \"nuove forme di lavoro\". Da un lato, naturalmente, non nega che il co-working abbia molti vantaggi, ad esempio per i freelance, ma anche per le aziende pi\u00f9 grandi, che possono concedere ai loro dipendenti una maggiore flessibilit\u00e0 nella scelta del luogo di lavoro, nel senso di una cultura della fiducia. D'altra parte, il coworking pu\u00f2 anche avere un impatto negativo, ad esempio creando una mancanza di tempo e un maggiore sforzo di coordinamento. Tuttavia: Il lavoro \u00e8 innanzitutto un'attivit\u00e0, non un luogo. In questo contesto, la \"gestione dei confini\", vale a dire la commistione consapevole tra lavoro e tempo libero, sta diventando sempre pi\u00f9 importante. \u00c8 necessaria la disponibilit\u00e0 a sperimentare: Barbara Josef ha definito la sostituzione, l'aumento, la modifica e la ridefinizione le \"parole magiche\" nell'interazione degli scenari di lavoro.<\/p>\n<h2>Incredibile ed eroico<\/h2>\n<p>L'addestratore mentale Tobias Heinemann ha utilizzato esperimenti sorprendenti per mostrare come funziona la psiche umana, ad esempio quando si dice la verit\u00e0. Non ci sono segnali chiari per capire se qualcuno sta mentendo, ma i cambiamenti nel linguaggio del corpo possono dare indicazioni pi\u00f9 o meno chiare. Infine, Nicole Brandes, imprenditrice e coach manageriale, ha raccolto l'attenzione del pubblico sulla capacit\u00e0 umana di essere un eroe. \"I robot non possono essere eroi\", ha detto. Ha chiesto di essere guidata da quattro ruoli: Pensatore, combattente, amante e sognatore. Pensare l'impensabile, guardare la paura negli occhi e osare comunque fare un passo, vedere i sentimenti come un legame con la vita e trarre il vero significato dalla realizzazione dei sogni sono alcuni dei messaggi centrali di Nicole Brandes. Anche in questo caso: Human First.<\/p>\n<figure id=\"attachment_3766\" aria-describedby=\"caption-attachment-3766\" style=\"width: 640px\" class=\"wp-caption alignnone\"><img loading=\"lazy\" decoding=\"async\" class=\"size-full wp-image-3766\" src=\"https:\/\/www.organisator.ch\/wp-content\/uploads\/2018\/06\/Ostschweizer-Personaltag-2018-&quot;Human-First-as-a-proven-Leadership-Credo-3_Organiser.jpg\" alt=\"\" width=\"640\" height=\"430\" srcset=\"\" sizes=\"auto, (max-width: 640px) 100vw, 640px\" data-srcset=\"\" \/><figcaption id=\"caption-attachment-3766\" class=\"wp-caption-text\">Nicole Brandes ha parlato di \"Leadership 4.0\". (Foto: Thomas Berner)<\/figcaption><\/figure>\n<p>Come l'anno precedente, Matthias Wipf ha guidato l'evento, che ha visto una grande partecipazione - gli organizzatori hanno parlato di \"folla record\". \u00c8 stato in grado di far uscire i relatori dal loro guscio con domande stimolanti. Karin Egle, presidente del Libero Gruppo ERFA Personale Svizzera Orientale, ha concluso il pomeriggio con un riferimento alla prossima Giornata del Personale della Svizzera Orientale, che si terr\u00e0 nuovamente a San Gallo il 6 giugno 2019.<\/p>\n<p><em>Informazioni: <a href=\"http:\/\/www.personaltag.ch\">www.personaltag.ch<\/a><\/em><\/p>","protected":false},"excerpt":{"rendered":"<p>Abdullah Redzepi, Mitglied des Patronatskomitees des Ostschweizer Personaltags und Dozent an der Fachhochschule St.Gallen, machte gleich zu Beginn deutlich, was wohl viele im Raum dachten: \u201eFlexibel\u201c im Zusammenhang mit Arbeit ist heute zu einem \u201eTotschlag-Begriff\u201c geworden. Vieles von dem, was alles \u201eflexibler\u201c werden m\u00fcsse, sei heute bereits Realit\u00e4t: Man arbeitet mobil, man kann heute durchaus [&hellip;]<\/p>\n","protected":false},"author":4,"featured_media":3766,"comment_status":"open","ping_status":"open","sticky":false,"template":"","format":"standard","meta":{"_acf_changed":false,"_yoast_wpseo_focuskw":"Human First","_yoast_wpseo_metadesc":"Am 7. Juni fand in St.Gallen der 14. Ostschweizer Personaltag statt. Die Referate-Themen drehten sich einerseits um die Ver\u00e4nderungen der Arbeitswelt, anderseits um die Konsequenzen f\u00fcr die F\u00fchrung.","articlekey":"","footnotes":""},"categories":[26],"tags":[103,254,335,502],"class_list":["post-3761","post","type-post","status-publish","format-standard","has-post-thumbnail","hentry","category-hrm","tag-business-excellence","tag-hrm","tag-management-und-unternehmensfuehrung","tag-veranstaltungen"],"acf":[],"yoast_head":"<!-- This site is optimized with the Yoast SEO plugin v27.5 - https:\/\/yoast.com\/product\/yoast-seo-wordpress\/ -->\n<title>Ostschweizer Personaltag 2018: \u201eHuman First\u201c als bew\u00e4hrtes F\u00fchrungs-Credo - Organisator<\/title>\n<meta name=\"description\" content=\"Am 7. Juni fand in St.Gallen der 14. Ostschweizer Personaltag statt. Die Referate-Themen drehten sich einerseits um die Ver\u00e4nderungen der Arbeitswelt, anderseits um die Konsequenzen f\u00fcr die F\u00fchrung.\" \/>\n<meta name=\"robots\" content=\"index, follow, max-snippet:-1, max-image-preview:large, max-video-preview:-1\" \/>\n<link rel=\"canonical\" href=\"https:\/\/www.organisator.ch\/it\/risorse-umane\/hrm\/2018-06-08\/ostschweizer-personaltag-2018-human-first-als-bewaehrtes-fuehrungs-credo\/\" \/>\n<meta property=\"og:locale\" content=\"it_IT\" \/>\n<meta property=\"og:type\" content=\"article\" \/>\n<meta property=\"og:title\" content=\"Ostschweizer Personaltag 2018: \u201eHuman First\u201c als bew\u00e4hrtes F\u00fchrungs-Credo\" \/>\n<meta property=\"og:description\" content=\"Am 7. Juni fand in St.Gallen der 14. Ostschweizer Personaltag statt. Die Referate-Themen drehten sich einerseits um die Ver\u00e4nderungen der Arbeitswelt, anderseits um die Konsequenzen f\u00fcr die F\u00fchrung.\" \/>\n<meta property=\"og:url\" content=\"https:\/\/www.organisator.ch\/it\/risorse-umane\/hrm\/2018-06-08\/ostschweizer-personaltag-2018-human-first-als-bewaehrtes-fuehrungs-credo\/\" \/>\n<meta property=\"og:site_name\" content=\"Organisator\" \/>\n<meta property=\"article:publisher\" content=\"https:\/\/www.facebook.com\/OrganisatorFachmagazin\" \/>\n<meta property=\"article:published_time\" content=\"2018-06-08T07:35:43+00:00\" \/>\n<meta property=\"og:image\" content=\"https:\/\/www.organisator.ch\/wp-content\/uploads\/2018\/06\/Ostschweizer-Personaltag-2018-\u201eHuman-First-als-bewaehrtes-Fuehrungs-Credo-3_Organisator.jpg\" \/>\n\t<meta property=\"og:image:width\" content=\"640\" \/>\n\t<meta property=\"og:image:height\" content=\"430\" \/>\n\t<meta property=\"og:image:type\" content=\"image\/jpeg\" \/>\n<meta name=\"author\" content=\"thomas.berner\" \/>\n<meta name=\"twitter:card\" content=\"summary_large_image\" \/>\n<meta name=\"twitter:title\" content=\"Ostschweizer #Personaltag 2018: \u201eHuman First\u201c als bew\u00e4hrtes #F\u00fchrungs-Credo\" \/>\n<meta name=\"twitter:description\" content=\"Am 7. Juni fand in St.Gallen der 14. Ostschweizer #Personaltag statt. Die Referate-Themen drehten sich einerseits um die Ver\u00e4nderungen der Arbeitswelt, anderseits um die Konsequenzen f\u00fcr die F\u00fchrung.\" \/>\n<meta name=\"twitter:image\" content=\"https:\/\/www.organisator.ch\/wp-content\/uploads\/2018\/06\/Ostschweizer-Personaltag-2018-\u201eHuman-First\u201c-als-bew\u00e4hrtes-F\u00fchrungs-Credo-3_Organisator.jpg\" \/>\n<script type=\"application\/ld+json\" class=\"yoast-schema-graph\">{\"@context\":\"https:\\\/\\\/schema.org\",\"@graph\":[{\"@type\":\"Article\",\"@id\":\"https:\\\/\\\/www.organisator.ch\\\/human-resources\\\/hrm\\\/2018-06-08\\\/ostschweizer-personaltag-2018-human-first-als-bewaehrtes-fuehrungs-credo\\\/#article\",\"isPartOf\":{\"@id\":\"https:\\\/\\\/www.organisator.ch\\\/human-resources\\\/hrm\\\/2018-06-08\\\/ostschweizer-personaltag-2018-human-first-als-bewaehrtes-fuehrungs-credo\\\/\"},\"author\":{\"name\":\"thomas.berner\",\"@id\":\"https:\\\/\\\/www.organisator.ch\\\/#\\\/schema\\\/person\\\/6f650f90b2842cd4c0cc334b4e36f67e\"},\"headline\":\"Ostschweizer Personaltag 2018: \u201eHuman First\u201c als bew\u00e4hrtes F\u00fchrungs-Credo\",\"datePublished\":\"2018-06-08T07:35:43+00:00\",\"mainEntityOfPage\":{\"@id\":\"https:\\\/\\\/www.organisator.ch\\\/human-resources\\\/hrm\\\/2018-06-08\\\/ostschweizer-personaltag-2018-human-first-als-bewaehrtes-fuehrungs-credo\\\/\"},\"wordCount\":774,\"commentCount\":0,\"publisher\":{\"@id\":\"https:\\\/\\\/www.organisator.ch\\\/#organization\"},\"image\":{\"@id\":\"https:\\\/\\\/www.organisator.ch\\\/human-resources\\\/hrm\\\/2018-06-08\\\/ostschweizer-personaltag-2018-human-first-als-bewaehrtes-fuehrungs-credo\\\/#primaryimage\"},\"thumbnailUrl\":\"https:\\\/\\\/www.organisator.ch\\\/wp-content\\\/uploads\\\/2018\\\/06\\\/Ostschweizer-Personaltag-2018-\u201eHuman-First-als-bewaehrtes-Fuehrungs-Credo-3_Organisator.jpg\",\"keywords\":[\"Business Excellence\",\"HRM\",\"Management und Unternehmensf\u00fchrung\",\"Veranstaltungen\"],\"articleSection\":[\"HRM\"],\"inLanguage\":\"it-IT\"},{\"@type\":\"WebPage\",\"@id\":\"https:\\\/\\\/www.organisator.ch\\\/human-resources\\\/hrm\\\/2018-06-08\\\/ostschweizer-personaltag-2018-human-first-als-bewaehrtes-fuehrungs-credo\\\/\",\"url\":\"https:\\\/\\\/www.organisator.ch\\\/human-resources\\\/hrm\\\/2018-06-08\\\/ostschweizer-personaltag-2018-human-first-als-bewaehrtes-fuehrungs-credo\\\/\",\"name\":\"Ostschweizer Personaltag 2018: \u201eHuman First\u201c als bew\u00e4hrtes F\u00fchrungs-Credo - Organisator\",\"isPartOf\":{\"@id\":\"https:\\\/\\\/www.organisator.ch\\\/#website\"},\"primaryImageOfPage\":{\"@id\":\"https:\\\/\\\/www.organisator.ch\\\/human-resources\\\/hrm\\\/2018-06-08\\\/ostschweizer-personaltag-2018-human-first-als-bewaehrtes-fuehrungs-credo\\\/#primaryimage\"},\"image\":{\"@id\":\"https:\\\/\\\/www.organisator.ch\\\/human-resources\\\/hrm\\\/2018-06-08\\\/ostschweizer-personaltag-2018-human-first-als-bewaehrtes-fuehrungs-credo\\\/#primaryimage\"},\"thumbnailUrl\":\"https:\\\/\\\/www.organisator.ch\\\/wp-content\\\/uploads\\\/2018\\\/06\\\/Ostschweizer-Personaltag-2018-\u201eHuman-First-als-bewaehrtes-Fuehrungs-Credo-3_Organisator.jpg\",\"datePublished\":\"2018-06-08T07:35:43+00:00\",\"description\":\"Am 7. Juni fand in St.Gallen der 14. Ostschweizer Personaltag statt. Die Referate-Themen drehten sich einerseits um die Ver\u00e4nderungen der Arbeitswelt, anderseits um die Konsequenzen f\u00fcr die F\u00fchrung.\",\"breadcrumb\":{\"@id\":\"https:\\\/\\\/www.organisator.ch\\\/human-resources\\\/hrm\\\/2018-06-08\\\/ostschweizer-personaltag-2018-human-first-als-bewaehrtes-fuehrungs-credo\\\/#breadcrumb\"},\"inLanguage\":\"it-IT\",\"potentialAction\":[{\"@type\":\"ReadAction\",\"target\":[\"https:\\\/\\\/www.organisator.ch\\\/human-resources\\\/hrm\\\/2018-06-08\\\/ostschweizer-personaltag-2018-human-first-als-bewaehrtes-fuehrungs-credo\\\/\"]}]},{\"@type\":\"ImageObject\",\"inLanguage\":\"it-IT\",\"@id\":\"https:\\\/\\\/www.organisator.ch\\\/human-resources\\\/hrm\\\/2018-06-08\\\/ostschweizer-personaltag-2018-human-first-als-bewaehrtes-fuehrungs-credo\\\/#primaryimage\",\"url\":\"https:\\\/\\\/www.organisator.ch\\\/wp-content\\\/uploads\\\/2018\\\/06\\\/Ostschweizer-Personaltag-2018-\u201eHuman-First-als-bewaehrtes-Fuehrungs-Credo-3_Organisator.jpg\",\"contentUrl\":\"https:\\\/\\\/www.organisator.ch\\\/wp-content\\\/uploads\\\/2018\\\/06\\\/Ostschweizer-Personaltag-2018-\u201eHuman-First-als-bewaehrtes-Fuehrungs-Credo-3_Organisator.jpg\",\"width\":640,\"height\":430,\"caption\":\"Nicole Brandes sprach \u00fcber \\\"Leadership 4.0\\\". (Foto: Thomas Berner)\"},{\"@type\":\"BreadcrumbList\",\"@id\":\"https:\\\/\\\/www.organisator.ch\\\/human-resources\\\/hrm\\\/2018-06-08\\\/ostschweizer-personaltag-2018-human-first-als-bewaehrtes-fuehrungs-credo\\\/#breadcrumb\",\"itemListElement\":[{\"@type\":\"ListItem\",\"position\":1,\"name\":\"Home\",\"item\":\"https:\\\/\\\/www.organisator.ch\\\/\"},{\"@type\":\"ListItem\",\"position\":2,\"name\":\"Ostschweizer Personaltag 2018: \u201eHuman First\u201c als bew\u00e4hrtes F\u00fchrungs-Credo\"}]},{\"@type\":\"WebSite\",\"@id\":\"https:\\\/\\\/www.organisator.ch\\\/#website\",\"url\":\"https:\\\/\\\/www.organisator.ch\\\/\",\"name\":\"Organisator\",\"description\":\"Kompetent. Praxisnah. Der ORGANISATOR bereitet in 10 Ausgaben pro Jahr die wesentlichen Themen f\u00fcr F\u00fchrungskr\u00e4fte von KMU auf.\",\"publisher\":{\"@id\":\"https:\\\/\\\/www.organisator.ch\\\/#organization\"},\"potentialAction\":[{\"@type\":\"SearchAction\",\"target\":{\"@type\":\"EntryPoint\",\"urlTemplate\":\"https:\\\/\\\/www.organisator.ch\\\/?s={search_term_string}\"},\"query-input\":{\"@type\":\"PropertyValueSpecification\",\"valueRequired\":true,\"valueName\":\"search_term_string\"}}],\"inLanguage\":\"it-IT\"},{\"@type\":\"Organization\",\"@id\":\"https:\\\/\\\/www.organisator.ch\\\/#organization\",\"name\":\"Organisator\",\"url\":\"https:\\\/\\\/www.organisator.ch\\\/\",\"logo\":{\"@type\":\"ImageObject\",\"inLanguage\":\"it-IT\",\"@id\":\"https:\\\/\\\/www.organisator.ch\\\/#\\\/schema\\\/logo\\\/image\\\/\",\"url\":\"https:\\\/\\\/www.organisator.ch\\\/wp-content\\\/uploads\\\/2022\\\/01\\\/Logo_Organisator_Website.png\",\"contentUrl\":\"https:\\\/\\\/www.organisator.ch\\\/wp-content\\\/uploads\\\/2022\\\/01\\\/Logo_Organisator_Website.png\",\"width\":800,\"height\":77,\"caption\":\"Organisator\"},\"image\":{\"@id\":\"https:\\\/\\\/www.organisator.ch\\\/#\\\/schema\\\/logo\\\/image\\\/\"},\"sameAs\":[\"https:\\\/\\\/www.facebook.com\\\/OrganisatorFachmagazin\",\"https:\\\/\\\/www.linkedin.com\\\/showcase\\\/organisator-das-magazin-fr-kmu\",\"https:\\\/\\\/www.xing.com\\\/news\\\/pages\\\/organisator-ch-695\",\"https:\\\/\\\/www.youtube.com\\\/channel\\\/UCGP2Sq0iWaZwT3BdIAQFYpw\"]},{\"@type\":\"Person\",\"@id\":\"https:\\\/\\\/www.organisator.ch\\\/#\\\/schema\\\/person\\\/6f650f90b2842cd4c0cc334b4e36f67e\",\"name\":\"thomas.berner\",\"image\":{\"@type\":\"ImageObject\",\"inLanguage\":\"it-IT\",\"@id\":\"https:\\\/\\\/secure.gravatar.com\\\/avatar\\\/ac5001d2a36cb6c6cd3e50789007ffca834b477b74a2144564522e944eabff61?s=96&d=mm&r=g\",\"url\":\"https:\\\/\\\/secure.gravatar.com\\\/avatar\\\/ac5001d2a36cb6c6cd3e50789007ffca834b477b74a2144564522e944eabff61?s=96&d=mm&r=g\",\"contentUrl\":\"https:\\\/\\\/secure.gravatar.com\\\/avatar\\\/ac5001d2a36cb6c6cd3e50789007ffca834b477b74a2144564522e944eabff61?s=96&d=mm&r=g\",\"caption\":\"thomas.berner\"},\"url\":\"https:\\\/\\\/www.organisator.ch\\\/it\\\/author\\\/thomas-berner\\\/\"}]}<\/script>\n<!-- \/ Yoast SEO plugin. -->","yoast_head_json":{"title":"HR Day 2018 della Svizzera orientale: \"Human First\" come credo di leadership comprovato - Organizzatore","description":"Il 7 giugno si \u00e8 svolta a San Gallo la 14a Giornata delle risorse umane della Svizzera orientale. I temi delle presentazioni ruotavano intorno ai cambiamenti nel mondo del lavoro, da un lato, e alle conseguenze per la leadership, dall'altro.","robots":{"index":"index","follow":"follow","max-snippet":"max-snippet:-1","max-image-preview":"max-image-preview:large","max-video-preview":"max-video-preview:-1"},"canonical":"https:\/\/www.organisator.ch\/it\/risorse-umane\/hrm\/2018-06-08\/ostschweizer-personaltag-2018-human-first-als-bewaehrtes-fuehrungs-credo\/","og_locale":"it_IT","og_type":"article","og_title":"Ostschweizer Personaltag 2018: \u201eHuman First\u201c als bew\u00e4hrtes F\u00fchrungs-Credo","og_description":"Am 7. Juni fand in St.Gallen der 14. Ostschweizer Personaltag statt. Die Referate-Themen drehten sich einerseits um die Ver\u00e4nderungen der Arbeitswelt, anderseits um die Konsequenzen f\u00fcr die F\u00fchrung.","og_url":"https:\/\/www.organisator.ch\/it\/risorse-umane\/hrm\/2018-06-08\/ostschweizer-personaltag-2018-human-first-als-bewaehrtes-fuehrungs-credo\/","og_site_name":"Organisator","article_publisher":"https:\/\/www.facebook.com\/OrganisatorFachmagazin","article_published_time":"2018-06-08T07:35:43+00:00","og_image":[{"width":640,"height":430,"url":"https:\/\/www.organisator.ch\/wp-content\/uploads\/2018\/06\/Ostschweizer-Personaltag-2018-\u201eHuman-First-als-bewaehrtes-Fuehrungs-Credo-3_Organisator.jpg","type":"image\/jpeg"}],"author":"thomas.berner","twitter_card":"summary_large_image","twitter_title":"Ostschweizer #Personaltag 2018: \u201eHuman First\u201c als bew\u00e4hrtes #F\u00fchrungs-Credo","twitter_description":"Am 7. Juni fand in St.Gallen der 14. Ostschweizer #Personaltag statt. Die Referate-Themen drehten sich einerseits um die Ver\u00e4nderungen der Arbeitswelt, anderseits um die Konsequenzen f\u00fcr die F\u00fchrung.","twitter_image":"https:\/\/www.organisator.ch\/wp-content\/uploads\/2018\/06\/Ostschweizer-Personaltag-2018-\u201eHuman-First\u201c-als-bew\u00e4hrtes-F\u00fchrungs-Credo-3_Organisator.jpg","schema":{"@context":"https:\/\/schema.org","@graph":[{"@type":"Article","@id":"https:\/\/www.organisator.ch\/human-resources\/hrm\/2018-06-08\/ostschweizer-personaltag-2018-human-first-als-bewaehrtes-fuehrungs-credo\/#article","isPartOf":{"@id":"https:\/\/www.organisator.ch\/human-resources\/hrm\/2018-06-08\/ostschweizer-personaltag-2018-human-first-als-bewaehrtes-fuehrungs-credo\/"},"author":{"name":"thomas.berner","@id":"https:\/\/www.organisator.ch\/#\/schema\/person\/6f650f90b2842cd4c0cc334b4e36f67e"},"headline":"Ostschweizer Personaltag 2018: \u201eHuman First\u201c als bew\u00e4hrtes F\u00fchrungs-Credo","datePublished":"2018-06-08T07:35:43+00:00","mainEntityOfPage":{"@id":"https:\/\/www.organisator.ch\/human-resources\/hrm\/2018-06-08\/ostschweizer-personaltag-2018-human-first-als-bewaehrtes-fuehrungs-credo\/"},"wordCount":774,"commentCount":0,"publisher":{"@id":"https:\/\/www.organisator.ch\/#organization"},"image":{"@id":"https:\/\/www.organisator.ch\/human-resources\/hrm\/2018-06-08\/ostschweizer-personaltag-2018-human-first-als-bewaehrtes-fuehrungs-credo\/#primaryimage"},"thumbnailUrl":"https:\/\/www.organisator.ch\/wp-content\/uploads\/2018\/06\/Ostschweizer-Personaltag-2018-\u201eHuman-First-als-bewaehrtes-Fuehrungs-Credo-3_Organisator.jpg","keywords":["Business Excellence","HRM","Management und Unternehmensf\u00fchrung","Veranstaltungen"],"articleSection":["HRM"],"inLanguage":"it-IT"},{"@type":"WebPage","@id":"https:\/\/www.organisator.ch\/human-resources\/hrm\/2018-06-08\/ostschweizer-personaltag-2018-human-first-als-bewaehrtes-fuehrungs-credo\/","url":"https:\/\/www.organisator.ch\/human-resources\/hrm\/2018-06-08\/ostschweizer-personaltag-2018-human-first-als-bewaehrtes-fuehrungs-credo\/","name":"HR Day 2018 della Svizzera orientale: \"Human First\" come credo di leadership comprovato - Organizzatore","isPartOf":{"@id":"https:\/\/www.organisator.ch\/#website"},"primaryImageOfPage":{"@id":"https:\/\/www.organisator.ch\/human-resources\/hrm\/2018-06-08\/ostschweizer-personaltag-2018-human-first-als-bewaehrtes-fuehrungs-credo\/#primaryimage"},"image":{"@id":"https:\/\/www.organisator.ch\/human-resources\/hrm\/2018-06-08\/ostschweizer-personaltag-2018-human-first-als-bewaehrtes-fuehrungs-credo\/#primaryimage"},"thumbnailUrl":"https:\/\/www.organisator.ch\/wp-content\/uploads\/2018\/06\/Ostschweizer-Personaltag-2018-\u201eHuman-First-als-bewaehrtes-Fuehrungs-Credo-3_Organisator.jpg","datePublished":"2018-06-08T07:35:43+00:00","description":"Il 7 giugno si \u00e8 svolta a San Gallo la 14a Giornata delle risorse umane della Svizzera orientale. I temi delle presentazioni ruotavano intorno ai cambiamenti nel mondo del lavoro, da un lato, e alle conseguenze per la leadership, dall'altro.","breadcrumb":{"@id":"https:\/\/www.organisator.ch\/human-resources\/hrm\/2018-06-08\/ostschweizer-personaltag-2018-human-first-als-bewaehrtes-fuehrungs-credo\/#breadcrumb"},"inLanguage":"it-IT","potentialAction":[{"@type":"ReadAction","target":["https:\/\/www.organisator.ch\/human-resources\/hrm\/2018-06-08\/ostschweizer-personaltag-2018-human-first-als-bewaehrtes-fuehrungs-credo\/"]}]},{"@type":"ImageObject","inLanguage":"it-IT","@id":"https:\/\/www.organisator.ch\/human-resources\/hrm\/2018-06-08\/ostschweizer-personaltag-2018-human-first-als-bewaehrtes-fuehrungs-credo\/#primaryimage","url":"https:\/\/www.organisator.ch\/wp-content\/uploads\/2018\/06\/Ostschweizer-Personaltag-2018-\u201eHuman-First-als-bewaehrtes-Fuehrungs-Credo-3_Organisator.jpg","contentUrl":"https:\/\/www.organisator.ch\/wp-content\/uploads\/2018\/06\/Ostschweizer-Personaltag-2018-\u201eHuman-First-als-bewaehrtes-Fuehrungs-Credo-3_Organisator.jpg","width":640,"height":430,"caption":"Nicole Brandes sprach \u00fcber \"Leadership 4.0\". (Foto: Thomas Berner)"},{"@type":"BreadcrumbList","@id":"https:\/\/www.organisator.ch\/human-resources\/hrm\/2018-06-08\/ostschweizer-personaltag-2018-human-first-als-bewaehrtes-fuehrungs-credo\/#breadcrumb","itemListElement":[{"@type":"ListItem","position":1,"name":"Home","item":"https:\/\/www.organisator.ch\/"},{"@type":"ListItem","position":2,"name":"Ostschweizer Personaltag 2018: \u201eHuman First\u201c als bew\u00e4hrtes F\u00fchrungs-Credo"}]},{"@type":"WebSite","@id":"https:\/\/www.organisator.ch\/#website","url":"https:\/\/www.organisator.ch\/","name":"Organizzatore","description":"Competente. Pratico. In 10 numeri all'anno, ORGANISATOR presenta i temi essenziali per i manager delle PMI.","publisher":{"@id":"https:\/\/www.organisator.ch\/#organization"},"potentialAction":[{"@type":"SearchAction","target":{"@type":"EntryPoint","urlTemplate":"https:\/\/www.organisator.ch\/?s={search_term_string}"},"query-input":{"@type":"PropertyValueSpecification","valueRequired":true,"valueName":"search_term_string"}}],"inLanguage":"it-IT"},{"@type":"Organization","@id":"https:\/\/www.organisator.ch\/#organization","name":"Organizzatore","url":"https:\/\/www.organisator.ch\/","logo":{"@type":"ImageObject","inLanguage":"it-IT","@id":"https:\/\/www.organisator.ch\/#\/schema\/logo\/image\/","url":"https:\/\/www.organisator.ch\/wp-content\/uploads\/2022\/01\/Logo_Organisator_Website.png","contentUrl":"https:\/\/www.organisator.ch\/wp-content\/uploads\/2022\/01\/Logo_Organisator_Website.png","width":800,"height":77,"caption":"Organisator"},"image":{"@id":"https:\/\/www.organisator.ch\/#\/schema\/logo\/image\/"},"sameAs":["https:\/\/www.facebook.com\/OrganisatorFachmagazin","https:\/\/www.linkedin.com\/showcase\/organisator-das-magazin-fr-kmu","https:\/\/www.xing.com\/news\/pages\/organisator-ch-695","https:\/\/www.youtube.com\/channel\/UCGP2Sq0iWaZwT3BdIAQFYpw"]},{"@type":"Person","@id":"https:\/\/www.organisator.ch\/#\/schema\/person\/6f650f90b2842cd4c0cc334b4e36f67e","name":"Tommaso.berner","image":{"@type":"ImageObject","inLanguage":"it-IT","@id":"https:\/\/secure.gravatar.com\/avatar\/ac5001d2a36cb6c6cd3e50789007ffca834b477b74a2144564522e944eabff61?s=96&d=mm&r=g","url":"https:\/\/secure.gravatar.com\/avatar\/ac5001d2a36cb6c6cd3e50789007ffca834b477b74a2144564522e944eabff61?s=96&d=mm&r=g","contentUrl":"https:\/\/secure.gravatar.com\/avatar\/ac5001d2a36cb6c6cd3e50789007ffca834b477b74a2144564522e944eabff61?s=96&d=mm&r=g","caption":"thomas.berner"},"url":"https:\/\/www.organisator.ch\/it\/author\/thomas-berner\/"}]}},"_links":{"self":[{"href":"https:\/\/www.organisator.ch\/it\/wp-json\/wp\/v2\/posts\/3761","targetHints":{"allow":["GET"]}}],"collection":[{"href":"https:\/\/www.organisator.ch\/it\/wp-json\/wp\/v2\/posts"}],"about":[{"href":"https:\/\/www.organisator.ch\/it\/wp-json\/wp\/v2\/types\/post"}],"author":[{"embeddable":true,"href":"https:\/\/www.organisator.ch\/it\/wp-json\/wp\/v2\/users\/4"}],"replies":[{"embeddable":true,"href":"https:\/\/www.organisator.ch\/it\/wp-json\/wp\/v2\/comments?post=3761"}],"version-history":[{"count":0,"href":"https:\/\/www.organisator.ch\/it\/wp-json\/wp\/v2\/posts\/3761\/revisions"}],"wp:featuredmedia":[{"embeddable":true,"href":"https:\/\/www.organisator.ch\/it\/wp-json\/wp\/v2\/media\/3766"}],"wp:attachment":[{"href":"https:\/\/www.organisator.ch\/it\/wp-json\/wp\/v2\/media?parent=3761"}],"wp:term":[{"taxonomy":"category","embeddable":true,"href":"https:\/\/www.organisator.ch\/it\/wp-json\/wp\/v2\/categories?post=3761"},{"taxonomy":"post_tag","embeddable":true,"href":"https:\/\/www.organisator.ch\/it\/wp-json\/wp\/v2\/tags?post=3761"}],"curies":[{"name":"wp","href":"https:\/\/api.w.org\/{rel}","templated":true}]}}