{"id":37614,"date":"2025-04-10T16:31:06","date_gmt":"2025-04-10T14:31:06","guid":{"rendered":"https:\/\/www.markt-kom.com\/?p=233227"},"modified":"2025-04-11T07:46:18","modified_gmt":"2025-04-11T05:46:18","slug":"der-wechsel-zwischen-den-welten-verlangt-empathie-und-anpassungsfaehigkeit","status":"publish","type":"post","link":"https:\/\/www.organisator.ch\/it\/marketing\/2025-04-10\/der-wechsel-zwischen-den-welten-verlangt-empathie-und-anpassungsfaehigkeit\/","title":{"rendered":"\"Passare da un mondo all'altro richiede empatia e capacit\u00e0 di adattamento\"."},"content":{"rendered":"<figure id=\"attachment_233229\" class=\"wp-caption aligncenter\" style=\"width: 1200px;\" aria-describedby=\"caption-attachment-233229\"><a href=\"https:\/\/www.markt-kom.com\/wp-content\/uploads\/2025\/04\/Regulabuehrerfecker-lastrategiste.jpg\"><img class=\"size-full wp-image-233229\" src=\"https:\/\/www.markt-kom.com\/wp-content\/uploads\/2025\/04\/Regulabuehrerfecker-lastrategiste.jpg\" sizes=\"(max-width: 1200px) 100vw, 1200px\" srcset=\"https:\/\/www.markt-kom.com\/wp-content\/uploads\/2025\/04\/Regulabuehrerfecker-lastrategiste.jpg 1200w, https:\/\/www.markt-kom.com\/wp-content\/uploads\/2025\/04\/Regulabuehrerfecker-lastrategiste-600x450.jpg 600w, https:\/\/www.markt-kom.com\/wp-content\/uploads\/2025\/04\/Regulabuehrerfecker-lastrategiste-1024x768.jpg 1024w, https:\/\/www.markt-kom.com\/wp-content\/uploads\/2025\/04\/Regulabuehrerfecker-lastrategiste-768x576.jpg 768w, https:\/\/www.markt-kom.com\/wp-content\/uploads\/2025\/04\/Regulabuehrerfecker-lastrategiste-16x12.jpg 16w, https:\/\/www.markt-kom.com\/wp-content\/uploads\/2025\/04\/Regulabuehrerfecker-lastrategiste-233x175.jpg 233w, https:\/\/www.markt-kom.com\/wp-content\/uploads\/2025\/04\/Regulabuehrerfecker-lastrategiste-467x350.jpg 467w, https:\/\/www.markt-kom.com\/wp-content\/uploads\/2025\/04\/Regulabuehrerfecker-lastrategiste-1000x750.jpg 1000w\" alt=\"\" width=\"1200\" height=\"900\" \/><\/a>\r\n<figcaption id=\"caption-attachment-233229\" class=\"wp-caption-text\">(Immagine: zVg.)<\/figcaption>\r\n<\/figure>\r\n<p>In qualit\u00e0 di membro esperto del consiglio di amministrazione e di imprenditrice, B\u00fchrer Fecker apporta conoscenze approfondite nello sviluppo di nuovi modelli di business, nonch\u00e9 una profonda comprensione dei consumatori e delle tendenze sociali. Il suo punto di vista aiuter\u00e0 Tibits a rimanere innovativa in futuro e a capitalizzare nuove opportunit\u00e0 nel mercato in crescita dell'alimentazione a base vegetale.<\/p>\r\n<p>\"Siamo lieti di avere a bordo Regula B\u00fchrer Fecker, una personalit\u00e0 di spicco. La sua esperienza e il suo fiuto per gli sviluppi contemporanei sono di grande valore per Tibits, soprattutto in un momento in cui l'alimentazione sostenibile e il consumo consapevole stanno diventando sempre pi\u00f9 importanti\", afferma Daniel Frei, Presidente del Consiglio di Amministrazione di Tibits.<\/p>\r\n<p>Nell'intervista che segue, Regula B\u00fchrer Fecker parla della sua nuova posizione nel Consiglio di Amministrazione, della sua prospettiva sul marchio Tibits e delle opportunit\u00e0 per le aziende nel campo della ristorazione sostenibile.<\/p>\r\n<p>&nbsp;<\/p>\r\n<p><strong>m&amp;k: Regula B\u00fchrer Fecker, lei \u00e8 un nuovo membro del Consiglio di Amministrazione di Tibits. Cosa l'ha spinta a sedersi l\u00ec?<\/strong><\/p>\r\n<p>La visione di Tibits mi ha ispirato fin dalla sua fondazione: rendere il cibo vegetariano e vegano non solo ampiamente disponibile, ma anche piacevole e naturale. Sono lieto di poter contribuire in futuro a dare forma a questa missione insieme ai miei colleghi del Consiglio di Amministrazione.<\/p>\r\n<p>&nbsp;<\/p>\r\n<p><strong>Su quali sfide potete fornire aiuto e consulenza?<\/strong><\/p>\r\n<p>Con tutto ci\u00f2 che tiene occupato Tibit. Il compito sar\u00e0 molto vario e stimolante.<\/p>\r\n<p>&nbsp;<\/p>\r\n<p><strong>Lei ha plasmato l'industria pubblicitaria svizzera per decenni. Cosa l'ha spinta a intraprendere la strada della strategia di comunicazione?<\/strong><\/p>\r\n<p>Quando ho iniziato a lavorare in pubblicit\u00e0, non sapevo nemmeno che la \"strategia\" esistesse come disciplina a s\u00e9 stante. Anche presso uno dei miei primi datori di lavoro - Jung von Matt, allora ancora \"Honegger von Matt\" - non c'erano strateghi dedicati intorno al 2000. C'erano consulenti con un'affinit\u00e0 con la strategia che sviluppavano briefing, concetti e presentazioni. \u00c8 stato proprio questo aspetto ad affascinarmi fin dall'inizio. Cos\u00ec mi sono concentrato su di essa: ho seguito corsi di formazione, fatto esperienze all'estero e approfondito costantemente il mio pensiero strategico.<\/p>\r\n<p>&nbsp;<\/p>\r\n<p><strong>Il vostro approccio si basa su intuizioni incentrate sull'uomo e su concetti innovativi. Come riuscite a trovare l'equilibrio tra l'innovazione creativa e la necessit\u00e0 di rivolgersi efficacemente ai gruppi target?<\/strong><\/p>\r\n<p>Una cosa mi \u00e8 chiara: la rilevanza per il gruppo target non \u00e8 negoziabile. C'\u00e8 spazio per la creativit\u00e0, <em>come<\/em> raggiungiamo le persone. L'innovazione spesso nasce quando osserviamo da vicino ci\u00f2 che realmente muove le persone e troviamo un modo sorprendente e nuovo di rispondere.<\/p>\r\n<p>&nbsp;<\/p>\r\n<p><strong>Nella sua carriera, lei ha sostenuto numerose aziende, dalle start-up alle grandi societ\u00e0. Quali sfide vede nello sviluppo di strategie di comunicazione per aziende di dimensioni diverse?<\/strong><\/p>\r\n<p>Mi piace passare da un mondo all'altro, ma richiede empatia e capacit\u00e0 di adattamento. Bisogna sempre ripensare se stessi: la cultura, le risorse, gli obiettivi. Ci sono sempre concorrenti con budget maggiori o settori con voci pi\u00f9 forti. Il mio lavoro consiste nel mostrare alle organizzazioni quanto possono ottenere con le loro risorse e come il coraggio pu\u00f2 moltiplicare queste risorse.<\/p>\r\n<p>&nbsp;<\/p>\r\n<p><strong>Lei \u00e8 descritto come uno dei pubblicitari pi\u00f9 astuti e creativi della Svizzera. Quali sono le qualit\u00e0 che ritiene fondamentali per il successo nel settore?<\/strong><\/p>\r\n<p>Il coraggio di andare al cuore della questione, di fidarsi della propria opinione e di esporsi. Senza cedere al primo vento contrario.<\/p>\r\n<p>&nbsp;<\/p>\r\n<p><strong>Lei sottolinea ripetutamente l'aspetto dell'umanit\u00e0 nella comunicazione. Come definisce questo termine e perch\u00e9 \u00e8 cos\u00ec importante per il successo dei marchi?<\/strong><\/p>\r\n<p>Umanit\u00e0 significa innescare una risonanza. Le migliori campagne ci toccano - colpiscono una corda dentro di noi. Ci\u00f2 richiede un senso acuto per lo zeitgeist e le sfumature, per i bisogni reali.<\/p>\r\n<p>&nbsp;<\/p>\r\n<p><strong>Il suo lavoro consiste spesso nel sostenere i processi di trasformazione delle aziende. Che ruolo ha la comunicazione nel successo del cambiamento?<\/strong><\/p>\r\n<p>Una centrale. Il cambiamento innesca l'incertezza: una buona comunicazione pu\u00f2 fornire un orientamento, creare fiducia e liberare energia. Se \u00e8 onesta, chiara e vicina alle persone, diventa una leva per un cambiamento reale.<\/p>\r\n<p>&nbsp;<\/p>\r\n<p><strong>La vostra azienda, <a href=\"https:\/\/www.lastrategiste.com\/de\/\">La Strat\u00e9giste<\/a>\u00e8 nota per le sue soluzioni personalizzate. Ci pu\u00f2 fare un esempio di un progetto particolarmente impegnativo?<\/strong><\/p>\r\n<p>No, \u00e8 ancora troppo presto. Ho iniziato due mesi fa.<\/p>\r\n<p>&nbsp;<\/p>\r\n<p><strong>Lei \u00e8 considerata un modello per le giovani donne del settore. Che ruolo ha il mentoring nel suo lavoro e come promuove i giovani talenti?<\/strong><\/p>\r\n<p>La ringrazio molto per le sue gentili parole. Credo di essere brava ad ascoltare e ad andare al cuore delle cose, anche se a volte fa male. Una volta superato questo punto, si tratta di pensare insieme a soluzioni adatte all'altra persona e alla sfida.<\/p>\r\n<p>&nbsp;<\/p>\r\n<p><strong>Lei ha un senso spiccato per le tendenze sociali. Quali tendenze vede nel settore delle comunicazioni che le aziende dovrebbero tenere in considerazione nei prossimi anni?<\/strong><\/p>\r\n<p>Molte aziende sono bloccate in un corsetto di prestazioni: tutto \u00e8 ridotto a KPI a breve termine e il denaro \u00e8 troppo legato alla Silicon Valley. Di conseguenza, lo sviluppo del marchio a lungo termine e il legame con il pubblico svizzero passano in secondo piano. Credo che i clienti pubblicitari svizzeri abbiano urgentemente bisogno di un nuovo equilibrio tra performance e rilevanza locale. E di maggiore fiducia in se stessi e coraggio.<\/p>\r\n<p>&nbsp;<\/p>\r\n<p><strong>Quali sono i valori che vivete ogni giorno a \"La Strat\u00e9giste\" e che incorporate nel vostro lavoro, e come si riflettono nei progetti?<\/strong><\/p>\r\n<p>Sono felice quando i clienti mi salutano e mi dicono che siamo riusciti a risolvere qualcosa insieme e che il mio contributo li ha aiutati in modo significativo.<\/p>","protected":false},"excerpt":{"rendered":"<p>L'azienda di catering Tibits ha nominato Regula B\u00fchrer Fecker, esperta stratega del marchio, nel suo Consiglio di Amministrazione. In un'intervista con m&amp;k, l'autrice parla del suo nuovo ruolo, della comunicazione efficace in tempi di cambiamento e del perch\u00e9 i clienti pubblicitari hanno bisogno di nuovo di pi\u00f9 coraggio e fiducia in se stessi.<\/p>","protected":false},"author":8,"featured_media":0,"comment_status":"closed","ping_status":"closed","sticky":false,"template":"","format":"standard","meta":{"_acf_changed":false,"_yoast_wpseo_focuskw":"Regula B\u00fchrer Fecker","_yoast_wpseo_metadesc":"Das Gastrounternehmen Tibits holt mit Regula B\u00fchrer Fecker eine erfahrene Markenstrategin in den Verwaltungsrat.","articlekey":"","footnotes":""},"categories":[29],"tags":[4345,5276,5277,5278],"class_list":["post-37614","post","type-post","status-publish","format-standard","hentry","category-marketing","tag-business","tag-la-strategiste","tag-regula-buehrer-fecker","tag-tibits"],"acf":[],"yoast_head":"<!-- This site is optimized with the Yoast SEO plugin v27.5 - https:\/\/yoast.com\/product\/yoast-seo-wordpress\/ -->\n<title>\u00abDer Wechsel zwischen den Welten verlangt Empathie und Anpassungsf\u00e4higkeit\u00bb - Organisator<\/title>\n<meta name=\"description\" content=\"Das Gastrounternehmen Tibits holt mit Regula B\u00fchrer Fecker eine erfahrene Markenstrategin in den Verwaltungsrat.\" \/>\n<meta name=\"robots\" content=\"index, follow, max-snippet:-1, max-image-preview:large, max-video-preview:-1\" \/>\n<link rel=\"canonical\" href=\"https:\/\/www.organisator.ch\/it\/marketing\/2025-04-10\/der-wechsel-zwischen-den-welten-verlangt-empathie-und-anpassungsfaehigkeit\/\" \/>\n<meta property=\"og:locale\" content=\"it_IT\" \/>\n<meta property=\"og:type\" content=\"article\" \/>\n<meta property=\"og:title\" content=\"\u00abDer Wechsel zwischen den Welten verlangt Empathie und Anpassungsf\u00e4higkeit\u00bb - Organisator\" \/>\n<meta property=\"og:description\" content=\"Das Gastrounternehmen Tibits holt mit Regula B\u00fchrer Fecker eine erfahrene Markenstrategin in den Verwaltungsrat.\" \/>\n<meta property=\"og:url\" content=\"https:\/\/www.organisator.ch\/it\/marketing\/2025-04-10\/der-wechsel-zwischen-den-welten-verlangt-empathie-und-anpassungsfaehigkeit\/\" \/>\n<meta property=\"og:site_name\" content=\"Organisator\" \/>\n<meta property=\"article:publisher\" content=\"https:\/\/www.facebook.com\/OrganisatorFachmagazin\" \/>\n<meta property=\"article:published_time\" content=\"2025-04-10T14:31:06+00:00\" \/>\n<meta property=\"article:modified_time\" content=\"2025-04-11T05:46:18+00:00\" \/>\n<meta name=\"author\" content=\"galledia\" \/>\n<meta name=\"twitter:card\" content=\"summary_large_image\" \/>\n<meta name=\"twitter:creator\" content=\"@admin\" \/>\n<script type=\"application\/ld+json\" class=\"yoast-schema-graph\">{\"@context\":\"https:\\\/\\\/schema.org\",\"@graph\":[{\"@type\":\"Article\",\"@id\":\"https:\\\/\\\/www.organisator.ch\\\/marketing\\\/2025-04-10\\\/der-wechsel-zwischen-den-welten-verlangt-empathie-und-anpassungsfaehigkeit\\\/#article\",\"isPartOf\":{\"@id\":\"https:\\\/\\\/www.organisator.ch\\\/marketing\\\/2025-04-10\\\/der-wechsel-zwischen-den-welten-verlangt-empathie-und-anpassungsfaehigkeit\\\/\"},\"author\":{\"name\":\"galledia\",\"@id\":\"https:\\\/\\\/www.organisator.ch\\\/#\\\/schema\\\/person\\\/4e51799071cd2dd1232ac003643ef5f0\"},\"headline\":\"\u00abDer Wechsel zwischen den Welten verlangt Empathie und Anpassungsf\u00e4higkeit\u00bb\",\"datePublished\":\"2025-04-10T14:31:06+00:00\",\"dateModified\":\"2025-04-11T05:46:18+00:00\",\"mainEntityOfPage\":{\"@id\":\"https:\\\/\\\/www.organisator.ch\\\/marketing\\\/2025-04-10\\\/der-wechsel-zwischen-den-welten-verlangt-empathie-und-anpassungsfaehigkeit\\\/\"},\"wordCount\":947,\"publisher\":{\"@id\":\"https:\\\/\\\/www.organisator.ch\\\/#organization\"},\"image\":{\"@id\":\"https:\\\/\\\/www.organisator.ch\\\/marketing\\\/2025-04-10\\\/der-wechsel-zwischen-den-welten-verlangt-empathie-und-anpassungsfaehigkeit\\\/#primaryimage\"},\"thumbnailUrl\":\"https:\\\/\\\/www.markt-kom.com\\\/wp-content\\\/uploads\\\/2025\\\/04\\\/Regulabuehrerfecker-lastrategiste.jpg\",\"keywords\":[\"Business\",\"La Strat\u00e9giste\",\"Regula B\u00fchrer Fecker\",\"Tibits\"],\"articleSection\":[\"MARKETING\"],\"inLanguage\":\"it-IT\"},{\"@type\":\"WebPage\",\"@id\":\"https:\\\/\\\/www.organisator.ch\\\/marketing\\\/2025-04-10\\\/der-wechsel-zwischen-den-welten-verlangt-empathie-und-anpassungsfaehigkeit\\\/\",\"url\":\"https:\\\/\\\/www.organisator.ch\\\/marketing\\\/2025-04-10\\\/der-wechsel-zwischen-den-welten-verlangt-empathie-und-anpassungsfaehigkeit\\\/\",\"name\":\"\u00abDer Wechsel zwischen den Welten verlangt Empathie und Anpassungsf\u00e4higkeit\u00bb - Organisator\",\"isPartOf\":{\"@id\":\"https:\\\/\\\/www.organisator.ch\\\/#website\"},\"primaryImageOfPage\":{\"@id\":\"https:\\\/\\\/www.organisator.ch\\\/marketing\\\/2025-04-10\\\/der-wechsel-zwischen-den-welten-verlangt-empathie-und-anpassungsfaehigkeit\\\/#primaryimage\"},\"image\":{\"@id\":\"https:\\\/\\\/www.organisator.ch\\\/marketing\\\/2025-04-10\\\/der-wechsel-zwischen-den-welten-verlangt-empathie-und-anpassungsfaehigkeit\\\/#primaryimage\"},\"thumbnailUrl\":\"https:\\\/\\\/www.markt-kom.com\\\/wp-content\\\/uploads\\\/2025\\\/04\\\/Regulabuehrerfecker-lastrategiste.jpg\",\"datePublished\":\"2025-04-10T14:31:06+00:00\",\"dateModified\":\"2025-04-11T05:46:18+00:00\",\"description\":\"Das Gastrounternehmen Tibits holt mit Regula B\u00fchrer Fecker eine erfahrene Markenstrategin in den Verwaltungsrat.\",\"breadcrumb\":{\"@id\":\"https:\\\/\\\/www.organisator.ch\\\/marketing\\\/2025-04-10\\\/der-wechsel-zwischen-den-welten-verlangt-empathie-und-anpassungsfaehigkeit\\\/#breadcrumb\"},\"inLanguage\":\"it-IT\",\"potentialAction\":[{\"@type\":\"ReadAction\",\"target\":[\"https:\\\/\\\/www.organisator.ch\\\/marketing\\\/2025-04-10\\\/der-wechsel-zwischen-den-welten-verlangt-empathie-und-anpassungsfaehigkeit\\\/\"]}]},{\"@type\":\"ImageObject\",\"inLanguage\":\"it-IT\",\"@id\":\"https:\\\/\\\/www.organisator.ch\\\/marketing\\\/2025-04-10\\\/der-wechsel-zwischen-den-welten-verlangt-empathie-und-anpassungsfaehigkeit\\\/#primaryimage\",\"url\":\"https:\\\/\\\/www.markt-kom.com\\\/wp-content\\\/uploads\\\/2025\\\/04\\\/Regulabuehrerfecker-lastrategiste.jpg\",\"contentUrl\":\"https:\\\/\\\/www.markt-kom.com\\\/wp-content\\\/uploads\\\/2025\\\/04\\\/Regulabuehrerfecker-lastrategiste.jpg\"},{\"@type\":\"BreadcrumbList\",\"@id\":\"https:\\\/\\\/www.organisator.ch\\\/marketing\\\/2025-04-10\\\/der-wechsel-zwischen-den-welten-verlangt-empathie-und-anpassungsfaehigkeit\\\/#breadcrumb\",\"itemListElement\":[{\"@type\":\"ListItem\",\"position\":1,\"name\":\"Home\",\"item\":\"https:\\\/\\\/www.organisator.ch\\\/\"},{\"@type\":\"ListItem\",\"position\":2,\"name\":\"\u00abDer Wechsel zwischen den Welten verlangt Empathie und Anpassungsf\u00e4higkeit\u00bb\"}]},{\"@type\":\"WebSite\",\"@id\":\"https:\\\/\\\/www.organisator.ch\\\/#website\",\"url\":\"https:\\\/\\\/www.organisator.ch\\\/\",\"name\":\"Organisator\",\"description\":\"Kompetent. Praxisnah. Der ORGANISATOR bereitet in 10 Ausgaben pro Jahr die wesentlichen Themen f\u00fcr F\u00fchrungskr\u00e4fte von KMU auf.\",\"publisher\":{\"@id\":\"https:\\\/\\\/www.organisator.ch\\\/#organization\"},\"potentialAction\":[{\"@type\":\"SearchAction\",\"target\":{\"@type\":\"EntryPoint\",\"urlTemplate\":\"https:\\\/\\\/www.organisator.ch\\\/?s={search_term_string}\"},\"query-input\":{\"@type\":\"PropertyValueSpecification\",\"valueRequired\":true,\"valueName\":\"search_term_string\"}}],\"inLanguage\":\"it-IT\"},{\"@type\":\"Organization\",\"@id\":\"https:\\\/\\\/www.organisator.ch\\\/#organization\",\"name\":\"Organisator\",\"url\":\"https:\\\/\\\/www.organisator.ch\\\/\",\"logo\":{\"@type\":\"ImageObject\",\"inLanguage\":\"it-IT\",\"@id\":\"https:\\\/\\\/www.organisator.ch\\\/#\\\/schema\\\/logo\\\/image\\\/\",\"url\":\"https:\\\/\\\/www.organisator.ch\\\/wp-content\\\/uploads\\\/2022\\\/01\\\/Logo_Organisator_Website.png\",\"contentUrl\":\"https:\\\/\\\/www.organisator.ch\\\/wp-content\\\/uploads\\\/2022\\\/01\\\/Logo_Organisator_Website.png\",\"width\":800,\"height\":77,\"caption\":\"Organisator\"},\"image\":{\"@id\":\"https:\\\/\\\/www.organisator.ch\\\/#\\\/schema\\\/logo\\\/image\\\/\"},\"sameAs\":[\"https:\\\/\\\/www.facebook.com\\\/OrganisatorFachmagazin\",\"https:\\\/\\\/www.linkedin.com\\\/showcase\\\/organisator-das-magazin-fr-kmu\",\"https:\\\/\\\/www.xing.com\\\/news\\\/pages\\\/organisator-ch-695\",\"https:\\\/\\\/www.youtube.com\\\/channel\\\/UCGP2Sq0iWaZwT3BdIAQFYpw\"]},{\"@type\":\"Person\",\"@id\":\"https:\\\/\\\/www.organisator.ch\\\/#\\\/schema\\\/person\\\/4e51799071cd2dd1232ac003643ef5f0\",\"name\":\"galledia\",\"image\":{\"@type\":\"ImageObject\",\"inLanguage\":\"it-IT\",\"@id\":\"https:\\\/\\\/secure.gravatar.com\\\/avatar\\\/78a7f90c01fc2bfc875782a0d4922b37cde2cf184ce347b91316d23cd7f69a36?s=96&d=mm&r=g\",\"url\":\"https:\\\/\\\/secure.gravatar.com\\\/avatar\\\/78a7f90c01fc2bfc875782a0d4922b37cde2cf184ce347b91316d23cd7f69a36?s=96&d=mm&r=g\",\"contentUrl\":\"https:\\\/\\\/secure.gravatar.com\\\/avatar\\\/78a7f90c01fc2bfc875782a0d4922b37cde2cf184ce347b91316d23cd7f69a36?s=96&d=mm&r=g\",\"caption\":\"galledia\"},\"sameAs\":[\"https:\\\/\\\/x.com\\\/admin\"],\"url\":\"https:\\\/\\\/www.organisator.ch\\\/it\\\/author\\\/galledia\\\/\"}]}<\/script>\n<!-- \/ Yoast SEO plugin. -->","yoast_head_json":{"title":"\"Passare da un mondo all'altro richiede empatia e capacit\u00e0 di adattamento\" - Organizzatore","description":"L'azienda di catering Tibits ha nominato Regula B\u00fchrer Fecker, esperta stratega del marchio, nel suo Consiglio di Amministrazione.","robots":{"index":"index","follow":"follow","max-snippet":"max-snippet:-1","max-image-preview":"max-image-preview:large","max-video-preview":"max-video-preview:-1"},"canonical":"https:\/\/www.organisator.ch\/it\/marketing\/2025-04-10\/der-wechsel-zwischen-den-welten-verlangt-empathie-und-anpassungsfaehigkeit\/","og_locale":"it_IT","og_type":"article","og_title":"\u00abDer Wechsel zwischen den Welten verlangt Empathie und Anpassungsf\u00e4higkeit\u00bb - Organisator","og_description":"Das Gastrounternehmen Tibits holt mit Regula B\u00fchrer Fecker eine erfahrene Markenstrategin in den Verwaltungsrat.","og_url":"https:\/\/www.organisator.ch\/it\/marketing\/2025-04-10\/der-wechsel-zwischen-den-welten-verlangt-empathie-und-anpassungsfaehigkeit\/","og_site_name":"Organisator","article_publisher":"https:\/\/www.facebook.com\/OrganisatorFachmagazin","article_published_time":"2025-04-10T14:31:06+00:00","article_modified_time":"2025-04-11T05:46:18+00:00","author":"galledia","twitter_card":"summary_large_image","twitter_creator":"@admin","schema":{"@context":"https:\/\/schema.org","@graph":[{"@type":"Article","@id":"https:\/\/www.organisator.ch\/marketing\/2025-04-10\/der-wechsel-zwischen-den-welten-verlangt-empathie-und-anpassungsfaehigkeit\/#article","isPartOf":{"@id":"https:\/\/www.organisator.ch\/marketing\/2025-04-10\/der-wechsel-zwischen-den-welten-verlangt-empathie-und-anpassungsfaehigkeit\/"},"author":{"name":"galledia","@id":"https:\/\/www.organisator.ch\/#\/schema\/person\/4e51799071cd2dd1232ac003643ef5f0"},"headline":"\u00abDer Wechsel zwischen den Welten verlangt Empathie und Anpassungsf\u00e4higkeit\u00bb","datePublished":"2025-04-10T14:31:06+00:00","dateModified":"2025-04-11T05:46:18+00:00","mainEntityOfPage":{"@id":"https:\/\/www.organisator.ch\/marketing\/2025-04-10\/der-wechsel-zwischen-den-welten-verlangt-empathie-und-anpassungsfaehigkeit\/"},"wordCount":947,"publisher":{"@id":"https:\/\/www.organisator.ch\/#organization"},"image":{"@id":"https:\/\/www.organisator.ch\/marketing\/2025-04-10\/der-wechsel-zwischen-den-welten-verlangt-empathie-und-anpassungsfaehigkeit\/#primaryimage"},"thumbnailUrl":"https:\/\/www.markt-kom.com\/wp-content\/uploads\/2025\/04\/Regulabuehrerfecker-lastrategiste.jpg","keywords":["Business","La Strat\u00e9giste","Regula B\u00fchrer Fecker","Tibits"],"articleSection":["MARKETING"],"inLanguage":"it-IT"},{"@type":"WebPage","@id":"https:\/\/www.organisator.ch\/marketing\/2025-04-10\/der-wechsel-zwischen-den-welten-verlangt-empathie-und-anpassungsfaehigkeit\/","url":"https:\/\/www.organisator.ch\/marketing\/2025-04-10\/der-wechsel-zwischen-den-welten-verlangt-empathie-und-anpassungsfaehigkeit\/","name":"\"Passare da un mondo all'altro richiede empatia e capacit\u00e0 di adattamento\" - Organizzatore","isPartOf":{"@id":"https:\/\/www.organisator.ch\/#website"},"primaryImageOfPage":{"@id":"https:\/\/www.organisator.ch\/marketing\/2025-04-10\/der-wechsel-zwischen-den-welten-verlangt-empathie-und-anpassungsfaehigkeit\/#primaryimage"},"image":{"@id":"https:\/\/www.organisator.ch\/marketing\/2025-04-10\/der-wechsel-zwischen-den-welten-verlangt-empathie-und-anpassungsfaehigkeit\/#primaryimage"},"thumbnailUrl":"https:\/\/www.markt-kom.com\/wp-content\/uploads\/2025\/04\/Regulabuehrerfecker-lastrategiste.jpg","datePublished":"2025-04-10T14:31:06+00:00","dateModified":"2025-04-11T05:46:18+00:00","description":"L'azienda di catering Tibits ha nominato Regula B\u00fchrer Fecker, esperta stratega del marchio, nel suo Consiglio di Amministrazione.","breadcrumb":{"@id":"https:\/\/www.organisator.ch\/marketing\/2025-04-10\/der-wechsel-zwischen-den-welten-verlangt-empathie-und-anpassungsfaehigkeit\/#breadcrumb"},"inLanguage":"it-IT","potentialAction":[{"@type":"ReadAction","target":["https:\/\/www.organisator.ch\/marketing\/2025-04-10\/der-wechsel-zwischen-den-welten-verlangt-empathie-und-anpassungsfaehigkeit\/"]}]},{"@type":"ImageObject","inLanguage":"it-IT","@id":"https:\/\/www.organisator.ch\/marketing\/2025-04-10\/der-wechsel-zwischen-den-welten-verlangt-empathie-und-anpassungsfaehigkeit\/#primaryimage","url":"https:\/\/www.markt-kom.com\/wp-content\/uploads\/2025\/04\/Regulabuehrerfecker-lastrategiste.jpg","contentUrl":"https:\/\/www.markt-kom.com\/wp-content\/uploads\/2025\/04\/Regulabuehrerfecker-lastrategiste.jpg"},{"@type":"BreadcrumbList","@id":"https:\/\/www.organisator.ch\/marketing\/2025-04-10\/der-wechsel-zwischen-den-welten-verlangt-empathie-und-anpassungsfaehigkeit\/#breadcrumb","itemListElement":[{"@type":"ListItem","position":1,"name":"Home","item":"https:\/\/www.organisator.ch\/"},{"@type":"ListItem","position":2,"name":"\u00abDer Wechsel zwischen den Welten verlangt Empathie und Anpassungsf\u00e4higkeit\u00bb"}]},{"@type":"WebSite","@id":"https:\/\/www.organisator.ch\/#website","url":"https:\/\/www.organisator.ch\/","name":"Organizzatore","description":"Competente. Pratico. In 10 numeri all'anno, ORGANISATOR presenta i temi essenziali per i manager delle PMI.","publisher":{"@id":"https:\/\/www.organisator.ch\/#organization"},"potentialAction":[{"@type":"SearchAction","target":{"@type":"EntryPoint","urlTemplate":"https:\/\/www.organisator.ch\/?s={search_term_string}"},"query-input":{"@type":"PropertyValueSpecification","valueRequired":true,"valueName":"search_term_string"}}],"inLanguage":"it-IT"},{"@type":"Organization","@id":"https:\/\/www.organisator.ch\/#organization","name":"Organizzatore","url":"https:\/\/www.organisator.ch\/","logo":{"@type":"ImageObject","inLanguage":"it-IT","@id":"https:\/\/www.organisator.ch\/#\/schema\/logo\/image\/","url":"https:\/\/www.organisator.ch\/wp-content\/uploads\/2022\/01\/Logo_Organisator_Website.png","contentUrl":"https:\/\/www.organisator.ch\/wp-content\/uploads\/2022\/01\/Logo_Organisator_Website.png","width":800,"height":77,"caption":"Organisator"},"image":{"@id":"https:\/\/www.organisator.ch\/#\/schema\/logo\/image\/"},"sameAs":["https:\/\/www.facebook.com\/OrganisatorFachmagazin","https:\/\/www.linkedin.com\/showcase\/organisator-das-magazin-fr-kmu","https:\/\/www.xing.com\/news\/pages\/organisator-ch-695","https:\/\/www.youtube.com\/channel\/UCGP2Sq0iWaZwT3BdIAQFYpw"]},{"@type":"Person","@id":"https:\/\/www.organisator.ch\/#\/schema\/person\/4e51799071cd2dd1232ac003643ef5f0","name":"galledia","image":{"@type":"ImageObject","inLanguage":"it-IT","@id":"https:\/\/secure.gravatar.com\/avatar\/78a7f90c01fc2bfc875782a0d4922b37cde2cf184ce347b91316d23cd7f69a36?s=96&d=mm&r=g","url":"https:\/\/secure.gravatar.com\/avatar\/78a7f90c01fc2bfc875782a0d4922b37cde2cf184ce347b91316d23cd7f69a36?s=96&d=mm&r=g","contentUrl":"https:\/\/secure.gravatar.com\/avatar\/78a7f90c01fc2bfc875782a0d4922b37cde2cf184ce347b91316d23cd7f69a36?s=96&d=mm&r=g","caption":"galledia"},"sameAs":["https:\/\/x.com\/admin"],"url":"https:\/\/www.organisator.ch\/it\/author\/galledia\/"}]}},"_links":{"self":[{"href":"https:\/\/www.organisator.ch\/it\/wp-json\/wp\/v2\/posts\/37614","targetHints":{"allow":["GET"]}}],"collection":[{"href":"https:\/\/www.organisator.ch\/it\/wp-json\/wp\/v2\/posts"}],"about":[{"href":"https:\/\/www.organisator.ch\/it\/wp-json\/wp\/v2\/types\/post"}],"author":[{"embeddable":true,"href":"https:\/\/www.organisator.ch\/it\/wp-json\/wp\/v2\/users\/8"}],"replies":[{"embeddable":true,"href":"https:\/\/www.organisator.ch\/it\/wp-json\/wp\/v2\/comments?post=37614"}],"version-history":[{"count":6,"href":"https:\/\/www.organisator.ch\/it\/wp-json\/wp\/v2\/posts\/37614\/revisions"}],"predecessor-version":[{"id":37627,"href":"https:\/\/www.organisator.ch\/it\/wp-json\/wp\/v2\/posts\/37614\/revisions\/37627"}],"wp:attachment":[{"href":"https:\/\/www.organisator.ch\/it\/wp-json\/wp\/v2\/media?parent=37614"}],"wp:term":[{"taxonomy":"category","embeddable":true,"href":"https:\/\/www.organisator.ch\/it\/wp-json\/wp\/v2\/categories?post=37614"},{"taxonomy":"post_tag","embeddable":true,"href":"https:\/\/www.organisator.ch\/it\/wp-json\/wp\/v2\/tags?post=37614"}],"curies":[{"name":"wp","href":"https:\/\/api.w.org\/{rel}","templated":true}]}}