{"id":37696,"date":"2025-04-15T13:56:34","date_gmt":"2025-04-15T11:56:34","guid":{"rendered":"https:\/\/www.organisator.ch\/?p=37696"},"modified":"2025-04-15T10:56:55","modified_gmt":"2025-04-15T08:56:55","slug":"zhaw-wird-neues-partnermitglied-bei-perikom","status":"publish","type":"post","link":"https:\/\/www.organisator.ch\/it\/management\/2025-04-15\/zhaw-wird-neues-partnermitglied-bei-perikom\/","title":{"rendered":"ZHAW diventa un nuovo membro partner di Perikom"},"content":{"rendered":"<figure id=\"attachment_37697\" aria-describedby=\"caption-attachment-37697\" style=\"width: 680px\" class=\"wp-caption alignnone\"><img loading=\"lazy\" decoding=\"async\" class=\"size-full wp-image-37697\" src=\"https:\/\/www.organisator.ch\/wp-content\/uploads\/2025\/04\/Zhaw_Bild1_ps.jpg\" alt=\"\" width=\"680\" height=\"453\" srcset=\"https:\/\/www.organisator.ch\/wp-content\/uploads\/2025\/04\/Zhaw_Bild1_ps.jpg 680w, https:\/\/www.organisator.ch\/wp-content\/uploads\/2025\/04\/Zhaw_Bild1_ps-18x12.jpg 18w, https:\/\/www.organisator.ch\/wp-content\/uploads\/2025\/04\/Zhaw_Bild1_ps-375x250.jpg 375w, https:\/\/www.organisator.ch\/wp-content\/uploads\/2025\/04\/Zhaw_Bild1_ps-525x350.jpg 525w\" sizes=\"auto, (max-width: 680px) 100vw, 680px\" \/><figcaption id=\"caption-attachment-37697\" class=\"wp-caption-text\">Annette Pfizenmayer e Katharina Kr\u00e4mer, co-direttrici del programma CAS Corporate Communications della ZHAW. (Immagine: www.perikom.ch)<\/figcaption><\/figure>\n<p>Perikom ha ora sedici membri partner che, tra l'altro, organizzano regolarmente eventi serali per i responsabili delle risorse umane e della comunicazione per condividere le loro esperienze.<\/p>\n<p>Katharina Kr\u00e4mer e Annette Pfizenmayer, co-direttrici del programma CAS Corporate Communications, spiegano cos\u00ec il loro impegno con Perikom: \"Una comunicazione di successo non \u00e8 un compito individuale, ma un'impresa comune che funziona solo quando le persone lavorano insieme. Una stretta collaborazione tra comunicazione e risorse umane \u00e8 essenziale per creare una forte cultura aziendale. Attraverso la nostra partnership con Perikom, vogliamo promuovere lo scambio tra scienza e pratica e far progredire ulteriormente questo dialogo interdisciplinare\".<\/p>\n<p>Le attivit\u00e0 dell'associazione comprendono essenzialmente eventi regolari per esperti di comunicazione e di risorse umane, come l'annuale Conferenza svizzera sulle risorse umane\/comunicazione interna, nonch\u00e9 lo sviluppo di ulteriori programmi di formazione e l'avvio e il sostegno di ricerche e studi sul tema della comunicazione interna. La prossima Conferenza svizzera sulle risorse umane\/comunicazione interna si terr\u00e0 il 15 maggio 2025 sul tema della sostenibilit\u00e0.<\/p>\n<p><em>Fonte: <a href=\"http:\/\/www.perikom.ch\">www.perikom.ch<\/a><\/em><\/p>","protected":false},"excerpt":{"rendered":"<p>L'Istituto IAM per la Scienza dei Media Applicati della ZHAW (Universit\u00e0 di Scienze Applicate di Zurigo) \u00e8 un nuovo membro partner dell'associazione Perikom. L'associazione sta cos\u00ec ampliando le proprie competenze scientifiche. <\/p>","protected":false},"author":58,"featured_media":37697,"comment_status":"closed","ping_status":"closed","sticky":false,"template":"","format":"standard","meta":{"_acf_changed":false,"_yoast_wpseo_focuskw":"ZHAW","_yoast_wpseo_metadesc":"Das IAM Institut f\u00fcr Angewandte Medienwissenschaft der ZHAW ist neues Partnermitglied des Fachvereins Perikom.","articlekey":"","footnotes":""},"categories":[28],"tags":[3506,334,5286,492,2443],"class_list":["post-37696","post","type-post","status-publish","format-standard","has-post-thumbnail","hentry","category-management","tag-human-resources","tag-management","tag-partnermitglied","tag-unternehmen","tag-verein"],"acf":[],"yoast_head":"<!-- This site is optimized with the Yoast SEO plugin v27.5 - https:\/\/yoast.com\/product\/yoast-seo-wordpress\/ -->\n<title>ZHAW wird neues Partnermitglied bei Perikom - Organisator<\/title>\n<meta name=\"description\" content=\"Das IAM Institut f\u00fcr Angewandte Medienwissenschaft der ZHAW ist neues Partnermitglied des Fachvereins Perikom.\" \/>\n<meta name=\"robots\" content=\"index, follow, max-snippet:-1, max-image-preview:large, max-video-preview:-1\" \/>\n<link rel=\"canonical\" href=\"https:\/\/www.organisator.ch\/it\/gestione-2\/2025-04-15\/zhaw-wird-neues-partnermitglied-bei-perikom\/\" \/>\n<meta property=\"og:locale\" content=\"it_IT\" \/>\n<meta property=\"og:type\" content=\"article\" \/>\n<meta property=\"og:title\" content=\"ZHAW wird neues Partnermitglied bei Perikom\" \/>\n<meta property=\"og:description\" content=\"Das IAM Institut f\u00fcr Angewandte Medienwissenschaft der ZHAW ist neues Partnermitglied des Fachvereins Perikom.\" \/>\n<meta property=\"og:url\" content=\"https:\/\/www.organisator.ch\/it\/gestione-2\/2025-04-15\/zhaw-wird-neues-partnermitglied-bei-perikom\/\" \/>\n<meta property=\"og:site_name\" content=\"Organisator\" \/>\n<meta property=\"article:publisher\" content=\"https:\/\/www.facebook.com\/OrganisatorFachmagazin\" \/>\n<meta property=\"article:published_time\" content=\"2025-04-15T11:56:34+00:00\" \/>\n<meta property=\"og:image\" content=\"https:\/\/www.organisator.ch\/wp-content\/uploads\/2025\/04\/Zhaw_Bild1_ps.jpg\" \/>\n\t<meta property=\"og:image:width\" content=\"680\" \/>\n\t<meta property=\"og:image:height\" content=\"453\" \/>\n\t<meta property=\"og:image:type\" content=\"image\/jpeg\" \/>\n<meta name=\"author\" content=\"Adelisa Kalajdzini\" \/>\n<meta name=\"twitter:card\" content=\"summary_large_image\" \/>\n<meta name=\"twitter:title\" content=\"ZHAW wird neues Partnermitglied bei Perikom\" \/>\n<meta name=\"twitter:description\" content=\"Das #IAM Institut f\u00fcr Angewandte Medienwissenschaft der #ZHAW ist neues #Partnermitglied des #Fachvereins #Perikom.\" \/>\n<meta name=\"twitter:image\" content=\"https:\/\/www.organisator.ch\/wp-content\/uploads\/2025\/04\/Zhaw_Bild1_ps.jpg\" \/>\n<script type=\"application\/ld+json\" class=\"yoast-schema-graph\">{\"@context\":\"https:\\\/\\\/schema.org\",\"@graph\":[{\"@type\":\"Article\",\"@id\":\"https:\\\/\\\/www.organisator.ch\\\/management\\\/2025-04-15\\\/zhaw-wird-neues-partnermitglied-bei-perikom\\\/#article\",\"isPartOf\":{\"@id\":\"https:\\\/\\\/www.organisator.ch\\\/management\\\/2025-04-15\\\/zhaw-wird-neues-partnermitglied-bei-perikom\\\/\"},\"author\":{\"name\":\"Adelisa Kalajdzini\",\"@id\":\"https:\\\/\\\/www.organisator.ch\\\/#\\\/schema\\\/person\\\/2e1314a2172123f874db408d8911d3f3\"},\"headline\":\"ZHAW wird neues Partnermitglied bei Perikom\",\"datePublished\":\"2025-04-15T11:56:34+00:00\",\"mainEntityOfPage\":{\"@id\":\"https:\\\/\\\/www.organisator.ch\\\/management\\\/2025-04-15\\\/zhaw-wird-neues-partnermitglied-bei-perikom\\\/\"},\"wordCount\":186,\"publisher\":{\"@id\":\"https:\\\/\\\/www.organisator.ch\\\/#organization\"},\"image\":{\"@id\":\"https:\\\/\\\/www.organisator.ch\\\/management\\\/2025-04-15\\\/zhaw-wird-neues-partnermitglied-bei-perikom\\\/#primaryimage\"},\"thumbnailUrl\":\"https:\\\/\\\/www.organisator.ch\\\/wp-content\\\/uploads\\\/2025\\\/04\\\/Zhaw_Bild1_ps.jpg\",\"keywords\":[\"Human Resources\",\"Management\",\"Partnermitglied\",\"Unternehmen\",\"Verein\"],\"articleSection\":[\"MANAGEMENT\"],\"inLanguage\":\"it-IT\"},{\"@type\":\"WebPage\",\"@id\":\"https:\\\/\\\/www.organisator.ch\\\/management\\\/2025-04-15\\\/zhaw-wird-neues-partnermitglied-bei-perikom\\\/\",\"url\":\"https:\\\/\\\/www.organisator.ch\\\/management\\\/2025-04-15\\\/zhaw-wird-neues-partnermitglied-bei-perikom\\\/\",\"name\":\"ZHAW wird neues Partnermitglied bei Perikom - Organisator\",\"isPartOf\":{\"@id\":\"https:\\\/\\\/www.organisator.ch\\\/#website\"},\"primaryImageOfPage\":{\"@id\":\"https:\\\/\\\/www.organisator.ch\\\/management\\\/2025-04-15\\\/zhaw-wird-neues-partnermitglied-bei-perikom\\\/#primaryimage\"},\"image\":{\"@id\":\"https:\\\/\\\/www.organisator.ch\\\/management\\\/2025-04-15\\\/zhaw-wird-neues-partnermitglied-bei-perikom\\\/#primaryimage\"},\"thumbnailUrl\":\"https:\\\/\\\/www.organisator.ch\\\/wp-content\\\/uploads\\\/2025\\\/04\\\/Zhaw_Bild1_ps.jpg\",\"datePublished\":\"2025-04-15T11:56:34+00:00\",\"description\":\"Das IAM Institut f\u00fcr Angewandte Medienwissenschaft der ZHAW ist neues Partnermitglied des Fachvereins Perikom.\",\"breadcrumb\":{\"@id\":\"https:\\\/\\\/www.organisator.ch\\\/management\\\/2025-04-15\\\/zhaw-wird-neues-partnermitglied-bei-perikom\\\/#breadcrumb\"},\"inLanguage\":\"it-IT\",\"potentialAction\":[{\"@type\":\"ReadAction\",\"target\":[\"https:\\\/\\\/www.organisator.ch\\\/management\\\/2025-04-15\\\/zhaw-wird-neues-partnermitglied-bei-perikom\\\/\"]}]},{\"@type\":\"ImageObject\",\"inLanguage\":\"it-IT\",\"@id\":\"https:\\\/\\\/www.organisator.ch\\\/management\\\/2025-04-15\\\/zhaw-wird-neues-partnermitglied-bei-perikom\\\/#primaryimage\",\"url\":\"https:\\\/\\\/www.organisator.ch\\\/wp-content\\\/uploads\\\/2025\\\/04\\\/Zhaw_Bild1_ps.jpg\",\"contentUrl\":\"https:\\\/\\\/www.organisator.ch\\\/wp-content\\\/uploads\\\/2025\\\/04\\\/Zhaw_Bild1_ps.jpg\",\"width\":680,\"height\":453,\"caption\":\"Annette Pfizenmayer und Katharina Kr\u00e4mer, Co-Studienleiterinnen des CAS Corporate Communica-tions an der ZHAW. (Bild: www.perikom.ch)\"},{\"@type\":\"BreadcrumbList\",\"@id\":\"https:\\\/\\\/www.organisator.ch\\\/management\\\/2025-04-15\\\/zhaw-wird-neues-partnermitglied-bei-perikom\\\/#breadcrumb\",\"itemListElement\":[{\"@type\":\"ListItem\",\"position\":1,\"name\":\"Home\",\"item\":\"https:\\\/\\\/www.organisator.ch\\\/\"},{\"@type\":\"ListItem\",\"position\":2,\"name\":\"ZHAW wird neues Partnermitglied bei Perikom\"}]},{\"@type\":\"WebSite\",\"@id\":\"https:\\\/\\\/www.organisator.ch\\\/#website\",\"url\":\"https:\\\/\\\/www.organisator.ch\\\/\",\"name\":\"Organisator\",\"description\":\"Kompetent. Praxisnah. Der ORGANISATOR bereitet in 10 Ausgaben pro Jahr die wesentlichen Themen f\u00fcr F\u00fchrungskr\u00e4fte von KMU auf.\",\"publisher\":{\"@id\":\"https:\\\/\\\/www.organisator.ch\\\/#organization\"},\"potentialAction\":[{\"@type\":\"SearchAction\",\"target\":{\"@type\":\"EntryPoint\",\"urlTemplate\":\"https:\\\/\\\/www.organisator.ch\\\/?s={search_term_string}\"},\"query-input\":{\"@type\":\"PropertyValueSpecification\",\"valueRequired\":true,\"valueName\":\"search_term_string\"}}],\"inLanguage\":\"it-IT\"},{\"@type\":\"Organization\",\"@id\":\"https:\\\/\\\/www.organisator.ch\\\/#organization\",\"name\":\"Organisator\",\"url\":\"https:\\\/\\\/www.organisator.ch\\\/\",\"logo\":{\"@type\":\"ImageObject\",\"inLanguage\":\"it-IT\",\"@id\":\"https:\\\/\\\/www.organisator.ch\\\/#\\\/schema\\\/logo\\\/image\\\/\",\"url\":\"https:\\\/\\\/www.organisator.ch\\\/wp-content\\\/uploads\\\/2022\\\/01\\\/Logo_Organisator_Website.png\",\"contentUrl\":\"https:\\\/\\\/www.organisator.ch\\\/wp-content\\\/uploads\\\/2022\\\/01\\\/Logo_Organisator_Website.png\",\"width\":800,\"height\":77,\"caption\":\"Organisator\"},\"image\":{\"@id\":\"https:\\\/\\\/www.organisator.ch\\\/#\\\/schema\\\/logo\\\/image\\\/\"},\"sameAs\":[\"https:\\\/\\\/www.facebook.com\\\/OrganisatorFachmagazin\",\"https:\\\/\\\/www.linkedin.com\\\/showcase\\\/organisator-das-magazin-fr-kmu\",\"https:\\\/\\\/www.xing.com\\\/news\\\/pages\\\/organisator-ch-695\",\"https:\\\/\\\/www.youtube.com\\\/channel\\\/UCGP2Sq0iWaZwT3BdIAQFYpw\"]},{\"@type\":\"Person\",\"@id\":\"https:\\\/\\\/www.organisator.ch\\\/#\\\/schema\\\/person\\\/2e1314a2172123f874db408d8911d3f3\",\"name\":\"Adelisa Kalajdzini\",\"image\":{\"@type\":\"ImageObject\",\"inLanguage\":\"it-IT\",\"@id\":\"https:\\\/\\\/secure.gravatar.com\\\/avatar\\\/09a397c22ac58cad6f160ee8306348599df9df58a8ede73696226897b9fa4b24?s=96&d=mm&r=g\",\"url\":\"https:\\\/\\\/secure.gravatar.com\\\/avatar\\\/09a397c22ac58cad6f160ee8306348599df9df58a8ede73696226897b9fa4b24?s=96&d=mm&r=g\",\"contentUrl\":\"https:\\\/\\\/secure.gravatar.com\\\/avatar\\\/09a397c22ac58cad6f160ee8306348599df9df58a8ede73696226897b9fa4b24?s=96&d=mm&r=g\",\"caption\":\"Adelisa Kalajdzini\"},\"url\":\"https:\\\/\\\/www.organisator.ch\\\/it\\\/author\\\/adelisa-kalajdzini\\\/\"}]}<\/script>\n<!-- \/ Yoast SEO plugin. -->","yoast_head_json":{"title":"ZHAW diventa un nuovo membro partner di Perikom - Organizzatore","description":"L'Istituto IAM per gli studi sui media applicati della ZHAW \u00e8 un nuovo membro partner dell'associazione Perikom.","robots":{"index":"index","follow":"follow","max-snippet":"max-snippet:-1","max-image-preview":"max-image-preview:large","max-video-preview":"max-video-preview:-1"},"canonical":"https:\/\/www.organisator.ch\/it\/gestione-2\/2025-04-15\/zhaw-wird-neues-partnermitglied-bei-perikom\/","og_locale":"it_IT","og_type":"article","og_title":"ZHAW wird neues Partnermitglied bei Perikom","og_description":"Das IAM Institut f\u00fcr Angewandte Medienwissenschaft der ZHAW ist neues Partnermitglied des Fachvereins Perikom.","og_url":"https:\/\/www.organisator.ch\/it\/gestione-2\/2025-04-15\/zhaw-wird-neues-partnermitglied-bei-perikom\/","og_site_name":"Organisator","article_publisher":"https:\/\/www.facebook.com\/OrganisatorFachmagazin","article_published_time":"2025-04-15T11:56:34+00:00","og_image":[{"width":680,"height":453,"url":"https:\/\/www.organisator.ch\/wp-content\/uploads\/2025\/04\/Zhaw_Bild1_ps.jpg","type":"image\/jpeg"}],"author":"Adelisa Kalajdzini","twitter_card":"summary_large_image","twitter_title":"ZHAW wird neues Partnermitglied bei Perikom","twitter_description":"Das #IAM Institut f\u00fcr Angewandte Medienwissenschaft der #ZHAW ist neues #Partnermitglied des #Fachvereins #Perikom.","twitter_image":"https:\/\/www.organisator.ch\/wp-content\/uploads\/2025\/04\/Zhaw_Bild1_ps.jpg","schema":{"@context":"https:\/\/schema.org","@graph":[{"@type":"Article","@id":"https:\/\/www.organisator.ch\/management\/2025-04-15\/zhaw-wird-neues-partnermitglied-bei-perikom\/#article","isPartOf":{"@id":"https:\/\/www.organisator.ch\/management\/2025-04-15\/zhaw-wird-neues-partnermitglied-bei-perikom\/"},"author":{"name":"Adelisa Kalajdzini","@id":"https:\/\/www.organisator.ch\/#\/schema\/person\/2e1314a2172123f874db408d8911d3f3"},"headline":"ZHAW wird neues Partnermitglied bei Perikom","datePublished":"2025-04-15T11:56:34+00:00","mainEntityOfPage":{"@id":"https:\/\/www.organisator.ch\/management\/2025-04-15\/zhaw-wird-neues-partnermitglied-bei-perikom\/"},"wordCount":186,"publisher":{"@id":"https:\/\/www.organisator.ch\/#organization"},"image":{"@id":"https:\/\/www.organisator.ch\/management\/2025-04-15\/zhaw-wird-neues-partnermitglied-bei-perikom\/#primaryimage"},"thumbnailUrl":"https:\/\/www.organisator.ch\/wp-content\/uploads\/2025\/04\/Zhaw_Bild1_ps.jpg","keywords":["Human Resources","Management","Partnermitglied","Unternehmen","Verein"],"articleSection":["MANAGEMENT"],"inLanguage":"it-IT"},{"@type":"WebPage","@id":"https:\/\/www.organisator.ch\/management\/2025-04-15\/zhaw-wird-neues-partnermitglied-bei-perikom\/","url":"https:\/\/www.organisator.ch\/management\/2025-04-15\/zhaw-wird-neues-partnermitglied-bei-perikom\/","name":"ZHAW diventa un nuovo membro partner di Perikom - Organizzatore","isPartOf":{"@id":"https:\/\/www.organisator.ch\/#website"},"primaryImageOfPage":{"@id":"https:\/\/www.organisator.ch\/management\/2025-04-15\/zhaw-wird-neues-partnermitglied-bei-perikom\/#primaryimage"},"image":{"@id":"https:\/\/www.organisator.ch\/management\/2025-04-15\/zhaw-wird-neues-partnermitglied-bei-perikom\/#primaryimage"},"thumbnailUrl":"https:\/\/www.organisator.ch\/wp-content\/uploads\/2025\/04\/Zhaw_Bild1_ps.jpg","datePublished":"2025-04-15T11:56:34+00:00","description":"L'Istituto IAM per gli studi sui media applicati della ZHAW \u00e8 un nuovo membro partner dell'associazione Perikom.","breadcrumb":{"@id":"https:\/\/www.organisator.ch\/management\/2025-04-15\/zhaw-wird-neues-partnermitglied-bei-perikom\/#breadcrumb"},"inLanguage":"it-IT","potentialAction":[{"@type":"ReadAction","target":["https:\/\/www.organisator.ch\/management\/2025-04-15\/zhaw-wird-neues-partnermitglied-bei-perikom\/"]}]},{"@type":"ImageObject","inLanguage":"it-IT","@id":"https:\/\/www.organisator.ch\/management\/2025-04-15\/zhaw-wird-neues-partnermitglied-bei-perikom\/#primaryimage","url":"https:\/\/www.organisator.ch\/wp-content\/uploads\/2025\/04\/Zhaw_Bild1_ps.jpg","contentUrl":"https:\/\/www.organisator.ch\/wp-content\/uploads\/2025\/04\/Zhaw_Bild1_ps.jpg","width":680,"height":453,"caption":"Annette Pfizenmayer und Katharina Kr\u00e4mer, Co-Studienleiterinnen des CAS Corporate Communica-tions an der ZHAW. (Bild: www.perikom.ch)"},{"@type":"BreadcrumbList","@id":"https:\/\/www.organisator.ch\/management\/2025-04-15\/zhaw-wird-neues-partnermitglied-bei-perikom\/#breadcrumb","itemListElement":[{"@type":"ListItem","position":1,"name":"Home","item":"https:\/\/www.organisator.ch\/"},{"@type":"ListItem","position":2,"name":"ZHAW wird neues Partnermitglied bei Perikom"}]},{"@type":"WebSite","@id":"https:\/\/www.organisator.ch\/#website","url":"https:\/\/www.organisator.ch\/","name":"Organizzatore","description":"Competente. Pratico. In 10 numeri all'anno, ORGANISATOR presenta i temi essenziali per i manager delle PMI.","publisher":{"@id":"https:\/\/www.organisator.ch\/#organization"},"potentialAction":[{"@type":"SearchAction","target":{"@type":"EntryPoint","urlTemplate":"https:\/\/www.organisator.ch\/?s={search_term_string}"},"query-input":{"@type":"PropertyValueSpecification","valueRequired":true,"valueName":"search_term_string"}}],"inLanguage":"it-IT"},{"@type":"Organization","@id":"https:\/\/www.organisator.ch\/#organization","name":"Organizzatore","url":"https:\/\/www.organisator.ch\/","logo":{"@type":"ImageObject","inLanguage":"it-IT","@id":"https:\/\/www.organisator.ch\/#\/schema\/logo\/image\/","url":"https:\/\/www.organisator.ch\/wp-content\/uploads\/2022\/01\/Logo_Organisator_Website.png","contentUrl":"https:\/\/www.organisator.ch\/wp-content\/uploads\/2022\/01\/Logo_Organisator_Website.png","width":800,"height":77,"caption":"Organisator"},"image":{"@id":"https:\/\/www.organisator.ch\/#\/schema\/logo\/image\/"},"sameAs":["https:\/\/www.facebook.com\/OrganisatorFachmagazin","https:\/\/www.linkedin.com\/showcase\/organisator-das-magazin-fr-kmu","https:\/\/www.xing.com\/news\/pages\/organisator-ch-695","https:\/\/www.youtube.com\/channel\/UCGP2Sq0iWaZwT3BdIAQFYpw"]},{"@type":"Person","@id":"https:\/\/www.organisator.ch\/#\/schema\/person\/2e1314a2172123f874db408d8911d3f3","name":"Adelisa Kalajdzini","image":{"@type":"ImageObject","inLanguage":"it-IT","@id":"https:\/\/secure.gravatar.com\/avatar\/09a397c22ac58cad6f160ee8306348599df9df58a8ede73696226897b9fa4b24?s=96&d=mm&r=g","url":"https:\/\/secure.gravatar.com\/avatar\/09a397c22ac58cad6f160ee8306348599df9df58a8ede73696226897b9fa4b24?s=96&d=mm&r=g","contentUrl":"https:\/\/secure.gravatar.com\/avatar\/09a397c22ac58cad6f160ee8306348599df9df58a8ede73696226897b9fa4b24?s=96&d=mm&r=g","caption":"Adelisa Kalajdzini"},"url":"https:\/\/www.organisator.ch\/it\/author\/adelisa-kalajdzini\/"}]}},"_links":{"self":[{"href":"https:\/\/www.organisator.ch\/it\/wp-json\/wp\/v2\/posts\/37696","targetHints":{"allow":["GET"]}}],"collection":[{"href":"https:\/\/www.organisator.ch\/it\/wp-json\/wp\/v2\/posts"}],"about":[{"href":"https:\/\/www.organisator.ch\/it\/wp-json\/wp\/v2\/types\/post"}],"author":[{"embeddable":true,"href":"https:\/\/www.organisator.ch\/it\/wp-json\/wp\/v2\/users\/58"}],"replies":[{"embeddable":true,"href":"https:\/\/www.organisator.ch\/it\/wp-json\/wp\/v2\/comments?post=37696"}],"version-history":[{"count":3,"href":"https:\/\/www.organisator.ch\/it\/wp-json\/wp\/v2\/posts\/37696\/revisions"}],"predecessor-version":[{"id":37731,"href":"https:\/\/www.organisator.ch\/it\/wp-json\/wp\/v2\/posts\/37696\/revisions\/37731"}],"wp:featuredmedia":[{"embeddable":true,"href":"https:\/\/www.organisator.ch\/it\/wp-json\/wp\/v2\/media\/37697"}],"wp:attachment":[{"href":"https:\/\/www.organisator.ch\/it\/wp-json\/wp\/v2\/media?parent=37696"}],"wp:term":[{"taxonomy":"category","embeddable":true,"href":"https:\/\/www.organisator.ch\/it\/wp-json\/wp\/v2\/categories?post=37696"},{"taxonomy":"post_tag","embeddable":true,"href":"https:\/\/www.organisator.ch\/it\/wp-json\/wp\/v2\/tags?post=37696"}],"curies":[{"name":"wp","href":"https:\/\/api.w.org\/{rel}","templated":true}]}}