{"id":37714,"date":"2025-04-15T22:02:36","date_gmt":"2025-04-15T20:02:36","guid":{"rendered":"https:\/\/www.m-q.ch\/de\/?p=21323"},"modified":"2025-04-16T08:53:16","modified_gmt":"2025-04-16T06:53:16","slug":"design-trifft-nachhaltigkeit-kreislaufwirtschaft-neu-gedacht","status":"publish","type":"post","link":"https:\/\/www.organisator.ch\/it\/operational-excellence\/2025-04-15\/design-trifft-nachhaltigkeit-kreislaufwirtschaft-neu-gedacht\/","title":{"rendered":"Il design incontra la sostenibilit\u00e0: ripensare l'economia circolare"},"content":{"rendered":"<figure id=\"attachment_21322\" class=\"wp-caption alignnone\" style=\"width: 1300px;\" aria-describedby=\"caption-attachment-21322\"><img class=\"size-full wp-image-21322\" src=\"https:\/\/www.m-q.ch\/wp-content\/uploads\/2025\/04\/Flash_Bild_management_qualitaet_150815-scaled.jpg\" sizes=\"(max-width: 1300px) 100vw, 1300px\" srcset=\"https:\/\/www.m-q.ch\/wp-content\/uploads\/2025\/04\/Flash_Bild_management_qualitaet_150815-scaled.jpg 1300w, https:\/\/www.m-q.ch\/wp-content\/uploads\/2025\/04\/Flash_Bild_management_qualitaet_150815-768x650.jpg 768w, https:\/\/www.m-q.ch\/wp-content\/uploads\/2025\/04\/Flash_Bild_management_qualitaet_150815-1536x1301.jpg 1536w, https:\/\/www.m-q.ch\/wp-content\/uploads\/2025\/04\/Flash_Bild_management_qualitaet_150815-14x12.jpg 14w, https:\/\/www.m-q.ch\/wp-content\/uploads\/2025\/04\/Flash_Bild_management_qualitaet_150815-354x300.jpg 354w, https:\/\/www.m-q.ch\/wp-content\/uploads\/2025\/04\/Flash_Bild_management_qualitaet_150815-413x350.jpg 413w, https:\/\/www.m-q.ch\/wp-content\/uploads\/2025\/04\/Flash_Bild_management_qualitaet_150815-945x800.jpg 945w\" alt=\"Davide Mastrodomenico: &quot;Il nostro obiettivo \u00e8 riutilizzare i materiali invece di smaltirli.&quot;\u00a9 zVg \/ Girsberger AG\" width=\"1300\" height=\"1101\" \/>\r\n<figcaption id=\"caption-attachment-21322\" class=\"wp-caption-text\">Davide Mastrodomenico: \"Il nostro obiettivo \u00e8 riutilizzare i materiali invece di smaltirli.\"\u00a9 zVg \/ Girsberger AG<\/figcaption>\r\n<\/figure>\r\n<p><strong>Signor Mastrodomenico, cosa significa per lei qualit\u00e0 nel contesto dell'industria del mobile?<\/strong><\/p>\r\n<p>Davide Mastrodomenico: I mobili devono essere esteticamente gradevoli, funzionali e durevoli. Devono resistere all'uso quotidiano per anni, senza perdere nulla del loro carattere o del loro comfort.<\/p>\r\n<p><strong>In occasione della Giornata svizzera della qualit\u00e0, parlerete della realizzazione di una visione di risparmio delle risorse. Cosa c'\u00e8 dietro?<\/strong><\/p>\r\n<p>La nostra visione si riflette nel settore della rigenerazione: prolunghiamo la vita utile dei mobili rimettendoli a nuovo, indipendentemente dalla marca. \u00c8 una cosa unica. Nella nostra disciplina suprema dell'\"upcycling\", creiamo soluzioni personalizzate a partire da materiali riciclabili esistenti. Insieme ad architetti e designer, sviluppiamo mobili di alta qualit\u00e0 senza compromettere l'aspetto o la qualit\u00e0. Le soluzioni devono essere economicamente vantaggiose sia per i clienti che per noi, perch\u00e9 la sostenibilit\u00e0 pu\u00f2 avere successo a lungo termine solo se \u00e8 redditizia.<\/p>\r\n<p><strong>Per questo impegno, Girsberger \u00e8 stata premiata con il German Sustainability Award 2023. Come si \u00e8 arrivati a questo risultato?<\/strong><\/p>\r\n<p>L'idea \u00e8 nata dal desiderio di ridurre la nostra impronta ecologica. Inizialmente offrivamo solo riparazioni per i nostri prodotti. La crescente domanda ci ha portato ad ampliare la nostra gamma di servizi indipendentemente dai produttori. Arrivare a questo punto \u00e8 stato impegnativo, sia dal punto di vista tecnico che della comunicazione. \u00c8 stato necessario convincere i clienti, perch\u00e9 l'idea di rinnovare i mobili invece di sostituirli era tutt'altro che scontata. Oggi sentiamo che questo pensiero sta cambiando.<\/p>\r\n<p><strong>Il motto di TSQ 2025 \u00e8 \"Decollare con lungimiranza\". Come interpreta questo tema in relazione al suo lavoro presso Girsberger?<\/strong><\/p>\r\n<p>Per me, questo significa non agire a breve termine, ma sviluppare soluzioni sostenibili a lungo termine. L'economia circolare \u00e8 fondamentale in questo senso. Il nostro obiettivo \u00e8 riutilizzare i materiali invece di smaltirli. Ci\u00f2 richiede non solo competenze tecniche, ma anche il coraggio di aprire nuove strade. Le nostre fabbriche, con il loro alto livello di artigianalit\u00e0, sono un fattore decisivo per il nostro successo.<\/p>\r\n<p><strong>Come si fa a convincere i clienti a rigenerare piuttosto che a comprare nuovo?<\/strong><\/p>\r\n<p>Dimostriamo che i mobili ricondizionati possono essere di qualit\u00e0 e personalizzati quanto i prodotti nuovi. Creiamo fiducia attraverso workshop, comunicazioni trasparenti e offerte interessanti dal punto di vista ecologico ed economico. Molti dei mobili che ristrutturiamo hanno una sostanza spesso superiore agli standard odierni.<\/p>\r\n<p><strong>Come garantite la qualit\u00e0 dei mobili ricondizionati?<\/strong><\/p>\r\n<p>Grazie a controlli rigorosi e a operai specializzati che hanno imparato il mestiere. Utilizziamo solo materiali di alta qualit\u00e0 e garantiamo la stessa qualit\u00e0 dei prodotti nuovi, compresa una garanzia totale.<\/p>\r\n<p><strong>Avete un esempio di progetto riuscito?<\/strong><\/p>\r\n<p>Uno dei punti salienti \u00e8 il progetto di upcycling \"ReCollection ZH\" per il Cantone di Zurigo. Insieme al Dipartimento di Edilizia e all'Universit\u00e0 di Zurigo, abbiamo sviluppato una collezione di mobili da ufficio che erano stati messi in magazzino. Invece di essere smaltiti, sono stati utilizzati per creare mobili morbidi per le aree comuni, con un risparmio di risorse e un buon rapporto qualit\u00e0-prezzo. La ReCollection ZH \u00e8 stata inserita nel catalogo degli appalti cantonali e rappresenta un forte esempio di edilizia sostenibile.<\/p>\r\n<p><strong>Quali tendenze si aspetta di vedere nel settore dell'arredamento?<\/strong><\/p>\r\n<p>La rigenerazione e l'upcycling continueranno ad acquisire importanza, cos\u00ec come i concetti di leasing e condivisione e, di conseguenza, le offerte di seconda mano. Le tecnologie digitali contribuiranno a migliorare i processi e a promuovere l'implementazione di concetti circolari.<\/p>\r\n<p><strong>Quali sinergie vede tra il settore dell'arredamento e altre industrie?<\/strong><\/p>\r\n<p>L'industria del mobile beneficia di sinergie con l'architettura, la scienza dei materiali e la tecnologia. I concetti complessivi sostenibili vengono creati in particolare con l'architettura, grazie all'uso congiunto di risorse e competenze. Anche la collaborazione con partner di rete in aree specializzate crea utili sinergie.<\/p>\r\n<p><strong>Perch\u00e9 non dovreste perdere il TSQ 2025?<\/strong><\/p>\r\n<p>Perch\u00e9 l'evento offre una piattaforma di scambio, ispirazione e apprendimento concreto. I partecipanti beneficiano di approfondimenti su altri settori e concetti realizzati. Questo, a sua volta, fornisce una preziosa ispirazione per le proprie soluzioni.<\/p>\r\n<p><strong>Grazie, Davide Mastrodomenico, per gli spunti di riflessione. Il suo impegno dimostra come qualit\u00e0 e sostenibilit\u00e0 vadano di pari passo e come la qualit\u00e0 possa essere ripensata.<\/strong><\/p>\r\n<h3>\u00a0<\/h3>\r\n<h3><em>La persona<\/em><\/h3>\r\n<p><em>Davide Mastrodomenico \u00e8 entrato in Girsberger nel 2002 e ha scoperto la sua passione per i mobili di alta qualit\u00e0. Ha gestito con successo le divisioni Mobili su misura e Rifabbricazione, che ha svolto un ruolo chiave nel plasmare e ampliare. Dalla met\u00e0 del 2023 \u00e8 amministratore delegato di Girsberger AG con responsabilit\u00e0 per i mercati svizzero e francese.<\/em><\/p>\r\n<h3>\u00a0<\/h3>\r\n<blockquote>\r\n<h3>Giornata della qualit\u00e0 svizzera 2025<\/h3>\r\n<p>La Giornata svizzera della qualit\u00e0 \u00e8 stata lanciata nel 2008 dall'Associazione svizzera per la qualit\u00e0 SAQ. L'obiettivo dell'evento \u00e8 quello di promuovere uno scambio intersettoriale sul tema della qualit\u00e0 come uno dei cardini dell'economia svizzera. Il congresso annuale \u00e8 organizzato dall'Associazione Svizzera per la Qualit\u00e0 SAQ in collaborazione con Shift Svizzera. Il prossimo Swiss Quality Day si terr\u00e0 il 13 maggio a Berna.<\/p>\r\n<p><a href=\"https:\/\/www.tsq.swiss\/\">Ulteriori informazioni e registrazione<\/a><\/p>\r\n<\/blockquote>\r\n<p>&nbsp;<\/p>\n<p class=\"syndicated-attribution\">Questo articolo \u00e8 apparso originariamente su m-q.ch - <a href=\"https:\/\/www.m-q.ch\/de\/design-trifft-nachhaltigkeit-kreislaufwirtschaft-neu-gedacht\/\" target=\"_blank\">https:\/\/www.m-q.ch\/de\/design-trifft-nachhaltigkeit-kreislaufwirtschaft-neu-gedacht\/<\/a><\/p>","protected":false},"excerpt":{"rendered":"<p>Davide Mastrodomenico \u00e8 amministratore delegato di Girsberger AG, rinomato produttore svizzero di mobili. In un'intervista rilasciata all'Associazione Svizzera per la Qualit\u00e0 SAQ, parla di modelli aziendali sostenibili, del ruolo del design nell'economia circolare e del perch\u00e9 lo Swiss Quality Day sia un luogo di vera ispirazione.<\/p>","protected":false},"author":8,"featured_media":0,"comment_status":"closed","ping_status":"closed","sticky":false,"template":"","format":"standard","meta":{"_acf_changed":false,"_yoast_wpseo_focuskw":"Kreislaufwirtschaft","_yoast_wpseo_metadesc":"Davide Mastrodomenico im Interview mit der SAQ. Er ist Gesch\u00e4ftsf\u00fchrer der Girsberger AG, einem renommierten Schweizer M\u00f6belhersteller.","articlekey":"","footnotes":""},"categories":[582],"tags":[636,103,193,335],"class_list":["post-37714","post","type-post","status-publish","format-standard","hentry","category-operational-excellence","tag-tag-der-schweizer-qualitaet","tag-business-excellence","tag-fachkongressfachmesse","tag-management-und-unternehmensfuehrung"],"acf":[],"yoast_head":"<!-- This site is optimized with the Yoast SEO plugin v27.5 - https:\/\/yoast.com\/product\/yoast-seo-wordpress\/ -->\n<title>Design trifft Nachhaltigkeit: Kreislaufwirtschaft neu gedacht - Organisator<\/title>\n<meta name=\"description\" content=\"Davide Mastrodomenico im Interview mit der SAQ. Er ist Gesch\u00e4ftsf\u00fchrer der Girsberger AG, einem renommierten Schweizer M\u00f6belhersteller.\" \/>\n<meta name=\"robots\" content=\"index, follow, max-snippet:-1, max-image-preview:large, max-video-preview:-1\" \/>\n<link rel=\"canonical\" href=\"https:\/\/www.organisator.ch\/it\/eccellenza-operativa\/2025-04-15\/design-trifft-nachhaltigkeit-kreislaufwirtschaft-neu-gedacht\/\" \/>\n<meta property=\"og:locale\" content=\"it_IT\" \/>\n<meta property=\"og:type\" content=\"article\" \/>\n<meta property=\"og:title\" content=\"Design trifft Nachhaltigkeit: Kreislaufwirtschaft neu gedacht - Organisator\" \/>\n<meta property=\"og:description\" content=\"Davide Mastrodomenico im Interview mit der SAQ. Er ist Gesch\u00e4ftsf\u00fchrer der Girsberger AG, einem renommierten Schweizer M\u00f6belhersteller.\" \/>\n<meta property=\"og:url\" content=\"https:\/\/www.organisator.ch\/it\/eccellenza-operativa\/2025-04-15\/design-trifft-nachhaltigkeit-kreislaufwirtschaft-neu-gedacht\/\" \/>\n<meta property=\"og:site_name\" content=\"Organisator\" \/>\n<meta property=\"article:publisher\" content=\"https:\/\/www.facebook.com\/OrganisatorFachmagazin\" \/>\n<meta property=\"article:published_time\" content=\"2025-04-15T20:02:36+00:00\" \/>\n<meta property=\"article:modified_time\" content=\"2025-04-16T06:53:16+00:00\" \/>\n<meta name=\"author\" content=\"galledia\" \/>\n<meta name=\"twitter:card\" content=\"summary_large_image\" \/>\n<meta name=\"twitter:creator\" content=\"@admin\" \/>\n<script type=\"application\/ld+json\" class=\"yoast-schema-graph\">{\"@context\":\"https:\\\/\\\/schema.org\",\"@graph\":[{\"@type\":\"Article\",\"@id\":\"https:\\\/\\\/www.organisator.ch\\\/operational-excellence\\\/2025-04-15\\\/design-trifft-nachhaltigkeit-kreislaufwirtschaft-neu-gedacht\\\/#article\",\"isPartOf\":{\"@id\":\"https:\\\/\\\/www.organisator.ch\\\/operational-excellence\\\/2025-04-15\\\/design-trifft-nachhaltigkeit-kreislaufwirtschaft-neu-gedacht\\\/\"},\"author\":{\"name\":\"galledia\",\"@id\":\"https:\\\/\\\/www.organisator.ch\\\/#\\\/schema\\\/person\\\/4e51799071cd2dd1232ac003643ef5f0\"},\"headline\":\"Design trifft Nachhaltigkeit: Kreislaufwirtschaft neu gedacht\",\"datePublished\":\"2025-04-15T20:02:36+00:00\",\"dateModified\":\"2025-04-16T06:53:16+00:00\",\"mainEntityOfPage\":{\"@id\":\"https:\\\/\\\/www.organisator.ch\\\/operational-excellence\\\/2025-04-15\\\/design-trifft-nachhaltigkeit-kreislaufwirtschaft-neu-gedacht\\\/\"},\"wordCount\":785,\"publisher\":{\"@id\":\"https:\\\/\\\/www.organisator.ch\\\/#organization\"},\"image\":{\"@id\":\"https:\\\/\\\/www.organisator.ch\\\/operational-excellence\\\/2025-04-15\\\/design-trifft-nachhaltigkeit-kreislaufwirtschaft-neu-gedacht\\\/#primaryimage\"},\"thumbnailUrl\":\"https:\\\/\\\/www.m-q.ch\\\/wp-content\\\/uploads\\\/2025\\\/04\\\/Flash_Bild_management_qualitaet_150815-scaled.jpg\",\"keywords\":[\"\u00abTag der Schweizer Qualit\u00e4t\u00bb\",\"Business Excellence\",\"Fachkongress\\\/Fachmesse\",\"Management und Unternehmensf\u00fchrung\"],\"articleSection\":[\"OPERATIONAL EXCELLENCE\"],\"inLanguage\":\"it-IT\"},{\"@type\":\"WebPage\",\"@id\":\"https:\\\/\\\/www.organisator.ch\\\/operational-excellence\\\/2025-04-15\\\/design-trifft-nachhaltigkeit-kreislaufwirtschaft-neu-gedacht\\\/\",\"url\":\"https:\\\/\\\/www.organisator.ch\\\/operational-excellence\\\/2025-04-15\\\/design-trifft-nachhaltigkeit-kreislaufwirtschaft-neu-gedacht\\\/\",\"name\":\"Design trifft Nachhaltigkeit: Kreislaufwirtschaft neu gedacht - Organisator\",\"isPartOf\":{\"@id\":\"https:\\\/\\\/www.organisator.ch\\\/#website\"},\"primaryImageOfPage\":{\"@id\":\"https:\\\/\\\/www.organisator.ch\\\/operational-excellence\\\/2025-04-15\\\/design-trifft-nachhaltigkeit-kreislaufwirtschaft-neu-gedacht\\\/#primaryimage\"},\"image\":{\"@id\":\"https:\\\/\\\/www.organisator.ch\\\/operational-excellence\\\/2025-04-15\\\/design-trifft-nachhaltigkeit-kreislaufwirtschaft-neu-gedacht\\\/#primaryimage\"},\"thumbnailUrl\":\"https:\\\/\\\/www.m-q.ch\\\/wp-content\\\/uploads\\\/2025\\\/04\\\/Flash_Bild_management_qualitaet_150815-scaled.jpg\",\"datePublished\":\"2025-04-15T20:02:36+00:00\",\"dateModified\":\"2025-04-16T06:53:16+00:00\",\"description\":\"Davide Mastrodomenico im Interview mit der SAQ. Er ist Gesch\u00e4ftsf\u00fchrer der Girsberger AG, einem renommierten Schweizer M\u00f6belhersteller.\",\"breadcrumb\":{\"@id\":\"https:\\\/\\\/www.organisator.ch\\\/operational-excellence\\\/2025-04-15\\\/design-trifft-nachhaltigkeit-kreislaufwirtschaft-neu-gedacht\\\/#breadcrumb\"},\"inLanguage\":\"it-IT\",\"potentialAction\":[{\"@type\":\"ReadAction\",\"target\":[\"https:\\\/\\\/www.organisator.ch\\\/operational-excellence\\\/2025-04-15\\\/design-trifft-nachhaltigkeit-kreislaufwirtschaft-neu-gedacht\\\/\"]}]},{\"@type\":\"ImageObject\",\"inLanguage\":\"it-IT\",\"@id\":\"https:\\\/\\\/www.organisator.ch\\\/operational-excellence\\\/2025-04-15\\\/design-trifft-nachhaltigkeit-kreislaufwirtschaft-neu-gedacht\\\/#primaryimage\",\"url\":\"https:\\\/\\\/www.m-q.ch\\\/wp-content\\\/uploads\\\/2025\\\/04\\\/Flash_Bild_management_qualitaet_150815-scaled.jpg\",\"contentUrl\":\"https:\\\/\\\/www.m-q.ch\\\/wp-content\\\/uploads\\\/2025\\\/04\\\/Flash_Bild_management_qualitaet_150815-scaled.jpg\"},{\"@type\":\"BreadcrumbList\",\"@id\":\"https:\\\/\\\/www.organisator.ch\\\/operational-excellence\\\/2025-04-15\\\/design-trifft-nachhaltigkeit-kreislaufwirtschaft-neu-gedacht\\\/#breadcrumb\",\"itemListElement\":[{\"@type\":\"ListItem\",\"position\":1,\"name\":\"Home\",\"item\":\"https:\\\/\\\/www.organisator.ch\\\/\"},{\"@type\":\"ListItem\",\"position\":2,\"name\":\"Design trifft Nachhaltigkeit: Kreislaufwirtschaft neu gedacht\"}]},{\"@type\":\"WebSite\",\"@id\":\"https:\\\/\\\/www.organisator.ch\\\/#website\",\"url\":\"https:\\\/\\\/www.organisator.ch\\\/\",\"name\":\"Organisator\",\"description\":\"Kompetent. Praxisnah. Der ORGANISATOR bereitet in 10 Ausgaben pro Jahr die wesentlichen Themen f\u00fcr F\u00fchrungskr\u00e4fte von KMU auf.\",\"publisher\":{\"@id\":\"https:\\\/\\\/www.organisator.ch\\\/#organization\"},\"potentialAction\":[{\"@type\":\"SearchAction\",\"target\":{\"@type\":\"EntryPoint\",\"urlTemplate\":\"https:\\\/\\\/www.organisator.ch\\\/?s={search_term_string}\"},\"query-input\":{\"@type\":\"PropertyValueSpecification\",\"valueRequired\":true,\"valueName\":\"search_term_string\"}}],\"inLanguage\":\"it-IT\"},{\"@type\":\"Organization\",\"@id\":\"https:\\\/\\\/www.organisator.ch\\\/#organization\",\"name\":\"Organisator\",\"url\":\"https:\\\/\\\/www.organisator.ch\\\/\",\"logo\":{\"@type\":\"ImageObject\",\"inLanguage\":\"it-IT\",\"@id\":\"https:\\\/\\\/www.organisator.ch\\\/#\\\/schema\\\/logo\\\/image\\\/\",\"url\":\"https:\\\/\\\/www.organisator.ch\\\/wp-content\\\/uploads\\\/2022\\\/01\\\/Logo_Organisator_Website.png\",\"contentUrl\":\"https:\\\/\\\/www.organisator.ch\\\/wp-content\\\/uploads\\\/2022\\\/01\\\/Logo_Organisator_Website.png\",\"width\":800,\"height\":77,\"caption\":\"Organisator\"},\"image\":{\"@id\":\"https:\\\/\\\/www.organisator.ch\\\/#\\\/schema\\\/logo\\\/image\\\/\"},\"sameAs\":[\"https:\\\/\\\/www.facebook.com\\\/OrganisatorFachmagazin\",\"https:\\\/\\\/www.linkedin.com\\\/showcase\\\/organisator-das-magazin-fr-kmu\",\"https:\\\/\\\/www.xing.com\\\/news\\\/pages\\\/organisator-ch-695\",\"https:\\\/\\\/www.youtube.com\\\/channel\\\/UCGP2Sq0iWaZwT3BdIAQFYpw\"]},{\"@type\":\"Person\",\"@id\":\"https:\\\/\\\/www.organisator.ch\\\/#\\\/schema\\\/person\\\/4e51799071cd2dd1232ac003643ef5f0\",\"name\":\"galledia\",\"image\":{\"@type\":\"ImageObject\",\"inLanguage\":\"it-IT\",\"@id\":\"https:\\\/\\\/secure.gravatar.com\\\/avatar\\\/78a7f90c01fc2bfc875782a0d4922b37cde2cf184ce347b91316d23cd7f69a36?s=96&d=mm&r=g\",\"url\":\"https:\\\/\\\/secure.gravatar.com\\\/avatar\\\/78a7f90c01fc2bfc875782a0d4922b37cde2cf184ce347b91316d23cd7f69a36?s=96&d=mm&r=g\",\"contentUrl\":\"https:\\\/\\\/secure.gravatar.com\\\/avatar\\\/78a7f90c01fc2bfc875782a0d4922b37cde2cf184ce347b91316d23cd7f69a36?s=96&d=mm&r=g\",\"caption\":\"galledia\"},\"sameAs\":[\"https:\\\/\\\/x.com\\\/admin\"],\"url\":\"https:\\\/\\\/www.organisator.ch\\\/it\\\/author\\\/galledia\\\/\"}]}<\/script>\n<!-- \/ Yoast SEO plugin. -->","yoast_head_json":{"title":"Il design incontra la sostenibilit\u00e0: ripensare l'economia circolare - Organizzatore","description":"Davide Mastrodomenico in un'intervista a SAQ. \u00c8 amministratore delegato di Girsberger AG, rinomato produttore svizzero di mobili.","robots":{"index":"index","follow":"follow","max-snippet":"max-snippet:-1","max-image-preview":"max-image-preview:large","max-video-preview":"max-video-preview:-1"},"canonical":"https:\/\/www.organisator.ch\/it\/eccellenza-operativa\/2025-04-15\/design-trifft-nachhaltigkeit-kreislaufwirtschaft-neu-gedacht\/","og_locale":"it_IT","og_type":"article","og_title":"Design trifft Nachhaltigkeit: Kreislaufwirtschaft neu gedacht - Organisator","og_description":"Davide Mastrodomenico im Interview mit der SAQ. Er ist Gesch\u00e4ftsf\u00fchrer der Girsberger AG, einem renommierten Schweizer M\u00f6belhersteller.","og_url":"https:\/\/www.organisator.ch\/it\/eccellenza-operativa\/2025-04-15\/design-trifft-nachhaltigkeit-kreislaufwirtschaft-neu-gedacht\/","og_site_name":"Organisator","article_publisher":"https:\/\/www.facebook.com\/OrganisatorFachmagazin","article_published_time":"2025-04-15T20:02:36+00:00","article_modified_time":"2025-04-16T06:53:16+00:00","author":"galledia","twitter_card":"summary_large_image","twitter_creator":"@admin","schema":{"@context":"https:\/\/schema.org","@graph":[{"@type":"Article","@id":"https:\/\/www.organisator.ch\/operational-excellence\/2025-04-15\/design-trifft-nachhaltigkeit-kreislaufwirtschaft-neu-gedacht\/#article","isPartOf":{"@id":"https:\/\/www.organisator.ch\/operational-excellence\/2025-04-15\/design-trifft-nachhaltigkeit-kreislaufwirtschaft-neu-gedacht\/"},"author":{"name":"galledia","@id":"https:\/\/www.organisator.ch\/#\/schema\/person\/4e51799071cd2dd1232ac003643ef5f0"},"headline":"Design trifft Nachhaltigkeit: Kreislaufwirtschaft neu gedacht","datePublished":"2025-04-15T20:02:36+00:00","dateModified":"2025-04-16T06:53:16+00:00","mainEntityOfPage":{"@id":"https:\/\/www.organisator.ch\/operational-excellence\/2025-04-15\/design-trifft-nachhaltigkeit-kreislaufwirtschaft-neu-gedacht\/"},"wordCount":785,"publisher":{"@id":"https:\/\/www.organisator.ch\/#organization"},"image":{"@id":"https:\/\/www.organisator.ch\/operational-excellence\/2025-04-15\/design-trifft-nachhaltigkeit-kreislaufwirtschaft-neu-gedacht\/#primaryimage"},"thumbnailUrl":"https:\/\/www.m-q.ch\/wp-content\/uploads\/2025\/04\/Flash_Bild_management_qualitaet_150815-scaled.jpg","keywords":["\u00abTag der Schweizer Qualit\u00e4t\u00bb","Business Excellence","Fachkongress\/Fachmesse","Management und Unternehmensf\u00fchrung"],"articleSection":["OPERATIONAL EXCELLENCE"],"inLanguage":"it-IT"},{"@type":"WebPage","@id":"https:\/\/www.organisator.ch\/operational-excellence\/2025-04-15\/design-trifft-nachhaltigkeit-kreislaufwirtschaft-neu-gedacht\/","url":"https:\/\/www.organisator.ch\/operational-excellence\/2025-04-15\/design-trifft-nachhaltigkeit-kreislaufwirtschaft-neu-gedacht\/","name":"Il design incontra la sostenibilit\u00e0: ripensare l'economia circolare - Organizzatore","isPartOf":{"@id":"https:\/\/www.organisator.ch\/#website"},"primaryImageOfPage":{"@id":"https:\/\/www.organisator.ch\/operational-excellence\/2025-04-15\/design-trifft-nachhaltigkeit-kreislaufwirtschaft-neu-gedacht\/#primaryimage"},"image":{"@id":"https:\/\/www.organisator.ch\/operational-excellence\/2025-04-15\/design-trifft-nachhaltigkeit-kreislaufwirtschaft-neu-gedacht\/#primaryimage"},"thumbnailUrl":"https:\/\/www.m-q.ch\/wp-content\/uploads\/2025\/04\/Flash_Bild_management_qualitaet_150815-scaled.jpg","datePublished":"2025-04-15T20:02:36+00:00","dateModified":"2025-04-16T06:53:16+00:00","description":"Davide Mastrodomenico in un'intervista a SAQ. \u00c8 amministratore delegato di Girsberger AG, rinomato produttore svizzero di mobili.","breadcrumb":{"@id":"https:\/\/www.organisator.ch\/operational-excellence\/2025-04-15\/design-trifft-nachhaltigkeit-kreislaufwirtschaft-neu-gedacht\/#breadcrumb"},"inLanguage":"it-IT","potentialAction":[{"@type":"ReadAction","target":["https:\/\/www.organisator.ch\/operational-excellence\/2025-04-15\/design-trifft-nachhaltigkeit-kreislaufwirtschaft-neu-gedacht\/"]}]},{"@type":"ImageObject","inLanguage":"it-IT","@id":"https:\/\/www.organisator.ch\/operational-excellence\/2025-04-15\/design-trifft-nachhaltigkeit-kreislaufwirtschaft-neu-gedacht\/#primaryimage","url":"https:\/\/www.m-q.ch\/wp-content\/uploads\/2025\/04\/Flash_Bild_management_qualitaet_150815-scaled.jpg","contentUrl":"https:\/\/www.m-q.ch\/wp-content\/uploads\/2025\/04\/Flash_Bild_management_qualitaet_150815-scaled.jpg"},{"@type":"BreadcrumbList","@id":"https:\/\/www.organisator.ch\/operational-excellence\/2025-04-15\/design-trifft-nachhaltigkeit-kreislaufwirtschaft-neu-gedacht\/#breadcrumb","itemListElement":[{"@type":"ListItem","position":1,"name":"Home","item":"https:\/\/www.organisator.ch\/"},{"@type":"ListItem","position":2,"name":"Design trifft Nachhaltigkeit: Kreislaufwirtschaft neu gedacht"}]},{"@type":"WebSite","@id":"https:\/\/www.organisator.ch\/#website","url":"https:\/\/www.organisator.ch\/","name":"Organizzatore","description":"Competente. Pratico. In 10 numeri all'anno, ORGANISATOR presenta i temi essenziali per i manager delle PMI.","publisher":{"@id":"https:\/\/www.organisator.ch\/#organization"},"potentialAction":[{"@type":"SearchAction","target":{"@type":"EntryPoint","urlTemplate":"https:\/\/www.organisator.ch\/?s={search_term_string}"},"query-input":{"@type":"PropertyValueSpecification","valueRequired":true,"valueName":"search_term_string"}}],"inLanguage":"it-IT"},{"@type":"Organization","@id":"https:\/\/www.organisator.ch\/#organization","name":"Organizzatore","url":"https:\/\/www.organisator.ch\/","logo":{"@type":"ImageObject","inLanguage":"it-IT","@id":"https:\/\/www.organisator.ch\/#\/schema\/logo\/image\/","url":"https:\/\/www.organisator.ch\/wp-content\/uploads\/2022\/01\/Logo_Organisator_Website.png","contentUrl":"https:\/\/www.organisator.ch\/wp-content\/uploads\/2022\/01\/Logo_Organisator_Website.png","width":800,"height":77,"caption":"Organisator"},"image":{"@id":"https:\/\/www.organisator.ch\/#\/schema\/logo\/image\/"},"sameAs":["https:\/\/www.facebook.com\/OrganisatorFachmagazin","https:\/\/www.linkedin.com\/showcase\/organisator-das-magazin-fr-kmu","https:\/\/www.xing.com\/news\/pages\/organisator-ch-695","https:\/\/www.youtube.com\/channel\/UCGP2Sq0iWaZwT3BdIAQFYpw"]},{"@type":"Person","@id":"https:\/\/www.organisator.ch\/#\/schema\/person\/4e51799071cd2dd1232ac003643ef5f0","name":"galledia","image":{"@type":"ImageObject","inLanguage":"it-IT","@id":"https:\/\/secure.gravatar.com\/avatar\/78a7f90c01fc2bfc875782a0d4922b37cde2cf184ce347b91316d23cd7f69a36?s=96&d=mm&r=g","url":"https:\/\/secure.gravatar.com\/avatar\/78a7f90c01fc2bfc875782a0d4922b37cde2cf184ce347b91316d23cd7f69a36?s=96&d=mm&r=g","contentUrl":"https:\/\/secure.gravatar.com\/avatar\/78a7f90c01fc2bfc875782a0d4922b37cde2cf184ce347b91316d23cd7f69a36?s=96&d=mm&r=g","caption":"galledia"},"sameAs":["https:\/\/x.com\/admin"],"url":"https:\/\/www.organisator.ch\/it\/author\/galledia\/"}]}},"_links":{"self":[{"href":"https:\/\/www.organisator.ch\/it\/wp-json\/wp\/v2\/posts\/37714","targetHints":{"allow":["GET"]}}],"collection":[{"href":"https:\/\/www.organisator.ch\/it\/wp-json\/wp\/v2\/posts"}],"about":[{"href":"https:\/\/www.organisator.ch\/it\/wp-json\/wp\/v2\/types\/post"}],"author":[{"embeddable":true,"href":"https:\/\/www.organisator.ch\/it\/wp-json\/wp\/v2\/users\/8"}],"replies":[{"embeddable":true,"href":"https:\/\/www.organisator.ch\/it\/wp-json\/wp\/v2\/comments?post=37714"}],"version-history":[{"count":5,"href":"https:\/\/www.organisator.ch\/it\/wp-json\/wp\/v2\/posts\/37714\/revisions"}],"predecessor-version":[{"id":37724,"href":"https:\/\/www.organisator.ch\/it\/wp-json\/wp\/v2\/posts\/37714\/revisions\/37724"}],"wp:attachment":[{"href":"https:\/\/www.organisator.ch\/it\/wp-json\/wp\/v2\/media?parent=37714"}],"wp:term":[{"taxonomy":"category","embeddable":true,"href":"https:\/\/www.organisator.ch\/it\/wp-json\/wp\/v2\/categories?post=37714"},{"taxonomy":"post_tag","embeddable":true,"href":"https:\/\/www.organisator.ch\/it\/wp-json\/wp\/v2\/tags?post=37714"}],"curies":[{"name":"wp","href":"https:\/\/api.w.org\/{rel}","templated":true}]}}