{"id":37738,"date":"2025-04-16T17:56:13","date_gmt":"2025-04-16T15:56:13","guid":{"rendered":"https:\/\/www.markt-kom.com\/?p=233547"},"modified":"2025-04-17T07:53:44","modified_gmt":"2025-04-17T05:53:44","slug":"oppenheim-partner-uebernimmt-pr-mandat-fuer-relais-chateaux","status":"publish","type":"post","link":"https:\/\/www.organisator.ch\/it\/marketing\/2025-04-16\/oppenheim-partner-uebernimmt-pr-mandat-fuer-relais-chateaux\/","title":{"rendered":"Oppenheim &amp; Partner assume il mandato di PR per Relais &amp; Ch\u00e2teaux"},"content":{"rendered":"<figure id=\"attachment_233548\" class=\"wp-caption aligncenter\" style=\"width: 1066px;\" aria-describedby=\"caption-attachment-233548\"><a href=\"https:\/\/www.markt-kom.com\/wp-content\/uploads\/2025\/04\/o-p-relais-chateaux.jpg\"><img class=\"size-full wp-image-233548\" src=\"https:\/\/www.markt-kom.com\/wp-content\/uploads\/2025\/04\/o-p-relais-chateaux.jpg\" sizes=\"(max-width: 1066px) 100vw, 1066px\" srcset=\"https:\/\/www.markt-kom.com\/wp-content\/uploads\/2025\/04\/o-p-relais-chateaux.jpg 1066w, https:\/\/www.markt-kom.com\/wp-content\/uploads\/2025\/04\/o-p-relais-chateaux-600x450.jpg 600w, https:\/\/www.markt-kom.com\/wp-content\/uploads\/2025\/04\/o-p-relais-chateaux-1024x768.jpg 1024w, https:\/\/www.markt-kom.com\/wp-content\/uploads\/2025\/04\/o-p-relais-chateaux-768x576.jpg 768w, https:\/\/www.markt-kom.com\/wp-content\/uploads\/2025\/04\/o-p-relais-chateaux-16x12.jpg 16w, https:\/\/www.markt-kom.com\/wp-content\/uploads\/2025\/04\/o-p-relais-chateaux-233x175.jpg 233w, https:\/\/www.markt-kom.com\/wp-content\/uploads\/2025\/04\/o-p-relais-chateaux-466x350.jpg 466w, https:\/\/www.markt-kom.com\/wp-content\/uploads\/2025\/04\/o-p-relais-chateaux-1000x750.jpg 1000w\" alt=\"\" width=\"1066\" height=\"800\" \/><\/a>\r\n<figcaption id=\"caption-attachment-233548\" class=\"wp-caption-text\">(Immagine: zVg.)<\/figcaption>\r\n<\/figure>\r\n<p>Relais &amp; Ch\u00e2teaux conta attualmente 580 strutture in 65 paesi, che complessivamente hanno 385 stelle Michelin. La rete \u00e8 rappresentata da diverse strutture in Svizzera. La rete globale di hotel e ristoranti indipendenti di alto livello si affida ora a Oppenheim &amp; Partner per le sue attivit\u00e0 di PR in Svizzera e nel Liechtenstein. L'agenzia, gestita dal proprietario, sta assumendo il ruolo di ufficio stampa ufficiale e aumenter\u00e0 la visibilit\u00e0 del marchio nella regione.<\/p>\r\n<p>La collaborazione si concentra sulla consulenza strategica in materia di comunicazione, sulle relazioni con i media e sull'organizzazione di viaggi stampa ed eventi. L'obiettivo \u00e8 quello di radicare maggiormente gli aspetti del marchio - ospitalit\u00e0 eccezionale, eccellenza culinaria e radici culturali - nel mercato locale.<\/p>\r\n<p>Tina Seiler, Partner di Oppenheim &amp; Partner e responsabile del nuovo mandato, commenta: \"Siamo lieti di poter supportare un marchio tradizionale e riconosciuto a livello internazionale come Relais &amp; Ch\u00e2teaux. L'aggiunta al nostro portafoglio nel settore dell'ospitalit\u00e0 \u00e8 una pietra miliare significativa e sottolinea la nostra passione per l'industria alberghiera e della ristorazione.\"<\/p>","protected":false},"excerpt":{"rendered":"<p>La rete internazionale Relais &amp; Ch\u00e2teaux ha nominato Oppenheim &amp; Partner come nuova agenzia di pubbliche relazioni per la Svizzera e il Liechtenstein. L'obiettivo della collaborazione \u00e8 quello di rafforzare la presenza del marchio in entrambi i mercati.<\/p>","protected":false},"author":8,"featured_media":0,"comment_status":"closed","ping_status":"closed","sticky":false,"template":"","format":"standard","meta":{"_acf_changed":false,"_yoast_wpseo_focuskw":"Oppenheim & Partner","_yoast_wpseo_metadesc":"Das internationale Netzwerk Relais & Ch\u00e2teaux hat Oppenheim & Partner zur neuen PR-Agentur f\u00fcr die Schweiz und Liechtenstein ernannt.","articlekey":"","footnotes":""},"categories":[29],"tags":[2855,5288],"class_list":["post-37738","post","type-post","status-publish","format-standard","hentry","category-marketing","tag-etats","tag-oppenheim-partner"],"acf":[],"yoast_head":"<!-- This site is optimized with the Yoast SEO plugin v27.4 - https:\/\/yoast.com\/product\/yoast-seo-wordpress\/ -->\n<title>Oppenheim &amp; Partner \u00fcbernimmt PR-Mandat f\u00fcr Relais &amp; Ch\u00e2teaux - Organisator<\/title>\n<meta name=\"description\" content=\"Das internationale Netzwerk Relais &amp; Ch\u00e2teaux hat Oppenheim &amp; Partner zur neuen PR-Agentur f\u00fcr die Schweiz und Liechtenstein ernannt.\" \/>\n<meta name=\"robots\" content=\"index, follow, max-snippet:-1, max-image-preview:large, max-video-preview:-1\" \/>\n<link rel=\"canonical\" href=\"https:\/\/www.organisator.ch\/it\/marketing\/2025-04-16\/oppenheim-partner-uebernimmt-pr-mandat-fuer-relais-chateaux\/\" \/>\n<meta property=\"og:locale\" content=\"it_IT\" \/>\n<meta property=\"og:type\" content=\"article\" \/>\n<meta property=\"og:title\" content=\"Oppenheim &amp; Partner \u00fcbernimmt PR-Mandat f\u00fcr Relais &amp; Ch\u00e2teaux - Organisator\" \/>\n<meta property=\"og:description\" content=\"Das internationale Netzwerk Relais &amp; Ch\u00e2teaux hat Oppenheim &amp; Partner zur neuen PR-Agentur f\u00fcr die Schweiz und Liechtenstein ernannt.\" \/>\n<meta property=\"og:url\" content=\"https:\/\/www.organisator.ch\/it\/marketing\/2025-04-16\/oppenheim-partner-uebernimmt-pr-mandat-fuer-relais-chateaux\/\" \/>\n<meta property=\"og:site_name\" content=\"Organisator\" \/>\n<meta property=\"article:publisher\" content=\"https:\/\/www.facebook.com\/OrganisatorFachmagazin\" \/>\n<meta property=\"article:published_time\" content=\"2025-04-16T15:56:13+00:00\" \/>\n<meta property=\"article:modified_time\" content=\"2025-04-17T05:53:44+00:00\" \/>\n<meta name=\"author\" content=\"galledia\" \/>\n<meta name=\"twitter:card\" content=\"summary_large_image\" \/>\n<meta name=\"twitter:creator\" content=\"@admin\" \/>\n<script type=\"application\/ld+json\" class=\"yoast-schema-graph\">{\"@context\":\"https:\\\/\\\/schema.org\",\"@graph\":[{\"@type\":\"Article\",\"@id\":\"https:\\\/\\\/www.organisator.ch\\\/marketing\\\/2025-04-16\\\/oppenheim-partner-uebernimmt-pr-mandat-fuer-relais-chateaux\\\/#article\",\"isPartOf\":{\"@id\":\"https:\\\/\\\/www.organisator.ch\\\/marketing\\\/2025-04-16\\\/oppenheim-partner-uebernimmt-pr-mandat-fuer-relais-chateaux\\\/\"},\"author\":{\"name\":\"galledia\",\"@id\":\"https:\\\/\\\/www.organisator.ch\\\/#\\\/schema\\\/person\\\/4e51799071cd2dd1232ac003643ef5f0\"},\"headline\":\"Oppenheim &amp; Partner \u00fcbernimmt PR-Mandat f\u00fcr Relais &amp; Ch\u00e2teaux\",\"datePublished\":\"2025-04-16T15:56:13+00:00\",\"dateModified\":\"2025-04-17T05:53:44+00:00\",\"mainEntityOfPage\":{\"@id\":\"https:\\\/\\\/www.organisator.ch\\\/marketing\\\/2025-04-16\\\/oppenheim-partner-uebernimmt-pr-mandat-fuer-relais-chateaux\\\/\"},\"wordCount\":176,\"publisher\":{\"@id\":\"https:\\\/\\\/www.organisator.ch\\\/#organization\"},\"image\":{\"@id\":\"https:\\\/\\\/www.organisator.ch\\\/marketing\\\/2025-04-16\\\/oppenheim-partner-uebernimmt-pr-mandat-fuer-relais-chateaux\\\/#primaryimage\"},\"thumbnailUrl\":\"https:\\\/\\\/www.markt-kom.com\\\/wp-content\\\/uploads\\\/2025\\\/04\\\/o-p-relais-chateaux.jpg\",\"keywords\":[\"Etats\",\"Oppenheim &amp; Partner\"],\"articleSection\":[\"MARKETING\"],\"inLanguage\":\"it-IT\"},{\"@type\":\"WebPage\",\"@id\":\"https:\\\/\\\/www.organisator.ch\\\/marketing\\\/2025-04-16\\\/oppenheim-partner-uebernimmt-pr-mandat-fuer-relais-chateaux\\\/\",\"url\":\"https:\\\/\\\/www.organisator.ch\\\/marketing\\\/2025-04-16\\\/oppenheim-partner-uebernimmt-pr-mandat-fuer-relais-chateaux\\\/\",\"name\":\"Oppenheim &amp; Partner \u00fcbernimmt PR-Mandat f\u00fcr Relais &amp; Ch\u00e2teaux - Organisator\",\"isPartOf\":{\"@id\":\"https:\\\/\\\/www.organisator.ch\\\/#website\"},\"primaryImageOfPage\":{\"@id\":\"https:\\\/\\\/www.organisator.ch\\\/marketing\\\/2025-04-16\\\/oppenheim-partner-uebernimmt-pr-mandat-fuer-relais-chateaux\\\/#primaryimage\"},\"image\":{\"@id\":\"https:\\\/\\\/www.organisator.ch\\\/marketing\\\/2025-04-16\\\/oppenheim-partner-uebernimmt-pr-mandat-fuer-relais-chateaux\\\/#primaryimage\"},\"thumbnailUrl\":\"https:\\\/\\\/www.markt-kom.com\\\/wp-content\\\/uploads\\\/2025\\\/04\\\/o-p-relais-chateaux.jpg\",\"datePublished\":\"2025-04-16T15:56:13+00:00\",\"dateModified\":\"2025-04-17T05:53:44+00:00\",\"description\":\"Das internationale Netzwerk Relais & Ch\u00e2teaux hat Oppenheim & Partner zur neuen PR-Agentur f\u00fcr die Schweiz und Liechtenstein ernannt.\",\"breadcrumb\":{\"@id\":\"https:\\\/\\\/www.organisator.ch\\\/marketing\\\/2025-04-16\\\/oppenheim-partner-uebernimmt-pr-mandat-fuer-relais-chateaux\\\/#breadcrumb\"},\"inLanguage\":\"it-IT\",\"potentialAction\":[{\"@type\":\"ReadAction\",\"target\":[\"https:\\\/\\\/www.organisator.ch\\\/marketing\\\/2025-04-16\\\/oppenheim-partner-uebernimmt-pr-mandat-fuer-relais-chateaux\\\/\"]}]},{\"@type\":\"ImageObject\",\"inLanguage\":\"it-IT\",\"@id\":\"https:\\\/\\\/www.organisator.ch\\\/marketing\\\/2025-04-16\\\/oppenheim-partner-uebernimmt-pr-mandat-fuer-relais-chateaux\\\/#primaryimage\",\"url\":\"https:\\\/\\\/www.markt-kom.com\\\/wp-content\\\/uploads\\\/2025\\\/04\\\/o-p-relais-chateaux.jpg\",\"contentUrl\":\"https:\\\/\\\/www.markt-kom.com\\\/wp-content\\\/uploads\\\/2025\\\/04\\\/o-p-relais-chateaux.jpg\"},{\"@type\":\"BreadcrumbList\",\"@id\":\"https:\\\/\\\/www.organisator.ch\\\/marketing\\\/2025-04-16\\\/oppenheim-partner-uebernimmt-pr-mandat-fuer-relais-chateaux\\\/#breadcrumb\",\"itemListElement\":[{\"@type\":\"ListItem\",\"position\":1,\"name\":\"Home\",\"item\":\"https:\\\/\\\/www.organisator.ch\\\/\"},{\"@type\":\"ListItem\",\"position\":2,\"name\":\"Oppenheim &amp; Partner \u00fcbernimmt PR-Mandat f\u00fcr Relais &amp; Ch\u00e2teaux\"}]},{\"@type\":\"WebSite\",\"@id\":\"https:\\\/\\\/www.organisator.ch\\\/#website\",\"url\":\"https:\\\/\\\/www.organisator.ch\\\/\",\"name\":\"Organisator\",\"description\":\"Kompetent. Praxisnah. Der ORGANISATOR bereitet in 10 Ausgaben pro Jahr die wesentlichen Themen f\u00fcr F\u00fchrungskr\u00e4fte von KMU auf.\",\"publisher\":{\"@id\":\"https:\\\/\\\/www.organisator.ch\\\/#organization\"},\"potentialAction\":[{\"@type\":\"SearchAction\",\"target\":{\"@type\":\"EntryPoint\",\"urlTemplate\":\"https:\\\/\\\/www.organisator.ch\\\/?s={search_term_string}\"},\"query-input\":{\"@type\":\"PropertyValueSpecification\",\"valueRequired\":true,\"valueName\":\"search_term_string\"}}],\"inLanguage\":\"it-IT\"},{\"@type\":\"Organization\",\"@id\":\"https:\\\/\\\/www.organisator.ch\\\/#organization\",\"name\":\"Organisator\",\"url\":\"https:\\\/\\\/www.organisator.ch\\\/\",\"logo\":{\"@type\":\"ImageObject\",\"inLanguage\":\"it-IT\",\"@id\":\"https:\\\/\\\/www.organisator.ch\\\/#\\\/schema\\\/logo\\\/image\\\/\",\"url\":\"https:\\\/\\\/www.organisator.ch\\\/wp-content\\\/uploads\\\/2022\\\/01\\\/Logo_Organisator_Website.png\",\"contentUrl\":\"https:\\\/\\\/www.organisator.ch\\\/wp-content\\\/uploads\\\/2022\\\/01\\\/Logo_Organisator_Website.png\",\"width\":800,\"height\":77,\"caption\":\"Organisator\"},\"image\":{\"@id\":\"https:\\\/\\\/www.organisator.ch\\\/#\\\/schema\\\/logo\\\/image\\\/\"},\"sameAs\":[\"https:\\\/\\\/www.facebook.com\\\/OrganisatorFachmagazin\",\"https:\\\/\\\/www.linkedin.com\\\/showcase\\\/organisator-das-magazin-fr-kmu\",\"https:\\\/\\\/www.xing.com\\\/news\\\/pages\\\/organisator-ch-695\",\"https:\\\/\\\/www.youtube.com\\\/channel\\\/UCGP2Sq0iWaZwT3BdIAQFYpw\"]},{\"@type\":\"Person\",\"@id\":\"https:\\\/\\\/www.organisator.ch\\\/#\\\/schema\\\/person\\\/4e51799071cd2dd1232ac003643ef5f0\",\"name\":\"galledia\",\"image\":{\"@type\":\"ImageObject\",\"inLanguage\":\"it-IT\",\"@id\":\"https:\\\/\\\/secure.gravatar.com\\\/avatar\\\/78a7f90c01fc2bfc875782a0d4922b37cde2cf184ce347b91316d23cd7f69a36?s=96&d=mm&r=g\",\"url\":\"https:\\\/\\\/secure.gravatar.com\\\/avatar\\\/78a7f90c01fc2bfc875782a0d4922b37cde2cf184ce347b91316d23cd7f69a36?s=96&d=mm&r=g\",\"contentUrl\":\"https:\\\/\\\/secure.gravatar.com\\\/avatar\\\/78a7f90c01fc2bfc875782a0d4922b37cde2cf184ce347b91316d23cd7f69a36?s=96&d=mm&r=g\",\"caption\":\"galledia\"},\"sameAs\":[\"https:\\\/\\\/x.com\\\/admin\"],\"url\":\"https:\\\/\\\/www.organisator.ch\\\/it\\\/author\\\/galledia\\\/\"}]}<\/script>\n<!-- \/ Yoast SEO plugin. -->","yoast_head_json":{"title":"Oppenheim &amp; Partner assume il mandato di PR per Relais &amp; Ch\u00e2teaux - Organizzatore","description":"La rete internazionale Relais &amp; Ch\u00e2teaux ha nominato Oppenheim &amp; Partner come nuova agenzia di PR per la Svizzera e il Liechtenstein.","robots":{"index":"index","follow":"follow","max-snippet":"max-snippet:-1","max-image-preview":"max-image-preview:large","max-video-preview":"max-video-preview:-1"},"canonical":"https:\/\/www.organisator.ch\/it\/marketing\/2025-04-16\/oppenheim-partner-uebernimmt-pr-mandat-fuer-relais-chateaux\/","og_locale":"it_IT","og_type":"article","og_title":"Oppenheim &amp; Partner \u00fcbernimmt PR-Mandat f\u00fcr Relais &amp; Ch\u00e2teaux - Organisator","og_description":"Das internationale Netzwerk Relais & Ch\u00e2teaux hat Oppenheim & Partner zur neuen PR-Agentur f\u00fcr die Schweiz und Liechtenstein ernannt.","og_url":"https:\/\/www.organisator.ch\/it\/marketing\/2025-04-16\/oppenheim-partner-uebernimmt-pr-mandat-fuer-relais-chateaux\/","og_site_name":"Organisator","article_publisher":"https:\/\/www.facebook.com\/OrganisatorFachmagazin","article_published_time":"2025-04-16T15:56:13+00:00","article_modified_time":"2025-04-17T05:53:44+00:00","author":"galledia","twitter_card":"summary_large_image","twitter_creator":"@admin","schema":{"@context":"https:\/\/schema.org","@graph":[{"@type":"Article","@id":"https:\/\/www.organisator.ch\/marketing\/2025-04-16\/oppenheim-partner-uebernimmt-pr-mandat-fuer-relais-chateaux\/#article","isPartOf":{"@id":"https:\/\/www.organisator.ch\/marketing\/2025-04-16\/oppenheim-partner-uebernimmt-pr-mandat-fuer-relais-chateaux\/"},"author":{"name":"galledia","@id":"https:\/\/www.organisator.ch\/#\/schema\/person\/4e51799071cd2dd1232ac003643ef5f0"},"headline":"Oppenheim &amp; Partner \u00fcbernimmt PR-Mandat f\u00fcr Relais &amp; Ch\u00e2teaux","datePublished":"2025-04-16T15:56:13+00:00","dateModified":"2025-04-17T05:53:44+00:00","mainEntityOfPage":{"@id":"https:\/\/www.organisator.ch\/marketing\/2025-04-16\/oppenheim-partner-uebernimmt-pr-mandat-fuer-relais-chateaux\/"},"wordCount":176,"publisher":{"@id":"https:\/\/www.organisator.ch\/#organization"},"image":{"@id":"https:\/\/www.organisator.ch\/marketing\/2025-04-16\/oppenheim-partner-uebernimmt-pr-mandat-fuer-relais-chateaux\/#primaryimage"},"thumbnailUrl":"https:\/\/www.markt-kom.com\/wp-content\/uploads\/2025\/04\/o-p-relais-chateaux.jpg","keywords":["Etats","Oppenheim &amp; Partner"],"articleSection":["MARKETING"],"inLanguage":"it-IT"},{"@type":"WebPage","@id":"https:\/\/www.organisator.ch\/marketing\/2025-04-16\/oppenheim-partner-uebernimmt-pr-mandat-fuer-relais-chateaux\/","url":"https:\/\/www.organisator.ch\/marketing\/2025-04-16\/oppenheim-partner-uebernimmt-pr-mandat-fuer-relais-chateaux\/","name":"Oppenheim &amp; Partner assume il mandato di PR per Relais &amp; Ch\u00e2teaux - Organizzatore","isPartOf":{"@id":"https:\/\/www.organisator.ch\/#website"},"primaryImageOfPage":{"@id":"https:\/\/www.organisator.ch\/marketing\/2025-04-16\/oppenheim-partner-uebernimmt-pr-mandat-fuer-relais-chateaux\/#primaryimage"},"image":{"@id":"https:\/\/www.organisator.ch\/marketing\/2025-04-16\/oppenheim-partner-uebernimmt-pr-mandat-fuer-relais-chateaux\/#primaryimage"},"thumbnailUrl":"https:\/\/www.markt-kom.com\/wp-content\/uploads\/2025\/04\/o-p-relais-chateaux.jpg","datePublished":"2025-04-16T15:56:13+00:00","dateModified":"2025-04-17T05:53:44+00:00","description":"La rete internazionale Relais &amp; Ch\u00e2teaux ha nominato Oppenheim &amp; Partner come nuova agenzia di PR per la Svizzera e il Liechtenstein.","breadcrumb":{"@id":"https:\/\/www.organisator.ch\/marketing\/2025-04-16\/oppenheim-partner-uebernimmt-pr-mandat-fuer-relais-chateaux\/#breadcrumb"},"inLanguage":"it-IT","potentialAction":[{"@type":"ReadAction","target":["https:\/\/www.organisator.ch\/marketing\/2025-04-16\/oppenheim-partner-uebernimmt-pr-mandat-fuer-relais-chateaux\/"]}]},{"@type":"ImageObject","inLanguage":"it-IT","@id":"https:\/\/www.organisator.ch\/marketing\/2025-04-16\/oppenheim-partner-uebernimmt-pr-mandat-fuer-relais-chateaux\/#primaryimage","url":"https:\/\/www.markt-kom.com\/wp-content\/uploads\/2025\/04\/o-p-relais-chateaux.jpg","contentUrl":"https:\/\/www.markt-kom.com\/wp-content\/uploads\/2025\/04\/o-p-relais-chateaux.jpg"},{"@type":"BreadcrumbList","@id":"https:\/\/www.organisator.ch\/marketing\/2025-04-16\/oppenheim-partner-uebernimmt-pr-mandat-fuer-relais-chateaux\/#breadcrumb","itemListElement":[{"@type":"ListItem","position":1,"name":"Home","item":"https:\/\/www.organisator.ch\/"},{"@type":"ListItem","position":2,"name":"Oppenheim &amp; Partner \u00fcbernimmt PR-Mandat f\u00fcr Relais &amp; Ch\u00e2teaux"}]},{"@type":"WebSite","@id":"https:\/\/www.organisator.ch\/#website","url":"https:\/\/www.organisator.ch\/","name":"Organizzatore","description":"Competente. Pratico. In 10 numeri all'anno, ORGANISATOR presenta i temi essenziali per i manager delle PMI.","publisher":{"@id":"https:\/\/www.organisator.ch\/#organization"},"potentialAction":[{"@type":"SearchAction","target":{"@type":"EntryPoint","urlTemplate":"https:\/\/www.organisator.ch\/?s={search_term_string}"},"query-input":{"@type":"PropertyValueSpecification","valueRequired":true,"valueName":"search_term_string"}}],"inLanguage":"it-IT"},{"@type":"Organization","@id":"https:\/\/www.organisator.ch\/#organization","name":"Organizzatore","url":"https:\/\/www.organisator.ch\/","logo":{"@type":"ImageObject","inLanguage":"it-IT","@id":"https:\/\/www.organisator.ch\/#\/schema\/logo\/image\/","url":"https:\/\/www.organisator.ch\/wp-content\/uploads\/2022\/01\/Logo_Organisator_Website.png","contentUrl":"https:\/\/www.organisator.ch\/wp-content\/uploads\/2022\/01\/Logo_Organisator_Website.png","width":800,"height":77,"caption":"Organisator"},"image":{"@id":"https:\/\/www.organisator.ch\/#\/schema\/logo\/image\/"},"sameAs":["https:\/\/www.facebook.com\/OrganisatorFachmagazin","https:\/\/www.linkedin.com\/showcase\/organisator-das-magazin-fr-kmu","https:\/\/www.xing.com\/news\/pages\/organisator-ch-695","https:\/\/www.youtube.com\/channel\/UCGP2Sq0iWaZwT3BdIAQFYpw"]},{"@type":"Person","@id":"https:\/\/www.organisator.ch\/#\/schema\/person\/4e51799071cd2dd1232ac003643ef5f0","name":"galledia","image":{"@type":"ImageObject","inLanguage":"it-IT","@id":"https:\/\/secure.gravatar.com\/avatar\/78a7f90c01fc2bfc875782a0d4922b37cde2cf184ce347b91316d23cd7f69a36?s=96&d=mm&r=g","url":"https:\/\/secure.gravatar.com\/avatar\/78a7f90c01fc2bfc875782a0d4922b37cde2cf184ce347b91316d23cd7f69a36?s=96&d=mm&r=g","contentUrl":"https:\/\/secure.gravatar.com\/avatar\/78a7f90c01fc2bfc875782a0d4922b37cde2cf184ce347b91316d23cd7f69a36?s=96&d=mm&r=g","caption":"galledia"},"sameAs":["https:\/\/x.com\/admin"],"url":"https:\/\/www.organisator.ch\/it\/author\/galledia\/"}]}},"_links":{"self":[{"href":"https:\/\/www.organisator.ch\/it\/wp-json\/wp\/v2\/posts\/37738","targetHints":{"allow":["GET"]}}],"collection":[{"href":"https:\/\/www.organisator.ch\/it\/wp-json\/wp\/v2\/posts"}],"about":[{"href":"https:\/\/www.organisator.ch\/it\/wp-json\/wp\/v2\/types\/post"}],"author":[{"embeddable":true,"href":"https:\/\/www.organisator.ch\/it\/wp-json\/wp\/v2\/users\/8"}],"replies":[{"embeddable":true,"href":"https:\/\/www.organisator.ch\/it\/wp-json\/wp\/v2\/comments?post=37738"}],"version-history":[{"count":4,"href":"https:\/\/www.organisator.ch\/it\/wp-json\/wp\/v2\/posts\/37738\/revisions"}],"predecessor-version":[{"id":37748,"href":"https:\/\/www.organisator.ch\/it\/wp-json\/wp\/v2\/posts\/37738\/revisions\/37748"}],"wp:attachment":[{"href":"https:\/\/www.organisator.ch\/it\/wp-json\/wp\/v2\/media?parent=37738"}],"wp:term":[{"taxonomy":"category","embeddable":true,"href":"https:\/\/www.organisator.ch\/it\/wp-json\/wp\/v2\/categories?post=37738"},{"taxonomy":"post_tag","embeddable":true,"href":"https:\/\/www.organisator.ch\/it\/wp-json\/wp\/v2\/tags?post=37738"}],"curies":[{"name":"wp","href":"https:\/\/api.w.org\/{rel}","templated":true}]}}