{"id":37888,"date":"2025-04-23T08:28:53","date_gmt":"2025-04-23T06:28:53","guid":{"rendered":"https:\/\/www.m-q.ch\/?p=21393"},"modified":"2025-04-22T15:52:39","modified_gmt":"2025-04-22T13:52:39","slug":"igitale-produktpaesse-bloqsens-bezieht-neue-raeumlichkeiten-in-biel","status":"publish","type":"post","link":"https:\/\/www.organisator.ch\/it\/operational-excellence\/2025-04-23\/igitale-produktpaesse-bloqsens-bezieht-neue-raeumlichkeiten-in-biel\/","title":{"rendered":"Passaporti digitali dei prodotti: BloqSens si trasferisce nella nuova sede di Biel"},"content":{"rendered":"<figure id=\"attachment_21395\" class=\"wp-caption alignnone\" style=\"width: 680px;\" aria-describedby=\"caption-attachment-21395\"><img class=\"size-full wp-image-21395\" src=\"https:\/\/www.m-q.ch\/wp-content\/uploads\/2025\/04\/Digitale-Produktpaesse-BloqSens-zieht-in-Biel-ein_MQ.jpg\" sizes=\"(max-width: 680px) 100vw, 680px\" srcset=\"https:\/\/www.m-q.ch\/wp-content\/uploads\/2025\/04\/Digitale-Produktpaesse-BloqSens-zieht-in-Biel-ein_MQ.jpg 680w, https:\/\/www.m-q.ch\/wp-content\/uploads\/2025\/04\/Digitale-Produktpaesse-BloqSens-zieht-in-Biel-ein_MQ-16x12.jpg 16w, https:\/\/www.m-q.ch\/wp-content\/uploads\/2025\/04\/Digitale-Produktpaesse-BloqSens-zieht-in-Biel-ein_MQ-375x276.jpg 375w, https:\/\/www.m-q.ch\/wp-content\/uploads\/2025\/04\/Digitale-Produktpaesse-BloqSens-zieht-in-Biel-ein_MQ-475x350.jpg 475w\" alt=\"\" width=\"680\" height=\"501\" \/>\r\n<figcaption id=\"caption-attachment-21395\" class=\"wp-caption-text\">Peter Krummenacher (BloqSens AG) e Anita J\u00f6rg (SIPBB) si salutano nella nuova sede. (Immagine: zVg \/ BloqSens AG)<\/figcaption>\r\n<\/figure>\r\n<p>BloqSens AG \u00e8 una giovane azienda con sede a Biel, in Svizzera, specializzata in passaporti digitali di prodotto (DPP), <a href=\"https:\/\/www.m-q.ch\/de\/der-digitale-produktpass-kommt\/\">vedi l'articolo di fondo di MQ 3-4\/2025 - con i costi - qui<\/a>) basato sulla tecnologia dei libri mastri distribuiti (DLT). L'azienda si sta trasferendo in una nuova sede presso lo Switzerland Innovation Park Biel\/Bienne (SIPBB). Il SIPBB \u00e8 un'organizzazione privata senza scopo di lucro con sede nel Cantone di Berna che conduce e sostiene la ricerca e lo sviluppo prevalentemente applicati all'industria. \"Siamo lieti di accogliere Peter Krummenacher e il suo team nel nostro parco. Con la sua offerta, BloqSens AG sta dando un contributo importante per sfruttare appieno il potenziale della trasformazione digitale nelle aziende\", afferma Anita J\u00f6rg, COO e CMO dello Switzerland Innovation Park Biel\/Bienne.<\/p>\r\n<p>In qualit\u00e0 di \"Swiss Made Digital Service\", BloqSens AG sta sviluppando una piattaforma per i passaporti digitali dei prodotti, tra cui il passaporto digitale delle batterie, che sar\u00e0 obbligatorio per le auto elettriche, le biciclette elettriche e gli scooter elettronici, nonch\u00e9 per le batterie industriali a partire dal 2027, in conformit\u00e0 con le normative UE. Utilizzando la tecnologia a libro mastro distribuito (DLT), BloqSens offre soluzioni scalabili e a prova di manomissione che consentono trasparenza e tracciabilit\u00e0 lungo l'intera catena del valore e supportano i principi dell'economia circolare. Oltre a sviluppare applicazioni specifiche per il settore, l'azienda offre anche servizi di consulenza, tra cui la consulenza SAP. Dispone inoltre di un'eccellente rete in qualit\u00e0 di GS1 Solution Partner e di membro del CES (Circular Economy Switzerland) e di iBAT (Swiss Battery Association).<\/p>\r\n<p>Peter Krummenacher, CEO di BloqSens AG, commenta: \"Siamo lieti di entrare a far parte della rete SIPBB. La vicinanza a partner tecnologici di primo piano e l'utilizzo dell'infrastruttura del parco ci aiuteranno a sviluppare ulteriormente le nostre soluzioni e a guidare il cambiamento digitale nel settore.\" Lo Switzerland Innovation Park Biel\/Bienne \u00e8 un centro di eccellenza per la ricerca applicata e lo sviluppo nei settori dell'Industria 4.0 e delle tecnologie sostenibili. Con la sua Swiss Smart Factory, il parco offre una piattaforma per progetti di prova e dimostrazione e una solida rete di partner industriali e di ricerca.<\/p>\r\n<p><em>Fonte e ulteriori informazioni: <a href=\"http:\/\/www.bloqsens.com\/\">www.bloqsens.com<\/a><\/em><\/p>\n<p class=\"syndicated-attribution\">Questo articolo \u00e8 apparso originariamente su m-q.ch - <a href=\"https:\/\/www.m-q.ch\/de\/digitale-produktpaesse-bloqsens-zieht-in-biel-ein\/\" target=\"_blank\">https:\/\/www.m-q.ch\/de\/digitale-produktpaesse-bloqsens-zieht-in-biel-ein\/<\/a><\/p>","protected":false},"excerpt":{"rendered":"<p>BloqSens AG, un'innovativa azienda svizzera specializzata in passaporti digitali di prodotto (DPP), si \u00e8 trasferita in una nuova sede presso lo Switzerland Innovation Park Biel\/Bienne. Questo trasferimento segna un'importante pietra miliare nello sviluppo dell'azienda e sottolinea l'impegno di BloqSens per l'innovazione e la collaborazione nella regione, come si legge in un comunicato.<\/p>","protected":false},"author":8,"featured_media":0,"comment_status":"closed","ping_status":"closed","sticky":false,"template":"","format":"standard","meta":{"_acf_changed":false,"_yoast_wpseo_focuskw":"BloqSens","_yoast_wpseo_metadesc":"Die BloqSens AG, die sich auf digitale Produktp\u00e4sse (DPP) spezialisiert, hat neue R\u00e4umlichkeiten in Biel\/Bienne bezogen.","articlekey":"","footnotes":""},"categories":[582],"tags":[103,5296,358,492],"class_list":["post-37888","post","type-post","status-publish","format-standard","hentry","category-operational-excellence","tag-business-excellence","tag-digitaler-produktpass","tag-nachhaltige-wirtschaft","tag-unternehmen"],"acf":[],"yoast_head":"<!-- This site is optimized with the Yoast SEO plugin v27.5 - https:\/\/yoast.com\/product\/yoast-seo-wordpress\/ -->\n<title>Digitale Produktp\u00e4sse: BloqSens bezieht neue R\u00e4umlichkeiten in Biel - Organisator<\/title>\n<meta name=\"description\" content=\"Die BloqSens AG, die sich auf digitale Produktp\u00e4sse (DPP) spezialisiert, hat neue R\u00e4umlichkeiten in Biel\/Bienne bezogen.\" \/>\n<meta name=\"robots\" content=\"index, follow, max-snippet:-1, max-image-preview:large, max-video-preview:-1\" \/>\n<link rel=\"canonical\" href=\"https:\/\/www.organisator.ch\/it\/eccellenza-operativa\/2025-04-23\/igitale-produktpaesse-bloqsens-bezieht-neue-raeumlichkeiten-in-biel\/\" \/>\n<meta property=\"og:locale\" content=\"it_IT\" \/>\n<meta property=\"og:type\" content=\"article\" \/>\n<meta property=\"og:title\" content=\"Digitale Produktp\u00e4sse: BloqSens bezieht neue R\u00e4umlichkeiten in Biel - Organisator\" \/>\n<meta property=\"og:description\" content=\"Die BloqSens AG, die sich auf digitale Produktp\u00e4sse (DPP) spezialisiert, hat neue R\u00e4umlichkeiten in Biel\/Bienne bezogen.\" \/>\n<meta property=\"og:url\" content=\"https:\/\/www.organisator.ch\/it\/eccellenza-operativa\/2025-04-23\/igitale-produktpaesse-bloqsens-bezieht-neue-raeumlichkeiten-in-biel\/\" \/>\n<meta property=\"og:site_name\" content=\"Organisator\" \/>\n<meta property=\"article:publisher\" content=\"https:\/\/www.facebook.com\/OrganisatorFachmagazin\" \/>\n<meta property=\"article:published_time\" content=\"2025-04-23T06:28:53+00:00\" \/>\n<meta name=\"author\" content=\"galledia\" \/>\n<meta name=\"twitter:card\" content=\"summary_large_image\" \/>\n<meta name=\"twitter:creator\" content=\"@admin\" \/>\n<script type=\"application\/ld+json\" class=\"yoast-schema-graph\">{\"@context\":\"https:\\\/\\\/schema.org\",\"@graph\":[{\"@type\":\"Article\",\"@id\":\"https:\\\/\\\/www.organisator.ch\\\/operational-excellence\\\/2025-04-23\\\/igitale-produktpaesse-bloqsens-bezieht-neue-raeumlichkeiten-in-biel\\\/#article\",\"isPartOf\":{\"@id\":\"https:\\\/\\\/www.organisator.ch\\\/operational-excellence\\\/2025-04-23\\\/igitale-produktpaesse-bloqsens-bezieht-neue-raeumlichkeiten-in-biel\\\/\"},\"author\":{\"name\":\"galledia\",\"@id\":\"https:\\\/\\\/www.organisator.ch\\\/#\\\/schema\\\/person\\\/4e51799071cd2dd1232ac003643ef5f0\"},\"headline\":\"Digitale Produktp\u00e4sse: BloqSens bezieht neue R\u00e4umlichkeiten in Biel\",\"datePublished\":\"2025-04-23T06:28:53+00:00\",\"mainEntityOfPage\":{\"@id\":\"https:\\\/\\\/www.organisator.ch\\\/operational-excellence\\\/2025-04-23\\\/igitale-produktpaesse-bloqsens-bezieht-neue-raeumlichkeiten-in-biel\\\/\"},\"wordCount\":362,\"publisher\":{\"@id\":\"https:\\\/\\\/www.organisator.ch\\\/#organization\"},\"image\":{\"@id\":\"https:\\\/\\\/www.organisator.ch\\\/operational-excellence\\\/2025-04-23\\\/igitale-produktpaesse-bloqsens-bezieht-neue-raeumlichkeiten-in-biel\\\/#primaryimage\"},\"thumbnailUrl\":\"https:\\\/\\\/www.m-q.ch\\\/wp-content\\\/uploads\\\/2025\\\/04\\\/Digitale-Produktpaesse-BloqSens-zieht-in-Biel-ein_MQ.jpg\",\"keywords\":[\"Business Excellence\",\"Digitaler Produktpass\",\"Nachhaltige Wirtschaft\",\"Unternehmen\"],\"articleSection\":[\"OPERATIONAL EXCELLENCE\"],\"inLanguage\":\"it-IT\"},{\"@type\":\"WebPage\",\"@id\":\"https:\\\/\\\/www.organisator.ch\\\/operational-excellence\\\/2025-04-23\\\/igitale-produktpaesse-bloqsens-bezieht-neue-raeumlichkeiten-in-biel\\\/\",\"url\":\"https:\\\/\\\/www.organisator.ch\\\/operational-excellence\\\/2025-04-23\\\/igitale-produktpaesse-bloqsens-bezieht-neue-raeumlichkeiten-in-biel\\\/\",\"name\":\"Digitale Produktp\u00e4sse: BloqSens bezieht neue R\u00e4umlichkeiten in Biel - Organisator\",\"isPartOf\":{\"@id\":\"https:\\\/\\\/www.organisator.ch\\\/#website\"},\"primaryImageOfPage\":{\"@id\":\"https:\\\/\\\/www.organisator.ch\\\/operational-excellence\\\/2025-04-23\\\/igitale-produktpaesse-bloqsens-bezieht-neue-raeumlichkeiten-in-biel\\\/#primaryimage\"},\"image\":{\"@id\":\"https:\\\/\\\/www.organisator.ch\\\/operational-excellence\\\/2025-04-23\\\/igitale-produktpaesse-bloqsens-bezieht-neue-raeumlichkeiten-in-biel\\\/#primaryimage\"},\"thumbnailUrl\":\"https:\\\/\\\/www.m-q.ch\\\/wp-content\\\/uploads\\\/2025\\\/04\\\/Digitale-Produktpaesse-BloqSens-zieht-in-Biel-ein_MQ.jpg\",\"datePublished\":\"2025-04-23T06:28:53+00:00\",\"description\":\"Die BloqSens AG, die sich auf digitale Produktp\u00e4sse (DPP) spezialisiert, hat neue R\u00e4umlichkeiten in Biel\\\/Bienne bezogen.\",\"breadcrumb\":{\"@id\":\"https:\\\/\\\/www.organisator.ch\\\/operational-excellence\\\/2025-04-23\\\/igitale-produktpaesse-bloqsens-bezieht-neue-raeumlichkeiten-in-biel\\\/#breadcrumb\"},\"inLanguage\":\"it-IT\",\"potentialAction\":[{\"@type\":\"ReadAction\",\"target\":[\"https:\\\/\\\/www.organisator.ch\\\/operational-excellence\\\/2025-04-23\\\/igitale-produktpaesse-bloqsens-bezieht-neue-raeumlichkeiten-in-biel\\\/\"]}]},{\"@type\":\"ImageObject\",\"inLanguage\":\"it-IT\",\"@id\":\"https:\\\/\\\/www.organisator.ch\\\/operational-excellence\\\/2025-04-23\\\/igitale-produktpaesse-bloqsens-bezieht-neue-raeumlichkeiten-in-biel\\\/#primaryimage\",\"url\":\"https:\\\/\\\/www.m-q.ch\\\/wp-content\\\/uploads\\\/2025\\\/04\\\/Digitale-Produktpaesse-BloqSens-zieht-in-Biel-ein_MQ.jpg\",\"contentUrl\":\"https:\\\/\\\/www.m-q.ch\\\/wp-content\\\/uploads\\\/2025\\\/04\\\/Digitale-Produktpaesse-BloqSens-zieht-in-Biel-ein_MQ.jpg\"},{\"@type\":\"BreadcrumbList\",\"@id\":\"https:\\\/\\\/www.organisator.ch\\\/operational-excellence\\\/2025-04-23\\\/igitale-produktpaesse-bloqsens-bezieht-neue-raeumlichkeiten-in-biel\\\/#breadcrumb\",\"itemListElement\":[{\"@type\":\"ListItem\",\"position\":1,\"name\":\"Home\",\"item\":\"https:\\\/\\\/www.organisator.ch\\\/\"},{\"@type\":\"ListItem\",\"position\":2,\"name\":\"Digitale Produktp\u00e4sse: BloqSens bezieht neue R\u00e4umlichkeiten in Biel\"}]},{\"@type\":\"WebSite\",\"@id\":\"https:\\\/\\\/www.organisator.ch\\\/#website\",\"url\":\"https:\\\/\\\/www.organisator.ch\\\/\",\"name\":\"Organisator\",\"description\":\"Kompetent. Praxisnah. Der ORGANISATOR bereitet in 10 Ausgaben pro Jahr die wesentlichen Themen f\u00fcr F\u00fchrungskr\u00e4fte von KMU auf.\",\"publisher\":{\"@id\":\"https:\\\/\\\/www.organisator.ch\\\/#organization\"},\"potentialAction\":[{\"@type\":\"SearchAction\",\"target\":{\"@type\":\"EntryPoint\",\"urlTemplate\":\"https:\\\/\\\/www.organisator.ch\\\/?s={search_term_string}\"},\"query-input\":{\"@type\":\"PropertyValueSpecification\",\"valueRequired\":true,\"valueName\":\"search_term_string\"}}],\"inLanguage\":\"it-IT\"},{\"@type\":\"Organization\",\"@id\":\"https:\\\/\\\/www.organisator.ch\\\/#organization\",\"name\":\"Organisator\",\"url\":\"https:\\\/\\\/www.organisator.ch\\\/\",\"logo\":{\"@type\":\"ImageObject\",\"inLanguage\":\"it-IT\",\"@id\":\"https:\\\/\\\/www.organisator.ch\\\/#\\\/schema\\\/logo\\\/image\\\/\",\"url\":\"https:\\\/\\\/www.organisator.ch\\\/wp-content\\\/uploads\\\/2022\\\/01\\\/Logo_Organisator_Website.png\",\"contentUrl\":\"https:\\\/\\\/www.organisator.ch\\\/wp-content\\\/uploads\\\/2022\\\/01\\\/Logo_Organisator_Website.png\",\"width\":800,\"height\":77,\"caption\":\"Organisator\"},\"image\":{\"@id\":\"https:\\\/\\\/www.organisator.ch\\\/#\\\/schema\\\/logo\\\/image\\\/\"},\"sameAs\":[\"https:\\\/\\\/www.facebook.com\\\/OrganisatorFachmagazin\",\"https:\\\/\\\/www.linkedin.com\\\/showcase\\\/organisator-das-magazin-fr-kmu\",\"https:\\\/\\\/www.xing.com\\\/news\\\/pages\\\/organisator-ch-695\",\"https:\\\/\\\/www.youtube.com\\\/channel\\\/UCGP2Sq0iWaZwT3BdIAQFYpw\"]},{\"@type\":\"Person\",\"@id\":\"https:\\\/\\\/www.organisator.ch\\\/#\\\/schema\\\/person\\\/4e51799071cd2dd1232ac003643ef5f0\",\"name\":\"galledia\",\"image\":{\"@type\":\"ImageObject\",\"inLanguage\":\"it-IT\",\"@id\":\"https:\\\/\\\/secure.gravatar.com\\\/avatar\\\/78a7f90c01fc2bfc875782a0d4922b37cde2cf184ce347b91316d23cd7f69a36?s=96&d=mm&r=g\",\"url\":\"https:\\\/\\\/secure.gravatar.com\\\/avatar\\\/78a7f90c01fc2bfc875782a0d4922b37cde2cf184ce347b91316d23cd7f69a36?s=96&d=mm&r=g\",\"contentUrl\":\"https:\\\/\\\/secure.gravatar.com\\\/avatar\\\/78a7f90c01fc2bfc875782a0d4922b37cde2cf184ce347b91316d23cd7f69a36?s=96&d=mm&r=g\",\"caption\":\"galledia\"},\"sameAs\":[\"https:\\\/\\\/x.com\\\/admin\"],\"url\":\"https:\\\/\\\/www.organisator.ch\\\/it\\\/author\\\/galledia\\\/\"}]}<\/script>\n<!-- \/ Yoast SEO plugin. -->","yoast_head_json":{"title":"Passaporti digitali dei prodotti: BloqSens si trasferisce nella nuova sede di Biel - Organizzatore","description":"BloqSens AG, specializzata in passaporti digitali di prodotto (DPP), si \u00e8 trasferita in una nuova sede a Biel\/Bienne.","robots":{"index":"index","follow":"follow","max-snippet":"max-snippet:-1","max-image-preview":"max-image-preview:large","max-video-preview":"max-video-preview:-1"},"canonical":"https:\/\/www.organisator.ch\/it\/eccellenza-operativa\/2025-04-23\/igitale-produktpaesse-bloqsens-bezieht-neue-raeumlichkeiten-in-biel\/","og_locale":"it_IT","og_type":"article","og_title":"Digitale Produktp\u00e4sse: BloqSens bezieht neue R\u00e4umlichkeiten in Biel - Organisator","og_description":"Die BloqSens AG, die sich auf digitale Produktp\u00e4sse (DPP) spezialisiert, hat neue R\u00e4umlichkeiten in Biel\/Bienne bezogen.","og_url":"https:\/\/www.organisator.ch\/it\/eccellenza-operativa\/2025-04-23\/igitale-produktpaesse-bloqsens-bezieht-neue-raeumlichkeiten-in-biel\/","og_site_name":"Organisator","article_publisher":"https:\/\/www.facebook.com\/OrganisatorFachmagazin","article_published_time":"2025-04-23T06:28:53+00:00","author":"galledia","twitter_card":"summary_large_image","twitter_creator":"@admin","schema":{"@context":"https:\/\/schema.org","@graph":[{"@type":"Article","@id":"https:\/\/www.organisator.ch\/operational-excellence\/2025-04-23\/igitale-produktpaesse-bloqsens-bezieht-neue-raeumlichkeiten-in-biel\/#article","isPartOf":{"@id":"https:\/\/www.organisator.ch\/operational-excellence\/2025-04-23\/igitale-produktpaesse-bloqsens-bezieht-neue-raeumlichkeiten-in-biel\/"},"author":{"name":"galledia","@id":"https:\/\/www.organisator.ch\/#\/schema\/person\/4e51799071cd2dd1232ac003643ef5f0"},"headline":"Digitale Produktp\u00e4sse: BloqSens bezieht neue R\u00e4umlichkeiten in Biel","datePublished":"2025-04-23T06:28:53+00:00","mainEntityOfPage":{"@id":"https:\/\/www.organisator.ch\/operational-excellence\/2025-04-23\/igitale-produktpaesse-bloqsens-bezieht-neue-raeumlichkeiten-in-biel\/"},"wordCount":362,"publisher":{"@id":"https:\/\/www.organisator.ch\/#organization"},"image":{"@id":"https:\/\/www.organisator.ch\/operational-excellence\/2025-04-23\/igitale-produktpaesse-bloqsens-bezieht-neue-raeumlichkeiten-in-biel\/#primaryimage"},"thumbnailUrl":"https:\/\/www.m-q.ch\/wp-content\/uploads\/2025\/04\/Digitale-Produktpaesse-BloqSens-zieht-in-Biel-ein_MQ.jpg","keywords":["Business Excellence","Digitaler Produktpass","Nachhaltige Wirtschaft","Unternehmen"],"articleSection":["OPERATIONAL EXCELLENCE"],"inLanguage":"it-IT"},{"@type":"WebPage","@id":"https:\/\/www.organisator.ch\/operational-excellence\/2025-04-23\/igitale-produktpaesse-bloqsens-bezieht-neue-raeumlichkeiten-in-biel\/","url":"https:\/\/www.organisator.ch\/operational-excellence\/2025-04-23\/igitale-produktpaesse-bloqsens-bezieht-neue-raeumlichkeiten-in-biel\/","name":"Passaporti digitali dei prodotti: BloqSens si trasferisce nella nuova sede di Biel - Organizzatore","isPartOf":{"@id":"https:\/\/www.organisator.ch\/#website"},"primaryImageOfPage":{"@id":"https:\/\/www.organisator.ch\/operational-excellence\/2025-04-23\/igitale-produktpaesse-bloqsens-bezieht-neue-raeumlichkeiten-in-biel\/#primaryimage"},"image":{"@id":"https:\/\/www.organisator.ch\/operational-excellence\/2025-04-23\/igitale-produktpaesse-bloqsens-bezieht-neue-raeumlichkeiten-in-biel\/#primaryimage"},"thumbnailUrl":"https:\/\/www.m-q.ch\/wp-content\/uploads\/2025\/04\/Digitale-Produktpaesse-BloqSens-zieht-in-Biel-ein_MQ.jpg","datePublished":"2025-04-23T06:28:53+00:00","description":"BloqSens AG, specializzata in passaporti digitali di prodotto (DPP), si \u00e8 trasferita in una nuova sede a Biel\/Bienne.","breadcrumb":{"@id":"https:\/\/www.organisator.ch\/operational-excellence\/2025-04-23\/igitale-produktpaesse-bloqsens-bezieht-neue-raeumlichkeiten-in-biel\/#breadcrumb"},"inLanguage":"it-IT","potentialAction":[{"@type":"ReadAction","target":["https:\/\/www.organisator.ch\/operational-excellence\/2025-04-23\/igitale-produktpaesse-bloqsens-bezieht-neue-raeumlichkeiten-in-biel\/"]}]},{"@type":"ImageObject","inLanguage":"it-IT","@id":"https:\/\/www.organisator.ch\/operational-excellence\/2025-04-23\/igitale-produktpaesse-bloqsens-bezieht-neue-raeumlichkeiten-in-biel\/#primaryimage","url":"https:\/\/www.m-q.ch\/wp-content\/uploads\/2025\/04\/Digitale-Produktpaesse-BloqSens-zieht-in-Biel-ein_MQ.jpg","contentUrl":"https:\/\/www.m-q.ch\/wp-content\/uploads\/2025\/04\/Digitale-Produktpaesse-BloqSens-zieht-in-Biel-ein_MQ.jpg"},{"@type":"BreadcrumbList","@id":"https:\/\/www.organisator.ch\/operational-excellence\/2025-04-23\/igitale-produktpaesse-bloqsens-bezieht-neue-raeumlichkeiten-in-biel\/#breadcrumb","itemListElement":[{"@type":"ListItem","position":1,"name":"Home","item":"https:\/\/www.organisator.ch\/"},{"@type":"ListItem","position":2,"name":"Digitale Produktp\u00e4sse: BloqSens bezieht neue R\u00e4umlichkeiten in Biel"}]},{"@type":"WebSite","@id":"https:\/\/www.organisator.ch\/#website","url":"https:\/\/www.organisator.ch\/","name":"Organizzatore","description":"Competente. Pratico. In 10 numeri all'anno, ORGANISATOR presenta i temi essenziali per i manager delle PMI.","publisher":{"@id":"https:\/\/www.organisator.ch\/#organization"},"potentialAction":[{"@type":"SearchAction","target":{"@type":"EntryPoint","urlTemplate":"https:\/\/www.organisator.ch\/?s={search_term_string}"},"query-input":{"@type":"PropertyValueSpecification","valueRequired":true,"valueName":"search_term_string"}}],"inLanguage":"it-IT"},{"@type":"Organization","@id":"https:\/\/www.organisator.ch\/#organization","name":"Organizzatore","url":"https:\/\/www.organisator.ch\/","logo":{"@type":"ImageObject","inLanguage":"it-IT","@id":"https:\/\/www.organisator.ch\/#\/schema\/logo\/image\/","url":"https:\/\/www.organisator.ch\/wp-content\/uploads\/2022\/01\/Logo_Organisator_Website.png","contentUrl":"https:\/\/www.organisator.ch\/wp-content\/uploads\/2022\/01\/Logo_Organisator_Website.png","width":800,"height":77,"caption":"Organisator"},"image":{"@id":"https:\/\/www.organisator.ch\/#\/schema\/logo\/image\/"},"sameAs":["https:\/\/www.facebook.com\/OrganisatorFachmagazin","https:\/\/www.linkedin.com\/showcase\/organisator-das-magazin-fr-kmu","https:\/\/www.xing.com\/news\/pages\/organisator-ch-695","https:\/\/www.youtube.com\/channel\/UCGP2Sq0iWaZwT3BdIAQFYpw"]},{"@type":"Person","@id":"https:\/\/www.organisator.ch\/#\/schema\/person\/4e51799071cd2dd1232ac003643ef5f0","name":"galledia","image":{"@type":"ImageObject","inLanguage":"it-IT","@id":"https:\/\/secure.gravatar.com\/avatar\/78a7f90c01fc2bfc875782a0d4922b37cde2cf184ce347b91316d23cd7f69a36?s=96&d=mm&r=g","url":"https:\/\/secure.gravatar.com\/avatar\/78a7f90c01fc2bfc875782a0d4922b37cde2cf184ce347b91316d23cd7f69a36?s=96&d=mm&r=g","contentUrl":"https:\/\/secure.gravatar.com\/avatar\/78a7f90c01fc2bfc875782a0d4922b37cde2cf184ce347b91316d23cd7f69a36?s=96&d=mm&r=g","caption":"galledia"},"sameAs":["https:\/\/x.com\/admin"],"url":"https:\/\/www.organisator.ch\/it\/author\/galledia\/"}]}},"_links":{"self":[{"href":"https:\/\/www.organisator.ch\/it\/wp-json\/wp\/v2\/posts\/37888","targetHints":{"allow":["GET"]}}],"collection":[{"href":"https:\/\/www.organisator.ch\/it\/wp-json\/wp\/v2\/posts"}],"about":[{"href":"https:\/\/www.organisator.ch\/it\/wp-json\/wp\/v2\/types\/post"}],"author":[{"embeddable":true,"href":"https:\/\/www.organisator.ch\/it\/wp-json\/wp\/v2\/users\/8"}],"replies":[{"embeddable":true,"href":"https:\/\/www.organisator.ch\/it\/wp-json\/wp\/v2\/comments?post=37888"}],"version-history":[{"count":6,"href":"https:\/\/www.organisator.ch\/it\/wp-json\/wp\/v2\/posts\/37888\/revisions"}],"predecessor-version":[{"id":37927,"href":"https:\/\/www.organisator.ch\/it\/wp-json\/wp\/v2\/posts\/37888\/revisions\/37927"}],"wp:attachment":[{"href":"https:\/\/www.organisator.ch\/it\/wp-json\/wp\/v2\/media?parent=37888"}],"wp:term":[{"taxonomy":"category","embeddable":true,"href":"https:\/\/www.organisator.ch\/it\/wp-json\/wp\/v2\/categories?post=37888"},{"taxonomy":"post_tag","embeddable":true,"href":"https:\/\/www.organisator.ch\/it\/wp-json\/wp\/v2\/tags?post=37888"}],"curies":[{"name":"wp","href":"https:\/\/api.w.org\/{rel}","templated":true}]}}