{"id":37900,"date":"2025-04-23T08:34:03","date_gmt":"2025-04-23T06:34:03","guid":{"rendered":"https:\/\/www.organisator.ch\/?p=37900"},"modified":"2025-04-25T11:55:59","modified_gmt":"2025-04-25T09:55:59","slug":"green-feiert-das-30-jaehrige-jubilaeum","status":"publish","type":"post","link":"https:\/\/www.organisator.ch\/it\/management\/2025-04-23\/green-feiert-das-30-jaehrige-jubilaeum\/","title":{"rendered":"Green festeggia il suo 30\u00b0 anniversario"},"content":{"rendered":"<figure id=\"attachment_37901\" aria-describedby=\"caption-attachment-37901\" style=\"width: 680px\" class=\"wp-caption alignnone\"><img loading=\"lazy\" decoding=\"async\" class=\"size-full wp-image-37901\" src=\"https:\/\/www.organisator.ch\/wp-content\/uploads\/2025\/04\/Green-feiert-das-30-jaehrige-Jubilaeum_Organisator.jpg\" alt=\"\" width=\"680\" height=\"454\" srcset=\"https:\/\/www.organisator.ch\/wp-content\/uploads\/2025\/04\/Green-feiert-das-30-jaehrige-Jubilaeum_Organisator.jpg 680w, https:\/\/www.organisator.ch\/wp-content\/uploads\/2025\/04\/Green-feiert-das-30-jaehrige-Jubilaeum_Organisator-18x12.jpg 18w, https:\/\/www.organisator.ch\/wp-content\/uploads\/2025\/04\/Green-feiert-das-30-jaehrige-Jubilaeum_Organisator-375x250.jpg 375w, https:\/\/www.organisator.ch\/wp-content\/uploads\/2025\/04\/Green-feiert-das-30-jaehrige-Jubilaeum_Organisator-524x350.jpg 524w\" sizes=\"auto, (max-width: 680px) 100vw, 680px\" \/><figcaption id=\"caption-attachment-37901\" class=\"wp-caption-text\">Uno dei sei centri dati di Green \u00e8 quello di Zurigo City. (Immagine: Green.ch)<\/figcaption><\/figure>\n<p>Quest'anno Green festeggia il suo 30\u00b0 anniversario e uno sviluppo impressionante: il provider Internet \u00e8 diventato, fin dall'inizio, un fornitore a livello nazionale di servizi Internet a banda larga e di hosting per clienti privati e aziendali. <a href=\"https:\/\/www.organisator.ch\/de\/allgemein\/2016-10-18\/green-bringt-kmu-ins-rechenzentrum\/\">Azienda<\/a> \u00e8 diventata. Con le sue quattro sedi, l'azienda \u00e8 oggi uno dei principali fornitori di centri dati in Svizzera e svolge un ruolo centrale nell'infrastruttura digitale del Paese.<\/p>\n<h3><strong>Tre decenni di innovazione e crescita<\/strong><\/h3>\n<p>Sin dalla sua fondazione, Green ha riconosciuto tempestivamente le nuove tecnologie e le ha costantemente tradotte in soluzioni per un futuro digitale sicuro e in rete. L'attivit\u00e0 di Internet e hosting \u00e8 stata costantemente ampliata attraverso una crescita organica e acquisizioni mirate.<\/p>\n<p>La storia di green.ch inizia nel 1995, quando l'Associazione svizzera dei contadini inizi\u00f2 a offrire il primo accesso a Internet (a tariffe locali) con agri.ch. Nel 1998, agri.ch \u00e8 diventata una societ\u00e0 per azioni indipendente ed \u00e8 stata rinominata green.ch nel 2001 in seguito a un cambio di propriet\u00e0. Nel 2008, l'azienda \u00e8 stata rilevata da Solution 25 AG, con sede nella Svizzera centrale, si \u00e8 fusa con la sua filiale TIC the Internet Company e ha continuato a operare con il nome green.ch. Nel 2002, green.ch \u00e8 entrata nel settore dei centri dati, che dal 2010 gestisce con il nome di Green Datacenter AG. Nel 2016, Green entra a far parte a pieno titolo del gruppo lussemburghese di telecomunicazioni Altice, che ne era gi\u00e0 azionista dal 2008. Successivamente, nel febbraio 2018, Green \u00e8 stata acquisita da InfraVia Capital Partners, una societ\u00e0 di investimento specializzata nel settore delle infrastrutture europee. Dal 2021, green.ch AG e Green Datacenter AG operano insieme con il nuovo marchio Green.<\/p>\n<h3>Ulteriori tappe strategiche<\/h3>\n<p>Green ha triplicato la sua capacit\u00e0 di data center tra il 2019 e il 2024. Con l'apertura del primo data center ad alte prestazioni per cloud provider (hyperscaler) in Svizzera nel 2019 e la successiva pianificazione di un nuovo campus a Dielsdorf, l'azienda ha ampliato la sua posizione di leader. Il Metro Campus di Zurigo \u00e8 un grande progetto con tre data center ad alte prestazioni ed edifici per uffici. Il primo centro dati \u00e8 stato messo in funzione all'inizio del 2023, mentre l'inizio della costruzione di altri due centri dati nel campus \u00e8 stato annunciato nell'autunno del 2023.<\/p>\n<p>La partnership recentemente annunciata con Salt ha segnato una pietra miliare, grazie alla quale Green dispone ora di una copertura di rete in fibra ottica unica nel suo genere. L'azienda offre accesso alle reti di Swisscom, Salt e di oltre 80 provider locali. \"Abbiamo creato un'offerta orientata al cliente e al mercato che si concentra sulla qualit\u00e0 del servizio e sulla soddisfazione del cliente\", afferma il CEO Roger S\u00fcess. All'insegna del motto \"30 anni felici con Green\", l'azienda ringrazia i clienti nuovi ed esistenti con promozioni e concorsi.<\/p>\n<h3><strong>I data center come base del futuro digitale<\/strong><\/h3>\n<p>Il potenziale dei data center \u00e8 stato riconosciuto fin dall'inizio: I primi spazi per i data center sono stati allestiti gi\u00e0 nel 2002. Oggi l'azienda gestisce sei data center ad alte prestazioni ed \u00e8 l'unico fornitore in Svizzera con il marchio di qualit\u00e0 M&amp;O riconosciuto a livello internazionale dall'Uptime Institute, lo standard principale per il funzionamento e la gestione dei data center mission-critical. \"I data center sono la spina dorsale della digitalizzazione: per le aziende, l'economia e la societ\u00e0\", afferma Franz Gr\u00fcter, Presidente del Consiglio di Amministrazione di Green. L'espansione continua: attualmente sono in costruzione due nuovi data center a Dielsdorf e un altro a Lupfig. \"Stiamo creando l'infrastruttura su cui la Svizzera digitale pu\u00f2 crescere\", spiega Roger S\u00fcess, aggiungendo: \"La digitalizzazione \u00e8 qui per restare, e richiede un'infrastruttura efficiente, sostenibile e sicura\".<\/p>\n<p><em><a href=\"http:\/\/www.green.ch\">Fonte e ulteriori informazioni<\/a><\/p>\n<p><\/em><\/p>\n<p><em>(L'articolo \u00e8 stato aggiornato il 25 aprile 2025)<\/em><\/p>","protected":false},"excerpt":{"rendered":"<p>Green guarda indietro a tre decenni di storia dell'azienda e guarda al futuro: con forti partnership, nuove infrastrutture e una crescente domanda internazionale.<\/p>","protected":false},"author":4,"featured_media":37901,"comment_status":"closed","ping_status":"closed","sticky":false,"template":"","format":"standard","meta":{"_acf_changed":false,"_yoast_wpseo_focuskw":"Green","_yoast_wpseo_metadesc":"Green blickt auf drei Jahrzehnte Firmengeschichte zur\u00fcck \u2013 und richtet den Blick nach vorn, u.a. mit wachsender internationaler Nachfrage.","articlekey":"","footnotes":""},"categories":[28],"tags":[156,206,2660,492],"class_list":["post-37900","post","type-post","status-publish","format-standard","has-post-thumbnail","hentry","category-management","tag-digitalisierung","tag-firmenjubilaeum","tag-rechenzentren","tag-unternehmen"],"acf":[],"yoast_head":"<!-- This site is optimized with the Yoast SEO plugin v27.5 - https:\/\/yoast.com\/product\/yoast-seo-wordpress\/ -->\n<title>Green feiert das 30-j\u00e4hrige Jubil\u00e4um - Organisator<\/title>\n<meta name=\"description\" content=\"Green blickt auf drei Jahrzehnte Firmengeschichte zur\u00fcck \u2013 und richtet den Blick nach vorn, u.a. mit wachsender internationaler Nachfrage.\" \/>\n<meta name=\"robots\" content=\"index, follow, max-snippet:-1, max-image-preview:large, max-video-preview:-1\" \/>\n<link rel=\"canonical\" href=\"https:\/\/www.organisator.ch\/it\/gestione-2\/2025-04-23\/green-feiert-das-30-jaehrige-jubilaeum\/\" \/>\n<meta property=\"og:locale\" content=\"it_IT\" \/>\n<meta property=\"og:type\" content=\"article\" \/>\n<meta property=\"og:title\" content=\"Green feiert das 30-j\u00e4hrige Jubil\u00e4um\" \/>\n<meta property=\"og:description\" content=\"Green blickt auf drei Jahrzehnte Firmengeschichte zur\u00fcck \u2013 und richtet den Blick nach vorn, u.a. mit wachsender internationaler Nachfrage.\" \/>\n<meta property=\"og:url\" content=\"https:\/\/www.organisator.ch\/it\/gestione-2\/2025-04-23\/green-feiert-das-30-jaehrige-jubilaeum\/\" \/>\n<meta property=\"og:site_name\" content=\"Organisator\" \/>\n<meta property=\"article:publisher\" content=\"https:\/\/www.facebook.com\/OrganisatorFachmagazin\" \/>\n<meta property=\"article:published_time\" content=\"2025-04-23T06:34:03+00:00\" \/>\n<meta property=\"article:modified_time\" content=\"2025-04-25T09:55:59+00:00\" \/>\n<meta property=\"og:image\" content=\"https:\/\/www.organisator.ch\/wp-content\/uploads\/2025\/04\/Green-feiert-das-30-jaehrige-Jubilaeum_Organisator.jpg\" \/>\n\t<meta property=\"og:image:width\" content=\"680\" \/>\n\t<meta property=\"og:image:height\" content=\"454\" \/>\n\t<meta property=\"og:image:type\" content=\"image\/jpeg\" \/>\n<meta name=\"author\" content=\"thomas.berner\" \/>\n<meta name=\"twitter:card\" content=\"summary_large_image\" \/>\n<meta name=\"twitter:title\" content=\"#Green feiert das #30-j\u00e4hrige Jubil\u00e4um\" \/>\n<meta name=\"twitter:description\" content=\"#Green blickt auf drei Jahrzehnte Firmengeschichte zur\u00fcck \u2013 und richtet den Blick nach vorn, u.a. mit wachsender internationaler Nachfrage.\" \/>\n<meta name=\"twitter:image\" content=\"https:\/\/www.organisator.ch\/wp-content\/uploads\/2025\/04\/Green-feiert-das-30-jaehrige-Jubilaeum_Organisator.jpg\" \/>\n<script type=\"application\/ld+json\" class=\"yoast-schema-graph\">{\"@context\":\"https:\\\/\\\/schema.org\",\"@graph\":[{\"@type\":\"Article\",\"@id\":\"https:\\\/\\\/www.organisator.ch\\\/management\\\/2025-04-23\\\/green-feiert-das-30-jaehrige-jubilaeum\\\/#article\",\"isPartOf\":{\"@id\":\"https:\\\/\\\/www.organisator.ch\\\/management\\\/2025-04-23\\\/green-feiert-das-30-jaehrige-jubilaeum\\\/\"},\"author\":{\"name\":\"thomas.berner\",\"@id\":\"https:\\\/\\\/www.organisator.ch\\\/#\\\/schema\\\/person\\\/6f650f90b2842cd4c0cc334b4e36f67e\"},\"headline\":\"Green feiert das 30-j\u00e4hrige Jubil\u00e4um\",\"datePublished\":\"2025-04-23T06:34:03+00:00\",\"dateModified\":\"2025-04-25T09:55:59+00:00\",\"mainEntityOfPage\":{\"@id\":\"https:\\\/\\\/www.organisator.ch\\\/management\\\/2025-04-23\\\/green-feiert-das-30-jaehrige-jubilaeum\\\/\"},\"wordCount\":566,\"publisher\":{\"@id\":\"https:\\\/\\\/www.organisator.ch\\\/#organization\"},\"image\":{\"@id\":\"https:\\\/\\\/www.organisator.ch\\\/management\\\/2025-04-23\\\/green-feiert-das-30-jaehrige-jubilaeum\\\/#primaryimage\"},\"thumbnailUrl\":\"https:\\\/\\\/www.organisator.ch\\\/wp-content\\\/uploads\\\/2025\\\/04\\\/Green-feiert-das-30-jaehrige-Jubilaeum_Organisator.jpg\",\"keywords\":[\"Digitalisierung\",\"Firmenjubil\u00e4um\",\"Rechenzentren\",\"Unternehmen\"],\"articleSection\":[\"MANAGEMENT\"],\"inLanguage\":\"it-IT\"},{\"@type\":\"WebPage\",\"@id\":\"https:\\\/\\\/www.organisator.ch\\\/management\\\/2025-04-23\\\/green-feiert-das-30-jaehrige-jubilaeum\\\/\",\"url\":\"https:\\\/\\\/www.organisator.ch\\\/management\\\/2025-04-23\\\/green-feiert-das-30-jaehrige-jubilaeum\\\/\",\"name\":\"Green feiert das 30-j\u00e4hrige Jubil\u00e4um - Organisator\",\"isPartOf\":{\"@id\":\"https:\\\/\\\/www.organisator.ch\\\/#website\"},\"primaryImageOfPage\":{\"@id\":\"https:\\\/\\\/www.organisator.ch\\\/management\\\/2025-04-23\\\/green-feiert-das-30-jaehrige-jubilaeum\\\/#primaryimage\"},\"image\":{\"@id\":\"https:\\\/\\\/www.organisator.ch\\\/management\\\/2025-04-23\\\/green-feiert-das-30-jaehrige-jubilaeum\\\/#primaryimage\"},\"thumbnailUrl\":\"https:\\\/\\\/www.organisator.ch\\\/wp-content\\\/uploads\\\/2025\\\/04\\\/Green-feiert-das-30-jaehrige-Jubilaeum_Organisator.jpg\",\"datePublished\":\"2025-04-23T06:34:03+00:00\",\"dateModified\":\"2025-04-25T09:55:59+00:00\",\"description\":\"Green blickt auf drei Jahrzehnte Firmengeschichte zur\u00fcck \u2013 und richtet den Blick nach vorn, u.a. mit wachsender internationaler Nachfrage.\",\"breadcrumb\":{\"@id\":\"https:\\\/\\\/www.organisator.ch\\\/management\\\/2025-04-23\\\/green-feiert-das-30-jaehrige-jubilaeum\\\/#breadcrumb\"},\"inLanguage\":\"it-IT\",\"potentialAction\":[{\"@type\":\"ReadAction\",\"target\":[\"https:\\\/\\\/www.organisator.ch\\\/management\\\/2025-04-23\\\/green-feiert-das-30-jaehrige-jubilaeum\\\/\"]}]},{\"@type\":\"ImageObject\",\"inLanguage\":\"it-IT\",\"@id\":\"https:\\\/\\\/www.organisator.ch\\\/management\\\/2025-04-23\\\/green-feiert-das-30-jaehrige-jubilaeum\\\/#primaryimage\",\"url\":\"https:\\\/\\\/www.organisator.ch\\\/wp-content\\\/uploads\\\/2025\\\/04\\\/Green-feiert-das-30-jaehrige-Jubilaeum_Organisator.jpg\",\"contentUrl\":\"https:\\\/\\\/www.organisator.ch\\\/wp-content\\\/uploads\\\/2025\\\/04\\\/Green-feiert-das-30-jaehrige-Jubilaeum_Organisator.jpg\",\"width\":680,\"height\":454,\"caption\":\"Eines von sechs Datencentern von Green ist jenes in Z\u00fcrich City. (Bild: Green.ch)\"},{\"@type\":\"BreadcrumbList\",\"@id\":\"https:\\\/\\\/www.organisator.ch\\\/management\\\/2025-04-23\\\/green-feiert-das-30-jaehrige-jubilaeum\\\/#breadcrumb\",\"itemListElement\":[{\"@type\":\"ListItem\",\"position\":1,\"name\":\"Home\",\"item\":\"https:\\\/\\\/www.organisator.ch\\\/\"},{\"@type\":\"ListItem\",\"position\":2,\"name\":\"Green feiert das 30-j\u00e4hrige Jubil\u00e4um\"}]},{\"@type\":\"WebSite\",\"@id\":\"https:\\\/\\\/www.organisator.ch\\\/#website\",\"url\":\"https:\\\/\\\/www.organisator.ch\\\/\",\"name\":\"Organisator\",\"description\":\"Kompetent. Praxisnah. Der ORGANISATOR bereitet in 10 Ausgaben pro Jahr die wesentlichen Themen f\u00fcr F\u00fchrungskr\u00e4fte von KMU auf.\",\"publisher\":{\"@id\":\"https:\\\/\\\/www.organisator.ch\\\/#organization\"},\"potentialAction\":[{\"@type\":\"SearchAction\",\"target\":{\"@type\":\"EntryPoint\",\"urlTemplate\":\"https:\\\/\\\/www.organisator.ch\\\/?s={search_term_string}\"},\"query-input\":{\"@type\":\"PropertyValueSpecification\",\"valueRequired\":true,\"valueName\":\"search_term_string\"}}],\"inLanguage\":\"it-IT\"},{\"@type\":\"Organization\",\"@id\":\"https:\\\/\\\/www.organisator.ch\\\/#organization\",\"name\":\"Organisator\",\"url\":\"https:\\\/\\\/www.organisator.ch\\\/\",\"logo\":{\"@type\":\"ImageObject\",\"inLanguage\":\"it-IT\",\"@id\":\"https:\\\/\\\/www.organisator.ch\\\/#\\\/schema\\\/logo\\\/image\\\/\",\"url\":\"https:\\\/\\\/www.organisator.ch\\\/wp-content\\\/uploads\\\/2022\\\/01\\\/Logo_Organisator_Website.png\",\"contentUrl\":\"https:\\\/\\\/www.organisator.ch\\\/wp-content\\\/uploads\\\/2022\\\/01\\\/Logo_Organisator_Website.png\",\"width\":800,\"height\":77,\"caption\":\"Organisator\"},\"image\":{\"@id\":\"https:\\\/\\\/www.organisator.ch\\\/#\\\/schema\\\/logo\\\/image\\\/\"},\"sameAs\":[\"https:\\\/\\\/www.facebook.com\\\/OrganisatorFachmagazin\",\"https:\\\/\\\/www.linkedin.com\\\/showcase\\\/organisator-das-magazin-fr-kmu\",\"https:\\\/\\\/www.xing.com\\\/news\\\/pages\\\/organisator-ch-695\",\"https:\\\/\\\/www.youtube.com\\\/channel\\\/UCGP2Sq0iWaZwT3BdIAQFYpw\"]},{\"@type\":\"Person\",\"@id\":\"https:\\\/\\\/www.organisator.ch\\\/#\\\/schema\\\/person\\\/6f650f90b2842cd4c0cc334b4e36f67e\",\"name\":\"thomas.berner\",\"image\":{\"@type\":\"ImageObject\",\"inLanguage\":\"it-IT\",\"@id\":\"https:\\\/\\\/secure.gravatar.com\\\/avatar\\\/ac5001d2a36cb6c6cd3e50789007ffca834b477b74a2144564522e944eabff61?s=96&d=mm&r=g\",\"url\":\"https:\\\/\\\/secure.gravatar.com\\\/avatar\\\/ac5001d2a36cb6c6cd3e50789007ffca834b477b74a2144564522e944eabff61?s=96&d=mm&r=g\",\"contentUrl\":\"https:\\\/\\\/secure.gravatar.com\\\/avatar\\\/ac5001d2a36cb6c6cd3e50789007ffca834b477b74a2144564522e944eabff61?s=96&d=mm&r=g\",\"caption\":\"thomas.berner\"},\"url\":\"https:\\\/\\\/www.organisator.ch\\\/it\\\/author\\\/thomas-berner\\\/\"}]}<\/script>\n<!-- \/ Yoast SEO plugin. -->","yoast_head_json":{"title":"Green festeggia il suo 30\u00b0 anniversario - Organizzatore","description":"Green ripercorre tre decenni di storia dell'azienda e guarda al futuro, anche alla crescente domanda internazionale.","robots":{"index":"index","follow":"follow","max-snippet":"max-snippet:-1","max-image-preview":"max-image-preview:large","max-video-preview":"max-video-preview:-1"},"canonical":"https:\/\/www.organisator.ch\/it\/gestione-2\/2025-04-23\/green-feiert-das-30-jaehrige-jubilaeum\/","og_locale":"it_IT","og_type":"article","og_title":"Green feiert das 30-j\u00e4hrige Jubil\u00e4um","og_description":"Green blickt auf drei Jahrzehnte Firmengeschichte zur\u00fcck \u2013 und richtet den Blick nach vorn, u.a. mit wachsender internationaler Nachfrage.","og_url":"https:\/\/www.organisator.ch\/it\/gestione-2\/2025-04-23\/green-feiert-das-30-jaehrige-jubilaeum\/","og_site_name":"Organisator","article_publisher":"https:\/\/www.facebook.com\/OrganisatorFachmagazin","article_published_time":"2025-04-23T06:34:03+00:00","article_modified_time":"2025-04-25T09:55:59+00:00","og_image":[{"width":680,"height":454,"url":"https:\/\/www.organisator.ch\/wp-content\/uploads\/2025\/04\/Green-feiert-das-30-jaehrige-Jubilaeum_Organisator.jpg","type":"image\/jpeg"}],"author":"thomas.berner","twitter_card":"summary_large_image","twitter_title":"#Green feiert das #30-j\u00e4hrige Jubil\u00e4um","twitter_description":"#Green blickt auf drei Jahrzehnte Firmengeschichte zur\u00fcck \u2013 und richtet den Blick nach vorn, u.a. mit wachsender internationaler Nachfrage.","twitter_image":"https:\/\/www.organisator.ch\/wp-content\/uploads\/2025\/04\/Green-feiert-das-30-jaehrige-Jubilaeum_Organisator.jpg","schema":{"@context":"https:\/\/schema.org","@graph":[{"@type":"Article","@id":"https:\/\/www.organisator.ch\/management\/2025-04-23\/green-feiert-das-30-jaehrige-jubilaeum\/#article","isPartOf":{"@id":"https:\/\/www.organisator.ch\/management\/2025-04-23\/green-feiert-das-30-jaehrige-jubilaeum\/"},"author":{"name":"thomas.berner","@id":"https:\/\/www.organisator.ch\/#\/schema\/person\/6f650f90b2842cd4c0cc334b4e36f67e"},"headline":"Green feiert das 30-j\u00e4hrige Jubil\u00e4um","datePublished":"2025-04-23T06:34:03+00:00","dateModified":"2025-04-25T09:55:59+00:00","mainEntityOfPage":{"@id":"https:\/\/www.organisator.ch\/management\/2025-04-23\/green-feiert-das-30-jaehrige-jubilaeum\/"},"wordCount":566,"publisher":{"@id":"https:\/\/www.organisator.ch\/#organization"},"image":{"@id":"https:\/\/www.organisator.ch\/management\/2025-04-23\/green-feiert-das-30-jaehrige-jubilaeum\/#primaryimage"},"thumbnailUrl":"https:\/\/www.organisator.ch\/wp-content\/uploads\/2025\/04\/Green-feiert-das-30-jaehrige-Jubilaeum_Organisator.jpg","keywords":["Digitalisierung","Firmenjubil\u00e4um","Rechenzentren","Unternehmen"],"articleSection":["MANAGEMENT"],"inLanguage":"it-IT"},{"@type":"WebPage","@id":"https:\/\/www.organisator.ch\/management\/2025-04-23\/green-feiert-das-30-jaehrige-jubilaeum\/","url":"https:\/\/www.organisator.ch\/management\/2025-04-23\/green-feiert-das-30-jaehrige-jubilaeum\/","name":"Green festeggia il suo 30\u00b0 anniversario - Organizzatore","isPartOf":{"@id":"https:\/\/www.organisator.ch\/#website"},"primaryImageOfPage":{"@id":"https:\/\/www.organisator.ch\/management\/2025-04-23\/green-feiert-das-30-jaehrige-jubilaeum\/#primaryimage"},"image":{"@id":"https:\/\/www.organisator.ch\/management\/2025-04-23\/green-feiert-das-30-jaehrige-jubilaeum\/#primaryimage"},"thumbnailUrl":"https:\/\/www.organisator.ch\/wp-content\/uploads\/2025\/04\/Green-feiert-das-30-jaehrige-Jubilaeum_Organisator.jpg","datePublished":"2025-04-23T06:34:03+00:00","dateModified":"2025-04-25T09:55:59+00:00","description":"Green ripercorre tre decenni di storia dell'azienda e guarda al futuro, anche alla crescente domanda internazionale.","breadcrumb":{"@id":"https:\/\/www.organisator.ch\/management\/2025-04-23\/green-feiert-das-30-jaehrige-jubilaeum\/#breadcrumb"},"inLanguage":"it-IT","potentialAction":[{"@type":"ReadAction","target":["https:\/\/www.organisator.ch\/management\/2025-04-23\/green-feiert-das-30-jaehrige-jubilaeum\/"]}]},{"@type":"ImageObject","inLanguage":"it-IT","@id":"https:\/\/www.organisator.ch\/management\/2025-04-23\/green-feiert-das-30-jaehrige-jubilaeum\/#primaryimage","url":"https:\/\/www.organisator.ch\/wp-content\/uploads\/2025\/04\/Green-feiert-das-30-jaehrige-Jubilaeum_Organisator.jpg","contentUrl":"https:\/\/www.organisator.ch\/wp-content\/uploads\/2025\/04\/Green-feiert-das-30-jaehrige-Jubilaeum_Organisator.jpg","width":680,"height":454,"caption":"Eines von sechs Datencentern von Green ist jenes in Z\u00fcrich City. (Bild: Green.ch)"},{"@type":"BreadcrumbList","@id":"https:\/\/www.organisator.ch\/management\/2025-04-23\/green-feiert-das-30-jaehrige-jubilaeum\/#breadcrumb","itemListElement":[{"@type":"ListItem","position":1,"name":"Home","item":"https:\/\/www.organisator.ch\/"},{"@type":"ListItem","position":2,"name":"Green feiert das 30-j\u00e4hrige Jubil\u00e4um"}]},{"@type":"WebSite","@id":"https:\/\/www.organisator.ch\/#website","url":"https:\/\/www.organisator.ch\/","name":"Organizzatore","description":"Competente. Pratico. In 10 numeri all'anno, ORGANISATOR presenta i temi essenziali per i manager delle PMI.","publisher":{"@id":"https:\/\/www.organisator.ch\/#organization"},"potentialAction":[{"@type":"SearchAction","target":{"@type":"EntryPoint","urlTemplate":"https:\/\/www.organisator.ch\/?s={search_term_string}"},"query-input":{"@type":"PropertyValueSpecification","valueRequired":true,"valueName":"search_term_string"}}],"inLanguage":"it-IT"},{"@type":"Organization","@id":"https:\/\/www.organisator.ch\/#organization","name":"Organizzatore","url":"https:\/\/www.organisator.ch\/","logo":{"@type":"ImageObject","inLanguage":"it-IT","@id":"https:\/\/www.organisator.ch\/#\/schema\/logo\/image\/","url":"https:\/\/www.organisator.ch\/wp-content\/uploads\/2022\/01\/Logo_Organisator_Website.png","contentUrl":"https:\/\/www.organisator.ch\/wp-content\/uploads\/2022\/01\/Logo_Organisator_Website.png","width":800,"height":77,"caption":"Organisator"},"image":{"@id":"https:\/\/www.organisator.ch\/#\/schema\/logo\/image\/"},"sameAs":["https:\/\/www.facebook.com\/OrganisatorFachmagazin","https:\/\/www.linkedin.com\/showcase\/organisator-das-magazin-fr-kmu","https:\/\/www.xing.com\/news\/pages\/organisator-ch-695","https:\/\/www.youtube.com\/channel\/UCGP2Sq0iWaZwT3BdIAQFYpw"]},{"@type":"Person","@id":"https:\/\/www.organisator.ch\/#\/schema\/person\/6f650f90b2842cd4c0cc334b4e36f67e","name":"Tommaso.berner","image":{"@type":"ImageObject","inLanguage":"it-IT","@id":"https:\/\/secure.gravatar.com\/avatar\/ac5001d2a36cb6c6cd3e50789007ffca834b477b74a2144564522e944eabff61?s=96&d=mm&r=g","url":"https:\/\/secure.gravatar.com\/avatar\/ac5001d2a36cb6c6cd3e50789007ffca834b477b74a2144564522e944eabff61?s=96&d=mm&r=g","contentUrl":"https:\/\/secure.gravatar.com\/avatar\/ac5001d2a36cb6c6cd3e50789007ffca834b477b74a2144564522e944eabff61?s=96&d=mm&r=g","caption":"thomas.berner"},"url":"https:\/\/www.organisator.ch\/it\/author\/thomas-berner\/"}]}},"_links":{"self":[{"href":"https:\/\/www.organisator.ch\/it\/wp-json\/wp\/v2\/posts\/37900","targetHints":{"allow":["GET"]}}],"collection":[{"href":"https:\/\/www.organisator.ch\/it\/wp-json\/wp\/v2\/posts"}],"about":[{"href":"https:\/\/www.organisator.ch\/it\/wp-json\/wp\/v2\/types\/post"}],"author":[{"embeddable":true,"href":"https:\/\/www.organisator.ch\/it\/wp-json\/wp\/v2\/users\/4"}],"replies":[{"embeddable":true,"href":"https:\/\/www.organisator.ch\/it\/wp-json\/wp\/v2\/comments?post=37900"}],"version-history":[{"count":6,"href":"https:\/\/www.organisator.ch\/it\/wp-json\/wp\/v2\/posts\/37900\/revisions"}],"predecessor-version":[{"id":37982,"href":"https:\/\/www.organisator.ch\/it\/wp-json\/wp\/v2\/posts\/37900\/revisions\/37982"}],"wp:featuredmedia":[{"embeddable":true,"href":"https:\/\/www.organisator.ch\/it\/wp-json\/wp\/v2\/media\/37901"}],"wp:attachment":[{"href":"https:\/\/www.organisator.ch\/it\/wp-json\/wp\/v2\/media?parent=37900"}],"wp:term":[{"taxonomy":"category","embeddable":true,"href":"https:\/\/www.organisator.ch\/it\/wp-json\/wp\/v2\/categories?post=37900"},{"taxonomy":"post_tag","embeddable":true,"href":"https:\/\/www.organisator.ch\/it\/wp-json\/wp\/v2\/tags?post=37900"}],"curies":[{"name":"wp","href":"https:\/\/api.w.org\/{rel}","templated":true}]}}