{"id":37905,"date":"2025-04-23T11:10:09","date_gmt":"2025-04-23T09:10:09","guid":{"rendered":"https:\/\/www.m-q.ch\/?p=21397"},"modified":"2025-04-23T15:06:27","modified_gmt":"2025-04-23T13:06:27","slug":"swiss-cyber-security-days-2026-geben-motto-bekannt","status":"publish","type":"post","link":"https:\/\/www.organisator.ch\/it\/operational-excellence\/2025-04-23\/swiss-cyber-security-days-2026-geben-motto-bekannt\/","title":{"rendered":"Le Giornate svizzere della sicurezza informatica 2026 annunciano il loro motto"},"content":{"rendered":"<figure id=\"attachment_21398\" class=\"wp-caption alignnone\" style=\"width: 680px;\" aria-describedby=\"caption-attachment-21398\"><img class=\"size-full wp-image-21398\" src=\"https:\/\/www.m-q.ch\/wp-content\/uploads\/2025\/04\/Swiss-Cyber-Security-Days-2026-geben-Motto-bekannt_MQ.jpg\" sizes=\"(max-width: 680px) 100vw, 680px\" srcset=\"https:\/\/www.m-q.ch\/wp-content\/uploads\/2025\/04\/Swiss-Cyber-Security-Days-2026-geben-Motto-bekannt_MQ.jpg 680w, https:\/\/www.m-q.ch\/wp-content\/uploads\/2025\/04\/Swiss-Cyber-Security-Days-2026-geben-Motto-bekannt_MQ-18x12.jpg 18w, https:\/\/www.m-q.ch\/wp-content\/uploads\/2025\/04\/Swiss-Cyber-Security-Days-2026-geben-Motto-bekannt_MQ-375x246.jpg 375w, https:\/\/www.m-q.ch\/wp-content\/uploads\/2025\/04\/Swiss-Cyber-Security-Days-2026-geben-Motto-bekannt_MQ-534x350.jpg 534w\" alt=\"\" width=\"680\" height=\"446\" \/>\r\n<figcaption id=\"caption-attachment-21398\" class=\"wp-caption-text\">Gli Swiss Cyber Security Days 2026 si concentreranno sul tema della \"Sovranit\u00e0 digitale\". (Immagine: SCSD 2025)<\/figcaption>\r\n<\/figure>\r\n<p>Dopo aver completato con successo il <a href=\"https:\/\/www.m-q.ch\/de\/scsd-2025-quantensicherheit-und-jugendschutz-im-fokus\/\">Le Giornate svizzere della sicurezza informatica di quest'anno<\/a> gli organizzatori stanno gi\u00e0 pianificando la prossima edizione. Nel 2026, relatori di spicco nazionali e internazionali faranno nuovamente luce sulle opportunit\u00e0 e le sfide del cyberspazio e delle nuove tecnologie, come l'intelligenza artificiale, nel corso di due giornate sul Main e Tech Stage dell'area congressuale. I relatori provengono dai settori della scienza, della ricerca, dell'amministrazione, dell'economia e dei media. Inoltre, un gran numero di espositori offrir\u00e0 ancora una volta soluzioni e prodotti concreti nel campo della sicurezza informatica nei padiglioni espositivi di Bernexpo.<\/p>\r\n<h3>Il motto della SCSD 2026: Sovranit\u00e0 digitale - La nuova frontiera<\/h3>\r\n<p>In un momento in cui gli sviluppi geopolitici si concentrano sull'importanza dell'autonomia e della sovranit\u00e0 digitale, l'SCSD 2026 lancia un segnale forte con il suo motto \"Sovranit\u00e0 digitale - La nuova frontiera\". L'evento si concentrer\u00e0 sullo sviluppo congiunto di nuove soluzioni per plasmare il nostro futuro digitale in modo autodeterminato. Il programma presenter\u00e0 le ultime scoperte della tecnologia, della ricerca, della societ\u00e0 e della geopolitica in un contesto digitale e creer\u00e0 una piattaforma di scambio nazionale e internazionale.<\/p>\r\n<p>\"Nel febbraio 2026 Berna torner\u00e0 a essere la metropoli informatica della Svizzera con il motto \"Sovranit\u00e0 digitale - La nuova frontiera\". Esperti nazionali e internazionali discuteranno non solo delle opportunit\u00e0 e dei rischi nel cyberspazio e presenteranno soluzioni, ma anche di come la sovranit\u00e0 digitale sia un concetto chiave per il futuro. L'attenzione si concentrer\u00e0 sulle tecnologie pionieristiche e sul loro impatto sulla societ\u00e0, al fine di sviluppare modi in cui gli Stati, le organizzazioni e gli individui possano ottenere il controllo e l'indipendenza nello spazio digitale\", spiega Nik Gugger, presidente dello SCSD e consigliere nazionale.<\/p>\r\n<h3>La pi\u00f9 grande fiera svizzera nel campo della sicurezza informatica<\/h3>\r\n<p>Oltre al programma congressuale di prim'ordine, negli ultimi anni l'evento si \u00e8 trasformato nella pi\u00f9 grande fiera svizzera nel campo della sicurezza informatica. L'anno prossimo, gli organizzatori si aspettano che oltre 120 rinomati espositori presentino le ultime soluzioni e servizi per le autorit\u00e0, le grandi aziende, le PMI e le persone interessate all'IT e alla sicurezza in due padiglioni espositivi. Il programma dell'Expo sar\u00e0 completato da ampie aree per il networking, dalla podcasting lounge, da due palchi per le best practice e dalle zone speciali \"StartUp\" e \"Career\".<\/p>\r\n<p><em>Ulteriori informazioni: <a href=\"http:\/\/www.scsd.ch\/\">www.scsd.ch<\/a><\/em><\/p>\r\n<p>&nbsp;<\/p>\n<p class=\"syndicated-attribution\">Questo articolo \u00e8 apparso originariamente su m-q.ch - <a href=\"https:\/\/www.m-q.ch\/de\/swiss-cyber-security-days-2026-geben-motto-bekannt\/\" target=\"_blank\">https:\/\/www.m-q.ch\/de\/swiss-cyber-security-days-2026-geben-motto-bekannt\/<\/a><\/p>","protected":false},"excerpt":{"rendered":"<p>Gli Swiss Cyber Security Days SCSD si terranno per la settima volta il 17 e 18 febbraio 2026. Dopo il successo di quest'anno, con circa 2.500 visitatori, sale conferenze ben frequentate e oltre 90 espositori, l'evento entra in una nuova fase.<\/p>","protected":false},"author":8,"featured_media":0,"comment_status":"closed","ping_status":"closed","sticky":false,"template":"","format":"standard","meta":{"_acf_changed":false,"_yoast_wpseo_focuskw":"Cyber Security Days 2026","_yoast_wpseo_metadesc":"Am 17. und 18. Februar 2026 finden die Swiss Cyber Security Days SCSD zum siebten Mal statt. Schwerpunktthema ist digitale Souver\u00e4nit\u00e4t.","articlekey":"","footnotes":""},"categories":[582],"tags":[608,193,418],"class_list":["post-37905","post","type-post","status-publish","format-standard","hentry","category-operational-excellence","tag-cybersicherheit","tag-fachkongressfachmesse","tag-risikomanagement"],"acf":[],"yoast_head":"<!-- This site is optimized with the Yoast SEO plugin v27.5 - https:\/\/yoast.com\/product\/yoast-seo-wordpress\/ -->\n<title>Swiss Cyber Security Days 2026 geben Motto bekannt - Organisator<\/title>\n<meta name=\"description\" content=\"Am 17. und 18. Februar 2026 finden die Swiss Cyber Security Days SCSD zum siebten Mal statt. Schwerpunktthema ist digitale Souver\u00e4nit\u00e4t.\" \/>\n<meta name=\"robots\" content=\"index, follow, max-snippet:-1, max-image-preview:large, max-video-preview:-1\" \/>\n<link rel=\"canonical\" href=\"https:\/\/www.organisator.ch\/it\/eccellenza-operativa\/2025-04-23\/swiss-cyber-security-days-2026-geben-motto-bekannt\/\" \/>\n<meta property=\"og:locale\" content=\"it_IT\" \/>\n<meta property=\"og:type\" content=\"article\" \/>\n<meta property=\"og:title\" content=\"Swiss Cyber Security Days 2026 geben Motto bekannt - Organisator\" \/>\n<meta property=\"og:description\" content=\"Am 17. und 18. Februar 2026 finden die Swiss Cyber Security Days SCSD zum siebten Mal statt. Schwerpunktthema ist digitale Souver\u00e4nit\u00e4t.\" \/>\n<meta property=\"og:url\" content=\"https:\/\/www.organisator.ch\/it\/eccellenza-operativa\/2025-04-23\/swiss-cyber-security-days-2026-geben-motto-bekannt\/\" \/>\n<meta property=\"og:site_name\" content=\"Organisator\" \/>\n<meta property=\"article:publisher\" content=\"https:\/\/www.facebook.com\/OrganisatorFachmagazin\" \/>\n<meta property=\"article:published_time\" content=\"2025-04-23T09:10:09+00:00\" \/>\n<meta property=\"article:modified_time\" content=\"2025-04-23T13:06:27+00:00\" \/>\n<meta name=\"author\" content=\"galledia\" \/>\n<meta name=\"twitter:card\" content=\"summary_large_image\" \/>\n<meta name=\"twitter:creator\" content=\"@admin\" \/>\n<script type=\"application\/ld+json\" class=\"yoast-schema-graph\">{\"@context\":\"https:\\\/\\\/schema.org\",\"@graph\":[{\"@type\":\"Article\",\"@id\":\"https:\\\/\\\/www.organisator.ch\\\/operational-excellence\\\/2025-04-23\\\/swiss-cyber-security-days-2026-geben-motto-bekannt\\\/#article\",\"isPartOf\":{\"@id\":\"https:\\\/\\\/www.organisator.ch\\\/operational-excellence\\\/2025-04-23\\\/swiss-cyber-security-days-2026-geben-motto-bekannt\\\/\"},\"author\":{\"name\":\"galledia\",\"@id\":\"https:\\\/\\\/www.organisator.ch\\\/#\\\/schema\\\/person\\\/4e51799071cd2dd1232ac003643ef5f0\"},\"headline\":\"Swiss Cyber Security Days 2026 geben Motto bekannt\",\"datePublished\":\"2025-04-23T09:10:09+00:00\",\"dateModified\":\"2025-04-23T13:06:27+00:00\",\"mainEntityOfPage\":{\"@id\":\"https:\\\/\\\/www.organisator.ch\\\/operational-excellence\\\/2025-04-23\\\/swiss-cyber-security-days-2026-geben-motto-bekannt\\\/\"},\"wordCount\":392,\"publisher\":{\"@id\":\"https:\\\/\\\/www.organisator.ch\\\/#organization\"},\"image\":{\"@id\":\"https:\\\/\\\/www.organisator.ch\\\/operational-excellence\\\/2025-04-23\\\/swiss-cyber-security-days-2026-geben-motto-bekannt\\\/#primaryimage\"},\"thumbnailUrl\":\"https:\\\/\\\/www.m-q.ch\\\/wp-content\\\/uploads\\\/2025\\\/04\\\/Swiss-Cyber-Security-Days-2026-geben-Motto-bekannt_MQ.jpg\",\"keywords\":[\"Cybersicherheit\",\"Fachkongress\\\/Fachmesse\",\"Risikomanagement\"],\"articleSection\":[\"OPERATIONAL EXCELLENCE\"],\"inLanguage\":\"it-IT\"},{\"@type\":\"WebPage\",\"@id\":\"https:\\\/\\\/www.organisator.ch\\\/operational-excellence\\\/2025-04-23\\\/swiss-cyber-security-days-2026-geben-motto-bekannt\\\/\",\"url\":\"https:\\\/\\\/www.organisator.ch\\\/operational-excellence\\\/2025-04-23\\\/swiss-cyber-security-days-2026-geben-motto-bekannt\\\/\",\"name\":\"Swiss Cyber Security Days 2026 geben Motto bekannt - Organisator\",\"isPartOf\":{\"@id\":\"https:\\\/\\\/www.organisator.ch\\\/#website\"},\"primaryImageOfPage\":{\"@id\":\"https:\\\/\\\/www.organisator.ch\\\/operational-excellence\\\/2025-04-23\\\/swiss-cyber-security-days-2026-geben-motto-bekannt\\\/#primaryimage\"},\"image\":{\"@id\":\"https:\\\/\\\/www.organisator.ch\\\/operational-excellence\\\/2025-04-23\\\/swiss-cyber-security-days-2026-geben-motto-bekannt\\\/#primaryimage\"},\"thumbnailUrl\":\"https:\\\/\\\/www.m-q.ch\\\/wp-content\\\/uploads\\\/2025\\\/04\\\/Swiss-Cyber-Security-Days-2026-geben-Motto-bekannt_MQ.jpg\",\"datePublished\":\"2025-04-23T09:10:09+00:00\",\"dateModified\":\"2025-04-23T13:06:27+00:00\",\"description\":\"Am 17. und 18. Februar 2026 finden die Swiss Cyber Security Days SCSD zum siebten Mal statt. Schwerpunktthema ist digitale Souver\u00e4nit\u00e4t.\",\"breadcrumb\":{\"@id\":\"https:\\\/\\\/www.organisator.ch\\\/operational-excellence\\\/2025-04-23\\\/swiss-cyber-security-days-2026-geben-motto-bekannt\\\/#breadcrumb\"},\"inLanguage\":\"it-IT\",\"potentialAction\":[{\"@type\":\"ReadAction\",\"target\":[\"https:\\\/\\\/www.organisator.ch\\\/operational-excellence\\\/2025-04-23\\\/swiss-cyber-security-days-2026-geben-motto-bekannt\\\/\"]}]},{\"@type\":\"ImageObject\",\"inLanguage\":\"it-IT\",\"@id\":\"https:\\\/\\\/www.organisator.ch\\\/operational-excellence\\\/2025-04-23\\\/swiss-cyber-security-days-2026-geben-motto-bekannt\\\/#primaryimage\",\"url\":\"https:\\\/\\\/www.m-q.ch\\\/wp-content\\\/uploads\\\/2025\\\/04\\\/Swiss-Cyber-Security-Days-2026-geben-Motto-bekannt_MQ.jpg\",\"contentUrl\":\"https:\\\/\\\/www.m-q.ch\\\/wp-content\\\/uploads\\\/2025\\\/04\\\/Swiss-Cyber-Security-Days-2026-geben-Motto-bekannt_MQ.jpg\"},{\"@type\":\"BreadcrumbList\",\"@id\":\"https:\\\/\\\/www.organisator.ch\\\/operational-excellence\\\/2025-04-23\\\/swiss-cyber-security-days-2026-geben-motto-bekannt\\\/#breadcrumb\",\"itemListElement\":[{\"@type\":\"ListItem\",\"position\":1,\"name\":\"Home\",\"item\":\"https:\\\/\\\/www.organisator.ch\\\/\"},{\"@type\":\"ListItem\",\"position\":2,\"name\":\"Swiss Cyber Security Days 2026 geben Motto bekannt\"}]},{\"@type\":\"WebSite\",\"@id\":\"https:\\\/\\\/www.organisator.ch\\\/#website\",\"url\":\"https:\\\/\\\/www.organisator.ch\\\/\",\"name\":\"Organisator\",\"description\":\"Kompetent. Praxisnah. Der ORGANISATOR bereitet in 10 Ausgaben pro Jahr die wesentlichen Themen f\u00fcr F\u00fchrungskr\u00e4fte von KMU auf.\",\"publisher\":{\"@id\":\"https:\\\/\\\/www.organisator.ch\\\/#organization\"},\"potentialAction\":[{\"@type\":\"SearchAction\",\"target\":{\"@type\":\"EntryPoint\",\"urlTemplate\":\"https:\\\/\\\/www.organisator.ch\\\/?s={search_term_string}\"},\"query-input\":{\"@type\":\"PropertyValueSpecification\",\"valueRequired\":true,\"valueName\":\"search_term_string\"}}],\"inLanguage\":\"it-IT\"},{\"@type\":\"Organization\",\"@id\":\"https:\\\/\\\/www.organisator.ch\\\/#organization\",\"name\":\"Organisator\",\"url\":\"https:\\\/\\\/www.organisator.ch\\\/\",\"logo\":{\"@type\":\"ImageObject\",\"inLanguage\":\"it-IT\",\"@id\":\"https:\\\/\\\/www.organisator.ch\\\/#\\\/schema\\\/logo\\\/image\\\/\",\"url\":\"https:\\\/\\\/www.organisator.ch\\\/wp-content\\\/uploads\\\/2022\\\/01\\\/Logo_Organisator_Website.png\",\"contentUrl\":\"https:\\\/\\\/www.organisator.ch\\\/wp-content\\\/uploads\\\/2022\\\/01\\\/Logo_Organisator_Website.png\",\"width\":800,\"height\":77,\"caption\":\"Organisator\"},\"image\":{\"@id\":\"https:\\\/\\\/www.organisator.ch\\\/#\\\/schema\\\/logo\\\/image\\\/\"},\"sameAs\":[\"https:\\\/\\\/www.facebook.com\\\/OrganisatorFachmagazin\",\"https:\\\/\\\/www.linkedin.com\\\/showcase\\\/organisator-das-magazin-fr-kmu\",\"https:\\\/\\\/www.xing.com\\\/news\\\/pages\\\/organisator-ch-695\",\"https:\\\/\\\/www.youtube.com\\\/channel\\\/UCGP2Sq0iWaZwT3BdIAQFYpw\"]},{\"@type\":\"Person\",\"@id\":\"https:\\\/\\\/www.organisator.ch\\\/#\\\/schema\\\/person\\\/4e51799071cd2dd1232ac003643ef5f0\",\"name\":\"galledia\",\"image\":{\"@type\":\"ImageObject\",\"inLanguage\":\"it-IT\",\"@id\":\"https:\\\/\\\/secure.gravatar.com\\\/avatar\\\/78a7f90c01fc2bfc875782a0d4922b37cde2cf184ce347b91316d23cd7f69a36?s=96&d=mm&r=g\",\"url\":\"https:\\\/\\\/secure.gravatar.com\\\/avatar\\\/78a7f90c01fc2bfc875782a0d4922b37cde2cf184ce347b91316d23cd7f69a36?s=96&d=mm&r=g\",\"contentUrl\":\"https:\\\/\\\/secure.gravatar.com\\\/avatar\\\/78a7f90c01fc2bfc875782a0d4922b37cde2cf184ce347b91316d23cd7f69a36?s=96&d=mm&r=g\",\"caption\":\"galledia\"},\"sameAs\":[\"https:\\\/\\\/x.com\\\/admin\"],\"url\":\"https:\\\/\\\/www.organisator.ch\\\/it\\\/author\\\/galledia\\\/\"}]}<\/script>\n<!-- \/ Yoast SEO plugin. -->","yoast_head_json":{"title":"Le Giornate svizzere di sicurezza informatica 2026 annunciano il motto - Organizzatore","description":"Gli Swiss Cyber Security Days SCSD si terranno per la settima volta il 17 e 18 febbraio 2026. Il tema centrale sar\u00e0 la sovranit\u00e0 digitale.","robots":{"index":"index","follow":"follow","max-snippet":"max-snippet:-1","max-image-preview":"max-image-preview:large","max-video-preview":"max-video-preview:-1"},"canonical":"https:\/\/www.organisator.ch\/it\/eccellenza-operativa\/2025-04-23\/swiss-cyber-security-days-2026-geben-motto-bekannt\/","og_locale":"it_IT","og_type":"article","og_title":"Swiss Cyber Security Days 2026 geben Motto bekannt - Organisator","og_description":"Am 17. und 18. Februar 2026 finden die Swiss Cyber Security Days SCSD zum siebten Mal statt. Schwerpunktthema ist digitale Souver\u00e4nit\u00e4t.","og_url":"https:\/\/www.organisator.ch\/it\/eccellenza-operativa\/2025-04-23\/swiss-cyber-security-days-2026-geben-motto-bekannt\/","og_site_name":"Organisator","article_publisher":"https:\/\/www.facebook.com\/OrganisatorFachmagazin","article_published_time":"2025-04-23T09:10:09+00:00","article_modified_time":"2025-04-23T13:06:27+00:00","author":"galledia","twitter_card":"summary_large_image","twitter_creator":"@admin","schema":{"@context":"https:\/\/schema.org","@graph":[{"@type":"Article","@id":"https:\/\/www.organisator.ch\/operational-excellence\/2025-04-23\/swiss-cyber-security-days-2026-geben-motto-bekannt\/#article","isPartOf":{"@id":"https:\/\/www.organisator.ch\/operational-excellence\/2025-04-23\/swiss-cyber-security-days-2026-geben-motto-bekannt\/"},"author":{"name":"galledia","@id":"https:\/\/www.organisator.ch\/#\/schema\/person\/4e51799071cd2dd1232ac003643ef5f0"},"headline":"Swiss Cyber Security Days 2026 geben Motto bekannt","datePublished":"2025-04-23T09:10:09+00:00","dateModified":"2025-04-23T13:06:27+00:00","mainEntityOfPage":{"@id":"https:\/\/www.organisator.ch\/operational-excellence\/2025-04-23\/swiss-cyber-security-days-2026-geben-motto-bekannt\/"},"wordCount":392,"publisher":{"@id":"https:\/\/www.organisator.ch\/#organization"},"image":{"@id":"https:\/\/www.organisator.ch\/operational-excellence\/2025-04-23\/swiss-cyber-security-days-2026-geben-motto-bekannt\/#primaryimage"},"thumbnailUrl":"https:\/\/www.m-q.ch\/wp-content\/uploads\/2025\/04\/Swiss-Cyber-Security-Days-2026-geben-Motto-bekannt_MQ.jpg","keywords":["Cybersicherheit","Fachkongress\/Fachmesse","Risikomanagement"],"articleSection":["OPERATIONAL EXCELLENCE"],"inLanguage":"it-IT"},{"@type":"WebPage","@id":"https:\/\/www.organisator.ch\/operational-excellence\/2025-04-23\/swiss-cyber-security-days-2026-geben-motto-bekannt\/","url":"https:\/\/www.organisator.ch\/operational-excellence\/2025-04-23\/swiss-cyber-security-days-2026-geben-motto-bekannt\/","name":"Le Giornate svizzere di sicurezza informatica 2026 annunciano il motto - Organizzatore","isPartOf":{"@id":"https:\/\/www.organisator.ch\/#website"},"primaryImageOfPage":{"@id":"https:\/\/www.organisator.ch\/operational-excellence\/2025-04-23\/swiss-cyber-security-days-2026-geben-motto-bekannt\/#primaryimage"},"image":{"@id":"https:\/\/www.organisator.ch\/operational-excellence\/2025-04-23\/swiss-cyber-security-days-2026-geben-motto-bekannt\/#primaryimage"},"thumbnailUrl":"https:\/\/www.m-q.ch\/wp-content\/uploads\/2025\/04\/Swiss-Cyber-Security-Days-2026-geben-Motto-bekannt_MQ.jpg","datePublished":"2025-04-23T09:10:09+00:00","dateModified":"2025-04-23T13:06:27+00:00","description":"Gli Swiss Cyber Security Days SCSD si terranno per la settima volta il 17 e 18 febbraio 2026. Il tema centrale sar\u00e0 la sovranit\u00e0 digitale.","breadcrumb":{"@id":"https:\/\/www.organisator.ch\/operational-excellence\/2025-04-23\/swiss-cyber-security-days-2026-geben-motto-bekannt\/#breadcrumb"},"inLanguage":"it-IT","potentialAction":[{"@type":"ReadAction","target":["https:\/\/www.organisator.ch\/operational-excellence\/2025-04-23\/swiss-cyber-security-days-2026-geben-motto-bekannt\/"]}]},{"@type":"ImageObject","inLanguage":"it-IT","@id":"https:\/\/www.organisator.ch\/operational-excellence\/2025-04-23\/swiss-cyber-security-days-2026-geben-motto-bekannt\/#primaryimage","url":"https:\/\/www.m-q.ch\/wp-content\/uploads\/2025\/04\/Swiss-Cyber-Security-Days-2026-geben-Motto-bekannt_MQ.jpg","contentUrl":"https:\/\/www.m-q.ch\/wp-content\/uploads\/2025\/04\/Swiss-Cyber-Security-Days-2026-geben-Motto-bekannt_MQ.jpg"},{"@type":"BreadcrumbList","@id":"https:\/\/www.organisator.ch\/operational-excellence\/2025-04-23\/swiss-cyber-security-days-2026-geben-motto-bekannt\/#breadcrumb","itemListElement":[{"@type":"ListItem","position":1,"name":"Home","item":"https:\/\/www.organisator.ch\/"},{"@type":"ListItem","position":2,"name":"Swiss Cyber Security Days 2026 geben Motto bekannt"}]},{"@type":"WebSite","@id":"https:\/\/www.organisator.ch\/#website","url":"https:\/\/www.organisator.ch\/","name":"Organizzatore","description":"Competente. Pratico. In 10 numeri all'anno, ORGANISATOR presenta i temi essenziali per i manager delle PMI.","publisher":{"@id":"https:\/\/www.organisator.ch\/#organization"},"potentialAction":[{"@type":"SearchAction","target":{"@type":"EntryPoint","urlTemplate":"https:\/\/www.organisator.ch\/?s={search_term_string}"},"query-input":{"@type":"PropertyValueSpecification","valueRequired":true,"valueName":"search_term_string"}}],"inLanguage":"it-IT"},{"@type":"Organization","@id":"https:\/\/www.organisator.ch\/#organization","name":"Organizzatore","url":"https:\/\/www.organisator.ch\/","logo":{"@type":"ImageObject","inLanguage":"it-IT","@id":"https:\/\/www.organisator.ch\/#\/schema\/logo\/image\/","url":"https:\/\/www.organisator.ch\/wp-content\/uploads\/2022\/01\/Logo_Organisator_Website.png","contentUrl":"https:\/\/www.organisator.ch\/wp-content\/uploads\/2022\/01\/Logo_Organisator_Website.png","width":800,"height":77,"caption":"Organisator"},"image":{"@id":"https:\/\/www.organisator.ch\/#\/schema\/logo\/image\/"},"sameAs":["https:\/\/www.facebook.com\/OrganisatorFachmagazin","https:\/\/www.linkedin.com\/showcase\/organisator-das-magazin-fr-kmu","https:\/\/www.xing.com\/news\/pages\/organisator-ch-695","https:\/\/www.youtube.com\/channel\/UCGP2Sq0iWaZwT3BdIAQFYpw"]},{"@type":"Person","@id":"https:\/\/www.organisator.ch\/#\/schema\/person\/4e51799071cd2dd1232ac003643ef5f0","name":"galledia","image":{"@type":"ImageObject","inLanguage":"it-IT","@id":"https:\/\/secure.gravatar.com\/avatar\/78a7f90c01fc2bfc875782a0d4922b37cde2cf184ce347b91316d23cd7f69a36?s=96&d=mm&r=g","url":"https:\/\/secure.gravatar.com\/avatar\/78a7f90c01fc2bfc875782a0d4922b37cde2cf184ce347b91316d23cd7f69a36?s=96&d=mm&r=g","contentUrl":"https:\/\/secure.gravatar.com\/avatar\/78a7f90c01fc2bfc875782a0d4922b37cde2cf184ce347b91316d23cd7f69a36?s=96&d=mm&r=g","caption":"galledia"},"sameAs":["https:\/\/x.com\/admin"],"url":"https:\/\/www.organisator.ch\/it\/author\/galledia\/"}]}},"_links":{"self":[{"href":"https:\/\/www.organisator.ch\/it\/wp-json\/wp\/v2\/posts\/37905","targetHints":{"allow":["GET"]}}],"collection":[{"href":"https:\/\/www.organisator.ch\/it\/wp-json\/wp\/v2\/posts"}],"about":[{"href":"https:\/\/www.organisator.ch\/it\/wp-json\/wp\/v2\/types\/post"}],"author":[{"embeddable":true,"href":"https:\/\/www.organisator.ch\/it\/wp-json\/wp\/v2\/users\/8"}],"replies":[{"embeddable":true,"href":"https:\/\/www.organisator.ch\/it\/wp-json\/wp\/v2\/comments?post=37905"}],"version-history":[{"count":4,"href":"https:\/\/www.organisator.ch\/it\/wp-json\/wp\/v2\/posts\/37905\/revisions"}],"predecessor-version":[{"id":37909,"href":"https:\/\/www.organisator.ch\/it\/wp-json\/wp\/v2\/posts\/37905\/revisions\/37909"}],"wp:attachment":[{"href":"https:\/\/www.organisator.ch\/it\/wp-json\/wp\/v2\/media?parent=37905"}],"wp:term":[{"taxonomy":"category","embeddable":true,"href":"https:\/\/www.organisator.ch\/it\/wp-json\/wp\/v2\/categories?post=37905"},{"taxonomy":"post_tag","embeddable":true,"href":"https:\/\/www.organisator.ch\/it\/wp-json\/wp\/v2\/tags?post=37905"}],"curies":[{"name":"wp","href":"https:\/\/api.w.org\/{rel}","templated":true}]}}