{"id":37918,"date":"2025-04-23T16:59:58","date_gmt":"2025-04-23T14:59:58","guid":{"rendered":"https:\/\/www.organisator.ch\/?p=37918"},"modified":"2025-04-23T16:59:58","modified_gmt":"2025-04-23T14:59:58","slug":"geschaeftsklima-schweiz-haelt-kurs-trotz-weltweiter-konjunkturrisiken","status":"publish","type":"post","link":"https:\/\/www.organisator.ch\/it\/management\/2025-04-23\/geschaeftsklima-schweiz-haelt-kurs-trotz-weltweiter-konjunkturrisiken\/","title":{"rendered":"Clima imprenditoriale: la Svizzera mantiene la rotta nonostante i rischi economici globali"},"content":{"rendered":"<figure id=\"attachment_37919\" aria-describedby=\"caption-attachment-37919\" style=\"width: 680px\" class=\"wp-caption alignnone\"><img loading=\"lazy\" decoding=\"async\" class=\"size-full wp-image-37919\" src=\"https:\/\/www.organisator.ch\/wp-content\/uploads\/2025\/04\/Geschaeftsklima-Schweiz-haelt-Kurs-trotz-weltweiter-Konjunkturrisiken_Organisator.jpg\" alt=\"\" width=\"680\" height=\"453\" srcset=\"https:\/\/www.organisator.ch\/wp-content\/uploads\/2025\/04\/Geschaeftsklima-Schweiz-haelt-Kurs-trotz-weltweiter-Konjunkturrisiken_Organisator.jpg 680w, https:\/\/www.organisator.ch\/wp-content\/uploads\/2025\/04\/Geschaeftsklima-Schweiz-haelt-Kurs-trotz-weltweiter-Konjunkturrisiken_Organisator-18x12.jpg 18w, https:\/\/www.organisator.ch\/wp-content\/uploads\/2025\/04\/Geschaeftsklima-Schweiz-haelt-Kurs-trotz-weltweiter-Konjunkturrisiken_Organisator-375x250.jpg 375w, https:\/\/www.organisator.ch\/wp-content\/uploads\/2025\/04\/Geschaeftsklima-Schweiz-haelt-Kurs-trotz-weltweiter-Konjunkturrisiken_Organisator-525x350.jpg 525w\" sizes=\"auto, (max-width: 680px) 100vw, 680px\" \/><figcaption id=\"caption-attachment-37919\" class=\"wp-caption-text\">Il clima economico si sta deteriorando, ma le aziende svizzere dimostrano ancora una certa resistenza. (Immagine: Unsplash.com)<\/figcaption><\/figure>\n<p>Il contesto economico \u00e8 attualmente piuttosto instabile: \"Con l'incertezza macroeconomica, l'aumento dei costi del capitale e le previsioni di crescita pi\u00f9 deboli, le aziende rimangono preoccupate per la situazione economica globale e sono riluttanti a investire. La ridefinizione delle relazioni commerciali e l'incertezza sui dazi hanno contribuito a far registrare a oltre il 90% delle economie intervistate un calo dell'indice di fiducia finanziaria\", afferma Marianne Bregenzer, Country Lead di Dun &amp; Bradstreet Svizzera. In questo contesto, tuttavia, la Svizzera \u00e8 relativamente stabile. L'indice di fiducia delle imprese \u00e8 vicino alla media globale. Il Global Business Financial Confidence Index \u00e8 sceso dell'8%. Anche l'indice ESG \u00e8 sceso leggermente del 5%.<\/p>\n<h3><strong>Le aziende svizzere sono relativamente resistenti<\/strong><\/h3>\n<p>Nel confronto internazionale, il calo del clima economico in Svizzera \u00e8 meno pronunciato. Mentre molte economie avanzate hanno registrato forti cali, il valore dell'indice svizzero \u00e8 vicino alla media globale. Nel Global Business Financial Confidence Index, la Svizzera ha registrato un calo dell'8% - un dato moderato se si considera che la media globale \u00e8 di meno 9 per cento e che in alcuni casi le perdite in altri Paesi sono significativamente maggiori.<\/p>\n<h3><strong>Catene di approvvigionamento: la Svizzera rimane a un livello comparabile nonostante le sfide globali<\/strong><\/h3>\n<p>Il Global Supply Chain Continuity Index ha registrato una lieve ripresa a livello mondiale nel secondo trimestre (+1%). Negli Stati Uniti, l'ottimismo sulla continuit\u00e0 della supply chain \u00e8 calato significativamente dell'8%. Anche altri Paesi europei come la Norvegia (-17%) e il Regno Unito (-24%) hanno registrato forti cali. Con un leggero calo dell'1%, la Svizzera ha ottenuto risultati migliori nel confronto internazionale, dimostrando che la situazione in questo Paese si \u00e8 almeno stabilizzata ai livelli pre-crisi.<\/p>\n<h3><strong>ESG: le aziende svizzere rispettano i loro obiettivi di sostenibilit\u00e0<\/strong><\/h3>\n<p>L'impegno nei confronti delle questioni ambientali, sociali e di governance \u00e8 in calo in tutto il mondo, soprattutto tra le grandi e medie imprese. L'indice Global Business ESG \u00e8 sceso del 3% nel primo trimestre del 2025. In Svizzera, il calo \u00e8 stato del 5%. Ciononostante, \u00e8 evidente che soprattutto le aziende pi\u00f9 piccole continuano a impegnarsi nelle iniziative ambientali, il che significa che il livello ESG in Svizzera rimane sostanzialmente costante rispetto a molti altri Paesi.<\/p>\n<p><em>Fonte: <a href=\"https:\/\/www.dnb.com\/de-ch\/\">Dun &amp; Bradstreet<\/a><\/em><\/p>","protected":false},"excerpt":{"rendered":"<p>Secondo l'ultimo Global Business Optimism Index di Dun &amp; Bradstreet, nel secondo trimestre del 2025 le aspettative delle imprese globali sono diminuite dell'1% rispetto all'anno precedente. Le ragioni principali sono le continue incertezze geopolitiche, la volatilit\u00e0 delle strategie commerciali e il crescente protezionismo.<\/p>","protected":false},"author":4,"featured_media":37919,"comment_status":"closed","ping_status":"closed","sticky":false,"template":"","format":"standard","meta":{"_acf_changed":false,"_yoast_wpseo_focuskw":"Gesch\u00e4ftsklima","_yoast_wpseo_metadesc":"Laut Dun & Bradstreet hat sich das globale Gesch\u00e4ftsklima im zweiten Quartal 2025 im Vergleich zum Vorjahr verschlechtert.","articlekey":"","footnotes":""},"categories":[28],"tags":[4627,5301,531],"class_list":["post-37918","post","type-post","status-publish","format-standard","has-post-thumbnail","hentry","category-management","tag-geschaeftsklima","tag-konjunkturrisiken","tag-wirtschaftspolitik"],"acf":[],"yoast_head":"<!-- This site is optimized with the Yoast SEO plugin v27.5 - https:\/\/yoast.com\/product\/yoast-seo-wordpress\/ -->\n<title>Gesch\u00e4ftsklima: Schweiz h\u00e4lt Kurs trotz weltweiter Konjunkturrisiken - Organisator<\/title>\n<meta name=\"description\" content=\"Laut Dun &amp; Bradstreet hat sich das globale Gesch\u00e4ftsklima im zweiten Quartal 2025 im Vergleich zum Vorjahr verschlechtert.\" \/>\n<meta name=\"robots\" content=\"index, follow, max-snippet:-1, max-image-preview:large, max-video-preview:-1\" \/>\n<link rel=\"canonical\" href=\"https:\/\/www.organisator.ch\/it\/gestione-2\/2025-04-23\/geschaeftsklima-schweiz-haelt-kurs-trotz-weltweiter-konjunkturrisiken\/\" \/>\n<meta property=\"og:locale\" content=\"it_IT\" \/>\n<meta property=\"og:type\" content=\"article\" \/>\n<meta property=\"og:title\" content=\"Gesch\u00e4ftsklima: Schweiz h\u00e4lt Kurs trotz weltweiter Konjunkturrisiken\" \/>\n<meta property=\"og:description\" content=\"Laut Dun &amp; Bradstreet hat sich das globale Gesch\u00e4ftsklima im zweiten Quartal 2025 im Vergleich zum Vorjahr verschlechtert.\" \/>\n<meta property=\"og:url\" content=\"https:\/\/www.organisator.ch\/it\/gestione-2\/2025-04-23\/geschaeftsklima-schweiz-haelt-kurs-trotz-weltweiter-konjunkturrisiken\/\" \/>\n<meta property=\"og:site_name\" content=\"Organisator\" \/>\n<meta property=\"article:publisher\" content=\"https:\/\/www.facebook.com\/OrganisatorFachmagazin\" \/>\n<meta property=\"article:published_time\" content=\"2025-04-23T14:59:58+00:00\" \/>\n<meta property=\"og:image\" content=\"https:\/\/www.organisator.ch\/wp-content\/uploads\/2025\/04\/Geschaeftsklima-Schweiz-haelt-Kurs-trotz-weltweiter-Konjunkturrisiken_Organisator.jpg\" \/>\n\t<meta property=\"og:image:width\" content=\"680\" \/>\n\t<meta property=\"og:image:height\" content=\"453\" \/>\n\t<meta property=\"og:image:type\" content=\"image\/jpeg\" \/>\n<meta name=\"author\" content=\"thomas.berner\" \/>\n<meta name=\"twitter:card\" content=\"summary_large_image\" \/>\n<meta name=\"twitter:title\" content=\"#Gesch\u00e4ftsklima: Schweiz h\u00e4lt Kurs trotz weltweiter #Konjunkturrisiken\" \/>\n<meta name=\"twitter:description\" content=\"Laut Dun &amp; Bradstreet #dnb hat sich das globale #Gesch\u00e4ftsklima im zweiten Quartal 2025 im Vergleich zum Vorjahr verschlechtert.\" \/>\n<meta name=\"twitter:image\" content=\"https:\/\/www.organisator.ch\/wp-content\/uploads\/2025\/04\/Geschaeftsklima-Schweiz-haelt-Kurs-trotz-weltweiter-Konjunkturrisiken_Organisator.jpg\" \/>\n<script type=\"application\/ld+json\" class=\"yoast-schema-graph\">{\"@context\":\"https:\\\/\\\/schema.org\",\"@graph\":[{\"@type\":\"Article\",\"@id\":\"https:\\\/\\\/www.organisator.ch\\\/management\\\/2025-04-23\\\/geschaeftsklima-schweiz-haelt-kurs-trotz-weltweiter-konjunkturrisiken\\\/#article\",\"isPartOf\":{\"@id\":\"https:\\\/\\\/www.organisator.ch\\\/management\\\/2025-04-23\\\/geschaeftsklima-schweiz-haelt-kurs-trotz-weltweiter-konjunkturrisiken\\\/\"},\"author\":{\"name\":\"thomas.berner\",\"@id\":\"https:\\\/\\\/www.organisator.ch\\\/#\\\/schema\\\/person\\\/6f650f90b2842cd4c0cc334b4e36f67e\"},\"headline\":\"Gesch\u00e4ftsklima: Schweiz h\u00e4lt Kurs trotz weltweiter Konjunkturrisiken\",\"datePublished\":\"2025-04-23T14:59:58+00:00\",\"mainEntityOfPage\":{\"@id\":\"https:\\\/\\\/www.organisator.ch\\\/management\\\/2025-04-23\\\/geschaeftsklima-schweiz-haelt-kurs-trotz-weltweiter-konjunkturrisiken\\\/\"},\"wordCount\":398,\"publisher\":{\"@id\":\"https:\\\/\\\/www.organisator.ch\\\/#organization\"},\"image\":{\"@id\":\"https:\\\/\\\/www.organisator.ch\\\/management\\\/2025-04-23\\\/geschaeftsklima-schweiz-haelt-kurs-trotz-weltweiter-konjunkturrisiken\\\/#primaryimage\"},\"thumbnailUrl\":\"https:\\\/\\\/www.organisator.ch\\\/wp-content\\\/uploads\\\/2025\\\/04\\\/Geschaeftsklima-Schweiz-haelt-Kurs-trotz-weltweiter-Konjunkturrisiken_Organisator.jpg\",\"keywords\":[\"Gesch\u00e4ftsklima\",\"Konjunkturrisiken\",\"Wirtschaftspolitik\"],\"articleSection\":[\"MANAGEMENT\"],\"inLanguage\":\"it-IT\"},{\"@type\":\"WebPage\",\"@id\":\"https:\\\/\\\/www.organisator.ch\\\/management\\\/2025-04-23\\\/geschaeftsklima-schweiz-haelt-kurs-trotz-weltweiter-konjunkturrisiken\\\/\",\"url\":\"https:\\\/\\\/www.organisator.ch\\\/management\\\/2025-04-23\\\/geschaeftsklima-schweiz-haelt-kurs-trotz-weltweiter-konjunkturrisiken\\\/\",\"name\":\"Gesch\u00e4ftsklima: Schweiz h\u00e4lt Kurs trotz weltweiter Konjunkturrisiken - Organisator\",\"isPartOf\":{\"@id\":\"https:\\\/\\\/www.organisator.ch\\\/#website\"},\"primaryImageOfPage\":{\"@id\":\"https:\\\/\\\/www.organisator.ch\\\/management\\\/2025-04-23\\\/geschaeftsklima-schweiz-haelt-kurs-trotz-weltweiter-konjunkturrisiken\\\/#primaryimage\"},\"image\":{\"@id\":\"https:\\\/\\\/www.organisator.ch\\\/management\\\/2025-04-23\\\/geschaeftsklima-schweiz-haelt-kurs-trotz-weltweiter-konjunkturrisiken\\\/#primaryimage\"},\"thumbnailUrl\":\"https:\\\/\\\/www.organisator.ch\\\/wp-content\\\/uploads\\\/2025\\\/04\\\/Geschaeftsklima-Schweiz-haelt-Kurs-trotz-weltweiter-Konjunkturrisiken_Organisator.jpg\",\"datePublished\":\"2025-04-23T14:59:58+00:00\",\"description\":\"Laut Dun & Bradstreet hat sich das globale Gesch\u00e4ftsklima im zweiten Quartal 2025 im Vergleich zum Vorjahr verschlechtert.\",\"breadcrumb\":{\"@id\":\"https:\\\/\\\/www.organisator.ch\\\/management\\\/2025-04-23\\\/geschaeftsklima-schweiz-haelt-kurs-trotz-weltweiter-konjunkturrisiken\\\/#breadcrumb\"},\"inLanguage\":\"it-IT\",\"potentialAction\":[{\"@type\":\"ReadAction\",\"target\":[\"https:\\\/\\\/www.organisator.ch\\\/management\\\/2025-04-23\\\/geschaeftsklima-schweiz-haelt-kurs-trotz-weltweiter-konjunkturrisiken\\\/\"]}]},{\"@type\":\"ImageObject\",\"inLanguage\":\"it-IT\",\"@id\":\"https:\\\/\\\/www.organisator.ch\\\/management\\\/2025-04-23\\\/geschaeftsklima-schweiz-haelt-kurs-trotz-weltweiter-konjunkturrisiken\\\/#primaryimage\",\"url\":\"https:\\\/\\\/www.organisator.ch\\\/wp-content\\\/uploads\\\/2025\\\/04\\\/Geschaeftsklima-Schweiz-haelt-Kurs-trotz-weltweiter-Konjunkturrisiken_Organisator.jpg\",\"contentUrl\":\"https:\\\/\\\/www.organisator.ch\\\/wp-content\\\/uploads\\\/2025\\\/04\\\/Geschaeftsklima-Schweiz-haelt-Kurs-trotz-weltweiter-Konjunkturrisiken_Organisator.jpg\",\"width\":680,\"height\":453,\"caption\":\"Das Gesch\u00e4ftsklima tr\u00fcbt sich ein, doch die Schweizer Unternehmen zeigen sich noch widerstandsf\u00e4hig. (Bild: Unsplash.com)\"},{\"@type\":\"BreadcrumbList\",\"@id\":\"https:\\\/\\\/www.organisator.ch\\\/management\\\/2025-04-23\\\/geschaeftsklima-schweiz-haelt-kurs-trotz-weltweiter-konjunkturrisiken\\\/#breadcrumb\",\"itemListElement\":[{\"@type\":\"ListItem\",\"position\":1,\"name\":\"Home\",\"item\":\"https:\\\/\\\/www.organisator.ch\\\/\"},{\"@type\":\"ListItem\",\"position\":2,\"name\":\"Gesch\u00e4ftsklima: Schweiz h\u00e4lt Kurs trotz weltweiter Konjunkturrisiken\"}]},{\"@type\":\"WebSite\",\"@id\":\"https:\\\/\\\/www.organisator.ch\\\/#website\",\"url\":\"https:\\\/\\\/www.organisator.ch\\\/\",\"name\":\"Organisator\",\"description\":\"Kompetent. Praxisnah. Der ORGANISATOR bereitet in 10 Ausgaben pro Jahr die wesentlichen Themen f\u00fcr F\u00fchrungskr\u00e4fte von KMU auf.\",\"publisher\":{\"@id\":\"https:\\\/\\\/www.organisator.ch\\\/#organization\"},\"potentialAction\":[{\"@type\":\"SearchAction\",\"target\":{\"@type\":\"EntryPoint\",\"urlTemplate\":\"https:\\\/\\\/www.organisator.ch\\\/?s={search_term_string}\"},\"query-input\":{\"@type\":\"PropertyValueSpecification\",\"valueRequired\":true,\"valueName\":\"search_term_string\"}}],\"inLanguage\":\"it-IT\"},{\"@type\":\"Organization\",\"@id\":\"https:\\\/\\\/www.organisator.ch\\\/#organization\",\"name\":\"Organisator\",\"url\":\"https:\\\/\\\/www.organisator.ch\\\/\",\"logo\":{\"@type\":\"ImageObject\",\"inLanguage\":\"it-IT\",\"@id\":\"https:\\\/\\\/www.organisator.ch\\\/#\\\/schema\\\/logo\\\/image\\\/\",\"url\":\"https:\\\/\\\/www.organisator.ch\\\/wp-content\\\/uploads\\\/2022\\\/01\\\/Logo_Organisator_Website.png\",\"contentUrl\":\"https:\\\/\\\/www.organisator.ch\\\/wp-content\\\/uploads\\\/2022\\\/01\\\/Logo_Organisator_Website.png\",\"width\":800,\"height\":77,\"caption\":\"Organisator\"},\"image\":{\"@id\":\"https:\\\/\\\/www.organisator.ch\\\/#\\\/schema\\\/logo\\\/image\\\/\"},\"sameAs\":[\"https:\\\/\\\/www.facebook.com\\\/OrganisatorFachmagazin\",\"https:\\\/\\\/www.linkedin.com\\\/showcase\\\/organisator-das-magazin-fr-kmu\",\"https:\\\/\\\/www.xing.com\\\/news\\\/pages\\\/organisator-ch-695\",\"https:\\\/\\\/www.youtube.com\\\/channel\\\/UCGP2Sq0iWaZwT3BdIAQFYpw\"]},{\"@type\":\"Person\",\"@id\":\"https:\\\/\\\/www.organisator.ch\\\/#\\\/schema\\\/person\\\/6f650f90b2842cd4c0cc334b4e36f67e\",\"name\":\"thomas.berner\",\"image\":{\"@type\":\"ImageObject\",\"inLanguage\":\"it-IT\",\"@id\":\"https:\\\/\\\/secure.gravatar.com\\\/avatar\\\/ac5001d2a36cb6c6cd3e50789007ffca834b477b74a2144564522e944eabff61?s=96&d=mm&r=g\",\"url\":\"https:\\\/\\\/secure.gravatar.com\\\/avatar\\\/ac5001d2a36cb6c6cd3e50789007ffca834b477b74a2144564522e944eabff61?s=96&d=mm&r=g\",\"contentUrl\":\"https:\\\/\\\/secure.gravatar.com\\\/avatar\\\/ac5001d2a36cb6c6cd3e50789007ffca834b477b74a2144564522e944eabff61?s=96&d=mm&r=g\",\"caption\":\"thomas.berner\"},\"url\":\"https:\\\/\\\/www.organisator.ch\\\/it\\\/author\\\/thomas-berner\\\/\"}]}<\/script>\n<!-- \/ Yoast SEO plugin. -->","yoast_head_json":{"title":"Clima economico: la Svizzera mantiene la rotta nonostante i rischi economici globali - Organizzatore","description":"Secondo Dun &amp; Bradstreet, il clima economico globale \u00e8 peggiorato nel secondo trimestre del 2025 rispetto all'anno precedente.","robots":{"index":"index","follow":"follow","max-snippet":"max-snippet:-1","max-image-preview":"max-image-preview:large","max-video-preview":"max-video-preview:-1"},"canonical":"https:\/\/www.organisator.ch\/it\/gestione-2\/2025-04-23\/geschaeftsklima-schweiz-haelt-kurs-trotz-weltweiter-konjunkturrisiken\/","og_locale":"it_IT","og_type":"article","og_title":"Gesch\u00e4ftsklima: Schweiz h\u00e4lt Kurs trotz weltweiter Konjunkturrisiken","og_description":"Laut Dun & Bradstreet hat sich das globale Gesch\u00e4ftsklima im zweiten Quartal 2025 im Vergleich zum Vorjahr verschlechtert.","og_url":"https:\/\/www.organisator.ch\/it\/gestione-2\/2025-04-23\/geschaeftsklima-schweiz-haelt-kurs-trotz-weltweiter-konjunkturrisiken\/","og_site_name":"Organisator","article_publisher":"https:\/\/www.facebook.com\/OrganisatorFachmagazin","article_published_time":"2025-04-23T14:59:58+00:00","og_image":[{"width":680,"height":453,"url":"https:\/\/www.organisator.ch\/wp-content\/uploads\/2025\/04\/Geschaeftsklima-Schweiz-haelt-Kurs-trotz-weltweiter-Konjunkturrisiken_Organisator.jpg","type":"image\/jpeg"}],"author":"thomas.berner","twitter_card":"summary_large_image","twitter_title":"#Gesch\u00e4ftsklima: Schweiz h\u00e4lt Kurs trotz weltweiter #Konjunkturrisiken","twitter_description":"Laut Dun & Bradstreet #dnb hat sich das globale #Gesch\u00e4ftsklima im zweiten Quartal 2025 im Vergleich zum Vorjahr verschlechtert.","twitter_image":"https:\/\/www.organisator.ch\/wp-content\/uploads\/2025\/04\/Geschaeftsklima-Schweiz-haelt-Kurs-trotz-weltweiter-Konjunkturrisiken_Organisator.jpg","schema":{"@context":"https:\/\/schema.org","@graph":[{"@type":"Article","@id":"https:\/\/www.organisator.ch\/management\/2025-04-23\/geschaeftsklima-schweiz-haelt-kurs-trotz-weltweiter-konjunkturrisiken\/#article","isPartOf":{"@id":"https:\/\/www.organisator.ch\/management\/2025-04-23\/geschaeftsklima-schweiz-haelt-kurs-trotz-weltweiter-konjunkturrisiken\/"},"author":{"name":"thomas.berner","@id":"https:\/\/www.organisator.ch\/#\/schema\/person\/6f650f90b2842cd4c0cc334b4e36f67e"},"headline":"Gesch\u00e4ftsklima: Schweiz h\u00e4lt Kurs trotz weltweiter Konjunkturrisiken","datePublished":"2025-04-23T14:59:58+00:00","mainEntityOfPage":{"@id":"https:\/\/www.organisator.ch\/management\/2025-04-23\/geschaeftsklima-schweiz-haelt-kurs-trotz-weltweiter-konjunkturrisiken\/"},"wordCount":398,"publisher":{"@id":"https:\/\/www.organisator.ch\/#organization"},"image":{"@id":"https:\/\/www.organisator.ch\/management\/2025-04-23\/geschaeftsklima-schweiz-haelt-kurs-trotz-weltweiter-konjunkturrisiken\/#primaryimage"},"thumbnailUrl":"https:\/\/www.organisator.ch\/wp-content\/uploads\/2025\/04\/Geschaeftsklima-Schweiz-haelt-Kurs-trotz-weltweiter-Konjunkturrisiken_Organisator.jpg","keywords":["Gesch\u00e4ftsklima","Konjunkturrisiken","Wirtschaftspolitik"],"articleSection":["MANAGEMENT"],"inLanguage":"it-IT"},{"@type":"WebPage","@id":"https:\/\/www.organisator.ch\/management\/2025-04-23\/geschaeftsklima-schweiz-haelt-kurs-trotz-weltweiter-konjunkturrisiken\/","url":"https:\/\/www.organisator.ch\/management\/2025-04-23\/geschaeftsklima-schweiz-haelt-kurs-trotz-weltweiter-konjunkturrisiken\/","name":"Clima economico: la Svizzera mantiene la rotta nonostante i rischi economici globali - Organizzatore","isPartOf":{"@id":"https:\/\/www.organisator.ch\/#website"},"primaryImageOfPage":{"@id":"https:\/\/www.organisator.ch\/management\/2025-04-23\/geschaeftsklima-schweiz-haelt-kurs-trotz-weltweiter-konjunkturrisiken\/#primaryimage"},"image":{"@id":"https:\/\/www.organisator.ch\/management\/2025-04-23\/geschaeftsklima-schweiz-haelt-kurs-trotz-weltweiter-konjunkturrisiken\/#primaryimage"},"thumbnailUrl":"https:\/\/www.organisator.ch\/wp-content\/uploads\/2025\/04\/Geschaeftsklima-Schweiz-haelt-Kurs-trotz-weltweiter-Konjunkturrisiken_Organisator.jpg","datePublished":"2025-04-23T14:59:58+00:00","description":"Secondo Dun &amp; Bradstreet, il clima economico globale \u00e8 peggiorato nel secondo trimestre del 2025 rispetto all'anno precedente.","breadcrumb":{"@id":"https:\/\/www.organisator.ch\/management\/2025-04-23\/geschaeftsklima-schweiz-haelt-kurs-trotz-weltweiter-konjunkturrisiken\/#breadcrumb"},"inLanguage":"it-IT","potentialAction":[{"@type":"ReadAction","target":["https:\/\/www.organisator.ch\/management\/2025-04-23\/geschaeftsklima-schweiz-haelt-kurs-trotz-weltweiter-konjunkturrisiken\/"]}]},{"@type":"ImageObject","inLanguage":"it-IT","@id":"https:\/\/www.organisator.ch\/management\/2025-04-23\/geschaeftsklima-schweiz-haelt-kurs-trotz-weltweiter-konjunkturrisiken\/#primaryimage","url":"https:\/\/www.organisator.ch\/wp-content\/uploads\/2025\/04\/Geschaeftsklima-Schweiz-haelt-Kurs-trotz-weltweiter-Konjunkturrisiken_Organisator.jpg","contentUrl":"https:\/\/www.organisator.ch\/wp-content\/uploads\/2025\/04\/Geschaeftsklima-Schweiz-haelt-Kurs-trotz-weltweiter-Konjunkturrisiken_Organisator.jpg","width":680,"height":453,"caption":"Das Gesch\u00e4ftsklima tr\u00fcbt sich ein, doch die Schweizer Unternehmen zeigen sich noch widerstandsf\u00e4hig. (Bild: Unsplash.com)"},{"@type":"BreadcrumbList","@id":"https:\/\/www.organisator.ch\/management\/2025-04-23\/geschaeftsklima-schweiz-haelt-kurs-trotz-weltweiter-konjunkturrisiken\/#breadcrumb","itemListElement":[{"@type":"ListItem","position":1,"name":"Home","item":"https:\/\/www.organisator.ch\/"},{"@type":"ListItem","position":2,"name":"Gesch\u00e4ftsklima: Schweiz h\u00e4lt Kurs trotz weltweiter Konjunkturrisiken"}]},{"@type":"WebSite","@id":"https:\/\/www.organisator.ch\/#website","url":"https:\/\/www.organisator.ch\/","name":"Organizzatore","description":"Competente. Pratico. In 10 numeri all'anno, ORGANISATOR presenta i temi essenziali per i manager delle PMI.","publisher":{"@id":"https:\/\/www.organisator.ch\/#organization"},"potentialAction":[{"@type":"SearchAction","target":{"@type":"EntryPoint","urlTemplate":"https:\/\/www.organisator.ch\/?s={search_term_string}"},"query-input":{"@type":"PropertyValueSpecification","valueRequired":true,"valueName":"search_term_string"}}],"inLanguage":"it-IT"},{"@type":"Organization","@id":"https:\/\/www.organisator.ch\/#organization","name":"Organizzatore","url":"https:\/\/www.organisator.ch\/","logo":{"@type":"ImageObject","inLanguage":"it-IT","@id":"https:\/\/www.organisator.ch\/#\/schema\/logo\/image\/","url":"https:\/\/www.organisator.ch\/wp-content\/uploads\/2022\/01\/Logo_Organisator_Website.png","contentUrl":"https:\/\/www.organisator.ch\/wp-content\/uploads\/2022\/01\/Logo_Organisator_Website.png","width":800,"height":77,"caption":"Organisator"},"image":{"@id":"https:\/\/www.organisator.ch\/#\/schema\/logo\/image\/"},"sameAs":["https:\/\/www.facebook.com\/OrganisatorFachmagazin","https:\/\/www.linkedin.com\/showcase\/organisator-das-magazin-fr-kmu","https:\/\/www.xing.com\/news\/pages\/organisator-ch-695","https:\/\/www.youtube.com\/channel\/UCGP2Sq0iWaZwT3BdIAQFYpw"]},{"@type":"Person","@id":"https:\/\/www.organisator.ch\/#\/schema\/person\/6f650f90b2842cd4c0cc334b4e36f67e","name":"Tommaso.berner","image":{"@type":"ImageObject","inLanguage":"it-IT","@id":"https:\/\/secure.gravatar.com\/avatar\/ac5001d2a36cb6c6cd3e50789007ffca834b477b74a2144564522e944eabff61?s=96&d=mm&r=g","url":"https:\/\/secure.gravatar.com\/avatar\/ac5001d2a36cb6c6cd3e50789007ffca834b477b74a2144564522e944eabff61?s=96&d=mm&r=g","contentUrl":"https:\/\/secure.gravatar.com\/avatar\/ac5001d2a36cb6c6cd3e50789007ffca834b477b74a2144564522e944eabff61?s=96&d=mm&r=g","caption":"thomas.berner"},"url":"https:\/\/www.organisator.ch\/it\/author\/thomas-berner\/"}]}},"_links":{"self":[{"href":"https:\/\/www.organisator.ch\/it\/wp-json\/wp\/v2\/posts\/37918","targetHints":{"allow":["GET"]}}],"collection":[{"href":"https:\/\/www.organisator.ch\/it\/wp-json\/wp\/v2\/posts"}],"about":[{"href":"https:\/\/www.organisator.ch\/it\/wp-json\/wp\/v2\/types\/post"}],"author":[{"embeddable":true,"href":"https:\/\/www.organisator.ch\/it\/wp-json\/wp\/v2\/users\/4"}],"replies":[{"embeddable":true,"href":"https:\/\/www.organisator.ch\/it\/wp-json\/wp\/v2\/comments?post=37918"}],"version-history":[{"count":4,"href":"https:\/\/www.organisator.ch\/it\/wp-json\/wp\/v2\/posts\/37918\/revisions"}],"predecessor-version":[{"id":37970,"href":"https:\/\/www.organisator.ch\/it\/wp-json\/wp\/v2\/posts\/37918\/revisions\/37970"}],"wp:featuredmedia":[{"embeddable":true,"href":"https:\/\/www.organisator.ch\/it\/wp-json\/wp\/v2\/media\/37919"}],"wp:attachment":[{"href":"https:\/\/www.organisator.ch\/it\/wp-json\/wp\/v2\/media?parent=37918"}],"wp:term":[{"taxonomy":"category","embeddable":true,"href":"https:\/\/www.organisator.ch\/it\/wp-json\/wp\/v2\/categories?post=37918"},{"taxonomy":"post_tag","embeddable":true,"href":"https:\/\/www.organisator.ch\/it\/wp-json\/wp\/v2\/tags?post=37918"}],"curies":[{"name":"wp","href":"https:\/\/api.w.org\/{rel}","templated":true}]}}