{"id":37944,"date":"2025-04-24T16:31:49","date_gmt":"2025-04-24T14:31:49","guid":{"rendered":"https:\/\/www.organisator.ch\/?p=37944"},"modified":"2025-04-24T16:31:49","modified_gmt":"2025-04-24T14:31:49","slug":"rueckblick-swiss-coaching-day-coaching-gestaltet-transformation-erfolgreich","status":"publish","type":"post","link":"https:\/\/www.organisator.ch\/it\/management\/2025-04-24\/rueckblick-swiss-coaching-day-coaching-gestaltet-transformation-erfolgreich\/","title":{"rendered":"Recensione della Giornata svizzera del coaching: il coaching d\u00e0 forma alla trasformazione con successo"},"content":{"rendered":"<figure id=\"attachment_37946\" aria-describedby=\"caption-attachment-37946\" style=\"width: 680px\" class=\"wp-caption alignnone\"><img loading=\"lazy\" decoding=\"async\" class=\"size-full wp-image-37946\" src=\"https:\/\/www.organisator.ch\/wp-content\/uploads\/2025\/04\/Rueckblick-Swiss-Coaching-Day-Coaching-gestaltet-Transformation-erfolgreich-1_Organisator.jpg\" alt=\"\" width=\"680\" height=\"453\" srcset=\"https:\/\/www.organisator.ch\/wp-content\/uploads\/2025\/04\/Rueckblick-Swiss-Coaching-Day-Coaching-gestaltet-Transformation-erfolgreich-1_Organisator.jpg 680w, https:\/\/www.organisator.ch\/wp-content\/uploads\/2025\/04\/Rueckblick-Swiss-Coaching-Day-Coaching-gestaltet-Transformation-erfolgreich-1_Organisator-18x12.jpg 18w, https:\/\/www.organisator.ch\/wp-content\/uploads\/2025\/04\/Rueckblick-Swiss-Coaching-Day-Coaching-gestaltet-Transformation-erfolgreich-1_Organisator-375x250.jpg 375w, https:\/\/www.organisator.ch\/wp-content\/uploads\/2025\/04\/Rueckblick-Swiss-Coaching-Day-Coaching-gestaltet-Transformation-erfolgreich-1_Organisator-525x350.jpg 525w\" sizes=\"auto, (max-width: 680px) 100vw, 680px\" \/><figcaption id=\"caption-attachment-37946\" class=\"wp-caption-text\">Il secondo Swiss Coaching Day si \u00e8 svolto con circa 200 partecipanti. (Immagine: Associazione svizzera dei coach)<\/figcaption><\/figure>\n<p>Il coaching non \u00e8 un lusso, ma una competenza cruciale per il futuro: l'importanza del supporto e della consulenza professionale \u00e8 stata al centro della seconda edizione dello Swiss Coaching Day. Pi\u00f9 di 200 esperti dei settori del coaching, del mentoring, delle risorse umane e della leadership si sono incontrati in questo evento nella Champions Lounge dello Stadio Wankdorf di Berna per discutere di processi di cambiamento, nuovi ambienti di lavoro e competenze chiave per la trasformazione.<\/p>\n<h3>Promuovere una leadership basata sull'empowerment<\/h3>\n<p>Il ruolo dei coach e il futuro del lavoro sono stati evidenziati dal relatore principale, il Prof. Dr. Carsten C. Schermuly, che ha sottolineato l'importanza dell'empowerment psicologico. Esso si basa su tre dimensioni: Autodeterminazione, significato, competenza e influenza. Questo<br \/>\nSecondo il famoso psicologo aziendale e autore tedesco, l'obiettivo del New Work deve essere quello di promuovere l'empowerment. Egli raccomanda ai coach di promuovere e misurare l'esperienza dell'empowerment in se stessi, nella consulenza e in interi team. E la leadership che<br \/>\nbasato sull'empowerment.<\/p>\n<h3>Accompagnare i processi di cambiamento<\/h3>\n<p>Anche Nathalie Hauenstein, che ha affrontato il tema del ricambio generazionale nell'azienda familiare, si \u00e8 espressa a favore di una gestione orientata al coaching. \"Il futuro ha bisogno di origini\", ha spiegato l'amministratore delegato della divisione alberghiera dell'omonimo gruppo familiare dell'Oberland bernese. Non \u00e8 necessario cambiare tutto perch\u00e9 si ha un'opinione diversa. Una PMI su tre non riesce a trovare un successore adeguato, secondo Hauenstein, che sostiene i processi di cambiamento sia all'interno del gruppo sia all'esterno come mentore aziendale. Consiglia esplicitamente di ricorrere a consulenze esterne. \"Qui abbiamo bisogno di consulenti e coach\".<\/p>\n<h3>\u00c8 necessaria una specializzazione<\/h3>\n<p>Zehra Sirin, che lavora come membro del consiglio di amministrazione e coach agile a vari livelli, ha condiviso le sue esperienze con il coaching come strumento di gestione nelle fusioni. \"Il coaching non deve essere un'eccezione perch\u00e9 \u00e8 di moda\", ha detto, \"deve essere parte integrante di ogni azienda oggi\". Tuttavia, il coaching non \u00e8 fine a se stesso; \u00e8 un aiuto per l'auto-aiuto per il successo della leadership, della trasformazione e della gestione aziendale. Allo stesso tempo, l'autrice si \u00e8 espressa chiaramente a favore della specializzazione. I professionisti della gestione dei conflitti e della cultura sono molto richiesti.<\/p>\n<figure id=\"attachment_37947\" aria-describedby=\"caption-attachment-37947\" style=\"width: 680px\" class=\"wp-caption alignnone\"><img loading=\"lazy\" decoding=\"async\" class=\"wp-image-37947 size-full\" src=\"https:\/\/www.organisator.ch\/wp-content\/uploads\/2025\/04\/Rueckblick-Swiss-Coaching-Day-Coaching-gestaltet-Transformation-erfolgreich-2_Organisator.jpg\" alt=\"\" width=\"680\" height=\"504\" srcset=\"https:\/\/www.organisator.ch\/wp-content\/uploads\/2025\/04\/Rueckblick-Swiss-Coaching-Day-Coaching-gestaltet-Transformation-erfolgreich-2_Organisator.jpg 680w, https:\/\/www.organisator.ch\/wp-content\/uploads\/2025\/04\/Rueckblick-Swiss-Coaching-Day-Coaching-gestaltet-Transformation-erfolgreich-2_Organisator-16x12.jpg 16w, https:\/\/www.organisator.ch\/wp-content\/uploads\/2025\/04\/Rueckblick-Swiss-Coaching-Day-Coaching-gestaltet-Transformation-erfolgreich-2_Organisator-375x278.jpg 375w, https:\/\/www.organisator.ch\/wp-content\/uploads\/2025\/04\/Rueckblick-Swiss-Coaching-Day-Coaching-gestaltet-Transformation-erfolgreich-2_Organisator-472x350.jpg 472w\" sizes=\"auto, (max-width: 680px) 100vw, 680px\" \/><figcaption id=\"caption-attachment-37947\" class=\"wp-caption-text\">Cambio alla presidenza dell'Associazione Svizzera di Coaching: Nadia Abdelli succede ad Adrian H\u00e4ssig. (Immagine: Associazione Svizzera Allenatori)<\/figcaption><\/figure>\n<h3>Congresso popolare per l'industria del coaching e i partner<\/h3>\n<p>Lo Swiss Coaching Day \u00e8 stato organizzato ancora una volta dalla Swiss Coaching Association (SCA) e, oltre a conoscenze approfondite, ha offerto anche spazio per l'incontro, ad esempio sul mercato o durante la discussione conclusiva davanti a un drink. Workshop su resilienza, intervisione<br \/>\ne lo sviluppo personale hanno completato la giornata.<\/p>\n<p>\"Con la Giornata svizzera del coaching abbiamo creato un format che si irradia al di l\u00e0 della nostra associazione. L'apertura, la curiosit\u00e0 e il senso di appartenenza che si percepiscono qui dimostrano che il coaching \u00e8 arrivato al centro della societ\u00e0\", ha riassunto il presidente uscente Adrian H\u00e4ssig nel suo discorso di commiato. Al suo posto, Nadia Abdelli guider\u00e0 l'associazione con i suoi 500 membri verso il futuro. L'impegno di Adrian H\u00e4ssig ha affinato il profilo del CSA e rafforzato i partenariati con le istituzioni educative e le aziende. La sua visione di un evento di pi\u00f9 giorni continua a vivere - sotto una nuova guida.<\/p>\n<p><a href=\"http:\/\/www.swisscoachingday.ch\"><em>www.swisscoachingday.ch<\/em><\/a><\/p>","protected":false},"excerpt":{"rendered":"<p>La seconda edizione dello Swiss Coaching Day \u00e8 stata in grado di mostrare come il coaching professionale accompagni le persone e le organizzazioni attraverso il cambiamento. Con keynote informative, workshop pratici e un panel di alto livello, l'evento \u00e8 stato un incontro di settore per tutti coloro che sostengono il cambiamento.<\/p>","protected":false},"author":4,"featured_media":37946,"comment_status":"closed","ping_status":"closed","sticky":false,"template":"","format":"standard","meta":{"_acf_changed":false,"_yoast_wpseo_focuskw":"Swiss Coaching Day","_yoast_wpseo_metadesc":"Der zweite Swiss Coaching Day vermochte zu zeigen, wie professionelles Coaching Menschen und Organisationen durch Wandel begleitet.","articlekey":"","footnotes":""},"categories":[28],"tags":[112,126,193,335],"class_list":["post-37944","post","type-post","status-publish","format-standard","has-post-thumbnail","hentry","category-management","tag-change-management","tag-coaching","tag-fachkongressfachmesse","tag-management-und-unternehmensfuehrung"],"acf":[],"yoast_head":"<!-- This site is optimized with the Yoast SEO plugin v27.5 - https:\/\/yoast.com\/product\/yoast-seo-wordpress\/ -->\n<title>R\u00fcckblick Swiss Coaching Day: Coaching gestaltet Transformation erfolgreich - Organisator<\/title>\n<meta name=\"description\" content=\"Der zweite Swiss Coaching Day vermochte zu zeigen, wie professionelles Coaching Menschen und Organisationen durch Wandel begleitet.\" \/>\n<meta name=\"robots\" content=\"index, follow, max-snippet:-1, max-image-preview:large, max-video-preview:-1\" \/>\n<link rel=\"canonical\" href=\"https:\/\/www.organisator.ch\/it\/gestione-2\/2025-04-24\/rueckblick-swiss-coaching-day-coaching-gestaltet-transformation-erfolgreich\/\" \/>\n<meta property=\"og:locale\" content=\"it_IT\" \/>\n<meta property=\"og:type\" content=\"article\" \/>\n<meta property=\"og:title\" content=\"R\u00fcckblick Swiss Coaching Day: Coaching gestaltet Transformation erfolgreich - Organisator\" \/>\n<meta property=\"og:description\" content=\"Der zweite Swiss Coaching Day vermochte zu zeigen, wie professionelles Coaching Menschen und Organisationen durch Wandel begleitet.\" \/>\n<meta property=\"og:url\" content=\"https:\/\/www.organisator.ch\/it\/gestione-2\/2025-04-24\/rueckblick-swiss-coaching-day-coaching-gestaltet-transformation-erfolgreich\/\" \/>\n<meta property=\"og:site_name\" content=\"Organisator\" \/>\n<meta property=\"article:publisher\" content=\"https:\/\/www.facebook.com\/OrganisatorFachmagazin\" \/>\n<meta property=\"article:published_time\" content=\"2025-04-24T14:31:49+00:00\" \/>\n<meta property=\"og:image\" content=\"https:\/\/www.organisator.ch\/wp-content\/uploads\/2025\/04\/Rueckblick-Swiss-Coaching-Day-Coaching-gestaltet-Transformation-erfolgreich-1_Organisator.jpg\" \/>\n\t<meta property=\"og:image:width\" content=\"680\" \/>\n\t<meta property=\"og:image:height\" content=\"453\" \/>\n\t<meta property=\"og:image:type\" content=\"image\/jpeg\" \/>\n<meta name=\"author\" content=\"thomas.berner\" \/>\n<meta name=\"twitter:card\" content=\"summary_large_image\" \/>\n<script type=\"application\/ld+json\" class=\"yoast-schema-graph\">{\"@context\":\"https:\\\/\\\/schema.org\",\"@graph\":[{\"@type\":\"Article\",\"@id\":\"https:\\\/\\\/www.organisator.ch\\\/management\\\/2025-04-24\\\/rueckblick-swiss-coaching-day-coaching-gestaltet-transformation-erfolgreich\\\/#article\",\"isPartOf\":{\"@id\":\"https:\\\/\\\/www.organisator.ch\\\/management\\\/2025-04-24\\\/rueckblick-swiss-coaching-day-coaching-gestaltet-transformation-erfolgreich\\\/\"},\"author\":{\"name\":\"thomas.berner\",\"@id\":\"https:\\\/\\\/www.organisator.ch\\\/#\\\/schema\\\/person\\\/6f650f90b2842cd4c0cc334b4e36f67e\"},\"headline\":\"R\u00fcckblick Swiss Coaching Day: Coaching gestaltet Transformation erfolgreich\",\"datePublished\":\"2025-04-24T14:31:49+00:00\",\"mainEntityOfPage\":{\"@id\":\"https:\\\/\\\/www.organisator.ch\\\/management\\\/2025-04-24\\\/rueckblick-swiss-coaching-day-coaching-gestaltet-transformation-erfolgreich\\\/\"},\"wordCount\":536,\"publisher\":{\"@id\":\"https:\\\/\\\/www.organisator.ch\\\/#organization\"},\"image\":{\"@id\":\"https:\\\/\\\/www.organisator.ch\\\/management\\\/2025-04-24\\\/rueckblick-swiss-coaching-day-coaching-gestaltet-transformation-erfolgreich\\\/#primaryimage\"},\"thumbnailUrl\":\"https:\\\/\\\/www.organisator.ch\\\/wp-content\\\/uploads\\\/2025\\\/04\\\/Rueckblick-Swiss-Coaching-Day-Coaching-gestaltet-Transformation-erfolgreich-1_Organisator.jpg\",\"keywords\":[\"Change Management\",\"Coaching\",\"Fachkongress\\\/Fachmesse\",\"Management und Unternehmensf\u00fchrung\"],\"articleSection\":[\"MANAGEMENT\"],\"inLanguage\":\"it-IT\"},{\"@type\":\"WebPage\",\"@id\":\"https:\\\/\\\/www.organisator.ch\\\/management\\\/2025-04-24\\\/rueckblick-swiss-coaching-day-coaching-gestaltet-transformation-erfolgreich\\\/\",\"url\":\"https:\\\/\\\/www.organisator.ch\\\/management\\\/2025-04-24\\\/rueckblick-swiss-coaching-day-coaching-gestaltet-transformation-erfolgreich\\\/\",\"name\":\"R\u00fcckblick Swiss Coaching Day: Coaching gestaltet Transformation erfolgreich - Organisator\",\"isPartOf\":{\"@id\":\"https:\\\/\\\/www.organisator.ch\\\/#website\"},\"primaryImageOfPage\":{\"@id\":\"https:\\\/\\\/www.organisator.ch\\\/management\\\/2025-04-24\\\/rueckblick-swiss-coaching-day-coaching-gestaltet-transformation-erfolgreich\\\/#primaryimage\"},\"image\":{\"@id\":\"https:\\\/\\\/www.organisator.ch\\\/management\\\/2025-04-24\\\/rueckblick-swiss-coaching-day-coaching-gestaltet-transformation-erfolgreich\\\/#primaryimage\"},\"thumbnailUrl\":\"https:\\\/\\\/www.organisator.ch\\\/wp-content\\\/uploads\\\/2025\\\/04\\\/Rueckblick-Swiss-Coaching-Day-Coaching-gestaltet-Transformation-erfolgreich-1_Organisator.jpg\",\"datePublished\":\"2025-04-24T14:31:49+00:00\",\"description\":\"Der zweite Swiss Coaching Day vermochte zu zeigen, wie professionelles Coaching Menschen und Organisationen durch Wandel begleitet.\",\"breadcrumb\":{\"@id\":\"https:\\\/\\\/www.organisator.ch\\\/management\\\/2025-04-24\\\/rueckblick-swiss-coaching-day-coaching-gestaltet-transformation-erfolgreich\\\/#breadcrumb\"},\"inLanguage\":\"it-IT\",\"potentialAction\":[{\"@type\":\"ReadAction\",\"target\":[\"https:\\\/\\\/www.organisator.ch\\\/management\\\/2025-04-24\\\/rueckblick-swiss-coaching-day-coaching-gestaltet-transformation-erfolgreich\\\/\"]}]},{\"@type\":\"ImageObject\",\"inLanguage\":\"it-IT\",\"@id\":\"https:\\\/\\\/www.organisator.ch\\\/management\\\/2025-04-24\\\/rueckblick-swiss-coaching-day-coaching-gestaltet-transformation-erfolgreich\\\/#primaryimage\",\"url\":\"https:\\\/\\\/www.organisator.ch\\\/wp-content\\\/uploads\\\/2025\\\/04\\\/Rueckblick-Swiss-Coaching-Day-Coaching-gestaltet-Transformation-erfolgreich-1_Organisator.jpg\",\"contentUrl\":\"https:\\\/\\\/www.organisator.ch\\\/wp-content\\\/uploads\\\/2025\\\/04\\\/Rueckblick-Swiss-Coaching-Day-Coaching-gestaltet-Transformation-erfolgreich-1_Organisator.jpg\",\"width\":680,\"height\":453,\"caption\":\"Der zweite Swiss Coaching Day fand mit rund 200 Teilnehmenden statt. (Bild: Swiss Coaching Association)\"},{\"@type\":\"BreadcrumbList\",\"@id\":\"https:\\\/\\\/www.organisator.ch\\\/management\\\/2025-04-24\\\/rueckblick-swiss-coaching-day-coaching-gestaltet-transformation-erfolgreich\\\/#breadcrumb\",\"itemListElement\":[{\"@type\":\"ListItem\",\"position\":1,\"name\":\"Home\",\"item\":\"https:\\\/\\\/www.organisator.ch\\\/\"},{\"@type\":\"ListItem\",\"position\":2,\"name\":\"R\u00fcckblick Swiss Coaching Day: Coaching gestaltet Transformation erfolgreich\"}]},{\"@type\":\"WebSite\",\"@id\":\"https:\\\/\\\/www.organisator.ch\\\/#website\",\"url\":\"https:\\\/\\\/www.organisator.ch\\\/\",\"name\":\"Organisator\",\"description\":\"Kompetent. Praxisnah. Der ORGANISATOR bereitet in 10 Ausgaben pro Jahr die wesentlichen Themen f\u00fcr F\u00fchrungskr\u00e4fte von KMU auf.\",\"publisher\":{\"@id\":\"https:\\\/\\\/www.organisator.ch\\\/#organization\"},\"potentialAction\":[{\"@type\":\"SearchAction\",\"target\":{\"@type\":\"EntryPoint\",\"urlTemplate\":\"https:\\\/\\\/www.organisator.ch\\\/?s={search_term_string}\"},\"query-input\":{\"@type\":\"PropertyValueSpecification\",\"valueRequired\":true,\"valueName\":\"search_term_string\"}}],\"inLanguage\":\"it-IT\"},{\"@type\":\"Organization\",\"@id\":\"https:\\\/\\\/www.organisator.ch\\\/#organization\",\"name\":\"Organisator\",\"url\":\"https:\\\/\\\/www.organisator.ch\\\/\",\"logo\":{\"@type\":\"ImageObject\",\"inLanguage\":\"it-IT\",\"@id\":\"https:\\\/\\\/www.organisator.ch\\\/#\\\/schema\\\/logo\\\/image\\\/\",\"url\":\"https:\\\/\\\/www.organisator.ch\\\/wp-content\\\/uploads\\\/2022\\\/01\\\/Logo_Organisator_Website.png\",\"contentUrl\":\"https:\\\/\\\/www.organisator.ch\\\/wp-content\\\/uploads\\\/2022\\\/01\\\/Logo_Organisator_Website.png\",\"width\":800,\"height\":77,\"caption\":\"Organisator\"},\"image\":{\"@id\":\"https:\\\/\\\/www.organisator.ch\\\/#\\\/schema\\\/logo\\\/image\\\/\"},\"sameAs\":[\"https:\\\/\\\/www.facebook.com\\\/OrganisatorFachmagazin\",\"https:\\\/\\\/www.linkedin.com\\\/showcase\\\/organisator-das-magazin-fr-kmu\",\"https:\\\/\\\/www.xing.com\\\/news\\\/pages\\\/organisator-ch-695\",\"https:\\\/\\\/www.youtube.com\\\/channel\\\/UCGP2Sq0iWaZwT3BdIAQFYpw\"]},{\"@type\":\"Person\",\"@id\":\"https:\\\/\\\/www.organisator.ch\\\/#\\\/schema\\\/person\\\/6f650f90b2842cd4c0cc334b4e36f67e\",\"name\":\"thomas.berner\",\"image\":{\"@type\":\"ImageObject\",\"inLanguage\":\"it-IT\",\"@id\":\"https:\\\/\\\/secure.gravatar.com\\\/avatar\\\/ac5001d2a36cb6c6cd3e50789007ffca834b477b74a2144564522e944eabff61?s=96&d=mm&r=g\",\"url\":\"https:\\\/\\\/secure.gravatar.com\\\/avatar\\\/ac5001d2a36cb6c6cd3e50789007ffca834b477b74a2144564522e944eabff61?s=96&d=mm&r=g\",\"contentUrl\":\"https:\\\/\\\/secure.gravatar.com\\\/avatar\\\/ac5001d2a36cb6c6cd3e50789007ffca834b477b74a2144564522e944eabff61?s=96&d=mm&r=g\",\"caption\":\"thomas.berner\"},\"url\":\"https:\\\/\\\/www.organisator.ch\\\/it\\\/author\\\/thomas-berner\\\/\"}]}<\/script>\n<!-- \/ Yoast SEO plugin. -->","yoast_head_json":{"title":"Recensione della Giornata svizzera del coaching: il coaching d\u00e0 forma alla trasformazione con successo - Organizzatore","description":"Il secondo Swiss Coaching Day \u00e8 stato in grado di mostrare come il coaching professionale accompagni le persone e le organizzazioni attraverso il cambiamento.","robots":{"index":"index","follow":"follow","max-snippet":"max-snippet:-1","max-image-preview":"max-image-preview:large","max-video-preview":"max-video-preview:-1"},"canonical":"https:\/\/www.organisator.ch\/it\/gestione-2\/2025-04-24\/rueckblick-swiss-coaching-day-coaching-gestaltet-transformation-erfolgreich\/","og_locale":"it_IT","og_type":"article","og_title":"R\u00fcckblick Swiss Coaching Day: Coaching gestaltet Transformation erfolgreich - Organisator","og_description":"Der zweite Swiss Coaching Day vermochte zu zeigen, wie professionelles Coaching Menschen und Organisationen durch Wandel begleitet.","og_url":"https:\/\/www.organisator.ch\/it\/gestione-2\/2025-04-24\/rueckblick-swiss-coaching-day-coaching-gestaltet-transformation-erfolgreich\/","og_site_name":"Organisator","article_publisher":"https:\/\/www.facebook.com\/OrganisatorFachmagazin","article_published_time":"2025-04-24T14:31:49+00:00","og_image":[{"width":680,"height":453,"url":"https:\/\/www.organisator.ch\/wp-content\/uploads\/2025\/04\/Rueckblick-Swiss-Coaching-Day-Coaching-gestaltet-Transformation-erfolgreich-1_Organisator.jpg","type":"image\/jpeg"}],"author":"thomas.berner","twitter_card":"summary_large_image","schema":{"@context":"https:\/\/schema.org","@graph":[{"@type":"Article","@id":"https:\/\/www.organisator.ch\/management\/2025-04-24\/rueckblick-swiss-coaching-day-coaching-gestaltet-transformation-erfolgreich\/#article","isPartOf":{"@id":"https:\/\/www.organisator.ch\/management\/2025-04-24\/rueckblick-swiss-coaching-day-coaching-gestaltet-transformation-erfolgreich\/"},"author":{"name":"thomas.berner","@id":"https:\/\/www.organisator.ch\/#\/schema\/person\/6f650f90b2842cd4c0cc334b4e36f67e"},"headline":"R\u00fcckblick Swiss Coaching Day: Coaching gestaltet Transformation erfolgreich","datePublished":"2025-04-24T14:31:49+00:00","mainEntityOfPage":{"@id":"https:\/\/www.organisator.ch\/management\/2025-04-24\/rueckblick-swiss-coaching-day-coaching-gestaltet-transformation-erfolgreich\/"},"wordCount":536,"publisher":{"@id":"https:\/\/www.organisator.ch\/#organization"},"image":{"@id":"https:\/\/www.organisator.ch\/management\/2025-04-24\/rueckblick-swiss-coaching-day-coaching-gestaltet-transformation-erfolgreich\/#primaryimage"},"thumbnailUrl":"https:\/\/www.organisator.ch\/wp-content\/uploads\/2025\/04\/Rueckblick-Swiss-Coaching-Day-Coaching-gestaltet-Transformation-erfolgreich-1_Organisator.jpg","keywords":["Change Management","Coaching","Fachkongress\/Fachmesse","Management und Unternehmensf\u00fchrung"],"articleSection":["MANAGEMENT"],"inLanguage":"it-IT"},{"@type":"WebPage","@id":"https:\/\/www.organisator.ch\/management\/2025-04-24\/rueckblick-swiss-coaching-day-coaching-gestaltet-transformation-erfolgreich\/","url":"https:\/\/www.organisator.ch\/management\/2025-04-24\/rueckblick-swiss-coaching-day-coaching-gestaltet-transformation-erfolgreich\/","name":"Recensione della Giornata svizzera del coaching: il coaching d\u00e0 forma alla trasformazione con successo - Organizzatore","isPartOf":{"@id":"https:\/\/www.organisator.ch\/#website"},"primaryImageOfPage":{"@id":"https:\/\/www.organisator.ch\/management\/2025-04-24\/rueckblick-swiss-coaching-day-coaching-gestaltet-transformation-erfolgreich\/#primaryimage"},"image":{"@id":"https:\/\/www.organisator.ch\/management\/2025-04-24\/rueckblick-swiss-coaching-day-coaching-gestaltet-transformation-erfolgreich\/#primaryimage"},"thumbnailUrl":"https:\/\/www.organisator.ch\/wp-content\/uploads\/2025\/04\/Rueckblick-Swiss-Coaching-Day-Coaching-gestaltet-Transformation-erfolgreich-1_Organisator.jpg","datePublished":"2025-04-24T14:31:49+00:00","description":"Il secondo Swiss Coaching Day \u00e8 stato in grado di mostrare come il coaching professionale accompagni le persone e le organizzazioni attraverso il cambiamento.","breadcrumb":{"@id":"https:\/\/www.organisator.ch\/management\/2025-04-24\/rueckblick-swiss-coaching-day-coaching-gestaltet-transformation-erfolgreich\/#breadcrumb"},"inLanguage":"it-IT","potentialAction":[{"@type":"ReadAction","target":["https:\/\/www.organisator.ch\/management\/2025-04-24\/rueckblick-swiss-coaching-day-coaching-gestaltet-transformation-erfolgreich\/"]}]},{"@type":"ImageObject","inLanguage":"it-IT","@id":"https:\/\/www.organisator.ch\/management\/2025-04-24\/rueckblick-swiss-coaching-day-coaching-gestaltet-transformation-erfolgreich\/#primaryimage","url":"https:\/\/www.organisator.ch\/wp-content\/uploads\/2025\/04\/Rueckblick-Swiss-Coaching-Day-Coaching-gestaltet-Transformation-erfolgreich-1_Organisator.jpg","contentUrl":"https:\/\/www.organisator.ch\/wp-content\/uploads\/2025\/04\/Rueckblick-Swiss-Coaching-Day-Coaching-gestaltet-Transformation-erfolgreich-1_Organisator.jpg","width":680,"height":453,"caption":"Der zweite Swiss Coaching Day fand mit rund 200 Teilnehmenden statt. (Bild: Swiss Coaching Association)"},{"@type":"BreadcrumbList","@id":"https:\/\/www.organisator.ch\/management\/2025-04-24\/rueckblick-swiss-coaching-day-coaching-gestaltet-transformation-erfolgreich\/#breadcrumb","itemListElement":[{"@type":"ListItem","position":1,"name":"Home","item":"https:\/\/www.organisator.ch\/"},{"@type":"ListItem","position":2,"name":"R\u00fcckblick Swiss Coaching Day: Coaching gestaltet Transformation erfolgreich"}]},{"@type":"WebSite","@id":"https:\/\/www.organisator.ch\/#website","url":"https:\/\/www.organisator.ch\/","name":"Organizzatore","description":"Competente. Pratico. In 10 numeri all'anno, ORGANISATOR presenta i temi essenziali per i manager delle PMI.","publisher":{"@id":"https:\/\/www.organisator.ch\/#organization"},"potentialAction":[{"@type":"SearchAction","target":{"@type":"EntryPoint","urlTemplate":"https:\/\/www.organisator.ch\/?s={search_term_string}"},"query-input":{"@type":"PropertyValueSpecification","valueRequired":true,"valueName":"search_term_string"}}],"inLanguage":"it-IT"},{"@type":"Organization","@id":"https:\/\/www.organisator.ch\/#organization","name":"Organizzatore","url":"https:\/\/www.organisator.ch\/","logo":{"@type":"ImageObject","inLanguage":"it-IT","@id":"https:\/\/www.organisator.ch\/#\/schema\/logo\/image\/","url":"https:\/\/www.organisator.ch\/wp-content\/uploads\/2022\/01\/Logo_Organisator_Website.png","contentUrl":"https:\/\/www.organisator.ch\/wp-content\/uploads\/2022\/01\/Logo_Organisator_Website.png","width":800,"height":77,"caption":"Organisator"},"image":{"@id":"https:\/\/www.organisator.ch\/#\/schema\/logo\/image\/"},"sameAs":["https:\/\/www.facebook.com\/OrganisatorFachmagazin","https:\/\/www.linkedin.com\/showcase\/organisator-das-magazin-fr-kmu","https:\/\/www.xing.com\/news\/pages\/organisator-ch-695","https:\/\/www.youtube.com\/channel\/UCGP2Sq0iWaZwT3BdIAQFYpw"]},{"@type":"Person","@id":"https:\/\/www.organisator.ch\/#\/schema\/person\/6f650f90b2842cd4c0cc334b4e36f67e","name":"Tommaso.berner","image":{"@type":"ImageObject","inLanguage":"it-IT","@id":"https:\/\/secure.gravatar.com\/avatar\/ac5001d2a36cb6c6cd3e50789007ffca834b477b74a2144564522e944eabff61?s=96&d=mm&r=g","url":"https:\/\/secure.gravatar.com\/avatar\/ac5001d2a36cb6c6cd3e50789007ffca834b477b74a2144564522e944eabff61?s=96&d=mm&r=g","contentUrl":"https:\/\/secure.gravatar.com\/avatar\/ac5001d2a36cb6c6cd3e50789007ffca834b477b74a2144564522e944eabff61?s=96&d=mm&r=g","caption":"thomas.berner"},"url":"https:\/\/www.organisator.ch\/it\/author\/thomas-berner\/"}]}},"_links":{"self":[{"href":"https:\/\/www.organisator.ch\/it\/wp-json\/wp\/v2\/posts\/37944","targetHints":{"allow":["GET"]}}],"collection":[{"href":"https:\/\/www.organisator.ch\/it\/wp-json\/wp\/v2\/posts"}],"about":[{"href":"https:\/\/www.organisator.ch\/it\/wp-json\/wp\/v2\/types\/post"}],"author":[{"embeddable":true,"href":"https:\/\/www.organisator.ch\/it\/wp-json\/wp\/v2\/users\/4"}],"replies":[{"embeddable":true,"href":"https:\/\/www.organisator.ch\/it\/wp-json\/wp\/v2\/comments?post=37944"}],"version-history":[{"count":5,"href":"https:\/\/www.organisator.ch\/it\/wp-json\/wp\/v2\/posts\/37944\/revisions"}],"predecessor-version":[{"id":38001,"href":"https:\/\/www.organisator.ch\/it\/wp-json\/wp\/v2\/posts\/37944\/revisions\/38001"}],"wp:featuredmedia":[{"embeddable":true,"href":"https:\/\/www.organisator.ch\/it\/wp-json\/wp\/v2\/media\/37946"}],"wp:attachment":[{"href":"https:\/\/www.organisator.ch\/it\/wp-json\/wp\/v2\/media?parent=37944"}],"wp:term":[{"taxonomy":"category","embeddable":true,"href":"https:\/\/www.organisator.ch\/it\/wp-json\/wp\/v2\/categories?post=37944"},{"taxonomy":"post_tag","embeddable":true,"href":"https:\/\/www.organisator.ch\/it\/wp-json\/wp\/v2\/tags?post=37944"}],"curies":[{"name":"wp","href":"https:\/\/api.w.org\/{rel}","templated":true}]}}