{"id":37962,"date":"2025-04-24T13:28:19","date_gmt":"2025-04-24T11:28:19","guid":{"rendered":"https:\/\/www.markt-kom.com\/?p=233784"},"modified":"2025-04-25T10:53:31","modified_gmt":"2025-04-25T08:53:31","slug":"felix-adank-tritt-als-managing-partner-von-consign-zurueck","status":"publish","type":"post","link":"https:\/\/www.organisator.ch\/it\/marketing\/2025-04-24\/felix-adank-tritt-als-managing-partner-von-consign-zurueck\/","title":{"rendered":"Felix Adank lascia la carica di socio amministratore di Consign"},"content":{"rendered":"<figure id=\"attachment_233785\" class=\"wp-caption aligncenter\" style=\"width: 543px;\" aria-describedby=\"caption-attachment-233785\"><a href=\"https:\/\/www.markt-kom.com\/wp-content\/uploads\/2025\/04\/consign-Felix-Adank.jpg\"><img class=\"size-full wp-image-233785\" src=\"https:\/\/www.markt-kom.com\/wp-content\/uploads\/2025\/04\/consign-Felix-Adank.jpg\" sizes=\"(max-width: 543px) 100vw, 543px\" srcset=\"https:\/\/www.markt-kom.com\/wp-content\/uploads\/2025\/04\/consign-Felix-Adank.jpg 543w, https:\/\/www.markt-kom.com\/wp-content\/uploads\/2025\/04\/consign-Felix-Adank-16x12.jpg 16w, https:\/\/www.markt-kom.com\/wp-content\/uploads\/2025\/04\/consign-Felix-Adank-233x175.jpg 233w, https:\/\/www.markt-kom.com\/wp-content\/uploads\/2025\/04\/consign-Felix-Adank-467x350.jpg 467w\" alt=\"\" width=\"543\" height=\"407\" \/><\/a>\r\n<figcaption id=\"caption-attachment-233785\" class=\"wp-caption-text\">(Immagine: zVg.)<\/figcaption>\r\n<\/figure>\r\n<p>In un comunicato, l'agenzia ha reso omaggio al Managing Partner uscente Felix Adank, affermando che ha svolto un ruolo fondamentale nel plasmare lo sviluppo strategico e contenutistico dell'agenzia, in particolare nelle relazioni pubbliche e nei social media. Si \u00e8 occupato di numerosi clienti del mondo dell'economia e dell'amministrazione. Ha supportato comuni e citt\u00e0 nell'implementazione comunicativa di progetti di sviluppo del sito e nei processi di partecipazione con la popolazione. Per tre anni ha gestito anche l'ufficio dell'Associazione Smart City di Berna.<\/p>\r\n<p>Prosegue il suo impegno come responsabile del clima e del progetto del <a href=\"https:\/\/stadthitze.be\/\" rel=\"noopener\">\"Mappa di calore urbana intelligente\"<\/a> una rete di monitoraggio online accessibile al pubblico che documenta il calore urbano nella regione di Berna. I mandati esistenti e nuovi dell'agenzia nei settori dei contenuti, delle relazioni con i media e dei social media saranno gestiti in futuro dai due Managing Partner Lorenz Jaggi e Marco Di Piazza. Nell'ambito di questo cambiamento, Consign si concentra sull'espansione mirata delle partnership con agenzie affermate o con persone qualificate di comprovata esperienza. Felix Adank rimarr\u00e0 associato a Consign in qualit\u00e0 di Associated Partner e continuer\u00e0 a gestire singoli mandati e progetti selezionati.<\/p>","protected":false},"excerpt":{"rendered":"<p>Dopo nove anni come Managing Partner dell'agenzia Consign - Identity Communication Design, Felix Adank si ritira dalla gestione operativa a causa dell'et\u00e0. L'agenzia si concentra sull'ampliamento della propria struttura di partner.<\/p>","protected":false},"author":8,"featured_media":0,"comment_status":"closed","ping_status":"closed","sticky":false,"template":"","format":"standard","meta":{"_acf_changed":false,"_yoast_wpseo_focuskw":"Felix Adank","_yoast_wpseo_metadesc":"Nach neun Jahren als Managing Partner bei der Agentur Consign \u2013 Identity Communication Design zieht sich Felix Adank altersbedingt zur\u00fcck.","articlekey":"","footnotes":""},"categories":[29],"tags":[4345,5308,2853,381],"class_list":["post-37962","post","type-post","status-publish","format-standard","hentry","category-marketing","tag-business","tag-consign","tag-jobchange","tag-personalia"],"acf":[],"yoast_head":"<!-- This site is optimized with the Yoast SEO plugin v27.4 - https:\/\/yoast.com\/product\/yoast-seo-wordpress\/ -->\n<title>Felix Adank tritt als Managing Partner von Consign zur\u00fcck - Organisator<\/title>\n<meta name=\"description\" content=\"Nach neun Jahren als Managing Partner bei der Agentur Consign \u2013 Identity Communication Design zieht sich Felix Adank altersbedingt zur\u00fcck.\" \/>\n<meta name=\"robots\" content=\"index, follow, max-snippet:-1, max-image-preview:large, max-video-preview:-1\" \/>\n<link rel=\"canonical\" href=\"https:\/\/www.organisator.ch\/it\/marketing\/2025-04-24\/felix-adank-tritt-als-managing-partner-von-consign-zurueck\/\" \/>\n<meta property=\"og:locale\" content=\"it_IT\" \/>\n<meta property=\"og:type\" content=\"article\" \/>\n<meta property=\"og:title\" content=\"Felix Adank tritt als Managing Partner von Consign zur\u00fcck - Organisator\" \/>\n<meta property=\"og:description\" content=\"Nach neun Jahren als Managing Partner bei der Agentur Consign \u2013 Identity Communication Design zieht sich Felix Adank altersbedingt zur\u00fcck.\" \/>\n<meta property=\"og:url\" content=\"https:\/\/www.organisator.ch\/it\/marketing\/2025-04-24\/felix-adank-tritt-als-managing-partner-von-consign-zurueck\/\" \/>\n<meta property=\"og:site_name\" content=\"Organisator\" \/>\n<meta property=\"article:publisher\" content=\"https:\/\/www.facebook.com\/OrganisatorFachmagazin\" \/>\n<meta property=\"article:published_time\" content=\"2025-04-24T11:28:19+00:00\" \/>\n<meta property=\"article:modified_time\" content=\"2025-04-25T08:53:31+00:00\" \/>\n<meta name=\"author\" content=\"galledia\" \/>\n<meta name=\"twitter:card\" content=\"summary_large_image\" \/>\n<meta name=\"twitter:creator\" content=\"@admin\" \/>\n<script type=\"application\/ld+json\" class=\"yoast-schema-graph\">{\"@context\":\"https:\\\/\\\/schema.org\",\"@graph\":[{\"@type\":\"Article\",\"@id\":\"https:\\\/\\\/www.organisator.ch\\\/marketing\\\/2025-04-24\\\/felix-adank-tritt-als-managing-partner-von-consign-zurueck\\\/#article\",\"isPartOf\":{\"@id\":\"https:\\\/\\\/www.organisator.ch\\\/marketing\\\/2025-04-24\\\/felix-adank-tritt-als-managing-partner-von-consign-zurueck\\\/\"},\"author\":{\"name\":\"galledia\",\"@id\":\"https:\\\/\\\/www.organisator.ch\\\/#\\\/schema\\\/person\\\/4e51799071cd2dd1232ac003643ef5f0\"},\"headline\":\"Felix Adank tritt als Managing Partner von Consign zur\u00fcck\",\"datePublished\":\"2025-04-24T11:28:19+00:00\",\"dateModified\":\"2025-04-25T08:53:31+00:00\",\"mainEntityOfPage\":{\"@id\":\"https:\\\/\\\/www.organisator.ch\\\/marketing\\\/2025-04-24\\\/felix-adank-tritt-als-managing-partner-von-consign-zurueck\\\/\"},\"wordCount\":188,\"publisher\":{\"@id\":\"https:\\\/\\\/www.organisator.ch\\\/#organization\"},\"image\":{\"@id\":\"https:\\\/\\\/www.organisator.ch\\\/marketing\\\/2025-04-24\\\/felix-adank-tritt-als-managing-partner-von-consign-zurueck\\\/#primaryimage\"},\"thumbnailUrl\":\"https:\\\/\\\/www.markt-kom.com\\\/wp-content\\\/uploads\\\/2025\\\/04\\\/consign-Felix-Adank.jpg\",\"keywords\":[\"Business\",\"Consign\",\"Jobchange\",\"Personalia\"],\"articleSection\":[\"MARKETING\"],\"inLanguage\":\"it-IT\"},{\"@type\":\"WebPage\",\"@id\":\"https:\\\/\\\/www.organisator.ch\\\/marketing\\\/2025-04-24\\\/felix-adank-tritt-als-managing-partner-von-consign-zurueck\\\/\",\"url\":\"https:\\\/\\\/www.organisator.ch\\\/marketing\\\/2025-04-24\\\/felix-adank-tritt-als-managing-partner-von-consign-zurueck\\\/\",\"name\":\"Felix Adank tritt als Managing Partner von Consign zur\u00fcck - Organisator\",\"isPartOf\":{\"@id\":\"https:\\\/\\\/www.organisator.ch\\\/#website\"},\"primaryImageOfPage\":{\"@id\":\"https:\\\/\\\/www.organisator.ch\\\/marketing\\\/2025-04-24\\\/felix-adank-tritt-als-managing-partner-von-consign-zurueck\\\/#primaryimage\"},\"image\":{\"@id\":\"https:\\\/\\\/www.organisator.ch\\\/marketing\\\/2025-04-24\\\/felix-adank-tritt-als-managing-partner-von-consign-zurueck\\\/#primaryimage\"},\"thumbnailUrl\":\"https:\\\/\\\/www.markt-kom.com\\\/wp-content\\\/uploads\\\/2025\\\/04\\\/consign-Felix-Adank.jpg\",\"datePublished\":\"2025-04-24T11:28:19+00:00\",\"dateModified\":\"2025-04-25T08:53:31+00:00\",\"description\":\"Nach neun Jahren als Managing Partner bei der Agentur Consign \u2013 Identity Communication Design zieht sich Felix Adank altersbedingt zur\u00fcck.\",\"breadcrumb\":{\"@id\":\"https:\\\/\\\/www.organisator.ch\\\/marketing\\\/2025-04-24\\\/felix-adank-tritt-als-managing-partner-von-consign-zurueck\\\/#breadcrumb\"},\"inLanguage\":\"it-IT\",\"potentialAction\":[{\"@type\":\"ReadAction\",\"target\":[\"https:\\\/\\\/www.organisator.ch\\\/marketing\\\/2025-04-24\\\/felix-adank-tritt-als-managing-partner-von-consign-zurueck\\\/\"]}]},{\"@type\":\"ImageObject\",\"inLanguage\":\"it-IT\",\"@id\":\"https:\\\/\\\/www.organisator.ch\\\/marketing\\\/2025-04-24\\\/felix-adank-tritt-als-managing-partner-von-consign-zurueck\\\/#primaryimage\",\"url\":\"https:\\\/\\\/www.markt-kom.com\\\/wp-content\\\/uploads\\\/2025\\\/04\\\/consign-Felix-Adank.jpg\",\"contentUrl\":\"https:\\\/\\\/www.markt-kom.com\\\/wp-content\\\/uploads\\\/2025\\\/04\\\/consign-Felix-Adank.jpg\"},{\"@type\":\"BreadcrumbList\",\"@id\":\"https:\\\/\\\/www.organisator.ch\\\/marketing\\\/2025-04-24\\\/felix-adank-tritt-als-managing-partner-von-consign-zurueck\\\/#breadcrumb\",\"itemListElement\":[{\"@type\":\"ListItem\",\"position\":1,\"name\":\"Home\",\"item\":\"https:\\\/\\\/www.organisator.ch\\\/\"},{\"@type\":\"ListItem\",\"position\":2,\"name\":\"Felix Adank tritt als Managing Partner von Consign zur\u00fcck\"}]},{\"@type\":\"WebSite\",\"@id\":\"https:\\\/\\\/www.organisator.ch\\\/#website\",\"url\":\"https:\\\/\\\/www.organisator.ch\\\/\",\"name\":\"Organisator\",\"description\":\"Kompetent. Praxisnah. Der ORGANISATOR bereitet in 10 Ausgaben pro Jahr die wesentlichen Themen f\u00fcr F\u00fchrungskr\u00e4fte von KMU auf.\",\"publisher\":{\"@id\":\"https:\\\/\\\/www.organisator.ch\\\/#organization\"},\"potentialAction\":[{\"@type\":\"SearchAction\",\"target\":{\"@type\":\"EntryPoint\",\"urlTemplate\":\"https:\\\/\\\/www.organisator.ch\\\/?s={search_term_string}\"},\"query-input\":{\"@type\":\"PropertyValueSpecification\",\"valueRequired\":true,\"valueName\":\"search_term_string\"}}],\"inLanguage\":\"it-IT\"},{\"@type\":\"Organization\",\"@id\":\"https:\\\/\\\/www.organisator.ch\\\/#organization\",\"name\":\"Organisator\",\"url\":\"https:\\\/\\\/www.organisator.ch\\\/\",\"logo\":{\"@type\":\"ImageObject\",\"inLanguage\":\"it-IT\",\"@id\":\"https:\\\/\\\/www.organisator.ch\\\/#\\\/schema\\\/logo\\\/image\\\/\",\"url\":\"https:\\\/\\\/www.organisator.ch\\\/wp-content\\\/uploads\\\/2022\\\/01\\\/Logo_Organisator_Website.png\",\"contentUrl\":\"https:\\\/\\\/www.organisator.ch\\\/wp-content\\\/uploads\\\/2022\\\/01\\\/Logo_Organisator_Website.png\",\"width\":800,\"height\":77,\"caption\":\"Organisator\"},\"image\":{\"@id\":\"https:\\\/\\\/www.organisator.ch\\\/#\\\/schema\\\/logo\\\/image\\\/\"},\"sameAs\":[\"https:\\\/\\\/www.facebook.com\\\/OrganisatorFachmagazin\",\"https:\\\/\\\/www.linkedin.com\\\/showcase\\\/organisator-das-magazin-fr-kmu\",\"https:\\\/\\\/www.xing.com\\\/news\\\/pages\\\/organisator-ch-695\",\"https:\\\/\\\/www.youtube.com\\\/channel\\\/UCGP2Sq0iWaZwT3BdIAQFYpw\"]},{\"@type\":\"Person\",\"@id\":\"https:\\\/\\\/www.organisator.ch\\\/#\\\/schema\\\/person\\\/4e51799071cd2dd1232ac003643ef5f0\",\"name\":\"galledia\",\"image\":{\"@type\":\"ImageObject\",\"inLanguage\":\"it-IT\",\"@id\":\"https:\\\/\\\/secure.gravatar.com\\\/avatar\\\/78a7f90c01fc2bfc875782a0d4922b37cde2cf184ce347b91316d23cd7f69a36?s=96&d=mm&r=g\",\"url\":\"https:\\\/\\\/secure.gravatar.com\\\/avatar\\\/78a7f90c01fc2bfc875782a0d4922b37cde2cf184ce347b91316d23cd7f69a36?s=96&d=mm&r=g\",\"contentUrl\":\"https:\\\/\\\/secure.gravatar.com\\\/avatar\\\/78a7f90c01fc2bfc875782a0d4922b37cde2cf184ce347b91316d23cd7f69a36?s=96&d=mm&r=g\",\"caption\":\"galledia\"},\"sameAs\":[\"https:\\\/\\\/x.com\\\/admin\"],\"url\":\"https:\\\/\\\/www.organisator.ch\\\/it\\\/author\\\/galledia\\\/\"}]}<\/script>\n<!-- \/ Yoast SEO plugin. -->","yoast_head_json":{"title":"Felix Adank lascia l'incarico di socio amministratore di Consign - Organiser","description":"Dopo nove anni come Managing Partner dell'agenzia Consign - Identity Communication Design, Felix Adank si ritira per motivi di et\u00e0.","robots":{"index":"index","follow":"follow","max-snippet":"max-snippet:-1","max-image-preview":"max-image-preview:large","max-video-preview":"max-video-preview:-1"},"canonical":"https:\/\/www.organisator.ch\/it\/marketing\/2025-04-24\/felix-adank-tritt-als-managing-partner-von-consign-zurueck\/","og_locale":"it_IT","og_type":"article","og_title":"Felix Adank tritt als Managing Partner von Consign zur\u00fcck - Organisator","og_description":"Nach neun Jahren als Managing Partner bei der Agentur Consign \u2013 Identity Communication Design zieht sich Felix Adank altersbedingt zur\u00fcck.","og_url":"https:\/\/www.organisator.ch\/it\/marketing\/2025-04-24\/felix-adank-tritt-als-managing-partner-von-consign-zurueck\/","og_site_name":"Organisator","article_publisher":"https:\/\/www.facebook.com\/OrganisatorFachmagazin","article_published_time":"2025-04-24T11:28:19+00:00","article_modified_time":"2025-04-25T08:53:31+00:00","author":"galledia","twitter_card":"summary_large_image","twitter_creator":"@admin","schema":{"@context":"https:\/\/schema.org","@graph":[{"@type":"Article","@id":"https:\/\/www.organisator.ch\/marketing\/2025-04-24\/felix-adank-tritt-als-managing-partner-von-consign-zurueck\/#article","isPartOf":{"@id":"https:\/\/www.organisator.ch\/marketing\/2025-04-24\/felix-adank-tritt-als-managing-partner-von-consign-zurueck\/"},"author":{"name":"galledia","@id":"https:\/\/www.organisator.ch\/#\/schema\/person\/4e51799071cd2dd1232ac003643ef5f0"},"headline":"Felix Adank tritt als Managing Partner von Consign zur\u00fcck","datePublished":"2025-04-24T11:28:19+00:00","dateModified":"2025-04-25T08:53:31+00:00","mainEntityOfPage":{"@id":"https:\/\/www.organisator.ch\/marketing\/2025-04-24\/felix-adank-tritt-als-managing-partner-von-consign-zurueck\/"},"wordCount":188,"publisher":{"@id":"https:\/\/www.organisator.ch\/#organization"},"image":{"@id":"https:\/\/www.organisator.ch\/marketing\/2025-04-24\/felix-adank-tritt-als-managing-partner-von-consign-zurueck\/#primaryimage"},"thumbnailUrl":"https:\/\/www.markt-kom.com\/wp-content\/uploads\/2025\/04\/consign-Felix-Adank.jpg","keywords":["Business","Consign","Jobchange","Personalia"],"articleSection":["MARKETING"],"inLanguage":"it-IT"},{"@type":"WebPage","@id":"https:\/\/www.organisator.ch\/marketing\/2025-04-24\/felix-adank-tritt-als-managing-partner-von-consign-zurueck\/","url":"https:\/\/www.organisator.ch\/marketing\/2025-04-24\/felix-adank-tritt-als-managing-partner-von-consign-zurueck\/","name":"Felix Adank lascia l'incarico di socio amministratore di Consign - Organiser","isPartOf":{"@id":"https:\/\/www.organisator.ch\/#website"},"primaryImageOfPage":{"@id":"https:\/\/www.organisator.ch\/marketing\/2025-04-24\/felix-adank-tritt-als-managing-partner-von-consign-zurueck\/#primaryimage"},"image":{"@id":"https:\/\/www.organisator.ch\/marketing\/2025-04-24\/felix-adank-tritt-als-managing-partner-von-consign-zurueck\/#primaryimage"},"thumbnailUrl":"https:\/\/www.markt-kom.com\/wp-content\/uploads\/2025\/04\/consign-Felix-Adank.jpg","datePublished":"2025-04-24T11:28:19+00:00","dateModified":"2025-04-25T08:53:31+00:00","description":"Dopo nove anni come Managing Partner dell'agenzia Consign - Identity Communication Design, Felix Adank si ritira per motivi di et\u00e0.","breadcrumb":{"@id":"https:\/\/www.organisator.ch\/marketing\/2025-04-24\/felix-adank-tritt-als-managing-partner-von-consign-zurueck\/#breadcrumb"},"inLanguage":"it-IT","potentialAction":[{"@type":"ReadAction","target":["https:\/\/www.organisator.ch\/marketing\/2025-04-24\/felix-adank-tritt-als-managing-partner-von-consign-zurueck\/"]}]},{"@type":"ImageObject","inLanguage":"it-IT","@id":"https:\/\/www.organisator.ch\/marketing\/2025-04-24\/felix-adank-tritt-als-managing-partner-von-consign-zurueck\/#primaryimage","url":"https:\/\/www.markt-kom.com\/wp-content\/uploads\/2025\/04\/consign-Felix-Adank.jpg","contentUrl":"https:\/\/www.markt-kom.com\/wp-content\/uploads\/2025\/04\/consign-Felix-Adank.jpg"},{"@type":"BreadcrumbList","@id":"https:\/\/www.organisator.ch\/marketing\/2025-04-24\/felix-adank-tritt-als-managing-partner-von-consign-zurueck\/#breadcrumb","itemListElement":[{"@type":"ListItem","position":1,"name":"Home","item":"https:\/\/www.organisator.ch\/"},{"@type":"ListItem","position":2,"name":"Felix Adank tritt als Managing Partner von Consign zur\u00fcck"}]},{"@type":"WebSite","@id":"https:\/\/www.organisator.ch\/#website","url":"https:\/\/www.organisator.ch\/","name":"Organizzatore","description":"Competente. Pratico. In 10 numeri all'anno, ORGANISATOR presenta i temi essenziali per i manager delle PMI.","publisher":{"@id":"https:\/\/www.organisator.ch\/#organization"},"potentialAction":[{"@type":"SearchAction","target":{"@type":"EntryPoint","urlTemplate":"https:\/\/www.organisator.ch\/?s={search_term_string}"},"query-input":{"@type":"PropertyValueSpecification","valueRequired":true,"valueName":"search_term_string"}}],"inLanguage":"it-IT"},{"@type":"Organization","@id":"https:\/\/www.organisator.ch\/#organization","name":"Organizzatore","url":"https:\/\/www.organisator.ch\/","logo":{"@type":"ImageObject","inLanguage":"it-IT","@id":"https:\/\/www.organisator.ch\/#\/schema\/logo\/image\/","url":"https:\/\/www.organisator.ch\/wp-content\/uploads\/2022\/01\/Logo_Organisator_Website.png","contentUrl":"https:\/\/www.organisator.ch\/wp-content\/uploads\/2022\/01\/Logo_Organisator_Website.png","width":800,"height":77,"caption":"Organisator"},"image":{"@id":"https:\/\/www.organisator.ch\/#\/schema\/logo\/image\/"},"sameAs":["https:\/\/www.facebook.com\/OrganisatorFachmagazin","https:\/\/www.linkedin.com\/showcase\/organisator-das-magazin-fr-kmu","https:\/\/www.xing.com\/news\/pages\/organisator-ch-695","https:\/\/www.youtube.com\/channel\/UCGP2Sq0iWaZwT3BdIAQFYpw"]},{"@type":"Person","@id":"https:\/\/www.organisator.ch\/#\/schema\/person\/4e51799071cd2dd1232ac003643ef5f0","name":"galledia","image":{"@type":"ImageObject","inLanguage":"it-IT","@id":"https:\/\/secure.gravatar.com\/avatar\/78a7f90c01fc2bfc875782a0d4922b37cde2cf184ce347b91316d23cd7f69a36?s=96&d=mm&r=g","url":"https:\/\/secure.gravatar.com\/avatar\/78a7f90c01fc2bfc875782a0d4922b37cde2cf184ce347b91316d23cd7f69a36?s=96&d=mm&r=g","contentUrl":"https:\/\/secure.gravatar.com\/avatar\/78a7f90c01fc2bfc875782a0d4922b37cde2cf184ce347b91316d23cd7f69a36?s=96&d=mm&r=g","caption":"galledia"},"sameAs":["https:\/\/x.com\/admin"],"url":"https:\/\/www.organisator.ch\/it\/author\/galledia\/"}]}},"_links":{"self":[{"href":"https:\/\/www.organisator.ch\/it\/wp-json\/wp\/v2\/posts\/37962","targetHints":{"allow":["GET"]}}],"collection":[{"href":"https:\/\/www.organisator.ch\/it\/wp-json\/wp\/v2\/posts"}],"about":[{"href":"https:\/\/www.organisator.ch\/it\/wp-json\/wp\/v2\/types\/post"}],"author":[{"embeddable":true,"href":"https:\/\/www.organisator.ch\/it\/wp-json\/wp\/v2\/users\/8"}],"replies":[{"embeddable":true,"href":"https:\/\/www.organisator.ch\/it\/wp-json\/wp\/v2\/comments?post=37962"}],"version-history":[{"count":2,"href":"https:\/\/www.organisator.ch\/it\/wp-json\/wp\/v2\/posts\/37962\/revisions"}],"predecessor-version":[{"id":37977,"href":"https:\/\/www.organisator.ch\/it\/wp-json\/wp\/v2\/posts\/37962\/revisions\/37977"}],"wp:attachment":[{"href":"https:\/\/www.organisator.ch\/it\/wp-json\/wp\/v2\/media?parent=37962"}],"wp:term":[{"taxonomy":"category","embeddable":true,"href":"https:\/\/www.organisator.ch\/it\/wp-json\/wp\/v2\/categories?post=37962"},{"taxonomy":"post_tag","embeddable":true,"href":"https:\/\/www.organisator.ch\/it\/wp-json\/wp\/v2\/tags?post=37962"}],"curies":[{"name":"wp","href":"https:\/\/api.w.org\/{rel}","templated":true}]}}