{"id":3800,"date":"2021-02-09T08:00:27","date_gmt":"2021-02-09T07:00:27","guid":{"rendered":"https:\/\/www.umweltperspektiven.ch\/?p=3800"},"modified":"2022-02-09T11:05:31","modified_gmt":"2022-02-09T10:05:31","slug":"covid-19-masken-revolutionieren-strassenbau","status":"publish","type":"post","link":"https:\/\/www.organisator.ch\/it\/sustainability\/2021-02-09\/covid-19-masken-revolutionieren-strassenbau\/","title":{"rendered":"Vecchie maschere Covid per la costruzione di strade"},"content":{"rendered":"<figure id=\"attachment_3801\" aria-describedby=\"caption-attachment-3801\" style=\"width: 680px\" class=\"wp-caption aligncenter\"><img loading=\"lazy\" decoding=\"async\" class=\"size-medium wp-image-3801\" src=\"\/\/www.umweltperspektiven.ch\/wp-content\/uploads\/2021\/02\/Depositphotos_38109265_s-2019.jpg\" alt=\"\" width=\"680\" height=\"454\" \/><figcaption id=\"caption-attachment-3801\" class=\"wp-caption-text\">\u00a9 Depositphotos, wabeno<\/figcaption><\/figure>\n<p>I ricercatori del <a href=\"\/\/rmit.edu.au\">Universit\u00e0 RMIT<\/a>\u00a0utilizzare le maschere protettive non pi\u00f9 necessarie per il contenimento di Covid 19 in forma triturata per la sottostruttura delle strade. L'ingegnere geotecnico Mohammad Saberian e il suo team tagliano le maschere in strisce lunghe circa due centimetri, che aggiungono al materiale di costruzione della strada - per lo pi\u00f9 macerie. Per un chilometro di strada a due corsie servono circa tre milioni di maschere, per un peso totale di 83 tonnellate.<strong>\u00a0<\/strong><\/p>\n<p><strong>Una parte di maschere, 99 parti di macerie<\/strong><\/p>\n<p>L'aggiunta di strisce di mascheratura non solo riduce la quantit\u00e0 di scarti. Inoltre, migliora le propriet\u00e0 del materiale. Diventa pi\u00f9 resistente agli acidi e all'acqua e diventa pi\u00f9 rigido e pi\u00f9 forte, in modo che le strade costruite con esso possano sopportare meglio i carichi. Il rapporto di miscelazione tra una parte di nastro adesivo e 99 parti di scarti edilizi si \u00e8 dimostrato ottimale.<\/p>\n<p>Anche se \u00e8 improbabile che i virus rimasti sulle maschere siano pericolosi dopo qualche giorno (di solito muoiono dopo poche ore se non entrano nel corpo), Saberian suggerisce di studiare l'impatto ambientale dell'uso delle maschere avanzate. Per sicurezza, le maschere usate potrebbero anche essere disinfettate con le microonde. Questo pu\u00f2 essere fatto in pochi minuti.<strong>\u00a0<\/strong><\/p>\n<p><strong>Calcestruzzo con una striscia di mascheratura<\/strong><\/p>\n<p>\"Siamo entusiasti del fatto che questo riciclo di maschere non solo funziona, ma presenta anche reali vantaggi tecnici\", afferma Saberian. Ora vuole scoprire se altri dispositivi di protezione personale utilizzati dal personale medico possono essere utilizzati allo stesso modo, come i camici, che attualmente vengono scartati. Un altro modo per utilizzare le maschere usate \u00e8 incorporarle nel calcestruzzo. Secondo gli scienziati, hanno gi\u00e0 prodotto componenti con questo materiale.<em>\u00a0<\/em><\/p>\n<p><em>Fonte: <a href=\"\/\/www.pressetext.com\">pressetext.redazione<\/a><\/em><\/p>\n<p>&nbsp;<\/p>","protected":false},"excerpt":{"rendered":"<p>Forscher der RMIT University\u00a0verwenden die zur Covid-19-Eind\u00e4mmung nicht mehr ben\u00f6tigten Schutzmasken in geschredderter Form f\u00fcr den Unterbau von Strassen. Geotechnik-Ingenieur Mohammad Saberian und sein Team zerschneiden die Masken in etwa zwei Zentimeter lange Streifen, die sie dem Strassenbaumaterial \u2013 meist Bauschutt \u2013 beigeben. F\u00fcr einen Kilometer einer zweispurigen Strasse ben\u00f6tigen sie etwa drei Millionen Masken, [&hellip;]<\/p>\n","protected":false},"author":6,"featured_media":9762,"comment_status":"closed","ping_status":"closed","sticky":false,"template":"","format":"standard","meta":{"_acf_changed":false,"_yoast_wpseo_focuskw":"Covid-19-Masken","_yoast_wpseo_metadesc":"Geschreddert k\u00f6nnen Covid-19-Masken dem Unterbaumaterial von Strassen beigemischt werden. Einen entsprechenden Praxistest hat eine Universit\u00e4t gemacht.","articlekey":"","footnotes":""},"categories":[580],"tags":[955,1666,2210],"class_list":["post-3800","post","type-post","status-publish","format-standard","has-post-thumbnail","hentry","category-sustainability","tag-covid-19-maske","tag-masken-rezyklieren","tag-strassenbau"],"acf":[],"yoast_head":"<!-- This site is optimized with the Yoast SEO plugin v27.5 - https:\/\/yoast.com\/product\/yoast-seo-wordpress\/ -->\n<title>Alte Covid-Masken f\u00fcr den Strassenbau - Organisator<\/title>\n<meta name=\"description\" content=\"Geschreddert k\u00f6nnen Covid-19-Masken dem Unterbaumaterial von Strassen beigemischt werden. Einen entsprechenden Praxistest hat eine Universit\u00e4t gemacht.\" \/>\n<meta name=\"robots\" content=\"index, follow, max-snippet:-1, max-image-preview:large, max-video-preview:-1\" \/>\n<link rel=\"canonical\" href=\"https:\/\/www.organisator.ch\/it\/sostenibilita\/2021-02-09\/covid-19-masken-revolutionieren-strassenbau\/\" \/>\n<meta property=\"og:locale\" content=\"it_IT\" \/>\n<meta property=\"og:type\" content=\"article\" \/>\n<meta property=\"og:title\" content=\"Alte Covid-Masken f\u00fcr den Strassenbau - Organisator\" \/>\n<meta property=\"og:description\" content=\"Geschreddert k\u00f6nnen Covid-19-Masken dem Unterbaumaterial von Strassen beigemischt werden. Einen entsprechenden Praxistest hat eine Universit\u00e4t gemacht.\" \/>\n<meta property=\"og:url\" content=\"https:\/\/www.organisator.ch\/it\/sostenibilita\/2021-02-09\/covid-19-masken-revolutionieren-strassenbau\/\" \/>\n<meta property=\"og:site_name\" content=\"Organisator\" \/>\n<meta property=\"article:publisher\" content=\"https:\/\/www.facebook.com\/OrganisatorFachmagazin\" \/>\n<meta property=\"article:published_time\" content=\"2021-02-09T07:00:27+00:00\" \/>\n<meta property=\"article:modified_time\" content=\"2022-02-09T10:05:31+00:00\" \/>\n<meta property=\"og:image\" content=\"https:\/\/www.organisator.ch\/wp-content\/uploads\/2021\/02\/Depositphotos_38109265_s-2019.jpg\" \/>\n\t<meta property=\"og:image:width\" content=\"1000\" \/>\n\t<meta property=\"og:image:height\" content=\"667\" \/>\n\t<meta property=\"og:image:type\" content=\"image\/jpeg\" \/>\n<meta name=\"author\" content=\"roger.straessle\" \/>\n<meta name=\"twitter:card\" content=\"summary_large_image\" \/>\n<script type=\"application\/ld+json\" class=\"yoast-schema-graph\">{\"@context\":\"https:\\\/\\\/schema.org\",\"@graph\":[{\"@type\":\"Article\",\"@id\":\"https:\\\/\\\/www.organisator.ch\\\/sustainability\\\/2021-02-09\\\/covid-19-masken-revolutionieren-strassenbau\\\/#article\",\"isPartOf\":{\"@id\":\"https:\\\/\\\/www.organisator.ch\\\/sustainability\\\/2021-02-09\\\/covid-19-masken-revolutionieren-strassenbau\\\/\"},\"author\":{\"name\":\"roger.straessle\",\"@id\":\"https:\\\/\\\/www.organisator.ch\\\/#\\\/schema\\\/person\\\/a800b8c54e208b160517a7dcc323161d\"},\"headline\":\"Alte Covid-Masken f\u00fcr den Strassenbau\",\"datePublished\":\"2021-02-09T07:00:27+00:00\",\"dateModified\":\"2022-02-09T10:05:31+00:00\",\"mainEntityOfPage\":{\"@id\":\"https:\\\/\\\/www.organisator.ch\\\/sustainability\\\/2021-02-09\\\/covid-19-masken-revolutionieren-strassenbau\\\/\"},\"wordCount\":288,\"publisher\":{\"@id\":\"https:\\\/\\\/www.organisator.ch\\\/#organization\"},\"image\":{\"@id\":\"https:\\\/\\\/www.organisator.ch\\\/sustainability\\\/2021-02-09\\\/covid-19-masken-revolutionieren-strassenbau\\\/#primaryimage\"},\"thumbnailUrl\":\"https:\\\/\\\/www.organisator.ch\\\/wp-content\\\/uploads\\\/2021\\\/02\\\/Depositphotos_38109265_s-2019.jpg\",\"keywords\":[\"Covid-19-Maske\",\"Masken rezyklieren\",\"Strassenbau\"],\"articleSection\":[\"SUSTAINABILITY\"],\"inLanguage\":\"it-IT\"},{\"@type\":\"WebPage\",\"@id\":\"https:\\\/\\\/www.organisator.ch\\\/sustainability\\\/2021-02-09\\\/covid-19-masken-revolutionieren-strassenbau\\\/\",\"url\":\"https:\\\/\\\/www.organisator.ch\\\/sustainability\\\/2021-02-09\\\/covid-19-masken-revolutionieren-strassenbau\\\/\",\"name\":\"Alte Covid-Masken f\u00fcr den Strassenbau - Organisator\",\"isPartOf\":{\"@id\":\"https:\\\/\\\/www.organisator.ch\\\/#website\"},\"primaryImageOfPage\":{\"@id\":\"https:\\\/\\\/www.organisator.ch\\\/sustainability\\\/2021-02-09\\\/covid-19-masken-revolutionieren-strassenbau\\\/#primaryimage\"},\"image\":{\"@id\":\"https:\\\/\\\/www.organisator.ch\\\/sustainability\\\/2021-02-09\\\/covid-19-masken-revolutionieren-strassenbau\\\/#primaryimage\"},\"thumbnailUrl\":\"https:\\\/\\\/www.organisator.ch\\\/wp-content\\\/uploads\\\/2021\\\/02\\\/Depositphotos_38109265_s-2019.jpg\",\"datePublished\":\"2021-02-09T07:00:27+00:00\",\"dateModified\":\"2022-02-09T10:05:31+00:00\",\"description\":\"Geschreddert k\u00f6nnen Covid-19-Masken dem Unterbaumaterial von Strassen beigemischt werden. Einen entsprechenden Praxistest hat eine Universit\u00e4t gemacht.\",\"breadcrumb\":{\"@id\":\"https:\\\/\\\/www.organisator.ch\\\/sustainability\\\/2021-02-09\\\/covid-19-masken-revolutionieren-strassenbau\\\/#breadcrumb\"},\"inLanguage\":\"it-IT\",\"potentialAction\":[{\"@type\":\"ReadAction\",\"target\":[\"https:\\\/\\\/www.organisator.ch\\\/sustainability\\\/2021-02-09\\\/covid-19-masken-revolutionieren-strassenbau\\\/\"]}]},{\"@type\":\"ImageObject\",\"inLanguage\":\"it-IT\",\"@id\":\"https:\\\/\\\/www.organisator.ch\\\/sustainability\\\/2021-02-09\\\/covid-19-masken-revolutionieren-strassenbau\\\/#primaryimage\",\"url\":\"https:\\\/\\\/www.organisator.ch\\\/wp-content\\\/uploads\\\/2021\\\/02\\\/Depositphotos_38109265_s-2019.jpg\",\"contentUrl\":\"https:\\\/\\\/www.organisator.ch\\\/wp-content\\\/uploads\\\/2021\\\/02\\\/Depositphotos_38109265_s-2019.jpg\",\"width\":1000,\"height\":667,\"caption\":\"\u00a9 Depositphotos, wabeno\"},{\"@type\":\"BreadcrumbList\",\"@id\":\"https:\\\/\\\/www.organisator.ch\\\/sustainability\\\/2021-02-09\\\/covid-19-masken-revolutionieren-strassenbau\\\/#breadcrumb\",\"itemListElement\":[{\"@type\":\"ListItem\",\"position\":1,\"name\":\"Home\",\"item\":\"https:\\\/\\\/www.organisator.ch\\\/\"},{\"@type\":\"ListItem\",\"position\":2,\"name\":\"Alte Covid-Masken f\u00fcr den Strassenbau\"}]},{\"@type\":\"WebSite\",\"@id\":\"https:\\\/\\\/www.organisator.ch\\\/#website\",\"url\":\"https:\\\/\\\/www.organisator.ch\\\/\",\"name\":\"Organisator\",\"description\":\"Kompetent. Praxisnah. Der ORGANISATOR bereitet in 10 Ausgaben pro Jahr die wesentlichen Themen f\u00fcr F\u00fchrungskr\u00e4fte von KMU auf.\",\"publisher\":{\"@id\":\"https:\\\/\\\/www.organisator.ch\\\/#organization\"},\"potentialAction\":[{\"@type\":\"SearchAction\",\"target\":{\"@type\":\"EntryPoint\",\"urlTemplate\":\"https:\\\/\\\/www.organisator.ch\\\/?s={search_term_string}\"},\"query-input\":{\"@type\":\"PropertyValueSpecification\",\"valueRequired\":true,\"valueName\":\"search_term_string\"}}],\"inLanguage\":\"it-IT\"},{\"@type\":\"Organization\",\"@id\":\"https:\\\/\\\/www.organisator.ch\\\/#organization\",\"name\":\"Organisator\",\"url\":\"https:\\\/\\\/www.organisator.ch\\\/\",\"logo\":{\"@type\":\"ImageObject\",\"inLanguage\":\"it-IT\",\"@id\":\"https:\\\/\\\/www.organisator.ch\\\/#\\\/schema\\\/logo\\\/image\\\/\",\"url\":\"https:\\\/\\\/www.organisator.ch\\\/wp-content\\\/uploads\\\/2022\\\/01\\\/Logo_Organisator_Website.png\",\"contentUrl\":\"https:\\\/\\\/www.organisator.ch\\\/wp-content\\\/uploads\\\/2022\\\/01\\\/Logo_Organisator_Website.png\",\"width\":800,\"height\":77,\"caption\":\"Organisator\"},\"image\":{\"@id\":\"https:\\\/\\\/www.organisator.ch\\\/#\\\/schema\\\/logo\\\/image\\\/\"},\"sameAs\":[\"https:\\\/\\\/www.facebook.com\\\/OrganisatorFachmagazin\",\"https:\\\/\\\/www.linkedin.com\\\/showcase\\\/organisator-das-magazin-fr-kmu\",\"https:\\\/\\\/www.xing.com\\\/news\\\/pages\\\/organisator-ch-695\",\"https:\\\/\\\/www.youtube.com\\\/channel\\\/UCGP2Sq0iWaZwT3BdIAQFYpw\"]},{\"@type\":\"Person\",\"@id\":\"https:\\\/\\\/www.organisator.ch\\\/#\\\/schema\\\/person\\\/a800b8c54e208b160517a7dcc323161d\",\"name\":\"roger.straessle\",\"image\":{\"@type\":\"ImageObject\",\"inLanguage\":\"it-IT\",\"@id\":\"https:\\\/\\\/secure.gravatar.com\\\/avatar\\\/?s=96&d=mm&r=g\",\"url\":\"https:\\\/\\\/secure.gravatar.com\\\/avatar\\\/?s=96&d=mm&r=g\",\"contentUrl\":\"https:\\\/\\\/secure.gravatar.com\\\/avatar\\\/?s=96&d=mm&r=g\",\"caption\":\"roger.straessle\"},\"url\":\"https:\\\/\\\/www.organisator.ch\\\/it\\\/author\\\/roger-straessle\\\/\"}]}<\/script>\n<!-- \/ Yoast SEO plugin. -->","yoast_head_json":{"title":"Vecchie maschere di Covid per la costruzione di strade - Organizzatore","description":"Le maschere Covid 19 triturate possono essere mescolate al materiale di sottofondo delle strade. Un'universit\u00e0 ha effettuato una prova pratica corrispondente.","robots":{"index":"index","follow":"follow","max-snippet":"max-snippet:-1","max-image-preview":"max-image-preview:large","max-video-preview":"max-video-preview:-1"},"canonical":"https:\/\/www.organisator.ch\/it\/sostenibilita\/2021-02-09\/covid-19-masken-revolutionieren-strassenbau\/","og_locale":"it_IT","og_type":"article","og_title":"Alte Covid-Masken f\u00fcr den Strassenbau - Organisator","og_description":"Geschreddert k\u00f6nnen Covid-19-Masken dem Unterbaumaterial von Strassen beigemischt werden. Einen entsprechenden Praxistest hat eine Universit\u00e4t gemacht.","og_url":"https:\/\/www.organisator.ch\/it\/sostenibilita\/2021-02-09\/covid-19-masken-revolutionieren-strassenbau\/","og_site_name":"Organisator","article_publisher":"https:\/\/www.facebook.com\/OrganisatorFachmagazin","article_published_time":"2021-02-09T07:00:27+00:00","article_modified_time":"2022-02-09T10:05:31+00:00","og_image":[{"width":1000,"height":667,"url":"https:\/\/www.organisator.ch\/wp-content\/uploads\/2021\/02\/Depositphotos_38109265_s-2019.jpg","type":"image\/jpeg"}],"author":"roger.straessle","twitter_card":"summary_large_image","schema":{"@context":"https:\/\/schema.org","@graph":[{"@type":"Article","@id":"https:\/\/www.organisator.ch\/sustainability\/2021-02-09\/covid-19-masken-revolutionieren-strassenbau\/#article","isPartOf":{"@id":"https:\/\/www.organisator.ch\/sustainability\/2021-02-09\/covid-19-masken-revolutionieren-strassenbau\/"},"author":{"name":"roger.straessle","@id":"https:\/\/www.organisator.ch\/#\/schema\/person\/a800b8c54e208b160517a7dcc323161d"},"headline":"Alte Covid-Masken f\u00fcr den Strassenbau","datePublished":"2021-02-09T07:00:27+00:00","dateModified":"2022-02-09T10:05:31+00:00","mainEntityOfPage":{"@id":"https:\/\/www.organisator.ch\/sustainability\/2021-02-09\/covid-19-masken-revolutionieren-strassenbau\/"},"wordCount":288,"publisher":{"@id":"https:\/\/www.organisator.ch\/#organization"},"image":{"@id":"https:\/\/www.organisator.ch\/sustainability\/2021-02-09\/covid-19-masken-revolutionieren-strassenbau\/#primaryimage"},"thumbnailUrl":"https:\/\/www.organisator.ch\/wp-content\/uploads\/2021\/02\/Depositphotos_38109265_s-2019.jpg","keywords":["Covid-19-Maske","Masken rezyklieren","Strassenbau"],"articleSection":["SUSTAINABILITY"],"inLanguage":"it-IT"},{"@type":"WebPage","@id":"https:\/\/www.organisator.ch\/sustainability\/2021-02-09\/covid-19-masken-revolutionieren-strassenbau\/","url":"https:\/\/www.organisator.ch\/sustainability\/2021-02-09\/covid-19-masken-revolutionieren-strassenbau\/","name":"Vecchie maschere di Covid per la costruzione di strade - Organizzatore","isPartOf":{"@id":"https:\/\/www.organisator.ch\/#website"},"primaryImageOfPage":{"@id":"https:\/\/www.organisator.ch\/sustainability\/2021-02-09\/covid-19-masken-revolutionieren-strassenbau\/#primaryimage"},"image":{"@id":"https:\/\/www.organisator.ch\/sustainability\/2021-02-09\/covid-19-masken-revolutionieren-strassenbau\/#primaryimage"},"thumbnailUrl":"https:\/\/www.organisator.ch\/wp-content\/uploads\/2021\/02\/Depositphotos_38109265_s-2019.jpg","datePublished":"2021-02-09T07:00:27+00:00","dateModified":"2022-02-09T10:05:31+00:00","description":"Le maschere Covid 19 triturate possono essere mescolate al materiale di sottofondo delle strade. Un'universit\u00e0 ha effettuato una prova pratica corrispondente.","breadcrumb":{"@id":"https:\/\/www.organisator.ch\/sustainability\/2021-02-09\/covid-19-masken-revolutionieren-strassenbau\/#breadcrumb"},"inLanguage":"it-IT","potentialAction":[{"@type":"ReadAction","target":["https:\/\/www.organisator.ch\/sustainability\/2021-02-09\/covid-19-masken-revolutionieren-strassenbau\/"]}]},{"@type":"ImageObject","inLanguage":"it-IT","@id":"https:\/\/www.organisator.ch\/sustainability\/2021-02-09\/covid-19-masken-revolutionieren-strassenbau\/#primaryimage","url":"https:\/\/www.organisator.ch\/wp-content\/uploads\/2021\/02\/Depositphotos_38109265_s-2019.jpg","contentUrl":"https:\/\/www.organisator.ch\/wp-content\/uploads\/2021\/02\/Depositphotos_38109265_s-2019.jpg","width":1000,"height":667,"caption":"\u00a9 Depositphotos, wabeno"},{"@type":"BreadcrumbList","@id":"https:\/\/www.organisator.ch\/sustainability\/2021-02-09\/covid-19-masken-revolutionieren-strassenbau\/#breadcrumb","itemListElement":[{"@type":"ListItem","position":1,"name":"Home","item":"https:\/\/www.organisator.ch\/"},{"@type":"ListItem","position":2,"name":"Alte Covid-Masken f\u00fcr den Strassenbau"}]},{"@type":"WebSite","@id":"https:\/\/www.organisator.ch\/#website","url":"https:\/\/www.organisator.ch\/","name":"Organizzatore","description":"Competente. Pratico. In 10 numeri all'anno, ORGANISATOR presenta i temi essenziali per i manager delle PMI.","publisher":{"@id":"https:\/\/www.organisator.ch\/#organization"},"potentialAction":[{"@type":"SearchAction","target":{"@type":"EntryPoint","urlTemplate":"https:\/\/www.organisator.ch\/?s={search_term_string}"},"query-input":{"@type":"PropertyValueSpecification","valueRequired":true,"valueName":"search_term_string"}}],"inLanguage":"it-IT"},{"@type":"Organization","@id":"https:\/\/www.organisator.ch\/#organization","name":"Organizzatore","url":"https:\/\/www.organisator.ch\/","logo":{"@type":"ImageObject","inLanguage":"it-IT","@id":"https:\/\/www.organisator.ch\/#\/schema\/logo\/image\/","url":"https:\/\/www.organisator.ch\/wp-content\/uploads\/2022\/01\/Logo_Organisator_Website.png","contentUrl":"https:\/\/www.organisator.ch\/wp-content\/uploads\/2022\/01\/Logo_Organisator_Website.png","width":800,"height":77,"caption":"Organisator"},"image":{"@id":"https:\/\/www.organisator.ch\/#\/schema\/logo\/image\/"},"sameAs":["https:\/\/www.facebook.com\/OrganisatorFachmagazin","https:\/\/www.linkedin.com\/showcase\/organisator-das-magazin-fr-kmu","https:\/\/www.xing.com\/news\/pages\/organisator-ch-695","https:\/\/www.youtube.com\/channel\/UCGP2Sq0iWaZwT3BdIAQFYpw"]},{"@type":"Person","@id":"https:\/\/www.organisator.ch\/#\/schema\/person\/a800b8c54e208b160517a7dcc323161d","name":"roger.straessle","image":{"@type":"ImageObject","inLanguage":"it-IT","@id":"https:\/\/secure.gravatar.com\/avatar\/?s=96&d=mm&r=g","url":"https:\/\/secure.gravatar.com\/avatar\/?s=96&d=mm&r=g","contentUrl":"https:\/\/secure.gravatar.com\/avatar\/?s=96&d=mm&r=g","caption":"roger.straessle"},"url":"https:\/\/www.organisator.ch\/it\/author\/roger-straessle\/"}]}},"_links":{"self":[{"href":"https:\/\/www.organisator.ch\/it\/wp-json\/wp\/v2\/posts\/3800","targetHints":{"allow":["GET"]}}],"collection":[{"href":"https:\/\/www.organisator.ch\/it\/wp-json\/wp\/v2\/posts"}],"about":[{"href":"https:\/\/www.organisator.ch\/it\/wp-json\/wp\/v2\/types\/post"}],"author":[{"embeddable":true,"href":"https:\/\/www.organisator.ch\/it\/wp-json\/wp\/v2\/users\/6"}],"replies":[{"embeddable":true,"href":"https:\/\/www.organisator.ch\/it\/wp-json\/wp\/v2\/comments?post=3800"}],"version-history":[{"count":1,"href":"https:\/\/www.organisator.ch\/it\/wp-json\/wp\/v2\/posts\/3800\/revisions"}],"predecessor-version":[{"id":10377,"href":"https:\/\/www.organisator.ch\/it\/wp-json\/wp\/v2\/posts\/3800\/revisions\/10377"}],"wp:featuredmedia":[{"embeddable":true,"href":"https:\/\/www.organisator.ch\/it\/wp-json\/wp\/v2\/media\/9762"}],"wp:attachment":[{"href":"https:\/\/www.organisator.ch\/it\/wp-json\/wp\/v2\/media?parent=3800"}],"wp:term":[{"taxonomy":"category","embeddable":true,"href":"https:\/\/www.organisator.ch\/it\/wp-json\/wp\/v2\/categories?post=3800"},{"taxonomy":"post_tag","embeddable":true,"href":"https:\/\/www.organisator.ch\/it\/wp-json\/wp\/v2\/tags?post=3800"}],"curies":[{"name":"wp","href":"https:\/\/api.w.org\/{rel}","templated":true}]}}