{"id":38038,"date":"2025-04-29T06:27:08","date_gmt":"2025-04-29T04:27:08","guid":{"rendered":"https:\/\/www.organisator.ch\/?p=38038"},"modified":"2025-04-28T16:45:38","modified_gmt":"2025-04-28T14:45:38","slug":"boreout-das-stille-risiko","status":"publish","type":"post","link":"https:\/\/www.organisator.ch\/it\/management\/2025-04-29\/boreout-das-stille-risiko\/","title":{"rendered":"Boreout - il rischio silenzioso"},"content":{"rendered":"<figure id=\"attachment_38039\" aria-describedby=\"caption-attachment-38039\" style=\"width: 680px\" class=\"wp-caption alignnone\"><img loading=\"lazy\" decoding=\"async\" class=\"size-full wp-image-38039\" src=\"https:\/\/www.organisator.ch\/wp-content\/uploads\/2025\/04\/Boreout-das-stille-Risiko_Organisator.jpg\" alt=\"\" width=\"680\" height=\"614\" srcset=\"https:\/\/www.organisator.ch\/wp-content\/uploads\/2025\/04\/Boreout-das-stille-Risiko_Organisator.jpg 680w, https:\/\/www.organisator.ch\/wp-content\/uploads\/2025\/04\/Boreout-das-stille-Risiko_Organisator-13x12.jpg 13w, https:\/\/www.organisator.ch\/wp-content\/uploads\/2025\/04\/Boreout-das-stille-Risiko_Organisator-332x300.jpg 332w, https:\/\/www.organisator.ch\/wp-content\/uploads\/2025\/04\/Boreout-das-stille-Risiko_Organisator-388x350.jpg 388w\" sizes=\"auto, (max-width: 680px) 100vw, 680px\" \/><figcaption id=\"caption-attachment-38039\" class=\"wp-caption-text\">La mancanza di sfide e la noia possono avere effetti altrettanto gravi dello stress sul benessere psicologico. (Immagine: cottonbro studio \/ Pexels.com)<\/figcaption><\/figure>\n<p>Il boreout \u00e8 in realt\u00e0 l'opposto del burnout e si riferisce al sottocarico cronico. Pu\u00f2 avere effetti altrettanto gravi sul benessere mentale dello stress permanente. Porta alla demotivazione, alla rassegnazione interiore e, a lungo termine, a una perdita di produttivit\u00e0 e innovazione. \"L'esaurimento non \u00e8 un deficit individuale, ma spesso \u00e8 il risultato di una cattiva gestione strutturale delle aziende\", afferma Lars Thiele, amministratore delegato di Emendo Leadership Consultants GmbH di Amburgo. \"Quando i profili di ruolo e le competenze non corrispondono, si crea un vuoto che non \u00e8 riconoscibile a prima vista, ma l'effetto \u00e8 grave. L'esaurimento costa alle aziende a lungo termine, non per l'assenteismo, ma per le capacit\u00e0 inutilizzate, l'aumento del turnover del personale e la riduzione delle dinamiche di squadra. Per non parlare dei possibili effetti psicologici o sulla salute delle persone colpite\".<\/p>\n<h3>La motivazione ha bisogno di una forma, non solo di una presenza.<\/h3>\n<p>Raramente il noia si manifesta all'improvviso. Piuttosto, la sensazione di crescente irrilevanza si sviluppa nel tempo, spesso tra i dipendenti il cui lavoro genera poca risonanza intellettuale o emotiva. Inoltre, la crescente standardizzazione dei processi e l'elevato grado di formalizzazione spesso privano i dipendenti impegnati della libert\u00e0 di azione necessaria per un lavoro indipendente e significativo. Un forte impatto si ha anche sui dipendenti che sono a diretto contatto con i clienti. Chi lavora quotidianamente con i clienti, ma non ha spazio di manovra e lavora sempre con gli stessi processi, spesso perde la motivazione a impegnarsi attivamente. Laddove un tempo era richiesta l'iniziativa, oggi si tratta spesso di lavorare attraverso liste di controllo: un terreno fertile per un comportamento noioso, anche tra le personalit\u00e0 pi\u00f9 impegnate. In molte aziende, il rendimento \u00e8 ancora definito principalmente dalla presenza fisica, una visione superata che non rende giustizia alla produttivit\u00e0 effettiva. Di conseguenza, segnali sottili come il ritiro, il cinismo o l'apparente indifferenza passano spesso inosservati. \"Non si tratta di massimizzare l'occupazione, ma di creare un significato. Le persone vogliono essere necessarie, non solo tenute occupate\", sottolinea Thiele. Un recente studio di Forsa (1) dimostra che: Per il 52% dei dipendenti \u00e8 importante un lavoro significativo e il 63% desidera un buon comportamento da parte dei dirigenti1. Se nessuna delle due cose viene fornita, i datori di lavoro devono affrontare la minaccia dei giorni di malattia e del turnover del personale. Anche l'ultimo Gallup Engagement Index 2024 (2) conferma questa tendenza: solo il 9% dei dipendenti in Germania ha ancora un alto livello di attaccamento emotivo al proprio datore di lavoro, mentre il 79% lavora per comandare. Il risultato \u00e8 una massiccia perdita di motivazione, forza innovativa e voglia di fare, che a lungo termine danneggia le aziende.<\/p>\n<h3>La leadership come leva contro la demotivazione<\/h3>\n<p>Tuttavia, la responsabilit\u00e0 di prevenire l'esaurimento non \u00e8 solo dei dipartimenti delle risorse umane o del coaching individuale. \u00c8 necessaria una cultura manageriale che colleghi sistematicamente i compiti alle competenze, apra le prospettive e stabilisca l'intelligenza emotiva come strumento di gestione. \"Nei nostri corsi di formazione, molti manager si rendono conto per la prima volta di quanto l'esperienza di significato sia strettamente legata alla performance e di quanto sia cruciale il loro atteggiamento\", afferma Thiele. Oltre agli strumenti per l'analisi del potenziale, l'attenzione si concentra su strategie concrete per l'azione, come la progettazione dinamica di profili di compiti, discussioni mirate sullo sviluppo o il trasferimento consapevole di responsabilit\u00e0 in contesti motivanti.<\/p>\n<p>Allo stesso tempo, questo atteggiamento apre la strada a una nuova cultura della performance. Le organizzazioni che liquidano la noia come un fenomeno marginale rischiano di perdere un potenziale significativo, e lo fanno in silenzio piuttosto che a voce alta. Una moderna cultura manageriale, invece, misura le prestazioni non solo in termini di attivit\u00e0, ma anche di impatto, iniziativa e impegno. \"Coloro che liquidano le prestazioni insufficienti come un problema di lusso non ne riconoscono il potere esplosivo strategico\", avverte Thiele. \"La noia non \u00e8 un segno di debolezza, ma un segnale d'allarme per la leadership\". Proprio perch\u00e9 i segnali sono spesso silenziosi, \u00e8 ancora pi\u00f9 importante affrontare consapevolmente il problema. Se le organizzazioni lo prendono sul serio, non solo si ottiene un chiaro mandato di leadership, ma anche l'opportunit\u00e0 di sviluppare ulteriormente la cultura aziendale per il futuro.<\/p>\n<p>(1) Studio Forsa sulla propensione al cambiamento, 2025<br \/>\n(2) <a href=\"https:\/\/www.gallup.com\/de\/472028\/bericht-zum-engagement-index-deutschland-2023.aspx?utm\">https:\/\/www.gallup.com\/de\/472028\/bericht-zum-engagement-index-deutschland-2023.aspx?utm<\/a><\/p>\n<p><em>Fonte e ulteriori informazioni: <a href=\"http:\/\/www.emendo-consultants.de\">www.emendo-consultants.de<\/a><\/em><\/p>","protected":false},"excerpt":{"rendered":"<p>Il sovraccarico di lavoro e il burnout si sono affermati da tempo come rischi gravi nelle aziende e sono ora riconosciuti come una sindrome a s\u00e9 stante. Oggi \u00e8 disponibile un'ampia gamma di misure preventive, programmi di salute e corsi di formazione manageriale. Per contro, il fenomeno opposto - il boreout - \u00e8 ancora spesso ignorato.<\/p>","protected":false},"author":4,"featured_media":38039,"comment_status":"closed","ping_status":"closed","sticky":false,"template":"","format":"standard","meta":{"_acf_changed":false,"_yoast_wpseo_focuskw":"Boreout","_yoast_wpseo_metadesc":"\u00dcberlastung und Burnout haben sich in Unternehmen l\u00e4ngst als ernst zu nehmende Risiken etabliert. Boreout wird noch wenig ber\u00fccksichtigt.","articlekey":"","footnotes":""},"categories":[28],"tags":[77,4707,335,429],"class_list":["post-38038","post","type-post","status-publish","format-standard","has-post-thumbnail","hentry","category-management","tag-betriebliches-gesundheitsmanagement","tag-bore-out","tag-management-und-unternehmensfuehrung","tag-selbstmanagement"],"acf":[],"yoast_head":"<!-- This site is optimized with the Yoast SEO plugin v27.4 - https:\/\/yoast.com\/product\/yoast-seo-wordpress\/ -->\n<title>Boreout - das stille Risiko - Organisator<\/title>\n<meta name=\"description\" content=\"\u00dcberlastung und Burnout haben sich in Unternehmen l\u00e4ngst als ernst zu nehmende Risiken etabliert. Boreout wird noch wenig ber\u00fccksichtigt.\" \/>\n<meta name=\"robots\" content=\"index, follow, max-snippet:-1, max-image-preview:large, max-video-preview:-1\" \/>\n<link rel=\"canonical\" href=\"https:\/\/www.organisator.ch\/it\/gestione-2\/2025-04-29\/boreout-das-stille-risiko\/\" \/>\n<meta property=\"og:locale\" content=\"it_IT\" \/>\n<meta property=\"og:type\" content=\"article\" \/>\n<meta property=\"og:title\" content=\"Boreout - das stille Risiko\" \/>\n<meta property=\"og:description\" content=\"\u00dcberlastung und Burnout haben sich in Unternehmen l\u00e4ngst als ernst zu nehmende Risiken etabliert. Boreout wird noch wenig ber\u00fccksichtigt.\" \/>\n<meta property=\"og:url\" content=\"https:\/\/www.organisator.ch\/it\/gestione-2\/2025-04-29\/boreout-das-stille-risiko\/\" \/>\n<meta property=\"og:site_name\" content=\"Organisator\" \/>\n<meta property=\"article:publisher\" content=\"https:\/\/www.facebook.com\/OrganisatorFachmagazin\" \/>\n<meta property=\"article:published_time\" content=\"2025-04-29T04:27:08+00:00\" \/>\n<meta property=\"og:image\" content=\"https:\/\/www.organisator.ch\/wp-content\/uploads\/2025\/04\/Boreout-das-stille-Risiko_Organisator.jpg\" \/>\n\t<meta property=\"og:image:width\" content=\"680\" \/>\n\t<meta property=\"og:image:height\" content=\"614\" \/>\n\t<meta property=\"og:image:type\" content=\"image\/jpeg\" \/>\n<meta name=\"author\" content=\"thomas.berner\" \/>\n<meta name=\"twitter:card\" content=\"summary_large_image\" \/>\n<meta name=\"twitter:title\" content=\"#Boreout - das stille Risiko\" \/>\n<meta name=\"twitter:description\" content=\"\u00dcberlastung und #Burnout haben sich in Unternehmen l\u00e4ngst als ernst zu nehmende Risiken etabliert. #Boreout wird noch wenig ber\u00fccksichtigt.\" \/>\n<meta name=\"twitter:image\" content=\"https:\/\/www.organisator.ch\/wp-content\/uploads\/2025\/04\/Boreout-das-stille-Risiko_Organisator.jpg\" \/>\n<script type=\"application\/ld+json\" class=\"yoast-schema-graph\">{\"@context\":\"https:\\\/\\\/schema.org\",\"@graph\":[{\"@type\":\"Article\",\"@id\":\"https:\\\/\\\/www.organisator.ch\\\/management\\\/2025-04-29\\\/boreout-das-stille-risiko\\\/#article\",\"isPartOf\":{\"@id\":\"https:\\\/\\\/www.organisator.ch\\\/management\\\/2025-04-29\\\/boreout-das-stille-risiko\\\/\"},\"author\":{\"name\":\"thomas.berner\",\"@id\":\"https:\\\/\\\/www.organisator.ch\\\/#\\\/schema\\\/person\\\/6f650f90b2842cd4c0cc334b4e36f67e\"},\"headline\":\"Boreout &#8211; das stille Risiko\",\"datePublished\":\"2025-04-29T04:27:08+00:00\",\"mainEntityOfPage\":{\"@id\":\"https:\\\/\\\/www.organisator.ch\\\/management\\\/2025-04-29\\\/boreout-das-stille-risiko\\\/\"},\"wordCount\":661,\"publisher\":{\"@id\":\"https:\\\/\\\/www.organisator.ch\\\/#organization\"},\"image\":{\"@id\":\"https:\\\/\\\/www.organisator.ch\\\/management\\\/2025-04-29\\\/boreout-das-stille-risiko\\\/#primaryimage\"},\"thumbnailUrl\":\"https:\\\/\\\/www.organisator.ch\\\/wp-content\\\/uploads\\\/2025\\\/04\\\/Boreout-das-stille-Risiko_Organisator.jpg\",\"keywords\":[\"Betriebliches Gesundheitsmanagement\",\"Bore-out\",\"Management und Unternehmensf\u00fchrung\",\"Selbstmanagement\"],\"articleSection\":[\"MANAGEMENT\"],\"inLanguage\":\"it-IT\"},{\"@type\":\"WebPage\",\"@id\":\"https:\\\/\\\/www.organisator.ch\\\/management\\\/2025-04-29\\\/boreout-das-stille-risiko\\\/\",\"url\":\"https:\\\/\\\/www.organisator.ch\\\/management\\\/2025-04-29\\\/boreout-das-stille-risiko\\\/\",\"name\":\"Boreout - das stille Risiko - Organisator\",\"isPartOf\":{\"@id\":\"https:\\\/\\\/www.organisator.ch\\\/#website\"},\"primaryImageOfPage\":{\"@id\":\"https:\\\/\\\/www.organisator.ch\\\/management\\\/2025-04-29\\\/boreout-das-stille-risiko\\\/#primaryimage\"},\"image\":{\"@id\":\"https:\\\/\\\/www.organisator.ch\\\/management\\\/2025-04-29\\\/boreout-das-stille-risiko\\\/#primaryimage\"},\"thumbnailUrl\":\"https:\\\/\\\/www.organisator.ch\\\/wp-content\\\/uploads\\\/2025\\\/04\\\/Boreout-das-stille-Risiko_Organisator.jpg\",\"datePublished\":\"2025-04-29T04:27:08+00:00\",\"description\":\"\u00dcberlastung und Burnout haben sich in Unternehmen l\u00e4ngst als ernst zu nehmende Risiken etabliert. Boreout wird noch wenig ber\u00fccksichtigt.\",\"breadcrumb\":{\"@id\":\"https:\\\/\\\/www.organisator.ch\\\/management\\\/2025-04-29\\\/boreout-das-stille-risiko\\\/#breadcrumb\"},\"inLanguage\":\"it-IT\",\"potentialAction\":[{\"@type\":\"ReadAction\",\"target\":[\"https:\\\/\\\/www.organisator.ch\\\/management\\\/2025-04-29\\\/boreout-das-stille-risiko\\\/\"]}]},{\"@type\":\"ImageObject\",\"inLanguage\":\"it-IT\",\"@id\":\"https:\\\/\\\/www.organisator.ch\\\/management\\\/2025-04-29\\\/boreout-das-stille-risiko\\\/#primaryimage\",\"url\":\"https:\\\/\\\/www.organisator.ch\\\/wp-content\\\/uploads\\\/2025\\\/04\\\/Boreout-das-stille-Risiko_Organisator.jpg\",\"contentUrl\":\"https:\\\/\\\/www.organisator.ch\\\/wp-content\\\/uploads\\\/2025\\\/04\\\/Boreout-das-stille-Risiko_Organisator.jpg\",\"width\":680,\"height\":614,\"caption\":\"Unterforderung und Langeweile k\u00f6nnen \u00e4hnlich gravierende Auswirkungen haben auf das psychologische Wohlbefinden wie Stress. (Bild: cottonbro studio \\\/ Pexels.com)\"},{\"@type\":\"BreadcrumbList\",\"@id\":\"https:\\\/\\\/www.organisator.ch\\\/management\\\/2025-04-29\\\/boreout-das-stille-risiko\\\/#breadcrumb\",\"itemListElement\":[{\"@type\":\"ListItem\",\"position\":1,\"name\":\"Home\",\"item\":\"https:\\\/\\\/www.organisator.ch\\\/\"},{\"@type\":\"ListItem\",\"position\":2,\"name\":\"Boreout &#8211; das stille Risiko\"}]},{\"@type\":\"WebSite\",\"@id\":\"https:\\\/\\\/www.organisator.ch\\\/#website\",\"url\":\"https:\\\/\\\/www.organisator.ch\\\/\",\"name\":\"Organisator\",\"description\":\"Kompetent. Praxisnah. Der ORGANISATOR bereitet in 10 Ausgaben pro Jahr die wesentlichen Themen f\u00fcr F\u00fchrungskr\u00e4fte von KMU auf.\",\"publisher\":{\"@id\":\"https:\\\/\\\/www.organisator.ch\\\/#organization\"},\"potentialAction\":[{\"@type\":\"SearchAction\",\"target\":{\"@type\":\"EntryPoint\",\"urlTemplate\":\"https:\\\/\\\/www.organisator.ch\\\/?s={search_term_string}\"},\"query-input\":{\"@type\":\"PropertyValueSpecification\",\"valueRequired\":true,\"valueName\":\"search_term_string\"}}],\"inLanguage\":\"it-IT\"},{\"@type\":\"Organization\",\"@id\":\"https:\\\/\\\/www.organisator.ch\\\/#organization\",\"name\":\"Organisator\",\"url\":\"https:\\\/\\\/www.organisator.ch\\\/\",\"logo\":{\"@type\":\"ImageObject\",\"inLanguage\":\"it-IT\",\"@id\":\"https:\\\/\\\/www.organisator.ch\\\/#\\\/schema\\\/logo\\\/image\\\/\",\"url\":\"https:\\\/\\\/www.organisator.ch\\\/wp-content\\\/uploads\\\/2022\\\/01\\\/Logo_Organisator_Website.png\",\"contentUrl\":\"https:\\\/\\\/www.organisator.ch\\\/wp-content\\\/uploads\\\/2022\\\/01\\\/Logo_Organisator_Website.png\",\"width\":800,\"height\":77,\"caption\":\"Organisator\"},\"image\":{\"@id\":\"https:\\\/\\\/www.organisator.ch\\\/#\\\/schema\\\/logo\\\/image\\\/\"},\"sameAs\":[\"https:\\\/\\\/www.facebook.com\\\/OrganisatorFachmagazin\",\"https:\\\/\\\/www.linkedin.com\\\/showcase\\\/organisator-das-magazin-fr-kmu\",\"https:\\\/\\\/www.xing.com\\\/news\\\/pages\\\/organisator-ch-695\",\"https:\\\/\\\/www.youtube.com\\\/channel\\\/UCGP2Sq0iWaZwT3BdIAQFYpw\"]},{\"@type\":\"Person\",\"@id\":\"https:\\\/\\\/www.organisator.ch\\\/#\\\/schema\\\/person\\\/6f650f90b2842cd4c0cc334b4e36f67e\",\"name\":\"thomas.berner\",\"image\":{\"@type\":\"ImageObject\",\"inLanguage\":\"it-IT\",\"@id\":\"https:\\\/\\\/secure.gravatar.com\\\/avatar\\\/ac5001d2a36cb6c6cd3e50789007ffca834b477b74a2144564522e944eabff61?s=96&d=mm&r=g\",\"url\":\"https:\\\/\\\/secure.gravatar.com\\\/avatar\\\/ac5001d2a36cb6c6cd3e50789007ffca834b477b74a2144564522e944eabff61?s=96&d=mm&r=g\",\"contentUrl\":\"https:\\\/\\\/secure.gravatar.com\\\/avatar\\\/ac5001d2a36cb6c6cd3e50789007ffca834b477b74a2144564522e944eabff61?s=96&d=mm&r=g\",\"caption\":\"thomas.berner\"},\"url\":\"https:\\\/\\\/www.organisator.ch\\\/it\\\/author\\\/thomas-berner\\\/\"}]}<\/script>\n<!-- \/ Yoast SEO plugin. -->","yoast_head_json":{"title":"Boreout - il rischio silenzioso - Organizzatore","description":"Il sovraccarico di lavoro e il burnout sono da tempo riconosciuti come rischi gravi nelle aziende. Il burnout \u00e8 ancora poco considerato.","robots":{"index":"index","follow":"follow","max-snippet":"max-snippet:-1","max-image-preview":"max-image-preview:large","max-video-preview":"max-video-preview:-1"},"canonical":"https:\/\/www.organisator.ch\/it\/gestione-2\/2025-04-29\/boreout-das-stille-risiko\/","og_locale":"it_IT","og_type":"article","og_title":"Boreout - das stille Risiko","og_description":"\u00dcberlastung und Burnout haben sich in Unternehmen l\u00e4ngst als ernst zu nehmende Risiken etabliert. Boreout wird noch wenig ber\u00fccksichtigt.","og_url":"https:\/\/www.organisator.ch\/it\/gestione-2\/2025-04-29\/boreout-das-stille-risiko\/","og_site_name":"Organisator","article_publisher":"https:\/\/www.facebook.com\/OrganisatorFachmagazin","article_published_time":"2025-04-29T04:27:08+00:00","og_image":[{"width":680,"height":614,"url":"https:\/\/www.organisator.ch\/wp-content\/uploads\/2025\/04\/Boreout-das-stille-Risiko_Organisator.jpg","type":"image\/jpeg"}],"author":"thomas.berner","twitter_card":"summary_large_image","twitter_title":"#Boreout - das stille Risiko","twitter_description":"\u00dcberlastung und #Burnout haben sich in Unternehmen l\u00e4ngst als ernst zu nehmende Risiken etabliert. #Boreout wird noch wenig ber\u00fccksichtigt.","twitter_image":"https:\/\/www.organisator.ch\/wp-content\/uploads\/2025\/04\/Boreout-das-stille-Risiko_Organisator.jpg","schema":{"@context":"https:\/\/schema.org","@graph":[{"@type":"Article","@id":"https:\/\/www.organisator.ch\/management\/2025-04-29\/boreout-das-stille-risiko\/#article","isPartOf":{"@id":"https:\/\/www.organisator.ch\/management\/2025-04-29\/boreout-das-stille-risiko\/"},"author":{"name":"thomas.berner","@id":"https:\/\/www.organisator.ch\/#\/schema\/person\/6f650f90b2842cd4c0cc334b4e36f67e"},"headline":"Boreout &#8211; das stille Risiko","datePublished":"2025-04-29T04:27:08+00:00","mainEntityOfPage":{"@id":"https:\/\/www.organisator.ch\/management\/2025-04-29\/boreout-das-stille-risiko\/"},"wordCount":661,"publisher":{"@id":"https:\/\/www.organisator.ch\/#organization"},"image":{"@id":"https:\/\/www.organisator.ch\/management\/2025-04-29\/boreout-das-stille-risiko\/#primaryimage"},"thumbnailUrl":"https:\/\/www.organisator.ch\/wp-content\/uploads\/2025\/04\/Boreout-das-stille-Risiko_Organisator.jpg","keywords":["Betriebliches Gesundheitsmanagement","Bore-out","Management und Unternehmensf\u00fchrung","Selbstmanagement"],"articleSection":["MANAGEMENT"],"inLanguage":"it-IT"},{"@type":"WebPage","@id":"https:\/\/www.organisator.ch\/management\/2025-04-29\/boreout-das-stille-risiko\/","url":"https:\/\/www.organisator.ch\/management\/2025-04-29\/boreout-das-stille-risiko\/","name":"Boreout - il rischio silenzioso - Organizzatore","isPartOf":{"@id":"https:\/\/www.organisator.ch\/#website"},"primaryImageOfPage":{"@id":"https:\/\/www.organisator.ch\/management\/2025-04-29\/boreout-das-stille-risiko\/#primaryimage"},"image":{"@id":"https:\/\/www.organisator.ch\/management\/2025-04-29\/boreout-das-stille-risiko\/#primaryimage"},"thumbnailUrl":"https:\/\/www.organisator.ch\/wp-content\/uploads\/2025\/04\/Boreout-das-stille-Risiko_Organisator.jpg","datePublished":"2025-04-29T04:27:08+00:00","description":"Il sovraccarico di lavoro e il burnout sono da tempo riconosciuti come rischi gravi nelle aziende. Il burnout \u00e8 ancora poco considerato.","breadcrumb":{"@id":"https:\/\/www.organisator.ch\/management\/2025-04-29\/boreout-das-stille-risiko\/#breadcrumb"},"inLanguage":"it-IT","potentialAction":[{"@type":"ReadAction","target":["https:\/\/www.organisator.ch\/management\/2025-04-29\/boreout-das-stille-risiko\/"]}]},{"@type":"ImageObject","inLanguage":"it-IT","@id":"https:\/\/www.organisator.ch\/management\/2025-04-29\/boreout-das-stille-risiko\/#primaryimage","url":"https:\/\/www.organisator.ch\/wp-content\/uploads\/2025\/04\/Boreout-das-stille-Risiko_Organisator.jpg","contentUrl":"https:\/\/www.organisator.ch\/wp-content\/uploads\/2025\/04\/Boreout-das-stille-Risiko_Organisator.jpg","width":680,"height":614,"caption":"Unterforderung und Langeweile k\u00f6nnen \u00e4hnlich gravierende Auswirkungen haben auf das psychologische Wohlbefinden wie Stress. (Bild: cottonbro studio \/ Pexels.com)"},{"@type":"BreadcrumbList","@id":"https:\/\/www.organisator.ch\/management\/2025-04-29\/boreout-das-stille-risiko\/#breadcrumb","itemListElement":[{"@type":"ListItem","position":1,"name":"Home","item":"https:\/\/www.organisator.ch\/"},{"@type":"ListItem","position":2,"name":"Boreout &#8211; das stille Risiko"}]},{"@type":"WebSite","@id":"https:\/\/www.organisator.ch\/#website","url":"https:\/\/www.organisator.ch\/","name":"Organizzatore","description":"Competente. Pratico. In 10 numeri all'anno, ORGANISATOR presenta i temi essenziali per i manager delle PMI.","publisher":{"@id":"https:\/\/www.organisator.ch\/#organization"},"potentialAction":[{"@type":"SearchAction","target":{"@type":"EntryPoint","urlTemplate":"https:\/\/www.organisator.ch\/?s={search_term_string}"},"query-input":{"@type":"PropertyValueSpecification","valueRequired":true,"valueName":"search_term_string"}}],"inLanguage":"it-IT"},{"@type":"Organization","@id":"https:\/\/www.organisator.ch\/#organization","name":"Organizzatore","url":"https:\/\/www.organisator.ch\/","logo":{"@type":"ImageObject","inLanguage":"it-IT","@id":"https:\/\/www.organisator.ch\/#\/schema\/logo\/image\/","url":"https:\/\/www.organisator.ch\/wp-content\/uploads\/2022\/01\/Logo_Organisator_Website.png","contentUrl":"https:\/\/www.organisator.ch\/wp-content\/uploads\/2022\/01\/Logo_Organisator_Website.png","width":800,"height":77,"caption":"Organisator"},"image":{"@id":"https:\/\/www.organisator.ch\/#\/schema\/logo\/image\/"},"sameAs":["https:\/\/www.facebook.com\/OrganisatorFachmagazin","https:\/\/www.linkedin.com\/showcase\/organisator-das-magazin-fr-kmu","https:\/\/www.xing.com\/news\/pages\/organisator-ch-695","https:\/\/www.youtube.com\/channel\/UCGP2Sq0iWaZwT3BdIAQFYpw"]},{"@type":"Person","@id":"https:\/\/www.organisator.ch\/#\/schema\/person\/6f650f90b2842cd4c0cc334b4e36f67e","name":"Tommaso.berner","image":{"@type":"ImageObject","inLanguage":"it-IT","@id":"https:\/\/secure.gravatar.com\/avatar\/ac5001d2a36cb6c6cd3e50789007ffca834b477b74a2144564522e944eabff61?s=96&d=mm&r=g","url":"https:\/\/secure.gravatar.com\/avatar\/ac5001d2a36cb6c6cd3e50789007ffca834b477b74a2144564522e944eabff61?s=96&d=mm&r=g","contentUrl":"https:\/\/secure.gravatar.com\/avatar\/ac5001d2a36cb6c6cd3e50789007ffca834b477b74a2144564522e944eabff61?s=96&d=mm&r=g","caption":"thomas.berner"},"url":"https:\/\/www.organisator.ch\/it\/author\/thomas-berner\/"}]}},"_links":{"self":[{"href":"https:\/\/www.organisator.ch\/it\/wp-json\/wp\/v2\/posts\/38038","targetHints":{"allow":["GET"]}}],"collection":[{"href":"https:\/\/www.organisator.ch\/it\/wp-json\/wp\/v2\/posts"}],"about":[{"href":"https:\/\/www.organisator.ch\/it\/wp-json\/wp\/v2\/types\/post"}],"author":[{"embeddable":true,"href":"https:\/\/www.organisator.ch\/it\/wp-json\/wp\/v2\/users\/4"}],"replies":[{"embeddable":true,"href":"https:\/\/www.organisator.ch\/it\/wp-json\/wp\/v2\/comments?post=38038"}],"version-history":[{"count":2,"href":"https:\/\/www.organisator.ch\/it\/wp-json\/wp\/v2\/posts\/38038\/revisions"}],"predecessor-version":[{"id":38060,"href":"https:\/\/www.organisator.ch\/it\/wp-json\/wp\/v2\/posts\/38038\/revisions\/38060"}],"wp:featuredmedia":[{"embeddable":true,"href":"https:\/\/www.organisator.ch\/it\/wp-json\/wp\/v2\/media\/38039"}],"wp:attachment":[{"href":"https:\/\/www.organisator.ch\/it\/wp-json\/wp\/v2\/media?parent=38038"}],"wp:term":[{"taxonomy":"category","embeddable":true,"href":"https:\/\/www.organisator.ch\/it\/wp-json\/wp\/v2\/categories?post=38038"},{"taxonomy":"post_tag","embeddable":true,"href":"https:\/\/www.organisator.ch\/it\/wp-json\/wp\/v2\/tags?post=38038"}],"curies":[{"name":"wp","href":"https:\/\/api.w.org\/{rel}","templated":true}]}}