{"id":38077,"date":"2025-04-29T17:38:33","date_gmt":"2025-04-29T15:38:33","guid":{"rendered":"https:\/\/www.markt-kom.com\/?p=233996"},"modified":"2025-04-30T07:36:55","modified_gmt":"2025-04-30T05:36:55","slug":"studie-zeigt-persoenlichkeitsmerkmale-beeinflussen-soziales-engagement","status":"publish","type":"post","link":"https:\/\/www.organisator.ch\/it\/marketing\/2025-04-29\/studie-zeigt-persoenlichkeitsmerkmale-beeinflussen-soziales-engagement\/","title":{"rendered":"Uno studio dimostra che i tratti della personalit\u00e0 influenzano l'impegno sociale"},"content":{"rendered":"<figure id=\"attachment_233997\" class=\"wp-caption aligncenter\" style=\"width: 1200px;\" aria-describedby=\"caption-attachment-233997\"><a href=\"https:\/\/www.markt-kom.com\/wp-content\/uploads\/2025\/04\/iStock-1265547076_south_Agency_Hauptbild.jpg\"><img class=\"size-full wp-image-233997\" src=\"https:\/\/www.markt-kom.com\/wp-content\/uploads\/2025\/04\/iStock-1265547076_south_Agency_Hauptbild.jpg\" sizes=\"(max-width: 1200px) 100vw, 1200px\" srcset=\"https:\/\/www.markt-kom.com\/wp-content\/uploads\/2025\/04\/iStock-1265547076_south_Agency_Hauptbild.jpg 1200w, https:\/\/www.markt-kom.com\/wp-content\/uploads\/2025\/04\/iStock-1265547076_south_Agency_Hauptbild-600x450.jpg 600w, https:\/\/www.markt-kom.com\/wp-content\/uploads\/2025\/04\/iStock-1265547076_south_Agency_Hauptbild-1024x768.jpg 1024w, https:\/\/www.markt-kom.com\/wp-content\/uploads\/2025\/04\/iStock-1265547076_south_Agency_Hauptbild-768x576.jpg 768w, https:\/\/www.markt-kom.com\/wp-content\/uploads\/2025\/04\/iStock-1265547076_south_Agency_Hauptbild-16x12.jpg 16w, https:\/\/www.markt-kom.com\/wp-content\/uploads\/2025\/04\/iStock-1265547076_south_Agency_Hauptbild-233x175.jpg 233w, https:\/\/www.markt-kom.com\/wp-content\/uploads\/2025\/04\/iStock-1265547076_south_Agency_Hauptbild-467x350.jpg 467w, https:\/\/www.markt-kom.com\/wp-content\/uploads\/2025\/04\/iStock-1265547076_south_Agency_Hauptbild-1000x750.jpg 1000w\" alt=\"\" width=\"1200\" height=\"900\" \/><\/a>\r\n<figcaption id=\"caption-attachment-233997\" class=\"wp-caption-text\">Le differenze individuali di personalit\u00e0 possono spiegare perch\u00e9 alcune persone si impegnano pi\u00f9 di altre per il bene comune, ad esempio quando raccolgono i rifiuti in campagna. (Immagine: Istock.com\/South_agency)<\/figcaption>\r\n<\/figure>\r\n<p>In un'analisi completa di 29 studi internazionali con oltre 90.000 partecipanti, i ricercatori dell'Istituto di Psicologia dell'Universit\u00e0 di Zurigo hanno analizzato la correlazione tra i cinque tratti fondamentali della personalit\u00e0 - apertura, coscienziosit\u00e0, estroversione, gradevolezza e controllo emotivo - e l'impegno sociale.<\/p>\r\n<p>I risultati mostrano che l'estroversione e la gradevolezza, in particolare, sono associate a un livello pi\u00f9 elevato di impegno nel volontariato e a una maggiore disponibilit\u00e0 a donare denaro in beneficenza. Le persone estroverse sono pi\u00f9 propense a fare volontariato, mentre le persone disponibili ed empatiche sono pi\u00f9 propense a fare donazioni.<\/p>\r\n<p>Al contrario, altri tratti della personalit\u00e0, come la coscienziosit\u00e0 o l'apertura, hanno avuto un'influenza minore sull'impegno sociale. Lo studio offre quindi spunti preziosi per le organizzazioni e i decisori che vogliono sviluppare strategie mirate per promuovere il volontariato. \"I nostri risultati confermano che le differenze individuali nella personalit\u00e0 giocano un ruolo nel determinare se e in che misura le persone si impegnano socialmente\", spiega Wiebke Bleidorn, professore di psicologia all'Universit\u00e0 di Zurigo. Secondo l'autrice principale, una migliore comprensione di queste relazioni potrebbe aiutare a incoraggiare le persone a lavorare per il bene comune in base ai loro punti di forza e alle loro motivazioni individuali.<\/p>\r\n<hr \/>\r\n<p><em><a href=\"https:\/\/osf.io\/preprints\/psyarxiv\/4sjhg_v1\">Lo studio di Bleidorn et al. \u00e8 stato pubblicato sul Journal of Personality and Social Psychology.<\/a><\/em><\/p>","protected":false},"excerpt":{"rendered":"<p>Uno studio dell'Universit\u00e0 di Zurigo fa luce su come i tratti della personalit\u00e0, come l'estroversione e la gradevolezza, siano legati al volontariato e alla disponibilit\u00e0 a donare. I risultati offrono nuove prospettive per la promozione del volontariato e della cultura della donazione.<\/p>","protected":false},"author":8,"featured_media":0,"comment_status":"closed","ping_status":"closed","sticky":false,"template":"","format":"standard","meta":{"_acf_changed":false,"_yoast_wpseo_focuskw":"Pers\u00f6nlichkeitsmerkmale","_yoast_wpseo_metadesc":"Eine Studie beleuchtet, wie Pers\u00f6nlichkeitsmerkmale mit ehrenamtlichem Engagement und Spendenbereitschaft zusammenh\u00e4ngen.","articlekey":"","footnotes":""},"categories":[29],"tags":[4343,5320,459],"class_list":["post-38077","post","type-post","status-publish","format-standard","hentry","category-marketing","tag-markom","tag-sozialforschung","tag-studie"],"acf":[],"yoast_head":"<!-- This site is optimized with the Yoast SEO plugin v27.5 - https:\/\/yoast.com\/product\/yoast-seo-wordpress\/ -->\n<title>Studie zeigt: Pers\u00f6nlichkeitsmerkmale beeinflussen soziales Engagement - Organisator<\/title>\n<meta name=\"description\" content=\"Eine Studie beleuchtet, wie Pers\u00f6nlichkeitsmerkmale mit ehrenamtlichem Engagement und Spendenbereitschaft zusammenh\u00e4ngen.\" \/>\n<meta name=\"robots\" content=\"index, follow, max-snippet:-1, max-image-preview:large, max-video-preview:-1\" \/>\n<link rel=\"canonical\" href=\"https:\/\/www.organisator.ch\/it\/marketing\/2025-04-29\/studie-zeigt-persoenlichkeitsmerkmale-beeinflussen-soziales-engagement\/\" \/>\n<meta property=\"og:locale\" content=\"it_IT\" \/>\n<meta property=\"og:type\" content=\"article\" \/>\n<meta property=\"og:title\" content=\"Studie zeigt: Pers\u00f6nlichkeitsmerkmale beeinflussen soziales Engagement - Organisator\" \/>\n<meta property=\"og:description\" content=\"Eine Studie beleuchtet, wie Pers\u00f6nlichkeitsmerkmale mit ehrenamtlichem Engagement und Spendenbereitschaft zusammenh\u00e4ngen.\" \/>\n<meta property=\"og:url\" content=\"https:\/\/www.organisator.ch\/it\/marketing\/2025-04-29\/studie-zeigt-persoenlichkeitsmerkmale-beeinflussen-soziales-engagement\/\" \/>\n<meta property=\"og:site_name\" content=\"Organisator\" \/>\n<meta property=\"article:publisher\" content=\"https:\/\/www.facebook.com\/OrganisatorFachmagazin\" \/>\n<meta property=\"article:published_time\" content=\"2025-04-29T15:38:33+00:00\" \/>\n<meta property=\"article:modified_time\" content=\"2025-04-30T05:36:55+00:00\" \/>\n<meta name=\"author\" content=\"galledia\" \/>\n<meta name=\"twitter:card\" content=\"summary_large_image\" \/>\n<meta name=\"twitter:creator\" content=\"@admin\" \/>\n<script type=\"application\/ld+json\" class=\"yoast-schema-graph\">{\"@context\":\"https:\\\/\\\/schema.org\",\"@graph\":[{\"@type\":\"Article\",\"@id\":\"https:\\\/\\\/www.organisator.ch\\\/marketing\\\/2025-04-29\\\/studie-zeigt-persoenlichkeitsmerkmale-beeinflussen-soziales-engagement\\\/#article\",\"isPartOf\":{\"@id\":\"https:\\\/\\\/www.organisator.ch\\\/marketing\\\/2025-04-29\\\/studie-zeigt-persoenlichkeitsmerkmale-beeinflussen-soziales-engagement\\\/\"},\"author\":{\"name\":\"galledia\",\"@id\":\"https:\\\/\\\/www.organisator.ch\\\/#\\\/schema\\\/person\\\/4e51799071cd2dd1232ac003643ef5f0\"},\"headline\":\"Studie zeigt: Pers\u00f6nlichkeitsmerkmale beeinflussen soziales Engagement\",\"datePublished\":\"2025-04-29T15:38:33+00:00\",\"dateModified\":\"2025-04-30T05:36:55+00:00\",\"mainEntityOfPage\":{\"@id\":\"https:\\\/\\\/www.organisator.ch\\\/marketing\\\/2025-04-29\\\/studie-zeigt-persoenlichkeitsmerkmale-beeinflussen-soziales-engagement\\\/\"},\"wordCount\":256,\"publisher\":{\"@id\":\"https:\\\/\\\/www.organisator.ch\\\/#organization\"},\"image\":{\"@id\":\"https:\\\/\\\/www.organisator.ch\\\/marketing\\\/2025-04-29\\\/studie-zeigt-persoenlichkeitsmerkmale-beeinflussen-soziales-engagement\\\/#primaryimage\"},\"thumbnailUrl\":\"https:\\\/\\\/www.markt-kom.com\\\/wp-content\\\/uploads\\\/2025\\\/04\\\/iStock-1265547076_south_Agency_Hauptbild.jpg\",\"keywords\":[\"MarKom\",\"Sozialforschung\",\"Studie\"],\"articleSection\":[\"MARKETING\"],\"inLanguage\":\"it-IT\"},{\"@type\":\"WebPage\",\"@id\":\"https:\\\/\\\/www.organisator.ch\\\/marketing\\\/2025-04-29\\\/studie-zeigt-persoenlichkeitsmerkmale-beeinflussen-soziales-engagement\\\/\",\"url\":\"https:\\\/\\\/www.organisator.ch\\\/marketing\\\/2025-04-29\\\/studie-zeigt-persoenlichkeitsmerkmale-beeinflussen-soziales-engagement\\\/\",\"name\":\"Studie zeigt: Pers\u00f6nlichkeitsmerkmale beeinflussen soziales Engagement - Organisator\",\"isPartOf\":{\"@id\":\"https:\\\/\\\/www.organisator.ch\\\/#website\"},\"primaryImageOfPage\":{\"@id\":\"https:\\\/\\\/www.organisator.ch\\\/marketing\\\/2025-04-29\\\/studie-zeigt-persoenlichkeitsmerkmale-beeinflussen-soziales-engagement\\\/#primaryimage\"},\"image\":{\"@id\":\"https:\\\/\\\/www.organisator.ch\\\/marketing\\\/2025-04-29\\\/studie-zeigt-persoenlichkeitsmerkmale-beeinflussen-soziales-engagement\\\/#primaryimage\"},\"thumbnailUrl\":\"https:\\\/\\\/www.markt-kom.com\\\/wp-content\\\/uploads\\\/2025\\\/04\\\/iStock-1265547076_south_Agency_Hauptbild.jpg\",\"datePublished\":\"2025-04-29T15:38:33+00:00\",\"dateModified\":\"2025-04-30T05:36:55+00:00\",\"description\":\"Eine Studie beleuchtet, wie Pers\u00f6nlichkeitsmerkmale mit ehrenamtlichem Engagement und Spendenbereitschaft zusammenh\u00e4ngen.\",\"breadcrumb\":{\"@id\":\"https:\\\/\\\/www.organisator.ch\\\/marketing\\\/2025-04-29\\\/studie-zeigt-persoenlichkeitsmerkmale-beeinflussen-soziales-engagement\\\/#breadcrumb\"},\"inLanguage\":\"it-IT\",\"potentialAction\":[{\"@type\":\"ReadAction\",\"target\":[\"https:\\\/\\\/www.organisator.ch\\\/marketing\\\/2025-04-29\\\/studie-zeigt-persoenlichkeitsmerkmale-beeinflussen-soziales-engagement\\\/\"]}]},{\"@type\":\"ImageObject\",\"inLanguage\":\"it-IT\",\"@id\":\"https:\\\/\\\/www.organisator.ch\\\/marketing\\\/2025-04-29\\\/studie-zeigt-persoenlichkeitsmerkmale-beeinflussen-soziales-engagement\\\/#primaryimage\",\"url\":\"https:\\\/\\\/www.markt-kom.com\\\/wp-content\\\/uploads\\\/2025\\\/04\\\/iStock-1265547076_south_Agency_Hauptbild.jpg\",\"contentUrl\":\"https:\\\/\\\/www.markt-kom.com\\\/wp-content\\\/uploads\\\/2025\\\/04\\\/iStock-1265547076_south_Agency_Hauptbild.jpg\"},{\"@type\":\"BreadcrumbList\",\"@id\":\"https:\\\/\\\/www.organisator.ch\\\/marketing\\\/2025-04-29\\\/studie-zeigt-persoenlichkeitsmerkmale-beeinflussen-soziales-engagement\\\/#breadcrumb\",\"itemListElement\":[{\"@type\":\"ListItem\",\"position\":1,\"name\":\"Home\",\"item\":\"https:\\\/\\\/www.organisator.ch\\\/\"},{\"@type\":\"ListItem\",\"position\":2,\"name\":\"Studie zeigt: Pers\u00f6nlichkeitsmerkmale beeinflussen soziales Engagement\"}]},{\"@type\":\"WebSite\",\"@id\":\"https:\\\/\\\/www.organisator.ch\\\/#website\",\"url\":\"https:\\\/\\\/www.organisator.ch\\\/\",\"name\":\"Organisator\",\"description\":\"Kompetent. Praxisnah. Der ORGANISATOR bereitet in 10 Ausgaben pro Jahr die wesentlichen Themen f\u00fcr F\u00fchrungskr\u00e4fte von KMU auf.\",\"publisher\":{\"@id\":\"https:\\\/\\\/www.organisator.ch\\\/#organization\"},\"potentialAction\":[{\"@type\":\"SearchAction\",\"target\":{\"@type\":\"EntryPoint\",\"urlTemplate\":\"https:\\\/\\\/www.organisator.ch\\\/?s={search_term_string}\"},\"query-input\":{\"@type\":\"PropertyValueSpecification\",\"valueRequired\":true,\"valueName\":\"search_term_string\"}}],\"inLanguage\":\"it-IT\"},{\"@type\":\"Organization\",\"@id\":\"https:\\\/\\\/www.organisator.ch\\\/#organization\",\"name\":\"Organisator\",\"url\":\"https:\\\/\\\/www.organisator.ch\\\/\",\"logo\":{\"@type\":\"ImageObject\",\"inLanguage\":\"it-IT\",\"@id\":\"https:\\\/\\\/www.organisator.ch\\\/#\\\/schema\\\/logo\\\/image\\\/\",\"url\":\"https:\\\/\\\/www.organisator.ch\\\/wp-content\\\/uploads\\\/2022\\\/01\\\/Logo_Organisator_Website.png\",\"contentUrl\":\"https:\\\/\\\/www.organisator.ch\\\/wp-content\\\/uploads\\\/2022\\\/01\\\/Logo_Organisator_Website.png\",\"width\":800,\"height\":77,\"caption\":\"Organisator\"},\"image\":{\"@id\":\"https:\\\/\\\/www.organisator.ch\\\/#\\\/schema\\\/logo\\\/image\\\/\"},\"sameAs\":[\"https:\\\/\\\/www.facebook.com\\\/OrganisatorFachmagazin\",\"https:\\\/\\\/www.linkedin.com\\\/showcase\\\/organisator-das-magazin-fr-kmu\",\"https:\\\/\\\/www.xing.com\\\/news\\\/pages\\\/organisator-ch-695\",\"https:\\\/\\\/www.youtube.com\\\/channel\\\/UCGP2Sq0iWaZwT3BdIAQFYpw\"]},{\"@type\":\"Person\",\"@id\":\"https:\\\/\\\/www.organisator.ch\\\/#\\\/schema\\\/person\\\/4e51799071cd2dd1232ac003643ef5f0\",\"name\":\"galledia\",\"image\":{\"@type\":\"ImageObject\",\"inLanguage\":\"it-IT\",\"@id\":\"https:\\\/\\\/secure.gravatar.com\\\/avatar\\\/78a7f90c01fc2bfc875782a0d4922b37cde2cf184ce347b91316d23cd7f69a36?s=96&d=mm&r=g\",\"url\":\"https:\\\/\\\/secure.gravatar.com\\\/avatar\\\/78a7f90c01fc2bfc875782a0d4922b37cde2cf184ce347b91316d23cd7f69a36?s=96&d=mm&r=g\",\"contentUrl\":\"https:\\\/\\\/secure.gravatar.com\\\/avatar\\\/78a7f90c01fc2bfc875782a0d4922b37cde2cf184ce347b91316d23cd7f69a36?s=96&d=mm&r=g\",\"caption\":\"galledia\"},\"sameAs\":[\"https:\\\/\\\/x.com\\\/admin\"],\"url\":\"https:\\\/\\\/www.organisator.ch\\\/it\\\/author\\\/galledia\\\/\"}]}<\/script>\n<!-- \/ Yoast SEO plugin. -->","yoast_head_json":{"title":"Uno studio dimostra che i tratti della personalit\u00e0 influenzano l'impegno sociale - Organizzatore","description":"Uno studio fa luce su come i tratti della personalit\u00e0 siano legati al volontariato e alla disponibilit\u00e0 a donare.","robots":{"index":"index","follow":"follow","max-snippet":"max-snippet:-1","max-image-preview":"max-image-preview:large","max-video-preview":"max-video-preview:-1"},"canonical":"https:\/\/www.organisator.ch\/it\/marketing\/2025-04-29\/studie-zeigt-persoenlichkeitsmerkmale-beeinflussen-soziales-engagement\/","og_locale":"it_IT","og_type":"article","og_title":"Studie zeigt: Pers\u00f6nlichkeitsmerkmale beeinflussen soziales Engagement - Organisator","og_description":"Eine Studie beleuchtet, wie Pers\u00f6nlichkeitsmerkmale mit ehrenamtlichem Engagement und Spendenbereitschaft zusammenh\u00e4ngen.","og_url":"https:\/\/www.organisator.ch\/it\/marketing\/2025-04-29\/studie-zeigt-persoenlichkeitsmerkmale-beeinflussen-soziales-engagement\/","og_site_name":"Organisator","article_publisher":"https:\/\/www.facebook.com\/OrganisatorFachmagazin","article_published_time":"2025-04-29T15:38:33+00:00","article_modified_time":"2025-04-30T05:36:55+00:00","author":"galledia","twitter_card":"summary_large_image","twitter_creator":"@admin","schema":{"@context":"https:\/\/schema.org","@graph":[{"@type":"Article","@id":"https:\/\/www.organisator.ch\/marketing\/2025-04-29\/studie-zeigt-persoenlichkeitsmerkmale-beeinflussen-soziales-engagement\/#article","isPartOf":{"@id":"https:\/\/www.organisator.ch\/marketing\/2025-04-29\/studie-zeigt-persoenlichkeitsmerkmale-beeinflussen-soziales-engagement\/"},"author":{"name":"galledia","@id":"https:\/\/www.organisator.ch\/#\/schema\/person\/4e51799071cd2dd1232ac003643ef5f0"},"headline":"Studie zeigt: Pers\u00f6nlichkeitsmerkmale beeinflussen soziales Engagement","datePublished":"2025-04-29T15:38:33+00:00","dateModified":"2025-04-30T05:36:55+00:00","mainEntityOfPage":{"@id":"https:\/\/www.organisator.ch\/marketing\/2025-04-29\/studie-zeigt-persoenlichkeitsmerkmale-beeinflussen-soziales-engagement\/"},"wordCount":256,"publisher":{"@id":"https:\/\/www.organisator.ch\/#organization"},"image":{"@id":"https:\/\/www.organisator.ch\/marketing\/2025-04-29\/studie-zeigt-persoenlichkeitsmerkmale-beeinflussen-soziales-engagement\/#primaryimage"},"thumbnailUrl":"https:\/\/www.markt-kom.com\/wp-content\/uploads\/2025\/04\/iStock-1265547076_south_Agency_Hauptbild.jpg","keywords":["MarKom","Sozialforschung","Studie"],"articleSection":["MARKETING"],"inLanguage":"it-IT"},{"@type":"WebPage","@id":"https:\/\/www.organisator.ch\/marketing\/2025-04-29\/studie-zeigt-persoenlichkeitsmerkmale-beeinflussen-soziales-engagement\/","url":"https:\/\/www.organisator.ch\/marketing\/2025-04-29\/studie-zeigt-persoenlichkeitsmerkmale-beeinflussen-soziales-engagement\/","name":"Uno studio dimostra che i tratti della personalit\u00e0 influenzano l'impegno sociale - Organizzatore","isPartOf":{"@id":"https:\/\/www.organisator.ch\/#website"},"primaryImageOfPage":{"@id":"https:\/\/www.organisator.ch\/marketing\/2025-04-29\/studie-zeigt-persoenlichkeitsmerkmale-beeinflussen-soziales-engagement\/#primaryimage"},"image":{"@id":"https:\/\/www.organisator.ch\/marketing\/2025-04-29\/studie-zeigt-persoenlichkeitsmerkmale-beeinflussen-soziales-engagement\/#primaryimage"},"thumbnailUrl":"https:\/\/www.markt-kom.com\/wp-content\/uploads\/2025\/04\/iStock-1265547076_south_Agency_Hauptbild.jpg","datePublished":"2025-04-29T15:38:33+00:00","dateModified":"2025-04-30T05:36:55+00:00","description":"Uno studio fa luce su come i tratti della personalit\u00e0 siano legati al volontariato e alla disponibilit\u00e0 a donare.","breadcrumb":{"@id":"https:\/\/www.organisator.ch\/marketing\/2025-04-29\/studie-zeigt-persoenlichkeitsmerkmale-beeinflussen-soziales-engagement\/#breadcrumb"},"inLanguage":"it-IT","potentialAction":[{"@type":"ReadAction","target":["https:\/\/www.organisator.ch\/marketing\/2025-04-29\/studie-zeigt-persoenlichkeitsmerkmale-beeinflussen-soziales-engagement\/"]}]},{"@type":"ImageObject","inLanguage":"it-IT","@id":"https:\/\/www.organisator.ch\/marketing\/2025-04-29\/studie-zeigt-persoenlichkeitsmerkmale-beeinflussen-soziales-engagement\/#primaryimage","url":"https:\/\/www.markt-kom.com\/wp-content\/uploads\/2025\/04\/iStock-1265547076_south_Agency_Hauptbild.jpg","contentUrl":"https:\/\/www.markt-kom.com\/wp-content\/uploads\/2025\/04\/iStock-1265547076_south_Agency_Hauptbild.jpg"},{"@type":"BreadcrumbList","@id":"https:\/\/www.organisator.ch\/marketing\/2025-04-29\/studie-zeigt-persoenlichkeitsmerkmale-beeinflussen-soziales-engagement\/#breadcrumb","itemListElement":[{"@type":"ListItem","position":1,"name":"Home","item":"https:\/\/www.organisator.ch\/"},{"@type":"ListItem","position":2,"name":"Studie zeigt: Pers\u00f6nlichkeitsmerkmale beeinflussen soziales Engagement"}]},{"@type":"WebSite","@id":"https:\/\/www.organisator.ch\/#website","url":"https:\/\/www.organisator.ch\/","name":"Organizzatore","description":"Competente. Pratico. In 10 numeri all'anno, ORGANISATOR presenta i temi essenziali per i manager delle PMI.","publisher":{"@id":"https:\/\/www.organisator.ch\/#organization"},"potentialAction":[{"@type":"SearchAction","target":{"@type":"EntryPoint","urlTemplate":"https:\/\/www.organisator.ch\/?s={search_term_string}"},"query-input":{"@type":"PropertyValueSpecification","valueRequired":true,"valueName":"search_term_string"}}],"inLanguage":"it-IT"},{"@type":"Organization","@id":"https:\/\/www.organisator.ch\/#organization","name":"Organizzatore","url":"https:\/\/www.organisator.ch\/","logo":{"@type":"ImageObject","inLanguage":"it-IT","@id":"https:\/\/www.organisator.ch\/#\/schema\/logo\/image\/","url":"https:\/\/www.organisator.ch\/wp-content\/uploads\/2022\/01\/Logo_Organisator_Website.png","contentUrl":"https:\/\/www.organisator.ch\/wp-content\/uploads\/2022\/01\/Logo_Organisator_Website.png","width":800,"height":77,"caption":"Organisator"},"image":{"@id":"https:\/\/www.organisator.ch\/#\/schema\/logo\/image\/"},"sameAs":["https:\/\/www.facebook.com\/OrganisatorFachmagazin","https:\/\/www.linkedin.com\/showcase\/organisator-das-magazin-fr-kmu","https:\/\/www.xing.com\/news\/pages\/organisator-ch-695","https:\/\/www.youtube.com\/channel\/UCGP2Sq0iWaZwT3BdIAQFYpw"]},{"@type":"Person","@id":"https:\/\/www.organisator.ch\/#\/schema\/person\/4e51799071cd2dd1232ac003643ef5f0","name":"galledia","image":{"@type":"ImageObject","inLanguage":"it-IT","@id":"https:\/\/secure.gravatar.com\/avatar\/78a7f90c01fc2bfc875782a0d4922b37cde2cf184ce347b91316d23cd7f69a36?s=96&d=mm&r=g","url":"https:\/\/secure.gravatar.com\/avatar\/78a7f90c01fc2bfc875782a0d4922b37cde2cf184ce347b91316d23cd7f69a36?s=96&d=mm&r=g","contentUrl":"https:\/\/secure.gravatar.com\/avatar\/78a7f90c01fc2bfc875782a0d4922b37cde2cf184ce347b91316d23cd7f69a36?s=96&d=mm&r=g","caption":"galledia"},"sameAs":["https:\/\/x.com\/admin"],"url":"https:\/\/www.organisator.ch\/it\/author\/galledia\/"}]}},"_links":{"self":[{"href":"https:\/\/www.organisator.ch\/it\/wp-json\/wp\/v2\/posts\/38077","targetHints":{"allow":["GET"]}}],"collection":[{"href":"https:\/\/www.organisator.ch\/it\/wp-json\/wp\/v2\/posts"}],"about":[{"href":"https:\/\/www.organisator.ch\/it\/wp-json\/wp\/v2\/types\/post"}],"author":[{"embeddable":true,"href":"https:\/\/www.organisator.ch\/it\/wp-json\/wp\/v2\/users\/8"}],"replies":[{"embeddable":true,"href":"https:\/\/www.organisator.ch\/it\/wp-json\/wp\/v2\/comments?post=38077"}],"version-history":[{"count":4,"href":"https:\/\/www.organisator.ch\/it\/wp-json\/wp\/v2\/posts\/38077\/revisions"}],"predecessor-version":[{"id":38081,"href":"https:\/\/www.organisator.ch\/it\/wp-json\/wp\/v2\/posts\/38077\/revisions\/38081"}],"wp:attachment":[{"href":"https:\/\/www.organisator.ch\/it\/wp-json\/wp\/v2\/media?parent=38077"}],"wp:term":[{"taxonomy":"category","embeddable":true,"href":"https:\/\/www.organisator.ch\/it\/wp-json\/wp\/v2\/categories?post=38077"},{"taxonomy":"post_tag","embeddable":true,"href":"https:\/\/www.organisator.ch\/it\/wp-json\/wp\/v2\/tags?post=38077"}],"curies":[{"name":"wp","href":"https:\/\/api.w.org\/{rel}","templated":true}]}}