{"id":3808,"date":"2018-06-15T14:11:21","date_gmt":"2018-06-15T12:11:21","guid":{"rendered":"https:\/\/www.organisator.ch\/?p=3808"},"modified":"2018-06-15T14:11:21","modified_gmt":"2018-06-15T12:11:21","slug":"great-place-to-work-europa-11-unternehmen-aus-der-schweiz-praemiert","status":"publish","type":"post","link":"https:\/\/www.organisator.ch\/it\/management\/2018-06-15\/great-place-to-work-europa-11-unternehmen-aus-der-schweiz-praemiert\/","title":{"rendered":"Great Place to Work Europe: premiate 11 aziende svizzere"},"content":{"rendered":"<figure id=\"attachment_3809\" aria-describedby=\"caption-attachment-3809\" style=\"width: 640px\" class=\"wp-caption alignnone\"><img loading=\"lazy\" decoding=\"async\" class=\"size-full wp-image-3809\" src=\"https:\/\/www.organisator.ch\/wp-content\/uploads\/2018\/06\/Great-Place-to-Work-Europa-11-Unternehmen-aus-der-Schweiz-praemiert_Organisator.jpg\" alt=\"\" width=\"640\" height=\"375\" srcset=\"https:\/\/www.organisator.ch\/wp-content\/uploads\/2018\/06\/Great-Place-to-Work-Europa-11-Unternehmen-aus-der-Schweiz-praemiert_Organisator.jpg 640w, https:\/\/www.organisator.ch\/wp-content\/uploads\/2018\/06\/Great-Place-to-Work-Europa-11-Unternehmen-aus-der-Schweiz-praemiert_Organisator-16x9.jpg 16w, https:\/\/www.organisator.ch\/wp-content\/uploads\/2018\/06\/Great-Place-to-Work-Europa-11-Unternehmen-aus-der-Schweiz-praemiert_Organisator-299x175.jpg 299w, https:\/\/www.organisator.ch\/wp-content\/uploads\/2018\/06\/Great-Place-to-Work-Europa-11-Unternehmen-aus-der-Schweiz-praemiert_Organisator-597x350.jpg 597w, https:\/\/www.organisator.ch\/wp-content\/uploads\/2018\/06\/Great-Place-to-Work-Europa-11-Unternehmen-aus-der-Schweiz-praemiert_Organisator-300x176.jpg 300w\" sizes=\"auto, (max-width: 640px) 100vw, 640px\" \/><figcaption id=\"caption-attachment-3809\" class=\"wp-caption-text\">Dopo aver vinto per tre volte lo Swiss Great Place to Work Award, UMB \u00e8 stata nominata miglior datore di lavoro svizzero in Europa per la seconda volta dopo il 2016. (Immagine: zVg UMB AG)<\/figcaption><\/figure>\n<p>Un totale di 2.800 aziende di 19 Paesi europei hanno partecipato al concorso per promuovere una buona e attraente qualit\u00e0 del posto di lavoro e si sono messe volontariamente alla prova. Oltre 1,6 milioni di dipendenti sono stati intervistati da Great Place to Work sulla qualit\u00e0 e l'attrattiva della loro azienda come datore di lavoro. L'attenzione si \u00e8 concentrata su temi quali leadership, innovazione, inclusione, cultura organizzativa e fiducia. I dirigenti aziendali hanno risposto anche a domande sulla qualit\u00e0, la diversit\u00e0 e la sostenibilit\u00e0 delle misure e degli strumenti del loro lavoro sulle risorse umane.<\/p>\n<h2>Premi in quattro categorie<\/h2>\n<p><span style=\"font-size: medium;\">Le aziende si sono qualificate per la competizione europea generale attraverso il concorso nazionale. <\/span>Concorsi Great Place to Work. La differenziazione \u00e8 stata fatta in base a quattro diverse categorie: aziende internazionali, piccole, medie e grandi aziende nazionali. I premi per la qualit\u00e0 speciale e l'attrattiva come datore di lavoro vengono assegnati ogni anno dal 2003. I 36 migliori datori di lavoro della Svizzera sono gi\u00e0 stati premiati nel maggio di quest'anno a Zurigo. Di questi vincitori svizzeri, 11 aziende sono state scelte come \"Best Workplaces in Europe 2018\u2033.<\/p>\n<h2>I vincitori dalla Svizzera<\/h2>\n<p>Nella categoria \"I migliori datori di lavoro d'Europa - Multinazionali\", sono rappresentate le seguenti aziende attualmente premiate anche in Svizzera:<\/p>\n<ul>\n<li>Cisco al 5\u00b0 posto,<\/li>\n<li>AbbVie al 6\u00b0 posto,<\/li>\n<li>SAS Institute al 7\u00b0 posto,<\/li>\n<li>Amgen al 12\u00b0 posto,<\/li>\n<li>Bristol-Myers Squibb al 14\u00b0 posto,<\/li>\n<li>DHL Express al 18\u00b0 posto,<\/li>\n<li>Novo Nordisk al primo posto<\/li>\n<li>SC Johnson al 22\u00b0 posto<\/li>\n<li>e Phoenix Contact al 25\u00b0 posto.<\/li>\n<\/ul>\n<p>Anche le seguenti aziende con sede in Svizzera sono state collocate con successo:<\/p>\n<ul>\n<li>nella categoria \"I migliori datori di lavoro d'Europa - Aziende fino a 50 dipendenti\" L'azienda svizzera vincitrice, Rackspace, si \u00e8 classificata quinta per l'Europa.<\/li>\n<li>Nella categoria \"I migliori datori di lavoro d'Europa - Aziende tra 50 e 500 dipendenti\", l'azienda svizzera vincitrice, UMB AG, si \u00e8 classificata al 6\u00b0 posto tra tutte le aziende europee.<\/li>\n<\/ul>\n<p>Questo fa di UMB AG il miglior datore di lavoro svizzero in Europa. \"Il fatto che noi, in qualit\u00e0 di triplo miglior datore di lavoro svizzero, abbiamo ottenuto anche un sensazionale 6\u00b0 posto in Europa su oltre 2800 aziende valutate \u00e8 un ulteriore punto di forza della nostra storia di successo\", afferma soddisfatto Matthias Keller, CEO e proprietario di UMB AG.<\/p>\n<p><em><span style=\"font-size: medium;\">\u00c8 possibile trovare l'elenco completo <a href=\"https:\/\/www.greatplacetowork.ch\/beste-arbeitgeber\/europa\/2018\/\">qui<\/a><\/span><\/em><\/p>\n<p>&nbsp;<\/p>","protected":false},"excerpt":{"rendered":"<p>Insgesamt nahmen 2.800 Unternehmen aus 19 europ\u00e4ischen L\u00e4ndern an dem Wettbewerb zur F\u00f6rderung einer guten und attraktiven Arbeitsplatzqualit\u00e4t teil und stellten sich freiwillig auf den Pr\u00fcfstand. \u00dcber 1,6 Mio. Besch\u00e4ftigte wurden von Great Place to Work zur Qualit\u00e4t und Attraktivit\u00e4t ihres Unternehmens als Arbeitgeber befragt. Im Mittelpunkt standen Themen wie F\u00fchrung, Innovation, Inklusion, Organisationskultur und [&hellip;]<\/p>\n","protected":false},"author":4,"featured_media":3809,"comment_status":"open","ping_status":"open","sticky":false,"template":"","format":"standard","meta":{"_acf_changed":false,"_yoast_wpseo_focuskw":"Great Place to Work","_yoast_wpseo_metadesc":"In Athen wurden am 14. Juni 2018 die \u201eBesten Arbeitgeber Europas\u201c ausgezeichnet. Die Schweiz ist dabei mit 11 pr\u00e4mierten Unternehmen erfolgreich vertreten.","articlekey":"","footnotes":""},"categories":[28],"tags":[51,66,492],"class_list":["post-3808","post","type-post","status-publish","format-standard","has-post-thumbnail","hentry","category-management","tag-arbeitsplatzgestaltung","tag-awards","tag-unternehmen"],"acf":[],"yoast_head":"<!-- This site is optimized with the Yoast SEO plugin v27.4 - https:\/\/yoast.com\/product\/yoast-seo-wordpress\/ -->\n<title>Great Place to Work Europa: 11 Unternehmen aus der Schweiz pr\u00e4miert - Organisator<\/title>\n<meta name=\"description\" content=\"In Athen wurden am 14. Juni 2018 die \u201eBesten Arbeitgeber Europas\u201c ausgezeichnet. Die Schweiz ist dabei mit 11 pr\u00e4mierten Unternehmen erfolgreich vertreten.\" \/>\n<meta name=\"robots\" content=\"index, follow, max-snippet:-1, max-image-preview:large, max-video-preview:-1\" \/>\n<link rel=\"canonical\" href=\"https:\/\/www.organisator.ch\/it\/gestione-2\/2018-06-15\/great-place-to-work-europa-11-unternehmen-aus-der-schweiz-praemiert\/\" \/>\n<meta property=\"og:locale\" content=\"it_IT\" \/>\n<meta property=\"og:type\" content=\"article\" \/>\n<meta property=\"og:title\" content=\"Great Place to Work Europa: 11 Unternehmen aus der Schweiz pr\u00e4miert\" \/>\n<meta property=\"og:description\" content=\"In Athen wurden am 14. Juni 2018 die \u201eBesten Arbeitgeber Europas\u201c ausgezeichnet. Die Schweiz ist dabei mit 11 pr\u00e4mierten Unternehmen erfolgreich vertreten.\" \/>\n<meta property=\"og:url\" content=\"https:\/\/www.organisator.ch\/it\/gestione-2\/2018-06-15\/great-place-to-work-europa-11-unternehmen-aus-der-schweiz-praemiert\/\" \/>\n<meta property=\"og:site_name\" content=\"Organisator\" \/>\n<meta property=\"article:publisher\" content=\"https:\/\/www.facebook.com\/OrganisatorFachmagazin\" \/>\n<meta property=\"article:published_time\" content=\"2018-06-15T12:11:21+00:00\" \/>\n<meta property=\"og:image\" content=\"https:\/\/www.organisator.ch\/wp-content\/uploads\/2018\/06\/Great-Place-to-Work-Europa-11-Unternehmen-aus-der-Schweiz-praemiert_Organisator.jpg\" \/>\n\t<meta property=\"og:image:width\" content=\"640\" \/>\n\t<meta property=\"og:image:height\" content=\"375\" \/>\n\t<meta property=\"og:image:type\" content=\"image\/jpeg\" \/>\n<meta name=\"author\" content=\"thomas.berner\" \/>\n<meta name=\"twitter:card\" content=\"summary_large_image\" \/>\n<meta name=\"twitter:title\" content=\"Great Place to Work Europa: 11 Unternehmen aus der Schweiz pr\u00e4miert #GreatPlacetoWork\" \/>\n<meta name=\"twitter:description\" content=\"In Athen wurden am 14. Juni 2018 die \u201eBesten Arbeitgeber Europas\u201c ausgezeichnet. Die Schweiz ist dabei mit 11 pr\u00e4mierten Unternehmen erfolgreich vertreten.\" \/>\n<meta name=\"twitter:image\" content=\"https:\/\/www.organisator.ch\/wp-content\/uploads\/2018\/06\/Great-Place-to-Work-Europa-11-Unternehmen-aus-der-Schweiz-pr\u00e4miert_Organisator.jpg\" \/>\n<script type=\"application\/ld+json\" class=\"yoast-schema-graph\">{\"@context\":\"https:\\\/\\\/schema.org\",\"@graph\":[{\"@type\":\"Article\",\"@id\":\"https:\\\/\\\/www.organisator.ch\\\/management\\\/2018-06-15\\\/great-place-to-work-europa-11-unternehmen-aus-der-schweiz-praemiert\\\/#article\",\"isPartOf\":{\"@id\":\"https:\\\/\\\/www.organisator.ch\\\/management\\\/2018-06-15\\\/great-place-to-work-europa-11-unternehmen-aus-der-schweiz-praemiert\\\/\"},\"author\":{\"name\":\"thomas.berner\",\"@id\":\"https:\\\/\\\/www.organisator.ch\\\/#\\\/schema\\\/person\\\/6f650f90b2842cd4c0cc334b4e36f67e\"},\"headline\":\"Great Place to Work Europa: 11 Unternehmen aus der Schweiz pr\u00e4miert\",\"datePublished\":\"2018-06-15T12:11:21+00:00\",\"mainEntityOfPage\":{\"@id\":\"https:\\\/\\\/www.organisator.ch\\\/management\\\/2018-06-15\\\/great-place-to-work-europa-11-unternehmen-aus-der-schweiz-praemiert\\\/\"},\"wordCount\":385,\"commentCount\":0,\"publisher\":{\"@id\":\"https:\\\/\\\/www.organisator.ch\\\/#organization\"},\"image\":{\"@id\":\"https:\\\/\\\/www.organisator.ch\\\/management\\\/2018-06-15\\\/great-place-to-work-europa-11-unternehmen-aus-der-schweiz-praemiert\\\/#primaryimage\"},\"thumbnailUrl\":\"https:\\\/\\\/www.organisator.ch\\\/wp-content\\\/uploads\\\/2018\\\/06\\\/Great-Place-to-Work-Europa-11-Unternehmen-aus-der-Schweiz-praemiert_Organisator.jpg\",\"keywords\":[\"Arbeitsplatzgestaltung\",\"Awards\",\"Unternehmen\"],\"articleSection\":[\"MANAGEMENT\"],\"inLanguage\":\"it-IT\"},{\"@type\":\"WebPage\",\"@id\":\"https:\\\/\\\/www.organisator.ch\\\/management\\\/2018-06-15\\\/great-place-to-work-europa-11-unternehmen-aus-der-schweiz-praemiert\\\/\",\"url\":\"https:\\\/\\\/www.organisator.ch\\\/management\\\/2018-06-15\\\/great-place-to-work-europa-11-unternehmen-aus-der-schweiz-praemiert\\\/\",\"name\":\"Great Place to Work Europa: 11 Unternehmen aus der Schweiz pr\u00e4miert - Organisator\",\"isPartOf\":{\"@id\":\"https:\\\/\\\/www.organisator.ch\\\/#website\"},\"primaryImageOfPage\":{\"@id\":\"https:\\\/\\\/www.organisator.ch\\\/management\\\/2018-06-15\\\/great-place-to-work-europa-11-unternehmen-aus-der-schweiz-praemiert\\\/#primaryimage\"},\"image\":{\"@id\":\"https:\\\/\\\/www.organisator.ch\\\/management\\\/2018-06-15\\\/great-place-to-work-europa-11-unternehmen-aus-der-schweiz-praemiert\\\/#primaryimage\"},\"thumbnailUrl\":\"https:\\\/\\\/www.organisator.ch\\\/wp-content\\\/uploads\\\/2018\\\/06\\\/Great-Place-to-Work-Europa-11-Unternehmen-aus-der-Schweiz-praemiert_Organisator.jpg\",\"datePublished\":\"2018-06-15T12:11:21+00:00\",\"description\":\"In Athen wurden am 14. Juni 2018 die \u201eBesten Arbeitgeber Europas\u201c ausgezeichnet. Die Schweiz ist dabei mit 11 pr\u00e4mierten Unternehmen erfolgreich vertreten.\",\"breadcrumb\":{\"@id\":\"https:\\\/\\\/www.organisator.ch\\\/management\\\/2018-06-15\\\/great-place-to-work-europa-11-unternehmen-aus-der-schweiz-praemiert\\\/#breadcrumb\"},\"inLanguage\":\"it-IT\",\"potentialAction\":[{\"@type\":\"ReadAction\",\"target\":[\"https:\\\/\\\/www.organisator.ch\\\/management\\\/2018-06-15\\\/great-place-to-work-europa-11-unternehmen-aus-der-schweiz-praemiert\\\/\"]}]},{\"@type\":\"ImageObject\",\"inLanguage\":\"it-IT\",\"@id\":\"https:\\\/\\\/www.organisator.ch\\\/management\\\/2018-06-15\\\/great-place-to-work-europa-11-unternehmen-aus-der-schweiz-praemiert\\\/#primaryimage\",\"url\":\"https:\\\/\\\/www.organisator.ch\\\/wp-content\\\/uploads\\\/2018\\\/06\\\/Great-Place-to-Work-Europa-11-Unternehmen-aus-der-Schweiz-praemiert_Organisator.jpg\",\"contentUrl\":\"https:\\\/\\\/www.organisator.ch\\\/wp-content\\\/uploads\\\/2018\\\/06\\\/Great-Place-to-Work-Europa-11-Unternehmen-aus-der-Schweiz-praemiert_Organisator.jpg\",\"width\":640,\"height\":375,\"caption\":\"Nach dem dreimaligen Gewinn des Schweizer Great Place to Work Awards wird UMB nach 2016 zum zweiten Mal als beste Schweizer Arbeitgeberin Europas ausgezeichnet. (Bild: zVg UMB AG)\"},{\"@type\":\"BreadcrumbList\",\"@id\":\"https:\\\/\\\/www.organisator.ch\\\/management\\\/2018-06-15\\\/great-place-to-work-europa-11-unternehmen-aus-der-schweiz-praemiert\\\/#breadcrumb\",\"itemListElement\":[{\"@type\":\"ListItem\",\"position\":1,\"name\":\"Home\",\"item\":\"https:\\\/\\\/www.organisator.ch\\\/\"},{\"@type\":\"ListItem\",\"position\":2,\"name\":\"Great Place to Work Europa: 11 Unternehmen aus der Schweiz pr\u00e4miert\"}]},{\"@type\":\"WebSite\",\"@id\":\"https:\\\/\\\/www.organisator.ch\\\/#website\",\"url\":\"https:\\\/\\\/www.organisator.ch\\\/\",\"name\":\"Organisator\",\"description\":\"Kompetent. Praxisnah. Der ORGANISATOR bereitet in 10 Ausgaben pro Jahr die wesentlichen Themen f\u00fcr F\u00fchrungskr\u00e4fte von KMU auf.\",\"publisher\":{\"@id\":\"https:\\\/\\\/www.organisator.ch\\\/#organization\"},\"potentialAction\":[{\"@type\":\"SearchAction\",\"target\":{\"@type\":\"EntryPoint\",\"urlTemplate\":\"https:\\\/\\\/www.organisator.ch\\\/?s={search_term_string}\"},\"query-input\":{\"@type\":\"PropertyValueSpecification\",\"valueRequired\":true,\"valueName\":\"search_term_string\"}}],\"inLanguage\":\"it-IT\"},{\"@type\":\"Organization\",\"@id\":\"https:\\\/\\\/www.organisator.ch\\\/#organization\",\"name\":\"Organisator\",\"url\":\"https:\\\/\\\/www.organisator.ch\\\/\",\"logo\":{\"@type\":\"ImageObject\",\"inLanguage\":\"it-IT\",\"@id\":\"https:\\\/\\\/www.organisator.ch\\\/#\\\/schema\\\/logo\\\/image\\\/\",\"url\":\"https:\\\/\\\/www.organisator.ch\\\/wp-content\\\/uploads\\\/2022\\\/01\\\/Logo_Organisator_Website.png\",\"contentUrl\":\"https:\\\/\\\/www.organisator.ch\\\/wp-content\\\/uploads\\\/2022\\\/01\\\/Logo_Organisator_Website.png\",\"width\":800,\"height\":77,\"caption\":\"Organisator\"},\"image\":{\"@id\":\"https:\\\/\\\/www.organisator.ch\\\/#\\\/schema\\\/logo\\\/image\\\/\"},\"sameAs\":[\"https:\\\/\\\/www.facebook.com\\\/OrganisatorFachmagazin\",\"https:\\\/\\\/www.linkedin.com\\\/showcase\\\/organisator-das-magazin-fr-kmu\",\"https:\\\/\\\/www.xing.com\\\/news\\\/pages\\\/organisator-ch-695\",\"https:\\\/\\\/www.youtube.com\\\/channel\\\/UCGP2Sq0iWaZwT3BdIAQFYpw\"]},{\"@type\":\"Person\",\"@id\":\"https:\\\/\\\/www.organisator.ch\\\/#\\\/schema\\\/person\\\/6f650f90b2842cd4c0cc334b4e36f67e\",\"name\":\"thomas.berner\",\"image\":{\"@type\":\"ImageObject\",\"inLanguage\":\"it-IT\",\"@id\":\"https:\\\/\\\/secure.gravatar.com\\\/avatar\\\/ac5001d2a36cb6c6cd3e50789007ffca834b477b74a2144564522e944eabff61?s=96&d=mm&r=g\",\"url\":\"https:\\\/\\\/secure.gravatar.com\\\/avatar\\\/ac5001d2a36cb6c6cd3e50789007ffca834b477b74a2144564522e944eabff61?s=96&d=mm&r=g\",\"contentUrl\":\"https:\\\/\\\/secure.gravatar.com\\\/avatar\\\/ac5001d2a36cb6c6cd3e50789007ffca834b477b74a2144564522e944eabff61?s=96&d=mm&r=g\",\"caption\":\"thomas.berner\"},\"url\":\"https:\\\/\\\/www.organisator.ch\\\/it\\\/author\\\/thomas-berner\\\/\"}]}<\/script>\n<!-- \/ Yoast SEO plugin. -->","yoast_head_json":{"title":"Great Place to Work Europe: premiate 11 aziende svizzere - Organizzatore","description":"I \"Migliori datori di lavoro in Europa\" sono stati premiati ad Atene il 14 giugno 2018. La Svizzera \u00e8 stata rappresentata con successo da 11 aziende premiate.","robots":{"index":"index","follow":"follow","max-snippet":"max-snippet:-1","max-image-preview":"max-image-preview:large","max-video-preview":"max-video-preview:-1"},"canonical":"https:\/\/www.organisator.ch\/it\/gestione-2\/2018-06-15\/great-place-to-work-europa-11-unternehmen-aus-der-schweiz-praemiert\/","og_locale":"it_IT","og_type":"article","og_title":"Great Place to Work Europa: 11 Unternehmen aus der Schweiz pr\u00e4miert","og_description":"In Athen wurden am 14. Juni 2018 die \u201eBesten Arbeitgeber Europas\u201c ausgezeichnet. Die Schweiz ist dabei mit 11 pr\u00e4mierten Unternehmen erfolgreich vertreten.","og_url":"https:\/\/www.organisator.ch\/it\/gestione-2\/2018-06-15\/great-place-to-work-europa-11-unternehmen-aus-der-schweiz-praemiert\/","og_site_name":"Organisator","article_publisher":"https:\/\/www.facebook.com\/OrganisatorFachmagazin","article_published_time":"2018-06-15T12:11:21+00:00","og_image":[{"width":640,"height":375,"url":"https:\/\/www.organisator.ch\/wp-content\/uploads\/2018\/06\/Great-Place-to-Work-Europa-11-Unternehmen-aus-der-Schweiz-praemiert_Organisator.jpg","type":"image\/jpeg"}],"author":"thomas.berner","twitter_card":"summary_large_image","twitter_title":"Great Place to Work Europa: 11 Unternehmen aus der Schweiz pr\u00e4miert #GreatPlacetoWork","twitter_description":"In Athen wurden am 14. Juni 2018 die \u201eBesten Arbeitgeber Europas\u201c ausgezeichnet. Die Schweiz ist dabei mit 11 pr\u00e4mierten Unternehmen erfolgreich vertreten.","twitter_image":"https:\/\/www.organisator.ch\/wp-content\/uploads\/2018\/06\/Great-Place-to-Work-Europa-11-Unternehmen-aus-der-Schweiz-pr\u00e4miert_Organisator.jpg","schema":{"@context":"https:\/\/schema.org","@graph":[{"@type":"Article","@id":"https:\/\/www.organisator.ch\/management\/2018-06-15\/great-place-to-work-europa-11-unternehmen-aus-der-schweiz-praemiert\/#article","isPartOf":{"@id":"https:\/\/www.organisator.ch\/management\/2018-06-15\/great-place-to-work-europa-11-unternehmen-aus-der-schweiz-praemiert\/"},"author":{"name":"thomas.berner","@id":"https:\/\/www.organisator.ch\/#\/schema\/person\/6f650f90b2842cd4c0cc334b4e36f67e"},"headline":"Great Place to Work Europa: 11 Unternehmen aus der Schweiz pr\u00e4miert","datePublished":"2018-06-15T12:11:21+00:00","mainEntityOfPage":{"@id":"https:\/\/www.organisator.ch\/management\/2018-06-15\/great-place-to-work-europa-11-unternehmen-aus-der-schweiz-praemiert\/"},"wordCount":385,"commentCount":0,"publisher":{"@id":"https:\/\/www.organisator.ch\/#organization"},"image":{"@id":"https:\/\/www.organisator.ch\/management\/2018-06-15\/great-place-to-work-europa-11-unternehmen-aus-der-schweiz-praemiert\/#primaryimage"},"thumbnailUrl":"https:\/\/www.organisator.ch\/wp-content\/uploads\/2018\/06\/Great-Place-to-Work-Europa-11-Unternehmen-aus-der-Schweiz-praemiert_Organisator.jpg","keywords":["Arbeitsplatzgestaltung","Awards","Unternehmen"],"articleSection":["MANAGEMENT"],"inLanguage":"it-IT"},{"@type":"WebPage","@id":"https:\/\/www.organisator.ch\/management\/2018-06-15\/great-place-to-work-europa-11-unternehmen-aus-der-schweiz-praemiert\/","url":"https:\/\/www.organisator.ch\/management\/2018-06-15\/great-place-to-work-europa-11-unternehmen-aus-der-schweiz-praemiert\/","name":"Great Place to Work Europe: premiate 11 aziende svizzere - Organizzatore","isPartOf":{"@id":"https:\/\/www.organisator.ch\/#website"},"primaryImageOfPage":{"@id":"https:\/\/www.organisator.ch\/management\/2018-06-15\/great-place-to-work-europa-11-unternehmen-aus-der-schweiz-praemiert\/#primaryimage"},"image":{"@id":"https:\/\/www.organisator.ch\/management\/2018-06-15\/great-place-to-work-europa-11-unternehmen-aus-der-schweiz-praemiert\/#primaryimage"},"thumbnailUrl":"https:\/\/www.organisator.ch\/wp-content\/uploads\/2018\/06\/Great-Place-to-Work-Europa-11-Unternehmen-aus-der-Schweiz-praemiert_Organisator.jpg","datePublished":"2018-06-15T12:11:21+00:00","description":"I \"Migliori datori di lavoro in Europa\" sono stati premiati ad Atene il 14 giugno 2018. La Svizzera \u00e8 stata rappresentata con successo da 11 aziende premiate.","breadcrumb":{"@id":"https:\/\/www.organisator.ch\/management\/2018-06-15\/great-place-to-work-europa-11-unternehmen-aus-der-schweiz-praemiert\/#breadcrumb"},"inLanguage":"it-IT","potentialAction":[{"@type":"ReadAction","target":["https:\/\/www.organisator.ch\/management\/2018-06-15\/great-place-to-work-europa-11-unternehmen-aus-der-schweiz-praemiert\/"]}]},{"@type":"ImageObject","inLanguage":"it-IT","@id":"https:\/\/www.organisator.ch\/management\/2018-06-15\/great-place-to-work-europa-11-unternehmen-aus-der-schweiz-praemiert\/#primaryimage","url":"https:\/\/www.organisator.ch\/wp-content\/uploads\/2018\/06\/Great-Place-to-Work-Europa-11-Unternehmen-aus-der-Schweiz-praemiert_Organisator.jpg","contentUrl":"https:\/\/www.organisator.ch\/wp-content\/uploads\/2018\/06\/Great-Place-to-Work-Europa-11-Unternehmen-aus-der-Schweiz-praemiert_Organisator.jpg","width":640,"height":375,"caption":"Nach dem dreimaligen Gewinn des Schweizer Great Place to Work Awards wird UMB nach 2016 zum zweiten Mal als beste Schweizer Arbeitgeberin Europas ausgezeichnet. (Bild: zVg UMB AG)"},{"@type":"BreadcrumbList","@id":"https:\/\/www.organisator.ch\/management\/2018-06-15\/great-place-to-work-europa-11-unternehmen-aus-der-schweiz-praemiert\/#breadcrumb","itemListElement":[{"@type":"ListItem","position":1,"name":"Home","item":"https:\/\/www.organisator.ch\/"},{"@type":"ListItem","position":2,"name":"Great Place to Work Europa: 11 Unternehmen aus der Schweiz pr\u00e4miert"}]},{"@type":"WebSite","@id":"https:\/\/www.organisator.ch\/#website","url":"https:\/\/www.organisator.ch\/","name":"Organizzatore","description":"Competente. Pratico. In 10 numeri all'anno, ORGANISATOR presenta i temi essenziali per i manager delle PMI.","publisher":{"@id":"https:\/\/www.organisator.ch\/#organization"},"potentialAction":[{"@type":"SearchAction","target":{"@type":"EntryPoint","urlTemplate":"https:\/\/www.organisator.ch\/?s={search_term_string}"},"query-input":{"@type":"PropertyValueSpecification","valueRequired":true,"valueName":"search_term_string"}}],"inLanguage":"it-IT"},{"@type":"Organization","@id":"https:\/\/www.organisator.ch\/#organization","name":"Organizzatore","url":"https:\/\/www.organisator.ch\/","logo":{"@type":"ImageObject","inLanguage":"it-IT","@id":"https:\/\/www.organisator.ch\/#\/schema\/logo\/image\/","url":"https:\/\/www.organisator.ch\/wp-content\/uploads\/2022\/01\/Logo_Organisator_Website.png","contentUrl":"https:\/\/www.organisator.ch\/wp-content\/uploads\/2022\/01\/Logo_Organisator_Website.png","width":800,"height":77,"caption":"Organisator"},"image":{"@id":"https:\/\/www.organisator.ch\/#\/schema\/logo\/image\/"},"sameAs":["https:\/\/www.facebook.com\/OrganisatorFachmagazin","https:\/\/www.linkedin.com\/showcase\/organisator-das-magazin-fr-kmu","https:\/\/www.xing.com\/news\/pages\/organisator-ch-695","https:\/\/www.youtube.com\/channel\/UCGP2Sq0iWaZwT3BdIAQFYpw"]},{"@type":"Person","@id":"https:\/\/www.organisator.ch\/#\/schema\/person\/6f650f90b2842cd4c0cc334b4e36f67e","name":"Tommaso.berner","image":{"@type":"ImageObject","inLanguage":"it-IT","@id":"https:\/\/secure.gravatar.com\/avatar\/ac5001d2a36cb6c6cd3e50789007ffca834b477b74a2144564522e944eabff61?s=96&d=mm&r=g","url":"https:\/\/secure.gravatar.com\/avatar\/ac5001d2a36cb6c6cd3e50789007ffca834b477b74a2144564522e944eabff61?s=96&d=mm&r=g","contentUrl":"https:\/\/secure.gravatar.com\/avatar\/ac5001d2a36cb6c6cd3e50789007ffca834b477b74a2144564522e944eabff61?s=96&d=mm&r=g","caption":"thomas.berner"},"url":"https:\/\/www.organisator.ch\/it\/author\/thomas-berner\/"}]}},"_links":{"self":[{"href":"https:\/\/www.organisator.ch\/it\/wp-json\/wp\/v2\/posts\/3808","targetHints":{"allow":["GET"]}}],"collection":[{"href":"https:\/\/www.organisator.ch\/it\/wp-json\/wp\/v2\/posts"}],"about":[{"href":"https:\/\/www.organisator.ch\/it\/wp-json\/wp\/v2\/types\/post"}],"author":[{"embeddable":true,"href":"https:\/\/www.organisator.ch\/it\/wp-json\/wp\/v2\/users\/4"}],"replies":[{"embeddable":true,"href":"https:\/\/www.organisator.ch\/it\/wp-json\/wp\/v2\/comments?post=3808"}],"version-history":[{"count":0,"href":"https:\/\/www.organisator.ch\/it\/wp-json\/wp\/v2\/posts\/3808\/revisions"}],"wp:featuredmedia":[{"embeddable":true,"href":"https:\/\/www.organisator.ch\/it\/wp-json\/wp\/v2\/media\/3809"}],"wp:attachment":[{"href":"https:\/\/www.organisator.ch\/it\/wp-json\/wp\/v2\/media?parent=3808"}],"wp:term":[{"taxonomy":"category","embeddable":true,"href":"https:\/\/www.organisator.ch\/it\/wp-json\/wp\/v2\/categories?post=3808"},{"taxonomy":"post_tag","embeddable":true,"href":"https:\/\/www.organisator.ch\/it\/wp-json\/wp\/v2\/tags?post=3808"}],"curies":[{"name":"wp","href":"https:\/\/api.w.org\/{rel}","templated":true}]}}