{"id":38111,"date":"2025-05-01T09:32:18","date_gmt":"2025-05-01T07:32:18","guid":{"rendered":"https:\/\/www.organisator.ch\/?p=38111"},"modified":"2025-05-01T09:32:18","modified_gmt":"2025-05-01T07:32:18","slug":"fernuni-schweiz-blickt-auf-erfolgreiche-entwicklung-zurueck","status":"publish","type":"post","link":"https:\/\/www.organisator.ch\/it\/weiterbildung\/2025-05-01\/fernuni-schweiz-blickt-auf-erfolgreiche-entwicklung-zurueck\/","title":{"rendered":"FernUni Svizzera guarda al successo dello sviluppo"},"content":{"rendered":"<figure id=\"attachment_38116\" aria-describedby=\"caption-attachment-38116\" style=\"width: 680px\" class=\"wp-caption alignnone\"><img loading=\"lazy\" decoding=\"async\" class=\"wp-image-38116 size-full\" src=\"https:\/\/www.organisator.ch\/wp-content\/uploads\/2025\/05\/FernUni-Schweiz-blickt-auf-erfolgreiche-Entwicklung-zurueck_Organisator.jpg\" alt=\"\" width=\"680\" height=\"453\" srcset=\"https:\/\/www.organisator.ch\/wp-content\/uploads\/2025\/05\/FernUni-Schweiz-blickt-auf-erfolgreiche-Entwicklung-zurueck_Organisator.jpg 680w, https:\/\/www.organisator.ch\/wp-content\/uploads\/2025\/05\/FernUni-Schweiz-blickt-auf-erfolgreiche-Entwicklung-zurueck_Organisator-18x12.jpg 18w, https:\/\/www.organisator.ch\/wp-content\/uploads\/2025\/05\/FernUni-Schweiz-blickt-auf-erfolgreiche-Entwicklung-zurueck_Organisator-375x250.jpg 375w, https:\/\/www.organisator.ch\/wp-content\/uploads\/2025\/05\/FernUni-Schweiz-blickt-auf-erfolgreiche-Entwicklung-zurueck_Organisator-525x350.jpg 525w\" sizes=\"auto, (max-width: 680px) 100vw, 680px\" \/><figcaption id=\"caption-attachment-38116\" class=\"wp-caption-text\">FernUni Schweiz ha raggiunto importanti traguardi e rafforzato il Consiglio di fondazione e il Consiglio consultivo accademico. (Immagine: Fernuni Svizzera)<\/figcaption><\/figure>\n<p>La FernUni Svizzera ha utilizzato la sua Assemblea generale annuale per ripercorrere i traguardi raggiunti. Continua il suo sviluppo strategico per diventare l'Universit\u00e0 del Vallese entro il 2027.<\/p>\n<h3>I punti salienti del 2024 di FernUni Svizzera<\/h3>\n<p>Il 2024 \u00e8 stato un anno di notevole sviluppo e crescita strategica per FernUni Svizzera. L'istituto universitario conta quasi 2.400 studenti, una cifra mai raggiunta prima. Il 7 settembre, in occasione della cerimonia di consegna dei diplomi, \u00e8 stato consegnato un numero record di 403 diplomi. Nel settore della ricerca, il Fondo Nazionale Svizzero (FNS) ha sostenuto diversi progetti per un totale di quasi 1.500.000 franchi svizzeri. Tra questi, ad esempio, il progetto di Sabine Pitteloud, professoressa di storia, sul tema \"Imprese, organizzazioni commerciali e gestione ambientale nell'Europa occidentale dopo il 1945\". L'impegno di FernUni Svizzera per operazioni universitarie innovative, flessibili e di alta qualit\u00e0 si riflette in una serie di progetti che hanno caratterizzato l'anno. \"Continuiamo a sviluppare e intensificare il nostro networking con istituzioni e organizzazioni del panorama accademico nazionale e internazionale. Questo significa che siamo pronti ad affrontare nuove sfide e a continuare a realizzare la nostra visione di un'universit\u00e0 moderna, eccellente e collegata in rete\", spiega il professor Nicolas Rothen, Rettore ad interim.<\/p>\n<h3>Membri di alto livello rafforzano il Consiglio di fondazione<\/h3>\n<p>Durante l'incontro sono state nominate ufficialmente tre persone nel Consiglio di fondazione, il massimo organo di governo di FernUni Svizzera. La prof.ssa Anne-Christine Fornage, esperta di diritto privato ed ex vicerettore dell'Universit\u00e0 di Losanna, il prof. Kilian Stoffel, rettore dell'Universit\u00e0 di Neuch\u00e2tel, e Mathias Bellwald, sindaco di Brig-Glis, contribuiranno con la loro esperienza e conoscenza del mondo accademico e politico alla strategia e alla visione futura di FernUni Svizzera. Stefan Bumann, presidente del Consiglio di fondazione, \u00e8 entusiasta della collaborazione. \"Siamo lieti di accogliere questi nuovi membri nella nostra istituzione e di beneficiare della loro esperienza nella gestione universitaria e delle loro reti internazionali per rafforzare lo sviluppo della futura Universit\u00e0 del Vallese.\" Il Consiglio di fondazione ha colto l'occasione per ringraziare i suoi ex membri Rachel Salzmann e Patrick Amoos, che si sono dimessi dal Consiglio di fondazione rispettivamente nel giugno 2024 e nel marzo 2025. \"Patrick Amoos, attivo dal 2009, \u00e8 uno dei nostri membri pi\u00f9 anziani. Accolgo con favore il suo impegno pluriennale e la competenza che ha apportato al nostro Istituto\", ha sottolineato Stefan Bumann.<\/p>\n<h3>Due rinomate professoresse entrano a far parte del comitato scientifico consultivo<\/h3>\n<p>Eletti dal Consiglio di amministrazione nell'aprile 2025, due nuovi membri sono entrati a far parte del Consiglio consultivo accademico, che funge da organo consultivo per tutte le questioni relative all'insegnamento e alla ricerca accademica. L'Istituto si avvarr\u00e0 della grande esperienza e delle competenze accademiche della storica Madeleine Herren-Oesch, professore emerito di Storia generale moderna ed ex direttore dell'Istituto europeo dell'Universit\u00e0 di Basilea, e della professoressa emerita Ruth Kellerhals, ex titolare della cattedra di Geometria e Algebra all'Universit\u00e0 di Friburgo.<\/p>\n<p><em>Fonte e ulteriori informazioni: <a href=\"http:\/\/www.fernuni.ch\">www.fernuni.ch<\/a><\/em><\/p>","protected":false},"excerpt":{"rendered":"<p>L'assemblea dei membri fondatori di FernUni Svizzera si \u00e8 riunita il 30 aprile 2025 nel campus di Briga. L'ordine del giorno prevedeva la convalida del rapporto annuale 2024 e l'ampliamento del Consiglio di fondazione e del Consiglio accademico. <\/p>","protected":false},"author":4,"featured_media":38116,"comment_status":"closed","ping_status":"closed","sticky":false,"template":"","format":"standard","meta":{"_acf_changed":false,"_yoast_wpseo_focuskw":"FernUni Schweiz","_yoast_wpseo_metadesc":"Die Versammlung der Gr\u00fcndungsmitglieder der FernUni Schweiz hat sich am 30. April 2025 auf dem Campus in Brig versammelt.","articlekey":"","footnotes":""},"categories":[30],"tags":[62,192,218,5324],"class_list":["post-38111","post","type-post","status-publish","format-standard","has-post-thumbnail","hentry","category-weiterbildung","tag-aus-weiterbildung","tag-fachhochschulen","tag-forschung","tag-universitaeten"],"acf":[],"yoast_head":"<!-- This site is optimized with the Yoast SEO plugin v27.5 - https:\/\/yoast.com\/product\/yoast-seo-wordpress\/ -->\n<title>FernUni Schweiz blickt auf erfolgreiche Entwicklung zur\u00fcck - Organisator<\/title>\n<meta name=\"description\" content=\"Die Versammlung der Gr\u00fcndungsmitglieder der FernUni Schweiz hat sich am 30. April 2025 auf dem Campus in Brig versammelt.\" \/>\n<meta name=\"robots\" content=\"index, follow, max-snippet:-1, max-image-preview:large, max-video-preview:-1\" \/>\n<link rel=\"canonical\" href=\"https:\/\/www.organisator.ch\/it\/formazione-continua\/2025-05-01\/fernuni-schweiz-blickt-auf-erfolgreiche-entwicklung-zurueck\/\" \/>\n<meta property=\"og:locale\" content=\"it_IT\" \/>\n<meta property=\"og:type\" content=\"article\" \/>\n<meta property=\"og:title\" content=\"FernUni Schweiz blickt auf erfolgreiche Entwicklung zur\u00fcck\" \/>\n<meta property=\"og:description\" content=\"Die Versammlung der Gr\u00fcndungsmitglieder der FernUni Schweiz hat sich am 30. April 2025 auf dem Campus in Brig versammelt.\" \/>\n<meta property=\"og:url\" content=\"https:\/\/www.organisator.ch\/it\/formazione-continua\/2025-05-01\/fernuni-schweiz-blickt-auf-erfolgreiche-entwicklung-zurueck\/\" \/>\n<meta property=\"og:site_name\" content=\"Organisator\" \/>\n<meta property=\"article:publisher\" content=\"https:\/\/www.facebook.com\/OrganisatorFachmagazin\" \/>\n<meta property=\"article:published_time\" content=\"2025-05-01T07:32:18+00:00\" \/>\n<meta property=\"og:image\" content=\"https:\/\/www.organisator.ch\/wp-content\/uploads\/2025\/05\/FernUni-Schweiz-blickt-auf-erfolgreiche-Entwicklung-zurueck_Organisator.jpg\" \/>\n\t<meta property=\"og:image:width\" content=\"680\" \/>\n\t<meta property=\"og:image:height\" content=\"453\" \/>\n\t<meta property=\"og:image:type\" content=\"image\/jpeg\" \/>\n<meta name=\"author\" content=\"thomas.berner\" \/>\n<meta name=\"twitter:card\" content=\"summary_large_image\" \/>\n<meta name=\"twitter:title\" content=\"#FernUni Schweiz blickt auf erfolgreiche #Entwicklung zur\u00fcck\" \/>\n<meta name=\"twitter:description\" content=\"Die Versammlung der Gr\u00fcndungsmitglieder der #FernUni Schweiz hat sich am 30. April 2025 auf dem #Campus in Brig versammelt.\" \/>\n<meta name=\"twitter:image\" content=\"https:\/\/www.organisator.ch\/wp-content\/uploads\/2025\/05\/FernUni-Schweiz-blickt-auf-erfolgreiche-Entwicklung-zurueck_Organisator.jpg\" \/>\n<script type=\"application\/ld+json\" class=\"yoast-schema-graph\">{\"@context\":\"https:\\\/\\\/schema.org\",\"@graph\":[{\"@type\":\"Article\",\"@id\":\"https:\\\/\\\/www.organisator.ch\\\/weiterbildung\\\/2025-05-01\\\/fernuni-schweiz-blickt-auf-erfolgreiche-entwicklung-zurueck\\\/#article\",\"isPartOf\":{\"@id\":\"https:\\\/\\\/www.organisator.ch\\\/weiterbildung\\\/2025-05-01\\\/fernuni-schweiz-blickt-auf-erfolgreiche-entwicklung-zurueck\\\/\"},\"author\":{\"name\":\"thomas.berner\",\"@id\":\"https:\\\/\\\/www.organisator.ch\\\/#\\\/schema\\\/person\\\/6f650f90b2842cd4c0cc334b4e36f67e\"},\"headline\":\"FernUni Schweiz blickt auf erfolgreiche Entwicklung zur\u00fcck\",\"datePublished\":\"2025-05-01T07:32:18+00:00\",\"mainEntityOfPage\":{\"@id\":\"https:\\\/\\\/www.organisator.ch\\\/weiterbildung\\\/2025-05-01\\\/fernuni-schweiz-blickt-auf-erfolgreiche-entwicklung-zurueck\\\/\"},\"wordCount\":515,\"publisher\":{\"@id\":\"https:\\\/\\\/www.organisator.ch\\\/#organization\"},\"image\":{\"@id\":\"https:\\\/\\\/www.organisator.ch\\\/weiterbildung\\\/2025-05-01\\\/fernuni-schweiz-blickt-auf-erfolgreiche-entwicklung-zurueck\\\/#primaryimage\"},\"thumbnailUrl\":\"https:\\\/\\\/www.organisator.ch\\\/wp-content\\\/uploads\\\/2025\\\/05\\\/FernUni-Schweiz-blickt-auf-erfolgreiche-Entwicklung-zurueck_Organisator.jpg\",\"keywords\":[\"Aus-\\\/Weiterbildung\",\"Fachhochschulen\",\"Forschung\",\"Universit\u00e4ten\"],\"articleSection\":[\"WEITERBILDUNG\"],\"inLanguage\":\"it-IT\"},{\"@type\":\"WebPage\",\"@id\":\"https:\\\/\\\/www.organisator.ch\\\/weiterbildung\\\/2025-05-01\\\/fernuni-schweiz-blickt-auf-erfolgreiche-entwicklung-zurueck\\\/\",\"url\":\"https:\\\/\\\/www.organisator.ch\\\/weiterbildung\\\/2025-05-01\\\/fernuni-schweiz-blickt-auf-erfolgreiche-entwicklung-zurueck\\\/\",\"name\":\"FernUni Schweiz blickt auf erfolgreiche Entwicklung zur\u00fcck - Organisator\",\"isPartOf\":{\"@id\":\"https:\\\/\\\/www.organisator.ch\\\/#website\"},\"primaryImageOfPage\":{\"@id\":\"https:\\\/\\\/www.organisator.ch\\\/weiterbildung\\\/2025-05-01\\\/fernuni-schweiz-blickt-auf-erfolgreiche-entwicklung-zurueck\\\/#primaryimage\"},\"image\":{\"@id\":\"https:\\\/\\\/www.organisator.ch\\\/weiterbildung\\\/2025-05-01\\\/fernuni-schweiz-blickt-auf-erfolgreiche-entwicklung-zurueck\\\/#primaryimage\"},\"thumbnailUrl\":\"https:\\\/\\\/www.organisator.ch\\\/wp-content\\\/uploads\\\/2025\\\/05\\\/FernUni-Schweiz-blickt-auf-erfolgreiche-Entwicklung-zurueck_Organisator.jpg\",\"datePublished\":\"2025-05-01T07:32:18+00:00\",\"description\":\"Die Versammlung der Gr\u00fcndungsmitglieder der FernUni Schweiz hat sich am 30. April 2025 auf dem Campus in Brig versammelt.\",\"breadcrumb\":{\"@id\":\"https:\\\/\\\/www.organisator.ch\\\/weiterbildung\\\/2025-05-01\\\/fernuni-schweiz-blickt-auf-erfolgreiche-entwicklung-zurueck\\\/#breadcrumb\"},\"inLanguage\":\"it-IT\",\"potentialAction\":[{\"@type\":\"ReadAction\",\"target\":[\"https:\\\/\\\/www.organisator.ch\\\/weiterbildung\\\/2025-05-01\\\/fernuni-schweiz-blickt-auf-erfolgreiche-entwicklung-zurueck\\\/\"]}]},{\"@type\":\"ImageObject\",\"inLanguage\":\"it-IT\",\"@id\":\"https:\\\/\\\/www.organisator.ch\\\/weiterbildung\\\/2025-05-01\\\/fernuni-schweiz-blickt-auf-erfolgreiche-entwicklung-zurueck\\\/#primaryimage\",\"url\":\"https:\\\/\\\/www.organisator.ch\\\/wp-content\\\/uploads\\\/2025\\\/05\\\/FernUni-Schweiz-blickt-auf-erfolgreiche-Entwicklung-zurueck_Organisator.jpg\",\"contentUrl\":\"https:\\\/\\\/www.organisator.ch\\\/wp-content\\\/uploads\\\/2025\\\/05\\\/FernUni-Schweiz-blickt-auf-erfolgreiche-Entwicklung-zurueck_Organisator.jpg\",\"width\":680,\"height\":453,\"caption\":\"Die Fernuni Schweiz hat wichtige Meilensteine erreicht, Stiftungsrat und Wissenschaftlicher Beirat gest\u00e4rkt: Die FernUni Schweiz ist stolz auf ihre Erfolge\"},{\"@type\":\"BreadcrumbList\",\"@id\":\"https:\\\/\\\/www.organisator.ch\\\/weiterbildung\\\/2025-05-01\\\/fernuni-schweiz-blickt-auf-erfolgreiche-entwicklung-zurueck\\\/#breadcrumb\",\"itemListElement\":[{\"@type\":\"ListItem\",\"position\":1,\"name\":\"Home\",\"item\":\"https:\\\/\\\/www.organisator.ch\\\/\"},{\"@type\":\"ListItem\",\"position\":2,\"name\":\"FernUni Schweiz blickt auf erfolgreiche Entwicklung zur\u00fcck\"}]},{\"@type\":\"WebSite\",\"@id\":\"https:\\\/\\\/www.organisator.ch\\\/#website\",\"url\":\"https:\\\/\\\/www.organisator.ch\\\/\",\"name\":\"Organisator\",\"description\":\"Kompetent. Praxisnah. Der ORGANISATOR bereitet in 10 Ausgaben pro Jahr die wesentlichen Themen f\u00fcr F\u00fchrungskr\u00e4fte von KMU auf.\",\"publisher\":{\"@id\":\"https:\\\/\\\/www.organisator.ch\\\/#organization\"},\"potentialAction\":[{\"@type\":\"SearchAction\",\"target\":{\"@type\":\"EntryPoint\",\"urlTemplate\":\"https:\\\/\\\/www.organisator.ch\\\/?s={search_term_string}\"},\"query-input\":{\"@type\":\"PropertyValueSpecification\",\"valueRequired\":true,\"valueName\":\"search_term_string\"}}],\"inLanguage\":\"it-IT\"},{\"@type\":\"Organization\",\"@id\":\"https:\\\/\\\/www.organisator.ch\\\/#organization\",\"name\":\"Organisator\",\"url\":\"https:\\\/\\\/www.organisator.ch\\\/\",\"logo\":{\"@type\":\"ImageObject\",\"inLanguage\":\"it-IT\",\"@id\":\"https:\\\/\\\/www.organisator.ch\\\/#\\\/schema\\\/logo\\\/image\\\/\",\"url\":\"https:\\\/\\\/www.organisator.ch\\\/wp-content\\\/uploads\\\/2022\\\/01\\\/Logo_Organisator_Website.png\",\"contentUrl\":\"https:\\\/\\\/www.organisator.ch\\\/wp-content\\\/uploads\\\/2022\\\/01\\\/Logo_Organisator_Website.png\",\"width\":800,\"height\":77,\"caption\":\"Organisator\"},\"image\":{\"@id\":\"https:\\\/\\\/www.organisator.ch\\\/#\\\/schema\\\/logo\\\/image\\\/\"},\"sameAs\":[\"https:\\\/\\\/www.facebook.com\\\/OrganisatorFachmagazin\",\"https:\\\/\\\/www.linkedin.com\\\/showcase\\\/organisator-das-magazin-fr-kmu\",\"https:\\\/\\\/www.xing.com\\\/news\\\/pages\\\/organisator-ch-695\",\"https:\\\/\\\/www.youtube.com\\\/channel\\\/UCGP2Sq0iWaZwT3BdIAQFYpw\"]},{\"@type\":\"Person\",\"@id\":\"https:\\\/\\\/www.organisator.ch\\\/#\\\/schema\\\/person\\\/6f650f90b2842cd4c0cc334b4e36f67e\",\"name\":\"thomas.berner\",\"image\":{\"@type\":\"ImageObject\",\"inLanguage\":\"it-IT\",\"@id\":\"https:\\\/\\\/secure.gravatar.com\\\/avatar\\\/ac5001d2a36cb6c6cd3e50789007ffca834b477b74a2144564522e944eabff61?s=96&d=mm&r=g\",\"url\":\"https:\\\/\\\/secure.gravatar.com\\\/avatar\\\/ac5001d2a36cb6c6cd3e50789007ffca834b477b74a2144564522e944eabff61?s=96&d=mm&r=g\",\"contentUrl\":\"https:\\\/\\\/secure.gravatar.com\\\/avatar\\\/ac5001d2a36cb6c6cd3e50789007ffca834b477b74a2144564522e944eabff61?s=96&d=mm&r=g\",\"caption\":\"thomas.berner\"},\"url\":\"https:\\\/\\\/www.organisator.ch\\\/it\\\/author\\\/thomas-berner\\\/\"}]}<\/script>\n<!-- \/ Yoast SEO plugin. -->","yoast_head_json":{"title":"FernUni Schweiz guarda indietro al successo dello sviluppo - Organizzatore","description":"L'assemblea dei membri fondatori di FernUni Svizzera si \u00e8 riunita nel campus di Briga il 30 aprile 2025.","robots":{"index":"index","follow":"follow","max-snippet":"max-snippet:-1","max-image-preview":"max-image-preview:large","max-video-preview":"max-video-preview:-1"},"canonical":"https:\/\/www.organisator.ch\/it\/formazione-continua\/2025-05-01\/fernuni-schweiz-blickt-auf-erfolgreiche-entwicklung-zurueck\/","og_locale":"it_IT","og_type":"article","og_title":"FernUni Schweiz blickt auf erfolgreiche Entwicklung zur\u00fcck","og_description":"Die Versammlung der Gr\u00fcndungsmitglieder der FernUni Schweiz hat sich am 30. April 2025 auf dem Campus in Brig versammelt.","og_url":"https:\/\/www.organisator.ch\/it\/formazione-continua\/2025-05-01\/fernuni-schweiz-blickt-auf-erfolgreiche-entwicklung-zurueck\/","og_site_name":"Organisator","article_publisher":"https:\/\/www.facebook.com\/OrganisatorFachmagazin","article_published_time":"2025-05-01T07:32:18+00:00","og_image":[{"width":680,"height":453,"url":"https:\/\/www.organisator.ch\/wp-content\/uploads\/2025\/05\/FernUni-Schweiz-blickt-auf-erfolgreiche-Entwicklung-zurueck_Organisator.jpg","type":"image\/jpeg"}],"author":"thomas.berner","twitter_card":"summary_large_image","twitter_title":"#FernUni Schweiz blickt auf erfolgreiche #Entwicklung zur\u00fcck","twitter_description":"Die Versammlung der Gr\u00fcndungsmitglieder der #FernUni Schweiz hat sich am 30. April 2025 auf dem #Campus in Brig versammelt.","twitter_image":"https:\/\/www.organisator.ch\/wp-content\/uploads\/2025\/05\/FernUni-Schweiz-blickt-auf-erfolgreiche-Entwicklung-zurueck_Organisator.jpg","schema":{"@context":"https:\/\/schema.org","@graph":[{"@type":"Article","@id":"https:\/\/www.organisator.ch\/weiterbildung\/2025-05-01\/fernuni-schweiz-blickt-auf-erfolgreiche-entwicklung-zurueck\/#article","isPartOf":{"@id":"https:\/\/www.organisator.ch\/weiterbildung\/2025-05-01\/fernuni-schweiz-blickt-auf-erfolgreiche-entwicklung-zurueck\/"},"author":{"name":"thomas.berner","@id":"https:\/\/www.organisator.ch\/#\/schema\/person\/6f650f90b2842cd4c0cc334b4e36f67e"},"headline":"FernUni Schweiz blickt auf erfolgreiche Entwicklung zur\u00fcck","datePublished":"2025-05-01T07:32:18+00:00","mainEntityOfPage":{"@id":"https:\/\/www.organisator.ch\/weiterbildung\/2025-05-01\/fernuni-schweiz-blickt-auf-erfolgreiche-entwicklung-zurueck\/"},"wordCount":515,"publisher":{"@id":"https:\/\/www.organisator.ch\/#organization"},"image":{"@id":"https:\/\/www.organisator.ch\/weiterbildung\/2025-05-01\/fernuni-schweiz-blickt-auf-erfolgreiche-entwicklung-zurueck\/#primaryimage"},"thumbnailUrl":"https:\/\/www.organisator.ch\/wp-content\/uploads\/2025\/05\/FernUni-Schweiz-blickt-auf-erfolgreiche-Entwicklung-zurueck_Organisator.jpg","keywords":["Aus-\/Weiterbildung","Fachhochschulen","Forschung","Universit\u00e4ten"],"articleSection":["WEITERBILDUNG"],"inLanguage":"it-IT"},{"@type":"WebPage","@id":"https:\/\/www.organisator.ch\/weiterbildung\/2025-05-01\/fernuni-schweiz-blickt-auf-erfolgreiche-entwicklung-zurueck\/","url":"https:\/\/www.organisator.ch\/weiterbildung\/2025-05-01\/fernuni-schweiz-blickt-auf-erfolgreiche-entwicklung-zurueck\/","name":"FernUni Schweiz guarda indietro al successo dello sviluppo - Organizzatore","isPartOf":{"@id":"https:\/\/www.organisator.ch\/#website"},"primaryImageOfPage":{"@id":"https:\/\/www.organisator.ch\/weiterbildung\/2025-05-01\/fernuni-schweiz-blickt-auf-erfolgreiche-entwicklung-zurueck\/#primaryimage"},"image":{"@id":"https:\/\/www.organisator.ch\/weiterbildung\/2025-05-01\/fernuni-schweiz-blickt-auf-erfolgreiche-entwicklung-zurueck\/#primaryimage"},"thumbnailUrl":"https:\/\/www.organisator.ch\/wp-content\/uploads\/2025\/05\/FernUni-Schweiz-blickt-auf-erfolgreiche-Entwicklung-zurueck_Organisator.jpg","datePublished":"2025-05-01T07:32:18+00:00","description":"L'assemblea dei membri fondatori di FernUni Svizzera si \u00e8 riunita nel campus di Briga il 30 aprile 2025.","breadcrumb":{"@id":"https:\/\/www.organisator.ch\/weiterbildung\/2025-05-01\/fernuni-schweiz-blickt-auf-erfolgreiche-entwicklung-zurueck\/#breadcrumb"},"inLanguage":"it-IT","potentialAction":[{"@type":"ReadAction","target":["https:\/\/www.organisator.ch\/weiterbildung\/2025-05-01\/fernuni-schweiz-blickt-auf-erfolgreiche-entwicklung-zurueck\/"]}]},{"@type":"ImageObject","inLanguage":"it-IT","@id":"https:\/\/www.organisator.ch\/weiterbildung\/2025-05-01\/fernuni-schweiz-blickt-auf-erfolgreiche-entwicklung-zurueck\/#primaryimage","url":"https:\/\/www.organisator.ch\/wp-content\/uploads\/2025\/05\/FernUni-Schweiz-blickt-auf-erfolgreiche-Entwicklung-zurueck_Organisator.jpg","contentUrl":"https:\/\/www.organisator.ch\/wp-content\/uploads\/2025\/05\/FernUni-Schweiz-blickt-auf-erfolgreiche-Entwicklung-zurueck_Organisator.jpg","width":680,"height":453,"caption":"Die Fernuni Schweiz hat wichtige Meilensteine erreicht, Stiftungsrat und Wissenschaftlicher Beirat gest\u00e4rkt: Die FernUni Schweiz ist stolz auf ihre Erfolge"},{"@type":"BreadcrumbList","@id":"https:\/\/www.organisator.ch\/weiterbildung\/2025-05-01\/fernuni-schweiz-blickt-auf-erfolgreiche-entwicklung-zurueck\/#breadcrumb","itemListElement":[{"@type":"ListItem","position":1,"name":"Home","item":"https:\/\/www.organisator.ch\/"},{"@type":"ListItem","position":2,"name":"FernUni Schweiz blickt auf erfolgreiche Entwicklung zur\u00fcck"}]},{"@type":"WebSite","@id":"https:\/\/www.organisator.ch\/#website","url":"https:\/\/www.organisator.ch\/","name":"Organizzatore","description":"Competente. Pratico. In 10 numeri all'anno, ORGANISATOR presenta i temi essenziali per i manager delle PMI.","publisher":{"@id":"https:\/\/www.organisator.ch\/#organization"},"potentialAction":[{"@type":"SearchAction","target":{"@type":"EntryPoint","urlTemplate":"https:\/\/www.organisator.ch\/?s={search_term_string}"},"query-input":{"@type":"PropertyValueSpecification","valueRequired":true,"valueName":"search_term_string"}}],"inLanguage":"it-IT"},{"@type":"Organization","@id":"https:\/\/www.organisator.ch\/#organization","name":"Organizzatore","url":"https:\/\/www.organisator.ch\/","logo":{"@type":"ImageObject","inLanguage":"it-IT","@id":"https:\/\/www.organisator.ch\/#\/schema\/logo\/image\/","url":"https:\/\/www.organisator.ch\/wp-content\/uploads\/2022\/01\/Logo_Organisator_Website.png","contentUrl":"https:\/\/www.organisator.ch\/wp-content\/uploads\/2022\/01\/Logo_Organisator_Website.png","width":800,"height":77,"caption":"Organisator"},"image":{"@id":"https:\/\/www.organisator.ch\/#\/schema\/logo\/image\/"},"sameAs":["https:\/\/www.facebook.com\/OrganisatorFachmagazin","https:\/\/www.linkedin.com\/showcase\/organisator-das-magazin-fr-kmu","https:\/\/www.xing.com\/news\/pages\/organisator-ch-695","https:\/\/www.youtube.com\/channel\/UCGP2Sq0iWaZwT3BdIAQFYpw"]},{"@type":"Person","@id":"https:\/\/www.organisator.ch\/#\/schema\/person\/6f650f90b2842cd4c0cc334b4e36f67e","name":"Tommaso.berner","image":{"@type":"ImageObject","inLanguage":"it-IT","@id":"https:\/\/secure.gravatar.com\/avatar\/ac5001d2a36cb6c6cd3e50789007ffca834b477b74a2144564522e944eabff61?s=96&d=mm&r=g","url":"https:\/\/secure.gravatar.com\/avatar\/ac5001d2a36cb6c6cd3e50789007ffca834b477b74a2144564522e944eabff61?s=96&d=mm&r=g","contentUrl":"https:\/\/secure.gravatar.com\/avatar\/ac5001d2a36cb6c6cd3e50789007ffca834b477b74a2144564522e944eabff61?s=96&d=mm&r=g","caption":"thomas.berner"},"url":"https:\/\/www.organisator.ch\/it\/author\/thomas-berner\/"}]}},"_links":{"self":[{"href":"https:\/\/www.organisator.ch\/it\/wp-json\/wp\/v2\/posts\/38111","targetHints":{"allow":["GET"]}}],"collection":[{"href":"https:\/\/www.organisator.ch\/it\/wp-json\/wp\/v2\/posts"}],"about":[{"href":"https:\/\/www.organisator.ch\/it\/wp-json\/wp\/v2\/types\/post"}],"author":[{"embeddable":true,"href":"https:\/\/www.organisator.ch\/it\/wp-json\/wp\/v2\/users\/4"}],"replies":[{"embeddable":true,"href":"https:\/\/www.organisator.ch\/it\/wp-json\/wp\/v2\/comments?post=38111"}],"version-history":[{"count":4,"href":"https:\/\/www.organisator.ch\/it\/wp-json\/wp\/v2\/posts\/38111\/revisions"}],"predecessor-version":[{"id":38172,"href":"https:\/\/www.organisator.ch\/it\/wp-json\/wp\/v2\/posts\/38111\/revisions\/38172"}],"wp:featuredmedia":[{"embeddable":true,"href":"https:\/\/www.organisator.ch\/it\/wp-json\/wp\/v2\/media\/38116"}],"wp:attachment":[{"href":"https:\/\/www.organisator.ch\/it\/wp-json\/wp\/v2\/media?parent=38111"}],"wp:term":[{"taxonomy":"category","embeddable":true,"href":"https:\/\/www.organisator.ch\/it\/wp-json\/wp\/v2\/categories?post=38111"},{"taxonomy":"post_tag","embeddable":true,"href":"https:\/\/www.organisator.ch\/it\/wp-json\/wp\/v2\/tags?post=38111"}],"curies":[{"name":"wp","href":"https:\/\/api.w.org\/{rel}","templated":true}]}}