{"id":3812,"date":"2018-06-18T07:46:30","date_gmt":"2018-06-18T05:46:30","guid":{"rendered":"https:\/\/www.organisator.ch\/?p=3812"},"modified":"2018-06-18T07:46:30","modified_gmt":"2018-06-18T05:46:30","slug":"umfrage-trends-in-der-absicherung-von-datenbanken-in-schweizer-kmu","status":"publish","type":"post","link":"https:\/\/www.organisator.ch\/it\/allgemein\/2018-06-18\/umfrage-trends-in-der-absicherung-von-datenbanken-in-schweizer-kmu\/","title":{"rendered":"Sondaggio: Tendenze nella sicurezza delle banche dati nelle PMI svizzere"},"content":{"rendered":"<figure id=\"attachment_3814\" aria-describedby=\"caption-attachment-3814\" style=\"width: 550px\" class=\"wp-caption alignnone\"><img loading=\"lazy\" decoding=\"async\" class=\"size-full wp-image-3814\" src=\"https:\/\/www.organisator.ch\/wp-content\/uploads\/2018\/06\/Umfrage-Trends-in-der-Absicherung-von-Datenbanken-in-Schweizer-KMU_Organisator.jpg\" alt=\"\" width=\"550\" height=\"480\" srcset=\"https:\/\/www.organisator.ch\/wp-content\/uploads\/2018\/06\/Umfrage-Trends-in-der-Absicherung-von-Datenbanken-in-Schweizer-KMU_Organisator.jpg 550w, https:\/\/www.organisator.ch\/wp-content\/uploads\/2018\/06\/Umfrage-Trends-in-der-Absicherung-von-Datenbanken-in-Schweizer-KMU_Organisator-14x12.jpg 14w, https:\/\/www.organisator.ch\/wp-content\/uploads\/2018\/06\/Umfrage-Trends-in-der-Absicherung-von-Datenbanken-in-Schweizer-KMU_Organisator-201x175.jpg 201w, https:\/\/www.organisator.ch\/wp-content\/uploads\/2018\/06\/Umfrage-Trends-in-der-Absicherung-von-Datenbanken-in-Schweizer-KMU_Organisator-401x350.jpg 401w, https:\/\/www.organisator.ch\/wp-content\/uploads\/2018\/06\/Umfrage-Trends-in-der-Absicherung-von-Datenbanken-in-Schweizer-KMU_Organisator-300x262.jpg 300w\" sizes=\"auto, (max-width: 550px) 100vw, 550px\" \/><figcaption id=\"caption-attachment-3814\" class=\"wp-caption-text\">Un sondaggio serve a raccogliere materiale statistico sul tema \"Tendenze nella messa in sicurezza delle banche dati\". (Immagine. Fotolia.com)<\/figcaption><\/figure>\n<p>L'avanzare della digitalizzazione porta con s\u00e9 non solo opportunit\u00e0 ma anche rischi e pone grandi sfide alle PMI svizzere. I dati, una risorsa importante per molte aziende, sono particolarmente colpiti. Questo \u00e8 evidenziato anche dagli incidenti di fughe di dati registrati negli ultimi mesi. Ma da dove dobbiamo cominciare per proteggere i dati? Nel quadro di una tesi di Master, stiamo studiando la misura in cui le PMI svizzere si occupano della protezione specifica delle banche dati. Di particolare interesse \u00e8 se le PMI svizzere sono consapevoli dei pericoli per le banche dati e se hanno le conoscenze necessarie per una protezione specifica.<\/p>\n<p>L'indagine si rivolge ai responsabili IT e delle banche dati nelle PMI svizzere e mira a identificare le tendenze nella sicurezza delle banche dati. Il sondaggio \u00e8 completamente anonimo e sar\u00e0 adattato al nuovo DSGVO. Inoltre, i risultati saranno resi disponibili come una sintesi su un sito web creato per questo scopo dopo la valutazione dell'indagine e il completamento della tesi del master.<\/p>\n<p><em>Quindi partecipate e sostenete la ricerca orientata alle applicazioni. Ecco il link al sondaggio: <a href=\"https:\/\/survey.infoscience.ch\/index.php?r=survey\/index&amp;sid=984664&amp;lang=de\">https:\/\/survey.infoscience.ch\/index.php?r=survey\/index&amp;sid=984664&amp;lang=de<\/a><\/em><\/p>","protected":false},"excerpt":{"rendered":"<p>Die fortschreitende Digitalisierung bringt neben Chancen auch Risiken mit sich und stellt Schweizer KMU vor grosse Herausforderungen. Daten, ein wichtiges Kapital vieler Unternehmen, sind besonders betroffen. Dies belegen auch die in den vergangenen Monaten verzeichneten Vorf\u00e4lle von Datenabfl\u00fcssen. Doch wo muss angesetzt werden, um Daten zu sch\u00fctzen? Im Rahmen einer Masterthesis wird untersucht, wie stark [&hellip;]<\/p>\n","protected":false},"author":4,"featured_media":3814,"comment_status":"open","ping_status":"open","sticky":false,"template":"","format":"standard","meta":{"_acf_changed":false,"_yoast_wpseo_focuskw":"Umfrage","_yoast_wpseo_metadesc":"Derzeit arbeitet Monika Stucki, Studierende an der HTW Chur, an ihrer Masterthesis zum Thema \"Trends in der Absicherung von Datenbanken in Schweizer KMU\". Grundlage dazu soll eine Befragung von Schweizer KMU bilden.","articlekey":"","footnotes":""},"categories":[1],"tags":[218,286,459,487],"class_list":["post-3812","post","type-post","status-publish","format-standard","has-post-thumbnail","hentry","category-allgemein","tag-forschung","tag-it","tag-studie","tag-umfrage"],"acf":[],"yoast_head":"<!-- This site is optimized with the Yoast SEO plugin v27.4 - https:\/\/yoast.com\/product\/yoast-seo-wordpress\/ -->\n<title>Umfrage: Trends in der Absicherung von Datenbanken in Schweizer KMU - Organisator<\/title>\n<meta name=\"description\" content=\"Derzeit arbeitet Monika Stucki, Studierende an der HTW Chur, an ihrer Masterthesis zum Thema &quot;Trends in der Absicherung von Datenbanken in Schweizer KMU&quot;. Grundlage dazu soll eine Befragung von Schweizer KMU bilden.\" \/>\n<meta name=\"robots\" content=\"index, follow, max-snippet:-1, max-image-preview:large, max-video-preview:-1\" \/>\n<link rel=\"canonical\" href=\"https:\/\/www.organisator.ch\/it\/generale\/2018-06-18\/umfrage-trends-in-der-absicherung-von-datenbanken-in-schweizer-kmu\/\" \/>\n<meta property=\"og:locale\" content=\"it_IT\" \/>\n<meta property=\"og:type\" content=\"article\" \/>\n<meta property=\"og:title\" content=\"Umfrage: Trends in der Absicherung von Datenbanken in Schweizer KMU\" \/>\n<meta property=\"og:description\" content=\"Derzeit arbeitet Monika Stucki, Studierende an der HTW Chur, an ihrer Masterthesis zum Thema &quot;Trends in der Absicherung von Datenbanken in Schweizer KMU&quot;. Grundlage dazu soll eine Befragung von Schweizer KMU bilden.\" \/>\n<meta property=\"og:url\" content=\"https:\/\/www.organisator.ch\/it\/generale\/2018-06-18\/umfrage-trends-in-der-absicherung-von-datenbanken-in-schweizer-kmu\/\" \/>\n<meta property=\"og:site_name\" content=\"Organisator\" \/>\n<meta property=\"article:publisher\" content=\"https:\/\/www.facebook.com\/OrganisatorFachmagazin\" \/>\n<meta property=\"article:published_time\" content=\"2018-06-18T05:46:30+00:00\" \/>\n<meta property=\"og:image\" content=\"https:\/\/www.organisator.ch\/wp-content\/uploads\/2018\/06\/Umfrage-Trends-in-der-Absicherung-von-Datenbanken-in-Schweizer-KMU_Organisator.jpg\" \/>\n\t<meta property=\"og:image:width\" content=\"550\" \/>\n\t<meta property=\"og:image:height\" content=\"480\" \/>\n\t<meta property=\"og:image:type\" content=\"image\/jpeg\" \/>\n<meta name=\"author\" content=\"thomas.berner\" \/>\n<meta name=\"twitter:card\" content=\"summary_large_image\" \/>\n<script type=\"application\/ld+json\" class=\"yoast-schema-graph\">{\"@context\":\"https:\\\/\\\/schema.org\",\"@graph\":[{\"@type\":\"Article\",\"@id\":\"https:\\\/\\\/www.organisator.ch\\\/en\\\/general\\\/2018-06-18\\\/umfrage-trends-in-der-absicherung-von-datenbanken-in-schweizer-kmu\\\/#article\",\"isPartOf\":{\"@id\":\"https:\\\/\\\/www.organisator.ch\\\/en\\\/general\\\/2018-06-18\\\/umfrage-trends-in-der-absicherung-von-datenbanken-in-schweizer-kmu\\\/\"},\"author\":{\"name\":\"thomas.berner\",\"@id\":\"https:\\\/\\\/www.organisator.ch\\\/#\\\/schema\\\/person\\\/6f650f90b2842cd4c0cc334b4e36f67e\"},\"headline\":\"Umfrage: Trends in der Absicherung von Datenbanken in Schweizer KMU\",\"datePublished\":\"2018-06-18T05:46:30+00:00\",\"mainEntityOfPage\":{\"@id\":\"https:\\\/\\\/www.organisator.ch\\\/en\\\/general\\\/2018-06-18\\\/umfrage-trends-in-der-absicherung-von-datenbanken-in-schweizer-kmu\\\/\"},\"wordCount\":222,\"commentCount\":0,\"publisher\":{\"@id\":\"https:\\\/\\\/www.organisator.ch\\\/#organization\"},\"image\":{\"@id\":\"https:\\\/\\\/www.organisator.ch\\\/en\\\/general\\\/2018-06-18\\\/umfrage-trends-in-der-absicherung-von-datenbanken-in-schweizer-kmu\\\/#primaryimage\"},\"thumbnailUrl\":\"https:\\\/\\\/www.organisator.ch\\\/wp-content\\\/uploads\\\/2018\\\/06\\\/Umfrage-Trends-in-der-Absicherung-von-Datenbanken-in-Schweizer-KMU_Organisator.jpg\",\"keywords\":[\"Forschung\",\"IT\",\"Studie\",\"Umfrage\"],\"articleSection\":[\"Allgemein\"],\"inLanguage\":\"it-IT\"},{\"@type\":\"WebPage\",\"@id\":\"https:\\\/\\\/www.organisator.ch\\\/en\\\/general\\\/2018-06-18\\\/umfrage-trends-in-der-absicherung-von-datenbanken-in-schweizer-kmu\\\/\",\"url\":\"https:\\\/\\\/www.organisator.ch\\\/en\\\/general\\\/2018-06-18\\\/umfrage-trends-in-der-absicherung-von-datenbanken-in-schweizer-kmu\\\/\",\"name\":\"Umfrage: Trends in der Absicherung von Datenbanken in Schweizer KMU - Organisator\",\"isPartOf\":{\"@id\":\"https:\\\/\\\/www.organisator.ch\\\/#website\"},\"primaryImageOfPage\":{\"@id\":\"https:\\\/\\\/www.organisator.ch\\\/en\\\/general\\\/2018-06-18\\\/umfrage-trends-in-der-absicherung-von-datenbanken-in-schweizer-kmu\\\/#primaryimage\"},\"image\":{\"@id\":\"https:\\\/\\\/www.organisator.ch\\\/en\\\/general\\\/2018-06-18\\\/umfrage-trends-in-der-absicherung-von-datenbanken-in-schweizer-kmu\\\/#primaryimage\"},\"thumbnailUrl\":\"https:\\\/\\\/www.organisator.ch\\\/wp-content\\\/uploads\\\/2018\\\/06\\\/Umfrage-Trends-in-der-Absicherung-von-Datenbanken-in-Schweizer-KMU_Organisator.jpg\",\"datePublished\":\"2018-06-18T05:46:30+00:00\",\"description\":\"Derzeit arbeitet Monika Stucki, Studierende an der HTW Chur, an ihrer Masterthesis zum Thema \\\"Trends in der Absicherung von Datenbanken in Schweizer KMU\\\". Grundlage dazu soll eine Befragung von Schweizer KMU bilden.\",\"breadcrumb\":{\"@id\":\"https:\\\/\\\/www.organisator.ch\\\/en\\\/general\\\/2018-06-18\\\/umfrage-trends-in-der-absicherung-von-datenbanken-in-schweizer-kmu\\\/#breadcrumb\"},\"inLanguage\":\"it-IT\",\"potentialAction\":[{\"@type\":\"ReadAction\",\"target\":[\"https:\\\/\\\/www.organisator.ch\\\/en\\\/general\\\/2018-06-18\\\/umfrage-trends-in-der-absicherung-von-datenbanken-in-schweizer-kmu\\\/\"]}]},{\"@type\":\"ImageObject\",\"inLanguage\":\"it-IT\",\"@id\":\"https:\\\/\\\/www.organisator.ch\\\/en\\\/general\\\/2018-06-18\\\/umfrage-trends-in-der-absicherung-von-datenbanken-in-schweizer-kmu\\\/#primaryimage\",\"url\":\"https:\\\/\\\/www.organisator.ch\\\/wp-content\\\/uploads\\\/2018\\\/06\\\/Umfrage-Trends-in-der-Absicherung-von-Datenbanken-in-Schweizer-KMU_Organisator.jpg\",\"contentUrl\":\"https:\\\/\\\/www.organisator.ch\\\/wp-content\\\/uploads\\\/2018\\\/06\\\/Umfrage-Trends-in-der-Absicherung-von-Datenbanken-in-Schweizer-KMU_Organisator.jpg\",\"width\":550,\"height\":480,\"caption\":\"Eine Umfrage soll statistisches Material zum Thema \\\"Trends in der Absicherung von Datenbanken\\\" zusammentragen. (Bild. Fotolia.com)\"},{\"@type\":\"BreadcrumbList\",\"@id\":\"https:\\\/\\\/www.organisator.ch\\\/en\\\/general\\\/2018-06-18\\\/umfrage-trends-in-der-absicherung-von-datenbanken-in-schweizer-kmu\\\/#breadcrumb\",\"itemListElement\":[{\"@type\":\"ListItem\",\"position\":1,\"name\":\"Home\",\"item\":\"https:\\\/\\\/www.organisator.ch\\\/\"},{\"@type\":\"ListItem\",\"position\":2,\"name\":\"Umfrage: Trends in der Absicherung von Datenbanken in Schweizer KMU\"}]},{\"@type\":\"WebSite\",\"@id\":\"https:\\\/\\\/www.organisator.ch\\\/#website\",\"url\":\"https:\\\/\\\/www.organisator.ch\\\/\",\"name\":\"Organisator\",\"description\":\"Kompetent. Praxisnah. Der ORGANISATOR bereitet in 10 Ausgaben pro Jahr die wesentlichen Themen f\u00fcr F\u00fchrungskr\u00e4fte von KMU auf.\",\"publisher\":{\"@id\":\"https:\\\/\\\/www.organisator.ch\\\/#organization\"},\"potentialAction\":[{\"@type\":\"SearchAction\",\"target\":{\"@type\":\"EntryPoint\",\"urlTemplate\":\"https:\\\/\\\/www.organisator.ch\\\/?s={search_term_string}\"},\"query-input\":{\"@type\":\"PropertyValueSpecification\",\"valueRequired\":true,\"valueName\":\"search_term_string\"}}],\"inLanguage\":\"it-IT\"},{\"@type\":\"Organization\",\"@id\":\"https:\\\/\\\/www.organisator.ch\\\/#organization\",\"name\":\"Organisator\",\"url\":\"https:\\\/\\\/www.organisator.ch\\\/\",\"logo\":{\"@type\":\"ImageObject\",\"inLanguage\":\"it-IT\",\"@id\":\"https:\\\/\\\/www.organisator.ch\\\/#\\\/schema\\\/logo\\\/image\\\/\",\"url\":\"https:\\\/\\\/www.organisator.ch\\\/wp-content\\\/uploads\\\/2022\\\/01\\\/Logo_Organisator_Website.png\",\"contentUrl\":\"https:\\\/\\\/www.organisator.ch\\\/wp-content\\\/uploads\\\/2022\\\/01\\\/Logo_Organisator_Website.png\",\"width\":800,\"height\":77,\"caption\":\"Organisator\"},\"image\":{\"@id\":\"https:\\\/\\\/www.organisator.ch\\\/#\\\/schema\\\/logo\\\/image\\\/\"},\"sameAs\":[\"https:\\\/\\\/www.facebook.com\\\/OrganisatorFachmagazin\",\"https:\\\/\\\/www.linkedin.com\\\/showcase\\\/organisator-das-magazin-fr-kmu\",\"https:\\\/\\\/www.xing.com\\\/news\\\/pages\\\/organisator-ch-695\",\"https:\\\/\\\/www.youtube.com\\\/channel\\\/UCGP2Sq0iWaZwT3BdIAQFYpw\"]},{\"@type\":\"Person\",\"@id\":\"https:\\\/\\\/www.organisator.ch\\\/#\\\/schema\\\/person\\\/6f650f90b2842cd4c0cc334b4e36f67e\",\"name\":\"thomas.berner\",\"image\":{\"@type\":\"ImageObject\",\"inLanguage\":\"it-IT\",\"@id\":\"https:\\\/\\\/secure.gravatar.com\\\/avatar\\\/ac5001d2a36cb6c6cd3e50789007ffca834b477b74a2144564522e944eabff61?s=96&d=mm&r=g\",\"url\":\"https:\\\/\\\/secure.gravatar.com\\\/avatar\\\/ac5001d2a36cb6c6cd3e50789007ffca834b477b74a2144564522e944eabff61?s=96&d=mm&r=g\",\"contentUrl\":\"https:\\\/\\\/secure.gravatar.com\\\/avatar\\\/ac5001d2a36cb6c6cd3e50789007ffca834b477b74a2144564522e944eabff61?s=96&d=mm&r=g\",\"caption\":\"thomas.berner\"},\"url\":\"https:\\\/\\\/www.organisator.ch\\\/it\\\/author\\\/thomas-berner\\\/\"}]}<\/script>\n<!-- \/ Yoast SEO plugin. -->","yoast_head_json":{"title":"Sondaggio: Tendenze nella sicurezza delle banche dati nelle PMI svizzere - Organizzatore","description":"Monika Stucki, studentessa presso l'HTW di Coira, sta attualmente lavorando alla sua tesi di Master su \"Trends in database security in Swiss SMEs\". La base di partenza sar\u00e0 un'indagine sulle PMI svizzere.","robots":{"index":"index","follow":"follow","max-snippet":"max-snippet:-1","max-image-preview":"max-image-preview:large","max-video-preview":"max-video-preview:-1"},"canonical":"https:\/\/www.organisator.ch\/it\/generale\/2018-06-18\/umfrage-trends-in-der-absicherung-von-datenbanken-in-schweizer-kmu\/","og_locale":"it_IT","og_type":"article","og_title":"Umfrage: Trends in der Absicherung von Datenbanken in Schweizer KMU","og_description":"Derzeit arbeitet Monika Stucki, Studierende an der HTW Chur, an ihrer Masterthesis zum Thema \"Trends in der Absicherung von Datenbanken in Schweizer KMU\". Grundlage dazu soll eine Befragung von Schweizer KMU bilden.","og_url":"https:\/\/www.organisator.ch\/it\/generale\/2018-06-18\/umfrage-trends-in-der-absicherung-von-datenbanken-in-schweizer-kmu\/","og_site_name":"Organisator","article_publisher":"https:\/\/www.facebook.com\/OrganisatorFachmagazin","article_published_time":"2018-06-18T05:46:30+00:00","og_image":[{"width":550,"height":480,"url":"https:\/\/www.organisator.ch\/wp-content\/uploads\/2018\/06\/Umfrage-Trends-in-der-Absicherung-von-Datenbanken-in-Schweizer-KMU_Organisator.jpg","type":"image\/jpeg"}],"author":"thomas.berner","twitter_card":"summary_large_image","schema":{"@context":"https:\/\/schema.org","@graph":[{"@type":"Article","@id":"https:\/\/www.organisator.ch\/en\/general\/2018-06-18\/umfrage-trends-in-der-absicherung-von-datenbanken-in-schweizer-kmu\/#article","isPartOf":{"@id":"https:\/\/www.organisator.ch\/en\/general\/2018-06-18\/umfrage-trends-in-der-absicherung-von-datenbanken-in-schweizer-kmu\/"},"author":{"name":"thomas.berner","@id":"https:\/\/www.organisator.ch\/#\/schema\/person\/6f650f90b2842cd4c0cc334b4e36f67e"},"headline":"Umfrage: Trends in der Absicherung von Datenbanken in Schweizer KMU","datePublished":"2018-06-18T05:46:30+00:00","mainEntityOfPage":{"@id":"https:\/\/www.organisator.ch\/en\/general\/2018-06-18\/umfrage-trends-in-der-absicherung-von-datenbanken-in-schweizer-kmu\/"},"wordCount":222,"commentCount":0,"publisher":{"@id":"https:\/\/www.organisator.ch\/#organization"},"image":{"@id":"https:\/\/www.organisator.ch\/en\/general\/2018-06-18\/umfrage-trends-in-der-absicherung-von-datenbanken-in-schweizer-kmu\/#primaryimage"},"thumbnailUrl":"https:\/\/www.organisator.ch\/wp-content\/uploads\/2018\/06\/Umfrage-Trends-in-der-Absicherung-von-Datenbanken-in-Schweizer-KMU_Organisator.jpg","keywords":["Forschung","IT","Studie","Umfrage"],"articleSection":["Allgemein"],"inLanguage":"it-IT"},{"@type":"WebPage","@id":"https:\/\/www.organisator.ch\/en\/general\/2018-06-18\/umfrage-trends-in-der-absicherung-von-datenbanken-in-schweizer-kmu\/","url":"https:\/\/www.organisator.ch\/en\/general\/2018-06-18\/umfrage-trends-in-der-absicherung-von-datenbanken-in-schweizer-kmu\/","name":"Sondaggio: Tendenze nella sicurezza delle banche dati nelle PMI svizzere - Organizzatore","isPartOf":{"@id":"https:\/\/www.organisator.ch\/#website"},"primaryImageOfPage":{"@id":"https:\/\/www.organisator.ch\/en\/general\/2018-06-18\/umfrage-trends-in-der-absicherung-von-datenbanken-in-schweizer-kmu\/#primaryimage"},"image":{"@id":"https:\/\/www.organisator.ch\/en\/general\/2018-06-18\/umfrage-trends-in-der-absicherung-von-datenbanken-in-schweizer-kmu\/#primaryimage"},"thumbnailUrl":"https:\/\/www.organisator.ch\/wp-content\/uploads\/2018\/06\/Umfrage-Trends-in-der-Absicherung-von-Datenbanken-in-Schweizer-KMU_Organisator.jpg","datePublished":"2018-06-18T05:46:30+00:00","description":"Monika Stucki, studentessa presso l'HTW di Coira, sta attualmente lavorando alla sua tesi di Master su \"Trends in database security in Swiss SMEs\". La base di partenza sar\u00e0 un'indagine sulle PMI svizzere.","breadcrumb":{"@id":"https:\/\/www.organisator.ch\/en\/general\/2018-06-18\/umfrage-trends-in-der-absicherung-von-datenbanken-in-schweizer-kmu\/#breadcrumb"},"inLanguage":"it-IT","potentialAction":[{"@type":"ReadAction","target":["https:\/\/www.organisator.ch\/en\/general\/2018-06-18\/umfrage-trends-in-der-absicherung-von-datenbanken-in-schweizer-kmu\/"]}]},{"@type":"ImageObject","inLanguage":"it-IT","@id":"https:\/\/www.organisator.ch\/en\/general\/2018-06-18\/umfrage-trends-in-der-absicherung-von-datenbanken-in-schweizer-kmu\/#primaryimage","url":"https:\/\/www.organisator.ch\/wp-content\/uploads\/2018\/06\/Umfrage-Trends-in-der-Absicherung-von-Datenbanken-in-Schweizer-KMU_Organisator.jpg","contentUrl":"https:\/\/www.organisator.ch\/wp-content\/uploads\/2018\/06\/Umfrage-Trends-in-der-Absicherung-von-Datenbanken-in-Schweizer-KMU_Organisator.jpg","width":550,"height":480,"caption":"Eine Umfrage soll statistisches Material zum Thema \"Trends in der Absicherung von Datenbanken\" zusammentragen. (Bild. Fotolia.com)"},{"@type":"BreadcrumbList","@id":"https:\/\/www.organisator.ch\/en\/general\/2018-06-18\/umfrage-trends-in-der-absicherung-von-datenbanken-in-schweizer-kmu\/#breadcrumb","itemListElement":[{"@type":"ListItem","position":1,"name":"Home","item":"https:\/\/www.organisator.ch\/"},{"@type":"ListItem","position":2,"name":"Umfrage: Trends in der Absicherung von Datenbanken in Schweizer KMU"}]},{"@type":"WebSite","@id":"https:\/\/www.organisator.ch\/#website","url":"https:\/\/www.organisator.ch\/","name":"Organizzatore","description":"Competente. Pratico. In 10 numeri all'anno, ORGANISATOR presenta i temi essenziali per i manager delle PMI.","publisher":{"@id":"https:\/\/www.organisator.ch\/#organization"},"potentialAction":[{"@type":"SearchAction","target":{"@type":"EntryPoint","urlTemplate":"https:\/\/www.organisator.ch\/?s={search_term_string}"},"query-input":{"@type":"PropertyValueSpecification","valueRequired":true,"valueName":"search_term_string"}}],"inLanguage":"it-IT"},{"@type":"Organization","@id":"https:\/\/www.organisator.ch\/#organization","name":"Organizzatore","url":"https:\/\/www.organisator.ch\/","logo":{"@type":"ImageObject","inLanguage":"it-IT","@id":"https:\/\/www.organisator.ch\/#\/schema\/logo\/image\/","url":"https:\/\/www.organisator.ch\/wp-content\/uploads\/2022\/01\/Logo_Organisator_Website.png","contentUrl":"https:\/\/www.organisator.ch\/wp-content\/uploads\/2022\/01\/Logo_Organisator_Website.png","width":800,"height":77,"caption":"Organisator"},"image":{"@id":"https:\/\/www.organisator.ch\/#\/schema\/logo\/image\/"},"sameAs":["https:\/\/www.facebook.com\/OrganisatorFachmagazin","https:\/\/www.linkedin.com\/showcase\/organisator-das-magazin-fr-kmu","https:\/\/www.xing.com\/news\/pages\/organisator-ch-695","https:\/\/www.youtube.com\/channel\/UCGP2Sq0iWaZwT3BdIAQFYpw"]},{"@type":"Person","@id":"https:\/\/www.organisator.ch\/#\/schema\/person\/6f650f90b2842cd4c0cc334b4e36f67e","name":"Tommaso.berner","image":{"@type":"ImageObject","inLanguage":"it-IT","@id":"https:\/\/secure.gravatar.com\/avatar\/ac5001d2a36cb6c6cd3e50789007ffca834b477b74a2144564522e944eabff61?s=96&d=mm&r=g","url":"https:\/\/secure.gravatar.com\/avatar\/ac5001d2a36cb6c6cd3e50789007ffca834b477b74a2144564522e944eabff61?s=96&d=mm&r=g","contentUrl":"https:\/\/secure.gravatar.com\/avatar\/ac5001d2a36cb6c6cd3e50789007ffca834b477b74a2144564522e944eabff61?s=96&d=mm&r=g","caption":"thomas.berner"},"url":"https:\/\/www.organisator.ch\/it\/author\/thomas-berner\/"}]}},"_links":{"self":[{"href":"https:\/\/www.organisator.ch\/it\/wp-json\/wp\/v2\/posts\/3812","targetHints":{"allow":["GET"]}}],"collection":[{"href":"https:\/\/www.organisator.ch\/it\/wp-json\/wp\/v2\/posts"}],"about":[{"href":"https:\/\/www.organisator.ch\/it\/wp-json\/wp\/v2\/types\/post"}],"author":[{"embeddable":true,"href":"https:\/\/www.organisator.ch\/it\/wp-json\/wp\/v2\/users\/4"}],"replies":[{"embeddable":true,"href":"https:\/\/www.organisator.ch\/it\/wp-json\/wp\/v2\/comments?post=3812"}],"version-history":[{"count":0,"href":"https:\/\/www.organisator.ch\/it\/wp-json\/wp\/v2\/posts\/3812\/revisions"}],"wp:featuredmedia":[{"embeddable":true,"href":"https:\/\/www.organisator.ch\/it\/wp-json\/wp\/v2\/media\/3814"}],"wp:attachment":[{"href":"https:\/\/www.organisator.ch\/it\/wp-json\/wp\/v2\/media?parent=3812"}],"wp:term":[{"taxonomy":"category","embeddable":true,"href":"https:\/\/www.organisator.ch\/it\/wp-json\/wp\/v2\/categories?post=3812"},{"taxonomy":"post_tag","embeddable":true,"href":"https:\/\/www.organisator.ch\/it\/wp-json\/wp\/v2\/tags?post=3812"}],"curies":[{"name":"wp","href":"https:\/\/api.w.org\/{rel}","templated":true}]}}